{"id":181450,"date":"2017-11-14T07:40:32","date_gmt":"2017-11-14T10:40:32","guid":{"rendered":"http:\/\/quersaberpolitica.com.br\/2016\/?p=181450"},"modified":"2017-11-13T21:34:46","modified_gmt":"2017-11-14T00:34:46","slug":"parque-fluvialjuazeiro-iniciada-a-reconstrucao-das-quadras-poliesportivas-da-orla-ii","status":"publish","type":"post","link":"https:\/\/blogdofarnesio.com.br\/?p=181450","title":{"rendered":"PARQUE FLUVIAL\/JUAZEIRO &#8211; INICIADA A RECONSTRU\u00c7\u00c3O DAS QUADRAS POLIESPORTIVAS DA ORLA II"},"content":{"rendered":"<p style=\"text-align: justify;\">H\u00e1 pouco mais de 10 dias foram iniciadas as obras do Parque Fluvial. E as quadras poliesportivas situadas na Orla 2 da cidade j\u00e1 passam pelo processo de reconstru\u00e7\u00e3o. A interven\u00e7\u00e3o ir\u00e1 promover a revitaliza\u00e7\u00e3o f\u00edsica e paisag\u00edstica de toda a \u00e1rea considerada como degradada da orla fluvial, no trecho entre o muro da Marinha e o Angari. A obra \u00e9 uma iniciativa da Prefeitura de Juazeiro, atrav\u00e9s da Secretaria de Obras e Desenvolvimento Urbano (SEDUR), fruto de uma parceria do Fundo Nacional de Meio Ambiente (FNMA) do Minist\u00e9rio do Meio Ambiente e do Fundo Socioambiental da Caixa Econ\u00f4mica Federal.<\/p>\n<figure id=\"attachment_177451\" aria-describedby=\"caption-attachment-177451\" style=\"width: 640px\" class=\"wp-caption aligncenter\"><a href=\"http:\/\/quersaberpolitica.com.br\/2016\/wp-content\/uploads\/2017\/09\/blogqsp-PBomfim-Orla-Pq-Fluvial-7.jpg\"><img loading=\"lazy\" decoding=\"async\" class=\"size-full wp-image-177451\" src=\"http:\/\/quersaberpolitica.com.br\/2016\/wp-content\/uploads\/2017\/09\/blogqsp-PBomfim-Orla-Pq-Fluvial-7.jpg\" alt=\"\" width=\"640\" height=\"426\" srcset=\"https:\/\/blogdofarnesio.com.br\/wp-content\/uploads\/2017\/09\/blogqsp-PBomfim-Orla-Pq-Fluvial-7.jpg 640w, https:\/\/blogdofarnesio.com.br\/wp-content\/uploads\/2017\/09\/blogqsp-PBomfim-Orla-Pq-Fluvial-7-300x200.jpg 300w, https:\/\/blogdofarnesio.com.br\/wp-content\/uploads\/2017\/09\/blogqsp-PBomfim-Orla-Pq-Fluvial-7-360x240.jpg 360w\" sizes=\"auto, (max-width: 640px) 100vw, 640px\" \/><\/a><figcaption id=\"caption-attachment-177451\" class=\"wp-caption-text\">Ilustra\u00e7\u00e3o<\/figcaption><\/figure>\n<p style=\"text-align: justify;\">O cronograma das obras foi distribu\u00eddo em tr\u00eas grandes blocos: Orla 2, Angari e Terminal Hidrovi\u00e1rio. \u201cIniciamos os trabalhos na \u00e1rea da Orla 2, com a execu\u00e7\u00e3o da limpeza da \u00e1rea, bem como a demoli\u00e7\u00e3o da estrutura da quadra que estava condenada, com a remo\u00e7\u00e3o dos alambrados e reparo do revestimento; \u00a0na quadra de areia j\u00e1 removemos o meio fio respons\u00e1vel pela delimita\u00e7\u00e3o da mesma e estamos executando um novo, para em seguida iniciarmos a regulariza\u00e7\u00e3o, compacta\u00e7\u00e3o e aterro com areia\u201d, explica o engenheiro da SEDUR, Lucas Souza.<\/p>\n<p style=\"text-align: justify;\">\u201cPasso aqui diariamente fazendo minha caminhada e j\u00e1 noto mudan\u00e7as, aos poucos as quadras est\u00e3o tomando forma, a obra est\u00e1 no in\u00edcio, mas j\u00e1 apresenta resultados. Com certeza ao final teremos um novo espa\u00e7o, uma orla fluvial mais bonita\u201d, declarou a trabalhadora aut\u00f4noma, Maria das Gra\u00e7as Lopes.<\/p>\n<figure id=\"attachment_173293\" aria-describedby=\"caption-attachment-173293\" style=\"width: 640px\" class=\"wp-caption aligncenter\"><a href=\"http:\/\/quersaberpolitica.com.br\/2016\/wp-content\/uploads\/2017\/08\/blogqsp-Proj-Pq-Fluvial-2.jpg\"><img loading=\"lazy\" decoding=\"async\" class=\"wp-image-173293 size-full\" src=\"http:\/\/quersaberpolitica.com.br\/2016\/wp-content\/uploads\/2017\/08\/blogqsp-Proj-Pq-Fluvial-2.jpg\" alt=\"\" width=\"640\" height=\"443\" srcset=\"https:\/\/blogdofarnesio.com.br\/wp-content\/uploads\/2017\/08\/blogqsp-Proj-Pq-Fluvial-2.jpg 640w, https:\/\/blogdofarnesio.com.br\/wp-content\/uploads\/2017\/08\/blogqsp-Proj-Pq-Fluvial-2-300x208.jpg 300w, https:\/\/blogdofarnesio.com.br\/wp-content\/uploads\/2017\/08\/blogqsp-Proj-Pq-Fluvial-2-360x249.jpg 360w\" sizes=\"auto, (max-width: 640px) 100vw, 640px\" \/><\/a><figcaption id=\"caption-attachment-173293\" class=\"wp-caption-text\">Maquete do acesso as barquinhas<\/figcaption><\/figure>\n<p style=\"text-align: justify;\">Or\u00e7ado em aproximadamente 3.500.000,000 (tr\u00eas milh\u00f5es e meio de reais) o Parque Fluvial \u00e9 composto por tr\u00eas metas: Educa\u00e7\u00e3o Ambiental, Elabora\u00e7\u00e3o do Projeto e Execu\u00e7\u00e3o da Obra. \u201cConclu\u00edmos o projeto, estamos executando a obra e aguardando a empresa vencedora da licita\u00e7\u00e3o da meta 1 nos apresentar uma proposta de trabalho para que possamos iniciar a parte de educa\u00e7\u00e3o ambiental, que traz uma s\u00e9rie de atividades envolvendo a popula\u00e7\u00e3o.<\/p>\n<p style=\"text-align: justify;\">Estamos trabalhando para honrar um compromisso do prefeito Paulo Bomfim, de iniciar e finalizar essa obra que vai transformar um dos mais belos cart\u00f5es postais de Juazeiro\u201d, observou o titular da SEDUR, Anderson Alves.<\/p>\n<figure id=\"attachment_155623\" aria-describedby=\"caption-attachment-155623\" style=\"width: 624px\" class=\"wp-caption aligncenter\"><a href=\"http:\/\/quersaberpolitica.com.br\/2016\/wp-content\/uploads\/2017\/02\/blogqspjuazeiroparquefluvial-imagem-skyscrapercity-e1486075797416.jpg\"><img loading=\"lazy\" decoding=\"async\" class=\"size-full wp-image-155623\" src=\"http:\/\/quersaberpolitica.com.br\/2016\/wp-content\/uploads\/2017\/02\/blogqspjuazeiroparquefluvial-imagem-skyscrapercity-e1486075797416.jpg\" alt=\"\" width=\"624\" height=\"302\" \/><\/a><figcaption id=\"caption-attachment-155623\" class=\"wp-caption-text\">Ilustra\u00e7\u00e3o<\/figcaption><\/figure>\n<p style=\"text-align: justify;\"><strong>Parque Fluvial<\/strong>\u00a0\u2013 Est\u00e3o previstas a implanta\u00e7\u00e3o de academias da sa\u00fade, parques infantis, pista de Cooper e ciclofaixas em toda a extens\u00e3o do parque, recupera\u00e7\u00e3o do campo de esportes, das quadras poliesportivas e de areia, estrutura\u00e7\u00e3o e ordenamento do mirante e cria\u00e7\u00e3o de uma pra\u00e7a e atracadouro n\u00e1utico para os caiaques, reaproveitamento da cobertura do espa\u00e7o onde est\u00e3o localizados os bares do M para a cria\u00e7\u00e3o de um terminal hidrovi\u00e1rio, as barracas que hoje ficam pr\u00f3ximo a Marinha, ser\u00e3o retiradas da margem do rio por quest\u00f5es ambientais e ordenadas e padronizadas na \u00e1rea da cal\u00e7ada, em resumo Juazeiro ter\u00e1 uma nova \u00e1rea de lazer, um novo cart\u00e3o postal para suas fam\u00edlias.<\/p>\n<p><em>Por Gardennia Garibalde\/SEDUR<\/em><\/p>\n","protected":false},"excerpt":{"rendered":"<p>H\u00e1 pouco mais de 10 dias foram iniciadas as obras do Parque Fluvial. E as quadras poliesportivas situadas na Orla 2 da cidade j\u00e1 passam pelo processo de reconstru\u00e7\u00e3o. A interven\u00e7\u00e3o ir\u00e1 promover a revitaliza\u00e7\u00e3o f\u00edsica e paisag\u00edstica de toda a \u00e1rea considerada como degradada da orla fluvial, no trecho entre o muro da Marinha e o Angari. A obra \u00e9 uma iniciativa da Prefeitura de Juazeiro, atrav\u00e9s da Secretaria de Obras e Desenvolvimento Urbano (SEDUR), fruto de uma parceria do Fundo Nacional de Meio Ambiente (FNMA) do Minist\u00e9rio do Meio Ambiente e do Fundo Socioambiental da Caixa Econ\u00f4mica Federal. O cronograma das obras foi distribu\u00eddo em tr\u00eas grandes blocos: Orla 2, Angari e Terminal Hidrovi\u00e1rio. \u201cIniciamos os trabalhos na&hellip; <\/p>\n","protected":false},"author":1,"featured_media":181451,"comment_status":"open","ping_status":"open","sticky":false,"template":"","format":"standard","meta":{"_acf_changed":false,"footnotes":""},"categories":[44,29],"tags":[],"class_list":["post-181450","post","type-post","status-publish","format-standard","has-post-thumbnail","hentry","category-administracao","category-meio-ambiente"],"acf":[],"yoast_head":"<!-- This site is optimized with the Yoast SEO plugin v27.4 - https:\/\/yoast.com\/product\/yoast-seo-wordpress\/ -->\n<title>PARQUE FLUVIAL\/JUAZEIRO - INICIADA A RECONSTRU\u00c7\u00c3O DAS QUADRAS POLIESPORTIVAS DA ORLA II - Blog do Farn\u00e9sio<\/title>\n<meta name=\"robots\" content=\"index, follow, max-snippet:-1, max-image-preview:large, max-video-preview:-1\" \/>\n<link rel=\"canonical\" href=\"https:\/\/blogdofarnesio.com.br\/?p=181450\" \/>\n<meta property=\"og:locale\" content=\"pt_BR\" \/>\n<meta property=\"og:type\" content=\"article\" \/>\n<meta property=\"og:title\" content=\"PARQUE FLUVIAL\/JUAZEIRO - INICIADA A RECONSTRU\u00c7\u00c3O DAS QUADRAS POLIESPORTIVAS DA ORLA II - Blog do Farn\u00e9sio\" \/>\n<meta property=\"og:description\" content=\"H\u00e1 pouco mais de 10 dias foram iniciadas as obras do Parque Fluvial. E as quadras poliesportivas situadas na Orla 2 da cidade j\u00e1 passam pelo processo de reconstru\u00e7\u00e3o. A interven\u00e7\u00e3o ir\u00e1 promover a revitaliza\u00e7\u00e3o f\u00edsica e paisag\u00edstica de toda a \u00e1rea considerada como degradada da orla fluvial, no trecho entre o muro da Marinha e o Angari. A obra \u00e9 uma iniciativa da Prefeitura de Juazeiro, atrav\u00e9s da Secretaria de Obras e Desenvolvimento Urbano (SEDUR), fruto de uma parceria do Fundo Nacional de Meio Ambiente (FNMA) do Minist\u00e9rio do Meio Ambiente e do Fundo Socioambiental da Caixa Econ\u00f4mica Federal. O cronograma das obras foi distribu\u00eddo em tr\u00eas grandes blocos: Orla 2, Angari e Terminal Hidrovi\u00e1rio. \u201cIniciamos os trabalhos na&hellip;\" \/>\n<meta property=\"og:url\" content=\"https:\/\/blogdofarnesio.com.br\/?p=181450\" \/>\n<meta property=\"og:site_name\" content=\"Blog do Farn\u00e9sio\" \/>\n<meta property=\"article:publisher\" content=\"https:\/\/www.facebook.com\/BlogQuerSaberPolitica\/\" \/>\n<meta property=\"article:published_time\" content=\"2017-11-14T10:40:32+00:00\" \/>\n<meta property=\"og:image\" content=\"https:\/\/blogdofarnesio.com.br\/wp-content\/uploads\/2017\/11\/blogqsp-quadra-orla.jpeg\" \/>\n\t<meta property=\"og:image:width\" content=\"640\" \/>\n\t<meta property=\"og:image:height\" content=\"480\" \/>\n\t<meta property=\"og:image:type\" content=\"image\/jpeg\" \/>\n<meta name=\"author\" content=\"Farn\u00e9sio\" \/>\n<meta name=\"twitter:card\" content=\"summary_large_image\" \/>\n<meta name=\"twitter:label1\" content=\"Escrito por\" \/>\n\t<meta name=\"twitter:data1\" content=\"Farn\u00e9sio\" \/>\n\t<meta name=\"twitter:label2\" content=\"Est. tempo de leitura\" \/>\n\t<meta name=\"twitter:data2\" content=\"3 minutos\" \/>\n<script type=\"application\/ld+json\" class=\"yoast-schema-graph\">{\"@context\":\"https:\\\/\\\/schema.org\",\"@graph\":[{\"@type\":\"Article\",\"@id\":\"https:\\\/\\\/blogdofarnesio.com.br\\\/?p=181450#article\",\"isPartOf\":{\"@id\":\"https:\\\/\\\/blogdofarnesio.com.br\\\/?p=181450\"},\"author\":{\"name\":\"Farn\u00e9sio\",\"@id\":\"https:\\\/\\\/blogdofarnesio.com.br\\\/#\\\/schema\\\/person\\\/301c4acf522bccbfdb45af95b5b906a1\"},\"headline\":\"PARQUE FLUVIAL\\\/JUAZEIRO &#8211; INICIADA A RECONSTRU\u00c7\u00c3O DAS QUADRAS POLIESPORTIVAS DA ORLA II\",\"datePublished\":\"2017-11-14T10:40:32+00:00\",\"mainEntityOfPage\":{\"@id\":\"https:\\\/\\\/blogdofarnesio.com.br\\\/?p=181450\"},\"wordCount\":543,\"commentCount\":0,\"publisher\":{\"@id\":\"https:\\\/\\\/blogdofarnesio.com.br\\\/#organization\"},\"image\":{\"@id\":\"https:\\\/\\\/blogdofarnesio.com.br\\\/?p=181450#primaryimage\"},\"thumbnailUrl\":\"https:\\\/\\\/blogdofarnesio.com.br\\\/wp-content\\\/uploads\\\/2017\\\/11\\\/blogqsp-quadra-orla.jpeg\",\"articleSection\":[\"Administra\u00e7\u00e3o\",\"Meio Ambiente\"],\"inLanguage\":\"pt-BR\",\"potentialAction\":[{\"@type\":\"CommentAction\",\"name\":\"Comment\",\"target\":[\"https:\\\/\\\/blogdofarnesio.com.br\\\/?p=181450#respond\"]}]},{\"@type\":\"WebPage\",\"@id\":\"https:\\\/\\\/blogdofarnesio.com.br\\\/?p=181450\",\"url\":\"https:\\\/\\\/blogdofarnesio.com.br\\\/?p=181450\",\"name\":\"PARQUE FLUVIAL\\\/JUAZEIRO - INICIADA A RECONSTRU\u00c7\u00c3O DAS QUADRAS POLIESPORTIVAS DA ORLA II - Blog do Farn\u00e9sio\",\"isPartOf\":{\"@id\":\"https:\\\/\\\/blogdofarnesio.com.br\\\/#website\"},\"primaryImageOfPage\":{\"@id\":\"https:\\\/\\\/blogdofarnesio.com.br\\\/?p=181450#primaryimage\"},\"image\":{\"@id\":\"https:\\\/\\\/blogdofarnesio.com.br\\\/?p=181450#primaryimage\"},\"thumbnailUrl\":\"https:\\\/\\\/blogdofarnesio.com.br\\\/wp-content\\\/uploads\\\/2017\\\/11\\\/blogqsp-quadra-orla.jpeg\",\"datePublished\":\"2017-11-14T10:40:32+00:00\",\"breadcrumb\":{\"@id\":\"https:\\\/\\\/blogdofarnesio.com.br\\\/?p=181450#breadcrumb\"},\"inLanguage\":\"pt-BR\",\"potentialAction\":[{\"@type\":\"ReadAction\",\"target\":[\"https:\\\/\\\/blogdofarnesio.com.br\\\/?p=181450\"]}]},{\"@type\":\"ImageObject\",\"inLanguage\":\"pt-BR\",\"@id\":\"https:\\\/\\\/blogdofarnesio.com.br\\\/?p=181450#primaryimage\",\"url\":\"https:\\\/\\\/blogdofarnesio.com.br\\\/wp-content\\\/uploads\\\/2017\\\/11\\\/blogqsp-quadra-orla.jpeg\",\"contentUrl\":\"https:\\\/\\\/blogdofarnesio.com.br\\\/wp-content\\\/uploads\\\/2017\\\/11\\\/blogqsp-quadra-orla.jpeg\",\"width\":640,\"height\":480},{\"@type\":\"BreadcrumbList\",\"@id\":\"https:\\\/\\\/blogdofarnesio.com.br\\\/?p=181450#breadcrumb\",\"itemListElement\":[{\"@type\":\"ListItem\",\"position\":1,\"name\":\"In\u00edcio\",\"item\":\"https:\\\/\\\/blogdofarnesio.com.br\\\/\"},{\"@type\":\"ListItem\",\"position\":2,\"name\":\"PARQUE FLUVIAL\\\/JUAZEIRO &#8211; INICIADA A RECONSTRU\u00c7\u00c3O DAS QUADRAS POLIESPORTIVAS DA ORLA II\"}]},{\"@type\":\"WebSite\",\"@id\":\"https:\\\/\\\/blogdofarnesio.com.br\\\/#website\",\"url\":\"https:\\\/\\\/blogdofarnesio.com.br\\\/\",\"name\":\"Blog do Farn\u00e9sio\",\"description\":\"Quer Saber Pol\u00edtica?\",\"publisher\":{\"@id\":\"https:\\\/\\\/blogdofarnesio.com.br\\\/#organization\"},\"potentialAction\":[{\"@type\":\"SearchAction\",\"target\":{\"@type\":\"EntryPoint\",\"urlTemplate\":\"https:\\\/\\\/blogdofarnesio.com.br\\\/?s={search_term_string}\"},\"query-input\":{\"@type\":\"PropertyValueSpecification\",\"valueRequired\":true,\"valueName\":\"search_term_string\"}}],\"inLanguage\":\"pt-BR\"},{\"@type\":\"Organization\",\"@id\":\"https:\\\/\\\/blogdofarnesio.com.br\\\/#organization\",\"name\":\"Blog do Farn\u00e9sio\",\"url\":\"https:\\\/\\\/blogdofarnesio.com.br\\\/\",\"logo\":{\"@type\":\"ImageObject\",\"inLanguage\":\"pt-BR\",\"@id\":\"https:\\\/\\\/blogdofarnesio.com.br\\\/#\\\/schema\\\/logo\\\/image\\\/\",\"url\":\"https:\\\/\\\/blogdofarnesio.com.br\\\/wp-content\\\/uploads\\\/2026\\\/03\\\/cropped-logo_new-1.png\",\"contentUrl\":\"https:\\\/\\\/blogdofarnesio.com.br\\\/wp-content\\\/uploads\\\/2026\\\/03\\\/cropped-logo_new-1.png\",\"width\":881,\"height\":685,\"caption\":\"Blog do Farn\u00e9sio\"},\"image\":{\"@id\":\"https:\\\/\\\/blogdofarnesio.com.br\\\/#\\\/schema\\\/logo\\\/image\\\/\"},\"sameAs\":[\"https:\\\/\\\/www.facebook.com\\\/BlogQuerSaberPolitica\\\/\"]},{\"@type\":\"Person\",\"@id\":\"https:\\\/\\\/blogdofarnesio.com.br\\\/#\\\/schema\\\/person\\\/301c4acf522bccbfdb45af95b5b906a1\",\"name\":\"Farn\u00e9sio\",\"image\":{\"@type\":\"ImageObject\",\"inLanguage\":\"pt-BR\",\"@id\":\"https:\\\/\\\/secure.gravatar.com\\\/avatar\\\/df0c9a14567c056f8ad6876ba5bbd1e3e2c48023eb6807342fc4663adf549f38?s=96&d=mm&r=g\",\"url\":\"https:\\\/\\\/secure.gravatar.com\\\/avatar\\\/df0c9a14567c056f8ad6876ba5bbd1e3e2c48023eb6807342fc4663adf549f38?s=96&d=mm&r=g\",\"contentUrl\":\"https:\\\/\\\/secure.gravatar.com\\\/avatar\\\/df0c9a14567c056f8ad6876ba5bbd1e3e2c48023eb6807342fc4663adf549f38?s=96&d=mm&r=g\",\"caption\":\"Farn\u00e9sio\"},\"sameAs\":[\"https:\\\/\\\/quersaberpolitica.com.br\"],\"url\":\"https:\\\/\\\/blogdofarnesio.com.br\\\/?author=1\"}]}<\/script>\n<!-- \/ Yoast SEO plugin. -->","yoast_head_json":{"title":"PARQUE FLUVIAL\/JUAZEIRO - INICIADA A RECONSTRU\u00c7\u00c3O DAS QUADRAS POLIESPORTIVAS DA ORLA II - Blog do Farn\u00e9sio","robots":{"index":"index","follow":"follow","max-snippet":"max-snippet:-1","max-image-preview":"max-image-preview:large","max-video-preview":"max-video-preview:-1"},"canonical":"https:\/\/blogdofarnesio.com.br\/?p=181450","og_locale":"pt_BR","og_type":"article","og_title":"PARQUE FLUVIAL\/JUAZEIRO - INICIADA A RECONSTRU\u00c7\u00c3O DAS QUADRAS POLIESPORTIVAS DA ORLA II - Blog do Farn\u00e9sio","og_description":"H\u00e1 pouco mais de 10 dias foram iniciadas as obras do Parque Fluvial. E as quadras poliesportivas situadas na Orla 2 da cidade j\u00e1 passam pelo processo de reconstru\u00e7\u00e3o. A interven\u00e7\u00e3o ir\u00e1 promover a revitaliza\u00e7\u00e3o f\u00edsica e paisag\u00edstica de toda a \u00e1rea considerada como degradada da orla fluvial, no trecho entre o muro da Marinha e o Angari. A obra \u00e9 uma iniciativa da Prefeitura de Juazeiro, atrav\u00e9s da Secretaria de Obras e Desenvolvimento Urbano (SEDUR), fruto de uma parceria do Fundo Nacional de Meio Ambiente (FNMA) do Minist\u00e9rio do Meio Ambiente e do Fundo Socioambiental da Caixa Econ\u00f4mica Federal. O cronograma das obras foi distribu\u00eddo em tr\u00eas grandes blocos: Orla 2, Angari e Terminal Hidrovi\u00e1rio. \u201cIniciamos os trabalhos na&hellip;","og_url":"https:\/\/blogdofarnesio.com.br\/?p=181450","og_site_name":"Blog do Farn\u00e9sio","article_publisher":"https:\/\/www.facebook.com\/BlogQuerSaberPolitica\/","article_published_time":"2017-11-14T10:40:32+00:00","og_image":[{"width":640,"height":480,"url":"https:\/\/blogdofarnesio.com.br\/wp-content\/uploads\/2017\/11\/blogqsp-quadra-orla.jpeg","type":"image\/jpeg"}],"author":"Farn\u00e9sio","twitter_card":"summary_large_image","twitter_misc":{"Escrito por":"Farn\u00e9sio","Est. tempo de leitura":"3 minutos"},"schema":{"@context":"https:\/\/schema.org","@graph":[{"@type":"Article","@id":"https:\/\/blogdofarnesio.com.br\/?p=181450#article","isPartOf":{"@id":"https:\/\/blogdofarnesio.com.br\/?p=181450"},"author":{"name":"Farn\u00e9sio","@id":"https:\/\/blogdofarnesio.com.br\/#\/schema\/person\/301c4acf522bccbfdb45af95b5b906a1"},"headline":"PARQUE FLUVIAL\/JUAZEIRO &#8211; INICIADA A RECONSTRU\u00c7\u00c3O DAS QUADRAS POLIESPORTIVAS DA ORLA II","datePublished":"2017-11-14T10:40:32+00:00","mainEntityOfPage":{"@id":"https:\/\/blogdofarnesio.com.br\/?p=181450"},"wordCount":543,"commentCount":0,"publisher":{"@id":"https:\/\/blogdofarnesio.com.br\/#organization"},"image":{"@id":"https:\/\/blogdofarnesio.com.br\/?p=181450#primaryimage"},"thumbnailUrl":"https:\/\/blogdofarnesio.com.br\/wp-content\/uploads\/2017\/11\/blogqsp-quadra-orla.jpeg","articleSection":["Administra\u00e7\u00e3o","Meio Ambiente"],"inLanguage":"pt-BR","potentialAction":[{"@type":"CommentAction","name":"Comment","target":["https:\/\/blogdofarnesio.com.br\/?p=181450#respond"]}]},{"@type":"WebPage","@id":"https:\/\/blogdofarnesio.com.br\/?p=181450","url":"https:\/\/blogdofarnesio.com.br\/?p=181450","name":"PARQUE FLUVIAL\/JUAZEIRO - INICIADA A RECONSTRU\u00c7\u00c3O DAS QUADRAS POLIESPORTIVAS DA ORLA II - Blog do Farn\u00e9sio","isPartOf":{"@id":"https:\/\/blogdofarnesio.com.br\/#website"},"primaryImageOfPage":{"@id":"https:\/\/blogdofarnesio.com.br\/?p=181450#primaryimage"},"image":{"@id":"https:\/\/blogdofarnesio.com.br\/?p=181450#primaryimage"},"thumbnailUrl":"https:\/\/blogdofarnesio.com.br\/wp-content\/uploads\/2017\/11\/blogqsp-quadra-orla.jpeg","datePublished":"2017-11-14T10:40:32+00:00","breadcrumb":{"@id":"https:\/\/blogdofarnesio.com.br\/?p=181450#breadcrumb"},"inLanguage":"pt-BR","potentialAction":[{"@type":"ReadAction","target":["https:\/\/blogdofarnesio.com.br\/?p=181450"]}]},{"@type":"ImageObject","inLanguage":"pt-BR","@id":"https:\/\/blogdofarnesio.com.br\/?p=181450#primaryimage","url":"https:\/\/blogdofarnesio.com.br\/wp-content\/uploads\/2017\/11\/blogqsp-quadra-orla.jpeg","contentUrl":"https:\/\/blogdofarnesio.com.br\/wp-content\/uploads\/2017\/11\/blogqsp-quadra-orla.jpeg","width":640,"height":480},{"@type":"BreadcrumbList","@id":"https:\/\/blogdofarnesio.com.br\/?p=181450#breadcrumb","itemListElement":[{"@type":"ListItem","position":1,"name":"In\u00edcio","item":"https:\/\/blogdofarnesio.com.br\/"},{"@type":"ListItem","position":2,"name":"PARQUE FLUVIAL\/JUAZEIRO &#8211; INICIADA A RECONSTRU\u00c7\u00c3O DAS QUADRAS POLIESPORTIVAS DA ORLA II"}]},{"@type":"WebSite","@id":"https:\/\/blogdofarnesio.com.br\/#website","url":"https:\/\/blogdofarnesio.com.br\/","name":"Blog do Farn\u00e9sio","description":"Quer Saber Pol\u00edtica?","publisher":{"@id":"https:\/\/blogdofarnesio.com.br\/#organization"},"potentialAction":[{"@type":"SearchAction","target":{"@type":"EntryPoint","urlTemplate":"https:\/\/blogdofarnesio.com.br\/?s={search_term_string}"},"query-input":{"@type":"PropertyValueSpecification","valueRequired":true,"valueName":"search_term_string"}}],"inLanguage":"pt-BR"},{"@type":"Organization","@id":"https:\/\/blogdofarnesio.com.br\/#organization","name":"Blog do Farn\u00e9sio","url":"https:\/\/blogdofarnesio.com.br\/","logo":{"@type":"ImageObject","inLanguage":"pt-BR","@id":"https:\/\/blogdofarnesio.com.br\/#\/schema\/logo\/image\/","url":"https:\/\/blogdofarnesio.com.br\/wp-content\/uploads\/2026\/03\/cropped-logo_new-1.png","contentUrl":"https:\/\/blogdofarnesio.com.br\/wp-content\/uploads\/2026\/03\/cropped-logo_new-1.png","width":881,"height":685,"caption":"Blog do Farn\u00e9sio"},"image":{"@id":"https:\/\/blogdofarnesio.com.br\/#\/schema\/logo\/image\/"},"sameAs":["https:\/\/www.facebook.com\/BlogQuerSaberPolitica\/"]},{"@type":"Person","@id":"https:\/\/blogdofarnesio.com.br\/#\/schema\/person\/301c4acf522bccbfdb45af95b5b906a1","name":"Farn\u00e9sio","image":{"@type":"ImageObject","inLanguage":"pt-BR","@id":"https:\/\/secure.gravatar.com\/avatar\/df0c9a14567c056f8ad6876ba5bbd1e3e2c48023eb6807342fc4663adf549f38?s=96&d=mm&r=g","url":"https:\/\/secure.gravatar.com\/avatar\/df0c9a14567c056f8ad6876ba5bbd1e3e2c48023eb6807342fc4663adf549f38?s=96&d=mm&r=g","contentUrl":"https:\/\/secure.gravatar.com\/avatar\/df0c9a14567c056f8ad6876ba5bbd1e3e2c48023eb6807342fc4663adf549f38?s=96&d=mm&r=g","caption":"Farn\u00e9sio"},"sameAs":["https:\/\/quersaberpolitica.com.br"],"url":"https:\/\/blogdofarnesio.com.br\/?author=1"}]}},"_links":{"self":[{"href":"https:\/\/blogdofarnesio.com.br\/index.php?rest_route=\/wp\/v2\/posts\/181450","targetHints":{"allow":["GET"]}}],"collection":[{"href":"https:\/\/blogdofarnesio.com.br\/index.php?rest_route=\/wp\/v2\/posts"}],"about":[{"href":"https:\/\/blogdofarnesio.com.br\/index.php?rest_route=\/wp\/v2\/types\/post"}],"author":[{"embeddable":true,"href":"https:\/\/blogdofarnesio.com.br\/index.php?rest_route=\/wp\/v2\/users\/1"}],"replies":[{"embeddable":true,"href":"https:\/\/blogdofarnesio.com.br\/index.php?rest_route=%2Fwp%2Fv2%2Fcomments&post=181450"}],"version-history":[{"count":0,"href":"https:\/\/blogdofarnesio.com.br\/index.php?rest_route=\/wp\/v2\/posts\/181450\/revisions"}],"wp:featuredmedia":[{"embeddable":true,"href":"https:\/\/blogdofarnesio.com.br\/index.php?rest_route=\/wp\/v2\/media\/181451"}],"wp:attachment":[{"href":"https:\/\/blogdofarnesio.com.br\/index.php?rest_route=%2Fwp%2Fv2%2Fmedia&parent=181450"}],"wp:term":[{"taxonomy":"category","embeddable":true,"href":"https:\/\/blogdofarnesio.com.br\/index.php?rest_route=%2Fwp%2Fv2%2Fcategories&post=181450"},{"taxonomy":"post_tag","embeddable":true,"href":"https:\/\/blogdofarnesio.com.br\/index.php?rest_route=%2Fwp%2Fv2%2Ftags&post=181450"}],"curies":[{"name":"wp","href":"https:\/\/api.w.org\/{rel}","templated":true}]}}