{"id":181435,"date":"2017-11-13T19:00:05","date_gmt":"2017-11-13T22:00:05","guid":{"rendered":"http:\/\/quersaberpolitica.com.br\/2016\/?p=181435"},"modified":"2017-11-13T16:21:57","modified_gmt":"2017-11-13T19:21:57","slug":"prefeito-paulo-bomfim-recebe-atletas-que-irao-representar-o-municipio-nos-jogos-escolares-da-juventude-em-brasilia","status":"publish","type":"post","link":"https:\/\/blogdofarnesio.com.br\/?p=181435","title":{"rendered":"PREFEITO PAULO BOMFIM RECEBE ATLETAS QUE IR\u00c3O REPRESENTAR O MUNIC\u00cdPIO NOS JOGOS ESCOLARES DA JUVENTUDE EM BRAS\u00cdLIA"},"content":{"rendered":"<p style=\"text-align: justify;\">\n<p style=\"text-align: justify;\">Iniciando a semana, o prefeito Paulo Bomfim recebeu nesta segunda-feira, 13, em seu gabinete, no Pa\u00e7o Municipal, a delega\u00e7\u00e3o dos atletas juazeirenses que ir\u00e3o participar esta semana dos Jogos Escolares da Juventude em Bras\u00edlia.<\/p>\n<p style=\"text-align: justify;\">A delega\u00e7\u00e3o \u00e9 formada por 12 alunos com idades entre 15 e 17 anos, das escolas estaduais \u2013 Rui Barbosa, Codefas e Modelo e do Col\u00e9gio Municipal Paulo VI, que disputar\u00e3o em cinco modalidades \u2013 jud\u00f4, v\u00f4lei de dupla, ciclismo, velocista e atletismo (arremesso de peso, corrida de 100m, salto em dist\u00e2ncia e lan\u00e7amento de dardo). \u201cFico profundamente feliz em poder ver esses jovens otimistas e dedicados ao esporte. Esse apoio que estamos dando a voc\u00eas \u00e9 nosso dever. A\u00e7\u00e3o maior \u00e9 a de voc\u00eas que se dedicam a enfrentam todos os dias cada desafio. Enquanto poder p\u00fablico vamos continuar estimulando e apoiando todos voc\u00eas\u201d, externou Paulo Bomfim.<\/p>\n<p style=\"text-align: justify;\">Os alunos estavam acompanhados da equipe da Secretaria de Esporte do munic\u00edpio e dos professores e t\u00e9cnicos. \u201cParab\u00e9ns aos atletas que est\u00e3o prestes a viver essa experi\u00eancia. Agradecemos mais uma vez ao prefeito por atender a nossa solicita\u00e7\u00e3o e ao deputado Roberto Carlos que tamb\u00e9m nos ap\u00f3ia\u201d, disse o secret\u00e1rio de esporte S\u00e9rgio Fernandes.<\/p>\n<p style=\"text-align: justify;\">A delega\u00e7\u00e3o baiana ser\u00e1 representada por 63 alunos, sendo 12 de Juazeiro. Os atletas j\u00e1 iniciam a disputa na sexta-feira (17) e v\u00e3o at\u00e9 domingo (19). \u201cMesmo com todas as dificuldades, temos tr\u00eas atletas individuais como o Danilo no ciclismo, que j\u00e1 vem disputando; Elisabete que est\u00e1 no terceiro brasileiro vai pesado nos 800 metros para tentar uma medalha e Nat\u00e1lia tamb\u00e9m est\u00e1 treinando muito forte. Ent\u00e3o nossa expectativa \u00e9 boa, quem sabe retornando com medalha. Agradecemos ao governo municipal pelo apoio, nos ajudando tamb\u00e9m no deslocamento at\u00e9 Salvador e dizer que o munic\u00edpio tem crescido bastante nos \u00faltimos anos gra\u00e7as a esse apoio e suporte que nossos atletas passaram a ter\u201d, destacou a professora e t\u00e9cnica da sele\u00e7\u00e3o feminina de Atletismo da Bahia, convidada pela Sudesb, Carla Luz.<\/p>\n<p style=\"text-align: justify;\">Apoiado pelo Bolsa Atleta, programa do governo municipal, Danilo Durvale Souza de 16 anos leva na bagagem otimismo e for\u00e7a. Ele vai competir pelo ciclismo. \u201cDesde o ano passado venho me preparando, espero fazer uma boa competi\u00e7\u00e3o, representando minha cidade e vou em busca de uma medalha\u201d, garantiu o jovem atleta.<\/p>\n<p style=\"text-align: justify;\">Participaram da reuni\u00e3o o secret\u00e1rio de Governo, Cl\u00e9riston Andrade, o superintendente de Esporte, Gilberto Pacheco, o gerente de esporte da Seduc, Joacir Oliveira e as professoras Gra\u00e7a Alencar do Col\u00e9gio Codefas e C\u00e9lia Menezes do Rui Barbosa.<\/p>\n<p style=\"text-align: justify;\">Os Jogos Escolares da Juventude acontecem de 16 a 25 de novembro, levando esporte e cidadania para quase quatro mil estudantes de 1357 escolas p\u00fablicas e particulares de todos os estados do pa\u00eds.\u00a0O principal objetivo dos Jogos \u00e9 a inser\u00e7\u00e3o social dos jovens atrav\u00e9s do esporte, se consolidando como o mais importante evento de detec\u00e7\u00e3o de talentos para o esporte nacional.<\/p>\n<p>\u00a0Ascom\/PMJ<\/p>\n","protected":false},"excerpt":{"rendered":"<p>Iniciando a semana, o prefeito Paulo Bomfim recebeu nesta segunda-feira, 13, em seu gabinete, no Pa\u00e7o Municipal, a delega\u00e7\u00e3o dos atletas juazeirenses que ir\u00e3o participar esta semana dos Jogos Escolares da Juventude em Bras\u00edlia. A delega\u00e7\u00e3o \u00e9 formada por 12 alunos com idades entre 15 e 17 anos, das escolas estaduais \u2013 Rui Barbosa, Codefas e Modelo e do Col\u00e9gio Municipal Paulo VI, que disputar\u00e3o em cinco modalidades \u2013 jud\u00f4, v\u00f4lei de dupla, ciclismo, velocista e atletismo (arremesso de peso, corrida de 100m, salto em dist\u00e2ncia e lan\u00e7amento de dardo). \u201cFico profundamente feliz em poder ver esses jovens otimistas e dedicados ao esporte. Esse apoio que estamos dando a voc\u00eas \u00e9 nosso dever. A\u00e7\u00e3o maior \u00e9 a de voc\u00eas que&hellip; <\/p>\n","protected":false},"author":1,"featured_media":181436,"comment_status":"open","ping_status":"open","sticky":false,"template":"","format":"standard","meta":{"_acf_changed":false,"footnotes":""},"categories":[44],"tags":[],"class_list":["post-181435","post","type-post","status-publish","format-standard","has-post-thumbnail","hentry","category-administracao"],"acf":[],"yoast_head":"<!-- This site is optimized with the Yoast SEO plugin v27.4 - https:\/\/yoast.com\/product\/yoast-seo-wordpress\/ -->\n<title>PREFEITO PAULO BOMFIM RECEBE ATLETAS QUE IR\u00c3O REPRESENTAR O MUNIC\u00cdPIO NOS JOGOS ESCOLARES DA JUVENTUDE EM BRAS\u00cdLIA - Blog do Farn\u00e9sio<\/title>\n<meta name=\"robots\" content=\"index, follow, max-snippet:-1, max-image-preview:large, max-video-preview:-1\" \/>\n<link rel=\"canonical\" href=\"https:\/\/blogdofarnesio.com.br\/?p=181435\" \/>\n<meta property=\"og:locale\" content=\"pt_BR\" \/>\n<meta property=\"og:type\" content=\"article\" \/>\n<meta property=\"og:title\" content=\"PREFEITO PAULO BOMFIM RECEBE ATLETAS QUE IR\u00c3O REPRESENTAR O MUNIC\u00cdPIO NOS JOGOS ESCOLARES DA JUVENTUDE EM BRAS\u00cdLIA - Blog do Farn\u00e9sio\" \/>\n<meta property=\"og:description\" content=\"Iniciando a semana, o prefeito Paulo Bomfim recebeu nesta segunda-feira, 13, em seu gabinete, no Pa\u00e7o Municipal, a delega\u00e7\u00e3o dos atletas juazeirenses que ir\u00e3o participar esta semana dos Jogos Escolares da Juventude em Bras\u00edlia. A delega\u00e7\u00e3o \u00e9 formada por 12 alunos com idades entre 15 e 17 anos, das escolas estaduais \u2013 Rui Barbosa, Codefas e Modelo e do Col\u00e9gio Municipal Paulo VI, que disputar\u00e3o em cinco modalidades \u2013 jud\u00f4, v\u00f4lei de dupla, ciclismo, velocista e atletismo (arremesso de peso, corrida de 100m, salto em dist\u00e2ncia e lan\u00e7amento de dardo). \u201cFico profundamente feliz em poder ver esses jovens otimistas e dedicados ao esporte. Esse apoio que estamos dando a voc\u00eas \u00e9 nosso dever. A\u00e7\u00e3o maior \u00e9 a de voc\u00eas que&hellip;\" \/>\n<meta property=\"og:url\" content=\"https:\/\/blogdofarnesio.com.br\/?p=181435\" \/>\n<meta property=\"og:site_name\" content=\"Blog do Farn\u00e9sio\" \/>\n<meta property=\"article:publisher\" content=\"https:\/\/www.facebook.com\/BlogQuerSaberPolitica\/\" \/>\n<meta property=\"article:published_time\" content=\"2017-11-13T22:00:05+00:00\" \/>\n<meta property=\"og:image\" content=\"https:\/\/blogdofarnesio.com.br\/wp-content\/uploads\/2017\/11\/blogqsp-PBomfim-delega\u00e7ao-estudantes-9.jpg\" \/>\n\t<meta property=\"og:image:width\" content=\"640\" \/>\n\t<meta property=\"og:image:height\" content=\"426\" \/>\n\t<meta property=\"og:image:type\" content=\"image\/jpeg\" \/>\n<meta name=\"author\" content=\"Farn\u00e9sio\" \/>\n<meta name=\"twitter:card\" content=\"summary_large_image\" \/>\n<meta name=\"twitter:label1\" content=\"Escrito por\" \/>\n\t<meta name=\"twitter:data1\" content=\"Farn\u00e9sio\" \/>\n\t<meta name=\"twitter:label2\" content=\"Est. tempo de leitura\" \/>\n\t<meta name=\"twitter:data2\" content=\"3 minutos\" \/>\n<script type=\"application\/ld+json\" class=\"yoast-schema-graph\">{\"@context\":\"https:\\\/\\\/schema.org\",\"@graph\":[{\"@type\":\"Article\",\"@id\":\"https:\\\/\\\/blogdofarnesio.com.br\\\/?p=181435#article\",\"isPartOf\":{\"@id\":\"https:\\\/\\\/blogdofarnesio.com.br\\\/?p=181435\"},\"author\":{\"name\":\"Farn\u00e9sio\",\"@id\":\"https:\\\/\\\/blogdofarnesio.com.br\\\/#\\\/schema\\\/person\\\/301c4acf522bccbfdb45af95b5b906a1\"},\"headline\":\"PREFEITO PAULO BOMFIM RECEBE ATLETAS QUE IR\u00c3O REPRESENTAR O MUNIC\u00cdPIO NOS JOGOS ESCOLARES DA JUVENTUDE EM BRAS\u00cdLIA\",\"datePublished\":\"2017-11-13T22:00:05+00:00\",\"mainEntityOfPage\":{\"@id\":\"https:\\\/\\\/blogdofarnesio.com.br\\\/?p=181435\"},\"wordCount\":526,\"commentCount\":0,\"publisher\":{\"@id\":\"https:\\\/\\\/blogdofarnesio.com.br\\\/#organization\"},\"image\":{\"@id\":\"https:\\\/\\\/blogdofarnesio.com.br\\\/?p=181435#primaryimage\"},\"thumbnailUrl\":\"https:\\\/\\\/blogdofarnesio.com.br\\\/wp-content\\\/uploads\\\/2017\\\/11\\\/blogqsp-PBomfim-delega\u00e7ao-estudantes-9.jpg\",\"articleSection\":[\"Administra\u00e7\u00e3o\"],\"inLanguage\":\"pt-BR\",\"potentialAction\":[{\"@type\":\"CommentAction\",\"name\":\"Comment\",\"target\":[\"https:\\\/\\\/blogdofarnesio.com.br\\\/?p=181435#respond\"]}]},{\"@type\":\"WebPage\",\"@id\":\"https:\\\/\\\/blogdofarnesio.com.br\\\/?p=181435\",\"url\":\"https:\\\/\\\/blogdofarnesio.com.br\\\/?p=181435\",\"name\":\"PREFEITO PAULO BOMFIM RECEBE ATLETAS QUE IR\u00c3O REPRESENTAR O MUNIC\u00cdPIO NOS JOGOS ESCOLARES DA JUVENTUDE EM BRAS\u00cdLIA - Blog do Farn\u00e9sio\",\"isPartOf\":{\"@id\":\"https:\\\/\\\/blogdofarnesio.com.br\\\/#website\"},\"primaryImageOfPage\":{\"@id\":\"https:\\\/\\\/blogdofarnesio.com.br\\\/?p=181435#primaryimage\"},\"image\":{\"@id\":\"https:\\\/\\\/blogdofarnesio.com.br\\\/?p=181435#primaryimage\"},\"thumbnailUrl\":\"https:\\\/\\\/blogdofarnesio.com.br\\\/wp-content\\\/uploads\\\/2017\\\/11\\\/blogqsp-PBomfim-delega\u00e7ao-estudantes-9.jpg\",\"datePublished\":\"2017-11-13T22:00:05+00:00\",\"breadcrumb\":{\"@id\":\"https:\\\/\\\/blogdofarnesio.com.br\\\/?p=181435#breadcrumb\"},\"inLanguage\":\"pt-BR\",\"potentialAction\":[{\"@type\":\"ReadAction\",\"target\":[\"https:\\\/\\\/blogdofarnesio.com.br\\\/?p=181435\"]}]},{\"@type\":\"ImageObject\",\"inLanguage\":\"pt-BR\",\"@id\":\"https:\\\/\\\/blogdofarnesio.com.br\\\/?p=181435#primaryimage\",\"url\":\"https:\\\/\\\/blogdofarnesio.com.br\\\/wp-content\\\/uploads\\\/2017\\\/11\\\/blogqsp-PBomfim-delega\u00e7ao-estudantes-9.jpg\",\"contentUrl\":\"https:\\\/\\\/blogdofarnesio.com.br\\\/wp-content\\\/uploads\\\/2017\\\/11\\\/blogqsp-PBomfim-delega\u00e7ao-estudantes-9.jpg\",\"width\":640,\"height\":426},{\"@type\":\"BreadcrumbList\",\"@id\":\"https:\\\/\\\/blogdofarnesio.com.br\\\/?p=181435#breadcrumb\",\"itemListElement\":[{\"@type\":\"ListItem\",\"position\":1,\"name\":\"In\u00edcio\",\"item\":\"https:\\\/\\\/blogdofarnesio.com.br\\\/\"},{\"@type\":\"ListItem\",\"position\":2,\"name\":\"PREFEITO PAULO BOMFIM RECEBE ATLETAS QUE IR\u00c3O REPRESENTAR O MUNIC\u00cdPIO NOS JOGOS ESCOLARES DA JUVENTUDE EM BRAS\u00cdLIA\"}]},{\"@type\":\"WebSite\",\"@id\":\"https:\\\/\\\/blogdofarnesio.com.br\\\/#website\",\"url\":\"https:\\\/\\\/blogdofarnesio.com.br\\\/\",\"name\":\"Blog do Farn\u00e9sio\",\"description\":\"Quer Saber Pol\u00edtica?\",\"publisher\":{\"@id\":\"https:\\\/\\\/blogdofarnesio.com.br\\\/#organization\"},\"potentialAction\":[{\"@type\":\"SearchAction\",\"target\":{\"@type\":\"EntryPoint\",\"urlTemplate\":\"https:\\\/\\\/blogdofarnesio.com.br\\\/?s={search_term_string}\"},\"query-input\":{\"@type\":\"PropertyValueSpecification\",\"valueRequired\":true,\"valueName\":\"search_term_string\"}}],\"inLanguage\":\"pt-BR\"},{\"@type\":\"Organization\",\"@id\":\"https:\\\/\\\/blogdofarnesio.com.br\\\/#organization\",\"name\":\"Blog do Farn\u00e9sio\",\"url\":\"https:\\\/\\\/blogdofarnesio.com.br\\\/\",\"logo\":{\"@type\":\"ImageObject\",\"inLanguage\":\"pt-BR\",\"@id\":\"https:\\\/\\\/blogdofarnesio.com.br\\\/#\\\/schema\\\/logo\\\/image\\\/\",\"url\":\"https:\\\/\\\/blogdofarnesio.com.br\\\/wp-content\\\/uploads\\\/2026\\\/03\\\/cropped-logo_new-1.png\",\"contentUrl\":\"https:\\\/\\\/blogdofarnesio.com.br\\\/wp-content\\\/uploads\\\/2026\\\/03\\\/cropped-logo_new-1.png\",\"width\":881,\"height\":685,\"caption\":\"Blog do Farn\u00e9sio\"},\"image\":{\"@id\":\"https:\\\/\\\/blogdofarnesio.com.br\\\/#\\\/schema\\\/logo\\\/image\\\/\"},\"sameAs\":[\"https:\\\/\\\/www.facebook.com\\\/BlogQuerSaberPolitica\\\/\"]},{\"@type\":\"Person\",\"@id\":\"https:\\\/\\\/blogdofarnesio.com.br\\\/#\\\/schema\\\/person\\\/301c4acf522bccbfdb45af95b5b906a1\",\"name\":\"Farn\u00e9sio\",\"image\":{\"@type\":\"ImageObject\",\"inLanguage\":\"pt-BR\",\"@id\":\"https:\\\/\\\/secure.gravatar.com\\\/avatar\\\/df0c9a14567c056f8ad6876ba5bbd1e3e2c48023eb6807342fc4663adf549f38?s=96&d=mm&r=g\",\"url\":\"https:\\\/\\\/secure.gravatar.com\\\/avatar\\\/df0c9a14567c056f8ad6876ba5bbd1e3e2c48023eb6807342fc4663adf549f38?s=96&d=mm&r=g\",\"contentUrl\":\"https:\\\/\\\/secure.gravatar.com\\\/avatar\\\/df0c9a14567c056f8ad6876ba5bbd1e3e2c48023eb6807342fc4663adf549f38?s=96&d=mm&r=g\",\"caption\":\"Farn\u00e9sio\"},\"sameAs\":[\"https:\\\/\\\/quersaberpolitica.com.br\"],\"url\":\"https:\\\/\\\/blogdofarnesio.com.br\\\/?author=1\"}]}<\/script>\n<!-- \/ Yoast SEO plugin. -->","yoast_head_json":{"title":"PREFEITO PAULO BOMFIM RECEBE ATLETAS QUE IR\u00c3O REPRESENTAR O MUNIC\u00cdPIO NOS JOGOS ESCOLARES DA JUVENTUDE EM BRAS\u00cdLIA - Blog do Farn\u00e9sio","robots":{"index":"index","follow":"follow","max-snippet":"max-snippet:-1","max-image-preview":"max-image-preview:large","max-video-preview":"max-video-preview:-1"},"canonical":"https:\/\/blogdofarnesio.com.br\/?p=181435","og_locale":"pt_BR","og_type":"article","og_title":"PREFEITO PAULO BOMFIM RECEBE ATLETAS QUE IR\u00c3O REPRESENTAR O MUNIC\u00cdPIO NOS JOGOS ESCOLARES DA JUVENTUDE EM BRAS\u00cdLIA - Blog do Farn\u00e9sio","og_description":"Iniciando a semana, o prefeito Paulo Bomfim recebeu nesta segunda-feira, 13, em seu gabinete, no Pa\u00e7o Municipal, a delega\u00e7\u00e3o dos atletas juazeirenses que ir\u00e3o participar esta semana dos Jogos Escolares da Juventude em Bras\u00edlia. A delega\u00e7\u00e3o \u00e9 formada por 12 alunos com idades entre 15 e 17 anos, das escolas estaduais \u2013 Rui Barbosa, Codefas e Modelo e do Col\u00e9gio Municipal Paulo VI, que disputar\u00e3o em cinco modalidades \u2013 jud\u00f4, v\u00f4lei de dupla, ciclismo, velocista e atletismo (arremesso de peso, corrida de 100m, salto em dist\u00e2ncia e lan\u00e7amento de dardo). \u201cFico profundamente feliz em poder ver esses jovens otimistas e dedicados ao esporte. Esse apoio que estamos dando a voc\u00eas \u00e9 nosso dever. A\u00e7\u00e3o maior \u00e9 a de voc\u00eas que&hellip;","og_url":"https:\/\/blogdofarnesio.com.br\/?p=181435","og_site_name":"Blog do Farn\u00e9sio","article_publisher":"https:\/\/www.facebook.com\/BlogQuerSaberPolitica\/","article_published_time":"2017-11-13T22:00:05+00:00","og_image":[{"width":640,"height":426,"url":"https:\/\/blogdofarnesio.com.br\/wp-content\/uploads\/2017\/11\/blogqsp-PBomfim-delega\u00e7ao-estudantes-9.jpg","type":"image\/jpeg"}],"author":"Farn\u00e9sio","twitter_card":"summary_large_image","twitter_misc":{"Escrito por":"Farn\u00e9sio","Est. tempo de leitura":"3 minutos"},"schema":{"@context":"https:\/\/schema.org","@graph":[{"@type":"Article","@id":"https:\/\/blogdofarnesio.com.br\/?p=181435#article","isPartOf":{"@id":"https:\/\/blogdofarnesio.com.br\/?p=181435"},"author":{"name":"Farn\u00e9sio","@id":"https:\/\/blogdofarnesio.com.br\/#\/schema\/person\/301c4acf522bccbfdb45af95b5b906a1"},"headline":"PREFEITO PAULO BOMFIM RECEBE ATLETAS QUE IR\u00c3O REPRESENTAR O MUNIC\u00cdPIO NOS JOGOS ESCOLARES DA JUVENTUDE EM BRAS\u00cdLIA","datePublished":"2017-11-13T22:00:05+00:00","mainEntityOfPage":{"@id":"https:\/\/blogdofarnesio.com.br\/?p=181435"},"wordCount":526,"commentCount":0,"publisher":{"@id":"https:\/\/blogdofarnesio.com.br\/#organization"},"image":{"@id":"https:\/\/blogdofarnesio.com.br\/?p=181435#primaryimage"},"thumbnailUrl":"https:\/\/blogdofarnesio.com.br\/wp-content\/uploads\/2017\/11\/blogqsp-PBomfim-delega\u00e7ao-estudantes-9.jpg","articleSection":["Administra\u00e7\u00e3o"],"inLanguage":"pt-BR","potentialAction":[{"@type":"CommentAction","name":"Comment","target":["https:\/\/blogdofarnesio.com.br\/?p=181435#respond"]}]},{"@type":"WebPage","@id":"https:\/\/blogdofarnesio.com.br\/?p=181435","url":"https:\/\/blogdofarnesio.com.br\/?p=181435","name":"PREFEITO PAULO BOMFIM RECEBE ATLETAS QUE IR\u00c3O REPRESENTAR O MUNIC\u00cdPIO NOS JOGOS ESCOLARES DA JUVENTUDE EM BRAS\u00cdLIA - Blog do Farn\u00e9sio","isPartOf":{"@id":"https:\/\/blogdofarnesio.com.br\/#website"},"primaryImageOfPage":{"@id":"https:\/\/blogdofarnesio.com.br\/?p=181435#primaryimage"},"image":{"@id":"https:\/\/blogdofarnesio.com.br\/?p=181435#primaryimage"},"thumbnailUrl":"https:\/\/blogdofarnesio.com.br\/wp-content\/uploads\/2017\/11\/blogqsp-PBomfim-delega\u00e7ao-estudantes-9.jpg","datePublished":"2017-11-13T22:00:05+00:00","breadcrumb":{"@id":"https:\/\/blogdofarnesio.com.br\/?p=181435#breadcrumb"},"inLanguage":"pt-BR","potentialAction":[{"@type":"ReadAction","target":["https:\/\/blogdofarnesio.com.br\/?p=181435"]}]},{"@type":"ImageObject","inLanguage":"pt-BR","@id":"https:\/\/blogdofarnesio.com.br\/?p=181435#primaryimage","url":"https:\/\/blogdofarnesio.com.br\/wp-content\/uploads\/2017\/11\/blogqsp-PBomfim-delega\u00e7ao-estudantes-9.jpg","contentUrl":"https:\/\/blogdofarnesio.com.br\/wp-content\/uploads\/2017\/11\/blogqsp-PBomfim-delega\u00e7ao-estudantes-9.jpg","width":640,"height":426},{"@type":"BreadcrumbList","@id":"https:\/\/blogdofarnesio.com.br\/?p=181435#breadcrumb","itemListElement":[{"@type":"ListItem","position":1,"name":"In\u00edcio","item":"https:\/\/blogdofarnesio.com.br\/"},{"@type":"ListItem","position":2,"name":"PREFEITO PAULO BOMFIM RECEBE ATLETAS QUE IR\u00c3O REPRESENTAR O MUNIC\u00cdPIO NOS JOGOS ESCOLARES DA JUVENTUDE EM BRAS\u00cdLIA"}]},{"@type":"WebSite","@id":"https:\/\/blogdofarnesio.com.br\/#website","url":"https:\/\/blogdofarnesio.com.br\/","name":"Blog do Farn\u00e9sio","description":"Quer Saber Pol\u00edtica?","publisher":{"@id":"https:\/\/blogdofarnesio.com.br\/#organization"},"potentialAction":[{"@type":"SearchAction","target":{"@type":"EntryPoint","urlTemplate":"https:\/\/blogdofarnesio.com.br\/?s={search_term_string}"},"query-input":{"@type":"PropertyValueSpecification","valueRequired":true,"valueName":"search_term_string"}}],"inLanguage":"pt-BR"},{"@type":"Organization","@id":"https:\/\/blogdofarnesio.com.br\/#organization","name":"Blog do Farn\u00e9sio","url":"https:\/\/blogdofarnesio.com.br\/","logo":{"@type":"ImageObject","inLanguage":"pt-BR","@id":"https:\/\/blogdofarnesio.com.br\/#\/schema\/logo\/image\/","url":"https:\/\/blogdofarnesio.com.br\/wp-content\/uploads\/2026\/03\/cropped-logo_new-1.png","contentUrl":"https:\/\/blogdofarnesio.com.br\/wp-content\/uploads\/2026\/03\/cropped-logo_new-1.png","width":881,"height":685,"caption":"Blog do Farn\u00e9sio"},"image":{"@id":"https:\/\/blogdofarnesio.com.br\/#\/schema\/logo\/image\/"},"sameAs":["https:\/\/www.facebook.com\/BlogQuerSaberPolitica\/"]},{"@type":"Person","@id":"https:\/\/blogdofarnesio.com.br\/#\/schema\/person\/301c4acf522bccbfdb45af95b5b906a1","name":"Farn\u00e9sio","image":{"@type":"ImageObject","inLanguage":"pt-BR","@id":"https:\/\/secure.gravatar.com\/avatar\/df0c9a14567c056f8ad6876ba5bbd1e3e2c48023eb6807342fc4663adf549f38?s=96&d=mm&r=g","url":"https:\/\/secure.gravatar.com\/avatar\/df0c9a14567c056f8ad6876ba5bbd1e3e2c48023eb6807342fc4663adf549f38?s=96&d=mm&r=g","contentUrl":"https:\/\/secure.gravatar.com\/avatar\/df0c9a14567c056f8ad6876ba5bbd1e3e2c48023eb6807342fc4663adf549f38?s=96&d=mm&r=g","caption":"Farn\u00e9sio"},"sameAs":["https:\/\/quersaberpolitica.com.br"],"url":"https:\/\/blogdofarnesio.com.br\/?author=1"}]}},"_links":{"self":[{"href":"https:\/\/blogdofarnesio.com.br\/index.php?rest_route=\/wp\/v2\/posts\/181435","targetHints":{"allow":["GET"]}}],"collection":[{"href":"https:\/\/blogdofarnesio.com.br\/index.php?rest_route=\/wp\/v2\/posts"}],"about":[{"href":"https:\/\/blogdofarnesio.com.br\/index.php?rest_route=\/wp\/v2\/types\/post"}],"author":[{"embeddable":true,"href":"https:\/\/blogdofarnesio.com.br\/index.php?rest_route=\/wp\/v2\/users\/1"}],"replies":[{"embeddable":true,"href":"https:\/\/blogdofarnesio.com.br\/index.php?rest_route=%2Fwp%2Fv2%2Fcomments&post=181435"}],"version-history":[{"count":0,"href":"https:\/\/blogdofarnesio.com.br\/index.php?rest_route=\/wp\/v2\/posts\/181435\/revisions"}],"wp:featuredmedia":[{"embeddable":true,"href":"https:\/\/blogdofarnesio.com.br\/index.php?rest_route=\/wp\/v2\/media\/181436"}],"wp:attachment":[{"href":"https:\/\/blogdofarnesio.com.br\/index.php?rest_route=%2Fwp%2Fv2%2Fmedia&parent=181435"}],"wp:term":[{"taxonomy":"category","embeddable":true,"href":"https:\/\/blogdofarnesio.com.br\/index.php?rest_route=%2Fwp%2Fv2%2Fcategories&post=181435"},{"taxonomy":"post_tag","embeddable":true,"href":"https:\/\/blogdofarnesio.com.br\/index.php?rest_route=%2Fwp%2Fv2%2Ftags&post=181435"}],"curies":[{"name":"wp","href":"https:\/\/api.w.org\/{rel}","templated":true}]}}