{"id":181075,"date":"2017-11-09T09:00:23","date_gmt":"2017-11-09T12:00:23","guid":{"rendered":"http:\/\/quersaberpolitica.com.br\/2016\/?p=181075"},"modified":"2017-11-08T21:46:04","modified_gmt":"2017-11-09T00:46:04","slug":"bispo-de-juazeiro-recebera-titulo-de-cidadao-juazeirense","status":"publish","type":"post","link":"https:\/\/blogdofarnesio.com.br\/?p=181075","title":{"rendered":"BISPO DE JUAZEIRO RECEBER\u00c1 T\u00cdTULO DE CIDAD\u00c3O JUAZEIRENSE"},"content":{"rendered":"<div>Atrav\u00e9s da aprova\u00e7\u00e3o do Projeto de Resolu\u00e7\u00e3o\u00a0\u00a0N\u00ba 024\/2017 de autoria do vereador Alex Tanuri, o Bispo da Diocese de Juazeiro, Dom Carlos Alberto Breis Pereira receber\u00e1 o t\u00edtulo de cidad\u00e3o juazeirense\u00a0pela Casa Apr\u00edgio Duarte Filho (C\u00e2mara Municipal de Juazeiro). O projeto foi aprovado na sess\u00e3o ordin\u00e1ria de ter\u00e7a-feira (7).<\/div>\n<div>\n<p>Dom Beto nasceu em S\u00e3o Francisco do Sul (SC), no dia 16 de setembro de 1965. Realizou a profiss\u00e3o religiosa no dia 31 de agosto de 1991, em Olinda (PE). Cursou Filosofia no Instituto Salesiano e Teologia, no Instituto Franciscano. \u00c9 mestre em Teologia com especializa\u00e7\u00e3o em Espiritualidade pela Pontif\u00edcia Universidade Antonianum de Roma. Foi ordenado presb\u00edtero em 20 de agosto de 1994, em Fortaleza (CE).<\/p>\n<p>Na caminhada sacerdotal atuou em diferentes atividades. Foi mestre de frades professos tempor\u00e1rios (1994 a 2002 e 2009 a 2011), secret\u00e1rio provincial para a forma\u00e7\u00e3o e os estudos, delegado do Servi\u00e7o para a Forma\u00e7\u00e3o e os Estudos (Serfe) por dois mandatos. De 2012 a 2014, exerceu o cargo de vig\u00e1rio provincial. Foi presidente da Confer\u00eancia dos Ministros Provinciais do Brasil (2015-2016) e atualmente \u00e9 bispo da Diocese de Juazeiro.<\/p>\n<p>Ainda ser\u00e1 marcada a data da solenidade.<\/p>\n<\/div>\n","protected":false},"excerpt":{"rendered":"<p>Atrav\u00e9s da aprova\u00e7\u00e3o do Projeto de Resolu\u00e7\u00e3o\u00a0\u00a0N\u00ba 024\/2017 de autoria do vereador Alex Tanuri, o Bispo da Diocese de Juazeiro, Dom Carlos Alberto Breis Pereira receber\u00e1 o t\u00edtulo de cidad\u00e3o juazeirense\u00a0pela Casa Apr\u00edgio Duarte Filho (C\u00e2mara Municipal de Juazeiro). O projeto foi aprovado na sess\u00e3o ordin\u00e1ria de ter\u00e7a-feira (7). Dom Beto nasceu em S\u00e3o Francisco do Sul (SC), no dia 16 de setembro de 1965. Realizou a profiss\u00e3o religiosa no dia 31 de agosto de 1991, em Olinda (PE). Cursou Filosofia no Instituto Salesiano e Teologia, no Instituto Franciscano. \u00c9 mestre em Teologia com especializa\u00e7\u00e3o em Espiritualidade pela Pontif\u00edcia Universidade Antonianum de Roma. Foi ordenado presb\u00edtero em 20 de agosto de 1994, em Fortaleza (CE). Na caminhada sacerdotal atuou em&hellip; <\/p>\n","protected":false},"author":1,"featured_media":181076,"comment_status":"open","ping_status":"open","sticky":false,"template":"","format":"standard","meta":{"_acf_changed":false,"footnotes":""},"categories":[12],"tags":[],"class_list":["post-181075","post","type-post","status-publish","format-standard","has-post-thumbnail","hentry","category-confraternizacoes"],"acf":[],"yoast_head":"<!-- This site is optimized with the Yoast SEO plugin v27.4 - https:\/\/yoast.com\/product\/yoast-seo-wordpress\/ -->\n<title>BISPO DE JUAZEIRO RECEBER\u00c1 T\u00cdTULO DE CIDAD\u00c3O JUAZEIRENSE - Blog do Farn\u00e9sio<\/title>\n<meta name=\"robots\" content=\"index, follow, max-snippet:-1, max-image-preview:large, max-video-preview:-1\" \/>\n<link rel=\"canonical\" href=\"https:\/\/blogdofarnesio.com.br\/?p=181075\" \/>\n<meta property=\"og:locale\" content=\"pt_BR\" \/>\n<meta property=\"og:type\" content=\"article\" \/>\n<meta property=\"og:title\" content=\"BISPO DE JUAZEIRO RECEBER\u00c1 T\u00cdTULO DE CIDAD\u00c3O JUAZEIRENSE - Blog do Farn\u00e9sio\" \/>\n<meta property=\"og:description\" content=\"Atrav\u00e9s da aprova\u00e7\u00e3o do Projeto de Resolu\u00e7\u00e3o\u00a0\u00a0N\u00ba 024\/2017 de autoria do vereador Alex Tanuri, o Bispo da Diocese de Juazeiro, Dom Carlos Alberto Breis Pereira receber\u00e1 o t\u00edtulo de cidad\u00e3o juazeirense\u00a0pela Casa Apr\u00edgio Duarte Filho (C\u00e2mara Municipal de Juazeiro). O projeto foi aprovado na sess\u00e3o ordin\u00e1ria de ter\u00e7a-feira (7). Dom Beto nasceu em S\u00e3o Francisco do Sul (SC), no dia 16 de setembro de 1965. Realizou a profiss\u00e3o religiosa no dia 31 de agosto de 1991, em Olinda (PE). Cursou Filosofia no Instituto Salesiano e Teologia, no Instituto Franciscano. \u00c9 mestre em Teologia com especializa\u00e7\u00e3o em Espiritualidade pela Pontif\u00edcia Universidade Antonianum de Roma. Foi ordenado presb\u00edtero em 20 de agosto de 1994, em Fortaleza (CE). Na caminhada sacerdotal atuou em&hellip;\" \/>\n<meta property=\"og:url\" content=\"https:\/\/blogdofarnesio.com.br\/?p=181075\" \/>\n<meta property=\"og:site_name\" content=\"Blog do Farn\u00e9sio\" \/>\n<meta property=\"article:publisher\" content=\"https:\/\/www.facebook.com\/BlogQuerSaberPolitica\/\" \/>\n<meta property=\"article:published_time\" content=\"2017-11-09T12:00:23+00:00\" \/>\n<meta property=\"og:image\" content=\"https:\/\/blogdofarnesio.com.br\/wp-content\/uploads\/2017\/11\/blogqspfreibeto-e1510188317231.jpg\" \/>\n\t<meta property=\"og:image:width\" content=\"608\" \/>\n\t<meta property=\"og:image:height\" content=\"456\" \/>\n\t<meta property=\"og:image:type\" content=\"image\/jpeg\" \/>\n<meta name=\"author\" content=\"Farn\u00e9sio\" \/>\n<meta name=\"twitter:card\" content=\"summary_large_image\" \/>\n<meta name=\"twitter:label1\" content=\"Escrito por\" \/>\n\t<meta name=\"twitter:data1\" content=\"Farn\u00e9sio\" \/>\n\t<meta name=\"twitter:label2\" content=\"Est. tempo de leitura\" \/>\n\t<meta name=\"twitter:data2\" content=\"1 minuto\" \/>\n<script type=\"application\/ld+json\" class=\"yoast-schema-graph\">{\"@context\":\"https:\\\/\\\/schema.org\",\"@graph\":[{\"@type\":\"Article\",\"@id\":\"https:\\\/\\\/blogdofarnesio.com.br\\\/?p=181075#article\",\"isPartOf\":{\"@id\":\"https:\\\/\\\/blogdofarnesio.com.br\\\/?p=181075\"},\"author\":{\"name\":\"Farn\u00e9sio\",\"@id\":\"https:\\\/\\\/blogdofarnesio.com.br\\\/#\\\/schema\\\/person\\\/301c4acf522bccbfdb45af95b5b906a1\"},\"headline\":\"BISPO DE JUAZEIRO RECEBER\u00c1 T\u00cdTULO DE CIDAD\u00c3O JUAZEIRENSE\",\"datePublished\":\"2017-11-09T12:00:23+00:00\",\"mainEntityOfPage\":{\"@id\":\"https:\\\/\\\/blogdofarnesio.com.br\\\/?p=181075\"},\"wordCount\":209,\"commentCount\":0,\"publisher\":{\"@id\":\"https:\\\/\\\/blogdofarnesio.com.br\\\/#organization\"},\"image\":{\"@id\":\"https:\\\/\\\/blogdofarnesio.com.br\\\/?p=181075#primaryimage\"},\"thumbnailUrl\":\"https:\\\/\\\/blogdofarnesio.com.br\\\/wp-content\\\/uploads\\\/2017\\\/11\\\/blogqspfreibeto-e1510188317231.jpg\",\"articleSection\":[\"Confraterniza\u00e7\u00f5es\"],\"inLanguage\":\"pt-BR\",\"potentialAction\":[{\"@type\":\"CommentAction\",\"name\":\"Comment\",\"target\":[\"https:\\\/\\\/blogdofarnesio.com.br\\\/?p=181075#respond\"]}]},{\"@type\":\"WebPage\",\"@id\":\"https:\\\/\\\/blogdofarnesio.com.br\\\/?p=181075\",\"url\":\"https:\\\/\\\/blogdofarnesio.com.br\\\/?p=181075\",\"name\":\"BISPO DE JUAZEIRO RECEBER\u00c1 T\u00cdTULO DE CIDAD\u00c3O JUAZEIRENSE - Blog do Farn\u00e9sio\",\"isPartOf\":{\"@id\":\"https:\\\/\\\/blogdofarnesio.com.br\\\/#website\"},\"primaryImageOfPage\":{\"@id\":\"https:\\\/\\\/blogdofarnesio.com.br\\\/?p=181075#primaryimage\"},\"image\":{\"@id\":\"https:\\\/\\\/blogdofarnesio.com.br\\\/?p=181075#primaryimage\"},\"thumbnailUrl\":\"https:\\\/\\\/blogdofarnesio.com.br\\\/wp-content\\\/uploads\\\/2017\\\/11\\\/blogqspfreibeto-e1510188317231.jpg\",\"datePublished\":\"2017-11-09T12:00:23+00:00\",\"breadcrumb\":{\"@id\":\"https:\\\/\\\/blogdofarnesio.com.br\\\/?p=181075#breadcrumb\"},\"inLanguage\":\"pt-BR\",\"potentialAction\":[{\"@type\":\"ReadAction\",\"target\":[\"https:\\\/\\\/blogdofarnesio.com.br\\\/?p=181075\"]}]},{\"@type\":\"ImageObject\",\"inLanguage\":\"pt-BR\",\"@id\":\"https:\\\/\\\/blogdofarnesio.com.br\\\/?p=181075#primaryimage\",\"url\":\"https:\\\/\\\/blogdofarnesio.com.br\\\/wp-content\\\/uploads\\\/2017\\\/11\\\/blogqspfreibeto-e1510188317231.jpg\",\"contentUrl\":\"https:\\\/\\\/blogdofarnesio.com.br\\\/wp-content\\\/uploads\\\/2017\\\/11\\\/blogqspfreibeto-e1510188317231.jpg\",\"width\":608,\"height\":456},{\"@type\":\"BreadcrumbList\",\"@id\":\"https:\\\/\\\/blogdofarnesio.com.br\\\/?p=181075#breadcrumb\",\"itemListElement\":[{\"@type\":\"ListItem\",\"position\":1,\"name\":\"In\u00edcio\",\"item\":\"https:\\\/\\\/blogdofarnesio.com.br\\\/\"},{\"@type\":\"ListItem\",\"position\":2,\"name\":\"BISPO DE JUAZEIRO RECEBER\u00c1 T\u00cdTULO DE CIDAD\u00c3O JUAZEIRENSE\"}]},{\"@type\":\"WebSite\",\"@id\":\"https:\\\/\\\/blogdofarnesio.com.br\\\/#website\",\"url\":\"https:\\\/\\\/blogdofarnesio.com.br\\\/\",\"name\":\"Blog do Farn\u00e9sio\",\"description\":\"Quer Saber Pol\u00edtica?\",\"publisher\":{\"@id\":\"https:\\\/\\\/blogdofarnesio.com.br\\\/#organization\"},\"potentialAction\":[{\"@type\":\"SearchAction\",\"target\":{\"@type\":\"EntryPoint\",\"urlTemplate\":\"https:\\\/\\\/blogdofarnesio.com.br\\\/?s={search_term_string}\"},\"query-input\":{\"@type\":\"PropertyValueSpecification\",\"valueRequired\":true,\"valueName\":\"search_term_string\"}}],\"inLanguage\":\"pt-BR\"},{\"@type\":\"Organization\",\"@id\":\"https:\\\/\\\/blogdofarnesio.com.br\\\/#organization\",\"name\":\"Blog do Farn\u00e9sio\",\"url\":\"https:\\\/\\\/blogdofarnesio.com.br\\\/\",\"logo\":{\"@type\":\"ImageObject\",\"inLanguage\":\"pt-BR\",\"@id\":\"https:\\\/\\\/blogdofarnesio.com.br\\\/#\\\/schema\\\/logo\\\/image\\\/\",\"url\":\"https:\\\/\\\/blogdofarnesio.com.br\\\/wp-content\\\/uploads\\\/2026\\\/03\\\/cropped-logo_new-1.png\",\"contentUrl\":\"https:\\\/\\\/blogdofarnesio.com.br\\\/wp-content\\\/uploads\\\/2026\\\/03\\\/cropped-logo_new-1.png\",\"width\":881,\"height\":685,\"caption\":\"Blog do Farn\u00e9sio\"},\"image\":{\"@id\":\"https:\\\/\\\/blogdofarnesio.com.br\\\/#\\\/schema\\\/logo\\\/image\\\/\"},\"sameAs\":[\"https:\\\/\\\/www.facebook.com\\\/BlogQuerSaberPolitica\\\/\"]},{\"@type\":\"Person\",\"@id\":\"https:\\\/\\\/blogdofarnesio.com.br\\\/#\\\/schema\\\/person\\\/301c4acf522bccbfdb45af95b5b906a1\",\"name\":\"Farn\u00e9sio\",\"image\":{\"@type\":\"ImageObject\",\"inLanguage\":\"pt-BR\",\"@id\":\"https:\\\/\\\/secure.gravatar.com\\\/avatar\\\/df0c9a14567c056f8ad6876ba5bbd1e3e2c48023eb6807342fc4663adf549f38?s=96&d=mm&r=g\",\"url\":\"https:\\\/\\\/secure.gravatar.com\\\/avatar\\\/df0c9a14567c056f8ad6876ba5bbd1e3e2c48023eb6807342fc4663adf549f38?s=96&d=mm&r=g\",\"contentUrl\":\"https:\\\/\\\/secure.gravatar.com\\\/avatar\\\/df0c9a14567c056f8ad6876ba5bbd1e3e2c48023eb6807342fc4663adf549f38?s=96&d=mm&r=g\",\"caption\":\"Farn\u00e9sio\"},\"sameAs\":[\"https:\\\/\\\/quersaberpolitica.com.br\"],\"url\":\"https:\\\/\\\/blogdofarnesio.com.br\\\/?author=1\"}]}<\/script>\n<!-- \/ Yoast SEO plugin. -->","yoast_head_json":{"title":"BISPO DE JUAZEIRO RECEBER\u00c1 T\u00cdTULO DE CIDAD\u00c3O JUAZEIRENSE - Blog do Farn\u00e9sio","robots":{"index":"index","follow":"follow","max-snippet":"max-snippet:-1","max-image-preview":"max-image-preview:large","max-video-preview":"max-video-preview:-1"},"canonical":"https:\/\/blogdofarnesio.com.br\/?p=181075","og_locale":"pt_BR","og_type":"article","og_title":"BISPO DE JUAZEIRO RECEBER\u00c1 T\u00cdTULO DE CIDAD\u00c3O JUAZEIRENSE - Blog do Farn\u00e9sio","og_description":"Atrav\u00e9s da aprova\u00e7\u00e3o do Projeto de Resolu\u00e7\u00e3o\u00a0\u00a0N\u00ba 024\/2017 de autoria do vereador Alex Tanuri, o Bispo da Diocese de Juazeiro, Dom Carlos Alberto Breis Pereira receber\u00e1 o t\u00edtulo de cidad\u00e3o juazeirense\u00a0pela Casa Apr\u00edgio Duarte Filho (C\u00e2mara Municipal de Juazeiro). O projeto foi aprovado na sess\u00e3o ordin\u00e1ria de ter\u00e7a-feira (7). Dom Beto nasceu em S\u00e3o Francisco do Sul (SC), no dia 16 de setembro de 1965. Realizou a profiss\u00e3o religiosa no dia 31 de agosto de 1991, em Olinda (PE). Cursou Filosofia no Instituto Salesiano e Teologia, no Instituto Franciscano. \u00c9 mestre em Teologia com especializa\u00e7\u00e3o em Espiritualidade pela Pontif\u00edcia Universidade Antonianum de Roma. Foi ordenado presb\u00edtero em 20 de agosto de 1994, em Fortaleza (CE). Na caminhada sacerdotal atuou em&hellip;","og_url":"https:\/\/blogdofarnesio.com.br\/?p=181075","og_site_name":"Blog do Farn\u00e9sio","article_publisher":"https:\/\/www.facebook.com\/BlogQuerSaberPolitica\/","article_published_time":"2017-11-09T12:00:23+00:00","og_image":[{"width":608,"height":456,"url":"https:\/\/blogdofarnesio.com.br\/wp-content\/uploads\/2017\/11\/blogqspfreibeto-e1510188317231.jpg","type":"image\/jpeg"}],"author":"Farn\u00e9sio","twitter_card":"summary_large_image","twitter_misc":{"Escrito por":"Farn\u00e9sio","Est. tempo de leitura":"1 minuto"},"schema":{"@context":"https:\/\/schema.org","@graph":[{"@type":"Article","@id":"https:\/\/blogdofarnesio.com.br\/?p=181075#article","isPartOf":{"@id":"https:\/\/blogdofarnesio.com.br\/?p=181075"},"author":{"name":"Farn\u00e9sio","@id":"https:\/\/blogdofarnesio.com.br\/#\/schema\/person\/301c4acf522bccbfdb45af95b5b906a1"},"headline":"BISPO DE JUAZEIRO RECEBER\u00c1 T\u00cdTULO DE CIDAD\u00c3O JUAZEIRENSE","datePublished":"2017-11-09T12:00:23+00:00","mainEntityOfPage":{"@id":"https:\/\/blogdofarnesio.com.br\/?p=181075"},"wordCount":209,"commentCount":0,"publisher":{"@id":"https:\/\/blogdofarnesio.com.br\/#organization"},"image":{"@id":"https:\/\/blogdofarnesio.com.br\/?p=181075#primaryimage"},"thumbnailUrl":"https:\/\/blogdofarnesio.com.br\/wp-content\/uploads\/2017\/11\/blogqspfreibeto-e1510188317231.jpg","articleSection":["Confraterniza\u00e7\u00f5es"],"inLanguage":"pt-BR","potentialAction":[{"@type":"CommentAction","name":"Comment","target":["https:\/\/blogdofarnesio.com.br\/?p=181075#respond"]}]},{"@type":"WebPage","@id":"https:\/\/blogdofarnesio.com.br\/?p=181075","url":"https:\/\/blogdofarnesio.com.br\/?p=181075","name":"BISPO DE JUAZEIRO RECEBER\u00c1 T\u00cdTULO DE CIDAD\u00c3O JUAZEIRENSE - Blog do Farn\u00e9sio","isPartOf":{"@id":"https:\/\/blogdofarnesio.com.br\/#website"},"primaryImageOfPage":{"@id":"https:\/\/blogdofarnesio.com.br\/?p=181075#primaryimage"},"image":{"@id":"https:\/\/blogdofarnesio.com.br\/?p=181075#primaryimage"},"thumbnailUrl":"https:\/\/blogdofarnesio.com.br\/wp-content\/uploads\/2017\/11\/blogqspfreibeto-e1510188317231.jpg","datePublished":"2017-11-09T12:00:23+00:00","breadcrumb":{"@id":"https:\/\/blogdofarnesio.com.br\/?p=181075#breadcrumb"},"inLanguage":"pt-BR","potentialAction":[{"@type":"ReadAction","target":["https:\/\/blogdofarnesio.com.br\/?p=181075"]}]},{"@type":"ImageObject","inLanguage":"pt-BR","@id":"https:\/\/blogdofarnesio.com.br\/?p=181075#primaryimage","url":"https:\/\/blogdofarnesio.com.br\/wp-content\/uploads\/2017\/11\/blogqspfreibeto-e1510188317231.jpg","contentUrl":"https:\/\/blogdofarnesio.com.br\/wp-content\/uploads\/2017\/11\/blogqspfreibeto-e1510188317231.jpg","width":608,"height":456},{"@type":"BreadcrumbList","@id":"https:\/\/blogdofarnesio.com.br\/?p=181075#breadcrumb","itemListElement":[{"@type":"ListItem","position":1,"name":"In\u00edcio","item":"https:\/\/blogdofarnesio.com.br\/"},{"@type":"ListItem","position":2,"name":"BISPO DE JUAZEIRO RECEBER\u00c1 T\u00cdTULO DE CIDAD\u00c3O JUAZEIRENSE"}]},{"@type":"WebSite","@id":"https:\/\/blogdofarnesio.com.br\/#website","url":"https:\/\/blogdofarnesio.com.br\/","name":"Blog do Farn\u00e9sio","description":"Quer Saber Pol\u00edtica?","publisher":{"@id":"https:\/\/blogdofarnesio.com.br\/#organization"},"potentialAction":[{"@type":"SearchAction","target":{"@type":"EntryPoint","urlTemplate":"https:\/\/blogdofarnesio.com.br\/?s={search_term_string}"},"query-input":{"@type":"PropertyValueSpecification","valueRequired":true,"valueName":"search_term_string"}}],"inLanguage":"pt-BR"},{"@type":"Organization","@id":"https:\/\/blogdofarnesio.com.br\/#organization","name":"Blog do Farn\u00e9sio","url":"https:\/\/blogdofarnesio.com.br\/","logo":{"@type":"ImageObject","inLanguage":"pt-BR","@id":"https:\/\/blogdofarnesio.com.br\/#\/schema\/logo\/image\/","url":"https:\/\/blogdofarnesio.com.br\/wp-content\/uploads\/2026\/03\/cropped-logo_new-1.png","contentUrl":"https:\/\/blogdofarnesio.com.br\/wp-content\/uploads\/2026\/03\/cropped-logo_new-1.png","width":881,"height":685,"caption":"Blog do Farn\u00e9sio"},"image":{"@id":"https:\/\/blogdofarnesio.com.br\/#\/schema\/logo\/image\/"},"sameAs":["https:\/\/www.facebook.com\/BlogQuerSaberPolitica\/"]},{"@type":"Person","@id":"https:\/\/blogdofarnesio.com.br\/#\/schema\/person\/301c4acf522bccbfdb45af95b5b906a1","name":"Farn\u00e9sio","image":{"@type":"ImageObject","inLanguage":"pt-BR","@id":"https:\/\/secure.gravatar.com\/avatar\/df0c9a14567c056f8ad6876ba5bbd1e3e2c48023eb6807342fc4663adf549f38?s=96&d=mm&r=g","url":"https:\/\/secure.gravatar.com\/avatar\/df0c9a14567c056f8ad6876ba5bbd1e3e2c48023eb6807342fc4663adf549f38?s=96&d=mm&r=g","contentUrl":"https:\/\/secure.gravatar.com\/avatar\/df0c9a14567c056f8ad6876ba5bbd1e3e2c48023eb6807342fc4663adf549f38?s=96&d=mm&r=g","caption":"Farn\u00e9sio"},"sameAs":["https:\/\/quersaberpolitica.com.br"],"url":"https:\/\/blogdofarnesio.com.br\/?author=1"}]}},"_links":{"self":[{"href":"https:\/\/blogdofarnesio.com.br\/index.php?rest_route=\/wp\/v2\/posts\/181075","targetHints":{"allow":["GET"]}}],"collection":[{"href":"https:\/\/blogdofarnesio.com.br\/index.php?rest_route=\/wp\/v2\/posts"}],"about":[{"href":"https:\/\/blogdofarnesio.com.br\/index.php?rest_route=\/wp\/v2\/types\/post"}],"author":[{"embeddable":true,"href":"https:\/\/blogdofarnesio.com.br\/index.php?rest_route=\/wp\/v2\/users\/1"}],"replies":[{"embeddable":true,"href":"https:\/\/blogdofarnesio.com.br\/index.php?rest_route=%2Fwp%2Fv2%2Fcomments&post=181075"}],"version-history":[{"count":0,"href":"https:\/\/blogdofarnesio.com.br\/index.php?rest_route=\/wp\/v2\/posts\/181075\/revisions"}],"wp:featuredmedia":[{"embeddable":true,"href":"https:\/\/blogdofarnesio.com.br\/index.php?rest_route=\/wp\/v2\/media\/181076"}],"wp:attachment":[{"href":"https:\/\/blogdofarnesio.com.br\/index.php?rest_route=%2Fwp%2Fv2%2Fmedia&parent=181075"}],"wp:term":[{"taxonomy":"category","embeddable":true,"href":"https:\/\/blogdofarnesio.com.br\/index.php?rest_route=%2Fwp%2Fv2%2Fcategories&post=181075"},{"taxonomy":"post_tag","embeddable":true,"href":"https:\/\/blogdofarnesio.com.br\/index.php?rest_route=%2Fwp%2Fv2%2Ftags&post=181075"}],"curies":[{"name":"wp","href":"https:\/\/api.w.org\/{rel}","templated":true}]}}