{"id":181069,"date":"2017-11-09T07:43:39","date_gmt":"2017-11-09T10:43:39","guid":{"rendered":"http:\/\/quersaberpolitica.com.br\/2016\/?p=181069"},"modified":"2017-11-08T20:21:33","modified_gmt":"2017-11-08T23:21:33","slug":"direto-de-ouricuri-43","status":"publish","type":"post","link":"https:\/\/blogdofarnesio.com.br\/?p=181069","title":{"rendered":"DIRETO DE OURICURI"},"content":{"rendered":"<h3 class=\"post-title entry-title\"><a href=\"http:\/\/www.santacruzemdestaque.com.br\/2017\/11\/nanias-de-santa-rita-sera-empossado.html\">C\u00c2MARA DE VEREADORES TER\u00c1 UM NOVO INTEGRANTE A PARTIR DE SEGUNDA-FEIRA (13)\u00a0<\/a><\/h3>\n<div class=\"post-header\">\u00a0Na segunda-feira (13), o suplente de vereador Nanias de Santa Rita (PSDB) ser\u00e1 empossado como vereador na Casa legislativa Rodrigo Castor em Ouricuri, no Sert\u00e3o do Araripe pernambucano. A cerimonia de posse ser\u00e1 a partir das 9 horas na C\u00e2mara Municipal.<\/div>\n<div id=\"post-body-7339703901333362390\" class=\"post-body entry-content\">\n<div>Nanias assume a cadeira do vereador Gildej\u00e2nio Melo, que est\u00e1 preso na cadeia P\u00fablica de Ouricuri desde o m\u00eas de setembro, e se encontra licenciado da casa legislativa at\u00e9 o inicio de janeiro de 2017.<\/div>\n<div>Ap\u00f3s o t\u00e9rmino dessa licen\u00e7a, Gildej\u00e2nio ainda tem a prerrogativa de ser licenciado por mais 30 dias. Ap\u00f3s o final desse prazo j\u00e1 cumprido, caso o vereador ainda n\u00e3o esteja em liberdade, Nanias assume a cadeira at\u00e9 o final do mandato.<\/div>\n<div>Fonte: Tribuna Cariri<\/div>\n<\/div>\n","protected":false},"excerpt":{"rendered":"<p>C\u00c2MARA DE VEREADORES TER\u00c1 UM NOVO INTEGRANTE A PARTIR DE SEGUNDA-FEIRA (13)\u00a0 \u00a0Na segunda-feira (13), o suplente de vereador Nanias de Santa Rita (PSDB) ser\u00e1 empossado como vereador na Casa legislativa Rodrigo Castor em Ouricuri, no Sert\u00e3o do Araripe pernambucano. A cerimonia de posse ser\u00e1 a partir das 9 horas na C\u00e2mara Municipal. Nanias assume a cadeira do vereador Gildej\u00e2nio Melo, que est\u00e1 preso na cadeia P\u00fablica de Ouricuri desde o m\u00eas de setembro, e se encontra licenciado da casa legislativa at\u00e9 o inicio de janeiro de 2017. Ap\u00f3s o t\u00e9rmino dessa licen\u00e7a, Gildej\u00e2nio ainda tem a prerrogativa de ser licenciado por mais 30 dias. Ap\u00f3s o final desse prazo j\u00e1 cumprido, caso o vereador ainda n\u00e3o esteja em liberdade,&hellip; <\/p>\n","protected":false},"author":1,"featured_media":181070,"comment_status":"open","ping_status":"open","sticky":false,"template":"","format":"standard","meta":{"_acf_changed":false,"footnotes":""},"categories":[27],"tags":[],"class_list":["post-181069","post","type-post","status-publish","format-standard","has-post-thumbnail","hentry","category-cidades"],"acf":[],"yoast_head":"<!-- This site is optimized with the Yoast SEO plugin v27.4 - https:\/\/yoast.com\/product\/yoast-seo-wordpress\/ -->\n<title>DIRETO DE OURICURI - Blog do Farn\u00e9sio<\/title>\n<meta name=\"robots\" content=\"index, follow, max-snippet:-1, max-image-preview:large, max-video-preview:-1\" \/>\n<link rel=\"canonical\" href=\"https:\/\/blogdofarnesio.com.br\/?p=181069\" \/>\n<meta property=\"og:locale\" content=\"pt_BR\" \/>\n<meta property=\"og:type\" content=\"article\" \/>\n<meta property=\"og:title\" content=\"DIRETO DE OURICURI - Blog do Farn\u00e9sio\" \/>\n<meta property=\"og:description\" content=\"C\u00c2MARA DE VEREADORES TER\u00c1 UM NOVO INTEGRANTE A PARTIR DE SEGUNDA-FEIRA (13)\u00a0 \u00a0Na segunda-feira (13), o suplente de vereador Nanias de Santa Rita (PSDB) ser\u00e1 empossado como vereador na Casa legislativa Rodrigo Castor em Ouricuri, no Sert\u00e3o do Araripe pernambucano. A cerimonia de posse ser\u00e1 a partir das 9 horas na C\u00e2mara Municipal. Nanias assume a cadeira do vereador Gildej\u00e2nio Melo, que est\u00e1 preso na cadeia P\u00fablica de Ouricuri desde o m\u00eas de setembro, e se encontra licenciado da casa legislativa at\u00e9 o inicio de janeiro de 2017. Ap\u00f3s o t\u00e9rmino dessa licen\u00e7a, Gildej\u00e2nio ainda tem a prerrogativa de ser licenciado por mais 30 dias. Ap\u00f3s o final desse prazo j\u00e1 cumprido, caso o vereador ainda n\u00e3o esteja em liberdade,&hellip;\" \/>\n<meta property=\"og:url\" content=\"https:\/\/blogdofarnesio.com.br\/?p=181069\" \/>\n<meta property=\"og:site_name\" content=\"Blog do Farn\u00e9sio\" \/>\n<meta property=\"article:publisher\" content=\"https:\/\/www.facebook.com\/BlogQuerSaberPolitica\/\" \/>\n<meta property=\"article:published_time\" content=\"2017-11-09T10:43:39+00:00\" \/>\n<meta property=\"og:image\" content=\"https:\/\/blogdofarnesio.com.br\/wp-content\/uploads\/2017\/11\/blogqspouricuriverNANIAS-DE-SANTA-RITA-VEREADOR-e1510183222536.jpg\" \/>\n\t<meta property=\"og:image:width\" content=\"693\" \/>\n\t<meta property=\"og:image:height\" content=\"389\" \/>\n\t<meta property=\"og:image:type\" content=\"image\/jpeg\" \/>\n<meta name=\"author\" content=\"Farn\u00e9sio\" \/>\n<meta name=\"twitter:card\" content=\"summary_large_image\" \/>\n<meta name=\"twitter:label1\" content=\"Escrito por\" \/>\n\t<meta name=\"twitter:data1\" content=\"Farn\u00e9sio\" \/>\n\t<meta name=\"twitter:label2\" content=\"Est. tempo de leitura\" \/>\n\t<meta name=\"twitter:data2\" content=\"1 minuto\" \/>\n<script type=\"application\/ld+json\" class=\"yoast-schema-graph\">{\"@context\":\"https:\\\/\\\/schema.org\",\"@graph\":[{\"@type\":\"Article\",\"@id\":\"https:\\\/\\\/blogdofarnesio.com.br\\\/?p=181069#article\",\"isPartOf\":{\"@id\":\"https:\\\/\\\/blogdofarnesio.com.br\\\/?p=181069\"},\"author\":{\"name\":\"Farn\u00e9sio\",\"@id\":\"https:\\\/\\\/blogdofarnesio.com.br\\\/#\\\/schema\\\/person\\\/301c4acf522bccbfdb45af95b5b906a1\"},\"headline\":\"DIRETO DE OURICURI\",\"datePublished\":\"2017-11-09T10:43:39+00:00\",\"mainEntityOfPage\":{\"@id\":\"https:\\\/\\\/blogdofarnesio.com.br\\\/?p=181069\"},\"wordCount\":142,\"commentCount\":0,\"publisher\":{\"@id\":\"https:\\\/\\\/blogdofarnesio.com.br\\\/#organization\"},\"image\":{\"@id\":\"https:\\\/\\\/blogdofarnesio.com.br\\\/?p=181069#primaryimage\"},\"thumbnailUrl\":\"https:\\\/\\\/blogdofarnesio.com.br\\\/wp-content\\\/uploads\\\/2017\\\/11\\\/blogqspouricuriverNANIAS-DE-SANTA-RITA-VEREADOR-e1510183222536.jpg\",\"articleSection\":[\"Cidades\"],\"inLanguage\":\"pt-BR\",\"potentialAction\":[{\"@type\":\"CommentAction\",\"name\":\"Comment\",\"target\":[\"https:\\\/\\\/blogdofarnesio.com.br\\\/?p=181069#respond\"]}]},{\"@type\":\"WebPage\",\"@id\":\"https:\\\/\\\/blogdofarnesio.com.br\\\/?p=181069\",\"url\":\"https:\\\/\\\/blogdofarnesio.com.br\\\/?p=181069\",\"name\":\"DIRETO DE OURICURI - Blog do Farn\u00e9sio\",\"isPartOf\":{\"@id\":\"https:\\\/\\\/blogdofarnesio.com.br\\\/#website\"},\"primaryImageOfPage\":{\"@id\":\"https:\\\/\\\/blogdofarnesio.com.br\\\/?p=181069#primaryimage\"},\"image\":{\"@id\":\"https:\\\/\\\/blogdofarnesio.com.br\\\/?p=181069#primaryimage\"},\"thumbnailUrl\":\"https:\\\/\\\/blogdofarnesio.com.br\\\/wp-content\\\/uploads\\\/2017\\\/11\\\/blogqspouricuriverNANIAS-DE-SANTA-RITA-VEREADOR-e1510183222536.jpg\",\"datePublished\":\"2017-11-09T10:43:39+00:00\",\"breadcrumb\":{\"@id\":\"https:\\\/\\\/blogdofarnesio.com.br\\\/?p=181069#breadcrumb\"},\"inLanguage\":\"pt-BR\",\"potentialAction\":[{\"@type\":\"ReadAction\",\"target\":[\"https:\\\/\\\/blogdofarnesio.com.br\\\/?p=181069\"]}]},{\"@type\":\"ImageObject\",\"inLanguage\":\"pt-BR\",\"@id\":\"https:\\\/\\\/blogdofarnesio.com.br\\\/?p=181069#primaryimage\",\"url\":\"https:\\\/\\\/blogdofarnesio.com.br\\\/wp-content\\\/uploads\\\/2017\\\/11\\\/blogqspouricuriverNANIAS-DE-SANTA-RITA-VEREADOR-e1510183222536.jpg\",\"contentUrl\":\"https:\\\/\\\/blogdofarnesio.com.br\\\/wp-content\\\/uploads\\\/2017\\\/11\\\/blogqspouricuriverNANIAS-DE-SANTA-RITA-VEREADOR-e1510183222536.jpg\",\"width\":693,\"height\":389},{\"@type\":\"BreadcrumbList\",\"@id\":\"https:\\\/\\\/blogdofarnesio.com.br\\\/?p=181069#breadcrumb\",\"itemListElement\":[{\"@type\":\"ListItem\",\"position\":1,\"name\":\"In\u00edcio\",\"item\":\"https:\\\/\\\/blogdofarnesio.com.br\\\/\"},{\"@type\":\"ListItem\",\"position\":2,\"name\":\"DIRETO DE OURICURI\"}]},{\"@type\":\"WebSite\",\"@id\":\"https:\\\/\\\/blogdofarnesio.com.br\\\/#website\",\"url\":\"https:\\\/\\\/blogdofarnesio.com.br\\\/\",\"name\":\"Blog do Farn\u00e9sio\",\"description\":\"Quer Saber Pol\u00edtica?\",\"publisher\":{\"@id\":\"https:\\\/\\\/blogdofarnesio.com.br\\\/#organization\"},\"potentialAction\":[{\"@type\":\"SearchAction\",\"target\":{\"@type\":\"EntryPoint\",\"urlTemplate\":\"https:\\\/\\\/blogdofarnesio.com.br\\\/?s={search_term_string}\"},\"query-input\":{\"@type\":\"PropertyValueSpecification\",\"valueRequired\":true,\"valueName\":\"search_term_string\"}}],\"inLanguage\":\"pt-BR\"},{\"@type\":\"Organization\",\"@id\":\"https:\\\/\\\/blogdofarnesio.com.br\\\/#organization\",\"name\":\"Blog do Farn\u00e9sio\",\"url\":\"https:\\\/\\\/blogdofarnesio.com.br\\\/\",\"logo\":{\"@type\":\"ImageObject\",\"inLanguage\":\"pt-BR\",\"@id\":\"https:\\\/\\\/blogdofarnesio.com.br\\\/#\\\/schema\\\/logo\\\/image\\\/\",\"url\":\"https:\\\/\\\/blogdofarnesio.com.br\\\/wp-content\\\/uploads\\\/2026\\\/03\\\/cropped-logo_new-1.png\",\"contentUrl\":\"https:\\\/\\\/blogdofarnesio.com.br\\\/wp-content\\\/uploads\\\/2026\\\/03\\\/cropped-logo_new-1.png\",\"width\":881,\"height\":685,\"caption\":\"Blog do Farn\u00e9sio\"},\"image\":{\"@id\":\"https:\\\/\\\/blogdofarnesio.com.br\\\/#\\\/schema\\\/logo\\\/image\\\/\"},\"sameAs\":[\"https:\\\/\\\/www.facebook.com\\\/BlogQuerSaberPolitica\\\/\"]},{\"@type\":\"Person\",\"@id\":\"https:\\\/\\\/blogdofarnesio.com.br\\\/#\\\/schema\\\/person\\\/301c4acf522bccbfdb45af95b5b906a1\",\"name\":\"Farn\u00e9sio\",\"image\":{\"@type\":\"ImageObject\",\"inLanguage\":\"pt-BR\",\"@id\":\"https:\\\/\\\/secure.gravatar.com\\\/avatar\\\/df0c9a14567c056f8ad6876ba5bbd1e3e2c48023eb6807342fc4663adf549f38?s=96&d=mm&r=g\",\"url\":\"https:\\\/\\\/secure.gravatar.com\\\/avatar\\\/df0c9a14567c056f8ad6876ba5bbd1e3e2c48023eb6807342fc4663adf549f38?s=96&d=mm&r=g\",\"contentUrl\":\"https:\\\/\\\/secure.gravatar.com\\\/avatar\\\/df0c9a14567c056f8ad6876ba5bbd1e3e2c48023eb6807342fc4663adf549f38?s=96&d=mm&r=g\",\"caption\":\"Farn\u00e9sio\"},\"sameAs\":[\"https:\\\/\\\/quersaberpolitica.com.br\"],\"url\":\"https:\\\/\\\/blogdofarnesio.com.br\\\/?author=1\"}]}<\/script>\n<!-- \/ Yoast SEO plugin. -->","yoast_head_json":{"title":"DIRETO DE OURICURI - Blog do Farn\u00e9sio","robots":{"index":"index","follow":"follow","max-snippet":"max-snippet:-1","max-image-preview":"max-image-preview:large","max-video-preview":"max-video-preview:-1"},"canonical":"https:\/\/blogdofarnesio.com.br\/?p=181069","og_locale":"pt_BR","og_type":"article","og_title":"DIRETO DE OURICURI - Blog do Farn\u00e9sio","og_description":"C\u00c2MARA DE VEREADORES TER\u00c1 UM NOVO INTEGRANTE A PARTIR DE SEGUNDA-FEIRA (13)\u00a0 \u00a0Na segunda-feira (13), o suplente de vereador Nanias de Santa Rita (PSDB) ser\u00e1 empossado como vereador na Casa legislativa Rodrigo Castor em Ouricuri, no Sert\u00e3o do Araripe pernambucano. A cerimonia de posse ser\u00e1 a partir das 9 horas na C\u00e2mara Municipal. Nanias assume a cadeira do vereador Gildej\u00e2nio Melo, que est\u00e1 preso na cadeia P\u00fablica de Ouricuri desde o m\u00eas de setembro, e se encontra licenciado da casa legislativa at\u00e9 o inicio de janeiro de 2017. Ap\u00f3s o t\u00e9rmino dessa licen\u00e7a, Gildej\u00e2nio ainda tem a prerrogativa de ser licenciado por mais 30 dias. Ap\u00f3s o final desse prazo j\u00e1 cumprido, caso o vereador ainda n\u00e3o esteja em liberdade,&hellip;","og_url":"https:\/\/blogdofarnesio.com.br\/?p=181069","og_site_name":"Blog do Farn\u00e9sio","article_publisher":"https:\/\/www.facebook.com\/BlogQuerSaberPolitica\/","article_published_time":"2017-11-09T10:43:39+00:00","og_image":[{"width":693,"height":389,"url":"https:\/\/blogdofarnesio.com.br\/wp-content\/uploads\/2017\/11\/blogqspouricuriverNANIAS-DE-SANTA-RITA-VEREADOR-e1510183222536.jpg","type":"image\/jpeg"}],"author":"Farn\u00e9sio","twitter_card":"summary_large_image","twitter_misc":{"Escrito por":"Farn\u00e9sio","Est. tempo de leitura":"1 minuto"},"schema":{"@context":"https:\/\/schema.org","@graph":[{"@type":"Article","@id":"https:\/\/blogdofarnesio.com.br\/?p=181069#article","isPartOf":{"@id":"https:\/\/blogdofarnesio.com.br\/?p=181069"},"author":{"name":"Farn\u00e9sio","@id":"https:\/\/blogdofarnesio.com.br\/#\/schema\/person\/301c4acf522bccbfdb45af95b5b906a1"},"headline":"DIRETO DE OURICURI","datePublished":"2017-11-09T10:43:39+00:00","mainEntityOfPage":{"@id":"https:\/\/blogdofarnesio.com.br\/?p=181069"},"wordCount":142,"commentCount":0,"publisher":{"@id":"https:\/\/blogdofarnesio.com.br\/#organization"},"image":{"@id":"https:\/\/blogdofarnesio.com.br\/?p=181069#primaryimage"},"thumbnailUrl":"https:\/\/blogdofarnesio.com.br\/wp-content\/uploads\/2017\/11\/blogqspouricuriverNANIAS-DE-SANTA-RITA-VEREADOR-e1510183222536.jpg","articleSection":["Cidades"],"inLanguage":"pt-BR","potentialAction":[{"@type":"CommentAction","name":"Comment","target":["https:\/\/blogdofarnesio.com.br\/?p=181069#respond"]}]},{"@type":"WebPage","@id":"https:\/\/blogdofarnesio.com.br\/?p=181069","url":"https:\/\/blogdofarnesio.com.br\/?p=181069","name":"DIRETO DE OURICURI - Blog do Farn\u00e9sio","isPartOf":{"@id":"https:\/\/blogdofarnesio.com.br\/#website"},"primaryImageOfPage":{"@id":"https:\/\/blogdofarnesio.com.br\/?p=181069#primaryimage"},"image":{"@id":"https:\/\/blogdofarnesio.com.br\/?p=181069#primaryimage"},"thumbnailUrl":"https:\/\/blogdofarnesio.com.br\/wp-content\/uploads\/2017\/11\/blogqspouricuriverNANIAS-DE-SANTA-RITA-VEREADOR-e1510183222536.jpg","datePublished":"2017-11-09T10:43:39+00:00","breadcrumb":{"@id":"https:\/\/blogdofarnesio.com.br\/?p=181069#breadcrumb"},"inLanguage":"pt-BR","potentialAction":[{"@type":"ReadAction","target":["https:\/\/blogdofarnesio.com.br\/?p=181069"]}]},{"@type":"ImageObject","inLanguage":"pt-BR","@id":"https:\/\/blogdofarnesio.com.br\/?p=181069#primaryimage","url":"https:\/\/blogdofarnesio.com.br\/wp-content\/uploads\/2017\/11\/blogqspouricuriverNANIAS-DE-SANTA-RITA-VEREADOR-e1510183222536.jpg","contentUrl":"https:\/\/blogdofarnesio.com.br\/wp-content\/uploads\/2017\/11\/blogqspouricuriverNANIAS-DE-SANTA-RITA-VEREADOR-e1510183222536.jpg","width":693,"height":389},{"@type":"BreadcrumbList","@id":"https:\/\/blogdofarnesio.com.br\/?p=181069#breadcrumb","itemListElement":[{"@type":"ListItem","position":1,"name":"In\u00edcio","item":"https:\/\/blogdofarnesio.com.br\/"},{"@type":"ListItem","position":2,"name":"DIRETO DE OURICURI"}]},{"@type":"WebSite","@id":"https:\/\/blogdofarnesio.com.br\/#website","url":"https:\/\/blogdofarnesio.com.br\/","name":"Blog do Farn\u00e9sio","description":"Quer Saber Pol\u00edtica?","publisher":{"@id":"https:\/\/blogdofarnesio.com.br\/#organization"},"potentialAction":[{"@type":"SearchAction","target":{"@type":"EntryPoint","urlTemplate":"https:\/\/blogdofarnesio.com.br\/?s={search_term_string}"},"query-input":{"@type":"PropertyValueSpecification","valueRequired":true,"valueName":"search_term_string"}}],"inLanguage":"pt-BR"},{"@type":"Organization","@id":"https:\/\/blogdofarnesio.com.br\/#organization","name":"Blog do Farn\u00e9sio","url":"https:\/\/blogdofarnesio.com.br\/","logo":{"@type":"ImageObject","inLanguage":"pt-BR","@id":"https:\/\/blogdofarnesio.com.br\/#\/schema\/logo\/image\/","url":"https:\/\/blogdofarnesio.com.br\/wp-content\/uploads\/2026\/03\/cropped-logo_new-1.png","contentUrl":"https:\/\/blogdofarnesio.com.br\/wp-content\/uploads\/2026\/03\/cropped-logo_new-1.png","width":881,"height":685,"caption":"Blog do Farn\u00e9sio"},"image":{"@id":"https:\/\/blogdofarnesio.com.br\/#\/schema\/logo\/image\/"},"sameAs":["https:\/\/www.facebook.com\/BlogQuerSaberPolitica\/"]},{"@type":"Person","@id":"https:\/\/blogdofarnesio.com.br\/#\/schema\/person\/301c4acf522bccbfdb45af95b5b906a1","name":"Farn\u00e9sio","image":{"@type":"ImageObject","inLanguage":"pt-BR","@id":"https:\/\/secure.gravatar.com\/avatar\/df0c9a14567c056f8ad6876ba5bbd1e3e2c48023eb6807342fc4663adf549f38?s=96&d=mm&r=g","url":"https:\/\/secure.gravatar.com\/avatar\/df0c9a14567c056f8ad6876ba5bbd1e3e2c48023eb6807342fc4663adf549f38?s=96&d=mm&r=g","contentUrl":"https:\/\/secure.gravatar.com\/avatar\/df0c9a14567c056f8ad6876ba5bbd1e3e2c48023eb6807342fc4663adf549f38?s=96&d=mm&r=g","caption":"Farn\u00e9sio"},"sameAs":["https:\/\/quersaberpolitica.com.br"],"url":"https:\/\/blogdofarnesio.com.br\/?author=1"}]}},"_links":{"self":[{"href":"https:\/\/blogdofarnesio.com.br\/index.php?rest_route=\/wp\/v2\/posts\/181069","targetHints":{"allow":["GET"]}}],"collection":[{"href":"https:\/\/blogdofarnesio.com.br\/index.php?rest_route=\/wp\/v2\/posts"}],"about":[{"href":"https:\/\/blogdofarnesio.com.br\/index.php?rest_route=\/wp\/v2\/types\/post"}],"author":[{"embeddable":true,"href":"https:\/\/blogdofarnesio.com.br\/index.php?rest_route=\/wp\/v2\/users\/1"}],"replies":[{"embeddable":true,"href":"https:\/\/blogdofarnesio.com.br\/index.php?rest_route=%2Fwp%2Fv2%2Fcomments&post=181069"}],"version-history":[{"count":0,"href":"https:\/\/blogdofarnesio.com.br\/index.php?rest_route=\/wp\/v2\/posts\/181069\/revisions"}],"wp:featuredmedia":[{"embeddable":true,"href":"https:\/\/blogdofarnesio.com.br\/index.php?rest_route=\/wp\/v2\/media\/181070"}],"wp:attachment":[{"href":"https:\/\/blogdofarnesio.com.br\/index.php?rest_route=%2Fwp%2Fv2%2Fmedia&parent=181069"}],"wp:term":[{"taxonomy":"category","embeddable":true,"href":"https:\/\/blogdofarnesio.com.br\/index.php?rest_route=%2Fwp%2Fv2%2Fcategories&post=181069"},{"taxonomy":"post_tag","embeddable":true,"href":"https:\/\/blogdofarnesio.com.br\/index.php?rest_route=%2Fwp%2Fv2%2Ftags&post=181069"}],"curies":[{"name":"wp","href":"https:\/\/api.w.org\/{rel}","templated":true}]}}