{"id":181056,"date":"2017-11-09T08:34:06","date_gmt":"2017-11-09T11:34:06","guid":{"rendered":"http:\/\/quersaberpolitica.com.br\/2016\/?p=181056"},"modified":"2017-11-08T16:41:48","modified_gmt":"2017-11-08T19:41:48","slug":"juntos-porem-nao-misturados","status":"publish","type":"post","link":"https:\/\/blogdofarnesio.com.br\/?p=181056","title":{"rendered":"&#8216;JUNTOS, POR\u00c9M N\u00c3O MISTURADOS&#8217;"},"content":{"rendered":"<h2 class=\"blog-post-title\"><a href=\"http:\/\/blogdomagno.com.br\/ver_post.php?id=183430\">O S\u00e3o Francisco<\/a><\/h2>\n<div id=\"container_clear\"><\/div>\n<p>De\u00a0<strong>Marisa Gibson,<\/strong>\u00a0 na sua coluna DIARIO POL\u00cdTICO<\/p>\n<p>Armando Monteiro Neto (PTB) e Fernando Bezerra Coelho (PMDB), eleitos senadores em chapas encabe\u00e7adas por socialistas (Eduardo Campos em 2010 e Paulo C\u00e2mara em 2014 ), s\u00e3o hoje dois dos principais advers\u00e1rios do PSB e, entre os postulantes da oposi\u00e7\u00e3o ao governo do estado em 2018, s\u00e3o os que demonstram maior sintonia. Integrantes da Comiss\u00e3o de Assuntos Econ\u00f4micos (CAE) do Senado, Armando Neto e Fernando Bezerra jogam juntos em praticamente todos os temas relativos ao Nordeste.<\/p>\n<p>Ontem, o parecer favor\u00e1vel do senador petebista ao projeto de lei do senador Jos\u00e9 Pimentel (PT\/CE), que trata do uso dos recursos dos fundos constitucionais de financiamento (Norte, Nordeste e Centro-Oeste) em empreendimentos de revitaliza\u00e7\u00e3o de bacias hidrogr\u00e1ficas, teve o apoio entusiasmado de Fernando Bezerra.<\/p>\n<p>Nem poderia ser diferente: o projeto prev\u00ea que as a\u00e7\u00f5es de revitaliza\u00e7\u00e3o do Rio S\u00e3o Francisco, com verbas escassas no Or\u00e7amento da Uni\u00e3o, contar\u00e3o com uma fonte adicional \u2013 empr\u00e9stimos do Fundo Constitucional de Financiamento do Nordeste (FNE), cujo or\u00e7amento deste ano \u00e9 R$ 26,1 bilh\u00f5es.<\/p>\n<p>Essa \u00e9 uma quest\u00e3o que se entrela\u00e7a com um tema explosivo, a privatiza\u00e7\u00e3o da Chesf, uma das bandeiras que o PSB usar\u00e1 contra seus advers\u00e1rios em 2018, notadamente Fernando Filho, ministro de Minas e Energia. A privatiza\u00e7\u00e3o da Chesf abre um amplo debate sobre o uso das \u00e1guas do S\u00e3o Francisco, incluindo a revitaliza\u00e7\u00e3o do rio. O projeto aprovado pela CAE deve ser votado em regime de urg\u00eancia no plen\u00e1rio do Senado.<\/p>\n","protected":false},"excerpt":{"rendered":"<p>O S\u00e3o Francisco De\u00a0Marisa Gibson,\u00a0 na sua coluna DIARIO POL\u00cdTICO Armando Monteiro Neto (PTB) e Fernando Bezerra Coelho (PMDB), eleitos senadores em chapas encabe\u00e7adas por socialistas (Eduardo Campos em 2010 e Paulo C\u00e2mara em 2014 ), s\u00e3o hoje dois dos principais advers\u00e1rios do PSB e, entre os postulantes da oposi\u00e7\u00e3o ao governo do estado em 2018, s\u00e3o os que demonstram maior sintonia. Integrantes da Comiss\u00e3o de Assuntos Econ\u00f4micos (CAE) do Senado, Armando Neto e Fernando Bezerra jogam juntos em praticamente todos os temas relativos ao Nordeste. Ontem, o parecer favor\u00e1vel do senador petebista ao projeto de lei do senador Jos\u00e9 Pimentel (PT\/CE), que trata do uso dos recursos dos fundos constitucionais de financiamento (Norte, Nordeste e Centro-Oeste) em empreendimentos de&hellip; <\/p>\n","protected":false},"author":1,"featured_media":181057,"comment_status":"open","ping_status":"open","sticky":false,"template":"","format":"standard","meta":{"_acf_changed":false,"footnotes":""},"categories":[30],"tags":[],"class_list":["post-181056","post","type-post","status-publish","format-standard","has-post-thumbnail","hentry","category-artigo"],"acf":[],"yoast_head":"<!-- This site is optimized with the Yoast SEO plugin v27.4 - https:\/\/yoast.com\/product\/yoast-seo-wordpress\/ -->\n<title>&#039;JUNTOS, POR\u00c9M N\u00c3O MISTURADOS&#039; - Blog do Farn\u00e9sio<\/title>\n<meta name=\"robots\" content=\"index, follow, max-snippet:-1, max-image-preview:large, max-video-preview:-1\" \/>\n<link rel=\"canonical\" href=\"https:\/\/blogdofarnesio.com.br\/?p=181056\" \/>\n<meta property=\"og:locale\" content=\"pt_BR\" \/>\n<meta property=\"og:type\" content=\"article\" \/>\n<meta property=\"og:title\" content=\"&#039;JUNTOS, POR\u00c9M N\u00c3O MISTURADOS&#039; - Blog do Farn\u00e9sio\" \/>\n<meta property=\"og:description\" content=\"O S\u00e3o Francisco De\u00a0Marisa Gibson,\u00a0 na sua coluna DIARIO POL\u00cdTICO Armando Monteiro Neto (PTB) e Fernando Bezerra Coelho (PMDB), eleitos senadores em chapas encabe\u00e7adas por socialistas (Eduardo Campos em 2010 e Paulo C\u00e2mara em 2014 ), s\u00e3o hoje dois dos principais advers\u00e1rios do PSB e, entre os postulantes da oposi\u00e7\u00e3o ao governo do estado em 2018, s\u00e3o os que demonstram maior sintonia. Integrantes da Comiss\u00e3o de Assuntos Econ\u00f4micos (CAE) do Senado, Armando Neto e Fernando Bezerra jogam juntos em praticamente todos os temas relativos ao Nordeste. Ontem, o parecer favor\u00e1vel do senador petebista ao projeto de lei do senador Jos\u00e9 Pimentel (PT\/CE), que trata do uso dos recursos dos fundos constitucionais de financiamento (Norte, Nordeste e Centro-Oeste) em empreendimentos de&hellip;\" \/>\n<meta property=\"og:url\" content=\"https:\/\/blogdofarnesio.com.br\/?p=181056\" \/>\n<meta property=\"og:site_name\" content=\"Blog do Farn\u00e9sio\" \/>\n<meta property=\"article:publisher\" content=\"https:\/\/www.facebook.com\/BlogQuerSaberPolitica\/\" \/>\n<meta property=\"article:published_time\" content=\"2017-11-09T11:34:06+00:00\" \/>\n<meta property=\"og:image\" content=\"https:\/\/blogdofarnesio.com.br\/wp-content\/uploads\/2017\/11\/blogqspfbcarmando.jpg\" \/>\n\t<meta property=\"og:image:width\" content=\"600\" \/>\n\t<meta property=\"og:image:height\" content=\"352\" \/>\n\t<meta property=\"og:image:type\" content=\"image\/jpeg\" \/>\n<meta name=\"author\" content=\"Farn\u00e9sio\" \/>\n<meta name=\"twitter:card\" content=\"summary_large_image\" \/>\n<meta name=\"twitter:label1\" content=\"Escrito por\" \/>\n\t<meta name=\"twitter:data1\" content=\"Farn\u00e9sio\" \/>\n\t<meta name=\"twitter:label2\" content=\"Est. tempo de leitura\" \/>\n\t<meta name=\"twitter:data2\" content=\"1 minuto\" \/>\n<script type=\"application\/ld+json\" class=\"yoast-schema-graph\">{\"@context\":\"https:\\\/\\\/schema.org\",\"@graph\":[{\"@type\":\"Article\",\"@id\":\"https:\\\/\\\/blogdofarnesio.com.br\\\/?p=181056#article\",\"isPartOf\":{\"@id\":\"https:\\\/\\\/blogdofarnesio.com.br\\\/?p=181056\"},\"author\":{\"name\":\"Farn\u00e9sio\",\"@id\":\"https:\\\/\\\/blogdofarnesio.com.br\\\/#\\\/schema\\\/person\\\/301c4acf522bccbfdb45af95b5b906a1\"},\"headline\":\"&#8216;JUNTOS, POR\u00c9M N\u00c3O MISTURADOS&#8217;\",\"datePublished\":\"2017-11-09T11:34:06+00:00\",\"mainEntityOfPage\":{\"@id\":\"https:\\\/\\\/blogdofarnesio.com.br\\\/?p=181056\"},\"wordCount\":279,\"commentCount\":0,\"publisher\":{\"@id\":\"https:\\\/\\\/blogdofarnesio.com.br\\\/#organization\"},\"image\":{\"@id\":\"https:\\\/\\\/blogdofarnesio.com.br\\\/?p=181056#primaryimage\"},\"thumbnailUrl\":\"https:\\\/\\\/blogdofarnesio.com.br\\\/wp-content\\\/uploads\\\/2017\\\/11\\\/blogqspfbcarmando.jpg\",\"articleSection\":[\"Artigo\"],\"inLanguage\":\"pt-BR\",\"potentialAction\":[{\"@type\":\"CommentAction\",\"name\":\"Comment\",\"target\":[\"https:\\\/\\\/blogdofarnesio.com.br\\\/?p=181056#respond\"]}]},{\"@type\":\"WebPage\",\"@id\":\"https:\\\/\\\/blogdofarnesio.com.br\\\/?p=181056\",\"url\":\"https:\\\/\\\/blogdofarnesio.com.br\\\/?p=181056\",\"name\":\"'JUNTOS, POR\u00c9M N\u00c3O MISTURADOS' - Blog do Farn\u00e9sio\",\"isPartOf\":{\"@id\":\"https:\\\/\\\/blogdofarnesio.com.br\\\/#website\"},\"primaryImageOfPage\":{\"@id\":\"https:\\\/\\\/blogdofarnesio.com.br\\\/?p=181056#primaryimage\"},\"image\":{\"@id\":\"https:\\\/\\\/blogdofarnesio.com.br\\\/?p=181056#primaryimage\"},\"thumbnailUrl\":\"https:\\\/\\\/blogdofarnesio.com.br\\\/wp-content\\\/uploads\\\/2017\\\/11\\\/blogqspfbcarmando.jpg\",\"datePublished\":\"2017-11-09T11:34:06+00:00\",\"breadcrumb\":{\"@id\":\"https:\\\/\\\/blogdofarnesio.com.br\\\/?p=181056#breadcrumb\"},\"inLanguage\":\"pt-BR\",\"potentialAction\":[{\"@type\":\"ReadAction\",\"target\":[\"https:\\\/\\\/blogdofarnesio.com.br\\\/?p=181056\"]}]},{\"@type\":\"ImageObject\",\"inLanguage\":\"pt-BR\",\"@id\":\"https:\\\/\\\/blogdofarnesio.com.br\\\/?p=181056#primaryimage\",\"url\":\"https:\\\/\\\/blogdofarnesio.com.br\\\/wp-content\\\/uploads\\\/2017\\\/11\\\/blogqspfbcarmando.jpg\",\"contentUrl\":\"https:\\\/\\\/blogdofarnesio.com.br\\\/wp-content\\\/uploads\\\/2017\\\/11\\\/blogqspfbcarmando.jpg\",\"width\":600,\"height\":352},{\"@type\":\"BreadcrumbList\",\"@id\":\"https:\\\/\\\/blogdofarnesio.com.br\\\/?p=181056#breadcrumb\",\"itemListElement\":[{\"@type\":\"ListItem\",\"position\":1,\"name\":\"In\u00edcio\",\"item\":\"https:\\\/\\\/blogdofarnesio.com.br\\\/\"},{\"@type\":\"ListItem\",\"position\":2,\"name\":\"&#8216;JUNTOS, POR\u00c9M N\u00c3O MISTURADOS&#8217;\"}]},{\"@type\":\"WebSite\",\"@id\":\"https:\\\/\\\/blogdofarnesio.com.br\\\/#website\",\"url\":\"https:\\\/\\\/blogdofarnesio.com.br\\\/\",\"name\":\"Blog do Farn\u00e9sio\",\"description\":\"Quer Saber Pol\u00edtica?\",\"publisher\":{\"@id\":\"https:\\\/\\\/blogdofarnesio.com.br\\\/#organization\"},\"potentialAction\":[{\"@type\":\"SearchAction\",\"target\":{\"@type\":\"EntryPoint\",\"urlTemplate\":\"https:\\\/\\\/blogdofarnesio.com.br\\\/?s={search_term_string}\"},\"query-input\":{\"@type\":\"PropertyValueSpecification\",\"valueRequired\":true,\"valueName\":\"search_term_string\"}}],\"inLanguage\":\"pt-BR\"},{\"@type\":\"Organization\",\"@id\":\"https:\\\/\\\/blogdofarnesio.com.br\\\/#organization\",\"name\":\"Blog do Farn\u00e9sio\",\"url\":\"https:\\\/\\\/blogdofarnesio.com.br\\\/\",\"logo\":{\"@type\":\"ImageObject\",\"inLanguage\":\"pt-BR\",\"@id\":\"https:\\\/\\\/blogdofarnesio.com.br\\\/#\\\/schema\\\/logo\\\/image\\\/\",\"url\":\"https:\\\/\\\/blogdofarnesio.com.br\\\/wp-content\\\/uploads\\\/2026\\\/03\\\/cropped-logo_new-1.png\",\"contentUrl\":\"https:\\\/\\\/blogdofarnesio.com.br\\\/wp-content\\\/uploads\\\/2026\\\/03\\\/cropped-logo_new-1.png\",\"width\":881,\"height\":685,\"caption\":\"Blog do Farn\u00e9sio\"},\"image\":{\"@id\":\"https:\\\/\\\/blogdofarnesio.com.br\\\/#\\\/schema\\\/logo\\\/image\\\/\"},\"sameAs\":[\"https:\\\/\\\/www.facebook.com\\\/BlogQuerSaberPolitica\\\/\"]},{\"@type\":\"Person\",\"@id\":\"https:\\\/\\\/blogdofarnesio.com.br\\\/#\\\/schema\\\/person\\\/301c4acf522bccbfdb45af95b5b906a1\",\"name\":\"Farn\u00e9sio\",\"image\":{\"@type\":\"ImageObject\",\"inLanguage\":\"pt-BR\",\"@id\":\"https:\\\/\\\/secure.gravatar.com\\\/avatar\\\/df0c9a14567c056f8ad6876ba5bbd1e3e2c48023eb6807342fc4663adf549f38?s=96&d=mm&r=g\",\"url\":\"https:\\\/\\\/secure.gravatar.com\\\/avatar\\\/df0c9a14567c056f8ad6876ba5bbd1e3e2c48023eb6807342fc4663adf549f38?s=96&d=mm&r=g\",\"contentUrl\":\"https:\\\/\\\/secure.gravatar.com\\\/avatar\\\/df0c9a14567c056f8ad6876ba5bbd1e3e2c48023eb6807342fc4663adf549f38?s=96&d=mm&r=g\",\"caption\":\"Farn\u00e9sio\"},\"sameAs\":[\"https:\\\/\\\/quersaberpolitica.com.br\"],\"url\":\"https:\\\/\\\/blogdofarnesio.com.br\\\/?author=1\"}]}<\/script>\n<!-- \/ Yoast SEO plugin. -->","yoast_head_json":{"title":"'JUNTOS, POR\u00c9M N\u00c3O MISTURADOS' - Blog do Farn\u00e9sio","robots":{"index":"index","follow":"follow","max-snippet":"max-snippet:-1","max-image-preview":"max-image-preview:large","max-video-preview":"max-video-preview:-1"},"canonical":"https:\/\/blogdofarnesio.com.br\/?p=181056","og_locale":"pt_BR","og_type":"article","og_title":"'JUNTOS, POR\u00c9M N\u00c3O MISTURADOS' - Blog do Farn\u00e9sio","og_description":"O S\u00e3o Francisco De\u00a0Marisa Gibson,\u00a0 na sua coluna DIARIO POL\u00cdTICO Armando Monteiro Neto (PTB) e Fernando Bezerra Coelho (PMDB), eleitos senadores em chapas encabe\u00e7adas por socialistas (Eduardo Campos em 2010 e Paulo C\u00e2mara em 2014 ), s\u00e3o hoje dois dos principais advers\u00e1rios do PSB e, entre os postulantes da oposi\u00e7\u00e3o ao governo do estado em 2018, s\u00e3o os que demonstram maior sintonia. Integrantes da Comiss\u00e3o de Assuntos Econ\u00f4micos (CAE) do Senado, Armando Neto e Fernando Bezerra jogam juntos em praticamente todos os temas relativos ao Nordeste. Ontem, o parecer favor\u00e1vel do senador petebista ao projeto de lei do senador Jos\u00e9 Pimentel (PT\/CE), que trata do uso dos recursos dos fundos constitucionais de financiamento (Norte, Nordeste e Centro-Oeste) em empreendimentos de&hellip;","og_url":"https:\/\/blogdofarnesio.com.br\/?p=181056","og_site_name":"Blog do Farn\u00e9sio","article_publisher":"https:\/\/www.facebook.com\/BlogQuerSaberPolitica\/","article_published_time":"2017-11-09T11:34:06+00:00","og_image":[{"width":600,"height":352,"url":"https:\/\/blogdofarnesio.com.br\/wp-content\/uploads\/2017\/11\/blogqspfbcarmando.jpg","type":"image\/jpeg"}],"author":"Farn\u00e9sio","twitter_card":"summary_large_image","twitter_misc":{"Escrito por":"Farn\u00e9sio","Est. tempo de leitura":"1 minuto"},"schema":{"@context":"https:\/\/schema.org","@graph":[{"@type":"Article","@id":"https:\/\/blogdofarnesio.com.br\/?p=181056#article","isPartOf":{"@id":"https:\/\/blogdofarnesio.com.br\/?p=181056"},"author":{"name":"Farn\u00e9sio","@id":"https:\/\/blogdofarnesio.com.br\/#\/schema\/person\/301c4acf522bccbfdb45af95b5b906a1"},"headline":"&#8216;JUNTOS, POR\u00c9M N\u00c3O MISTURADOS&#8217;","datePublished":"2017-11-09T11:34:06+00:00","mainEntityOfPage":{"@id":"https:\/\/blogdofarnesio.com.br\/?p=181056"},"wordCount":279,"commentCount":0,"publisher":{"@id":"https:\/\/blogdofarnesio.com.br\/#organization"},"image":{"@id":"https:\/\/blogdofarnesio.com.br\/?p=181056#primaryimage"},"thumbnailUrl":"https:\/\/blogdofarnesio.com.br\/wp-content\/uploads\/2017\/11\/blogqspfbcarmando.jpg","articleSection":["Artigo"],"inLanguage":"pt-BR","potentialAction":[{"@type":"CommentAction","name":"Comment","target":["https:\/\/blogdofarnesio.com.br\/?p=181056#respond"]}]},{"@type":"WebPage","@id":"https:\/\/blogdofarnesio.com.br\/?p=181056","url":"https:\/\/blogdofarnesio.com.br\/?p=181056","name":"'JUNTOS, POR\u00c9M N\u00c3O MISTURADOS' - Blog do Farn\u00e9sio","isPartOf":{"@id":"https:\/\/blogdofarnesio.com.br\/#website"},"primaryImageOfPage":{"@id":"https:\/\/blogdofarnesio.com.br\/?p=181056#primaryimage"},"image":{"@id":"https:\/\/blogdofarnesio.com.br\/?p=181056#primaryimage"},"thumbnailUrl":"https:\/\/blogdofarnesio.com.br\/wp-content\/uploads\/2017\/11\/blogqspfbcarmando.jpg","datePublished":"2017-11-09T11:34:06+00:00","breadcrumb":{"@id":"https:\/\/blogdofarnesio.com.br\/?p=181056#breadcrumb"},"inLanguage":"pt-BR","potentialAction":[{"@type":"ReadAction","target":["https:\/\/blogdofarnesio.com.br\/?p=181056"]}]},{"@type":"ImageObject","inLanguage":"pt-BR","@id":"https:\/\/blogdofarnesio.com.br\/?p=181056#primaryimage","url":"https:\/\/blogdofarnesio.com.br\/wp-content\/uploads\/2017\/11\/blogqspfbcarmando.jpg","contentUrl":"https:\/\/blogdofarnesio.com.br\/wp-content\/uploads\/2017\/11\/blogqspfbcarmando.jpg","width":600,"height":352},{"@type":"BreadcrumbList","@id":"https:\/\/blogdofarnesio.com.br\/?p=181056#breadcrumb","itemListElement":[{"@type":"ListItem","position":1,"name":"In\u00edcio","item":"https:\/\/blogdofarnesio.com.br\/"},{"@type":"ListItem","position":2,"name":"&#8216;JUNTOS, POR\u00c9M N\u00c3O MISTURADOS&#8217;"}]},{"@type":"WebSite","@id":"https:\/\/blogdofarnesio.com.br\/#website","url":"https:\/\/blogdofarnesio.com.br\/","name":"Blog do Farn\u00e9sio","description":"Quer Saber Pol\u00edtica?","publisher":{"@id":"https:\/\/blogdofarnesio.com.br\/#organization"},"potentialAction":[{"@type":"SearchAction","target":{"@type":"EntryPoint","urlTemplate":"https:\/\/blogdofarnesio.com.br\/?s={search_term_string}"},"query-input":{"@type":"PropertyValueSpecification","valueRequired":true,"valueName":"search_term_string"}}],"inLanguage":"pt-BR"},{"@type":"Organization","@id":"https:\/\/blogdofarnesio.com.br\/#organization","name":"Blog do Farn\u00e9sio","url":"https:\/\/blogdofarnesio.com.br\/","logo":{"@type":"ImageObject","inLanguage":"pt-BR","@id":"https:\/\/blogdofarnesio.com.br\/#\/schema\/logo\/image\/","url":"https:\/\/blogdofarnesio.com.br\/wp-content\/uploads\/2026\/03\/cropped-logo_new-1.png","contentUrl":"https:\/\/blogdofarnesio.com.br\/wp-content\/uploads\/2026\/03\/cropped-logo_new-1.png","width":881,"height":685,"caption":"Blog do Farn\u00e9sio"},"image":{"@id":"https:\/\/blogdofarnesio.com.br\/#\/schema\/logo\/image\/"},"sameAs":["https:\/\/www.facebook.com\/BlogQuerSaberPolitica\/"]},{"@type":"Person","@id":"https:\/\/blogdofarnesio.com.br\/#\/schema\/person\/301c4acf522bccbfdb45af95b5b906a1","name":"Farn\u00e9sio","image":{"@type":"ImageObject","inLanguage":"pt-BR","@id":"https:\/\/secure.gravatar.com\/avatar\/df0c9a14567c056f8ad6876ba5bbd1e3e2c48023eb6807342fc4663adf549f38?s=96&d=mm&r=g","url":"https:\/\/secure.gravatar.com\/avatar\/df0c9a14567c056f8ad6876ba5bbd1e3e2c48023eb6807342fc4663adf549f38?s=96&d=mm&r=g","contentUrl":"https:\/\/secure.gravatar.com\/avatar\/df0c9a14567c056f8ad6876ba5bbd1e3e2c48023eb6807342fc4663adf549f38?s=96&d=mm&r=g","caption":"Farn\u00e9sio"},"sameAs":["https:\/\/quersaberpolitica.com.br"],"url":"https:\/\/blogdofarnesio.com.br\/?author=1"}]}},"_links":{"self":[{"href":"https:\/\/blogdofarnesio.com.br\/index.php?rest_route=\/wp\/v2\/posts\/181056","targetHints":{"allow":["GET"]}}],"collection":[{"href":"https:\/\/blogdofarnesio.com.br\/index.php?rest_route=\/wp\/v2\/posts"}],"about":[{"href":"https:\/\/blogdofarnesio.com.br\/index.php?rest_route=\/wp\/v2\/types\/post"}],"author":[{"embeddable":true,"href":"https:\/\/blogdofarnesio.com.br\/index.php?rest_route=\/wp\/v2\/users\/1"}],"replies":[{"embeddable":true,"href":"https:\/\/blogdofarnesio.com.br\/index.php?rest_route=%2Fwp%2Fv2%2Fcomments&post=181056"}],"version-history":[{"count":0,"href":"https:\/\/blogdofarnesio.com.br\/index.php?rest_route=\/wp\/v2\/posts\/181056\/revisions"}],"wp:featuredmedia":[{"embeddable":true,"href":"https:\/\/blogdofarnesio.com.br\/index.php?rest_route=\/wp\/v2\/media\/181057"}],"wp:attachment":[{"href":"https:\/\/blogdofarnesio.com.br\/index.php?rest_route=%2Fwp%2Fv2%2Fmedia&parent=181056"}],"wp:term":[{"taxonomy":"category","embeddable":true,"href":"https:\/\/blogdofarnesio.com.br\/index.php?rest_route=%2Fwp%2Fv2%2Fcategories&post=181056"},{"taxonomy":"post_tag","embeddable":true,"href":"https:\/\/blogdofarnesio.com.br\/index.php?rest_route=%2Fwp%2Fv2%2Ftags&post=181056"}],"curies":[{"name":"wp","href":"https:\/\/api.w.org\/{rel}","templated":true}]}}