{"id":18093,"date":"2012-10-14T10:02:06","date_gmt":"2012-10-14T10:02:06","guid":{"rendered":"http:\/\/www.quersaberpolitica.com.br?p=18093"},"modified":"2012-10-12T19:24:07","modified_gmt":"2012-10-12T19:24:07","slug":"escola-de-tempo-integral-convoca-assembleia-geral-para-constituicao-da-sua-unidade-executora","status":"publish","type":"post","link":"https:\/\/blogdofarnesio.com.br\/?p=18093","title":{"rendered":"Escola de Tempo Integral convoca Assembleia Geral para constitui\u00e7\u00e3o da sua Unidade Executora"},"content":{"rendered":"<p>&nbsp;<\/p>\n<p><span style=\"font-size: medium;\"><span style=\"font-family: arial, helvetica, sans-serif;\"><a style=\"font-size: medium; text-align: justify;\" rel=\"lightbox\" href=\"http:\/\/www.quersaberpolitica.com.br\/2016\/wp-content\/uploads\/2012\/12\/blogqspescolatempointegral_foto_farnesiosilva14.jpg\"><img loading=\"lazy\" decoding=\"async\" style=\"float: left; margin: 5px 10px;\" src=\"http:\/\/www.quersaberpolitica.com.br\/2016\/wp-content\/uploads\/2012\/12\/blogqspescolatempointegral_foto_farnesiosilva14.jpg\" alt=\"\" width=\"200\" height=\"150\" \/><\/a><\/span><\/span><\/p>\n<p style=\"text-align: justify;\"><span style=\"font-size: medium;\"><span style=\"font-family: arial, helvetica, sans-serif;\">A dire&ccedil;&atilde;o da Escola Municipal de Tempo Integral Iracema Pereira Paix&atilde;o, localizada no bairro S&atilde;o Geraldo, convoca professores, pais, funcion&aacute;rios e alunos, bem como quaisquer membros da comunidade, para Assembleia Geral que constituir&aacute; a Unidade Executora do Programa Dinheiro Direto na Escola (PDDE).<\/span><\/span><\/p>\n<p style=\"text-align: justify;\"><span style=\"font-size: large;\"><span style=\"font-size: medium;\"><span style=\"font-family: arial, helvetica, sans-serif;\">A Assembleia Geral (que &eacute; uma das exig&ecirc;ncias do Minist&eacute;rio da Educa&ccedil;&atilde;o para forma&ccedil;&atilde;o da UEx) acontecer&aacute; &agrave;s 15 h do dia 19 de outubro, no audit&oacute;rio da escola, localizada na Avenida Edgard Chastinet, s\/n. Al&eacute;m da forma&ccedil;&atilde;o da UEx, ser&aacute; realizada a revis&atilde;o e aprova&ccedil;&atilde;o do novo estatuto da Unidade Executora, como tamb&eacute;m a elei&ccedil;&atilde;o e posse da diretoria e dos respectivos membros do Conselho Deliberativo e Fiscal.<\/span><\/span><\/span><\/p>\n<p style=\"text-align: justify;\"><span style=\"font-size: large;\"><span style=\"font-size: medium;\"><span style=\"font-family: arial, helvetica, sans-serif;\">Unidade Executora (Associa&ccedil;&atilde;o de Pais e Mestres &#8211; como era anteriormente chamada) &eacute; uma organiza&ccedil;&atilde;o da sociedade civil com personalidade jur&iacute;dica de direito privado, sem fins lucrativos, que pode ser institu&iacute;da por iniciativa da escola, da comunidade ou de ambas. Tem como objetivo proporcionar a participa&ccedil;&atilde;o de todos na constru&ccedil;&atilde;o da gest&atilde;o pedag&oacute;gica, administrativa e financeira da escola.<\/span><\/span><\/span><\/p>\n<p style=\"text-align: justify;\"><span style=\"font-size: medium;\"><span style=\"font-family: arial, helvetica, sans-serif;\">As Unidades Executoras Escolares possuem as seguintes atribui&ccedil;&otilde;es: administrar recursos transferidos por &oacute;rg&atilde;os federais, estaduais, distritais e municipais; gerir recursos advindos de doa&ccedil;&otilde;es da comunidade e de entidades privadas; controlar recursos provenientes da promo&ccedil;&atilde;o de campanhas escolares e de outras fontes; fomentar as atividades pedag&oacute;gicas, a manuten&ccedil;&atilde;o e conserva&ccedil;&atilde;o f&iacute;sica de equipamentos e a aquisi&ccedil;&atilde;o de materiais necess&aacute;rios ao funcionamento da escola; e prestar contas dos recursos repassados, arrecadados e doados.<\/span><\/span><\/p>\n<p style=\"text-align: justify;\"><span style=\"font-size: large;\"><span style=\"font-size: medium;\"><span style=\"font-family: arial, helvetica, sans-serif;\">A iniciativa conta com o apoio da Prefeitura de Juazeiro, atrav&eacute;s da Secretaria de Educa&ccedil;&atilde;o e Esportes, e a meta &eacute; que todas as unidades da Rede Municipal de Ensino formem suas UEx e mantenham os pais e a comunidade participando ativamente do dia a dia das escolas.<\/span><\/span><\/span><\/p>\n<p>&nbsp;<\/p>\n","protected":false},"excerpt":{"rendered":"<p>&nbsp; A dire&ccedil;&atilde;o da Escola Municipal de Tempo Integral Iracema Pereira Paix&atilde;o, localizada no bairro S&atilde;o Geraldo, convoca professores, pais, funcion&aacute;rios e alunos, bem como quaisquer membros da comunidade, para Assembleia Geral que constituir&aacute; a Unidade Executora do Programa Dinheiro Direto na Escola (PDDE). A Assembleia Geral (que &eacute; uma das exig&ecirc;ncias do Minist&eacute;rio da Educa&ccedil;&atilde;o para forma&ccedil;&atilde;o da UEx) acontecer&aacute; &agrave;s 15 h do dia 19 de outubro, no audit&oacute;rio da escola, localizada na Avenida Edgard Chastinet, s\/n. Al&eacute;m da forma&ccedil;&atilde;o da UEx, ser&aacute; realizada a revis&atilde;o e aprova&ccedil;&atilde;o do novo estatuto da Unidade Executora, como tamb&eacute;m a elei&ccedil;&atilde;o e posse da diretoria e dos respectivos membros do Conselho Deliberativo e Fiscal. Unidade Executora (Associa&ccedil;&atilde;o de Pais e Mestres&hellip; <\/p>\n","protected":false},"author":0,"featured_media":0,"comment_status":"open","ping_status":"open","sticky":false,"template":"","format":"standard","meta":{"_acf_changed":false,"footnotes":""},"categories":[5],"tags":[],"class_list":["post-18093","post","type-post","status-publish","format-standard","hentry","category-seguranca"],"acf":[],"yoast_head":"<!-- This site is optimized with the Yoast SEO plugin v27.4 - https:\/\/yoast.com\/product\/yoast-seo-wordpress\/ -->\n<title>Escola de Tempo Integral convoca Assembleia Geral para constitui\u00e7\u00e3o da sua Unidade Executora - Blog do Farn\u00e9sio<\/title>\n<meta name=\"robots\" content=\"index, follow, max-snippet:-1, max-image-preview:large, max-video-preview:-1\" \/>\n<link rel=\"canonical\" href=\"https:\/\/blogdofarnesio.com.br\/?p=18093\" \/>\n<meta property=\"og:locale\" content=\"pt_BR\" \/>\n<meta property=\"og:type\" content=\"article\" \/>\n<meta property=\"og:title\" content=\"Escola de Tempo Integral convoca Assembleia Geral para constitui\u00e7\u00e3o da sua Unidade Executora - Blog do Farn\u00e9sio\" \/>\n<meta property=\"og:description\" content=\"&nbsp; A dire&ccedil;&atilde;o da Escola Municipal de Tempo Integral Iracema Pereira Paix&atilde;o, localizada no bairro S&atilde;o Geraldo, convoca professores, pais, funcion&aacute;rios e alunos, bem como quaisquer membros da comunidade, para Assembleia Geral que constituir&aacute; a Unidade Executora do Programa Dinheiro Direto na Escola (PDDE). A Assembleia Geral (que &eacute; uma das exig&ecirc;ncias do Minist&eacute;rio da Educa&ccedil;&atilde;o para forma&ccedil;&atilde;o da UEx) acontecer&aacute; &agrave;s 15 h do dia 19 de outubro, no audit&oacute;rio da escola, localizada na Avenida Edgard Chastinet, s\/n. Al&eacute;m da forma&ccedil;&atilde;o da UEx, ser&aacute; realizada a revis&atilde;o e aprova&ccedil;&atilde;o do novo estatuto da Unidade Executora, como tamb&eacute;m a elei&ccedil;&atilde;o e posse da diretoria e dos respectivos membros do Conselho Deliberativo e Fiscal. Unidade Executora (Associa&ccedil;&atilde;o de Pais e Mestres&hellip;\" \/>\n<meta property=\"og:url\" content=\"https:\/\/blogdofarnesio.com.br\/?p=18093\" \/>\n<meta property=\"og:site_name\" content=\"Blog do Farn\u00e9sio\" \/>\n<meta property=\"article:publisher\" content=\"https:\/\/www.facebook.com\/BlogQuerSaberPolitica\/\" \/>\n<meta property=\"article:published_time\" content=\"2012-10-14T10:02:06+00:00\" \/>\n<meta property=\"og:image\" content=\"http:\/\/www.quersaberpolitica.com.br\/2016\/wp-content\/uploads\/2012\/12\/blogqspescolatempointegral_foto_farnesiosilva14.jpg\" \/>\n<meta name=\"twitter:card\" content=\"summary_large_image\" \/>\n<meta name=\"twitter:label1\" content=\"Est. tempo de leitura\" \/>\n\t<meta name=\"twitter:data1\" content=\"2 minutos\" \/>\n<script type=\"application\/ld+json\" class=\"yoast-schema-graph\">{\"@context\":\"https:\\\/\\\/schema.org\",\"@graph\":[{\"@type\":\"Article\",\"@id\":\"https:\\\/\\\/blogdofarnesio.com.br\\\/?p=18093#article\",\"isPartOf\":{\"@id\":\"https:\\\/\\\/blogdofarnesio.com.br\\\/?p=18093\"},\"author\":{\"name\":\"\",\"@id\":\"\"},\"headline\":\"Escola de Tempo Integral convoca Assembleia Geral para constitui\u00e7\u00e3o da sua Unidade Executora\",\"datePublished\":\"2012-10-14T10:02:06+00:00\",\"mainEntityOfPage\":{\"@id\":\"https:\\\/\\\/blogdofarnesio.com.br\\\/?p=18093\"},\"wordCount\":396,\"commentCount\":0,\"publisher\":{\"@id\":\"https:\\\/\\\/blogdofarnesio.com.br\\\/#organization\"},\"image\":{\"@id\":\"https:\\\/\\\/blogdofarnesio.com.br\\\/?p=18093#primaryimage\"},\"thumbnailUrl\":\"http:\\\/\\\/www.quersaberpolitica.com.br\\\/2016\\\/wp-content\\\/uploads\\\/2012\\\/12\\\/blogqspescolatempointegral_foto_farnesiosilva14.jpg\",\"articleSection\":[\"Seguran\u00e7a\"],\"inLanguage\":\"pt-BR\",\"potentialAction\":[{\"@type\":\"CommentAction\",\"name\":\"Comment\",\"target\":[\"https:\\\/\\\/blogdofarnesio.com.br\\\/?p=18093#respond\"]}]},{\"@type\":\"WebPage\",\"@id\":\"https:\\\/\\\/blogdofarnesio.com.br\\\/?p=18093\",\"url\":\"https:\\\/\\\/blogdofarnesio.com.br\\\/?p=18093\",\"name\":\"Escola de Tempo Integral convoca Assembleia Geral para constitui\u00e7\u00e3o da sua Unidade Executora - Blog do Farn\u00e9sio\",\"isPartOf\":{\"@id\":\"https:\\\/\\\/blogdofarnesio.com.br\\\/#website\"},\"primaryImageOfPage\":{\"@id\":\"https:\\\/\\\/blogdofarnesio.com.br\\\/?p=18093#primaryimage\"},\"image\":{\"@id\":\"https:\\\/\\\/blogdofarnesio.com.br\\\/?p=18093#primaryimage\"},\"thumbnailUrl\":\"http:\\\/\\\/www.quersaberpolitica.com.br\\\/2016\\\/wp-content\\\/uploads\\\/2012\\\/12\\\/blogqspescolatempointegral_foto_farnesiosilva14.jpg\",\"datePublished\":\"2012-10-14T10:02:06+00:00\",\"breadcrumb\":{\"@id\":\"https:\\\/\\\/blogdofarnesio.com.br\\\/?p=18093#breadcrumb\"},\"inLanguage\":\"pt-BR\",\"potentialAction\":[{\"@type\":\"ReadAction\",\"target\":[\"https:\\\/\\\/blogdofarnesio.com.br\\\/?p=18093\"]}]},{\"@type\":\"ImageObject\",\"inLanguage\":\"pt-BR\",\"@id\":\"https:\\\/\\\/blogdofarnesio.com.br\\\/?p=18093#primaryimage\",\"url\":\"http:\\\/\\\/www.quersaberpolitica.com.br\\\/2016\\\/wp-content\\\/uploads\\\/2012\\\/12\\\/blogqspescolatempointegral_foto_farnesiosilva14.jpg\",\"contentUrl\":\"http:\\\/\\\/www.quersaberpolitica.com.br\\\/2016\\\/wp-content\\\/uploads\\\/2012\\\/12\\\/blogqspescolatempointegral_foto_farnesiosilva14.jpg\"},{\"@type\":\"BreadcrumbList\",\"@id\":\"https:\\\/\\\/blogdofarnesio.com.br\\\/?p=18093#breadcrumb\",\"itemListElement\":[{\"@type\":\"ListItem\",\"position\":1,\"name\":\"In\u00edcio\",\"item\":\"https:\\\/\\\/blogdofarnesio.com.br\\\/\"},{\"@type\":\"ListItem\",\"position\":2,\"name\":\"Escola de Tempo Integral convoca Assembleia Geral para constitui\u00e7\u00e3o da sua Unidade Executora\"}]},{\"@type\":\"WebSite\",\"@id\":\"https:\\\/\\\/blogdofarnesio.com.br\\\/#website\",\"url\":\"https:\\\/\\\/blogdofarnesio.com.br\\\/\",\"name\":\"Blog do Farn\u00e9sio\",\"description\":\"Quer Saber Pol\u00edtica?\",\"publisher\":{\"@id\":\"https:\\\/\\\/blogdofarnesio.com.br\\\/#organization\"},\"potentialAction\":[{\"@type\":\"SearchAction\",\"target\":{\"@type\":\"EntryPoint\",\"urlTemplate\":\"https:\\\/\\\/blogdofarnesio.com.br\\\/?s={search_term_string}\"},\"query-input\":{\"@type\":\"PropertyValueSpecification\",\"valueRequired\":true,\"valueName\":\"search_term_string\"}}],\"inLanguage\":\"pt-BR\"},{\"@type\":\"Organization\",\"@id\":\"https:\\\/\\\/blogdofarnesio.com.br\\\/#organization\",\"name\":\"Blog do Farn\u00e9sio\",\"url\":\"https:\\\/\\\/blogdofarnesio.com.br\\\/\",\"logo\":{\"@type\":\"ImageObject\",\"inLanguage\":\"pt-BR\",\"@id\":\"https:\\\/\\\/blogdofarnesio.com.br\\\/#\\\/schema\\\/logo\\\/image\\\/\",\"url\":\"https:\\\/\\\/blogdofarnesio.com.br\\\/wp-content\\\/uploads\\\/2026\\\/03\\\/cropped-logo_new-1.png\",\"contentUrl\":\"https:\\\/\\\/blogdofarnesio.com.br\\\/wp-content\\\/uploads\\\/2026\\\/03\\\/cropped-logo_new-1.png\",\"width\":881,\"height\":685,\"caption\":\"Blog do Farn\u00e9sio\"},\"image\":{\"@id\":\"https:\\\/\\\/blogdofarnesio.com.br\\\/#\\\/schema\\\/logo\\\/image\\\/\"},\"sameAs\":[\"https:\\\/\\\/www.facebook.com\\\/BlogQuerSaberPolitica\\\/\"]}]}<\/script>\n<!-- \/ Yoast SEO plugin. -->","yoast_head_json":{"title":"Escola de Tempo Integral convoca Assembleia Geral para constitui\u00e7\u00e3o da sua Unidade Executora - Blog do Farn\u00e9sio","robots":{"index":"index","follow":"follow","max-snippet":"max-snippet:-1","max-image-preview":"max-image-preview:large","max-video-preview":"max-video-preview:-1"},"canonical":"https:\/\/blogdofarnesio.com.br\/?p=18093","og_locale":"pt_BR","og_type":"article","og_title":"Escola de Tempo Integral convoca Assembleia Geral para constitui\u00e7\u00e3o da sua Unidade Executora - Blog do Farn\u00e9sio","og_description":"&nbsp; A dire&ccedil;&atilde;o da Escola Municipal de Tempo Integral Iracema Pereira Paix&atilde;o, localizada no bairro S&atilde;o Geraldo, convoca professores, pais, funcion&aacute;rios e alunos, bem como quaisquer membros da comunidade, para Assembleia Geral que constituir&aacute; a Unidade Executora do Programa Dinheiro Direto na Escola (PDDE). A Assembleia Geral (que &eacute; uma das exig&ecirc;ncias do Minist&eacute;rio da Educa&ccedil;&atilde;o para forma&ccedil;&atilde;o da UEx) acontecer&aacute; &agrave;s 15 h do dia 19 de outubro, no audit&oacute;rio da escola, localizada na Avenida Edgard Chastinet, s\/n. Al&eacute;m da forma&ccedil;&atilde;o da UEx, ser&aacute; realizada a revis&atilde;o e aprova&ccedil;&atilde;o do novo estatuto da Unidade Executora, como tamb&eacute;m a elei&ccedil;&atilde;o e posse da diretoria e dos respectivos membros do Conselho Deliberativo e Fiscal. Unidade Executora (Associa&ccedil;&atilde;o de Pais e Mestres&hellip;","og_url":"https:\/\/blogdofarnesio.com.br\/?p=18093","og_site_name":"Blog do Farn\u00e9sio","article_publisher":"https:\/\/www.facebook.com\/BlogQuerSaberPolitica\/","article_published_time":"2012-10-14T10:02:06+00:00","og_image":[{"url":"http:\/\/www.quersaberpolitica.com.br\/2016\/wp-content\/uploads\/2012\/12\/blogqspescolatempointegral_foto_farnesiosilva14.jpg","type":"","width":"","height":""}],"twitter_card":"summary_large_image","twitter_misc":{"Est. tempo de leitura":"2 minutos"},"schema":{"@context":"https:\/\/schema.org","@graph":[{"@type":"Article","@id":"https:\/\/blogdofarnesio.com.br\/?p=18093#article","isPartOf":{"@id":"https:\/\/blogdofarnesio.com.br\/?p=18093"},"author":{"name":"","@id":""},"headline":"Escola de Tempo Integral convoca Assembleia Geral para constitui\u00e7\u00e3o da sua Unidade Executora","datePublished":"2012-10-14T10:02:06+00:00","mainEntityOfPage":{"@id":"https:\/\/blogdofarnesio.com.br\/?p=18093"},"wordCount":396,"commentCount":0,"publisher":{"@id":"https:\/\/blogdofarnesio.com.br\/#organization"},"image":{"@id":"https:\/\/blogdofarnesio.com.br\/?p=18093#primaryimage"},"thumbnailUrl":"http:\/\/www.quersaberpolitica.com.br\/2016\/wp-content\/uploads\/2012\/12\/blogqspescolatempointegral_foto_farnesiosilva14.jpg","articleSection":["Seguran\u00e7a"],"inLanguage":"pt-BR","potentialAction":[{"@type":"CommentAction","name":"Comment","target":["https:\/\/blogdofarnesio.com.br\/?p=18093#respond"]}]},{"@type":"WebPage","@id":"https:\/\/blogdofarnesio.com.br\/?p=18093","url":"https:\/\/blogdofarnesio.com.br\/?p=18093","name":"Escola de Tempo Integral convoca Assembleia Geral para constitui\u00e7\u00e3o da sua Unidade Executora - Blog do Farn\u00e9sio","isPartOf":{"@id":"https:\/\/blogdofarnesio.com.br\/#website"},"primaryImageOfPage":{"@id":"https:\/\/blogdofarnesio.com.br\/?p=18093#primaryimage"},"image":{"@id":"https:\/\/blogdofarnesio.com.br\/?p=18093#primaryimage"},"thumbnailUrl":"http:\/\/www.quersaberpolitica.com.br\/2016\/wp-content\/uploads\/2012\/12\/blogqspescolatempointegral_foto_farnesiosilva14.jpg","datePublished":"2012-10-14T10:02:06+00:00","breadcrumb":{"@id":"https:\/\/blogdofarnesio.com.br\/?p=18093#breadcrumb"},"inLanguage":"pt-BR","potentialAction":[{"@type":"ReadAction","target":["https:\/\/blogdofarnesio.com.br\/?p=18093"]}]},{"@type":"ImageObject","inLanguage":"pt-BR","@id":"https:\/\/blogdofarnesio.com.br\/?p=18093#primaryimage","url":"http:\/\/www.quersaberpolitica.com.br\/2016\/wp-content\/uploads\/2012\/12\/blogqspescolatempointegral_foto_farnesiosilva14.jpg","contentUrl":"http:\/\/www.quersaberpolitica.com.br\/2016\/wp-content\/uploads\/2012\/12\/blogqspescolatempointegral_foto_farnesiosilva14.jpg"},{"@type":"BreadcrumbList","@id":"https:\/\/blogdofarnesio.com.br\/?p=18093#breadcrumb","itemListElement":[{"@type":"ListItem","position":1,"name":"In\u00edcio","item":"https:\/\/blogdofarnesio.com.br\/"},{"@type":"ListItem","position":2,"name":"Escola de Tempo Integral convoca Assembleia Geral para constitui\u00e7\u00e3o da sua Unidade Executora"}]},{"@type":"WebSite","@id":"https:\/\/blogdofarnesio.com.br\/#website","url":"https:\/\/blogdofarnesio.com.br\/","name":"Blog do Farn\u00e9sio","description":"Quer Saber Pol\u00edtica?","publisher":{"@id":"https:\/\/blogdofarnesio.com.br\/#organization"},"potentialAction":[{"@type":"SearchAction","target":{"@type":"EntryPoint","urlTemplate":"https:\/\/blogdofarnesio.com.br\/?s={search_term_string}"},"query-input":{"@type":"PropertyValueSpecification","valueRequired":true,"valueName":"search_term_string"}}],"inLanguage":"pt-BR"},{"@type":"Organization","@id":"https:\/\/blogdofarnesio.com.br\/#organization","name":"Blog do Farn\u00e9sio","url":"https:\/\/blogdofarnesio.com.br\/","logo":{"@type":"ImageObject","inLanguage":"pt-BR","@id":"https:\/\/blogdofarnesio.com.br\/#\/schema\/logo\/image\/","url":"https:\/\/blogdofarnesio.com.br\/wp-content\/uploads\/2026\/03\/cropped-logo_new-1.png","contentUrl":"https:\/\/blogdofarnesio.com.br\/wp-content\/uploads\/2026\/03\/cropped-logo_new-1.png","width":881,"height":685,"caption":"Blog do Farn\u00e9sio"},"image":{"@id":"https:\/\/blogdofarnesio.com.br\/#\/schema\/logo\/image\/"},"sameAs":["https:\/\/www.facebook.com\/BlogQuerSaberPolitica\/"]}]}},"_links":{"self":[{"href":"https:\/\/blogdofarnesio.com.br\/index.php?rest_route=\/wp\/v2\/posts\/18093","targetHints":{"allow":["GET"]}}],"collection":[{"href":"https:\/\/blogdofarnesio.com.br\/index.php?rest_route=\/wp\/v2\/posts"}],"about":[{"href":"https:\/\/blogdofarnesio.com.br\/index.php?rest_route=\/wp\/v2\/types\/post"}],"replies":[{"embeddable":true,"href":"https:\/\/blogdofarnesio.com.br\/index.php?rest_route=%2Fwp%2Fv2%2Fcomments&post=18093"}],"version-history":[{"count":0,"href":"https:\/\/blogdofarnesio.com.br\/index.php?rest_route=\/wp\/v2\/posts\/18093\/revisions"}],"wp:attachment":[{"href":"https:\/\/blogdofarnesio.com.br\/index.php?rest_route=%2Fwp%2Fv2%2Fmedia&parent=18093"}],"wp:term":[{"taxonomy":"category","embeddable":true,"href":"https:\/\/blogdofarnesio.com.br\/index.php?rest_route=%2Fwp%2Fv2%2Fcategories&post=18093"},{"taxonomy":"post_tag","embeddable":true,"href":"https:\/\/blogdofarnesio.com.br\/index.php?rest_route=%2Fwp%2Fv2%2Ftags&post=18093"}],"curies":[{"name":"wp","href":"https:\/\/api.w.org\/{rel}","templated":true}]}}