{"id":180854,"date":"2017-11-07T10:20:45","date_gmt":"2017-11-07T13:20:45","guid":{"rendered":"http:\/\/quersaberpolitica.com.br\/2016\/?p=180854"},"modified":"2017-11-07T09:56:13","modified_gmt":"2017-11-07T12:56:13","slug":"egesp-oferece-curso-de-oratoria-para-servidores-municipais-de-juazeiro","status":"publish","type":"post","link":"https:\/\/blogdofarnesio.com.br\/?p=180854","title":{"rendered":"EGESP OFERECE CURSO DE ORAT\u00d3RIA PARA SERVIDORES MUNICIPAIS DE JUAZEIRO"},"content":{"rendered":"<p>&nbsp;<\/p>\n<p style=\"text-align: justify;\">A Escola de Gest\u00e3o P\u00fablica de Juazeiro \u2013 EGESP est\u00e1 com inscri\u00e7\u00f5es abertas para o curso \u2018A Arte de Falar em P\u00fablico\u2019, que acontece no dia 14 de novembro. Ministrada pela facilitadora Concei\u00e7\u00e3o Carneiro, a atividade \u00e9 dividida em dois m\u00f3dulos de 8h e tem como objetivo oferecer t\u00e9cnicas para melhorar a orat\u00f3ria dos participantes. Os interessados podem se inscrever gratuitamente no endere\u00e7o eletr\u00f4nico\u00a0<a href=\"http:\/\/egesp.juazeiro.ba.gov.br\/cursos\" target=\"_blank\" rel=\"noopener\" data-saferedirecturl=\"https:\/\/www.google.com\/url?hl=pt-BR&amp;q=http:\/\/egesp.juazeiro.ba.gov.br\/cursos&amp;source=gmail&amp;ust=1510136064430000&amp;usg=AFQjCNGzMZf29BIontbRWpeLqEmfgso7gg\">http:\/\/egesp.juazeiro.ba.gov.<wbr \/>br\/cursos<\/a>.<\/p>\n<p style=\"text-align: justify;\">\u201cDurante o curso n\u00f3s vamos trabalhar quest\u00f5es que atrapalham a desenvoltura das pessoas na hora de falar em p\u00fablico, como a inseguran\u00e7a, a postura e o medo, para que o indiv\u00edduo possa desenvolver o autocontrole e autoconfian\u00e7a necess\u00e1rios na hora de proferir o seu discurso\u201d, revela a facilitadora do curso, Concei\u00e7\u00e3o Carneiro.<\/p>\n<p style=\"text-align: justify;\">Ap\u00f3s a inscri\u00e7\u00e3o online, o servidor tem um prazo de 48h para entregar a sua ficha de inscri\u00e7\u00e3o devidamente preenchida e assinada pelo seu chefe imediato na EGESP, localizada na Orla II, na antiga sede do IFBA.<\/p>\n<p style=\"text-align: justify;\">Eneida Trindade\/SEGESP<\/p>\n","protected":false},"excerpt":{"rendered":"<p>&nbsp; A Escola de Gest\u00e3o P\u00fablica de Juazeiro \u2013 EGESP est\u00e1 com inscri\u00e7\u00f5es abertas para o curso \u2018A Arte de Falar em P\u00fablico\u2019, que acontece no dia 14 de novembro. Ministrada pela facilitadora Concei\u00e7\u00e3o Carneiro, a atividade \u00e9 dividida em dois m\u00f3dulos de 8h e tem como objetivo oferecer t\u00e9cnicas para melhorar a orat\u00f3ria dos participantes. Os interessados podem se inscrever gratuitamente no endere\u00e7o eletr\u00f4nico\u00a0http:\/\/egesp.juazeiro.ba.gov.br\/cursos. \u201cDurante o curso n\u00f3s vamos trabalhar quest\u00f5es que atrapalham a desenvoltura das pessoas na hora de falar em p\u00fablico, como a inseguran\u00e7a, a postura e o medo, para que o indiv\u00edduo possa desenvolver o autocontrole e autoconfian\u00e7a necess\u00e1rios na hora de proferir o seu discurso\u201d, revela a facilitadora do curso, Concei\u00e7\u00e3o Carneiro. Ap\u00f3s a inscri\u00e7\u00e3o&hellip; <\/p>\n","protected":false},"author":1,"featured_media":180855,"comment_status":"open","ping_status":"open","sticky":false,"template":"","format":"standard","meta":{"_acf_changed":false,"footnotes":""},"categories":[44],"tags":[],"class_list":["post-180854","post","type-post","status-publish","format-standard","has-post-thumbnail","hentry","category-administracao"],"acf":[],"yoast_head":"<!-- This site is optimized with the Yoast SEO plugin v27.4 - https:\/\/yoast.com\/product\/yoast-seo-wordpress\/ -->\n<title>EGESP OFERECE CURSO DE ORAT\u00d3RIA PARA SERVIDORES MUNICIPAIS DE JUAZEIRO - Blog do Farn\u00e9sio<\/title>\n<meta name=\"robots\" content=\"index, follow, max-snippet:-1, max-image-preview:large, max-video-preview:-1\" \/>\n<link rel=\"canonical\" href=\"https:\/\/blogdofarnesio.com.br\/?p=180854\" \/>\n<meta property=\"og:locale\" content=\"pt_BR\" \/>\n<meta property=\"og:type\" content=\"article\" \/>\n<meta property=\"og:title\" content=\"EGESP OFERECE CURSO DE ORAT\u00d3RIA PARA SERVIDORES MUNICIPAIS DE JUAZEIRO - Blog do Farn\u00e9sio\" \/>\n<meta property=\"og:description\" content=\"&nbsp; A Escola de Gest\u00e3o P\u00fablica de Juazeiro \u2013 EGESP est\u00e1 com inscri\u00e7\u00f5es abertas para o curso \u2018A Arte de Falar em P\u00fablico\u2019, que acontece no dia 14 de novembro. Ministrada pela facilitadora Concei\u00e7\u00e3o Carneiro, a atividade \u00e9 dividida em dois m\u00f3dulos de 8h e tem como objetivo oferecer t\u00e9cnicas para melhorar a orat\u00f3ria dos participantes. Os interessados podem se inscrever gratuitamente no endere\u00e7o eletr\u00f4nico\u00a0http:\/\/egesp.juazeiro.ba.gov.br\/cursos. \u201cDurante o curso n\u00f3s vamos trabalhar quest\u00f5es que atrapalham a desenvoltura das pessoas na hora de falar em p\u00fablico, como a inseguran\u00e7a, a postura e o medo, para que o indiv\u00edduo possa desenvolver o autocontrole e autoconfian\u00e7a necess\u00e1rios na hora de proferir o seu discurso\u201d, revela a facilitadora do curso, Concei\u00e7\u00e3o Carneiro. Ap\u00f3s a inscri\u00e7\u00e3o&hellip;\" \/>\n<meta property=\"og:url\" content=\"https:\/\/blogdofarnesio.com.br\/?p=180854\" \/>\n<meta property=\"og:site_name\" content=\"Blog do Farn\u00e9sio\" \/>\n<meta property=\"article:publisher\" content=\"https:\/\/www.facebook.com\/BlogQuerSaberPolitica\/\" \/>\n<meta property=\"article:published_time\" content=\"2017-11-07T13:20:45+00:00\" \/>\n<meta property=\"og:image\" content=\"https:\/\/blogdofarnesio.com.br\/wp-content\/uploads\/2017\/11\/blogqsp-Curso-Orat\u00f3ria.jpg\" \/>\n\t<meta property=\"og:image:width\" content=\"480\" \/>\n\t<meta property=\"og:image:height\" content=\"640\" \/>\n\t<meta property=\"og:image:type\" content=\"image\/jpeg\" \/>\n<meta name=\"author\" content=\"Farn\u00e9sio\" \/>\n<meta name=\"twitter:card\" content=\"summary_large_image\" \/>\n<meta name=\"twitter:label1\" content=\"Escrito por\" \/>\n\t<meta name=\"twitter:data1\" content=\"Farn\u00e9sio\" \/>\n\t<meta name=\"twitter:label2\" content=\"Est. tempo de leitura\" \/>\n\t<meta name=\"twitter:data2\" content=\"1 minuto\" \/>\n<script type=\"application\/ld+json\" class=\"yoast-schema-graph\">{\"@context\":\"https:\\\/\\\/schema.org\",\"@graph\":[{\"@type\":\"Article\",\"@id\":\"https:\\\/\\\/blogdofarnesio.com.br\\\/?p=180854#article\",\"isPartOf\":{\"@id\":\"https:\\\/\\\/blogdofarnesio.com.br\\\/?p=180854\"},\"author\":{\"name\":\"Farn\u00e9sio\",\"@id\":\"https:\\\/\\\/blogdofarnesio.com.br\\\/#\\\/schema\\\/person\\\/301c4acf522bccbfdb45af95b5b906a1\"},\"headline\":\"EGESP OFERECE CURSO DE ORAT\u00d3RIA PARA SERVIDORES MUNICIPAIS DE JUAZEIRO\",\"datePublished\":\"2017-11-07T13:20:45+00:00\",\"mainEntityOfPage\":{\"@id\":\"https:\\\/\\\/blogdofarnesio.com.br\\\/?p=180854\"},\"wordCount\":193,\"commentCount\":0,\"publisher\":{\"@id\":\"https:\\\/\\\/blogdofarnesio.com.br\\\/#organization\"},\"image\":{\"@id\":\"https:\\\/\\\/blogdofarnesio.com.br\\\/?p=180854#primaryimage\"},\"thumbnailUrl\":\"https:\\\/\\\/blogdofarnesio.com.br\\\/wp-content\\\/uploads\\\/2017\\\/11\\\/blogqsp-Curso-Orat\u00f3ria.jpg\",\"articleSection\":[\"Administra\u00e7\u00e3o\"],\"inLanguage\":\"pt-BR\",\"potentialAction\":[{\"@type\":\"CommentAction\",\"name\":\"Comment\",\"target\":[\"https:\\\/\\\/blogdofarnesio.com.br\\\/?p=180854#respond\"]}]},{\"@type\":\"WebPage\",\"@id\":\"https:\\\/\\\/blogdofarnesio.com.br\\\/?p=180854\",\"url\":\"https:\\\/\\\/blogdofarnesio.com.br\\\/?p=180854\",\"name\":\"EGESP OFERECE CURSO DE ORAT\u00d3RIA PARA SERVIDORES MUNICIPAIS DE JUAZEIRO - Blog do Farn\u00e9sio\",\"isPartOf\":{\"@id\":\"https:\\\/\\\/blogdofarnesio.com.br\\\/#website\"},\"primaryImageOfPage\":{\"@id\":\"https:\\\/\\\/blogdofarnesio.com.br\\\/?p=180854#primaryimage\"},\"image\":{\"@id\":\"https:\\\/\\\/blogdofarnesio.com.br\\\/?p=180854#primaryimage\"},\"thumbnailUrl\":\"https:\\\/\\\/blogdofarnesio.com.br\\\/wp-content\\\/uploads\\\/2017\\\/11\\\/blogqsp-Curso-Orat\u00f3ria.jpg\",\"datePublished\":\"2017-11-07T13:20:45+00:00\",\"breadcrumb\":{\"@id\":\"https:\\\/\\\/blogdofarnesio.com.br\\\/?p=180854#breadcrumb\"},\"inLanguage\":\"pt-BR\",\"potentialAction\":[{\"@type\":\"ReadAction\",\"target\":[\"https:\\\/\\\/blogdofarnesio.com.br\\\/?p=180854\"]}]},{\"@type\":\"ImageObject\",\"inLanguage\":\"pt-BR\",\"@id\":\"https:\\\/\\\/blogdofarnesio.com.br\\\/?p=180854#primaryimage\",\"url\":\"https:\\\/\\\/blogdofarnesio.com.br\\\/wp-content\\\/uploads\\\/2017\\\/11\\\/blogqsp-Curso-Orat\u00f3ria.jpg\",\"contentUrl\":\"https:\\\/\\\/blogdofarnesio.com.br\\\/wp-content\\\/uploads\\\/2017\\\/11\\\/blogqsp-Curso-Orat\u00f3ria.jpg\",\"width\":480,\"height\":640},{\"@type\":\"BreadcrumbList\",\"@id\":\"https:\\\/\\\/blogdofarnesio.com.br\\\/?p=180854#breadcrumb\",\"itemListElement\":[{\"@type\":\"ListItem\",\"position\":1,\"name\":\"In\u00edcio\",\"item\":\"https:\\\/\\\/blogdofarnesio.com.br\\\/\"},{\"@type\":\"ListItem\",\"position\":2,\"name\":\"EGESP OFERECE CURSO DE ORAT\u00d3RIA PARA SERVIDORES MUNICIPAIS DE JUAZEIRO\"}]},{\"@type\":\"WebSite\",\"@id\":\"https:\\\/\\\/blogdofarnesio.com.br\\\/#website\",\"url\":\"https:\\\/\\\/blogdofarnesio.com.br\\\/\",\"name\":\"Blog do Farn\u00e9sio\",\"description\":\"Quer Saber Pol\u00edtica?\",\"publisher\":{\"@id\":\"https:\\\/\\\/blogdofarnesio.com.br\\\/#organization\"},\"potentialAction\":[{\"@type\":\"SearchAction\",\"target\":{\"@type\":\"EntryPoint\",\"urlTemplate\":\"https:\\\/\\\/blogdofarnesio.com.br\\\/?s={search_term_string}\"},\"query-input\":{\"@type\":\"PropertyValueSpecification\",\"valueRequired\":true,\"valueName\":\"search_term_string\"}}],\"inLanguage\":\"pt-BR\"},{\"@type\":\"Organization\",\"@id\":\"https:\\\/\\\/blogdofarnesio.com.br\\\/#organization\",\"name\":\"Blog do Farn\u00e9sio\",\"url\":\"https:\\\/\\\/blogdofarnesio.com.br\\\/\",\"logo\":{\"@type\":\"ImageObject\",\"inLanguage\":\"pt-BR\",\"@id\":\"https:\\\/\\\/blogdofarnesio.com.br\\\/#\\\/schema\\\/logo\\\/image\\\/\",\"url\":\"https:\\\/\\\/blogdofarnesio.com.br\\\/wp-content\\\/uploads\\\/2026\\\/03\\\/cropped-logo_new-1.png\",\"contentUrl\":\"https:\\\/\\\/blogdofarnesio.com.br\\\/wp-content\\\/uploads\\\/2026\\\/03\\\/cropped-logo_new-1.png\",\"width\":881,\"height\":685,\"caption\":\"Blog do Farn\u00e9sio\"},\"image\":{\"@id\":\"https:\\\/\\\/blogdofarnesio.com.br\\\/#\\\/schema\\\/logo\\\/image\\\/\"},\"sameAs\":[\"https:\\\/\\\/www.facebook.com\\\/BlogQuerSaberPolitica\\\/\"]},{\"@type\":\"Person\",\"@id\":\"https:\\\/\\\/blogdofarnesio.com.br\\\/#\\\/schema\\\/person\\\/301c4acf522bccbfdb45af95b5b906a1\",\"name\":\"Farn\u00e9sio\",\"image\":{\"@type\":\"ImageObject\",\"inLanguage\":\"pt-BR\",\"@id\":\"https:\\\/\\\/secure.gravatar.com\\\/avatar\\\/df0c9a14567c056f8ad6876ba5bbd1e3e2c48023eb6807342fc4663adf549f38?s=96&d=mm&r=g\",\"url\":\"https:\\\/\\\/secure.gravatar.com\\\/avatar\\\/df0c9a14567c056f8ad6876ba5bbd1e3e2c48023eb6807342fc4663adf549f38?s=96&d=mm&r=g\",\"contentUrl\":\"https:\\\/\\\/secure.gravatar.com\\\/avatar\\\/df0c9a14567c056f8ad6876ba5bbd1e3e2c48023eb6807342fc4663adf549f38?s=96&d=mm&r=g\",\"caption\":\"Farn\u00e9sio\"},\"sameAs\":[\"https:\\\/\\\/quersaberpolitica.com.br\"],\"url\":\"https:\\\/\\\/blogdofarnesio.com.br\\\/?author=1\"}]}<\/script>\n<!-- \/ Yoast SEO plugin. -->","yoast_head_json":{"title":"EGESP OFERECE CURSO DE ORAT\u00d3RIA PARA SERVIDORES MUNICIPAIS DE JUAZEIRO - Blog do Farn\u00e9sio","robots":{"index":"index","follow":"follow","max-snippet":"max-snippet:-1","max-image-preview":"max-image-preview:large","max-video-preview":"max-video-preview:-1"},"canonical":"https:\/\/blogdofarnesio.com.br\/?p=180854","og_locale":"pt_BR","og_type":"article","og_title":"EGESP OFERECE CURSO DE ORAT\u00d3RIA PARA SERVIDORES MUNICIPAIS DE JUAZEIRO - Blog do Farn\u00e9sio","og_description":"&nbsp; A Escola de Gest\u00e3o P\u00fablica de Juazeiro \u2013 EGESP est\u00e1 com inscri\u00e7\u00f5es abertas para o curso \u2018A Arte de Falar em P\u00fablico\u2019, que acontece no dia 14 de novembro. Ministrada pela facilitadora Concei\u00e7\u00e3o Carneiro, a atividade \u00e9 dividida em dois m\u00f3dulos de 8h e tem como objetivo oferecer t\u00e9cnicas para melhorar a orat\u00f3ria dos participantes. Os interessados podem se inscrever gratuitamente no endere\u00e7o eletr\u00f4nico\u00a0http:\/\/egesp.juazeiro.ba.gov.br\/cursos. \u201cDurante o curso n\u00f3s vamos trabalhar quest\u00f5es que atrapalham a desenvoltura das pessoas na hora de falar em p\u00fablico, como a inseguran\u00e7a, a postura e o medo, para que o indiv\u00edduo possa desenvolver o autocontrole e autoconfian\u00e7a necess\u00e1rios na hora de proferir o seu discurso\u201d, revela a facilitadora do curso, Concei\u00e7\u00e3o Carneiro. Ap\u00f3s a inscri\u00e7\u00e3o&hellip;","og_url":"https:\/\/blogdofarnesio.com.br\/?p=180854","og_site_name":"Blog do Farn\u00e9sio","article_publisher":"https:\/\/www.facebook.com\/BlogQuerSaberPolitica\/","article_published_time":"2017-11-07T13:20:45+00:00","og_image":[{"width":480,"height":640,"url":"https:\/\/blogdofarnesio.com.br\/wp-content\/uploads\/2017\/11\/blogqsp-Curso-Orat\u00f3ria.jpg","type":"image\/jpeg"}],"author":"Farn\u00e9sio","twitter_card":"summary_large_image","twitter_misc":{"Escrito por":"Farn\u00e9sio","Est. tempo de leitura":"1 minuto"},"schema":{"@context":"https:\/\/schema.org","@graph":[{"@type":"Article","@id":"https:\/\/blogdofarnesio.com.br\/?p=180854#article","isPartOf":{"@id":"https:\/\/blogdofarnesio.com.br\/?p=180854"},"author":{"name":"Farn\u00e9sio","@id":"https:\/\/blogdofarnesio.com.br\/#\/schema\/person\/301c4acf522bccbfdb45af95b5b906a1"},"headline":"EGESP OFERECE CURSO DE ORAT\u00d3RIA PARA SERVIDORES MUNICIPAIS DE JUAZEIRO","datePublished":"2017-11-07T13:20:45+00:00","mainEntityOfPage":{"@id":"https:\/\/blogdofarnesio.com.br\/?p=180854"},"wordCount":193,"commentCount":0,"publisher":{"@id":"https:\/\/blogdofarnesio.com.br\/#organization"},"image":{"@id":"https:\/\/blogdofarnesio.com.br\/?p=180854#primaryimage"},"thumbnailUrl":"https:\/\/blogdofarnesio.com.br\/wp-content\/uploads\/2017\/11\/blogqsp-Curso-Orat\u00f3ria.jpg","articleSection":["Administra\u00e7\u00e3o"],"inLanguage":"pt-BR","potentialAction":[{"@type":"CommentAction","name":"Comment","target":["https:\/\/blogdofarnesio.com.br\/?p=180854#respond"]}]},{"@type":"WebPage","@id":"https:\/\/blogdofarnesio.com.br\/?p=180854","url":"https:\/\/blogdofarnesio.com.br\/?p=180854","name":"EGESP OFERECE CURSO DE ORAT\u00d3RIA PARA SERVIDORES MUNICIPAIS DE JUAZEIRO - Blog do Farn\u00e9sio","isPartOf":{"@id":"https:\/\/blogdofarnesio.com.br\/#website"},"primaryImageOfPage":{"@id":"https:\/\/blogdofarnesio.com.br\/?p=180854#primaryimage"},"image":{"@id":"https:\/\/blogdofarnesio.com.br\/?p=180854#primaryimage"},"thumbnailUrl":"https:\/\/blogdofarnesio.com.br\/wp-content\/uploads\/2017\/11\/blogqsp-Curso-Orat\u00f3ria.jpg","datePublished":"2017-11-07T13:20:45+00:00","breadcrumb":{"@id":"https:\/\/blogdofarnesio.com.br\/?p=180854#breadcrumb"},"inLanguage":"pt-BR","potentialAction":[{"@type":"ReadAction","target":["https:\/\/blogdofarnesio.com.br\/?p=180854"]}]},{"@type":"ImageObject","inLanguage":"pt-BR","@id":"https:\/\/blogdofarnesio.com.br\/?p=180854#primaryimage","url":"https:\/\/blogdofarnesio.com.br\/wp-content\/uploads\/2017\/11\/blogqsp-Curso-Orat\u00f3ria.jpg","contentUrl":"https:\/\/blogdofarnesio.com.br\/wp-content\/uploads\/2017\/11\/blogqsp-Curso-Orat\u00f3ria.jpg","width":480,"height":640},{"@type":"BreadcrumbList","@id":"https:\/\/blogdofarnesio.com.br\/?p=180854#breadcrumb","itemListElement":[{"@type":"ListItem","position":1,"name":"In\u00edcio","item":"https:\/\/blogdofarnesio.com.br\/"},{"@type":"ListItem","position":2,"name":"EGESP OFERECE CURSO DE ORAT\u00d3RIA PARA SERVIDORES MUNICIPAIS DE JUAZEIRO"}]},{"@type":"WebSite","@id":"https:\/\/blogdofarnesio.com.br\/#website","url":"https:\/\/blogdofarnesio.com.br\/","name":"Blog do Farn\u00e9sio","description":"Quer Saber Pol\u00edtica?","publisher":{"@id":"https:\/\/blogdofarnesio.com.br\/#organization"},"potentialAction":[{"@type":"SearchAction","target":{"@type":"EntryPoint","urlTemplate":"https:\/\/blogdofarnesio.com.br\/?s={search_term_string}"},"query-input":{"@type":"PropertyValueSpecification","valueRequired":true,"valueName":"search_term_string"}}],"inLanguage":"pt-BR"},{"@type":"Organization","@id":"https:\/\/blogdofarnesio.com.br\/#organization","name":"Blog do Farn\u00e9sio","url":"https:\/\/blogdofarnesio.com.br\/","logo":{"@type":"ImageObject","inLanguage":"pt-BR","@id":"https:\/\/blogdofarnesio.com.br\/#\/schema\/logo\/image\/","url":"https:\/\/blogdofarnesio.com.br\/wp-content\/uploads\/2026\/03\/cropped-logo_new-1.png","contentUrl":"https:\/\/blogdofarnesio.com.br\/wp-content\/uploads\/2026\/03\/cropped-logo_new-1.png","width":881,"height":685,"caption":"Blog do Farn\u00e9sio"},"image":{"@id":"https:\/\/blogdofarnesio.com.br\/#\/schema\/logo\/image\/"},"sameAs":["https:\/\/www.facebook.com\/BlogQuerSaberPolitica\/"]},{"@type":"Person","@id":"https:\/\/blogdofarnesio.com.br\/#\/schema\/person\/301c4acf522bccbfdb45af95b5b906a1","name":"Farn\u00e9sio","image":{"@type":"ImageObject","inLanguage":"pt-BR","@id":"https:\/\/secure.gravatar.com\/avatar\/df0c9a14567c056f8ad6876ba5bbd1e3e2c48023eb6807342fc4663adf549f38?s=96&d=mm&r=g","url":"https:\/\/secure.gravatar.com\/avatar\/df0c9a14567c056f8ad6876ba5bbd1e3e2c48023eb6807342fc4663adf549f38?s=96&d=mm&r=g","contentUrl":"https:\/\/secure.gravatar.com\/avatar\/df0c9a14567c056f8ad6876ba5bbd1e3e2c48023eb6807342fc4663adf549f38?s=96&d=mm&r=g","caption":"Farn\u00e9sio"},"sameAs":["https:\/\/quersaberpolitica.com.br"],"url":"https:\/\/blogdofarnesio.com.br\/?author=1"}]}},"_links":{"self":[{"href":"https:\/\/blogdofarnesio.com.br\/index.php?rest_route=\/wp\/v2\/posts\/180854","targetHints":{"allow":["GET"]}}],"collection":[{"href":"https:\/\/blogdofarnesio.com.br\/index.php?rest_route=\/wp\/v2\/posts"}],"about":[{"href":"https:\/\/blogdofarnesio.com.br\/index.php?rest_route=\/wp\/v2\/types\/post"}],"author":[{"embeddable":true,"href":"https:\/\/blogdofarnesio.com.br\/index.php?rest_route=\/wp\/v2\/users\/1"}],"replies":[{"embeddable":true,"href":"https:\/\/blogdofarnesio.com.br\/index.php?rest_route=%2Fwp%2Fv2%2Fcomments&post=180854"}],"version-history":[{"count":0,"href":"https:\/\/blogdofarnesio.com.br\/index.php?rest_route=\/wp\/v2\/posts\/180854\/revisions"}],"wp:featuredmedia":[{"embeddable":true,"href":"https:\/\/blogdofarnesio.com.br\/index.php?rest_route=\/wp\/v2\/media\/180855"}],"wp:attachment":[{"href":"https:\/\/blogdofarnesio.com.br\/index.php?rest_route=%2Fwp%2Fv2%2Fmedia&parent=180854"}],"wp:term":[{"taxonomy":"category","embeddable":true,"href":"https:\/\/blogdofarnesio.com.br\/index.php?rest_route=%2Fwp%2Fv2%2Fcategories&post=180854"},{"taxonomy":"post_tag","embeddable":true,"href":"https:\/\/blogdofarnesio.com.br\/index.php?rest_route=%2Fwp%2Fv2%2Ftags&post=180854"}],"curies":[{"name":"wp","href":"https:\/\/api.w.org\/{rel}","templated":true}]}}