{"id":180805,"date":"2017-11-07T10:01:09","date_gmt":"2017-11-07T13:01:09","guid":{"rendered":"http:\/\/quersaberpolitica.com.br\/2016\/?p=180805"},"modified":"2017-11-06T20:33:58","modified_gmt":"2017-11-06T23:33:58","slug":"if-sertao-pe-tera-participacao-efetiva-na-7a-edicao-do-semiarido-show-neste-fim-de-semana","status":"publish","type":"post","link":"https:\/\/blogdofarnesio.com.br\/?p=180805","title":{"rendered":"IF SERT\u00c3O-PE TER\u00c1 PARTICIPA\u00c7\u00c3O EFETIVA NA 7\u00aa EDI\u00c7\u00c3O DO SEMI\u00c1RIDO SHOW NESTE FIM DE SEMANA"},"content":{"rendered":"<p style=\"text-align: justify;\">O Instituto Federal do Sert\u00e3o Pernambucano (IF Sert\u00e3o-PE) ir\u00e1 participar da s\u00e9tima edi\u00e7\u00e3o do Semi\u00e1ridoShow, feira voltada para a agricultura familiar do Semi\u00e1rido brasileiro, que acontece entre os dias 7 e 10 de novembro, na Embrapa, em Petrolina.<\/p>\n<p style=\"text-align: justify;\">Juntos, servidores e estudantes dos campi Petrolina, Petrolina Zona Rural, Salgueiro e Santa Maria da Boa Vista v\u00e3o expor produtos e servi\u00e7os e ofertar minicursos e palestras, com a parceria da ONG Chapada.<\/p>\n<p style=\"text-align: justify;\">Entre as oficinas que ser\u00e3o ministradas est\u00e3o a de Agroneg\u00f3cios e Cooperativismo para agricultores familiares; plantio, beneficiamento e manipula\u00e7\u00e3o de plantas medicinais; produtos minimamente processados, dentre outras. Haver\u00e1 ainda mostras zoot\u00e9cnicas e sobre vermicompostagem, al\u00e9m de mostra de produtos elaborados na Escola do Vinho. Como destaque, ainda, ser\u00e1 realizada a distribui\u00e7\u00e3o de materiais e orienta\u00e7\u00f5es t\u00e9cnicas sobre sementes crioulas e feno de esp\u00e9cies forrageiras.<\/p>\n<p style=\"text-align: justify;\">De acordo com a assessora da Pr\u00f3-Reitoria de Extens\u00e3o, Ana Rita Leandro, essa \u00e9 uma oportunidade de divulgar os trabalhos desenvolvidos no instituto e de promover uma maior aproxima\u00e7\u00e3o com os produtores. \u201cA gente quer mostrar para a comunidade que o IF Sert\u00e3o-PE est\u00e1 ao lado da agricultura familiar\u201d, afirmou.<\/p>\n<p style=\"text-align: justify;\">O Semi\u00e1ridoShow acontece em uma \u00e1rea da Embrapa, localizada na BR-428, Km 148, na zona rural de Petrolina, e \u00e9 aberta \u00e0 visita\u00e7\u00e3o do p\u00fablico no hor\u00e1rio das 8h \u00e0s 17h. O in\u00edcio oficial da programa\u00e7\u00e3o oficial ser\u00e1 marcado pela solenidade de abertura, \u00e0s 9 horas, no espa\u00e7o da Vila da Economia Solid\u00e1ria. As inscri\u00e7\u00f5es para os minicursos e semin\u00e1rios s\u00e3o gratuitas e feitas na hora, limitadas ao n\u00famero de vagas de cada sala.<\/p>\n","protected":false},"excerpt":{"rendered":"<p>O Instituto Federal do Sert\u00e3o Pernambucano (IF Sert\u00e3o-PE) ir\u00e1 participar da s\u00e9tima edi\u00e7\u00e3o do Semi\u00e1ridoShow, feira voltada para a agricultura familiar do Semi\u00e1rido brasileiro, que acontece entre os dias 7 e 10 de novembro, na Embrapa, em Petrolina. Juntos, servidores e estudantes dos campi Petrolina, Petrolina Zona Rural, Salgueiro e Santa Maria da Boa Vista v\u00e3o expor produtos e servi\u00e7os e ofertar minicursos e palestras, com a parceria da ONG Chapada. Entre as oficinas que ser\u00e3o ministradas est\u00e3o a de Agroneg\u00f3cios e Cooperativismo para agricultores familiares; plantio, beneficiamento e manipula\u00e7\u00e3o de plantas medicinais; produtos minimamente processados, dentre outras. Haver\u00e1 ainda mostras zoot\u00e9cnicas e sobre vermicompostagem, al\u00e9m de mostra de produtos elaborados na Escola do Vinho. Como destaque, ainda, ser\u00e1 realizada&hellip; <\/p>\n","protected":false},"author":1,"featured_media":180806,"comment_status":"open","ping_status":"open","sticky":false,"template":"","format":"standard","meta":{"_acf_changed":false,"footnotes":""},"categories":[55,51],"tags":[],"class_list":["post-180805","post","type-post","status-publish","format-standard","has-post-thumbnail","hentry","category-agropecuaria","category-pesquisa"],"acf":[],"yoast_head":"<!-- This site is optimized with the Yoast SEO plugin v27.4 - https:\/\/yoast.com\/product\/yoast-seo-wordpress\/ -->\n<title>IF SERT\u00c3O-PE TER\u00c1 PARTICIPA\u00c7\u00c3O EFETIVA NA 7\u00aa EDI\u00c7\u00c3O DO SEMI\u00c1RIDO SHOW NESTE FIM DE SEMANA - Blog do Farn\u00e9sio<\/title>\n<meta name=\"robots\" content=\"index, follow, max-snippet:-1, max-image-preview:large, max-video-preview:-1\" \/>\n<link rel=\"canonical\" href=\"https:\/\/blogdofarnesio.com.br\/?p=180805\" \/>\n<meta property=\"og:locale\" content=\"pt_BR\" \/>\n<meta property=\"og:type\" content=\"article\" \/>\n<meta property=\"og:title\" content=\"IF SERT\u00c3O-PE TER\u00c1 PARTICIPA\u00c7\u00c3O EFETIVA NA 7\u00aa EDI\u00c7\u00c3O DO SEMI\u00c1RIDO SHOW NESTE FIM DE SEMANA - Blog do Farn\u00e9sio\" \/>\n<meta property=\"og:description\" content=\"O Instituto Federal do Sert\u00e3o Pernambucano (IF Sert\u00e3o-PE) ir\u00e1 participar da s\u00e9tima edi\u00e7\u00e3o do Semi\u00e1ridoShow, feira voltada para a agricultura familiar do Semi\u00e1rido brasileiro, que acontece entre os dias 7 e 10 de novembro, na Embrapa, em Petrolina. Juntos, servidores e estudantes dos campi Petrolina, Petrolina Zona Rural, Salgueiro e Santa Maria da Boa Vista v\u00e3o expor produtos e servi\u00e7os e ofertar minicursos e palestras, com a parceria da ONG Chapada. Entre as oficinas que ser\u00e3o ministradas est\u00e3o a de Agroneg\u00f3cios e Cooperativismo para agricultores familiares; plantio, beneficiamento e manipula\u00e7\u00e3o de plantas medicinais; produtos minimamente processados, dentre outras. Haver\u00e1 ainda mostras zoot\u00e9cnicas e sobre vermicompostagem, al\u00e9m de mostra de produtos elaborados na Escola do Vinho. Como destaque, ainda, ser\u00e1 realizada&hellip;\" \/>\n<meta property=\"og:url\" content=\"https:\/\/blogdofarnesio.com.br\/?p=180805\" \/>\n<meta property=\"og:site_name\" content=\"Blog do Farn\u00e9sio\" \/>\n<meta property=\"article:publisher\" content=\"https:\/\/www.facebook.com\/BlogQuerSaberPolitica\/\" \/>\n<meta property=\"article:published_time\" content=\"2017-11-07T13:01:09+00:00\" \/>\n<meta property=\"og:image\" content=\"https:\/\/blogdofarnesio.com.br\/wp-content\/uploads\/2017\/11\/blogqsp-SemiaridoShow.jpg\" \/>\n\t<meta property=\"og:image:width\" content=\"640\" \/>\n\t<meta property=\"og:image:height\" content=\"438\" \/>\n\t<meta property=\"og:image:type\" content=\"image\/jpeg\" \/>\n<meta name=\"author\" content=\"Farn\u00e9sio\" \/>\n<meta name=\"twitter:card\" content=\"summary_large_image\" \/>\n<meta name=\"twitter:label1\" content=\"Escrito por\" \/>\n\t<meta name=\"twitter:data1\" content=\"Farn\u00e9sio\" \/>\n\t<meta name=\"twitter:label2\" content=\"Est. tempo de leitura\" \/>\n\t<meta name=\"twitter:data2\" content=\"1 minuto\" \/>\n<script type=\"application\/ld+json\" class=\"yoast-schema-graph\">{\"@context\":\"https:\\\/\\\/schema.org\",\"@graph\":[{\"@type\":\"Article\",\"@id\":\"https:\\\/\\\/blogdofarnesio.com.br\\\/?p=180805#article\",\"isPartOf\":{\"@id\":\"https:\\\/\\\/blogdofarnesio.com.br\\\/?p=180805\"},\"author\":{\"name\":\"Farn\u00e9sio\",\"@id\":\"https:\\\/\\\/blogdofarnesio.com.br\\\/#\\\/schema\\\/person\\\/301c4acf522bccbfdb45af95b5b906a1\"},\"headline\":\"IF SERT\u00c3O-PE TER\u00c1 PARTICIPA\u00c7\u00c3O EFETIVA NA 7\u00aa EDI\u00c7\u00c3O DO SEMI\u00c1RIDO SHOW NESTE FIM DE SEMANA\",\"datePublished\":\"2017-11-07T13:01:09+00:00\",\"mainEntityOfPage\":{\"@id\":\"https:\\\/\\\/blogdofarnesio.com.br\\\/?p=180805\"},\"wordCount\":304,\"commentCount\":0,\"publisher\":{\"@id\":\"https:\\\/\\\/blogdofarnesio.com.br\\\/#organization\"},\"image\":{\"@id\":\"https:\\\/\\\/blogdofarnesio.com.br\\\/?p=180805#primaryimage\"},\"thumbnailUrl\":\"https:\\\/\\\/blogdofarnesio.com.br\\\/wp-content\\\/uploads\\\/2017\\\/11\\\/blogqsp-SemiaridoShow.jpg\",\"articleSection\":[\"Agropecu\u00e1ria\",\"Pesquisa\"],\"inLanguage\":\"pt-BR\",\"potentialAction\":[{\"@type\":\"CommentAction\",\"name\":\"Comment\",\"target\":[\"https:\\\/\\\/blogdofarnesio.com.br\\\/?p=180805#respond\"]}]},{\"@type\":\"WebPage\",\"@id\":\"https:\\\/\\\/blogdofarnesio.com.br\\\/?p=180805\",\"url\":\"https:\\\/\\\/blogdofarnesio.com.br\\\/?p=180805\",\"name\":\"IF SERT\u00c3O-PE TER\u00c1 PARTICIPA\u00c7\u00c3O EFETIVA NA 7\u00aa EDI\u00c7\u00c3O DO SEMI\u00c1RIDO SHOW NESTE FIM DE SEMANA - Blog do Farn\u00e9sio\",\"isPartOf\":{\"@id\":\"https:\\\/\\\/blogdofarnesio.com.br\\\/#website\"},\"primaryImageOfPage\":{\"@id\":\"https:\\\/\\\/blogdofarnesio.com.br\\\/?p=180805#primaryimage\"},\"image\":{\"@id\":\"https:\\\/\\\/blogdofarnesio.com.br\\\/?p=180805#primaryimage\"},\"thumbnailUrl\":\"https:\\\/\\\/blogdofarnesio.com.br\\\/wp-content\\\/uploads\\\/2017\\\/11\\\/blogqsp-SemiaridoShow.jpg\",\"datePublished\":\"2017-11-07T13:01:09+00:00\",\"breadcrumb\":{\"@id\":\"https:\\\/\\\/blogdofarnesio.com.br\\\/?p=180805#breadcrumb\"},\"inLanguage\":\"pt-BR\",\"potentialAction\":[{\"@type\":\"ReadAction\",\"target\":[\"https:\\\/\\\/blogdofarnesio.com.br\\\/?p=180805\"]}]},{\"@type\":\"ImageObject\",\"inLanguage\":\"pt-BR\",\"@id\":\"https:\\\/\\\/blogdofarnesio.com.br\\\/?p=180805#primaryimage\",\"url\":\"https:\\\/\\\/blogdofarnesio.com.br\\\/wp-content\\\/uploads\\\/2017\\\/11\\\/blogqsp-SemiaridoShow.jpg\",\"contentUrl\":\"https:\\\/\\\/blogdofarnesio.com.br\\\/wp-content\\\/uploads\\\/2017\\\/11\\\/blogqsp-SemiaridoShow.jpg\",\"width\":640,\"height\":438,\"caption\":\"Print\"},{\"@type\":\"BreadcrumbList\",\"@id\":\"https:\\\/\\\/blogdofarnesio.com.br\\\/?p=180805#breadcrumb\",\"itemListElement\":[{\"@type\":\"ListItem\",\"position\":1,\"name\":\"In\u00edcio\",\"item\":\"https:\\\/\\\/blogdofarnesio.com.br\\\/\"},{\"@type\":\"ListItem\",\"position\":2,\"name\":\"IF SERT\u00c3O-PE TER\u00c1 PARTICIPA\u00c7\u00c3O EFETIVA NA 7\u00aa EDI\u00c7\u00c3O DO SEMI\u00c1RIDO SHOW NESTE FIM DE SEMANA\"}]},{\"@type\":\"WebSite\",\"@id\":\"https:\\\/\\\/blogdofarnesio.com.br\\\/#website\",\"url\":\"https:\\\/\\\/blogdofarnesio.com.br\\\/\",\"name\":\"Blog do Farn\u00e9sio\",\"description\":\"Quer Saber Pol\u00edtica?\",\"publisher\":{\"@id\":\"https:\\\/\\\/blogdofarnesio.com.br\\\/#organization\"},\"potentialAction\":[{\"@type\":\"SearchAction\",\"target\":{\"@type\":\"EntryPoint\",\"urlTemplate\":\"https:\\\/\\\/blogdofarnesio.com.br\\\/?s={search_term_string}\"},\"query-input\":{\"@type\":\"PropertyValueSpecification\",\"valueRequired\":true,\"valueName\":\"search_term_string\"}}],\"inLanguage\":\"pt-BR\"},{\"@type\":\"Organization\",\"@id\":\"https:\\\/\\\/blogdofarnesio.com.br\\\/#organization\",\"name\":\"Blog do Farn\u00e9sio\",\"url\":\"https:\\\/\\\/blogdofarnesio.com.br\\\/\",\"logo\":{\"@type\":\"ImageObject\",\"inLanguage\":\"pt-BR\",\"@id\":\"https:\\\/\\\/blogdofarnesio.com.br\\\/#\\\/schema\\\/logo\\\/image\\\/\",\"url\":\"https:\\\/\\\/blogdofarnesio.com.br\\\/wp-content\\\/uploads\\\/2026\\\/03\\\/cropped-logo_new-1.png\",\"contentUrl\":\"https:\\\/\\\/blogdofarnesio.com.br\\\/wp-content\\\/uploads\\\/2026\\\/03\\\/cropped-logo_new-1.png\",\"width\":881,\"height\":685,\"caption\":\"Blog do Farn\u00e9sio\"},\"image\":{\"@id\":\"https:\\\/\\\/blogdofarnesio.com.br\\\/#\\\/schema\\\/logo\\\/image\\\/\"},\"sameAs\":[\"https:\\\/\\\/www.facebook.com\\\/BlogQuerSaberPolitica\\\/\"]},{\"@type\":\"Person\",\"@id\":\"https:\\\/\\\/blogdofarnesio.com.br\\\/#\\\/schema\\\/person\\\/301c4acf522bccbfdb45af95b5b906a1\",\"name\":\"Farn\u00e9sio\",\"image\":{\"@type\":\"ImageObject\",\"inLanguage\":\"pt-BR\",\"@id\":\"https:\\\/\\\/secure.gravatar.com\\\/avatar\\\/df0c9a14567c056f8ad6876ba5bbd1e3e2c48023eb6807342fc4663adf549f38?s=96&d=mm&r=g\",\"url\":\"https:\\\/\\\/secure.gravatar.com\\\/avatar\\\/df0c9a14567c056f8ad6876ba5bbd1e3e2c48023eb6807342fc4663adf549f38?s=96&d=mm&r=g\",\"contentUrl\":\"https:\\\/\\\/secure.gravatar.com\\\/avatar\\\/df0c9a14567c056f8ad6876ba5bbd1e3e2c48023eb6807342fc4663adf549f38?s=96&d=mm&r=g\",\"caption\":\"Farn\u00e9sio\"},\"sameAs\":[\"https:\\\/\\\/quersaberpolitica.com.br\"],\"url\":\"https:\\\/\\\/blogdofarnesio.com.br\\\/?author=1\"}]}<\/script>\n<!-- \/ Yoast SEO plugin. -->","yoast_head_json":{"title":"IF SERT\u00c3O-PE TER\u00c1 PARTICIPA\u00c7\u00c3O EFETIVA NA 7\u00aa EDI\u00c7\u00c3O DO SEMI\u00c1RIDO SHOW NESTE FIM DE SEMANA - Blog do Farn\u00e9sio","robots":{"index":"index","follow":"follow","max-snippet":"max-snippet:-1","max-image-preview":"max-image-preview:large","max-video-preview":"max-video-preview:-1"},"canonical":"https:\/\/blogdofarnesio.com.br\/?p=180805","og_locale":"pt_BR","og_type":"article","og_title":"IF SERT\u00c3O-PE TER\u00c1 PARTICIPA\u00c7\u00c3O EFETIVA NA 7\u00aa EDI\u00c7\u00c3O DO SEMI\u00c1RIDO SHOW NESTE FIM DE SEMANA - Blog do Farn\u00e9sio","og_description":"O Instituto Federal do Sert\u00e3o Pernambucano (IF Sert\u00e3o-PE) ir\u00e1 participar da s\u00e9tima edi\u00e7\u00e3o do Semi\u00e1ridoShow, feira voltada para a agricultura familiar do Semi\u00e1rido brasileiro, que acontece entre os dias 7 e 10 de novembro, na Embrapa, em Petrolina. Juntos, servidores e estudantes dos campi Petrolina, Petrolina Zona Rural, Salgueiro e Santa Maria da Boa Vista v\u00e3o expor produtos e servi\u00e7os e ofertar minicursos e palestras, com a parceria da ONG Chapada. Entre as oficinas que ser\u00e3o ministradas est\u00e3o a de Agroneg\u00f3cios e Cooperativismo para agricultores familiares; plantio, beneficiamento e manipula\u00e7\u00e3o de plantas medicinais; produtos minimamente processados, dentre outras. Haver\u00e1 ainda mostras zoot\u00e9cnicas e sobre vermicompostagem, al\u00e9m de mostra de produtos elaborados na Escola do Vinho. Como destaque, ainda, ser\u00e1 realizada&hellip;","og_url":"https:\/\/blogdofarnesio.com.br\/?p=180805","og_site_name":"Blog do Farn\u00e9sio","article_publisher":"https:\/\/www.facebook.com\/BlogQuerSaberPolitica\/","article_published_time":"2017-11-07T13:01:09+00:00","og_image":[{"width":640,"height":438,"url":"https:\/\/blogdofarnesio.com.br\/wp-content\/uploads\/2017\/11\/blogqsp-SemiaridoShow.jpg","type":"image\/jpeg"}],"author":"Farn\u00e9sio","twitter_card":"summary_large_image","twitter_misc":{"Escrito por":"Farn\u00e9sio","Est. tempo de leitura":"1 minuto"},"schema":{"@context":"https:\/\/schema.org","@graph":[{"@type":"Article","@id":"https:\/\/blogdofarnesio.com.br\/?p=180805#article","isPartOf":{"@id":"https:\/\/blogdofarnesio.com.br\/?p=180805"},"author":{"name":"Farn\u00e9sio","@id":"https:\/\/blogdofarnesio.com.br\/#\/schema\/person\/301c4acf522bccbfdb45af95b5b906a1"},"headline":"IF SERT\u00c3O-PE TER\u00c1 PARTICIPA\u00c7\u00c3O EFETIVA NA 7\u00aa EDI\u00c7\u00c3O DO SEMI\u00c1RIDO SHOW NESTE FIM DE SEMANA","datePublished":"2017-11-07T13:01:09+00:00","mainEntityOfPage":{"@id":"https:\/\/blogdofarnesio.com.br\/?p=180805"},"wordCount":304,"commentCount":0,"publisher":{"@id":"https:\/\/blogdofarnesio.com.br\/#organization"},"image":{"@id":"https:\/\/blogdofarnesio.com.br\/?p=180805#primaryimage"},"thumbnailUrl":"https:\/\/blogdofarnesio.com.br\/wp-content\/uploads\/2017\/11\/blogqsp-SemiaridoShow.jpg","articleSection":["Agropecu\u00e1ria","Pesquisa"],"inLanguage":"pt-BR","potentialAction":[{"@type":"CommentAction","name":"Comment","target":["https:\/\/blogdofarnesio.com.br\/?p=180805#respond"]}]},{"@type":"WebPage","@id":"https:\/\/blogdofarnesio.com.br\/?p=180805","url":"https:\/\/blogdofarnesio.com.br\/?p=180805","name":"IF SERT\u00c3O-PE TER\u00c1 PARTICIPA\u00c7\u00c3O EFETIVA NA 7\u00aa EDI\u00c7\u00c3O DO SEMI\u00c1RIDO SHOW NESTE FIM DE SEMANA - Blog do Farn\u00e9sio","isPartOf":{"@id":"https:\/\/blogdofarnesio.com.br\/#website"},"primaryImageOfPage":{"@id":"https:\/\/blogdofarnesio.com.br\/?p=180805#primaryimage"},"image":{"@id":"https:\/\/blogdofarnesio.com.br\/?p=180805#primaryimage"},"thumbnailUrl":"https:\/\/blogdofarnesio.com.br\/wp-content\/uploads\/2017\/11\/blogqsp-SemiaridoShow.jpg","datePublished":"2017-11-07T13:01:09+00:00","breadcrumb":{"@id":"https:\/\/blogdofarnesio.com.br\/?p=180805#breadcrumb"},"inLanguage":"pt-BR","potentialAction":[{"@type":"ReadAction","target":["https:\/\/blogdofarnesio.com.br\/?p=180805"]}]},{"@type":"ImageObject","inLanguage":"pt-BR","@id":"https:\/\/blogdofarnesio.com.br\/?p=180805#primaryimage","url":"https:\/\/blogdofarnesio.com.br\/wp-content\/uploads\/2017\/11\/blogqsp-SemiaridoShow.jpg","contentUrl":"https:\/\/blogdofarnesio.com.br\/wp-content\/uploads\/2017\/11\/blogqsp-SemiaridoShow.jpg","width":640,"height":438,"caption":"Print"},{"@type":"BreadcrumbList","@id":"https:\/\/blogdofarnesio.com.br\/?p=180805#breadcrumb","itemListElement":[{"@type":"ListItem","position":1,"name":"In\u00edcio","item":"https:\/\/blogdofarnesio.com.br\/"},{"@type":"ListItem","position":2,"name":"IF SERT\u00c3O-PE TER\u00c1 PARTICIPA\u00c7\u00c3O EFETIVA NA 7\u00aa EDI\u00c7\u00c3O DO SEMI\u00c1RIDO SHOW NESTE FIM DE SEMANA"}]},{"@type":"WebSite","@id":"https:\/\/blogdofarnesio.com.br\/#website","url":"https:\/\/blogdofarnesio.com.br\/","name":"Blog do Farn\u00e9sio","description":"Quer Saber Pol\u00edtica?","publisher":{"@id":"https:\/\/blogdofarnesio.com.br\/#organization"},"potentialAction":[{"@type":"SearchAction","target":{"@type":"EntryPoint","urlTemplate":"https:\/\/blogdofarnesio.com.br\/?s={search_term_string}"},"query-input":{"@type":"PropertyValueSpecification","valueRequired":true,"valueName":"search_term_string"}}],"inLanguage":"pt-BR"},{"@type":"Organization","@id":"https:\/\/blogdofarnesio.com.br\/#organization","name":"Blog do Farn\u00e9sio","url":"https:\/\/blogdofarnesio.com.br\/","logo":{"@type":"ImageObject","inLanguage":"pt-BR","@id":"https:\/\/blogdofarnesio.com.br\/#\/schema\/logo\/image\/","url":"https:\/\/blogdofarnesio.com.br\/wp-content\/uploads\/2026\/03\/cropped-logo_new-1.png","contentUrl":"https:\/\/blogdofarnesio.com.br\/wp-content\/uploads\/2026\/03\/cropped-logo_new-1.png","width":881,"height":685,"caption":"Blog do Farn\u00e9sio"},"image":{"@id":"https:\/\/blogdofarnesio.com.br\/#\/schema\/logo\/image\/"},"sameAs":["https:\/\/www.facebook.com\/BlogQuerSaberPolitica\/"]},{"@type":"Person","@id":"https:\/\/blogdofarnesio.com.br\/#\/schema\/person\/301c4acf522bccbfdb45af95b5b906a1","name":"Farn\u00e9sio","image":{"@type":"ImageObject","inLanguage":"pt-BR","@id":"https:\/\/secure.gravatar.com\/avatar\/df0c9a14567c056f8ad6876ba5bbd1e3e2c48023eb6807342fc4663adf549f38?s=96&d=mm&r=g","url":"https:\/\/secure.gravatar.com\/avatar\/df0c9a14567c056f8ad6876ba5bbd1e3e2c48023eb6807342fc4663adf549f38?s=96&d=mm&r=g","contentUrl":"https:\/\/secure.gravatar.com\/avatar\/df0c9a14567c056f8ad6876ba5bbd1e3e2c48023eb6807342fc4663adf549f38?s=96&d=mm&r=g","caption":"Farn\u00e9sio"},"sameAs":["https:\/\/quersaberpolitica.com.br"],"url":"https:\/\/blogdofarnesio.com.br\/?author=1"}]}},"_links":{"self":[{"href":"https:\/\/blogdofarnesio.com.br\/index.php?rest_route=\/wp\/v2\/posts\/180805","targetHints":{"allow":["GET"]}}],"collection":[{"href":"https:\/\/blogdofarnesio.com.br\/index.php?rest_route=\/wp\/v2\/posts"}],"about":[{"href":"https:\/\/blogdofarnesio.com.br\/index.php?rest_route=\/wp\/v2\/types\/post"}],"author":[{"embeddable":true,"href":"https:\/\/blogdofarnesio.com.br\/index.php?rest_route=\/wp\/v2\/users\/1"}],"replies":[{"embeddable":true,"href":"https:\/\/blogdofarnesio.com.br\/index.php?rest_route=%2Fwp%2Fv2%2Fcomments&post=180805"}],"version-history":[{"count":0,"href":"https:\/\/blogdofarnesio.com.br\/index.php?rest_route=\/wp\/v2\/posts\/180805\/revisions"}],"wp:featuredmedia":[{"embeddable":true,"href":"https:\/\/blogdofarnesio.com.br\/index.php?rest_route=\/wp\/v2\/media\/180806"}],"wp:attachment":[{"href":"https:\/\/blogdofarnesio.com.br\/index.php?rest_route=%2Fwp%2Fv2%2Fmedia&parent=180805"}],"wp:term":[{"taxonomy":"category","embeddable":true,"href":"https:\/\/blogdofarnesio.com.br\/index.php?rest_route=%2Fwp%2Fv2%2Fcategories&post=180805"},{"taxonomy":"post_tag","embeddable":true,"href":"https:\/\/blogdofarnesio.com.br\/index.php?rest_route=%2Fwp%2Fv2%2Ftags&post=180805"}],"curies":[{"name":"wp","href":"https:\/\/api.w.org\/{rel}","templated":true}]}}