{"id":179652,"date":"2017-10-23T17:03:48","date_gmt":"2017-10-23T20:03:48","guid":{"rendered":"http:\/\/quersaberpolitica.com.br\/2016\/?p=179652"},"modified":"2017-10-23T16:01:39","modified_gmt":"2017-10-23T19:01:39","slug":"ih-azedou","status":"publish","type":"post","link":"https:\/\/blogdofarnesio.com.br\/?p=179652","title":{"rendered":"IH! AZEDOU"},"content":{"rendered":"<h2 class=\"blog-post-title\"><a href=\"http:\/\/blogdomagno.com.br\/ver_post.php?id=182841\">Lula afirma que Dilma \u201ctraiu\u201d seu eleitorado<\/a><\/h2>\n<p><strong>Estad\u00e3o<\/strong><\/p>\n<p>Em entrevista ao jornal espanhol El Mundo, o ex-presidente Luiz In\u00e1cio Lula da Silva afirmou que a ex-presidente Dilma Rousseff &#8216;traiu&#8217; seu eleitorado ao promover ajuste fiscal ap\u00f3s vencer as elei\u00e7\u00f5es de 2014. Segundo Lula, esse foi um dos erros cometidos pela ex-presidente.<\/p>\n<p>&#8220;O segundo erro veio quando a presidente (Dilma) anunciou o ajuste fiscal e traiu o eleitorado que a havia eleito em 2014, o eleitorado que hav\u00edamos prometido que manter\u00edamos os gastos. Assim come\u00e7amos a perder credibilidade&#8221;, afirmou Lula na entrevista publicada ontem.<\/p>\n<p>A palavra trai\u00e7\u00e3o gerou pol\u00eamica. O ex-presidente afirmou nesta segunda-feira que n\u00e3o usou essa express\u00e3o durante a entrevista. Procurado pela reportagem sobre o teor da entrevista, a assessoria do Instituto Lula negou que o ex-presidente tenha usado a palavra &#8220;traiu&#8221;.<\/p>\n<p>O outro erro de Dilma, o primeiro, segundo o pr\u00f3prio Lula, foi &#8216;exagerar&#8217; as pol\u00edticas de exonera\u00e7\u00e3o fiscal para as grandes empresas. &#8220;Em 2014, sa\u00eda mais dinheiro do que entrava&#8221;, afirmou o ex-presidente. &#8220;O ano de 2015 foi muito semelhante ao de 1999, quando Fernando Henrique Cardoso teve uma popularidade de 8% e o Brasil quebrou tr\u00eas vezes. Mas o presidente da C\u00e2mara era Michel Temer e ele o ajudou. N\u00f3s tivemos o Eduardo Cunha.&#8221;<\/p>\n<p>Lula disse ainda que n\u00e3o se arrependeu de n\u00e3o ter se candidato \u00e0 Presid\u00eancia em 2014 e expressou o desejo de voltar \u00e0 disputa ao Planalto em 2018 a despeito da condena\u00e7\u00e3o, em primeira inst\u00e2ncia, na Opera\u00e7\u00e3o Lava Jato.<\/p>\n","protected":false},"excerpt":{"rendered":"<p>Lula afirma que Dilma \u201ctraiu\u201d seu eleitorado Estad\u00e3o Em entrevista ao jornal espanhol El Mundo, o ex-presidente Luiz In\u00e1cio Lula da Silva afirmou que a ex-presidente Dilma Rousseff &#8216;traiu&#8217; seu eleitorado ao promover ajuste fiscal ap\u00f3s vencer as elei\u00e7\u00f5es de 2014. Segundo Lula, esse foi um dos erros cometidos pela ex-presidente. &#8220;O segundo erro veio quando a presidente (Dilma) anunciou o ajuste fiscal e traiu o eleitorado que a havia eleito em 2014, o eleitorado que hav\u00edamos prometido que manter\u00edamos os gastos. Assim come\u00e7amos a perder credibilidade&#8221;, afirmou Lula na entrevista publicada ontem. A palavra trai\u00e7\u00e3o gerou pol\u00eamica. O ex-presidente afirmou nesta segunda-feira que n\u00e3o usou essa express\u00e3o durante a entrevista. Procurado pela reportagem sobre o teor da entrevista, a&hellip; <\/p>\n","protected":false},"author":1,"featured_media":168585,"comment_status":"open","ping_status":"open","sticky":false,"template":"","format":"standard","meta":{"_acf_changed":false,"footnotes":""},"categories":[1],"tags":[],"class_list":["post-179652","post","type-post","status-publish","format-standard","has-post-thumbnail","hentry","category-politica"],"acf":[],"yoast_head":"<!-- This site is optimized with the Yoast SEO plugin v27.4 - https:\/\/yoast.com\/product\/yoast-seo-wordpress\/ -->\n<title>IH! AZEDOU - Blog do Farn\u00e9sio<\/title>\n<meta name=\"robots\" content=\"index, follow, max-snippet:-1, max-image-preview:large, max-video-preview:-1\" \/>\n<link rel=\"canonical\" href=\"https:\/\/blogdofarnesio.com.br\/?p=179652\" \/>\n<meta property=\"og:locale\" content=\"pt_BR\" \/>\n<meta property=\"og:type\" content=\"article\" \/>\n<meta property=\"og:title\" content=\"IH! AZEDOU - Blog do Farn\u00e9sio\" \/>\n<meta property=\"og:description\" content=\"Lula afirma que Dilma \u201ctraiu\u201d seu eleitorado Estad\u00e3o Em entrevista ao jornal espanhol El Mundo, o ex-presidente Luiz In\u00e1cio Lula da Silva afirmou que a ex-presidente Dilma Rousseff &#8216;traiu&#8217; seu eleitorado ao promover ajuste fiscal ap\u00f3s vencer as elei\u00e7\u00f5es de 2014. Segundo Lula, esse foi um dos erros cometidos pela ex-presidente. &#8220;O segundo erro veio quando a presidente (Dilma) anunciou o ajuste fiscal e traiu o eleitorado que a havia eleito em 2014, o eleitorado que hav\u00edamos prometido que manter\u00edamos os gastos. Assim come\u00e7amos a perder credibilidade&#8221;, afirmou Lula na entrevista publicada ontem. A palavra trai\u00e7\u00e3o gerou pol\u00eamica. O ex-presidente afirmou nesta segunda-feira que n\u00e3o usou essa express\u00e3o durante a entrevista. Procurado pela reportagem sobre o teor da entrevista, a&hellip;\" \/>\n<meta property=\"og:url\" content=\"https:\/\/blogdofarnesio.com.br\/?p=179652\" \/>\n<meta property=\"og:site_name\" content=\"Blog do Farn\u00e9sio\" \/>\n<meta property=\"article:publisher\" content=\"https:\/\/www.facebook.com\/BlogQuerSaberPolitica\/\" \/>\n<meta property=\"article:published_time\" content=\"2017-10-23T20:03:48+00:00\" \/>\n<meta property=\"og:image\" content=\"https:\/\/blogdofarnesio.com.br\/wp-content\/uploads\/2017\/06\/blogqsp-lula-dilma-1-e1508785227455.jpg\" \/>\n\t<meta property=\"og:image:width\" content=\"600\" \/>\n\t<meta property=\"og:image:height\" content=\"366\" \/>\n\t<meta property=\"og:image:type\" content=\"image\/jpeg\" \/>\n<meta name=\"author\" content=\"Farn\u00e9sio\" \/>\n<meta name=\"twitter:card\" content=\"summary_large_image\" \/>\n<meta name=\"twitter:label1\" content=\"Escrito por\" \/>\n\t<meta name=\"twitter:data1\" content=\"Farn\u00e9sio\" \/>\n\t<meta name=\"twitter:label2\" content=\"Est. tempo de leitura\" \/>\n\t<meta name=\"twitter:data2\" content=\"1 minuto\" \/>\n<script type=\"application\/ld+json\" class=\"yoast-schema-graph\">{\"@context\":\"https:\\\/\\\/schema.org\",\"@graph\":[{\"@type\":\"Article\",\"@id\":\"https:\\\/\\\/blogdofarnesio.com.br\\\/?p=179652#article\",\"isPartOf\":{\"@id\":\"https:\\\/\\\/blogdofarnesio.com.br\\\/?p=179652\"},\"author\":{\"name\":\"Farn\u00e9sio\",\"@id\":\"https:\\\/\\\/blogdofarnesio.com.br\\\/#\\\/schema\\\/person\\\/301c4acf522bccbfdb45af95b5b906a1\"},\"headline\":\"IH! AZEDOU\",\"datePublished\":\"2017-10-23T20:03:48+00:00\",\"mainEntityOfPage\":{\"@id\":\"https:\\\/\\\/blogdofarnesio.com.br\\\/?p=179652\"},\"wordCount\":263,\"commentCount\":0,\"publisher\":{\"@id\":\"https:\\\/\\\/blogdofarnesio.com.br\\\/#organization\"},\"image\":{\"@id\":\"https:\\\/\\\/blogdofarnesio.com.br\\\/?p=179652#primaryimage\"},\"thumbnailUrl\":\"https:\\\/\\\/blogdofarnesio.com.br\\\/wp-content\\\/uploads\\\/2017\\\/06\\\/blogqsp-lula-dilma-1-e1508785227455.jpg\",\"articleSection\":[\"Pol\u00edtica\"],\"inLanguage\":\"pt-BR\",\"potentialAction\":[{\"@type\":\"CommentAction\",\"name\":\"Comment\",\"target\":[\"https:\\\/\\\/blogdofarnesio.com.br\\\/?p=179652#respond\"]}]},{\"@type\":\"WebPage\",\"@id\":\"https:\\\/\\\/blogdofarnesio.com.br\\\/?p=179652\",\"url\":\"https:\\\/\\\/blogdofarnesio.com.br\\\/?p=179652\",\"name\":\"IH! AZEDOU - Blog do Farn\u00e9sio\",\"isPartOf\":{\"@id\":\"https:\\\/\\\/blogdofarnesio.com.br\\\/#website\"},\"primaryImageOfPage\":{\"@id\":\"https:\\\/\\\/blogdofarnesio.com.br\\\/?p=179652#primaryimage\"},\"image\":{\"@id\":\"https:\\\/\\\/blogdofarnesio.com.br\\\/?p=179652#primaryimage\"},\"thumbnailUrl\":\"https:\\\/\\\/blogdofarnesio.com.br\\\/wp-content\\\/uploads\\\/2017\\\/06\\\/blogqsp-lula-dilma-1-e1508785227455.jpg\",\"datePublished\":\"2017-10-23T20:03:48+00:00\",\"breadcrumb\":{\"@id\":\"https:\\\/\\\/blogdofarnesio.com.br\\\/?p=179652#breadcrumb\"},\"inLanguage\":\"pt-BR\",\"potentialAction\":[{\"@type\":\"ReadAction\",\"target\":[\"https:\\\/\\\/blogdofarnesio.com.br\\\/?p=179652\"]}]},{\"@type\":\"ImageObject\",\"inLanguage\":\"pt-BR\",\"@id\":\"https:\\\/\\\/blogdofarnesio.com.br\\\/?p=179652#primaryimage\",\"url\":\"https:\\\/\\\/blogdofarnesio.com.br\\\/wp-content\\\/uploads\\\/2017\\\/06\\\/blogqsp-lula-dilma-1-e1508785227455.jpg\",\"contentUrl\":\"https:\\\/\\\/blogdofarnesio.com.br\\\/wp-content\\\/uploads\\\/2017\\\/06\\\/blogqsp-lula-dilma-1-e1508785227455.jpg\",\"width\":600,\"height\":366},{\"@type\":\"BreadcrumbList\",\"@id\":\"https:\\\/\\\/blogdofarnesio.com.br\\\/?p=179652#breadcrumb\",\"itemListElement\":[{\"@type\":\"ListItem\",\"position\":1,\"name\":\"In\u00edcio\",\"item\":\"https:\\\/\\\/blogdofarnesio.com.br\\\/\"},{\"@type\":\"ListItem\",\"position\":2,\"name\":\"IH! AZEDOU\"}]},{\"@type\":\"WebSite\",\"@id\":\"https:\\\/\\\/blogdofarnesio.com.br\\\/#website\",\"url\":\"https:\\\/\\\/blogdofarnesio.com.br\\\/\",\"name\":\"Blog do Farn\u00e9sio\",\"description\":\"Quer Saber Pol\u00edtica?\",\"publisher\":{\"@id\":\"https:\\\/\\\/blogdofarnesio.com.br\\\/#organization\"},\"potentialAction\":[{\"@type\":\"SearchAction\",\"target\":{\"@type\":\"EntryPoint\",\"urlTemplate\":\"https:\\\/\\\/blogdofarnesio.com.br\\\/?s={search_term_string}\"},\"query-input\":{\"@type\":\"PropertyValueSpecification\",\"valueRequired\":true,\"valueName\":\"search_term_string\"}}],\"inLanguage\":\"pt-BR\"},{\"@type\":\"Organization\",\"@id\":\"https:\\\/\\\/blogdofarnesio.com.br\\\/#organization\",\"name\":\"Blog do Farn\u00e9sio\",\"url\":\"https:\\\/\\\/blogdofarnesio.com.br\\\/\",\"logo\":{\"@type\":\"ImageObject\",\"inLanguage\":\"pt-BR\",\"@id\":\"https:\\\/\\\/blogdofarnesio.com.br\\\/#\\\/schema\\\/logo\\\/image\\\/\",\"url\":\"https:\\\/\\\/blogdofarnesio.com.br\\\/wp-content\\\/uploads\\\/2026\\\/03\\\/cropped-logo_new-1.png\",\"contentUrl\":\"https:\\\/\\\/blogdofarnesio.com.br\\\/wp-content\\\/uploads\\\/2026\\\/03\\\/cropped-logo_new-1.png\",\"width\":881,\"height\":685,\"caption\":\"Blog do Farn\u00e9sio\"},\"image\":{\"@id\":\"https:\\\/\\\/blogdofarnesio.com.br\\\/#\\\/schema\\\/logo\\\/image\\\/\"},\"sameAs\":[\"https:\\\/\\\/www.facebook.com\\\/BlogQuerSaberPolitica\\\/\"]},{\"@type\":\"Person\",\"@id\":\"https:\\\/\\\/blogdofarnesio.com.br\\\/#\\\/schema\\\/person\\\/301c4acf522bccbfdb45af95b5b906a1\",\"name\":\"Farn\u00e9sio\",\"image\":{\"@type\":\"ImageObject\",\"inLanguage\":\"pt-BR\",\"@id\":\"https:\\\/\\\/secure.gravatar.com\\\/avatar\\\/df0c9a14567c056f8ad6876ba5bbd1e3e2c48023eb6807342fc4663adf549f38?s=96&d=mm&r=g\",\"url\":\"https:\\\/\\\/secure.gravatar.com\\\/avatar\\\/df0c9a14567c056f8ad6876ba5bbd1e3e2c48023eb6807342fc4663adf549f38?s=96&d=mm&r=g\",\"contentUrl\":\"https:\\\/\\\/secure.gravatar.com\\\/avatar\\\/df0c9a14567c056f8ad6876ba5bbd1e3e2c48023eb6807342fc4663adf549f38?s=96&d=mm&r=g\",\"caption\":\"Farn\u00e9sio\"},\"sameAs\":[\"https:\\\/\\\/quersaberpolitica.com.br\"],\"url\":\"https:\\\/\\\/blogdofarnesio.com.br\\\/?author=1\"}]}<\/script>\n<!-- \/ Yoast SEO plugin. -->","yoast_head_json":{"title":"IH! AZEDOU - Blog do Farn\u00e9sio","robots":{"index":"index","follow":"follow","max-snippet":"max-snippet:-1","max-image-preview":"max-image-preview:large","max-video-preview":"max-video-preview:-1"},"canonical":"https:\/\/blogdofarnesio.com.br\/?p=179652","og_locale":"pt_BR","og_type":"article","og_title":"IH! AZEDOU - Blog do Farn\u00e9sio","og_description":"Lula afirma que Dilma \u201ctraiu\u201d seu eleitorado Estad\u00e3o Em entrevista ao jornal espanhol El Mundo, o ex-presidente Luiz In\u00e1cio Lula da Silva afirmou que a ex-presidente Dilma Rousseff &#8216;traiu&#8217; seu eleitorado ao promover ajuste fiscal ap\u00f3s vencer as elei\u00e7\u00f5es de 2014. Segundo Lula, esse foi um dos erros cometidos pela ex-presidente. &#8220;O segundo erro veio quando a presidente (Dilma) anunciou o ajuste fiscal e traiu o eleitorado que a havia eleito em 2014, o eleitorado que hav\u00edamos prometido que manter\u00edamos os gastos. Assim come\u00e7amos a perder credibilidade&#8221;, afirmou Lula na entrevista publicada ontem. A palavra trai\u00e7\u00e3o gerou pol\u00eamica. O ex-presidente afirmou nesta segunda-feira que n\u00e3o usou essa express\u00e3o durante a entrevista. Procurado pela reportagem sobre o teor da entrevista, a&hellip;","og_url":"https:\/\/blogdofarnesio.com.br\/?p=179652","og_site_name":"Blog do Farn\u00e9sio","article_publisher":"https:\/\/www.facebook.com\/BlogQuerSaberPolitica\/","article_published_time":"2017-10-23T20:03:48+00:00","og_image":[{"width":600,"height":366,"url":"https:\/\/blogdofarnesio.com.br\/wp-content\/uploads\/2017\/06\/blogqsp-lula-dilma-1-e1508785227455.jpg","type":"image\/jpeg"}],"author":"Farn\u00e9sio","twitter_card":"summary_large_image","twitter_misc":{"Escrito por":"Farn\u00e9sio","Est. tempo de leitura":"1 minuto"},"schema":{"@context":"https:\/\/schema.org","@graph":[{"@type":"Article","@id":"https:\/\/blogdofarnesio.com.br\/?p=179652#article","isPartOf":{"@id":"https:\/\/blogdofarnesio.com.br\/?p=179652"},"author":{"name":"Farn\u00e9sio","@id":"https:\/\/blogdofarnesio.com.br\/#\/schema\/person\/301c4acf522bccbfdb45af95b5b906a1"},"headline":"IH! AZEDOU","datePublished":"2017-10-23T20:03:48+00:00","mainEntityOfPage":{"@id":"https:\/\/blogdofarnesio.com.br\/?p=179652"},"wordCount":263,"commentCount":0,"publisher":{"@id":"https:\/\/blogdofarnesio.com.br\/#organization"},"image":{"@id":"https:\/\/blogdofarnesio.com.br\/?p=179652#primaryimage"},"thumbnailUrl":"https:\/\/blogdofarnesio.com.br\/wp-content\/uploads\/2017\/06\/blogqsp-lula-dilma-1-e1508785227455.jpg","articleSection":["Pol\u00edtica"],"inLanguage":"pt-BR","potentialAction":[{"@type":"CommentAction","name":"Comment","target":["https:\/\/blogdofarnesio.com.br\/?p=179652#respond"]}]},{"@type":"WebPage","@id":"https:\/\/blogdofarnesio.com.br\/?p=179652","url":"https:\/\/blogdofarnesio.com.br\/?p=179652","name":"IH! AZEDOU - Blog do Farn\u00e9sio","isPartOf":{"@id":"https:\/\/blogdofarnesio.com.br\/#website"},"primaryImageOfPage":{"@id":"https:\/\/blogdofarnesio.com.br\/?p=179652#primaryimage"},"image":{"@id":"https:\/\/blogdofarnesio.com.br\/?p=179652#primaryimage"},"thumbnailUrl":"https:\/\/blogdofarnesio.com.br\/wp-content\/uploads\/2017\/06\/blogqsp-lula-dilma-1-e1508785227455.jpg","datePublished":"2017-10-23T20:03:48+00:00","breadcrumb":{"@id":"https:\/\/blogdofarnesio.com.br\/?p=179652#breadcrumb"},"inLanguage":"pt-BR","potentialAction":[{"@type":"ReadAction","target":["https:\/\/blogdofarnesio.com.br\/?p=179652"]}]},{"@type":"ImageObject","inLanguage":"pt-BR","@id":"https:\/\/blogdofarnesio.com.br\/?p=179652#primaryimage","url":"https:\/\/blogdofarnesio.com.br\/wp-content\/uploads\/2017\/06\/blogqsp-lula-dilma-1-e1508785227455.jpg","contentUrl":"https:\/\/blogdofarnesio.com.br\/wp-content\/uploads\/2017\/06\/blogqsp-lula-dilma-1-e1508785227455.jpg","width":600,"height":366},{"@type":"BreadcrumbList","@id":"https:\/\/blogdofarnesio.com.br\/?p=179652#breadcrumb","itemListElement":[{"@type":"ListItem","position":1,"name":"In\u00edcio","item":"https:\/\/blogdofarnesio.com.br\/"},{"@type":"ListItem","position":2,"name":"IH! AZEDOU"}]},{"@type":"WebSite","@id":"https:\/\/blogdofarnesio.com.br\/#website","url":"https:\/\/blogdofarnesio.com.br\/","name":"Blog do Farn\u00e9sio","description":"Quer Saber Pol\u00edtica?","publisher":{"@id":"https:\/\/blogdofarnesio.com.br\/#organization"},"potentialAction":[{"@type":"SearchAction","target":{"@type":"EntryPoint","urlTemplate":"https:\/\/blogdofarnesio.com.br\/?s={search_term_string}"},"query-input":{"@type":"PropertyValueSpecification","valueRequired":true,"valueName":"search_term_string"}}],"inLanguage":"pt-BR"},{"@type":"Organization","@id":"https:\/\/blogdofarnesio.com.br\/#organization","name":"Blog do Farn\u00e9sio","url":"https:\/\/blogdofarnesio.com.br\/","logo":{"@type":"ImageObject","inLanguage":"pt-BR","@id":"https:\/\/blogdofarnesio.com.br\/#\/schema\/logo\/image\/","url":"https:\/\/blogdofarnesio.com.br\/wp-content\/uploads\/2026\/03\/cropped-logo_new-1.png","contentUrl":"https:\/\/blogdofarnesio.com.br\/wp-content\/uploads\/2026\/03\/cropped-logo_new-1.png","width":881,"height":685,"caption":"Blog do Farn\u00e9sio"},"image":{"@id":"https:\/\/blogdofarnesio.com.br\/#\/schema\/logo\/image\/"},"sameAs":["https:\/\/www.facebook.com\/BlogQuerSaberPolitica\/"]},{"@type":"Person","@id":"https:\/\/blogdofarnesio.com.br\/#\/schema\/person\/301c4acf522bccbfdb45af95b5b906a1","name":"Farn\u00e9sio","image":{"@type":"ImageObject","inLanguage":"pt-BR","@id":"https:\/\/secure.gravatar.com\/avatar\/df0c9a14567c056f8ad6876ba5bbd1e3e2c48023eb6807342fc4663adf549f38?s=96&d=mm&r=g","url":"https:\/\/secure.gravatar.com\/avatar\/df0c9a14567c056f8ad6876ba5bbd1e3e2c48023eb6807342fc4663adf549f38?s=96&d=mm&r=g","contentUrl":"https:\/\/secure.gravatar.com\/avatar\/df0c9a14567c056f8ad6876ba5bbd1e3e2c48023eb6807342fc4663adf549f38?s=96&d=mm&r=g","caption":"Farn\u00e9sio"},"sameAs":["https:\/\/quersaberpolitica.com.br"],"url":"https:\/\/blogdofarnesio.com.br\/?author=1"}]}},"_links":{"self":[{"href":"https:\/\/blogdofarnesio.com.br\/index.php?rest_route=\/wp\/v2\/posts\/179652","targetHints":{"allow":["GET"]}}],"collection":[{"href":"https:\/\/blogdofarnesio.com.br\/index.php?rest_route=\/wp\/v2\/posts"}],"about":[{"href":"https:\/\/blogdofarnesio.com.br\/index.php?rest_route=\/wp\/v2\/types\/post"}],"author":[{"embeddable":true,"href":"https:\/\/blogdofarnesio.com.br\/index.php?rest_route=\/wp\/v2\/users\/1"}],"replies":[{"embeddable":true,"href":"https:\/\/blogdofarnesio.com.br\/index.php?rest_route=%2Fwp%2Fv2%2Fcomments&post=179652"}],"version-history":[{"count":0,"href":"https:\/\/blogdofarnesio.com.br\/index.php?rest_route=\/wp\/v2\/posts\/179652\/revisions"}],"wp:featuredmedia":[{"embeddable":true,"href":"https:\/\/blogdofarnesio.com.br\/index.php?rest_route=\/wp\/v2\/media\/168585"}],"wp:attachment":[{"href":"https:\/\/blogdofarnesio.com.br\/index.php?rest_route=%2Fwp%2Fv2%2Fmedia&parent=179652"}],"wp:term":[{"taxonomy":"category","embeddable":true,"href":"https:\/\/blogdofarnesio.com.br\/index.php?rest_route=%2Fwp%2Fv2%2Fcategories&post=179652"},{"taxonomy":"post_tag","embeddable":true,"href":"https:\/\/blogdofarnesio.com.br\/index.php?rest_route=%2Fwp%2Fv2%2Ftags&post=179652"}],"curies":[{"name":"wp","href":"https:\/\/api.w.org\/{rel}","templated":true}]}}