{"id":17931,"date":"2012-10-06T07:40:00","date_gmt":"2012-10-06T07:40:00","guid":{"rendered":"http:\/\/www.quersaberpolitica.com.br?p=17931"},"modified":"-0001-11-30T00:00:00","modified_gmt":"-0001-11-30T03:00:00","slug":"aterro-sanitario-da-regiao-de-irece-entra-em-operacao-no-inicio-de-2013","status":"publish","type":"post","link":"https:\/\/blogdofarnesio.com.br\/?p=17931","title":{"rendered":"Aterro sanit\u00e1rio da regi\u00e3o de Irec\u00ea entra em opera\u00e7\u00e3o no in\u00edcio de 2013"},"content":{"rendered":"<p><a style=\"font-family: arial, helvetica, sans-serif; font-size: medium; text-align: justify;\" rel=\"lightbox\" href=\"http:\/\/www.quersaberpolitica.com.br\/2016\/wp-content\/uploads\/2012\/12\/blogqsp.comitivairece.jpg\"><img loading=\"lazy\" decoding=\"async\" style=\"float: left; margin: 5px 10px;\" src=\"http:\/\/www.quersaberpolitica.com.br\/2016\/wp-content\/uploads\/2012\/12\/blogqsp.comitivairece.jpg\" alt=\"\" width=\"200\" height=\"133\" \/><\/a><span style=\"font-family: arial, helvetica, sans-serif; font-size: medium; text-align: justify;\">O aterro sanit&aacute;rio intermunicipal que ir&aacute; atender, numa primeira fase, a oito munic&iacute;pios da regi&atilde;o de Irec&ecirc;, em sistema de cons&oacute;rcio, dever&aacute; entrar em opera&ccedil;&atilde;o j&aacute; no in&iacute;cio de 2013. A constata&ccedil;&atilde;o foi do ministro da Integra&ccedil;&atilde;o Nacional, Fernando Bezerra Coelho, que &#8211; junto com o presidente da Codevasf, Elmo Vaz, e o diretor de Desenvolvimento Integrado e Infraestrutura da Companhia, Guilherme Almeida -, vistoriou as obras e confirmou seu est&aacute;gio avan&ccedil;ado: 98% da execu&ccedil;&atilde;o f&iacute;sica est&atilde;o conclu&iacute;dos, faltando agora somente a aquisi&ccedil;&atilde;o dos equipamentos que permitir&atilde;o a entrada em funcionamento.&nbsp;<\/span><br style=\"font-family: arial, helvetica, sans-serif; font-size: medium; text-align: justify;\" \/><span style=\"font-family: arial, helvetica, sans-serif; font-size: medium; text-align: justify;\">Para o Baixio de Irec&ecirc;, maior projeto de irriga&ccedil;&atilde;o em fase de implanta&ccedil;&atilde;o pela Codevasf, que tamb&eacute;m teve as obras vistoriadas pelo ministro, h&aacute; tamb&eacute;m novidades: Fernando Bezerra informou, durante a visita, que pretende lan&ccedil;ar o edital para ocupa&ccedil;&atilde;o dos primeiros 20 mil hectares j&aacute; no in&iacute;cio de novembro, quando o Conselho Deliberativo da Sudene se re&uacute;ne em Salvador.<\/span><br style=\"font-family: arial, helvetica, sans-serif; font-size: medium; text-align: justify;\" \/><span style=\"font-family: arial, helvetica, sans-serif; font-size: medium; text-align: justify;\">&#8220;O Baixio de Irec&ecirc;, ao suscitar a cria&ccedil;&atilde;o de milhares de empregos, ir&aacute; escrever uma nova p&aacute;gina no desenvolvimento de toda a regi&atilde;o&#8221;, destacou o ministro, acrescentando que, at&eacute; o final desse ano, dever&aacute; licitar as obras da segunda etapa, um investimento de aproximadamente R$ 900 milh&otilde;es em 27 mil hectares. A primeira etapa soma 47 mil hectares.&nbsp;<\/span><br style=\"font-family: arial, helvetica, sans-serif; font-size: medium; text-align: justify;\" \/><span style=\"font-family: arial, helvetica, sans-serif; font-size: medium; text-align: justify;\">Para o aterro sanit&aacute;rio, o ministro garantiu que ir&aacute; viabilizar em breve os recursos para aquisi&ccedil;&atilde;o das m&aacute;quinas e equipamentos que permitir&atilde;o o in&iacute;cio da opera&ccedil;&atilde;o. A obra, de R$ 3,5 milh&otilde;es, &eacute; executada numa parceria da Codevasf com a prefeitura de Irec&ecirc; &#8211; munic&iacute;pio que fica a 468 km de Salvador e pertence &agrave; regi&atilde;o do M&eacute;dio S&atilde;o Francisco, na Chapada Diamantina setentrional. A constru&ccedil;&atilde;o do aterro integra o Programa de Revitaliza&ccedil;&atilde;o da Bacia Hidrogr&aacute;fica do S&atilde;o Francisco, coordenado pelo Minist&eacute;rio do Meio Ambiente em parceria com o Minist&eacute;rio da Integra&ccedil;&atilde;o Nacional, e conta com recursos do Programa de Acelera&ccedil;&atilde;o do Crescimento (PAC).<\/span><br style=\"font-family: arial, helvetica, sans-serif; font-size: medium; text-align: justify;\" \/><span style=\"font-family: arial, helvetica, sans-serif; font-size: medium; text-align: justify;\">Os munic&iacute;pios beneficiados com o aterro numa primeira etapa s&atilde;o, al&eacute;m, de Irec&ecirc;, Jo&atilde;o Dourado, Central, Jussara, Lap&atilde;o, Presidente Dutra, S&atilde;o Gabriel e Uiba&iacute;, totalizando 131 mil habitantes beneficiados.<\/span><br style=\"font-family: arial, helvetica, sans-serif; font-size: medium; text-align: justify;\" \/><span style=\"font-family: arial, helvetica, sans-serif; font-size: medium; text-align: justify;\">O aterro ter&aacute; capacidade de acumular cerca de 1,3 milh&atilde;o de metros c&uacute;bicos de res&iacute;duo s&oacute;lido urbano, promovendo a prote&ccedil;&atilde;o das &aacute;guas superficiais, subterr&acirc;neas e tamb&eacute;m do solo de toda a regi&atilde;o, redu&ccedil;&atilde;o de vetores e outros agentes de doen&ccedil;as, elimina&ccedil;&atilde;o dos odores, diminui&ccedil;&atilde;o de riscos &agrave; sa&uacute;de ocupacional dos catadores; redu&ccedil;&atilde;o da contamina&ccedil;&atilde;o, por via h&iacute;drica, de alimentos e da cria&ccedil;&atilde;o de gado alimentado com res&iacute;duos contaminados, entre outros benef&iacute;cios.<\/span><br style=\"font-family: arial, helvetica, sans-serif; font-size: medium; text-align: justify;\" \/><br style=\"font-family: arial, helvetica, sans-serif; font-size: medium; text-align: justify;\" \/><span style=\"font-family: arial, helvetica, sans-serif; font-size: medium; text-align: justify;\">Baixio de Irec&ecirc;<\/span><br style=\"font-family: arial, helvetica, sans-serif; font-size: medium; text-align: justify;\" \/><br style=\"font-family: arial, helvetica, sans-serif; font-size: medium; text-align: justify;\" \/><span style=\"font-family: arial, helvetica, sans-serif; font-size: medium; text-align: justify;\">A comitiva encabe&ccedil;ada pelo ministro da Integra&ccedil;&atilde;o Nacional tamb&eacute;m vistoriou as obras do projeto Baixio de Irec&ecirc; &#8211; localizado nos munic&iacute;pios de Xique-Xique, Sento S&eacute; e Itagua&ccedil;u da Bahia. O Baixio de Irec&ecirc; &eacute; um dos projetos p&uacute;blicos de irriga&ccedil;&atilde;o atualmente em implanta&ccedil;&atilde;o pela Codevasf. Com investimento total estimado em R$ 1,4 bilh&atilde;o, o empreendimento ter&aacute; uma &aacute;rea irrig&aacute;vel de 54 mil hectares divididos em lotes empresariais e para pequenos e m&eacute;dios produtores, al&eacute;m de uma reserva ambiental de 31 mil hectares e uma &aacute;rea de 19 mil hectares de sequeiro, mas que poder&aacute; tamb&eacute;m ser irrigada.<\/span><br style=\"font-family: arial, helvetica, sans-serif; font-size: medium; text-align: justify;\" \/><span style=\"font-family: arial, helvetica, sans-serif; font-size: medium; text-align: justify;\">A primeira etapa, com aproximadamente 4.773 hectares, e as obras civis da segunda etapa, que ir&aacute; totalizar cerca de 19 mil hectares, j&aacute; est&atilde;o sendo finalizadas. Com a conclus&atilde;o do projeto, a expectativa &eacute; de que sejam gerados cerca de 5 mil empregos diretos e milhares de empregos indiretos, beneficiando toda a regi&atilde;o.<\/span><br style=\"font-family: arial, helvetica, sans-serif; font-size: medium; text-align: justify;\" \/><span style=\"font-family: arial, helvetica, sans-serif; font-size: medium; text-align: justify;\">Al&eacute;m disso, a agricultura irrigada permitir&aacute; alta produtividade, introdu&ccedil;&atilde;o de culturas mais lucrativas e utiliza&ccedil;&atilde;o de tecnologias para conserva&ccedil;&atilde;o e melhoria dos solos. Dentre as culturas a serem exploradas no projeto destacam-se abacaxi, ab&oacute;bora, algod&atilde;o, banana, cebola, coco, feij&atilde;o, goiaba, lim&atilde;o, mam&atilde;o, maracuj&aacute;, milho, melancia, mel&atilde;o, piment&atilde;o, tangerina, tomate e uva. Tamb&eacute;m ser&aacute; montado um polo energ&eacute;tico para a produ&ccedil;&atilde;o de oleaginosas como cana-de-a&ccedil;&uacute;car, pinh&atilde;o manso, dend&ecirc;, soja e mamona, entre outras.<\/span><\/p>\n","protected":false},"excerpt":{"rendered":"<p>O aterro sanit&aacute;rio intermunicipal que ir&aacute; atender, numa primeira fase, a oito munic&iacute;pios da regi&atilde;o de Irec&ecirc;, em sistema de cons&oacute;rcio, dever&aacute; entrar em opera&ccedil;&atilde;o j&aacute; no in&iacute;cio de 2013. A constata&ccedil;&atilde;o foi do ministro da Integra&ccedil;&atilde;o Nacional, Fernando Bezerra Coelho, que &#8211; junto com o presidente da Codevasf, Elmo Vaz, e o diretor de Desenvolvimento Integrado e Infraestrutura da Companhia, Guilherme Almeida -, vistoriou as obras e confirmou seu est&aacute;gio avan&ccedil;ado: 98% da execu&ccedil;&atilde;o f&iacute;sica est&atilde;o conclu&iacute;dos, faltando agora somente a aquisi&ccedil;&atilde;o dos equipamentos que permitir&atilde;o a entrada em funcionamento.&nbsp;Para o Baixio de Irec&ecirc;, maior projeto de irriga&ccedil;&atilde;o em fase de implanta&ccedil;&atilde;o pela Codevasf, que tamb&eacute;m teve as obras vistoriadas pelo ministro, h&aacute; tamb&eacute;m novidades: Fernando Bezerra informou, durante&hellip; <\/p>\n","protected":false},"author":0,"featured_media":0,"comment_status":"open","ping_status":"open","sticky":false,"template":"","format":"standard","meta":{"_acf_changed":false,"footnotes":""},"categories":[43],"tags":[],"class_list":["post-17931","post","type-post","status-publish","format-standard","hentry","category-sem-categoria"],"acf":[],"yoast_head":"<!-- This site is optimized with the Yoast SEO plugin v27.4 - https:\/\/yoast.com\/product\/yoast-seo-wordpress\/ -->\n<title>Aterro sanit\u00e1rio da regi\u00e3o de Irec\u00ea entra em opera\u00e7\u00e3o no in\u00edcio de 2013  - Blog do Farn\u00e9sio<\/title>\n<meta name=\"robots\" content=\"index, follow, max-snippet:-1, max-image-preview:large, max-video-preview:-1\" \/>\n<link rel=\"canonical\" href=\"https:\/\/blogdofarnesio.com.br\/?p=17931\" \/>\n<meta property=\"og:locale\" content=\"pt_BR\" \/>\n<meta property=\"og:type\" content=\"article\" \/>\n<meta property=\"og:title\" content=\"Aterro sanit\u00e1rio da regi\u00e3o de Irec\u00ea entra em opera\u00e7\u00e3o no in\u00edcio de 2013  - Blog do Farn\u00e9sio\" \/>\n<meta property=\"og:description\" content=\"O aterro sanit&aacute;rio intermunicipal que ir&aacute; atender, numa primeira fase, a oito munic&iacute;pios da regi&atilde;o de Irec&ecirc;, em sistema de cons&oacute;rcio, dever&aacute; entrar em opera&ccedil;&atilde;o j&aacute; no in&iacute;cio de 2013. A constata&ccedil;&atilde;o foi do ministro da Integra&ccedil;&atilde;o Nacional, Fernando Bezerra Coelho, que &#8211; junto com o presidente da Codevasf, Elmo Vaz, e o diretor de Desenvolvimento Integrado e Infraestrutura da Companhia, Guilherme Almeida -, vistoriou as obras e confirmou seu est&aacute;gio avan&ccedil;ado: 98% da execu&ccedil;&atilde;o f&iacute;sica est&atilde;o conclu&iacute;dos, faltando agora somente a aquisi&ccedil;&atilde;o dos equipamentos que permitir&atilde;o a entrada em funcionamento.&nbsp;Para o Baixio de Irec&ecirc;, maior projeto de irriga&ccedil;&atilde;o em fase de implanta&ccedil;&atilde;o pela Codevasf, que tamb&eacute;m teve as obras vistoriadas pelo ministro, h&aacute; tamb&eacute;m novidades: Fernando Bezerra informou, durante&hellip;\" \/>\n<meta property=\"og:url\" content=\"https:\/\/blogdofarnesio.com.br\/?p=17931\" \/>\n<meta property=\"og:site_name\" content=\"Blog do Farn\u00e9sio\" \/>\n<meta property=\"article:publisher\" content=\"https:\/\/www.facebook.com\/BlogQuerSaberPolitica\/\" \/>\n<meta property=\"article:published_time\" content=\"2012-10-06T07:40:00+00:00\" \/>\n<meta property=\"og:image\" content=\"http:\/\/www.quersaberpolitica.com.br\/2016\/wp-content\/uploads\/2012\/12\/blogqsp.comitivairece.jpg\" \/>\n<meta name=\"twitter:card\" content=\"summary_large_image\" \/>\n<meta name=\"twitter:label1\" content=\"Est. tempo de leitura\" \/>\n\t<meta name=\"twitter:data1\" content=\"4 minutos\" \/>\n<script type=\"application\/ld+json\" class=\"yoast-schema-graph\">{\"@context\":\"https:\\\/\\\/schema.org\",\"@graph\":[{\"@type\":\"Article\",\"@id\":\"https:\\\/\\\/blogdofarnesio.com.br\\\/?p=17931#article\",\"isPartOf\":{\"@id\":\"https:\\\/\\\/blogdofarnesio.com.br\\\/?p=17931\"},\"author\":{\"name\":\"\",\"@id\":\"\"},\"headline\":\"Aterro sanit\u00e1rio da regi\u00e3o de Irec\u00ea entra em opera\u00e7\u00e3o no in\u00edcio de 2013\",\"datePublished\":\"2012-10-06T07:40:00+00:00\",\"mainEntityOfPage\":{\"@id\":\"https:\\\/\\\/blogdofarnesio.com.br\\\/?p=17931\"},\"wordCount\":907,\"commentCount\":0,\"publisher\":{\"@id\":\"https:\\\/\\\/blogdofarnesio.com.br\\\/#organization\"},\"image\":{\"@id\":\"https:\\\/\\\/blogdofarnesio.com.br\\\/?p=17931#primaryimage\"},\"thumbnailUrl\":\"http:\\\/\\\/www.quersaberpolitica.com.br\\\/2016\\\/wp-content\\\/uploads\\\/2012\\\/12\\\/blogqsp.comitivairece.jpg\",\"inLanguage\":\"pt-BR\",\"potentialAction\":[{\"@type\":\"CommentAction\",\"name\":\"Comment\",\"target\":[\"https:\\\/\\\/blogdofarnesio.com.br\\\/?p=17931#respond\"]}]},{\"@type\":\"WebPage\",\"@id\":\"https:\\\/\\\/blogdofarnesio.com.br\\\/?p=17931\",\"url\":\"https:\\\/\\\/blogdofarnesio.com.br\\\/?p=17931\",\"name\":\"Aterro sanit\u00e1rio da regi\u00e3o de Irec\u00ea entra em opera\u00e7\u00e3o no in\u00edcio de 2013 - Blog do Farn\u00e9sio\",\"isPartOf\":{\"@id\":\"https:\\\/\\\/blogdofarnesio.com.br\\\/#website\"},\"primaryImageOfPage\":{\"@id\":\"https:\\\/\\\/blogdofarnesio.com.br\\\/?p=17931#primaryimage\"},\"image\":{\"@id\":\"https:\\\/\\\/blogdofarnesio.com.br\\\/?p=17931#primaryimage\"},\"thumbnailUrl\":\"http:\\\/\\\/www.quersaberpolitica.com.br\\\/2016\\\/wp-content\\\/uploads\\\/2012\\\/12\\\/blogqsp.comitivairece.jpg\",\"datePublished\":\"2012-10-06T07:40:00+00:00\",\"breadcrumb\":{\"@id\":\"https:\\\/\\\/blogdofarnesio.com.br\\\/?p=17931#breadcrumb\"},\"inLanguage\":\"pt-BR\",\"potentialAction\":[{\"@type\":\"ReadAction\",\"target\":[\"https:\\\/\\\/blogdofarnesio.com.br\\\/?p=17931\"]}]},{\"@type\":\"ImageObject\",\"inLanguage\":\"pt-BR\",\"@id\":\"https:\\\/\\\/blogdofarnesio.com.br\\\/?p=17931#primaryimage\",\"url\":\"http:\\\/\\\/www.quersaberpolitica.com.br\\\/2016\\\/wp-content\\\/uploads\\\/2012\\\/12\\\/blogqsp.comitivairece.jpg\",\"contentUrl\":\"http:\\\/\\\/www.quersaberpolitica.com.br\\\/2016\\\/wp-content\\\/uploads\\\/2012\\\/12\\\/blogqsp.comitivairece.jpg\"},{\"@type\":\"BreadcrumbList\",\"@id\":\"https:\\\/\\\/blogdofarnesio.com.br\\\/?p=17931#breadcrumb\",\"itemListElement\":[{\"@type\":\"ListItem\",\"position\":1,\"name\":\"In\u00edcio\",\"item\":\"https:\\\/\\\/blogdofarnesio.com.br\\\/\"},{\"@type\":\"ListItem\",\"position\":2,\"name\":\"Aterro sanit\u00e1rio da regi\u00e3o de Irec\u00ea entra em opera\u00e7\u00e3o no in\u00edcio de 2013\"}]},{\"@type\":\"WebSite\",\"@id\":\"https:\\\/\\\/blogdofarnesio.com.br\\\/#website\",\"url\":\"https:\\\/\\\/blogdofarnesio.com.br\\\/\",\"name\":\"Blog do Farn\u00e9sio\",\"description\":\"Quer Saber Pol\u00edtica?\",\"publisher\":{\"@id\":\"https:\\\/\\\/blogdofarnesio.com.br\\\/#organization\"},\"potentialAction\":[{\"@type\":\"SearchAction\",\"target\":{\"@type\":\"EntryPoint\",\"urlTemplate\":\"https:\\\/\\\/blogdofarnesio.com.br\\\/?s={search_term_string}\"},\"query-input\":{\"@type\":\"PropertyValueSpecification\",\"valueRequired\":true,\"valueName\":\"search_term_string\"}}],\"inLanguage\":\"pt-BR\"},{\"@type\":\"Organization\",\"@id\":\"https:\\\/\\\/blogdofarnesio.com.br\\\/#organization\",\"name\":\"Blog do Farn\u00e9sio\",\"url\":\"https:\\\/\\\/blogdofarnesio.com.br\\\/\",\"logo\":{\"@type\":\"ImageObject\",\"inLanguage\":\"pt-BR\",\"@id\":\"https:\\\/\\\/blogdofarnesio.com.br\\\/#\\\/schema\\\/logo\\\/image\\\/\",\"url\":\"https:\\\/\\\/blogdofarnesio.com.br\\\/wp-content\\\/uploads\\\/2026\\\/03\\\/cropped-logo_new-1.png\",\"contentUrl\":\"https:\\\/\\\/blogdofarnesio.com.br\\\/wp-content\\\/uploads\\\/2026\\\/03\\\/cropped-logo_new-1.png\",\"width\":881,\"height\":685,\"caption\":\"Blog do Farn\u00e9sio\"},\"image\":{\"@id\":\"https:\\\/\\\/blogdofarnesio.com.br\\\/#\\\/schema\\\/logo\\\/image\\\/\"},\"sameAs\":[\"https:\\\/\\\/www.facebook.com\\\/BlogQuerSaberPolitica\\\/\"]}]}<\/script>\n<!-- \/ Yoast SEO plugin. -->","yoast_head_json":{"title":"Aterro sanit\u00e1rio da regi\u00e3o de Irec\u00ea entra em opera\u00e7\u00e3o no in\u00edcio de 2013  - Blog do Farn\u00e9sio","robots":{"index":"index","follow":"follow","max-snippet":"max-snippet:-1","max-image-preview":"max-image-preview:large","max-video-preview":"max-video-preview:-1"},"canonical":"https:\/\/blogdofarnesio.com.br\/?p=17931","og_locale":"pt_BR","og_type":"article","og_title":"Aterro sanit\u00e1rio da regi\u00e3o de Irec\u00ea entra em opera\u00e7\u00e3o no in\u00edcio de 2013  - Blog do Farn\u00e9sio","og_description":"O aterro sanit&aacute;rio intermunicipal que ir&aacute; atender, numa primeira fase, a oito munic&iacute;pios da regi&atilde;o de Irec&ecirc;, em sistema de cons&oacute;rcio, dever&aacute; entrar em opera&ccedil;&atilde;o j&aacute; no in&iacute;cio de 2013. A constata&ccedil;&atilde;o foi do ministro da Integra&ccedil;&atilde;o Nacional, Fernando Bezerra Coelho, que &#8211; junto com o presidente da Codevasf, Elmo Vaz, e o diretor de Desenvolvimento Integrado e Infraestrutura da Companhia, Guilherme Almeida -, vistoriou as obras e confirmou seu est&aacute;gio avan&ccedil;ado: 98% da execu&ccedil;&atilde;o f&iacute;sica est&atilde;o conclu&iacute;dos, faltando agora somente a aquisi&ccedil;&atilde;o dos equipamentos que permitir&atilde;o a entrada em funcionamento.&nbsp;Para o Baixio de Irec&ecirc;, maior projeto de irriga&ccedil;&atilde;o em fase de implanta&ccedil;&atilde;o pela Codevasf, que tamb&eacute;m teve as obras vistoriadas pelo ministro, h&aacute; tamb&eacute;m novidades: Fernando Bezerra informou, durante&hellip;","og_url":"https:\/\/blogdofarnesio.com.br\/?p=17931","og_site_name":"Blog do Farn\u00e9sio","article_publisher":"https:\/\/www.facebook.com\/BlogQuerSaberPolitica\/","article_published_time":"2012-10-06T07:40:00+00:00","og_image":[{"url":"http:\/\/www.quersaberpolitica.com.br\/2016\/wp-content\/uploads\/2012\/12\/blogqsp.comitivairece.jpg","type":"","width":"","height":""}],"twitter_card":"summary_large_image","twitter_misc":{"Est. tempo de leitura":"4 minutos"},"schema":{"@context":"https:\/\/schema.org","@graph":[{"@type":"Article","@id":"https:\/\/blogdofarnesio.com.br\/?p=17931#article","isPartOf":{"@id":"https:\/\/blogdofarnesio.com.br\/?p=17931"},"author":{"name":"","@id":""},"headline":"Aterro sanit\u00e1rio da regi\u00e3o de Irec\u00ea entra em opera\u00e7\u00e3o no in\u00edcio de 2013","datePublished":"2012-10-06T07:40:00+00:00","mainEntityOfPage":{"@id":"https:\/\/blogdofarnesio.com.br\/?p=17931"},"wordCount":907,"commentCount":0,"publisher":{"@id":"https:\/\/blogdofarnesio.com.br\/#organization"},"image":{"@id":"https:\/\/blogdofarnesio.com.br\/?p=17931#primaryimage"},"thumbnailUrl":"http:\/\/www.quersaberpolitica.com.br\/2016\/wp-content\/uploads\/2012\/12\/blogqsp.comitivairece.jpg","inLanguage":"pt-BR","potentialAction":[{"@type":"CommentAction","name":"Comment","target":["https:\/\/blogdofarnesio.com.br\/?p=17931#respond"]}]},{"@type":"WebPage","@id":"https:\/\/blogdofarnesio.com.br\/?p=17931","url":"https:\/\/blogdofarnesio.com.br\/?p=17931","name":"Aterro sanit\u00e1rio da regi\u00e3o de Irec\u00ea entra em opera\u00e7\u00e3o no in\u00edcio de 2013 - Blog do Farn\u00e9sio","isPartOf":{"@id":"https:\/\/blogdofarnesio.com.br\/#website"},"primaryImageOfPage":{"@id":"https:\/\/blogdofarnesio.com.br\/?p=17931#primaryimage"},"image":{"@id":"https:\/\/blogdofarnesio.com.br\/?p=17931#primaryimage"},"thumbnailUrl":"http:\/\/www.quersaberpolitica.com.br\/2016\/wp-content\/uploads\/2012\/12\/blogqsp.comitivairece.jpg","datePublished":"2012-10-06T07:40:00+00:00","breadcrumb":{"@id":"https:\/\/blogdofarnesio.com.br\/?p=17931#breadcrumb"},"inLanguage":"pt-BR","potentialAction":[{"@type":"ReadAction","target":["https:\/\/blogdofarnesio.com.br\/?p=17931"]}]},{"@type":"ImageObject","inLanguage":"pt-BR","@id":"https:\/\/blogdofarnesio.com.br\/?p=17931#primaryimage","url":"http:\/\/www.quersaberpolitica.com.br\/2016\/wp-content\/uploads\/2012\/12\/blogqsp.comitivairece.jpg","contentUrl":"http:\/\/www.quersaberpolitica.com.br\/2016\/wp-content\/uploads\/2012\/12\/blogqsp.comitivairece.jpg"},{"@type":"BreadcrumbList","@id":"https:\/\/blogdofarnesio.com.br\/?p=17931#breadcrumb","itemListElement":[{"@type":"ListItem","position":1,"name":"In\u00edcio","item":"https:\/\/blogdofarnesio.com.br\/"},{"@type":"ListItem","position":2,"name":"Aterro sanit\u00e1rio da regi\u00e3o de Irec\u00ea entra em opera\u00e7\u00e3o no in\u00edcio de 2013"}]},{"@type":"WebSite","@id":"https:\/\/blogdofarnesio.com.br\/#website","url":"https:\/\/blogdofarnesio.com.br\/","name":"Blog do Farn\u00e9sio","description":"Quer Saber Pol\u00edtica?","publisher":{"@id":"https:\/\/blogdofarnesio.com.br\/#organization"},"potentialAction":[{"@type":"SearchAction","target":{"@type":"EntryPoint","urlTemplate":"https:\/\/blogdofarnesio.com.br\/?s={search_term_string}"},"query-input":{"@type":"PropertyValueSpecification","valueRequired":true,"valueName":"search_term_string"}}],"inLanguage":"pt-BR"},{"@type":"Organization","@id":"https:\/\/blogdofarnesio.com.br\/#organization","name":"Blog do Farn\u00e9sio","url":"https:\/\/blogdofarnesio.com.br\/","logo":{"@type":"ImageObject","inLanguage":"pt-BR","@id":"https:\/\/blogdofarnesio.com.br\/#\/schema\/logo\/image\/","url":"https:\/\/blogdofarnesio.com.br\/wp-content\/uploads\/2026\/03\/cropped-logo_new-1.png","contentUrl":"https:\/\/blogdofarnesio.com.br\/wp-content\/uploads\/2026\/03\/cropped-logo_new-1.png","width":881,"height":685,"caption":"Blog do Farn\u00e9sio"},"image":{"@id":"https:\/\/blogdofarnesio.com.br\/#\/schema\/logo\/image\/"},"sameAs":["https:\/\/www.facebook.com\/BlogQuerSaberPolitica\/"]}]}},"_links":{"self":[{"href":"https:\/\/blogdofarnesio.com.br\/index.php?rest_route=\/wp\/v2\/posts\/17931","targetHints":{"allow":["GET"]}}],"collection":[{"href":"https:\/\/blogdofarnesio.com.br\/index.php?rest_route=\/wp\/v2\/posts"}],"about":[{"href":"https:\/\/blogdofarnesio.com.br\/index.php?rest_route=\/wp\/v2\/types\/post"}],"replies":[{"embeddable":true,"href":"https:\/\/blogdofarnesio.com.br\/index.php?rest_route=%2Fwp%2Fv2%2Fcomments&post=17931"}],"version-history":[{"count":0,"href":"https:\/\/blogdofarnesio.com.br\/index.php?rest_route=\/wp\/v2\/posts\/17931\/revisions"}],"wp:attachment":[{"href":"https:\/\/blogdofarnesio.com.br\/index.php?rest_route=%2Fwp%2Fv2%2Fmedia&parent=17931"}],"wp:term":[{"taxonomy":"category","embeddable":true,"href":"https:\/\/blogdofarnesio.com.br\/index.php?rest_route=%2Fwp%2Fv2%2Fcategories&post=17931"},{"taxonomy":"post_tag","embeddable":true,"href":"https:\/\/blogdofarnesio.com.br\/index.php?rest_route=%2Fwp%2Fv2%2Ftags&post=17931"}],"curies":[{"name":"wp","href":"https:\/\/api.w.org\/{rel}","templated":true}]}}