{"id":179027,"date":"2017-10-16T16:00:46","date_gmt":"2017-10-16T19:00:46","guid":{"rendered":"http:\/\/quersaberpolitica.com.br\/2016\/?p=179027"},"modified":"2017-10-16T15:33:25","modified_gmt":"2017-10-16T18:33:25","slug":"fernando-filho-deve-ser-expulso-hoje-do-psb","status":"publish","type":"post","link":"https:\/\/blogdofarnesio.com.br\/?p=179027","title":{"rendered":"MINISTRO FERNANDO FILHO PODE SER EXPULSO HOJE DO PSB"},"content":{"rendered":"<p style=\"text-align: justify;\">O futuro do ministro de Minas e Energia, Fernando Filho, e mais tr\u00eas dissidentes do PSB ser\u00e1 selado em reuni\u00e3o do Diret\u00f3rio Nacional da agremia\u00e7\u00e3o, nesta segunda-feira (16), \u00e0s 19h, em Bras\u00edlia.<\/p>\n<p style=\"text-align: justify;\">Alvos de processo disciplinar no Conselho de \u00c9tica, desde maio deste ano, as lideran\u00e7as negociam seus passes h\u00e1 meses com PMDB e DEM, mas se recusam a deixar as hostes socialistas antes do prazo final para desfilia\u00e7\u00e3o em mar\u00e7o do ano que vem, por receio de perder o mandato por infidelidade partid\u00e1ria.<\/p>\n<p style=\"text-align: justify;\">O processo disciplinar contra os parlamentares foi aberto por provoca\u00e7\u00e3o dos movimentos sociais da legenda, com base no voto dos legisladores em desacordo com a posi\u00e7\u00e3o partid\u00e1ria na reforma trabalhista.<\/p>\n<p style=\"text-align: justify;\">Al\u00e9m de decidir o destino do auxiliar ministerial, os socialistas v\u00e3o deliberar sobre os processos disciplinares dos deputados federais Danilo Forte (CE), F\u00e1bio Garcia (MT) e da l\u00edder da sigla na C\u00e2mara Federal, Tereza Cristina (MS).<span id=\"more-69583\"><\/span><\/p>\n<p style=\"text-align: justify;\">Os quatro casos avaliados nesta segunda s\u00e3o os primeiros das 15 a\u00e7\u00f5es disciplinares analisadas no Conselho de \u00c9tica do PSB. Eles s\u00e3o considerados os mais graves pela c\u00fapula partid\u00e1ria. A situa\u00e7\u00e3o das lideran\u00e7as foi agravada devido \u00e0 proximidade do julgamento da segunda den\u00fancia contra o presidente Michel Temer (PMDB) no Congresso Nacional.<\/p>\n<p style=\"text-align: justify;\">Os parlamentares est\u00e3o alinhados ao Pal\u00e1cio do Planalto, contrariando a posi\u00e7\u00e3o do PSB Nacional de oposi\u00e7\u00e3o ao Executivo. Por ocupar cargos estrat\u00e9gicos na C\u00e2mara Federal, os dissidentes podem fazer a diferen\u00e7a na vota\u00e7\u00e3o. Garcia e Forte s\u00e3o membros da Comiss\u00e3o de Constitui\u00e7\u00e3o e Justi\u00e7a (CCJ) que julgar\u00e1 o parecer da den\u00fancia contra Temer e tendem a votar contra a abertura do inqu\u00e9rito investigativo.<\/p>\n<p style=\"text-align: justify;\">A l\u00edder Tereza Cristina tem o poder de interferir nos rumos da bancada e vem sendo pressionada a deixar o posto.\u00a0J\u00e1 a situa\u00e7\u00e3o do ministro Fernando Filho \u00e9 um caso a parte, agravado pelas circunst\u00e2ncias das elei\u00e7\u00f5es de 2018.<\/p>\n<p style=\"text-align: justify;\">Pai do auxiliar ministerial, o senador Fernando Bezerra Coelho (PSB) deixou o PSB, no m\u00eas passado, para abrir uma nova frente de oposi\u00e7\u00e3o ao Governo Paulo C\u00e2mara. O movimento ampliou o inc\u00f4modo interno do PSB com os dissidentes e refor\u00e7ou a necessidade de rea\u00e7\u00e3o do comando partid\u00e1rio.<\/p>\n<p style=\"text-align: justify;\">Antes, o chefe do Executivo estadual e seus aliados trabalhavam para manter os Coelhos no PSB, em um esfor\u00e7o para evitar atropelos ao seu projeto de reelei\u00e7\u00e3o.<\/p>\n<p style=\"text-align: justify;\">Fonte FolhaPE<\/p>\n","protected":false},"excerpt":{"rendered":"<p>O futuro do ministro de Minas e Energia, Fernando Filho, e mais tr\u00eas dissidentes do PSB ser\u00e1 selado em reuni\u00e3o do Diret\u00f3rio Nacional da agremia\u00e7\u00e3o, nesta segunda-feira (16), \u00e0s 19h, em Bras\u00edlia. Alvos de processo disciplinar no Conselho de \u00c9tica, desde maio deste ano, as lideran\u00e7as negociam seus passes h\u00e1 meses com PMDB e DEM, mas se recusam a deixar as hostes socialistas antes do prazo final para desfilia\u00e7\u00e3o em mar\u00e7o do ano que vem, por receio de perder o mandato por infidelidade partid\u00e1ria. O processo disciplinar contra os parlamentares foi aberto por provoca\u00e7\u00e3o dos movimentos sociais da legenda, com base no voto dos legisladores em desacordo com a posi\u00e7\u00e3o partid\u00e1ria na reforma trabalhista. Al\u00e9m de decidir o destino do&hellip; <\/p>\n","protected":false},"author":1,"featured_media":155284,"comment_status":"open","ping_status":"open","sticky":false,"template":"","format":"standard","meta":{"_acf_changed":false,"footnotes":""},"categories":[1],"tags":[],"class_list":["post-179027","post","type-post","status-publish","format-standard","has-post-thumbnail","hentry","category-politica"],"acf":[],"yoast_head":"<!-- This site is optimized with the Yoast SEO plugin v27.4 - https:\/\/yoast.com\/product\/yoast-seo-wordpress\/ -->\n<title>MINISTRO FERNANDO FILHO PODE SER EXPULSO HOJE DO PSB - Blog do Farn\u00e9sio<\/title>\n<meta name=\"robots\" content=\"index, follow, max-snippet:-1, max-image-preview:large, max-video-preview:-1\" \/>\n<link rel=\"canonical\" href=\"https:\/\/blogdofarnesio.com.br\/?p=179027\" \/>\n<meta property=\"og:locale\" content=\"pt_BR\" \/>\n<meta property=\"og:type\" content=\"article\" \/>\n<meta property=\"og:title\" content=\"MINISTRO FERNANDO FILHO PODE SER EXPULSO HOJE DO PSB - Blog do Farn\u00e9sio\" \/>\n<meta property=\"og:description\" content=\"O futuro do ministro de Minas e Energia, Fernando Filho, e mais tr\u00eas dissidentes do PSB ser\u00e1 selado em reuni\u00e3o do Diret\u00f3rio Nacional da agremia\u00e7\u00e3o, nesta segunda-feira (16), \u00e0s 19h, em Bras\u00edlia. Alvos de processo disciplinar no Conselho de \u00c9tica, desde maio deste ano, as lideran\u00e7as negociam seus passes h\u00e1 meses com PMDB e DEM, mas se recusam a deixar as hostes socialistas antes do prazo final para desfilia\u00e7\u00e3o em mar\u00e7o do ano que vem, por receio de perder o mandato por infidelidade partid\u00e1ria. O processo disciplinar contra os parlamentares foi aberto por provoca\u00e7\u00e3o dos movimentos sociais da legenda, com base no voto dos legisladores em desacordo com a posi\u00e7\u00e3o partid\u00e1ria na reforma trabalhista. Al\u00e9m de decidir o destino do&hellip;\" \/>\n<meta property=\"og:url\" content=\"https:\/\/blogdofarnesio.com.br\/?p=179027\" \/>\n<meta property=\"og:site_name\" content=\"Blog do Farn\u00e9sio\" \/>\n<meta property=\"article:publisher\" content=\"https:\/\/www.facebook.com\/BlogQuerSaberPolitica\/\" \/>\n<meta property=\"article:published_time\" content=\"2017-10-16T19:00:46+00:00\" \/>\n<meta property=\"og:image\" content=\"https:\/\/blogdofarnesio.com.br\/wp-content\/uploads\/2017\/01\/blogqsp-Fernando-Coelho-Filho-e1485520993304.jpeg\" \/>\n\t<meta property=\"og:image:width\" content=\"600\" \/>\n\t<meta property=\"og:image:height\" content=\"456\" \/>\n\t<meta property=\"og:image:type\" content=\"image\/jpeg\" \/>\n<meta name=\"author\" content=\"Farn\u00e9sio\" \/>\n<meta name=\"twitter:card\" content=\"summary_large_image\" \/>\n<meta name=\"twitter:label1\" content=\"Escrito por\" \/>\n\t<meta name=\"twitter:data1\" content=\"Farn\u00e9sio\" \/>\n\t<meta name=\"twitter:label2\" content=\"Est. tempo de leitura\" \/>\n\t<meta name=\"twitter:data2\" content=\"2 minutos\" \/>\n<script type=\"application\/ld+json\" class=\"yoast-schema-graph\">{\"@context\":\"https:\\\/\\\/schema.org\",\"@graph\":[{\"@type\":\"Article\",\"@id\":\"https:\\\/\\\/blogdofarnesio.com.br\\\/?p=179027#article\",\"isPartOf\":{\"@id\":\"https:\\\/\\\/blogdofarnesio.com.br\\\/?p=179027\"},\"author\":{\"name\":\"Farn\u00e9sio\",\"@id\":\"https:\\\/\\\/blogdofarnesio.com.br\\\/#\\\/schema\\\/person\\\/301c4acf522bccbfdb45af95b5b906a1\"},\"headline\":\"MINISTRO FERNANDO FILHO PODE SER EXPULSO HOJE DO PSB\",\"datePublished\":\"2017-10-16T19:00:46+00:00\",\"mainEntityOfPage\":{\"@id\":\"https:\\\/\\\/blogdofarnesio.com.br\\\/?p=179027\"},\"wordCount\":437,\"commentCount\":0,\"publisher\":{\"@id\":\"https:\\\/\\\/blogdofarnesio.com.br\\\/#organization\"},\"image\":{\"@id\":\"https:\\\/\\\/blogdofarnesio.com.br\\\/?p=179027#primaryimage\"},\"thumbnailUrl\":\"https:\\\/\\\/blogdofarnesio.com.br\\\/wp-content\\\/uploads\\\/2017\\\/01\\\/blogqsp-Fernando-Coelho-Filho-e1485520993304.jpeg\",\"articleSection\":[\"Pol\u00edtica\"],\"inLanguage\":\"pt-BR\",\"potentialAction\":[{\"@type\":\"CommentAction\",\"name\":\"Comment\",\"target\":[\"https:\\\/\\\/blogdofarnesio.com.br\\\/?p=179027#respond\"]}]},{\"@type\":\"WebPage\",\"@id\":\"https:\\\/\\\/blogdofarnesio.com.br\\\/?p=179027\",\"url\":\"https:\\\/\\\/blogdofarnesio.com.br\\\/?p=179027\",\"name\":\"MINISTRO FERNANDO FILHO PODE SER EXPULSO HOJE DO PSB - Blog do Farn\u00e9sio\",\"isPartOf\":{\"@id\":\"https:\\\/\\\/blogdofarnesio.com.br\\\/#website\"},\"primaryImageOfPage\":{\"@id\":\"https:\\\/\\\/blogdofarnesio.com.br\\\/?p=179027#primaryimage\"},\"image\":{\"@id\":\"https:\\\/\\\/blogdofarnesio.com.br\\\/?p=179027#primaryimage\"},\"thumbnailUrl\":\"https:\\\/\\\/blogdofarnesio.com.br\\\/wp-content\\\/uploads\\\/2017\\\/01\\\/blogqsp-Fernando-Coelho-Filho-e1485520993304.jpeg\",\"datePublished\":\"2017-10-16T19:00:46+00:00\",\"breadcrumb\":{\"@id\":\"https:\\\/\\\/blogdofarnesio.com.br\\\/?p=179027#breadcrumb\"},\"inLanguage\":\"pt-BR\",\"potentialAction\":[{\"@type\":\"ReadAction\",\"target\":[\"https:\\\/\\\/blogdofarnesio.com.br\\\/?p=179027\"]}]},{\"@type\":\"ImageObject\",\"inLanguage\":\"pt-BR\",\"@id\":\"https:\\\/\\\/blogdofarnesio.com.br\\\/?p=179027#primaryimage\",\"url\":\"https:\\\/\\\/blogdofarnesio.com.br\\\/wp-content\\\/uploads\\\/2017\\\/01\\\/blogqsp-Fernando-Coelho-Filho-e1485520993304.jpeg\",\"contentUrl\":\"https:\\\/\\\/blogdofarnesio.com.br\\\/wp-content\\\/uploads\\\/2017\\\/01\\\/blogqsp-Fernando-Coelho-Filho-e1485520993304.jpeg\",\"width\":600,\"height\":456},{\"@type\":\"BreadcrumbList\",\"@id\":\"https:\\\/\\\/blogdofarnesio.com.br\\\/?p=179027#breadcrumb\",\"itemListElement\":[{\"@type\":\"ListItem\",\"position\":1,\"name\":\"In\u00edcio\",\"item\":\"https:\\\/\\\/blogdofarnesio.com.br\\\/\"},{\"@type\":\"ListItem\",\"position\":2,\"name\":\"MINISTRO FERNANDO FILHO PODE SER EXPULSO HOJE DO PSB\"}]},{\"@type\":\"WebSite\",\"@id\":\"https:\\\/\\\/blogdofarnesio.com.br\\\/#website\",\"url\":\"https:\\\/\\\/blogdofarnesio.com.br\\\/\",\"name\":\"Blog do Farn\u00e9sio\",\"description\":\"Quer Saber Pol\u00edtica?\",\"publisher\":{\"@id\":\"https:\\\/\\\/blogdofarnesio.com.br\\\/#organization\"},\"potentialAction\":[{\"@type\":\"SearchAction\",\"target\":{\"@type\":\"EntryPoint\",\"urlTemplate\":\"https:\\\/\\\/blogdofarnesio.com.br\\\/?s={search_term_string}\"},\"query-input\":{\"@type\":\"PropertyValueSpecification\",\"valueRequired\":true,\"valueName\":\"search_term_string\"}}],\"inLanguage\":\"pt-BR\"},{\"@type\":\"Organization\",\"@id\":\"https:\\\/\\\/blogdofarnesio.com.br\\\/#organization\",\"name\":\"Blog do Farn\u00e9sio\",\"url\":\"https:\\\/\\\/blogdofarnesio.com.br\\\/\",\"logo\":{\"@type\":\"ImageObject\",\"inLanguage\":\"pt-BR\",\"@id\":\"https:\\\/\\\/blogdofarnesio.com.br\\\/#\\\/schema\\\/logo\\\/image\\\/\",\"url\":\"https:\\\/\\\/blogdofarnesio.com.br\\\/wp-content\\\/uploads\\\/2026\\\/03\\\/cropped-logo_new-1.png\",\"contentUrl\":\"https:\\\/\\\/blogdofarnesio.com.br\\\/wp-content\\\/uploads\\\/2026\\\/03\\\/cropped-logo_new-1.png\",\"width\":881,\"height\":685,\"caption\":\"Blog do Farn\u00e9sio\"},\"image\":{\"@id\":\"https:\\\/\\\/blogdofarnesio.com.br\\\/#\\\/schema\\\/logo\\\/image\\\/\"},\"sameAs\":[\"https:\\\/\\\/www.facebook.com\\\/BlogQuerSaberPolitica\\\/\"]},{\"@type\":\"Person\",\"@id\":\"https:\\\/\\\/blogdofarnesio.com.br\\\/#\\\/schema\\\/person\\\/301c4acf522bccbfdb45af95b5b906a1\",\"name\":\"Farn\u00e9sio\",\"image\":{\"@type\":\"ImageObject\",\"inLanguage\":\"pt-BR\",\"@id\":\"https:\\\/\\\/secure.gravatar.com\\\/avatar\\\/df0c9a14567c056f8ad6876ba5bbd1e3e2c48023eb6807342fc4663adf549f38?s=96&d=mm&r=g\",\"url\":\"https:\\\/\\\/secure.gravatar.com\\\/avatar\\\/df0c9a14567c056f8ad6876ba5bbd1e3e2c48023eb6807342fc4663adf549f38?s=96&d=mm&r=g\",\"contentUrl\":\"https:\\\/\\\/secure.gravatar.com\\\/avatar\\\/df0c9a14567c056f8ad6876ba5bbd1e3e2c48023eb6807342fc4663adf549f38?s=96&d=mm&r=g\",\"caption\":\"Farn\u00e9sio\"},\"sameAs\":[\"https:\\\/\\\/quersaberpolitica.com.br\"],\"url\":\"https:\\\/\\\/blogdofarnesio.com.br\\\/?author=1\"}]}<\/script>\n<!-- \/ Yoast SEO plugin. -->","yoast_head_json":{"title":"MINISTRO FERNANDO FILHO PODE SER EXPULSO HOJE DO PSB - Blog do Farn\u00e9sio","robots":{"index":"index","follow":"follow","max-snippet":"max-snippet:-1","max-image-preview":"max-image-preview:large","max-video-preview":"max-video-preview:-1"},"canonical":"https:\/\/blogdofarnesio.com.br\/?p=179027","og_locale":"pt_BR","og_type":"article","og_title":"MINISTRO FERNANDO FILHO PODE SER EXPULSO HOJE DO PSB - Blog do Farn\u00e9sio","og_description":"O futuro do ministro de Minas e Energia, Fernando Filho, e mais tr\u00eas dissidentes do PSB ser\u00e1 selado em reuni\u00e3o do Diret\u00f3rio Nacional da agremia\u00e7\u00e3o, nesta segunda-feira (16), \u00e0s 19h, em Bras\u00edlia. Alvos de processo disciplinar no Conselho de \u00c9tica, desde maio deste ano, as lideran\u00e7as negociam seus passes h\u00e1 meses com PMDB e DEM, mas se recusam a deixar as hostes socialistas antes do prazo final para desfilia\u00e7\u00e3o em mar\u00e7o do ano que vem, por receio de perder o mandato por infidelidade partid\u00e1ria. O processo disciplinar contra os parlamentares foi aberto por provoca\u00e7\u00e3o dos movimentos sociais da legenda, com base no voto dos legisladores em desacordo com a posi\u00e7\u00e3o partid\u00e1ria na reforma trabalhista. Al\u00e9m de decidir o destino do&hellip;","og_url":"https:\/\/blogdofarnesio.com.br\/?p=179027","og_site_name":"Blog do Farn\u00e9sio","article_publisher":"https:\/\/www.facebook.com\/BlogQuerSaberPolitica\/","article_published_time":"2017-10-16T19:00:46+00:00","og_image":[{"width":600,"height":456,"url":"https:\/\/blogdofarnesio.com.br\/wp-content\/uploads\/2017\/01\/blogqsp-Fernando-Coelho-Filho-e1485520993304.jpeg","type":"image\/jpeg"}],"author":"Farn\u00e9sio","twitter_card":"summary_large_image","twitter_misc":{"Escrito por":"Farn\u00e9sio","Est. tempo de leitura":"2 minutos"},"schema":{"@context":"https:\/\/schema.org","@graph":[{"@type":"Article","@id":"https:\/\/blogdofarnesio.com.br\/?p=179027#article","isPartOf":{"@id":"https:\/\/blogdofarnesio.com.br\/?p=179027"},"author":{"name":"Farn\u00e9sio","@id":"https:\/\/blogdofarnesio.com.br\/#\/schema\/person\/301c4acf522bccbfdb45af95b5b906a1"},"headline":"MINISTRO FERNANDO FILHO PODE SER EXPULSO HOJE DO PSB","datePublished":"2017-10-16T19:00:46+00:00","mainEntityOfPage":{"@id":"https:\/\/blogdofarnesio.com.br\/?p=179027"},"wordCount":437,"commentCount":0,"publisher":{"@id":"https:\/\/blogdofarnesio.com.br\/#organization"},"image":{"@id":"https:\/\/blogdofarnesio.com.br\/?p=179027#primaryimage"},"thumbnailUrl":"https:\/\/blogdofarnesio.com.br\/wp-content\/uploads\/2017\/01\/blogqsp-Fernando-Coelho-Filho-e1485520993304.jpeg","articleSection":["Pol\u00edtica"],"inLanguage":"pt-BR","potentialAction":[{"@type":"CommentAction","name":"Comment","target":["https:\/\/blogdofarnesio.com.br\/?p=179027#respond"]}]},{"@type":"WebPage","@id":"https:\/\/blogdofarnesio.com.br\/?p=179027","url":"https:\/\/blogdofarnesio.com.br\/?p=179027","name":"MINISTRO FERNANDO FILHO PODE SER EXPULSO HOJE DO PSB - Blog do Farn\u00e9sio","isPartOf":{"@id":"https:\/\/blogdofarnesio.com.br\/#website"},"primaryImageOfPage":{"@id":"https:\/\/blogdofarnesio.com.br\/?p=179027#primaryimage"},"image":{"@id":"https:\/\/blogdofarnesio.com.br\/?p=179027#primaryimage"},"thumbnailUrl":"https:\/\/blogdofarnesio.com.br\/wp-content\/uploads\/2017\/01\/blogqsp-Fernando-Coelho-Filho-e1485520993304.jpeg","datePublished":"2017-10-16T19:00:46+00:00","breadcrumb":{"@id":"https:\/\/blogdofarnesio.com.br\/?p=179027#breadcrumb"},"inLanguage":"pt-BR","potentialAction":[{"@type":"ReadAction","target":["https:\/\/blogdofarnesio.com.br\/?p=179027"]}]},{"@type":"ImageObject","inLanguage":"pt-BR","@id":"https:\/\/blogdofarnesio.com.br\/?p=179027#primaryimage","url":"https:\/\/blogdofarnesio.com.br\/wp-content\/uploads\/2017\/01\/blogqsp-Fernando-Coelho-Filho-e1485520993304.jpeg","contentUrl":"https:\/\/blogdofarnesio.com.br\/wp-content\/uploads\/2017\/01\/blogqsp-Fernando-Coelho-Filho-e1485520993304.jpeg","width":600,"height":456},{"@type":"BreadcrumbList","@id":"https:\/\/blogdofarnesio.com.br\/?p=179027#breadcrumb","itemListElement":[{"@type":"ListItem","position":1,"name":"In\u00edcio","item":"https:\/\/blogdofarnesio.com.br\/"},{"@type":"ListItem","position":2,"name":"MINISTRO FERNANDO FILHO PODE SER EXPULSO HOJE DO PSB"}]},{"@type":"WebSite","@id":"https:\/\/blogdofarnesio.com.br\/#website","url":"https:\/\/blogdofarnesio.com.br\/","name":"Blog do Farn\u00e9sio","description":"Quer Saber Pol\u00edtica?","publisher":{"@id":"https:\/\/blogdofarnesio.com.br\/#organization"},"potentialAction":[{"@type":"SearchAction","target":{"@type":"EntryPoint","urlTemplate":"https:\/\/blogdofarnesio.com.br\/?s={search_term_string}"},"query-input":{"@type":"PropertyValueSpecification","valueRequired":true,"valueName":"search_term_string"}}],"inLanguage":"pt-BR"},{"@type":"Organization","@id":"https:\/\/blogdofarnesio.com.br\/#organization","name":"Blog do Farn\u00e9sio","url":"https:\/\/blogdofarnesio.com.br\/","logo":{"@type":"ImageObject","inLanguage":"pt-BR","@id":"https:\/\/blogdofarnesio.com.br\/#\/schema\/logo\/image\/","url":"https:\/\/blogdofarnesio.com.br\/wp-content\/uploads\/2026\/03\/cropped-logo_new-1.png","contentUrl":"https:\/\/blogdofarnesio.com.br\/wp-content\/uploads\/2026\/03\/cropped-logo_new-1.png","width":881,"height":685,"caption":"Blog do Farn\u00e9sio"},"image":{"@id":"https:\/\/blogdofarnesio.com.br\/#\/schema\/logo\/image\/"},"sameAs":["https:\/\/www.facebook.com\/BlogQuerSaberPolitica\/"]},{"@type":"Person","@id":"https:\/\/blogdofarnesio.com.br\/#\/schema\/person\/301c4acf522bccbfdb45af95b5b906a1","name":"Farn\u00e9sio","image":{"@type":"ImageObject","inLanguage":"pt-BR","@id":"https:\/\/secure.gravatar.com\/avatar\/df0c9a14567c056f8ad6876ba5bbd1e3e2c48023eb6807342fc4663adf549f38?s=96&d=mm&r=g","url":"https:\/\/secure.gravatar.com\/avatar\/df0c9a14567c056f8ad6876ba5bbd1e3e2c48023eb6807342fc4663adf549f38?s=96&d=mm&r=g","contentUrl":"https:\/\/secure.gravatar.com\/avatar\/df0c9a14567c056f8ad6876ba5bbd1e3e2c48023eb6807342fc4663adf549f38?s=96&d=mm&r=g","caption":"Farn\u00e9sio"},"sameAs":["https:\/\/quersaberpolitica.com.br"],"url":"https:\/\/blogdofarnesio.com.br\/?author=1"}]}},"_links":{"self":[{"href":"https:\/\/blogdofarnesio.com.br\/index.php?rest_route=\/wp\/v2\/posts\/179027","targetHints":{"allow":["GET"]}}],"collection":[{"href":"https:\/\/blogdofarnesio.com.br\/index.php?rest_route=\/wp\/v2\/posts"}],"about":[{"href":"https:\/\/blogdofarnesio.com.br\/index.php?rest_route=\/wp\/v2\/types\/post"}],"author":[{"embeddable":true,"href":"https:\/\/blogdofarnesio.com.br\/index.php?rest_route=\/wp\/v2\/users\/1"}],"replies":[{"embeddable":true,"href":"https:\/\/blogdofarnesio.com.br\/index.php?rest_route=%2Fwp%2Fv2%2Fcomments&post=179027"}],"version-history":[{"count":0,"href":"https:\/\/blogdofarnesio.com.br\/index.php?rest_route=\/wp\/v2\/posts\/179027\/revisions"}],"wp:featuredmedia":[{"embeddable":true,"href":"https:\/\/blogdofarnesio.com.br\/index.php?rest_route=\/wp\/v2\/media\/155284"}],"wp:attachment":[{"href":"https:\/\/blogdofarnesio.com.br\/index.php?rest_route=%2Fwp%2Fv2%2Fmedia&parent=179027"}],"wp:term":[{"taxonomy":"category","embeddable":true,"href":"https:\/\/blogdofarnesio.com.br\/index.php?rest_route=%2Fwp%2Fv2%2Fcategories&post=179027"},{"taxonomy":"post_tag","embeddable":true,"href":"https:\/\/blogdofarnesio.com.br\/index.php?rest_route=%2Fwp%2Fv2%2Ftags&post=179027"}],"curies":[{"name":"wp","href":"https:\/\/api.w.org\/{rel}","templated":true}]}}