{"id":17900,"date":"2012-10-05T11:00:00","date_gmt":"2012-10-05T11:00:00","guid":{"rendered":"http:\/\/www.quersaberpolitica.com.br?p=17900"},"modified":"-0001-11-30T00:00:00","modified_gmt":"-0001-11-30T03:00:00","slug":"agua-para-todos-beneficiara-300-familias-esta-semana-no-norte-da-bahia","status":"publish","type":"post","link":"https:\/\/blogdofarnesio.com.br\/?p=17900","title":{"rendered":"\u00c1gua para Todos beneficiar\u00e1 300 fam\u00edlias esta semana no Norte da Bahia"},"content":{"rendered":"<p><p style=\"text-align: justify;\"><a rel=\"lightbox\" href=\"http:\/\/www.quersaberpolitica.com.br\/2016\/wp-content\/uploads\/2012\/12\/blogqsp.nova80.jpg\"><img loading=\"lazy\" decoding=\"async\" style=\"float: left; margin: 5px 10px;\" src=\"http:\/\/www.quersaberpolitica.com.br\/2016\/wp-content\/uploads\/2012\/12\/blogqsp.nova80.jpg\" alt=\"\" width=\"200\" height=\"150\" \/><\/a><span style=\"font-family: arial, helvetica, sans-serif; font-size: medium;\">Um total de 300 cisternas de polietileno instaladas e mais 54 benefici&aacute;rios capacitados para receb&ecirc;-las esta semana. Esta &eacute; a meta da 6&ordf; superintend&ecirc;ncia regional da Companhia de Desenvolvimento dos Vales do S&atilde;o Francisco e do Parna&iacute;ba (Codevasf), por meio do programa &Aacute;gua para Todos, coordenado pelo Minist&eacute;rio da Integra&ccedil;&atilde;o Nacional (MI).<\/span><\/p>\n<p style=\"text-align: justify;\"><span style=\"font-size: medium;\"><span style=\"font-family: arial, helvetica, sans-serif;\">Em Santa Br&iacute;gida, haver&aacute; capacita&ccedil;&atilde;o de mais benefici&aacute;rios nos povoados de Porteira, Juazeir&atilde;o, Bandeira, Projeto Esperan&ccedil;a e Minuim, e ser&aacute; dada continuidade a busca ativa, verifica&ccedil;&atilde;o de cadastros, valida&ccedil;&atilde;o, loca&ccedil;&atilde;o, fiscaliza&ccedil;&atilde;o de instala&ccedil;&atilde;o, instala&ccedil;&atilde;o de cisternas, capacita&ccedil;&atilde;o e registro das a&ccedil;&otilde;es no GPWEB.<br \/>Em Morro do Chap&eacute;u foram cadastrados e validados at&eacute; agora 960 benefici&aacute;rios para recebimento de cisternas, e foram emitidas ordem de servi&ccedil;o para instala&ccedil;&atilde;o de outras 337 unidades. A previs&atilde;o para esta semana &eacute; de atingir a meta de 100 benefici&aacute;rios com cisternas instaladas.<br \/>Em Santa Br&iacute;gida, haver&aacute; capacita&ccedil;&atilde;o de mais benefici&aacute;rios nos povoados de Porteira, Juazeir&atilde;o, Bandeira, Projeto Esperan&ccedil;a e Minuim, e ser&aacute; dada continuidade a busca ativa, verifica&ccedil;&atilde;o de cadastros, valida&ccedil;&atilde;o, loca&ccedil;&atilde;o, fiscaliza&ccedil;&atilde;o de instala&ccedil;&atilde;o, instala&ccedil;&atilde;o de cisternas, capacita&ccedil;&atilde;o e registro das a&ccedil;&otilde;es no GPWEB.<br \/>Joselito Menezes, coordenador do programa na 6&ordf; SR, destacou as metas atingidas em alguns munic&iacute;pios. &#8220;Podemos citar o sucesso da atividade em Uau&aacute;, onde batemos a marca de 1.658 benefici&aacute;rios cadastrados para o recebimento e instala&ccedil;&atilde;o de cisternas ante uma meta de 1.861, e em Santa Br&iacute;gida, alcan&ccedil;amos 899 benefici&aacute;rios cadastrados para o recebimento de cisternas ante a previs&atilde;o de 1.000 unidades&#8221;.<br \/>O n&uacute;mero de benefici&aacute;rios validados, aptos a receber os reservat&oacute;rios em localidades dos munic&iacute;pios de Chorroch&oacute;, Morro do Chap&eacute;u, Santa Br&iacute;gida e Uau&aacute; chega a mais de 4.310 de um total de 4.723 &#8211; quase 91% da meta estabelecida pelo programa &Aacute;gua para Todos na &aacute;rea de atua&ccedil;&atilde;o da 6&ordf; SR da Codevasf, em Juazeiro (BA), no semi&aacute;rido baiano.<br \/>Para o superintendente regional da Codevasf em Juazeiro, Emanoel Lima, o trabalho est&aacute; atingindo as expectativas. &#8220;A inten&ccedil;&atilde;o do Governo Federal &eacute; acelerar o ritmo de valida&ccedil;&atilde;o das fam&iacute;lias com amplia&ccedil;&atilde;o das equipes de campo e o aumento de frentes de trabalho das empresas instaladoras das cisternas&#8221;, disse.<br \/>At&eacute; 2014, o Governo Federal, por meio do &Aacute;gua para Todos, ir&aacute; beneficiar 750 mil fam&iacute;lias com a instala&ccedil;&atilde;o de cisternas de polietileno, com capacidade para armazenar at&eacute; 16 mil litros de &aacute;gua. Os reservat&oacute;rios possuem tecnologia moderna testada e aprovada em pa&iacute;ses como M&eacute;xico, Austr&aacute;lia e Indon&eacute;sia.<br \/>As principais vantagens do reservat&oacute;rio s&atilde;o a resist&ecirc;ncia do material e a rapidez de execu&ccedil;&atilde;o e condi&ccedil;&otilde;es de armazenamento que impedem a incid&ecirc;ncia de luz solar e evitam a prolifera&ccedil;&atilde;o de algas que podem causar danos &agrave; &aacute;gua. A &aacute;gua adequadamente armazenada pode ser usada para beber, cozinhar e escovar os dentes, principalmente nos per&iacute;odos de estiagem.<br \/>Em sua &aacute;rea de atua&ccedil;&atilde;o, a Codevasf j&aacute; instalou 23.532 cisternas em 41 munic&iacute;pios, em &aacute;reas rurais prioritariamente situadas no semi&aacute;rido nordestino brasileiro. Al&eacute;m disso, j&aacute; s&atilde;o 53.482 benefici&aacute;rios validados, ou seja, aptos a receber os reservat&oacute;rios nos terreiros de suas casas. Com isso, estar&aacute; dando a partida, ainda este ano, para validar mais 120 mil fam&iacute;lias, traduzindo investimentos totais de R$ 900 milh&otilde;es.<\/p>\n<p>Participa&ccedil;&atilde;o social<\/span><\/span><\/p>\n<p style=\"text-align: justify;\"><span style=\"font-size: medium;\"><span style=\"font-family: arial, helvetica, sans-serif;\"><br \/><\/span><\/span><\/p>\n<p style=\"text-align: justify;\"><span style=\"font-size: medium;\"><span style=\"font-family: arial, helvetica, sans-serif;\">Um dos pontos fortes do programa &eacute; a intera&ccedil;&atilde;o com a comunidade. Para isso, s&atilde;o organizados Comit&ecirc;s Gestores Municipais formados por representantes da sociedade civil organizada, sindicatos de representa&ccedil;&atilde;o rural, associa&ccedil;&otilde;es rurais, igrejas, pastorais e do poder p&uacute;blico municipal, al&eacute;m de Comiss&otilde;es Comunit&aacute;rias. O Comit&ecirc; auxilia na mobiliza&ccedil;&atilde;o local das comunidades visando o cadastramento e valida&ccedil;&atilde;o das fam&iacute;lias a serem beneficiadas, garantindo a correta distribui&ccedil;&atilde;o dos reservat&oacute;rios.&nbsp;<br \/>A indica&ccedil;&atilde;o das localidades cabe ao Comit&ecirc;, bem como a rela&ccedil;&atilde;o dos benefici&aacute;rios, obedecendo aos crit&eacute;rios do programa &#8211; fam&iacute;lias de &aacute;reas rurais, prioritariamente do semi-&aacute;rido, em situa&ccedil;&atilde;o de pobreza e extrema pobreza associada &agrave; car&ecirc;ncia de acesso &agrave; &aacute;gua com renda per capita de at&eacute; R$ 140,00, desde que inscritas no Cadastro &Uacute;nico, e tamb&eacute;m aos aposentados que, mesmo possuindo renda per capita familiar acima de R$140,00, vivam exclusivamente de sua renda previdenci&aacute;ria.<br \/>E para garantir o perfeito funcionamento e uso adequado das cisternas, s&atilde;o promovidos cursos de Gest&atilde;o da &Aacute;gua com as fam&iacute;lias beneficiadas. Nessas capacita&ccedil;&otilde;es os participantes s&atilde;o orientados quanto &agrave; utiliza&ccedil;&atilde;o da &aacute;gua sem desperd&iacute;cio e instru&ccedil;&otilde;es para a manuten&ccedil;&atilde;o dos reservat&oacute;rios.<\/span><\/span><\/p>\n<p style=\"text-align: justify;\"><span style=\"font-size: medium;\"><span style=\"font-family: arial, helvetica, sans-serif;\"><br \/><\/span><\/span><\/p>\n<p style=\"text-align: justify;\"><span style=\"font-size: medium;\"><span style=\"font-family: arial, helvetica, sans-serif;\">Plano Brasil sem Mis&eacute;ria<\/span><\/span><\/p>\n<p style=\"text-align: justify;\"><span style=\"font-size: medium;\"><span style=\"font-family: arial, helvetica, sans-serif;\"><br \/><\/span><\/span><\/p>\n<p style=\"text-align: justify;\"><span style=\"font-size: medium;\"><span style=\"font-family: arial, helvetica, sans-serif;\">O programa &Aacute;gua para Todos faz parte do Plano Brasil Sem Mis&eacute;ria, institu&iacute;do pelo Governo Federal em julho de 2011 e que tem o objetivo de elevar a renda e as condi&ccedil;&otilde;es de bem-estar da popula&ccedil;&atilde;o.<br \/>As fam&iacute;lias extremamente pobres que ainda n&atilde;o s&atilde;o atendidas ser&atilde;o localizadas e inclu&iacute;das de forma integrada nos mais diversos programas de acordo com as suas necessidades. O plano &eacute; direcionado aos brasileiros que vivem em lares cuja renda familiar &eacute; de at&eacute; R$ 140,00 por pessoa. De acordo com o Censo 2010 do Instituto Brasileiro de Geografia e Estat&iacute;stica (IBGE), est&atilde;o nesta situa&ccedil;&atilde;o 16,2 milh&otilde;es de brasileiros.<br \/>A a&ccedil;&atilde;o agrega transfer&ecirc;ncia de renda, acesso a servi&ccedil;os p&uacute;blicos, nas &aacute;reas de educa&ccedil;&atilde;o, sa&uacute;de, assist&ecirc;ncia social, saneamento e energia el&eacute;trica, e inclus&atilde;o produtiva. E, ainda envolvem a cria&ccedil;&atilde;o de novos programas e a amplia&ccedil;&atilde;o de iniciativas existentes, em parceria com estados, munic&iacute;pios, empresas p&uacute;blicas e privadas e organiza&ccedil;&otilde;es da sociedade civil, o Governo Federal quer incluir a popula&ccedil;&atilde;o mais pobre nas oportunidades geradas pelo forte crescimento econ&ocirc;mico brasileiro. Mais informa&ccedil;&otilde;es sobre o assunto est&atilde;o dispon&iacute;veis no site do Minist&eacute;rio do Desenvolvimento Social e Combate &agrave; Fome &#8211; www.mds.gov.br.<br \/><\/span><\/span><\/p>\n<div><span style=\"font-size: medium;\"><span style=\"font-family: arial, helvetica, sans-serif;\"><br \/><\/span><\/span><\/div><\/p>\n","protected":false},"excerpt":{"rendered":"<p>Um total de 300 cisternas de polietileno instaladas e mais 54 benefici&aacute;rios capacitados para receb&ecirc;-las esta semana. Esta &eacute; a meta da 6&ordf; superintend&ecirc;ncia regional da Companhia de Desenvolvimento dos Vales do S&atilde;o Francisco e do Parna&iacute;ba (Codevasf), por meio do programa &Aacute;gua para Todos, coordenado pelo Minist&eacute;rio da Integra&ccedil;&atilde;o Nacional (MI). Em Santa Br&iacute;gida, haver&aacute; capacita&ccedil;&atilde;o de mais benefici&aacute;rios nos povoados de Porteira, Juazeir&atilde;o, Bandeira, Projeto Esperan&ccedil;a e Minuim, e ser&aacute; dada continuidade a busca ativa, verifica&ccedil;&atilde;o de cadastros, valida&ccedil;&atilde;o, loca&ccedil;&atilde;o, fiscaliza&ccedil;&atilde;o de instala&ccedil;&atilde;o, instala&ccedil;&atilde;o de cisternas, capacita&ccedil;&atilde;o e registro das a&ccedil;&otilde;es no GPWEB.Em Morro do Chap&eacute;u foram cadastrados e validados at&eacute; agora 960 benefici&aacute;rios para recebimento de cisternas, e foram emitidas ordem de servi&ccedil;o para instala&ccedil;&atilde;o de outras&hellip; <\/p>\n","protected":false},"author":0,"featured_media":0,"comment_status":"open","ping_status":"open","sticky":false,"template":"","format":"standard","meta":{"_acf_changed":false,"footnotes":""},"categories":[43],"tags":[],"class_list":["post-17900","post","type-post","status-publish","format-standard","hentry","category-sem-categoria"],"acf":[],"yoast_head":"<!-- This site is optimized with the Yoast SEO plugin v27.4 - https:\/\/yoast.com\/product\/yoast-seo-wordpress\/ -->\n<title>\u00c1gua para Todos beneficiar\u00e1 300 fam\u00edlias esta semana no Norte da Bahia  - Blog do Farn\u00e9sio<\/title>\n<meta name=\"robots\" content=\"index, follow, max-snippet:-1, max-image-preview:large, max-video-preview:-1\" \/>\n<link rel=\"canonical\" href=\"https:\/\/blogdofarnesio.com.br\/?p=17900\" \/>\n<meta property=\"og:locale\" content=\"pt_BR\" \/>\n<meta property=\"og:type\" content=\"article\" \/>\n<meta property=\"og:title\" content=\"\u00c1gua para Todos beneficiar\u00e1 300 fam\u00edlias esta semana no Norte da Bahia  - Blog do Farn\u00e9sio\" \/>\n<meta property=\"og:description\" content=\"Um total de 300 cisternas de polietileno instaladas e mais 54 benefici&aacute;rios capacitados para receb&ecirc;-las esta semana. Esta &eacute; a meta da 6&ordf; superintend&ecirc;ncia regional da Companhia de Desenvolvimento dos Vales do S&atilde;o Francisco e do Parna&iacute;ba (Codevasf), por meio do programa &Aacute;gua para Todos, coordenado pelo Minist&eacute;rio da Integra&ccedil;&atilde;o Nacional (MI). Em Santa Br&iacute;gida, haver&aacute; capacita&ccedil;&atilde;o de mais benefici&aacute;rios nos povoados de Porteira, Juazeir&atilde;o, Bandeira, Projeto Esperan&ccedil;a e Minuim, e ser&aacute; dada continuidade a busca ativa, verifica&ccedil;&atilde;o de cadastros, valida&ccedil;&atilde;o, loca&ccedil;&atilde;o, fiscaliza&ccedil;&atilde;o de instala&ccedil;&atilde;o, instala&ccedil;&atilde;o de cisternas, capacita&ccedil;&atilde;o e registro das a&ccedil;&otilde;es no GPWEB.Em Morro do Chap&eacute;u foram cadastrados e validados at&eacute; agora 960 benefici&aacute;rios para recebimento de cisternas, e foram emitidas ordem de servi&ccedil;o para instala&ccedil;&atilde;o de outras&hellip;\" \/>\n<meta property=\"og:url\" content=\"https:\/\/blogdofarnesio.com.br\/?p=17900\" \/>\n<meta property=\"og:site_name\" content=\"Blog do Farn\u00e9sio\" \/>\n<meta property=\"article:publisher\" content=\"https:\/\/www.facebook.com\/BlogQuerSaberPolitica\/\" \/>\n<meta property=\"article:published_time\" content=\"2012-10-05T11:00:00+00:00\" \/>\n<meta property=\"og:image\" content=\"http:\/\/www.quersaberpolitica.com.br\/2016\/wp-content\/uploads\/2012\/12\/blogqsp.nova80.jpg\" \/>\n<meta name=\"twitter:card\" content=\"summary_large_image\" \/>\n<meta name=\"twitter:label1\" content=\"Est. tempo de leitura\" \/>\n\t<meta name=\"twitter:data1\" content=\"6 minutos\" \/>\n<script type=\"application\/ld+json\" class=\"yoast-schema-graph\">{\"@context\":\"https:\\\/\\\/schema.org\",\"@graph\":[{\"@type\":\"Article\",\"@id\":\"https:\\\/\\\/blogdofarnesio.com.br\\\/?p=17900#article\",\"isPartOf\":{\"@id\":\"https:\\\/\\\/blogdofarnesio.com.br\\\/?p=17900\"},\"author\":{\"name\":\"\",\"@id\":\"\"},\"headline\":\"\u00c1gua para Todos beneficiar\u00e1 300 fam\u00edlias esta semana no Norte da Bahia\",\"datePublished\":\"2012-10-05T11:00:00+00:00\",\"mainEntityOfPage\":{\"@id\":\"https:\\\/\\\/blogdofarnesio.com.br\\\/?p=17900\"},\"wordCount\":1283,\"commentCount\":0,\"publisher\":{\"@id\":\"https:\\\/\\\/blogdofarnesio.com.br\\\/#organization\"},\"image\":{\"@id\":\"https:\\\/\\\/blogdofarnesio.com.br\\\/?p=17900#primaryimage\"},\"thumbnailUrl\":\"http:\\\/\\\/www.quersaberpolitica.com.br\\\/2016\\\/wp-content\\\/uploads\\\/2012\\\/12\\\/blogqsp.nova80.jpg\",\"inLanguage\":\"pt-BR\",\"potentialAction\":[{\"@type\":\"CommentAction\",\"name\":\"Comment\",\"target\":[\"https:\\\/\\\/blogdofarnesio.com.br\\\/?p=17900#respond\"]}]},{\"@type\":\"WebPage\",\"@id\":\"https:\\\/\\\/blogdofarnesio.com.br\\\/?p=17900\",\"url\":\"https:\\\/\\\/blogdofarnesio.com.br\\\/?p=17900\",\"name\":\"\u00c1gua para Todos beneficiar\u00e1 300 fam\u00edlias esta semana no Norte da Bahia - Blog do Farn\u00e9sio\",\"isPartOf\":{\"@id\":\"https:\\\/\\\/blogdofarnesio.com.br\\\/#website\"},\"primaryImageOfPage\":{\"@id\":\"https:\\\/\\\/blogdofarnesio.com.br\\\/?p=17900#primaryimage\"},\"image\":{\"@id\":\"https:\\\/\\\/blogdofarnesio.com.br\\\/?p=17900#primaryimage\"},\"thumbnailUrl\":\"http:\\\/\\\/www.quersaberpolitica.com.br\\\/2016\\\/wp-content\\\/uploads\\\/2012\\\/12\\\/blogqsp.nova80.jpg\",\"datePublished\":\"2012-10-05T11:00:00+00:00\",\"breadcrumb\":{\"@id\":\"https:\\\/\\\/blogdofarnesio.com.br\\\/?p=17900#breadcrumb\"},\"inLanguage\":\"pt-BR\",\"potentialAction\":[{\"@type\":\"ReadAction\",\"target\":[\"https:\\\/\\\/blogdofarnesio.com.br\\\/?p=17900\"]}]},{\"@type\":\"ImageObject\",\"inLanguage\":\"pt-BR\",\"@id\":\"https:\\\/\\\/blogdofarnesio.com.br\\\/?p=17900#primaryimage\",\"url\":\"http:\\\/\\\/www.quersaberpolitica.com.br\\\/2016\\\/wp-content\\\/uploads\\\/2012\\\/12\\\/blogqsp.nova80.jpg\",\"contentUrl\":\"http:\\\/\\\/www.quersaberpolitica.com.br\\\/2016\\\/wp-content\\\/uploads\\\/2012\\\/12\\\/blogqsp.nova80.jpg\"},{\"@type\":\"BreadcrumbList\",\"@id\":\"https:\\\/\\\/blogdofarnesio.com.br\\\/?p=17900#breadcrumb\",\"itemListElement\":[{\"@type\":\"ListItem\",\"position\":1,\"name\":\"In\u00edcio\",\"item\":\"https:\\\/\\\/blogdofarnesio.com.br\\\/\"},{\"@type\":\"ListItem\",\"position\":2,\"name\":\"\u00c1gua para Todos beneficiar\u00e1 300 fam\u00edlias esta semana no Norte da Bahia\"}]},{\"@type\":\"WebSite\",\"@id\":\"https:\\\/\\\/blogdofarnesio.com.br\\\/#website\",\"url\":\"https:\\\/\\\/blogdofarnesio.com.br\\\/\",\"name\":\"Blog do Farn\u00e9sio\",\"description\":\"Quer Saber Pol\u00edtica?\",\"publisher\":{\"@id\":\"https:\\\/\\\/blogdofarnesio.com.br\\\/#organization\"},\"potentialAction\":[{\"@type\":\"SearchAction\",\"target\":{\"@type\":\"EntryPoint\",\"urlTemplate\":\"https:\\\/\\\/blogdofarnesio.com.br\\\/?s={search_term_string}\"},\"query-input\":{\"@type\":\"PropertyValueSpecification\",\"valueRequired\":true,\"valueName\":\"search_term_string\"}}],\"inLanguage\":\"pt-BR\"},{\"@type\":\"Organization\",\"@id\":\"https:\\\/\\\/blogdofarnesio.com.br\\\/#organization\",\"name\":\"Blog do Farn\u00e9sio\",\"url\":\"https:\\\/\\\/blogdofarnesio.com.br\\\/\",\"logo\":{\"@type\":\"ImageObject\",\"inLanguage\":\"pt-BR\",\"@id\":\"https:\\\/\\\/blogdofarnesio.com.br\\\/#\\\/schema\\\/logo\\\/image\\\/\",\"url\":\"https:\\\/\\\/blogdofarnesio.com.br\\\/wp-content\\\/uploads\\\/2026\\\/03\\\/cropped-logo_new-1.png\",\"contentUrl\":\"https:\\\/\\\/blogdofarnesio.com.br\\\/wp-content\\\/uploads\\\/2026\\\/03\\\/cropped-logo_new-1.png\",\"width\":881,\"height\":685,\"caption\":\"Blog do Farn\u00e9sio\"},\"image\":{\"@id\":\"https:\\\/\\\/blogdofarnesio.com.br\\\/#\\\/schema\\\/logo\\\/image\\\/\"},\"sameAs\":[\"https:\\\/\\\/www.facebook.com\\\/BlogQuerSaberPolitica\\\/\"]}]}<\/script>\n<!-- \/ Yoast SEO plugin. -->","yoast_head_json":{"title":"\u00c1gua para Todos beneficiar\u00e1 300 fam\u00edlias esta semana no Norte da Bahia  - Blog do Farn\u00e9sio","robots":{"index":"index","follow":"follow","max-snippet":"max-snippet:-1","max-image-preview":"max-image-preview:large","max-video-preview":"max-video-preview:-1"},"canonical":"https:\/\/blogdofarnesio.com.br\/?p=17900","og_locale":"pt_BR","og_type":"article","og_title":"\u00c1gua para Todos beneficiar\u00e1 300 fam\u00edlias esta semana no Norte da Bahia  - Blog do Farn\u00e9sio","og_description":"Um total de 300 cisternas de polietileno instaladas e mais 54 benefici&aacute;rios capacitados para receb&ecirc;-las esta semana. Esta &eacute; a meta da 6&ordf; superintend&ecirc;ncia regional da Companhia de Desenvolvimento dos Vales do S&atilde;o Francisco e do Parna&iacute;ba (Codevasf), por meio do programa &Aacute;gua para Todos, coordenado pelo Minist&eacute;rio da Integra&ccedil;&atilde;o Nacional (MI). Em Santa Br&iacute;gida, haver&aacute; capacita&ccedil;&atilde;o de mais benefici&aacute;rios nos povoados de Porteira, Juazeir&atilde;o, Bandeira, Projeto Esperan&ccedil;a e Minuim, e ser&aacute; dada continuidade a busca ativa, verifica&ccedil;&atilde;o de cadastros, valida&ccedil;&atilde;o, loca&ccedil;&atilde;o, fiscaliza&ccedil;&atilde;o de instala&ccedil;&atilde;o, instala&ccedil;&atilde;o de cisternas, capacita&ccedil;&atilde;o e registro das a&ccedil;&otilde;es no GPWEB.Em Morro do Chap&eacute;u foram cadastrados e validados at&eacute; agora 960 benefici&aacute;rios para recebimento de cisternas, e foram emitidas ordem de servi&ccedil;o para instala&ccedil;&atilde;o de outras&hellip;","og_url":"https:\/\/blogdofarnesio.com.br\/?p=17900","og_site_name":"Blog do Farn\u00e9sio","article_publisher":"https:\/\/www.facebook.com\/BlogQuerSaberPolitica\/","article_published_time":"2012-10-05T11:00:00+00:00","og_image":[{"url":"http:\/\/www.quersaberpolitica.com.br\/2016\/wp-content\/uploads\/2012\/12\/blogqsp.nova80.jpg","type":"","width":"","height":""}],"twitter_card":"summary_large_image","twitter_misc":{"Est. tempo de leitura":"6 minutos"},"schema":{"@context":"https:\/\/schema.org","@graph":[{"@type":"Article","@id":"https:\/\/blogdofarnesio.com.br\/?p=17900#article","isPartOf":{"@id":"https:\/\/blogdofarnesio.com.br\/?p=17900"},"author":{"name":"","@id":""},"headline":"\u00c1gua para Todos beneficiar\u00e1 300 fam\u00edlias esta semana no Norte da Bahia","datePublished":"2012-10-05T11:00:00+00:00","mainEntityOfPage":{"@id":"https:\/\/blogdofarnesio.com.br\/?p=17900"},"wordCount":1283,"commentCount":0,"publisher":{"@id":"https:\/\/blogdofarnesio.com.br\/#organization"},"image":{"@id":"https:\/\/blogdofarnesio.com.br\/?p=17900#primaryimage"},"thumbnailUrl":"http:\/\/www.quersaberpolitica.com.br\/2016\/wp-content\/uploads\/2012\/12\/blogqsp.nova80.jpg","inLanguage":"pt-BR","potentialAction":[{"@type":"CommentAction","name":"Comment","target":["https:\/\/blogdofarnesio.com.br\/?p=17900#respond"]}]},{"@type":"WebPage","@id":"https:\/\/blogdofarnesio.com.br\/?p=17900","url":"https:\/\/blogdofarnesio.com.br\/?p=17900","name":"\u00c1gua para Todos beneficiar\u00e1 300 fam\u00edlias esta semana no Norte da Bahia - Blog do Farn\u00e9sio","isPartOf":{"@id":"https:\/\/blogdofarnesio.com.br\/#website"},"primaryImageOfPage":{"@id":"https:\/\/blogdofarnesio.com.br\/?p=17900#primaryimage"},"image":{"@id":"https:\/\/blogdofarnesio.com.br\/?p=17900#primaryimage"},"thumbnailUrl":"http:\/\/www.quersaberpolitica.com.br\/2016\/wp-content\/uploads\/2012\/12\/blogqsp.nova80.jpg","datePublished":"2012-10-05T11:00:00+00:00","breadcrumb":{"@id":"https:\/\/blogdofarnesio.com.br\/?p=17900#breadcrumb"},"inLanguage":"pt-BR","potentialAction":[{"@type":"ReadAction","target":["https:\/\/blogdofarnesio.com.br\/?p=17900"]}]},{"@type":"ImageObject","inLanguage":"pt-BR","@id":"https:\/\/blogdofarnesio.com.br\/?p=17900#primaryimage","url":"http:\/\/www.quersaberpolitica.com.br\/2016\/wp-content\/uploads\/2012\/12\/blogqsp.nova80.jpg","contentUrl":"http:\/\/www.quersaberpolitica.com.br\/2016\/wp-content\/uploads\/2012\/12\/blogqsp.nova80.jpg"},{"@type":"BreadcrumbList","@id":"https:\/\/blogdofarnesio.com.br\/?p=17900#breadcrumb","itemListElement":[{"@type":"ListItem","position":1,"name":"In\u00edcio","item":"https:\/\/blogdofarnesio.com.br\/"},{"@type":"ListItem","position":2,"name":"\u00c1gua para Todos beneficiar\u00e1 300 fam\u00edlias esta semana no Norte da Bahia"}]},{"@type":"WebSite","@id":"https:\/\/blogdofarnesio.com.br\/#website","url":"https:\/\/blogdofarnesio.com.br\/","name":"Blog do Farn\u00e9sio","description":"Quer Saber Pol\u00edtica?","publisher":{"@id":"https:\/\/blogdofarnesio.com.br\/#organization"},"potentialAction":[{"@type":"SearchAction","target":{"@type":"EntryPoint","urlTemplate":"https:\/\/blogdofarnesio.com.br\/?s={search_term_string}"},"query-input":{"@type":"PropertyValueSpecification","valueRequired":true,"valueName":"search_term_string"}}],"inLanguage":"pt-BR"},{"@type":"Organization","@id":"https:\/\/blogdofarnesio.com.br\/#organization","name":"Blog do Farn\u00e9sio","url":"https:\/\/blogdofarnesio.com.br\/","logo":{"@type":"ImageObject","inLanguage":"pt-BR","@id":"https:\/\/blogdofarnesio.com.br\/#\/schema\/logo\/image\/","url":"https:\/\/blogdofarnesio.com.br\/wp-content\/uploads\/2026\/03\/cropped-logo_new-1.png","contentUrl":"https:\/\/blogdofarnesio.com.br\/wp-content\/uploads\/2026\/03\/cropped-logo_new-1.png","width":881,"height":685,"caption":"Blog do Farn\u00e9sio"},"image":{"@id":"https:\/\/blogdofarnesio.com.br\/#\/schema\/logo\/image\/"},"sameAs":["https:\/\/www.facebook.com\/BlogQuerSaberPolitica\/"]}]}},"_links":{"self":[{"href":"https:\/\/blogdofarnesio.com.br\/index.php?rest_route=\/wp\/v2\/posts\/17900","targetHints":{"allow":["GET"]}}],"collection":[{"href":"https:\/\/blogdofarnesio.com.br\/index.php?rest_route=\/wp\/v2\/posts"}],"about":[{"href":"https:\/\/blogdofarnesio.com.br\/index.php?rest_route=\/wp\/v2\/types\/post"}],"replies":[{"embeddable":true,"href":"https:\/\/blogdofarnesio.com.br\/index.php?rest_route=%2Fwp%2Fv2%2Fcomments&post=17900"}],"version-history":[{"count":0,"href":"https:\/\/blogdofarnesio.com.br\/index.php?rest_route=\/wp\/v2\/posts\/17900\/revisions"}],"wp:attachment":[{"href":"https:\/\/blogdofarnesio.com.br\/index.php?rest_route=%2Fwp%2Fv2%2Fmedia&parent=17900"}],"wp:term":[{"taxonomy":"category","embeddable":true,"href":"https:\/\/blogdofarnesio.com.br\/index.php?rest_route=%2Fwp%2Fv2%2Fcategories&post=17900"},{"taxonomy":"post_tag","embeddable":true,"href":"https:\/\/blogdofarnesio.com.br\/index.php?rest_route=%2Fwp%2Fv2%2Ftags&post=17900"}],"curies":[{"name":"wp","href":"https:\/\/api.w.org\/{rel}","templated":true}]}}