{"id":178488,"date":"2017-10-09T10:00:50","date_gmt":"2017-10-09T13:00:50","guid":{"rendered":"http:\/\/quersaberpolitica.com.br\/2016\/?p=178488"},"modified":"2017-10-09T09:38:19","modified_gmt":"2017-10-09T12:38:19","slug":"direto-de-ouricuri-42","status":"publish","type":"post","link":"https:\/\/blogdofarnesio.com.br\/?p=178488","title":{"rendered":"DIRETO DE OURICURI"},"content":{"rendered":"<div class=\"td-post-header td-pb-padding-side\">\n<header>\n<h1 class=\"entry-title\">Vereador Gildej\u00e2nio Melo, preso sob suspeita de plantar maconha solicita licen\u00e7a \u00e0 C\u00e2mara<\/h1>\n<\/header>\n<\/div>\n<div class=\"td-post-content td-pb-padding-side\">\n<p>Na manh\u00e3 desta sexta-feira aconteceu uma reuni\u00e3o extraordin\u00e1ria na c\u00e2mara de vereadores com uma pauta bastante inesperada, foi um pedido de afastamento enviado pelo vereador Gildej\u00e2nio Melo, preso desde 19 de setembro. De acordo com a lei org\u00e2nica do munic\u00edpio, artigo 14, \u00a7 4\u00b0, o vereador tem direito a uma licen\u00e7a de 30 a 120 dias, no caso de ser s\u00f3 30 dias, como o parlamentar solicita, ele n\u00e3o ser\u00e1 afastado e nem ter\u00e1 substituo, o direito lhe cabe pois ainda n\u00e3o foi julgado e mesmo se for condenado n\u00e3o perder\u00e1 o mandato antes de passar pelo plen\u00e1rio para aprova\u00e7\u00e3o da C\u00e2mara.<\/p>\n<p>Em abril deste ano, a Pol\u00edcia Militar encontrou 20 mil p\u00e9s de maconha na propriedade do vereador. No local foi encontrado tamb\u00e9m um sistema de irriga\u00e7\u00e3o para o plantio. Apesar do boletim de ocorr\u00eancias da PM constar que o vereador confessou saber da planta\u00e7\u00e3o, na \u00e9poca ele foi liberado por falta de provas.<br \/>\nNas \u00faltimas elei\u00e7\u00f5es, ele foi o vereador mais votado de ouricuri, com 1.416 votos.<\/p>\n<p>Com informa\u00e7\u00f5es de Cidinha Medrado<\/p>\n<\/div>\n","protected":false},"excerpt":{"rendered":"<p>Vereador Gildej\u00e2nio Melo, preso sob suspeita de plantar maconha solicita licen\u00e7a \u00e0 C\u00e2mara Na manh\u00e3 desta sexta-feira aconteceu uma reuni\u00e3o extraordin\u00e1ria na c\u00e2mara de vereadores com uma pauta bastante inesperada, foi um pedido de afastamento enviado pelo vereador Gildej\u00e2nio Melo, preso desde 19 de setembro. De acordo com a lei org\u00e2nica do munic\u00edpio, artigo 14, \u00a7 4\u00b0, o vereador tem direito a uma licen\u00e7a de 30 a 120 dias, no caso de ser s\u00f3 30 dias, como o parlamentar solicita, ele n\u00e3o ser\u00e1 afastado e nem ter\u00e1 substituo, o direito lhe cabe pois ainda n\u00e3o foi julgado e mesmo se for condenado n\u00e3o perder\u00e1 o mandato antes de passar pelo plen\u00e1rio para aprova\u00e7\u00e3o da C\u00e2mara. Em abril deste ano, a&hellip; <\/p>\n","protected":false},"author":1,"featured_media":178489,"comment_status":"open","ping_status":"open","sticky":false,"template":"","format":"standard","meta":{"_acf_changed":false,"footnotes":""},"categories":[1],"tags":[],"class_list":["post-178488","post","type-post","status-publish","format-standard","has-post-thumbnail","hentry","category-politica"],"acf":[],"yoast_head":"<!-- This site is optimized with the Yoast SEO plugin v27.4 - https:\/\/yoast.com\/product\/yoast-seo-wordpress\/ -->\n<title>DIRETO DE OURICURI - Blog do Farn\u00e9sio<\/title>\n<meta name=\"robots\" content=\"index, follow, max-snippet:-1, max-image-preview:large, max-video-preview:-1\" \/>\n<link rel=\"canonical\" href=\"https:\/\/blogdofarnesio.com.br\/?p=178488\" \/>\n<meta property=\"og:locale\" content=\"pt_BR\" \/>\n<meta property=\"og:type\" content=\"article\" \/>\n<meta property=\"og:title\" content=\"DIRETO DE OURICURI - Blog do Farn\u00e9sio\" \/>\n<meta property=\"og:description\" content=\"Vereador Gildej\u00e2nio Melo, preso sob suspeita de plantar maconha solicita licen\u00e7a \u00e0 C\u00e2mara Na manh\u00e3 desta sexta-feira aconteceu uma reuni\u00e3o extraordin\u00e1ria na c\u00e2mara de vereadores com uma pauta bastante inesperada, foi um pedido de afastamento enviado pelo vereador Gildej\u00e2nio Melo, preso desde 19 de setembro. De acordo com a lei org\u00e2nica do munic\u00edpio, artigo 14, \u00a7 4\u00b0, o vereador tem direito a uma licen\u00e7a de 30 a 120 dias, no caso de ser s\u00f3 30 dias, como o parlamentar solicita, ele n\u00e3o ser\u00e1 afastado e nem ter\u00e1 substituo, o direito lhe cabe pois ainda n\u00e3o foi julgado e mesmo se for condenado n\u00e3o perder\u00e1 o mandato antes de passar pelo plen\u00e1rio para aprova\u00e7\u00e3o da C\u00e2mara. Em abril deste ano, a&hellip;\" \/>\n<meta property=\"og:url\" content=\"https:\/\/blogdofarnesio.com.br\/?p=178488\" \/>\n<meta property=\"og:site_name\" content=\"Blog do Farn\u00e9sio\" \/>\n<meta property=\"article:publisher\" content=\"https:\/\/www.facebook.com\/BlogQuerSaberPolitica\/\" \/>\n<meta property=\"article:published_time\" content=\"2017-10-09T13:00:50+00:00\" \/>\n<meta property=\"og:image\" content=\"https:\/\/blogdofarnesio.com.br\/wp-content\/uploads\/2017\/10\/blogqspouricuriGildejanio-Melo-ser-preso.jpg\" \/>\n\t<meta property=\"og:image:width\" content=\"640\" \/>\n\t<meta property=\"og:image:height\" content=\"450\" \/>\n\t<meta property=\"og:image:type\" content=\"image\/jpeg\" \/>\n<meta name=\"author\" content=\"Farn\u00e9sio\" \/>\n<meta name=\"twitter:card\" content=\"summary_large_image\" \/>\n<meta name=\"twitter:label1\" content=\"Escrito por\" \/>\n\t<meta name=\"twitter:data1\" content=\"Farn\u00e9sio\" \/>\n\t<meta name=\"twitter:label2\" content=\"Est. tempo de leitura\" \/>\n\t<meta name=\"twitter:data2\" content=\"1 minuto\" \/>\n<script type=\"application\/ld+json\" class=\"yoast-schema-graph\">{\"@context\":\"https:\\\/\\\/schema.org\",\"@graph\":[{\"@type\":\"Article\",\"@id\":\"https:\\\/\\\/blogdofarnesio.com.br\\\/?p=178488#article\",\"isPartOf\":{\"@id\":\"https:\\\/\\\/blogdofarnesio.com.br\\\/?p=178488\"},\"author\":{\"name\":\"Farn\u00e9sio\",\"@id\":\"https:\\\/\\\/blogdofarnesio.com.br\\\/#\\\/schema\\\/person\\\/301c4acf522bccbfdb45af95b5b906a1\"},\"headline\":\"DIRETO DE OURICURI\",\"datePublished\":\"2017-10-09T13:00:50+00:00\",\"mainEntityOfPage\":{\"@id\":\"https:\\\/\\\/blogdofarnesio.com.br\\\/?p=178488\"},\"wordCount\":204,\"commentCount\":0,\"publisher\":{\"@id\":\"https:\\\/\\\/blogdofarnesio.com.br\\\/#organization\"},\"image\":{\"@id\":\"https:\\\/\\\/blogdofarnesio.com.br\\\/?p=178488#primaryimage\"},\"thumbnailUrl\":\"https:\\\/\\\/blogdofarnesio.com.br\\\/wp-content\\\/uploads\\\/2017\\\/10\\\/blogqspouricuriGildejanio-Melo-ser-preso.jpg\",\"articleSection\":[\"Pol\u00edtica\"],\"inLanguage\":\"pt-BR\",\"potentialAction\":[{\"@type\":\"CommentAction\",\"name\":\"Comment\",\"target\":[\"https:\\\/\\\/blogdofarnesio.com.br\\\/?p=178488#respond\"]}]},{\"@type\":\"WebPage\",\"@id\":\"https:\\\/\\\/blogdofarnesio.com.br\\\/?p=178488\",\"url\":\"https:\\\/\\\/blogdofarnesio.com.br\\\/?p=178488\",\"name\":\"DIRETO DE OURICURI - Blog do Farn\u00e9sio\",\"isPartOf\":{\"@id\":\"https:\\\/\\\/blogdofarnesio.com.br\\\/#website\"},\"primaryImageOfPage\":{\"@id\":\"https:\\\/\\\/blogdofarnesio.com.br\\\/?p=178488#primaryimage\"},\"image\":{\"@id\":\"https:\\\/\\\/blogdofarnesio.com.br\\\/?p=178488#primaryimage\"},\"thumbnailUrl\":\"https:\\\/\\\/blogdofarnesio.com.br\\\/wp-content\\\/uploads\\\/2017\\\/10\\\/blogqspouricuriGildejanio-Melo-ser-preso.jpg\",\"datePublished\":\"2017-10-09T13:00:50+00:00\",\"breadcrumb\":{\"@id\":\"https:\\\/\\\/blogdofarnesio.com.br\\\/?p=178488#breadcrumb\"},\"inLanguage\":\"pt-BR\",\"potentialAction\":[{\"@type\":\"ReadAction\",\"target\":[\"https:\\\/\\\/blogdofarnesio.com.br\\\/?p=178488\"]}]},{\"@type\":\"ImageObject\",\"inLanguage\":\"pt-BR\",\"@id\":\"https:\\\/\\\/blogdofarnesio.com.br\\\/?p=178488#primaryimage\",\"url\":\"https:\\\/\\\/blogdofarnesio.com.br\\\/wp-content\\\/uploads\\\/2017\\\/10\\\/blogqspouricuriGildejanio-Melo-ser-preso.jpg\",\"contentUrl\":\"https:\\\/\\\/blogdofarnesio.com.br\\\/wp-content\\\/uploads\\\/2017\\\/10\\\/blogqspouricuriGildejanio-Melo-ser-preso.jpg\",\"width\":640,\"height\":450},{\"@type\":\"BreadcrumbList\",\"@id\":\"https:\\\/\\\/blogdofarnesio.com.br\\\/?p=178488#breadcrumb\",\"itemListElement\":[{\"@type\":\"ListItem\",\"position\":1,\"name\":\"In\u00edcio\",\"item\":\"https:\\\/\\\/blogdofarnesio.com.br\\\/\"},{\"@type\":\"ListItem\",\"position\":2,\"name\":\"DIRETO DE OURICURI\"}]},{\"@type\":\"WebSite\",\"@id\":\"https:\\\/\\\/blogdofarnesio.com.br\\\/#website\",\"url\":\"https:\\\/\\\/blogdofarnesio.com.br\\\/\",\"name\":\"Blog do Farn\u00e9sio\",\"description\":\"Quer Saber Pol\u00edtica?\",\"publisher\":{\"@id\":\"https:\\\/\\\/blogdofarnesio.com.br\\\/#organization\"},\"potentialAction\":[{\"@type\":\"SearchAction\",\"target\":{\"@type\":\"EntryPoint\",\"urlTemplate\":\"https:\\\/\\\/blogdofarnesio.com.br\\\/?s={search_term_string}\"},\"query-input\":{\"@type\":\"PropertyValueSpecification\",\"valueRequired\":true,\"valueName\":\"search_term_string\"}}],\"inLanguage\":\"pt-BR\"},{\"@type\":\"Organization\",\"@id\":\"https:\\\/\\\/blogdofarnesio.com.br\\\/#organization\",\"name\":\"Blog do Farn\u00e9sio\",\"url\":\"https:\\\/\\\/blogdofarnesio.com.br\\\/\",\"logo\":{\"@type\":\"ImageObject\",\"inLanguage\":\"pt-BR\",\"@id\":\"https:\\\/\\\/blogdofarnesio.com.br\\\/#\\\/schema\\\/logo\\\/image\\\/\",\"url\":\"https:\\\/\\\/blogdofarnesio.com.br\\\/wp-content\\\/uploads\\\/2026\\\/03\\\/cropped-logo_new-1.png\",\"contentUrl\":\"https:\\\/\\\/blogdofarnesio.com.br\\\/wp-content\\\/uploads\\\/2026\\\/03\\\/cropped-logo_new-1.png\",\"width\":881,\"height\":685,\"caption\":\"Blog do Farn\u00e9sio\"},\"image\":{\"@id\":\"https:\\\/\\\/blogdofarnesio.com.br\\\/#\\\/schema\\\/logo\\\/image\\\/\"},\"sameAs\":[\"https:\\\/\\\/www.facebook.com\\\/BlogQuerSaberPolitica\\\/\"]},{\"@type\":\"Person\",\"@id\":\"https:\\\/\\\/blogdofarnesio.com.br\\\/#\\\/schema\\\/person\\\/301c4acf522bccbfdb45af95b5b906a1\",\"name\":\"Farn\u00e9sio\",\"image\":{\"@type\":\"ImageObject\",\"inLanguage\":\"pt-BR\",\"@id\":\"https:\\\/\\\/secure.gravatar.com\\\/avatar\\\/df0c9a14567c056f8ad6876ba5bbd1e3e2c48023eb6807342fc4663adf549f38?s=96&d=mm&r=g\",\"url\":\"https:\\\/\\\/secure.gravatar.com\\\/avatar\\\/df0c9a14567c056f8ad6876ba5bbd1e3e2c48023eb6807342fc4663adf549f38?s=96&d=mm&r=g\",\"contentUrl\":\"https:\\\/\\\/secure.gravatar.com\\\/avatar\\\/df0c9a14567c056f8ad6876ba5bbd1e3e2c48023eb6807342fc4663adf549f38?s=96&d=mm&r=g\",\"caption\":\"Farn\u00e9sio\"},\"sameAs\":[\"https:\\\/\\\/quersaberpolitica.com.br\"],\"url\":\"https:\\\/\\\/blogdofarnesio.com.br\\\/?author=1\"}]}<\/script>\n<!-- \/ Yoast SEO plugin. -->","yoast_head_json":{"title":"DIRETO DE OURICURI - Blog do Farn\u00e9sio","robots":{"index":"index","follow":"follow","max-snippet":"max-snippet:-1","max-image-preview":"max-image-preview:large","max-video-preview":"max-video-preview:-1"},"canonical":"https:\/\/blogdofarnesio.com.br\/?p=178488","og_locale":"pt_BR","og_type":"article","og_title":"DIRETO DE OURICURI - Blog do Farn\u00e9sio","og_description":"Vereador Gildej\u00e2nio Melo, preso sob suspeita de plantar maconha solicita licen\u00e7a \u00e0 C\u00e2mara Na manh\u00e3 desta sexta-feira aconteceu uma reuni\u00e3o extraordin\u00e1ria na c\u00e2mara de vereadores com uma pauta bastante inesperada, foi um pedido de afastamento enviado pelo vereador Gildej\u00e2nio Melo, preso desde 19 de setembro. De acordo com a lei org\u00e2nica do munic\u00edpio, artigo 14, \u00a7 4\u00b0, o vereador tem direito a uma licen\u00e7a de 30 a 120 dias, no caso de ser s\u00f3 30 dias, como o parlamentar solicita, ele n\u00e3o ser\u00e1 afastado e nem ter\u00e1 substituo, o direito lhe cabe pois ainda n\u00e3o foi julgado e mesmo se for condenado n\u00e3o perder\u00e1 o mandato antes de passar pelo plen\u00e1rio para aprova\u00e7\u00e3o da C\u00e2mara. Em abril deste ano, a&hellip;","og_url":"https:\/\/blogdofarnesio.com.br\/?p=178488","og_site_name":"Blog do Farn\u00e9sio","article_publisher":"https:\/\/www.facebook.com\/BlogQuerSaberPolitica\/","article_published_time":"2017-10-09T13:00:50+00:00","og_image":[{"width":640,"height":450,"url":"https:\/\/blogdofarnesio.com.br\/wp-content\/uploads\/2017\/10\/blogqspouricuriGildejanio-Melo-ser-preso.jpg","type":"image\/jpeg"}],"author":"Farn\u00e9sio","twitter_card":"summary_large_image","twitter_misc":{"Escrito por":"Farn\u00e9sio","Est. tempo de leitura":"1 minuto"},"schema":{"@context":"https:\/\/schema.org","@graph":[{"@type":"Article","@id":"https:\/\/blogdofarnesio.com.br\/?p=178488#article","isPartOf":{"@id":"https:\/\/blogdofarnesio.com.br\/?p=178488"},"author":{"name":"Farn\u00e9sio","@id":"https:\/\/blogdofarnesio.com.br\/#\/schema\/person\/301c4acf522bccbfdb45af95b5b906a1"},"headline":"DIRETO DE OURICURI","datePublished":"2017-10-09T13:00:50+00:00","mainEntityOfPage":{"@id":"https:\/\/blogdofarnesio.com.br\/?p=178488"},"wordCount":204,"commentCount":0,"publisher":{"@id":"https:\/\/blogdofarnesio.com.br\/#organization"},"image":{"@id":"https:\/\/blogdofarnesio.com.br\/?p=178488#primaryimage"},"thumbnailUrl":"https:\/\/blogdofarnesio.com.br\/wp-content\/uploads\/2017\/10\/blogqspouricuriGildejanio-Melo-ser-preso.jpg","articleSection":["Pol\u00edtica"],"inLanguage":"pt-BR","potentialAction":[{"@type":"CommentAction","name":"Comment","target":["https:\/\/blogdofarnesio.com.br\/?p=178488#respond"]}]},{"@type":"WebPage","@id":"https:\/\/blogdofarnesio.com.br\/?p=178488","url":"https:\/\/blogdofarnesio.com.br\/?p=178488","name":"DIRETO DE OURICURI - Blog do Farn\u00e9sio","isPartOf":{"@id":"https:\/\/blogdofarnesio.com.br\/#website"},"primaryImageOfPage":{"@id":"https:\/\/blogdofarnesio.com.br\/?p=178488#primaryimage"},"image":{"@id":"https:\/\/blogdofarnesio.com.br\/?p=178488#primaryimage"},"thumbnailUrl":"https:\/\/blogdofarnesio.com.br\/wp-content\/uploads\/2017\/10\/blogqspouricuriGildejanio-Melo-ser-preso.jpg","datePublished":"2017-10-09T13:00:50+00:00","breadcrumb":{"@id":"https:\/\/blogdofarnesio.com.br\/?p=178488#breadcrumb"},"inLanguage":"pt-BR","potentialAction":[{"@type":"ReadAction","target":["https:\/\/blogdofarnesio.com.br\/?p=178488"]}]},{"@type":"ImageObject","inLanguage":"pt-BR","@id":"https:\/\/blogdofarnesio.com.br\/?p=178488#primaryimage","url":"https:\/\/blogdofarnesio.com.br\/wp-content\/uploads\/2017\/10\/blogqspouricuriGildejanio-Melo-ser-preso.jpg","contentUrl":"https:\/\/blogdofarnesio.com.br\/wp-content\/uploads\/2017\/10\/blogqspouricuriGildejanio-Melo-ser-preso.jpg","width":640,"height":450},{"@type":"BreadcrumbList","@id":"https:\/\/blogdofarnesio.com.br\/?p=178488#breadcrumb","itemListElement":[{"@type":"ListItem","position":1,"name":"In\u00edcio","item":"https:\/\/blogdofarnesio.com.br\/"},{"@type":"ListItem","position":2,"name":"DIRETO DE OURICURI"}]},{"@type":"WebSite","@id":"https:\/\/blogdofarnesio.com.br\/#website","url":"https:\/\/blogdofarnesio.com.br\/","name":"Blog do Farn\u00e9sio","description":"Quer Saber Pol\u00edtica?","publisher":{"@id":"https:\/\/blogdofarnesio.com.br\/#organization"},"potentialAction":[{"@type":"SearchAction","target":{"@type":"EntryPoint","urlTemplate":"https:\/\/blogdofarnesio.com.br\/?s={search_term_string}"},"query-input":{"@type":"PropertyValueSpecification","valueRequired":true,"valueName":"search_term_string"}}],"inLanguage":"pt-BR"},{"@type":"Organization","@id":"https:\/\/blogdofarnesio.com.br\/#organization","name":"Blog do Farn\u00e9sio","url":"https:\/\/blogdofarnesio.com.br\/","logo":{"@type":"ImageObject","inLanguage":"pt-BR","@id":"https:\/\/blogdofarnesio.com.br\/#\/schema\/logo\/image\/","url":"https:\/\/blogdofarnesio.com.br\/wp-content\/uploads\/2026\/03\/cropped-logo_new-1.png","contentUrl":"https:\/\/blogdofarnesio.com.br\/wp-content\/uploads\/2026\/03\/cropped-logo_new-1.png","width":881,"height":685,"caption":"Blog do Farn\u00e9sio"},"image":{"@id":"https:\/\/blogdofarnesio.com.br\/#\/schema\/logo\/image\/"},"sameAs":["https:\/\/www.facebook.com\/BlogQuerSaberPolitica\/"]},{"@type":"Person","@id":"https:\/\/blogdofarnesio.com.br\/#\/schema\/person\/301c4acf522bccbfdb45af95b5b906a1","name":"Farn\u00e9sio","image":{"@type":"ImageObject","inLanguage":"pt-BR","@id":"https:\/\/secure.gravatar.com\/avatar\/df0c9a14567c056f8ad6876ba5bbd1e3e2c48023eb6807342fc4663adf549f38?s=96&d=mm&r=g","url":"https:\/\/secure.gravatar.com\/avatar\/df0c9a14567c056f8ad6876ba5bbd1e3e2c48023eb6807342fc4663adf549f38?s=96&d=mm&r=g","contentUrl":"https:\/\/secure.gravatar.com\/avatar\/df0c9a14567c056f8ad6876ba5bbd1e3e2c48023eb6807342fc4663adf549f38?s=96&d=mm&r=g","caption":"Farn\u00e9sio"},"sameAs":["https:\/\/quersaberpolitica.com.br"],"url":"https:\/\/blogdofarnesio.com.br\/?author=1"}]}},"_links":{"self":[{"href":"https:\/\/blogdofarnesio.com.br\/index.php?rest_route=\/wp\/v2\/posts\/178488","targetHints":{"allow":["GET"]}}],"collection":[{"href":"https:\/\/blogdofarnesio.com.br\/index.php?rest_route=\/wp\/v2\/posts"}],"about":[{"href":"https:\/\/blogdofarnesio.com.br\/index.php?rest_route=\/wp\/v2\/types\/post"}],"author":[{"embeddable":true,"href":"https:\/\/blogdofarnesio.com.br\/index.php?rest_route=\/wp\/v2\/users\/1"}],"replies":[{"embeddable":true,"href":"https:\/\/blogdofarnesio.com.br\/index.php?rest_route=%2Fwp%2Fv2%2Fcomments&post=178488"}],"version-history":[{"count":0,"href":"https:\/\/blogdofarnesio.com.br\/index.php?rest_route=\/wp\/v2\/posts\/178488\/revisions"}],"wp:featuredmedia":[{"embeddable":true,"href":"https:\/\/blogdofarnesio.com.br\/index.php?rest_route=\/wp\/v2\/media\/178489"}],"wp:attachment":[{"href":"https:\/\/blogdofarnesio.com.br\/index.php?rest_route=%2Fwp%2Fv2%2Fmedia&parent=178488"}],"wp:term":[{"taxonomy":"category","embeddable":true,"href":"https:\/\/blogdofarnesio.com.br\/index.php?rest_route=%2Fwp%2Fv2%2Fcategories&post=178488"},{"taxonomy":"post_tag","embeddable":true,"href":"https:\/\/blogdofarnesio.com.br\/index.php?rest_route=%2Fwp%2Fv2%2Ftags&post=178488"}],"curies":[{"name":"wp","href":"https:\/\/api.w.org\/{rel}","templated":true}]}}