{"id":178480,"date":"2017-10-09T09:42:05","date_gmt":"2017-10-09T12:42:05","guid":{"rendered":"http:\/\/quersaberpolitica.com.br\/2016\/?p=178480"},"modified":"2017-10-09T08:00:59","modified_gmt":"2017-10-09T11:00:59","slug":"comerciantes-credores-da-mendes-jr-provocam-depredacoes-e-pichacoes-em-instalacoes-da-transposicao","status":"publish","type":"post","link":"https:\/\/blogdofarnesio.com.br\/?p=178480","title":{"rendered":"COMERCIANTES CREDORES DA MENDES JR PROVOCAM DEPREDA\u00c7\u00d5ES E PICHA\u00c7\u00d5ES EM INSTALA\u00c7\u00d5ES DA TRANSPOSI\u00c7\u00c3O"},"content":{"rendered":"<div class=\"at-above-post addthis_tool\" data-url=\"http:\/\/www.didigalvao.com.br\/ministerio-da-integracao-nacional-nota-de-esclarecimento\/\">Em nota o\u00a0Minist\u00e9rio da Integra\u00e7\u00e3o Nacional vem a p\u00fablico prestar os seguintes esclarecimentos:<\/div>\n<p>1) Na \u00faltima sexta-feira (6\/10), um grupo de pessoas invadiu e depredou instala\u00e7\u00f5es do canteiro das obras de constru\u00e7\u00e3o do Trecho N1 do Eixo Norte do Projeto de Integra\u00e7\u00e3o do Rio S\u00e3o Francisco. O incidente aconteceu no munic\u00edpio de Salgueiro (PE). Foram identificados danos nas mangueiras das comportas do Reservat\u00f3rio de Tucutu. Mais cedo, ainda na sexta-feira, a estrutura de controle do reservat\u00f3rio j\u00e1 havia sido danificada por picha\u00e7\u00e3o (fotos anexas).\u00a0A suspeita \u00e9 de que as depreda\u00e7\u00f5es\u00a0 tenham sido feitas por comerciantes e credores da Mendes Jr, empresa que havia sido contratada para a obra, mas que n\u00e3o a concluiu;<\/p>\n<p><a title=\"Minist\u00e9rio da Integra\u00e7\u00e3o Nacional: Nota de Esclarecimento\" href=\"http:\/\/www.didigalvao.com.br\/wp-content\/uploads\/2017\/10\/Dano-em-equipamento-do-Eixo-Norte.jpeg\" rel=\"attachment wp-att-122182\"><img loading=\"lazy\" decoding=\"async\" class=\"aligncenter size-full wp-image-122182\" src=\"http:\/\/www.didigalvao.com.br\/wp-content\/uploads\/2017\/10\/Dano-em-equipamento-do-Eixo-Norte.jpeg\" sizes=\"auto, (max-width: 480px) 100vw, 480px\" srcset=\"http:\/\/www.didigalvao.com.br\/wp-content\/uploads\/2017\/10\/Dano-em-equipamento-do-Eixo-Norte-225x300.jpeg 225w, http:\/\/www.didigalvao.com.br\/wp-content\/uploads\/2017\/10\/Dano-em-equipamento-do-Eixo-Norte-90x120.jpeg 90w, http:\/\/www.didigalvao.com.br\/wp-content\/uploads\/2017\/10\/Dano-em-equipamento-do-Eixo-Norte-300x400.jpeg 300w, http:\/\/www.didigalvao.com.br\/wp-content\/uploads\/2017\/10\/Dano-em-equipamento-do-Eixo-Norte.jpeg 480w\" alt=\"Dano em equipamento do Eixo Norte\" width=\"480\" height=\"640\" \/><\/a>2) Esse ato criminoso p\u00f5e em risco o abastecimento de pelo menos tr\u00eas mil pessoas em cerca de 17 comunidades que poder\u00e3o vir a ser favorecidas pela chegada da \u00e1gua no Reservat\u00f3rio de Terra Nova, seguinte ao de Tucutu;<\/p>\n<p>3) A administra\u00e7\u00e3o da construtora Emsa \u2013 l\u00edder do cons\u00f3rcio que venceu a disputa para completar as obras do trecho N1 \u2013 registrou um Boletim de Ocorr\u00eancia (em anexo) denunciando e informando os acontecimentos \u00e0s autoridades policiais e a exist\u00eancia de amea\u00e7as contra a integridade f\u00edsica de seus empregados;<\/p>\n<p>4) H\u00e1 suspeitas de que a depreda\u00e7\u00e3o possa ter sido liderada por comerciantes da regi\u00e3o, que cobram d\u00edvidas da Construtora Mendes Jr. Segundo os credores, os d\u00e9bitos s\u00e3o da ordem de R$ 24 milh\u00f5es. A empreiteira era a respons\u00e1vel pelas obras de implanta\u00e7\u00e3o do trecho N1, mas foi obrigada a se afastar da obra ap\u00f3s ter sido considerada inid\u00f4nea pela CGU por estar envolvida nas investiga\u00e7\u00f5es da Opera\u00e7\u00e3o Lava Jato;<\/p>\n<p>5) O Minist\u00e9rio da Integra\u00e7\u00e3o Nacional destaca que n\u00e3o h\u00e1 passivos seus em rela\u00e7\u00e3o \u00e0 empresa Mendes Jr. Ao contr\u00e1rio: a empresa \u00e9 que tem d\u00edvidas pendentes com a Pasta, referentes a multas por readequa\u00e7\u00e3o de pre\u00e7os e a penalidades contratuais. Os valores totais das d\u00edvidas da Mendes Jr. com o Minist\u00e9rio da Integra\u00e7\u00e3o superam os R$ 200 milh\u00f5es;<\/p>\n<p>6) Os d\u00e9bitos da Mendes Jr. com os comerciantes da regi\u00e3o referem-se a uma rela\u00e7\u00e3o contratual entre empresas privadas. Pela legisla\u00e7\u00e3o em vigor, o Minist\u00e9rio da Integra\u00e7\u00e3o Nacional est\u00e1 impedido de saldar d\u00edvidas da construtora com seus fornecedores. Os pagamentos aos fornecedores e comerciantes da regi\u00e3o devem, assim, ser quitados pela empresa Mendes Jr., que foi a respons\u00e1vel pela contrata\u00e7\u00e3o dos servi\u00e7os e aquisi\u00e7\u00e3o dos materiais;<\/p>\n<p>7) Ainda assim, sempre na tentativa de buscar uma solu\u00e7\u00e3o para a quest\u00e3o e mediar um acordo entre as partes, a equipe do Minist\u00e9rio da Integra\u00e7\u00e3o manteve reuni\u00f5es tanto com a construtora como com os credores. Mas, at\u00e9 o momento, nenhum acordo foi fechado;<\/p>\n<p>8)\u00a0 Na quinta-feira (5), a Coordenadoria-Geral de Acompanhamento de Obras e Fiscaliza\u00e7\u00e3o do Projeto de Integra\u00e7\u00e3o do Rio S\u00e3o Francisco comunicou \u00e0 Secretaria de Infraestrutura H\u00eddrica do Minist\u00e9rio da Integra\u00e7\u00e3o Nacional a exist\u00eancia de amea\u00e7as de credores da Mendes Jr. a funcion\u00e1rios do Minist\u00e9rio e do cons\u00f3rcio construtor que toca conclus\u00e3o das obras;<\/p>\n<p>9) As amea\u00e7as verbais s\u00e3o frequentes e agressivas. Se referem \u00e0 inten\u00e7\u00e3o de fechar o pr\u00e9dio onde funciona a Coordena\u00e7\u00e3o do Eixo Norte e a Gerenciadora, instalados em Salgueiro (PE); invadir e paralisar o canteiro da empreiteira Emsa, assim como das suas subcontratadas; fechar a BR 116 no trecho em frente aos escrit\u00f3rios da Coordena\u00e7\u00e3o; e depredar o canal e as obras em funcionamento. Existem \u00e1udios comprobat\u00f3rios de tais amea\u00e7as \u2013 ainda sem identifica\u00e7\u00e3o dos autores (ou\u00e7a aqui \u2013\u00a0<a>\u00e1udio 1<\/a>;\u00a0<a>\u00e1udio 2<\/a>;\u00a0<a>\u00e1udio 3<\/a>).<\/p>\n<p>10)\u00a0 Devido aos danos nas mangueiras, foi verificado vazamento de \u00f3leo no Reservat\u00f3rio de Tucutu. Para garantir a seguran\u00e7a das pessoas e da estrutura, as equipes t\u00e9cnicas do Minist\u00e9rio optaram por fechar a comporta respons\u00e1vel pela passagem da \u00e1gua do Rio S\u00e3o Francisco para os canais subsequentes;<\/p>\n<p>11) No momento, o Minist\u00e9rio da Integra\u00e7\u00e3o analisa as medidas legais cab\u00edveis;<\/p>\n<p>12)\u00a0 A Pasta tamb\u00e9m est\u00e1 avaliando todos os preju\u00edzos causados para que as comportas sejam reabertas o mais r\u00e1pido poss\u00edvel.<\/p>\n<p>Assessoria de Comunica\u00e7\u00e3o Social\/Minist\u00e9rio\u00a0da\u00a0Integra\u00e7\u00e3o Nacional<\/p>\n<p>Segue abaixo o registro do B.O<\/p>\n<p><a title=\"Minist\u00e9rio da Integra\u00e7\u00e3o Nacional: Nota de Esclarecimento\" href=\"http:\/\/www.didigalvao.com.br\/wp-content\/uploads\/2017\/10\/BO_folha-1-horz.jpg\" rel=\"attachment wp-att-122183\"><img loading=\"lazy\" decoding=\"async\" class=\"aligncenter size-full wp-image-122183 shareaholic-media-target-hover-state\" src=\"http:\/\/www.didigalvao.com.br\/wp-content\/uploads\/2017\/10\/BO_folha-1-horz.jpg\" sizes=\"auto, (max-width: 1202px) 100vw, 1202px\" srcset=\"http:\/\/www.didigalvao.com.br\/wp-content\/uploads\/2017\/10\/BO_folha-1-horz-300x178.jpg 300w, http:\/\/www.didigalvao.com.br\/wp-content\/uploads\/2017\/10\/BO_folha-1-horz-768x457.jpg 768w, http:\/\/www.didigalvao.com.br\/wp-content\/uploads\/2017\/10\/BO_folha-1-horz-1024x609.jpg 1024w, http:\/\/www.didigalvao.com.br\/wp-content\/uploads\/2017\/10\/BO_folha-1-horz-454x270.jpg 454w, http:\/\/www.didigalvao.com.br\/wp-content\/uploads\/2017\/10\/BO_folha-1-horz.jpg 1202w\" alt=\"BO_folha 1-horz\" width=\"1202\" height=\"715\" \/><\/a><\/p>\n<div id=\"shr_canvas4\" class=\"shareaholic-canvas shareaholic-ui shareaholic-resolved-canvas ng-scope\" data-app-id=\"27456279\" data-app=\"share_buttons\" data-title=\"Minist\u00e9rio da Integra\u00e7\u00e3o Nacional: Nota de Esclarecimento\" data-link=\"http:\/\/www.didigalvao.com.br\/ministerio-da-integracao-nacional-nota-de-esclarecimento\/\" data-summary=\"\">\n<div class=\"ng-scope\">\n<div class=\"shareaholic-share-buttons-container shareaholic-ui no-print badge-counter block horizontal normal\">\n<div class=\"shareaholic-share-buttons-wrapper shareaholic-ui\">\n<div class=\"shareaholic-share-buttons-animation-wrapper\">\n<ul class=\"shareaholic-share-buttons\">\n<li class=\"shareaholic-share-button ng-scope has-shares\" title=\"Facebook\" data-service=\"facebook\">\n<div class=\"shareaholic-share-button-container\">\n<p><span class=\"share-button-counter ng-binding ng-scope\">6<\/span><\/p>\n<div class=\"share-button-sizing\"><\/div>\n<\/div>\n<\/li>\n<li class=\"shareaholic-share-button ng-scope\" title=\"Twitter\" data-service=\"twitter\">\n<div class=\"shareaholic-share-button-container\"><\/div>\n<\/li>\n<li class=\"shareaholic-share-button ng-scope\" title=\"Google+\" data-service=\"google_plus\">\n<div class=\"shareaholic-share-button-container\"><\/div>\n<\/li>\n<li class=\"shareaholic-share-button ng-scope\" title=\"Pinterest\" data-service=\"pinterest\">\n<div class=\"shareaholic-share-button-container\"><\/div>\n<\/li>\n<li class=\"shareaholic-share-button ng-scope\" title=\"LinkedIn\" data-service=\"linkedin\">\n<div class=\"shareaholic-share-button-container\"><\/div>\n<\/li>\n<li class=\"shareaholic-share-button ng-scope\" title=\"Email This\" data-service=\"email_this\">\n<div class=\"shareaholic-share-button-container\"><\/div>\n<\/li>\n<li class=\"shareaholic-share-button ng-scope\" title=\"More Options\" data-service=\"all\">\n<div class=\"shareaholic-share-button-container\"><\/div>\n<\/li>\n<\/ul>\n<\/div>\n<\/div>\n<\/div>\n<\/div>\n<\/div>\n<div class=\"at-below-post addthis_tool\" data-url=\"http:\/\/www.didigalvao.com.br\/ministerio-da-integracao-nacional-nota-de-esclarecimento\/\"><\/div>\n","protected":false},"excerpt":{"rendered":"<p>Em nota o\u00a0Minist\u00e9rio da Integra\u00e7\u00e3o Nacional vem a p\u00fablico prestar os seguintes esclarecimentos: 1) Na \u00faltima sexta-feira (6\/10), um grupo de pessoas invadiu e depredou instala\u00e7\u00f5es do canteiro das obras de constru\u00e7\u00e3o do Trecho N1 do Eixo Norte do Projeto de Integra\u00e7\u00e3o do Rio S\u00e3o Francisco. O incidente aconteceu no munic\u00edpio de Salgueiro (PE). Foram identificados danos nas mangueiras das comportas do Reservat\u00f3rio de Tucutu. Mais cedo, ainda na sexta-feira, a estrutura de controle do reservat\u00f3rio j\u00e1 havia sido danificada por picha\u00e7\u00e3o (fotos anexas).\u00a0A suspeita \u00e9 de que as depreda\u00e7\u00f5es\u00a0 tenham sido feitas por comerciantes e credores da Mendes Jr, empresa que havia sido contratada para a obra, mas que n\u00e3o a concluiu; 2) Esse ato criminoso p\u00f5e em risco&hellip; <\/p>\n","protected":false},"author":1,"featured_media":178486,"comment_status":"open","ping_status":"open","sticky":false,"template":"","format":"standard","meta":{"_acf_changed":false,"footnotes":""},"categories":[1],"tags":[],"class_list":["post-178480","post","type-post","status-publish","format-standard","has-post-thumbnail","hentry","category-politica"],"acf":[],"yoast_head":"<!-- This site is optimized with the Yoast SEO plugin v27.4 - https:\/\/yoast.com\/product\/yoast-seo-wordpress\/ -->\n<title>COMERCIANTES CREDORES DA MENDES JR PROVOCAM DEPREDA\u00c7\u00d5ES E PICHA\u00c7\u00d5ES EM INSTALA\u00c7\u00d5ES DA TRANSPOSI\u00c7\u00c3O - Blog do Farn\u00e9sio<\/title>\n<meta name=\"robots\" content=\"index, follow, max-snippet:-1, max-image-preview:large, max-video-preview:-1\" \/>\n<link rel=\"canonical\" href=\"https:\/\/blogdofarnesio.com.br\/?p=178480\" \/>\n<meta property=\"og:locale\" content=\"pt_BR\" \/>\n<meta property=\"og:type\" content=\"article\" \/>\n<meta property=\"og:title\" content=\"COMERCIANTES CREDORES DA MENDES JR PROVOCAM DEPREDA\u00c7\u00d5ES E PICHA\u00c7\u00d5ES EM INSTALA\u00c7\u00d5ES DA TRANSPOSI\u00c7\u00c3O - Blog do Farn\u00e9sio\" \/>\n<meta property=\"og:description\" content=\"Em nota o\u00a0Minist\u00e9rio da Integra\u00e7\u00e3o Nacional vem a p\u00fablico prestar os seguintes esclarecimentos: 1) Na \u00faltima sexta-feira (6\/10), um grupo de pessoas invadiu e depredou instala\u00e7\u00f5es do canteiro das obras de constru\u00e7\u00e3o do Trecho N1 do Eixo Norte do Projeto de Integra\u00e7\u00e3o do Rio S\u00e3o Francisco. O incidente aconteceu no munic\u00edpio de Salgueiro (PE). Foram identificados danos nas mangueiras das comportas do Reservat\u00f3rio de Tucutu. Mais cedo, ainda na sexta-feira, a estrutura de controle do reservat\u00f3rio j\u00e1 havia sido danificada por picha\u00e7\u00e3o (fotos anexas).\u00a0A suspeita \u00e9 de que as depreda\u00e7\u00f5es\u00a0 tenham sido feitas por comerciantes e credores da Mendes Jr, empresa que havia sido contratada para a obra, mas que n\u00e3o a concluiu; 2) Esse ato criminoso p\u00f5e em risco&hellip;\" \/>\n<meta property=\"og:url\" content=\"https:\/\/blogdofarnesio.com.br\/?p=178480\" \/>\n<meta property=\"og:site_name\" content=\"Blog do Farn\u00e9sio\" \/>\n<meta property=\"article:publisher\" content=\"https:\/\/www.facebook.com\/BlogQuerSaberPolitica\/\" \/>\n<meta property=\"article:published_time\" content=\"2017-10-09T12:42:05+00:00\" \/>\n<meta property=\"og:image\" content=\"https:\/\/blogdofarnesio.com.br\/wp-content\/uploads\/2017\/10\/Blogqsptransposi\u00e7\u00e3oPixa\u00e7\u00e3o-em-estrutura-do-Eixo-Norte.jpeg\" \/>\n\t<meta property=\"og:image:width\" content=\"640\" \/>\n\t<meta property=\"og:image:height\" content=\"360\" \/>\n\t<meta property=\"og:image:type\" content=\"image\/jpeg\" \/>\n<meta name=\"author\" content=\"Farn\u00e9sio\" \/>\n<meta name=\"twitter:card\" content=\"summary_large_image\" \/>\n<meta name=\"twitter:label1\" content=\"Escrito por\" \/>\n\t<meta name=\"twitter:data1\" content=\"Farn\u00e9sio\" \/>\n\t<meta name=\"twitter:label2\" content=\"Est. tempo de leitura\" \/>\n\t<meta name=\"twitter:data2\" content=\"4 minutos\" \/>\n<script type=\"application\/ld+json\" class=\"yoast-schema-graph\">{\"@context\":\"https:\\\/\\\/schema.org\",\"@graph\":[{\"@type\":\"Article\",\"@id\":\"https:\\\/\\\/blogdofarnesio.com.br\\\/?p=178480#article\",\"isPartOf\":{\"@id\":\"https:\\\/\\\/blogdofarnesio.com.br\\\/?p=178480\"},\"author\":{\"name\":\"Farn\u00e9sio\",\"@id\":\"https:\\\/\\\/blogdofarnesio.com.br\\\/#\\\/schema\\\/person\\\/301c4acf522bccbfdb45af95b5b906a1\"},\"headline\":\"COMERCIANTES CREDORES DA MENDES JR PROVOCAM DEPREDA\u00c7\u00d5ES E PICHA\u00c7\u00d5ES EM INSTALA\u00c7\u00d5ES DA TRANSPOSI\u00c7\u00c3O\",\"datePublished\":\"2017-10-09T12:42:05+00:00\",\"mainEntityOfPage\":{\"@id\":\"https:\\\/\\\/blogdofarnesio.com.br\\\/?p=178480\"},\"wordCount\":765,\"commentCount\":0,\"publisher\":{\"@id\":\"https:\\\/\\\/blogdofarnesio.com.br\\\/#organization\"},\"image\":{\"@id\":\"https:\\\/\\\/blogdofarnesio.com.br\\\/?p=178480#primaryimage\"},\"thumbnailUrl\":\"https:\\\/\\\/blogdofarnesio.com.br\\\/wp-content\\\/uploads\\\/2017\\\/10\\\/Blogqsptransposi\u00e7\u00e3oPixa\u00e7\u00e3o-em-estrutura-do-Eixo-Norte.jpeg\",\"articleSection\":[\"Pol\u00edtica\"],\"inLanguage\":\"pt-BR\",\"potentialAction\":[{\"@type\":\"CommentAction\",\"name\":\"Comment\",\"target\":[\"https:\\\/\\\/blogdofarnesio.com.br\\\/?p=178480#respond\"]}]},{\"@type\":\"WebPage\",\"@id\":\"https:\\\/\\\/blogdofarnesio.com.br\\\/?p=178480\",\"url\":\"https:\\\/\\\/blogdofarnesio.com.br\\\/?p=178480\",\"name\":\"COMERCIANTES CREDORES DA MENDES JR PROVOCAM DEPREDA\u00c7\u00d5ES E PICHA\u00c7\u00d5ES EM INSTALA\u00c7\u00d5ES DA TRANSPOSI\u00c7\u00c3O - Blog do Farn\u00e9sio\",\"isPartOf\":{\"@id\":\"https:\\\/\\\/blogdofarnesio.com.br\\\/#website\"},\"primaryImageOfPage\":{\"@id\":\"https:\\\/\\\/blogdofarnesio.com.br\\\/?p=178480#primaryimage\"},\"image\":{\"@id\":\"https:\\\/\\\/blogdofarnesio.com.br\\\/?p=178480#primaryimage\"},\"thumbnailUrl\":\"https:\\\/\\\/blogdofarnesio.com.br\\\/wp-content\\\/uploads\\\/2017\\\/10\\\/Blogqsptransposi\u00e7\u00e3oPixa\u00e7\u00e3o-em-estrutura-do-Eixo-Norte.jpeg\",\"datePublished\":\"2017-10-09T12:42:05+00:00\",\"breadcrumb\":{\"@id\":\"https:\\\/\\\/blogdofarnesio.com.br\\\/?p=178480#breadcrumb\"},\"inLanguage\":\"pt-BR\",\"potentialAction\":[{\"@type\":\"ReadAction\",\"target\":[\"https:\\\/\\\/blogdofarnesio.com.br\\\/?p=178480\"]}]},{\"@type\":\"ImageObject\",\"inLanguage\":\"pt-BR\",\"@id\":\"https:\\\/\\\/blogdofarnesio.com.br\\\/?p=178480#primaryimage\",\"url\":\"https:\\\/\\\/blogdofarnesio.com.br\\\/wp-content\\\/uploads\\\/2017\\\/10\\\/Blogqsptransposi\u00e7\u00e3oPixa\u00e7\u00e3o-em-estrutura-do-Eixo-Norte.jpeg\",\"contentUrl\":\"https:\\\/\\\/blogdofarnesio.com.br\\\/wp-content\\\/uploads\\\/2017\\\/10\\\/Blogqsptransposi\u00e7\u00e3oPixa\u00e7\u00e3o-em-estrutura-do-Eixo-Norte.jpeg\",\"width\":640,\"height\":360},{\"@type\":\"BreadcrumbList\",\"@id\":\"https:\\\/\\\/blogdofarnesio.com.br\\\/?p=178480#breadcrumb\",\"itemListElement\":[{\"@type\":\"ListItem\",\"position\":1,\"name\":\"In\u00edcio\",\"item\":\"https:\\\/\\\/blogdofarnesio.com.br\\\/\"},{\"@type\":\"ListItem\",\"position\":2,\"name\":\"COMERCIANTES CREDORES DA MENDES JR PROVOCAM DEPREDA\u00c7\u00d5ES E PICHA\u00c7\u00d5ES EM INSTALA\u00c7\u00d5ES DA TRANSPOSI\u00c7\u00c3O\"}]},{\"@type\":\"WebSite\",\"@id\":\"https:\\\/\\\/blogdofarnesio.com.br\\\/#website\",\"url\":\"https:\\\/\\\/blogdofarnesio.com.br\\\/\",\"name\":\"Blog do Farn\u00e9sio\",\"description\":\"Quer Saber Pol\u00edtica?\",\"publisher\":{\"@id\":\"https:\\\/\\\/blogdofarnesio.com.br\\\/#organization\"},\"potentialAction\":[{\"@type\":\"SearchAction\",\"target\":{\"@type\":\"EntryPoint\",\"urlTemplate\":\"https:\\\/\\\/blogdofarnesio.com.br\\\/?s={search_term_string}\"},\"query-input\":{\"@type\":\"PropertyValueSpecification\",\"valueRequired\":true,\"valueName\":\"search_term_string\"}}],\"inLanguage\":\"pt-BR\"},{\"@type\":\"Organization\",\"@id\":\"https:\\\/\\\/blogdofarnesio.com.br\\\/#organization\",\"name\":\"Blog do Farn\u00e9sio\",\"url\":\"https:\\\/\\\/blogdofarnesio.com.br\\\/\",\"logo\":{\"@type\":\"ImageObject\",\"inLanguage\":\"pt-BR\",\"@id\":\"https:\\\/\\\/blogdofarnesio.com.br\\\/#\\\/schema\\\/logo\\\/image\\\/\",\"url\":\"https:\\\/\\\/blogdofarnesio.com.br\\\/wp-content\\\/uploads\\\/2026\\\/03\\\/cropped-logo_new-1.png\",\"contentUrl\":\"https:\\\/\\\/blogdofarnesio.com.br\\\/wp-content\\\/uploads\\\/2026\\\/03\\\/cropped-logo_new-1.png\",\"width\":881,\"height\":685,\"caption\":\"Blog do Farn\u00e9sio\"},\"image\":{\"@id\":\"https:\\\/\\\/blogdofarnesio.com.br\\\/#\\\/schema\\\/logo\\\/image\\\/\"},\"sameAs\":[\"https:\\\/\\\/www.facebook.com\\\/BlogQuerSaberPolitica\\\/\"]},{\"@type\":\"Person\",\"@id\":\"https:\\\/\\\/blogdofarnesio.com.br\\\/#\\\/schema\\\/person\\\/301c4acf522bccbfdb45af95b5b906a1\",\"name\":\"Farn\u00e9sio\",\"image\":{\"@type\":\"ImageObject\",\"inLanguage\":\"pt-BR\",\"@id\":\"https:\\\/\\\/secure.gravatar.com\\\/avatar\\\/df0c9a14567c056f8ad6876ba5bbd1e3e2c48023eb6807342fc4663adf549f38?s=96&d=mm&r=g\",\"url\":\"https:\\\/\\\/secure.gravatar.com\\\/avatar\\\/df0c9a14567c056f8ad6876ba5bbd1e3e2c48023eb6807342fc4663adf549f38?s=96&d=mm&r=g\",\"contentUrl\":\"https:\\\/\\\/secure.gravatar.com\\\/avatar\\\/df0c9a14567c056f8ad6876ba5bbd1e3e2c48023eb6807342fc4663adf549f38?s=96&d=mm&r=g\",\"caption\":\"Farn\u00e9sio\"},\"sameAs\":[\"https:\\\/\\\/quersaberpolitica.com.br\"],\"url\":\"https:\\\/\\\/blogdofarnesio.com.br\\\/?author=1\"}]}<\/script>\n<!-- \/ Yoast SEO plugin. -->","yoast_head_json":{"title":"COMERCIANTES CREDORES DA MENDES JR PROVOCAM DEPREDA\u00c7\u00d5ES E PICHA\u00c7\u00d5ES EM INSTALA\u00c7\u00d5ES DA TRANSPOSI\u00c7\u00c3O - Blog do Farn\u00e9sio","robots":{"index":"index","follow":"follow","max-snippet":"max-snippet:-1","max-image-preview":"max-image-preview:large","max-video-preview":"max-video-preview:-1"},"canonical":"https:\/\/blogdofarnesio.com.br\/?p=178480","og_locale":"pt_BR","og_type":"article","og_title":"COMERCIANTES CREDORES DA MENDES JR PROVOCAM DEPREDA\u00c7\u00d5ES E PICHA\u00c7\u00d5ES EM INSTALA\u00c7\u00d5ES DA TRANSPOSI\u00c7\u00c3O - Blog do Farn\u00e9sio","og_description":"Em nota o\u00a0Minist\u00e9rio da Integra\u00e7\u00e3o Nacional vem a p\u00fablico prestar os seguintes esclarecimentos: 1) Na \u00faltima sexta-feira (6\/10), um grupo de pessoas invadiu e depredou instala\u00e7\u00f5es do canteiro das obras de constru\u00e7\u00e3o do Trecho N1 do Eixo Norte do Projeto de Integra\u00e7\u00e3o do Rio S\u00e3o Francisco. O incidente aconteceu no munic\u00edpio de Salgueiro (PE). Foram identificados danos nas mangueiras das comportas do Reservat\u00f3rio de Tucutu. Mais cedo, ainda na sexta-feira, a estrutura de controle do reservat\u00f3rio j\u00e1 havia sido danificada por picha\u00e7\u00e3o (fotos anexas).\u00a0A suspeita \u00e9 de que as depreda\u00e7\u00f5es\u00a0 tenham sido feitas por comerciantes e credores da Mendes Jr, empresa que havia sido contratada para a obra, mas que n\u00e3o a concluiu; 2) Esse ato criminoso p\u00f5e em risco&hellip;","og_url":"https:\/\/blogdofarnesio.com.br\/?p=178480","og_site_name":"Blog do Farn\u00e9sio","article_publisher":"https:\/\/www.facebook.com\/BlogQuerSaberPolitica\/","article_published_time":"2017-10-09T12:42:05+00:00","og_image":[{"width":640,"height":360,"url":"https:\/\/blogdofarnesio.com.br\/wp-content\/uploads\/2017\/10\/Blogqsptransposi\u00e7\u00e3oPixa\u00e7\u00e3o-em-estrutura-do-Eixo-Norte.jpeg","type":"image\/jpeg"}],"author":"Farn\u00e9sio","twitter_card":"summary_large_image","twitter_misc":{"Escrito por":"Farn\u00e9sio","Est. tempo de leitura":"4 minutos"},"schema":{"@context":"https:\/\/schema.org","@graph":[{"@type":"Article","@id":"https:\/\/blogdofarnesio.com.br\/?p=178480#article","isPartOf":{"@id":"https:\/\/blogdofarnesio.com.br\/?p=178480"},"author":{"name":"Farn\u00e9sio","@id":"https:\/\/blogdofarnesio.com.br\/#\/schema\/person\/301c4acf522bccbfdb45af95b5b906a1"},"headline":"COMERCIANTES CREDORES DA MENDES JR PROVOCAM DEPREDA\u00c7\u00d5ES E PICHA\u00c7\u00d5ES EM INSTALA\u00c7\u00d5ES DA TRANSPOSI\u00c7\u00c3O","datePublished":"2017-10-09T12:42:05+00:00","mainEntityOfPage":{"@id":"https:\/\/blogdofarnesio.com.br\/?p=178480"},"wordCount":765,"commentCount":0,"publisher":{"@id":"https:\/\/blogdofarnesio.com.br\/#organization"},"image":{"@id":"https:\/\/blogdofarnesio.com.br\/?p=178480#primaryimage"},"thumbnailUrl":"https:\/\/blogdofarnesio.com.br\/wp-content\/uploads\/2017\/10\/Blogqsptransposi\u00e7\u00e3oPixa\u00e7\u00e3o-em-estrutura-do-Eixo-Norte.jpeg","articleSection":["Pol\u00edtica"],"inLanguage":"pt-BR","potentialAction":[{"@type":"CommentAction","name":"Comment","target":["https:\/\/blogdofarnesio.com.br\/?p=178480#respond"]}]},{"@type":"WebPage","@id":"https:\/\/blogdofarnesio.com.br\/?p=178480","url":"https:\/\/blogdofarnesio.com.br\/?p=178480","name":"COMERCIANTES CREDORES DA MENDES JR PROVOCAM DEPREDA\u00c7\u00d5ES E PICHA\u00c7\u00d5ES EM INSTALA\u00c7\u00d5ES DA TRANSPOSI\u00c7\u00c3O - Blog do Farn\u00e9sio","isPartOf":{"@id":"https:\/\/blogdofarnesio.com.br\/#website"},"primaryImageOfPage":{"@id":"https:\/\/blogdofarnesio.com.br\/?p=178480#primaryimage"},"image":{"@id":"https:\/\/blogdofarnesio.com.br\/?p=178480#primaryimage"},"thumbnailUrl":"https:\/\/blogdofarnesio.com.br\/wp-content\/uploads\/2017\/10\/Blogqsptransposi\u00e7\u00e3oPixa\u00e7\u00e3o-em-estrutura-do-Eixo-Norte.jpeg","datePublished":"2017-10-09T12:42:05+00:00","breadcrumb":{"@id":"https:\/\/blogdofarnesio.com.br\/?p=178480#breadcrumb"},"inLanguage":"pt-BR","potentialAction":[{"@type":"ReadAction","target":["https:\/\/blogdofarnesio.com.br\/?p=178480"]}]},{"@type":"ImageObject","inLanguage":"pt-BR","@id":"https:\/\/blogdofarnesio.com.br\/?p=178480#primaryimage","url":"https:\/\/blogdofarnesio.com.br\/wp-content\/uploads\/2017\/10\/Blogqsptransposi\u00e7\u00e3oPixa\u00e7\u00e3o-em-estrutura-do-Eixo-Norte.jpeg","contentUrl":"https:\/\/blogdofarnesio.com.br\/wp-content\/uploads\/2017\/10\/Blogqsptransposi\u00e7\u00e3oPixa\u00e7\u00e3o-em-estrutura-do-Eixo-Norte.jpeg","width":640,"height":360},{"@type":"BreadcrumbList","@id":"https:\/\/blogdofarnesio.com.br\/?p=178480#breadcrumb","itemListElement":[{"@type":"ListItem","position":1,"name":"In\u00edcio","item":"https:\/\/blogdofarnesio.com.br\/"},{"@type":"ListItem","position":2,"name":"COMERCIANTES CREDORES DA MENDES JR PROVOCAM DEPREDA\u00c7\u00d5ES E PICHA\u00c7\u00d5ES EM INSTALA\u00c7\u00d5ES DA TRANSPOSI\u00c7\u00c3O"}]},{"@type":"WebSite","@id":"https:\/\/blogdofarnesio.com.br\/#website","url":"https:\/\/blogdofarnesio.com.br\/","name":"Blog do Farn\u00e9sio","description":"Quer Saber Pol\u00edtica?","publisher":{"@id":"https:\/\/blogdofarnesio.com.br\/#organization"},"potentialAction":[{"@type":"SearchAction","target":{"@type":"EntryPoint","urlTemplate":"https:\/\/blogdofarnesio.com.br\/?s={search_term_string}"},"query-input":{"@type":"PropertyValueSpecification","valueRequired":true,"valueName":"search_term_string"}}],"inLanguage":"pt-BR"},{"@type":"Organization","@id":"https:\/\/blogdofarnesio.com.br\/#organization","name":"Blog do Farn\u00e9sio","url":"https:\/\/blogdofarnesio.com.br\/","logo":{"@type":"ImageObject","inLanguage":"pt-BR","@id":"https:\/\/blogdofarnesio.com.br\/#\/schema\/logo\/image\/","url":"https:\/\/blogdofarnesio.com.br\/wp-content\/uploads\/2026\/03\/cropped-logo_new-1.png","contentUrl":"https:\/\/blogdofarnesio.com.br\/wp-content\/uploads\/2026\/03\/cropped-logo_new-1.png","width":881,"height":685,"caption":"Blog do Farn\u00e9sio"},"image":{"@id":"https:\/\/blogdofarnesio.com.br\/#\/schema\/logo\/image\/"},"sameAs":["https:\/\/www.facebook.com\/BlogQuerSaberPolitica\/"]},{"@type":"Person","@id":"https:\/\/blogdofarnesio.com.br\/#\/schema\/person\/301c4acf522bccbfdb45af95b5b906a1","name":"Farn\u00e9sio","image":{"@type":"ImageObject","inLanguage":"pt-BR","@id":"https:\/\/secure.gravatar.com\/avatar\/df0c9a14567c056f8ad6876ba5bbd1e3e2c48023eb6807342fc4663adf549f38?s=96&d=mm&r=g","url":"https:\/\/secure.gravatar.com\/avatar\/df0c9a14567c056f8ad6876ba5bbd1e3e2c48023eb6807342fc4663adf549f38?s=96&d=mm&r=g","contentUrl":"https:\/\/secure.gravatar.com\/avatar\/df0c9a14567c056f8ad6876ba5bbd1e3e2c48023eb6807342fc4663adf549f38?s=96&d=mm&r=g","caption":"Farn\u00e9sio"},"sameAs":["https:\/\/quersaberpolitica.com.br"],"url":"https:\/\/blogdofarnesio.com.br\/?author=1"}]}},"_links":{"self":[{"href":"https:\/\/blogdofarnesio.com.br\/index.php?rest_route=\/wp\/v2\/posts\/178480","targetHints":{"allow":["GET"]}}],"collection":[{"href":"https:\/\/blogdofarnesio.com.br\/index.php?rest_route=\/wp\/v2\/posts"}],"about":[{"href":"https:\/\/blogdofarnesio.com.br\/index.php?rest_route=\/wp\/v2\/types\/post"}],"author":[{"embeddable":true,"href":"https:\/\/blogdofarnesio.com.br\/index.php?rest_route=\/wp\/v2\/users\/1"}],"replies":[{"embeddable":true,"href":"https:\/\/blogdofarnesio.com.br\/index.php?rest_route=%2Fwp%2Fv2%2Fcomments&post=178480"}],"version-history":[{"count":0,"href":"https:\/\/blogdofarnesio.com.br\/index.php?rest_route=\/wp\/v2\/posts\/178480\/revisions"}],"wp:featuredmedia":[{"embeddable":true,"href":"https:\/\/blogdofarnesio.com.br\/index.php?rest_route=\/wp\/v2\/media\/178486"}],"wp:attachment":[{"href":"https:\/\/blogdofarnesio.com.br\/index.php?rest_route=%2Fwp%2Fv2%2Fmedia&parent=178480"}],"wp:term":[{"taxonomy":"category","embeddable":true,"href":"https:\/\/blogdofarnesio.com.br\/index.php?rest_route=%2Fwp%2Fv2%2Fcategories&post=178480"},{"taxonomy":"post_tag","embeddable":true,"href":"https:\/\/blogdofarnesio.com.br\/index.php?rest_route=%2Fwp%2Fv2%2Ftags&post=178480"}],"curies":[{"name":"wp","href":"https:\/\/api.w.org\/{rel}","templated":true}]}}