{"id":178450,"date":"2017-10-08T14:00:51","date_gmt":"2017-10-08T17:00:51","guid":{"rendered":"http:\/\/quersaberpolitica.com.br\/2016\/?p=178450"},"modified":"2017-10-08T10:29:40","modified_gmt":"2017-10-08T13:29:40","slug":"saiba-o-que-a-nova-procuradora-geral-ja-fez-nestes-20-dias-a-frente-do-mpf","status":"publish","type":"post","link":"https:\/\/blogdofarnesio.com.br\/?p=178450","title":{"rendered":"SAIBA O QUE A NOVA PROCURADORA-GERAL J\u00c1 FEZ NESTES 20 DIAS \u00c0 FRENTE DO MPF"},"content":{"rendered":"<header>\n<div class=\"resume\">\n<p>&nbsp;<\/p>\n<p><span style=\"color: #333333;\"><strong>Discri\u00e7\u00e3o e dist\u00e2ncia das c\u00e2meras marcam atua\u00e7\u00e3o<\/strong><\/span><\/p>\n<\/div>\n<p class=\"author\"><span style=\"color: #333333;\"><a class=\"author url fn\" title=\"Posts de Ana Kr\u00fcger\" href=\"https:\/\/www.poder360.com.br\/author\/ana-kruger\/\" rel=\"author\">ANA KR\u00dcGER<\/a>\u00a0<\/span><br \/>\nNo comando da Procuradoria Geral da Rep\u00fablica desde o dia 18 de setembro, Raquel Dodge completa\u00a020 dias no\u00a0<a href=\"https:\/\/www.poder360.com.br\/justica\/raquel-dodge-assume-pgr-e-promete-equilibrio-no-mpf\/\" target=\"_blank\" rel=\"noopener\">cargo<\/a>\u00a0neste domingo (8.out.2017). A goiana de 56 anos assumiu o desafio de conduzir a institui\u00e7\u00e3o ap\u00f3s todas as turbul\u00eancias enfrentadas pelo antecessor, Rodrigo Janot.<\/p>\n<\/header>\n<div class=\"content wp\" data-ga-ano=\"2017\" data-ga-categoria=\"Justi\u00e7a\" data-ga-autor=\"Ana Kr\u00fcger\">\n<p><span style=\"color: #333333;\">Prometendo uma gest\u00e3o equilibrada, j\u00e1 no\u00a0<a href=\"https:\/\/www.poder360.com.br\/justica\/raquel-dodge-assume-pgr-e-promete-equilibrio-no-mpf\/\" target=\"_blank\" rel=\"noopener\">discurso de posse<\/a>\u00a0afirmou que \u201c<em>ningu\u00e9m ficar\u00e1 nem acima nem abaixo da lei<\/em>\u201d.<\/span><\/p>\n<p><span style=\"color: #333333;\">A\u00a0palavra \u201cinc\u00f3gnita\u201d ainda n\u00e3o abandona o discurso de quem tenta descrever como ser\u00e1 o mandato de\u00a02 anos de Dodge \u00e0 frente da PGR. Isso se deve, principalmente, ao seu perfil mais reservado e t\u00e9cnico. Desde o in\u00edcio afirmou que pretendia comentar sobre casos concretos apenas nos autos, longe das c\u00e2meras e dos microfones. E assim tem sido.<\/span><\/p>\n<div id=\"attachment_88798\" class=\"wp-caption aligncenter\" style=\"width: 459px;\"><span style=\"color: #333333;\"><a href=\"http:\/\/www.poder360.com.br\/wp-content\/uploads\/2017\/10\/SLIMA-2819.jpg\" rel=\"follow\"><img loading=\"lazy\" decoding=\"async\" class=\"b-lazy b-loaded\" src=\"http:\/\/www.poder360.com.br\/wp-content\/uploads\/2017\/10\/SLIMA-2819-450x300.jpg\" alt=\"Raquel Dodge era a 2\u00aa mais votada da lista tr\u00edplice dos candidatos \u00e0 PGR. Pela 1\u00aa vez, o presidente n\u00e3o escolheu o mais votado para o cargo. | Foto: S\u00e9rgio Lima\/Poder360.\" width=\"459\" height=\"306\" \/><\/a><\/span><\/p>\n<p class=\"wp-caption-text\"><span style=\"color: #333333;\">Raquel Dodge era a 2\u00aa mais votada da lista tr\u00edplice dos candidatos \u00e0 PGR. Pela 1\u00aa vez, o presidente n\u00e3o escolheu o mais votado para o cargo<span class=\"creditos\" title=\"Cr\u00e9ditos da imagem\">S\u00e9rgio Lima\/Poder360.<\/span><\/span><\/p>\n<\/div>\n<p><span style=\"color: #333333;\">No dia da posse de Dodge,\u00a0<a href=\"https:\/\/www.poder360.com.br\/congresso\/congressistas-sentem-se-aliviados-com-saida-de-janot-da-pgr\/\">v\u00e1rios\u00a0congressistas se mostraram aliviados com a sa\u00edda de Rodrigo Janot<\/a>\u00a0e com a perspectiva de uma poss\u00edvel \u201cfolga\u201d nas flechadas. Ainda \u00e9 cedo para cravar se tal comemora\u00e7\u00e3o foi ou n\u00e3o precipitada.<\/span><\/p>\n<p><span style=\"color: #333333;\">Na 6\u00aa feira (6.out) a PGR\u00a0<a href=\"https:\/\/www.poder360.com.br\/justica\/raquel-dodge-recomenda-ao-stf-manter-prisao-de-wesley-batista\/\" target=\"_blank\" rel=\"noopener\">pediu ao STF (Supremo Tribunal Federal) que mantenha a pris\u00e3o do executivo da JBS<\/a>, Wesley Batista, irm\u00e3o de Joesley. Dias depois de, na 2\u00aa feira (2.out),\u00a0<a href=\"https:\/\/www.poder360.com.br\/justica\/dodge-pede-ao-stf-depoimento-de-temer-em-inquerito-sobre-decreto-dos-portos\/\">solicitar depoimento do presidente Michel Temer no inqu\u00e9rito do Decreto dos Portos<\/a>.<\/span><\/p>\n<p><span style=\"color: #333333;\">Ao\u00a0mesmo tempo,\u00a0em 3 de outubro\u00a0<a href=\"https:\/\/www.poder360.com.br\/justica\/pgr-pede-ao-stf-arquivamento-de-investigacao-contra-moreira\/\" target=\"_blank\" rel=\"noopener\">pediu que a investiga\u00e7\u00e3o contra o Ministro-Chefe da Secretaria Geral da Presid\u00eancia, Moreira Franco, fosse arquivada<\/a>. Os crimes apurados prescreveram, argumentou a PGR.<\/span><\/p>\n<div id=\"attachment_88799\" class=\"wp-caption aligncenter\" style=\"width: 473px;\"><span style=\"color: #333333;\"><a href=\"http:\/\/www.poder360.com.br\/wp-content\/uploads\/2017\/10\/entrepoderes.jpg\" rel=\"follow\"><img loading=\"lazy\" decoding=\"async\" class=\"b-lazy b-loaded\" src=\"http:\/\/www.poder360.com.br\/wp-content\/uploads\/2017\/10\/entrepoderes-450x300.jpg\" alt=\"Na \u00faltima 2\u00aa feira (2.out), Dodge pediu para ouvir o presidente da Rep\u00fablica no inqu\u00e9rito do Decreto dos Portos. STF aceitou o pedido. | Foto: S\u00e9rgio Lima\/Poder360\" width=\"473\" height=\"315\" \/><\/a><\/span><\/p>\n<p class=\"wp-caption-text\"><span style=\"color: #333333;\">Na \u00faltima 2\u00aa feira (2.out), Dodge pediu para ouvir o presidente da Rep\u00fablica no inqu\u00e9rito do Decreto dos Portos. STF aceitou o pedido.<span class=\"creditos\" title=\"Cr\u00e9ditos da imagem\">S\u00e9rgio Lima\/Poder360<\/span><\/span><\/p>\n<\/div>\n<h2><span style=\"color: #333333;\"><strong>LAVA JATO<\/strong><\/span><\/h2>\n<p><span style=\"color: #333333;\">Em\u00a019 de setembro, dia seguinte \u00e0 posse, o\u00a0<em>Di\u00e1rio Oficial<\/em>\u00a0confirmou a nova equipe que passaria a conduzir a opera\u00e7\u00e3o Lava Jato no Minist\u00e9rio P\u00fablico. O convite aos escolhidos de Janot para que permanecessem no grupo foi feito. Mas, no fim, a equipe de 10 pessoas foi quase toda renovada.\u00a0<a href=\"https:\/\/www.poder360.com.br\/justica\/dodge-mantem-so-2-procuradores-no-grupo-da-lava-jato-que-estavam-com-janot\/\" target=\"_blank\" rel=\"noopener\">Apenas 2 veteranos ficaram na for\u00e7a-tarefa<\/a>. A PGR deu prazo de 30 dias para que\u00a0o novo time se inteire das investiga\u00e7\u00f5es em curso.<\/span><\/p>\n<h2><span style=\"color: #333333;\"><strong>A REGRA \u00c9 A LEI<\/strong><\/span><\/h2>\n<p><span style=\"color: #333333;\">At\u00e9 agora, a \u00fanica vez em que se disp\u00f4s a responder perguntas dos jornalistas foi quando\u00a0<a href=\"https:\/\/www.poder360.com.br\/justica\/segundo-raquel-dodge-rescindir-delacao-nao-invalida-provas-colhidas\/\" target=\"_blank\" rel=\"noopener\">convocou a 1\u00aa entrevista coletiva<\/a>\u00a0desde que\u00a0foi empossada. O tema do encontro com os jornalistas, do dia 26 de setembro, a princ\u00edpio, seriam medidas discutidas pelo Minist\u00e9rio P\u00fablico e os minist\u00e9rios da Defesa e Justi\u00e7a para frear a onda de viol\u00eancia no Rio de Janeiro. Mas a opera\u00e7\u00e3o Lava Jato dominou as perguntas.<\/span><\/p>\n<p><span style=\"color: #333333;\">Na ocasi\u00e3o, Dodge refor\u00e7ou que ela e a equipe ainda estavam no\u00a0<em>\u201cper\u00edodo de transi\u00e7\u00e3o\u201d<\/em>\u00a0e estudavam os casos herdados de Janot. Para reduzir as chances de especula\u00e7\u00e3o sobre suas futuras decis\u00f5es, tamb\u00e9m repetiu em v\u00e1rias respostas aos jornalistas que seguiria o que\u00a0<em>\u201ca lei diz\u201d<\/em>.<\/span><\/p>\n<p><span style=\"color: #333333;\">Foi o que respondeu, por exemplo, quando o\u00a0<strong>Poder360<\/strong>\u00a0questionou sobre a\u00a0<a href=\"https:\/\/www.poder360.com.br\/lava-jato\/raquel-dodge-recebe-noticia-crime-e-pedido-para-investigar-vazamentos\/\">not\u00edcia crime apresentada pelo ex-presidente do STJ, Cesar Asfor Rocha<\/a>.\u00a0O ministro aposentado pede que sejam investigados vazamentos de uma suposta dela\u00e7\u00e3o do ex-ministro Ant\u00f4nio Palocci. Na ocasi\u00e3o, disse que ainda iria analisar o caso, mas que se a lei determina sigilo e isso n\u00e3o foi cumprido, o epis\u00f3dio deve ser investigado.<\/span><\/p>\n<h2><span style=\"color: #333333;\"><strong>ENTRE PODERES<\/strong><\/span><\/h2>\n<p><span style=\"color: #333333;\">A\u00a0<a href=\"https:\/\/www.poder360.com.br\/justica\/raquel-dodge-participa-de-1a-sessao-no-stf-e-e-elogiada-por-carmen-lucia\/\" target=\"_blank\" rel=\"noopener\">estreia de Raquel Dodge no Supremo<\/a>\u00a0se deu na mesma semana de sua posse. No dia 20 de setembro, uma 4\u00aa feira, ela participou da sess\u00e3o que determinou que a 2\u00aa den\u00fancia contra o Temer poderia sim ser enviada \u00e0 C\u00e2mara antes da conclus\u00e3o das investiga\u00e7\u00f5es sobre irregularidades na dela\u00e7\u00e3o da JBS.<\/span><\/p>\n<p><span style=\"color: #333333;\">Sua participa\u00e7\u00e3o, no entanto, foi protocolar. O Minist\u00e9rio P\u00fablico j\u00e1 havia se pronunciado sobre a mat\u00e9ria na semana anterior, defendendo o prosseguimento da tramita\u00e7\u00e3o da den\u00fancia. Ainda assim, Dodge recebeu os cumprimentos e elogios da Corte.<\/span><\/p>\n<div id=\"attachment_88796\" class=\"wp-caption aligncenter\" style=\"width: 455px;\"><span style=\"color: #333333;\"><a href=\"http:\/\/www.poder360.com.br\/wp-content\/uploads\/2017\/10\/SLIMA-0287.jpg\" rel=\"follow\"><img loading=\"lazy\" decoding=\"async\" class=\"b-lazy b-loaded\" src=\"http:\/\/www.poder360.com.br\/wp-content\/uploads\/2017\/10\/SLIMA-0287-450x300.jpg\" alt=\"Primeira sess\u00e3o do Supremo Tribunal Federal da nova Procuradora-Geral da Rep\u00fablica, Raquel Dodge. Brasilia, 20-09-2017. Foto: S\u00e9rgio Lima\/PODER 360\" width=\"455\" height=\"303\" \/><\/a><\/span><\/p>\n<p class=\"wp-caption-text\"><span style=\"color: #333333;\">Primeira sess\u00e3o do Supremo Tribunal Federal da nova procuradora-geral da Rep\u00fablica, Raquel Dodge<span class=\"creditos\" title=\"Cr\u00e9ditos da imagem\">S\u00e9rgio Lima\/Poder360<\/span><\/span><\/p>\n<\/div>\n<h2><span style=\"color: #333333;\"><strong>AL\u00c9M DA LAVA JATO<\/strong><\/span><\/h2>\n<p><span style=\"color: #333333;\">Desde a campanha ao cargo de chefe do Minist\u00e9rio P\u00fablico Federal, Dodge mostrou que suas prioridades no posto iriam al\u00e9m do combate \u00e0 corrup\u00e7\u00e3o. No quadro da institui\u00e7\u00e3o desde 1987,\u00a0ela tamb\u00e9m\u00a0atuou na defesa dos\u00a0direitos humanos e do meio ambiente.<\/span><\/p>\n<p><span style=\"color: #333333;\">Tais prioridades foram lembradas, por exemplo, no\u00a0<a href=\"https:\/\/www.poder360.com.br\/justica\/em-posse-do-cnmp-dodge-evita-lava-jato-e-alerta-sobre-totalitarismo\/\" target=\"_blank\" rel=\"noopener\">discurso de posse dos novos conselheiros do Conselho Nacional do Minist\u00e9rio P\u00fablico<\/a>, no dia 25 de setembro.<\/span><\/p>\n<div id=\"attachment_88793\" class=\"wp-caption aligncenter\" style=\"width: 485px;\"><span style=\"color: #333333;\"><a href=\"http:\/\/www.poder360.com.br\/wp-content\/uploads\/2017\/10\/SLIMA-5458.jpg\" rel=\"follow\"><img loading=\"lazy\" decoding=\"async\" class=\"b-lazy b-loaded\" src=\"http:\/\/www.poder360.com.br\/wp-content\/uploads\/2017\/10\/SLIMA-5458-450x300.jpg\" alt=\"Primeira sess\u00e3o do Supremo Tribunal Federal da nova Procuradora-Geral da Rep\u00fablica, Raquel Dodge. Brasilia, 20-09-2017. Foto: S\u00e9rgio Lima\/PODER 360\" width=\"485\" height=\"323\" \/><\/a><\/span><\/p>\n<p class=\"wp-caption-text\"><span style=\"color: #333333;\">Primeira sess\u00e3o do Supremo Tribunal Federal da nova Procuradora-Geral da Rep\u00fablica, Raquel Dodge<span class=\"creditos\" title=\"Cr\u00e9ditos da imagem\">S\u00e9rgio Lima\/PODER 360<\/span><\/span><\/p>\n<\/div>\n<p><span style=\"color: #333333;\">Tom semelhante foi utilizado em parecer da\u00a0<a href=\"http:\/\/www.mpf.mp.br\/pgr\/noticias-pgr\/pgr-e-contra-retorno-de-presos-federais-aos-estados-de-origem\" target=\"_blank\" rel=\"noopener\">PGR contra o retorno de presos federais aos Estados de origem<\/a>. O tema ganhou repercuss\u00e3o na semana passada por possibilitar que chefes do tr\u00e1fico do Rio de Janeiro sa\u00edssem de pres\u00eddios de seguran\u00e7a m\u00e1xima e voltassem para penitenci\u00e1rias estaduais. No texto, Dodge refor\u00e7a que a manuten\u00e7\u00e3o em outro Estado tamb\u00e9m visa garantir a pr\u00f3pria seguran\u00e7a do detento.<\/span><\/p>\n<h2><span style=\"color: #333333;\"><strong>EMPODERAMENTO FEMININO<\/strong><\/span><\/h2>\n<p><span style=\"color: #333333;\">Como 1\u00aa mulher a ocupar o cargo m\u00e1ximo no Minist\u00e9rio P\u00fablico, Raquel Dodge reconhece a import\u00e2ncia disso e aproveita para defender a igualdade de g\u00eanero.<\/span><\/p>\n<div id=\"attachment_88792\" class=\"wp-caption aligncenter\" style=\"width: 545px;\"><span style=\"color: #333333;\"><a href=\"http:\/\/www.poder360.com.br\/wp-content\/uploads\/2017\/10\/Constituiva%CC%83o.jpg\" rel=\"follow\"><img loading=\"lazy\" decoding=\"async\" class=\"b-lazy b-loaded\" src=\"http:\/\/www.poder360.com.br\/wp-content\/uploads\/2017\/10\/Constituiva%CC%83o-450x300.jpg\" alt=\"Mulheres nos principais cargos do Poder: Minist\u00e9rio P\u00fablico e Supremo Tribunal Federal. Foto: S\u00e9rgio Lima\/PODER 360\" width=\"545\" height=\"363\" \/><\/a><\/span><\/p>\n<p class=\"wp-caption-text\"><span style=\"color: #333333;\">Mulheres nos principais cargos do MPF e do STF<span class=\"creditos\" title=\"Cr\u00e9ditos da imagem\">S\u00e9rgio Lima\/Poder360<\/span><\/span><\/p>\n<\/div>\n<p><span style=\"color: #333333;\"><a href=\"http:\/\/www.mpf.mp.br\/pgr\/documentos\/ADI5617DFLei13.1652015cotaseleitoraismulheresMEMORIAISs.pdf\" target=\"_blank\" rel=\"noopener\">Em manifesta\u00e7\u00e3o sobre o percentual do Fundo Partid\u00e1rio destinado as mulheres<\/a>, a PGR afirma que\u00a0\u201c<em>Temas como viol\u00eancia contra a mulher, misoginia, inser\u00e7\u00e3o e igualdade no mercado de trabalho, garantia de direitos reprodutivos, entre outras, n\u00e3o podem ser adequadamente discutidos sem a presen\u00e7a de mulheres no parlamento<\/em>\u201d.<\/span><\/p>\n<h2><span style=\"color: #333333;\"><strong>CANDIDATURAS AVULSAS<\/strong><\/span><\/h2>\n<p><span style=\"color: #333333;\">Em outro parecer, Dodge disse ser\u00a0<a href=\"https:\/\/www.poder360.com.br\/justica\/raquel-dodge-apoia-candidatura-avulsa-de-politicos-pgr-enviou-parecer-ao-stf\/\" target=\"_blank\" rel=\"noopener\">favor\u00e1vel a candidaturas avulsas<\/a>\u00a0de pol\u00edticos. Na\u00a0<a href=\"http:\/\/www.mpf.mp.br\/pgr\/documentos\/ARE105449022790.pdf\" target=\"_blank\" rel=\"noopener\">manifesta\u00e7\u00e3o enviada ao Supremo na semana passada<\/a>, a procuradora-geral da Rep\u00fablica ressalta que \u201c<em>Os partidos representados no Congresso Nacional abriram m\u00e3o, validamente, da fun\u00e7\u00e3o de organiza\u00e7\u00f5es intermedi\u00e1rias exclusivas entre governantes e governados, ao terem aprovado o Pacto de S\u00e3o Jos\u00e9<\/em>\u201d e que, portanto, o acordo internacional deve prevalecer.<\/span><\/p>\n<\/div>\n<footer>\n<div class=\"mod mod-authors\">\n<div class=\"hr col lg3\"><span style=\"color: #333333;\">\u00a0<\/span><\/div>\n<h3 class=\"titulo-default\"><span style=\"color: #333333;\">Autores<\/span><\/h3>\n<p class=\"author clearfix\"><span style=\"color: #333333;\"><a class=\"link-author\" href=\"https:\/\/www.poder360.com.br\/author\/ana-kruger\/\">ANA KR\u00dcGER<\/a>\u00a0<\/span><\/p>\n<\/div>\n<\/footer>\n","protected":false},"excerpt":{"rendered":"<p>&nbsp; Discri\u00e7\u00e3o e dist\u00e2ncia das c\u00e2meras marcam atua\u00e7\u00e3o ANA KR\u00dcGER\u00a0 No comando da Procuradoria Geral da Rep\u00fablica desde o dia 18 de setembro, Raquel Dodge completa\u00a020 dias no\u00a0cargo\u00a0neste domingo (8.out.2017). A goiana de 56 anos assumiu o desafio de conduzir a institui\u00e7\u00e3o ap\u00f3s todas as turbul\u00eancias enfrentadas pelo antecessor, Rodrigo Janot. Prometendo uma gest\u00e3o equilibrada, j\u00e1 no\u00a0discurso de posse\u00a0afirmou que \u201cningu\u00e9m ficar\u00e1 nem acima nem abaixo da lei\u201d. A\u00a0palavra \u201cinc\u00f3gnita\u201d ainda n\u00e3o abandona o discurso de quem tenta descrever como ser\u00e1 o mandato de\u00a02 anos de Dodge \u00e0 frente da PGR. Isso se deve, principalmente, ao seu perfil mais reservado e t\u00e9cnico. Desde o in\u00edcio afirmou que pretendia comentar sobre casos concretos apenas nos autos, longe das c\u00e2meras e dos&hellip; <\/p>\n","protected":false},"author":1,"featured_media":178451,"comment_status":"open","ping_status":"open","sticky":false,"template":"","format":"standard","meta":{"_acf_changed":false,"footnotes":""},"categories":[23],"tags":[],"class_list":["post-178450","post","type-post","status-publish","format-standard","has-post-thumbnail","hentry","category-justica"],"acf":[],"yoast_head":"<!-- This site is optimized with the Yoast SEO plugin v27.4 - https:\/\/yoast.com\/product\/yoast-seo-wordpress\/ -->\n<title>SAIBA O QUE A NOVA PROCURADORA-GERAL J\u00c1 FEZ NESTES 20 DIAS \u00c0 FRENTE DO MPF - Blog do Farn\u00e9sio<\/title>\n<meta name=\"robots\" content=\"index, follow, max-snippet:-1, max-image-preview:large, max-video-preview:-1\" \/>\n<link rel=\"canonical\" href=\"https:\/\/blogdofarnesio.com.br\/?p=178450\" \/>\n<meta property=\"og:locale\" content=\"pt_BR\" \/>\n<meta property=\"og:type\" content=\"article\" \/>\n<meta property=\"og:title\" content=\"SAIBA O QUE A NOVA PROCURADORA-GERAL J\u00c1 FEZ NESTES 20 DIAS \u00c0 FRENTE DO MPF - Blog do Farn\u00e9sio\" \/>\n<meta property=\"og:description\" content=\"&nbsp; Discri\u00e7\u00e3o e dist\u00e2ncia das c\u00e2meras marcam atua\u00e7\u00e3o ANA KR\u00dcGER\u00a0 No comando da Procuradoria Geral da Rep\u00fablica desde o dia 18 de setembro, Raquel Dodge completa\u00a020 dias no\u00a0cargo\u00a0neste domingo (8.out.2017). A goiana de 56 anos assumiu o desafio de conduzir a institui\u00e7\u00e3o ap\u00f3s todas as turbul\u00eancias enfrentadas pelo antecessor, Rodrigo Janot. Prometendo uma gest\u00e3o equilibrada, j\u00e1 no\u00a0discurso de posse\u00a0afirmou que \u201cningu\u00e9m ficar\u00e1 nem acima nem abaixo da lei\u201d. A\u00a0palavra \u201cinc\u00f3gnita\u201d ainda n\u00e3o abandona o discurso de quem tenta descrever como ser\u00e1 o mandato de\u00a02 anos de Dodge \u00e0 frente da PGR. Isso se deve, principalmente, ao seu perfil mais reservado e t\u00e9cnico. Desde o in\u00edcio afirmou que pretendia comentar sobre casos concretos apenas nos autos, longe das c\u00e2meras e dos&hellip;\" \/>\n<meta property=\"og:url\" content=\"https:\/\/blogdofarnesio.com.br\/?p=178450\" \/>\n<meta property=\"og:site_name\" content=\"Blog do Farn\u00e9sio\" \/>\n<meta property=\"article:publisher\" content=\"https:\/\/www.facebook.com\/BlogQuerSaberPolitica\/\" \/>\n<meta property=\"article:published_time\" content=\"2017-10-08T17:00:51+00:00\" \/>\n<meta property=\"og:image\" content=\"https:\/\/blogdofarnesio.com.br\/wp-content\/uploads\/2017\/10\/Blogqspmpfracheldogge-e1568319311907.jpg\" \/>\n\t<meta property=\"og:image:width\" content=\"668\" \/>\n\t<meta property=\"og:image:height\" content=\"496\" \/>\n\t<meta property=\"og:image:type\" content=\"image\/jpeg\" \/>\n<meta name=\"author\" content=\"Farn\u00e9sio\" \/>\n<meta name=\"twitter:card\" content=\"summary_large_image\" \/>\n<meta name=\"twitter:label1\" content=\"Escrito por\" \/>\n\t<meta name=\"twitter:data1\" content=\"Farn\u00e9sio\" \/>\n\t<meta name=\"twitter:label2\" content=\"Est. tempo de leitura\" \/>\n\t<meta name=\"twitter:data2\" content=\"5 minutos\" \/>\n<script type=\"application\/ld+json\" class=\"yoast-schema-graph\">{\"@context\":\"https:\\\/\\\/schema.org\",\"@graph\":[{\"@type\":\"Article\",\"@id\":\"https:\\\/\\\/blogdofarnesio.com.br\\\/?p=178450#article\",\"isPartOf\":{\"@id\":\"https:\\\/\\\/blogdofarnesio.com.br\\\/?p=178450\"},\"author\":{\"name\":\"Farn\u00e9sio\",\"@id\":\"https:\\\/\\\/blogdofarnesio.com.br\\\/#\\\/schema\\\/person\\\/301c4acf522bccbfdb45af95b5b906a1\"},\"headline\":\"SAIBA O QUE A NOVA PROCURADORA-GERAL J\u00c1 FEZ NESTES 20 DIAS \u00c0 FRENTE DO MPF\",\"datePublished\":\"2017-10-08T17:00:51+00:00\",\"mainEntityOfPage\":{\"@id\":\"https:\\\/\\\/blogdofarnesio.com.br\\\/?p=178450\"},\"wordCount\":1073,\"commentCount\":0,\"publisher\":{\"@id\":\"https:\\\/\\\/blogdofarnesio.com.br\\\/#organization\"},\"image\":{\"@id\":\"https:\\\/\\\/blogdofarnesio.com.br\\\/?p=178450#primaryimage\"},\"thumbnailUrl\":\"https:\\\/\\\/blogdofarnesio.com.br\\\/wp-content\\\/uploads\\\/2017\\\/10\\\/Blogqspmpfracheldogge-e1568319311907.jpg\",\"articleSection\":[\"Justi\u00e7a\"],\"inLanguage\":\"pt-BR\",\"potentialAction\":[{\"@type\":\"CommentAction\",\"name\":\"Comment\",\"target\":[\"https:\\\/\\\/blogdofarnesio.com.br\\\/?p=178450#respond\"]}]},{\"@type\":\"WebPage\",\"@id\":\"https:\\\/\\\/blogdofarnesio.com.br\\\/?p=178450\",\"url\":\"https:\\\/\\\/blogdofarnesio.com.br\\\/?p=178450\",\"name\":\"SAIBA O QUE A NOVA PROCURADORA-GERAL J\u00c1 FEZ NESTES 20 DIAS \u00c0 FRENTE DO MPF - Blog do Farn\u00e9sio\",\"isPartOf\":{\"@id\":\"https:\\\/\\\/blogdofarnesio.com.br\\\/#website\"},\"primaryImageOfPage\":{\"@id\":\"https:\\\/\\\/blogdofarnesio.com.br\\\/?p=178450#primaryimage\"},\"image\":{\"@id\":\"https:\\\/\\\/blogdofarnesio.com.br\\\/?p=178450#primaryimage\"},\"thumbnailUrl\":\"https:\\\/\\\/blogdofarnesio.com.br\\\/wp-content\\\/uploads\\\/2017\\\/10\\\/Blogqspmpfracheldogge-e1568319311907.jpg\",\"datePublished\":\"2017-10-08T17:00:51+00:00\",\"breadcrumb\":{\"@id\":\"https:\\\/\\\/blogdofarnesio.com.br\\\/?p=178450#breadcrumb\"},\"inLanguage\":\"pt-BR\",\"potentialAction\":[{\"@type\":\"ReadAction\",\"target\":[\"https:\\\/\\\/blogdofarnesio.com.br\\\/?p=178450\"]}]},{\"@type\":\"ImageObject\",\"inLanguage\":\"pt-BR\",\"@id\":\"https:\\\/\\\/blogdofarnesio.com.br\\\/?p=178450#primaryimage\",\"url\":\"https:\\\/\\\/blogdofarnesio.com.br\\\/wp-content\\\/uploads\\\/2017\\\/10\\\/Blogqspmpfracheldogge-e1568319311907.jpg\",\"contentUrl\":\"https:\\\/\\\/blogdofarnesio.com.br\\\/wp-content\\\/uploads\\\/2017\\\/10\\\/Blogqspmpfracheldogge-e1568319311907.jpg\",\"width\":668,\"height\":496,\"caption\":\"A nova procuradora-geral da Rep\u00fablica, Raquel Dodge Marcos Corr\u00eaa\"},{\"@type\":\"BreadcrumbList\",\"@id\":\"https:\\\/\\\/blogdofarnesio.com.br\\\/?p=178450#breadcrumb\",\"itemListElement\":[{\"@type\":\"ListItem\",\"position\":1,\"name\":\"In\u00edcio\",\"item\":\"https:\\\/\\\/blogdofarnesio.com.br\\\/\"},{\"@type\":\"ListItem\",\"position\":2,\"name\":\"SAIBA O QUE A NOVA PROCURADORA-GERAL J\u00c1 FEZ NESTES 20 DIAS \u00c0 FRENTE DO MPF\"}]},{\"@type\":\"WebSite\",\"@id\":\"https:\\\/\\\/blogdofarnesio.com.br\\\/#website\",\"url\":\"https:\\\/\\\/blogdofarnesio.com.br\\\/\",\"name\":\"Blog do Farn\u00e9sio\",\"description\":\"Quer Saber Pol\u00edtica?\",\"publisher\":{\"@id\":\"https:\\\/\\\/blogdofarnesio.com.br\\\/#organization\"},\"potentialAction\":[{\"@type\":\"SearchAction\",\"target\":{\"@type\":\"EntryPoint\",\"urlTemplate\":\"https:\\\/\\\/blogdofarnesio.com.br\\\/?s={search_term_string}\"},\"query-input\":{\"@type\":\"PropertyValueSpecification\",\"valueRequired\":true,\"valueName\":\"search_term_string\"}}],\"inLanguage\":\"pt-BR\"},{\"@type\":\"Organization\",\"@id\":\"https:\\\/\\\/blogdofarnesio.com.br\\\/#organization\",\"name\":\"Blog do Farn\u00e9sio\",\"url\":\"https:\\\/\\\/blogdofarnesio.com.br\\\/\",\"logo\":{\"@type\":\"ImageObject\",\"inLanguage\":\"pt-BR\",\"@id\":\"https:\\\/\\\/blogdofarnesio.com.br\\\/#\\\/schema\\\/logo\\\/image\\\/\",\"url\":\"https:\\\/\\\/blogdofarnesio.com.br\\\/wp-content\\\/uploads\\\/2026\\\/03\\\/cropped-logo_new-1.png\",\"contentUrl\":\"https:\\\/\\\/blogdofarnesio.com.br\\\/wp-content\\\/uploads\\\/2026\\\/03\\\/cropped-logo_new-1.png\",\"width\":881,\"height\":685,\"caption\":\"Blog do Farn\u00e9sio\"},\"image\":{\"@id\":\"https:\\\/\\\/blogdofarnesio.com.br\\\/#\\\/schema\\\/logo\\\/image\\\/\"},\"sameAs\":[\"https:\\\/\\\/www.facebook.com\\\/BlogQuerSaberPolitica\\\/\"]},{\"@type\":\"Person\",\"@id\":\"https:\\\/\\\/blogdofarnesio.com.br\\\/#\\\/schema\\\/person\\\/301c4acf522bccbfdb45af95b5b906a1\",\"name\":\"Farn\u00e9sio\",\"image\":{\"@type\":\"ImageObject\",\"inLanguage\":\"pt-BR\",\"@id\":\"https:\\\/\\\/secure.gravatar.com\\\/avatar\\\/df0c9a14567c056f8ad6876ba5bbd1e3e2c48023eb6807342fc4663adf549f38?s=96&d=mm&r=g\",\"url\":\"https:\\\/\\\/secure.gravatar.com\\\/avatar\\\/df0c9a14567c056f8ad6876ba5bbd1e3e2c48023eb6807342fc4663adf549f38?s=96&d=mm&r=g\",\"contentUrl\":\"https:\\\/\\\/secure.gravatar.com\\\/avatar\\\/df0c9a14567c056f8ad6876ba5bbd1e3e2c48023eb6807342fc4663adf549f38?s=96&d=mm&r=g\",\"caption\":\"Farn\u00e9sio\"},\"sameAs\":[\"https:\\\/\\\/quersaberpolitica.com.br\"],\"url\":\"https:\\\/\\\/blogdofarnesio.com.br\\\/?author=1\"}]}<\/script>\n<!-- \/ Yoast SEO plugin. -->","yoast_head_json":{"title":"SAIBA O QUE A NOVA PROCURADORA-GERAL J\u00c1 FEZ NESTES 20 DIAS \u00c0 FRENTE DO MPF - Blog do Farn\u00e9sio","robots":{"index":"index","follow":"follow","max-snippet":"max-snippet:-1","max-image-preview":"max-image-preview:large","max-video-preview":"max-video-preview:-1"},"canonical":"https:\/\/blogdofarnesio.com.br\/?p=178450","og_locale":"pt_BR","og_type":"article","og_title":"SAIBA O QUE A NOVA PROCURADORA-GERAL J\u00c1 FEZ NESTES 20 DIAS \u00c0 FRENTE DO MPF - Blog do Farn\u00e9sio","og_description":"&nbsp; Discri\u00e7\u00e3o e dist\u00e2ncia das c\u00e2meras marcam atua\u00e7\u00e3o ANA KR\u00dcGER\u00a0 No comando da Procuradoria Geral da Rep\u00fablica desde o dia 18 de setembro, Raquel Dodge completa\u00a020 dias no\u00a0cargo\u00a0neste domingo (8.out.2017). A goiana de 56 anos assumiu o desafio de conduzir a institui\u00e7\u00e3o ap\u00f3s todas as turbul\u00eancias enfrentadas pelo antecessor, Rodrigo Janot. Prometendo uma gest\u00e3o equilibrada, j\u00e1 no\u00a0discurso de posse\u00a0afirmou que \u201cningu\u00e9m ficar\u00e1 nem acima nem abaixo da lei\u201d. A\u00a0palavra \u201cinc\u00f3gnita\u201d ainda n\u00e3o abandona o discurso de quem tenta descrever como ser\u00e1 o mandato de\u00a02 anos de Dodge \u00e0 frente da PGR. Isso se deve, principalmente, ao seu perfil mais reservado e t\u00e9cnico. Desde o in\u00edcio afirmou que pretendia comentar sobre casos concretos apenas nos autos, longe das c\u00e2meras e dos&hellip;","og_url":"https:\/\/blogdofarnesio.com.br\/?p=178450","og_site_name":"Blog do Farn\u00e9sio","article_publisher":"https:\/\/www.facebook.com\/BlogQuerSaberPolitica\/","article_published_time":"2017-10-08T17:00:51+00:00","og_image":[{"width":668,"height":496,"url":"https:\/\/blogdofarnesio.com.br\/wp-content\/uploads\/2017\/10\/Blogqspmpfracheldogge-e1568319311907.jpg","type":"image\/jpeg"}],"author":"Farn\u00e9sio","twitter_card":"summary_large_image","twitter_misc":{"Escrito por":"Farn\u00e9sio","Est. tempo de leitura":"5 minutos"},"schema":{"@context":"https:\/\/schema.org","@graph":[{"@type":"Article","@id":"https:\/\/blogdofarnesio.com.br\/?p=178450#article","isPartOf":{"@id":"https:\/\/blogdofarnesio.com.br\/?p=178450"},"author":{"name":"Farn\u00e9sio","@id":"https:\/\/blogdofarnesio.com.br\/#\/schema\/person\/301c4acf522bccbfdb45af95b5b906a1"},"headline":"SAIBA O QUE A NOVA PROCURADORA-GERAL J\u00c1 FEZ NESTES 20 DIAS \u00c0 FRENTE DO MPF","datePublished":"2017-10-08T17:00:51+00:00","mainEntityOfPage":{"@id":"https:\/\/blogdofarnesio.com.br\/?p=178450"},"wordCount":1073,"commentCount":0,"publisher":{"@id":"https:\/\/blogdofarnesio.com.br\/#organization"},"image":{"@id":"https:\/\/blogdofarnesio.com.br\/?p=178450#primaryimage"},"thumbnailUrl":"https:\/\/blogdofarnesio.com.br\/wp-content\/uploads\/2017\/10\/Blogqspmpfracheldogge-e1568319311907.jpg","articleSection":["Justi\u00e7a"],"inLanguage":"pt-BR","potentialAction":[{"@type":"CommentAction","name":"Comment","target":["https:\/\/blogdofarnesio.com.br\/?p=178450#respond"]}]},{"@type":"WebPage","@id":"https:\/\/blogdofarnesio.com.br\/?p=178450","url":"https:\/\/blogdofarnesio.com.br\/?p=178450","name":"SAIBA O QUE A NOVA PROCURADORA-GERAL J\u00c1 FEZ NESTES 20 DIAS \u00c0 FRENTE DO MPF - Blog do Farn\u00e9sio","isPartOf":{"@id":"https:\/\/blogdofarnesio.com.br\/#website"},"primaryImageOfPage":{"@id":"https:\/\/blogdofarnesio.com.br\/?p=178450#primaryimage"},"image":{"@id":"https:\/\/blogdofarnesio.com.br\/?p=178450#primaryimage"},"thumbnailUrl":"https:\/\/blogdofarnesio.com.br\/wp-content\/uploads\/2017\/10\/Blogqspmpfracheldogge-e1568319311907.jpg","datePublished":"2017-10-08T17:00:51+00:00","breadcrumb":{"@id":"https:\/\/blogdofarnesio.com.br\/?p=178450#breadcrumb"},"inLanguage":"pt-BR","potentialAction":[{"@type":"ReadAction","target":["https:\/\/blogdofarnesio.com.br\/?p=178450"]}]},{"@type":"ImageObject","inLanguage":"pt-BR","@id":"https:\/\/blogdofarnesio.com.br\/?p=178450#primaryimage","url":"https:\/\/blogdofarnesio.com.br\/wp-content\/uploads\/2017\/10\/Blogqspmpfracheldogge-e1568319311907.jpg","contentUrl":"https:\/\/blogdofarnesio.com.br\/wp-content\/uploads\/2017\/10\/Blogqspmpfracheldogge-e1568319311907.jpg","width":668,"height":496,"caption":"A nova procuradora-geral da Rep\u00fablica, Raquel Dodge Marcos Corr\u00eaa"},{"@type":"BreadcrumbList","@id":"https:\/\/blogdofarnesio.com.br\/?p=178450#breadcrumb","itemListElement":[{"@type":"ListItem","position":1,"name":"In\u00edcio","item":"https:\/\/blogdofarnesio.com.br\/"},{"@type":"ListItem","position":2,"name":"SAIBA O QUE A NOVA PROCURADORA-GERAL J\u00c1 FEZ NESTES 20 DIAS \u00c0 FRENTE DO MPF"}]},{"@type":"WebSite","@id":"https:\/\/blogdofarnesio.com.br\/#website","url":"https:\/\/blogdofarnesio.com.br\/","name":"Blog do Farn\u00e9sio","description":"Quer Saber Pol\u00edtica?","publisher":{"@id":"https:\/\/blogdofarnesio.com.br\/#organization"},"potentialAction":[{"@type":"SearchAction","target":{"@type":"EntryPoint","urlTemplate":"https:\/\/blogdofarnesio.com.br\/?s={search_term_string}"},"query-input":{"@type":"PropertyValueSpecification","valueRequired":true,"valueName":"search_term_string"}}],"inLanguage":"pt-BR"},{"@type":"Organization","@id":"https:\/\/blogdofarnesio.com.br\/#organization","name":"Blog do Farn\u00e9sio","url":"https:\/\/blogdofarnesio.com.br\/","logo":{"@type":"ImageObject","inLanguage":"pt-BR","@id":"https:\/\/blogdofarnesio.com.br\/#\/schema\/logo\/image\/","url":"https:\/\/blogdofarnesio.com.br\/wp-content\/uploads\/2026\/03\/cropped-logo_new-1.png","contentUrl":"https:\/\/blogdofarnesio.com.br\/wp-content\/uploads\/2026\/03\/cropped-logo_new-1.png","width":881,"height":685,"caption":"Blog do Farn\u00e9sio"},"image":{"@id":"https:\/\/blogdofarnesio.com.br\/#\/schema\/logo\/image\/"},"sameAs":["https:\/\/www.facebook.com\/BlogQuerSaberPolitica\/"]},{"@type":"Person","@id":"https:\/\/blogdofarnesio.com.br\/#\/schema\/person\/301c4acf522bccbfdb45af95b5b906a1","name":"Farn\u00e9sio","image":{"@type":"ImageObject","inLanguage":"pt-BR","@id":"https:\/\/secure.gravatar.com\/avatar\/df0c9a14567c056f8ad6876ba5bbd1e3e2c48023eb6807342fc4663adf549f38?s=96&d=mm&r=g","url":"https:\/\/secure.gravatar.com\/avatar\/df0c9a14567c056f8ad6876ba5bbd1e3e2c48023eb6807342fc4663adf549f38?s=96&d=mm&r=g","contentUrl":"https:\/\/secure.gravatar.com\/avatar\/df0c9a14567c056f8ad6876ba5bbd1e3e2c48023eb6807342fc4663adf549f38?s=96&d=mm&r=g","caption":"Farn\u00e9sio"},"sameAs":["https:\/\/quersaberpolitica.com.br"],"url":"https:\/\/blogdofarnesio.com.br\/?author=1"}]}},"_links":{"self":[{"href":"https:\/\/blogdofarnesio.com.br\/index.php?rest_route=\/wp\/v2\/posts\/178450","targetHints":{"allow":["GET"]}}],"collection":[{"href":"https:\/\/blogdofarnesio.com.br\/index.php?rest_route=\/wp\/v2\/posts"}],"about":[{"href":"https:\/\/blogdofarnesio.com.br\/index.php?rest_route=\/wp\/v2\/types\/post"}],"author":[{"embeddable":true,"href":"https:\/\/blogdofarnesio.com.br\/index.php?rest_route=\/wp\/v2\/users\/1"}],"replies":[{"embeddable":true,"href":"https:\/\/blogdofarnesio.com.br\/index.php?rest_route=%2Fwp%2Fv2%2Fcomments&post=178450"}],"version-history":[{"count":0,"href":"https:\/\/blogdofarnesio.com.br\/index.php?rest_route=\/wp\/v2\/posts\/178450\/revisions"}],"wp:featuredmedia":[{"embeddable":true,"href":"https:\/\/blogdofarnesio.com.br\/index.php?rest_route=\/wp\/v2\/media\/178451"}],"wp:attachment":[{"href":"https:\/\/blogdofarnesio.com.br\/index.php?rest_route=%2Fwp%2Fv2%2Fmedia&parent=178450"}],"wp:term":[{"taxonomy":"category","embeddable":true,"href":"https:\/\/blogdofarnesio.com.br\/index.php?rest_route=%2Fwp%2Fv2%2Fcategories&post=178450"},{"taxonomy":"post_tag","embeddable":true,"href":"https:\/\/blogdofarnesio.com.br\/index.php?rest_route=%2Fwp%2Fv2%2Ftags&post=178450"}],"curies":[{"name":"wp","href":"https:\/\/api.w.org\/{rel}","templated":true}]}}