{"id":17844,"date":"2012-10-02T16:30:14","date_gmt":"2012-10-02T16:30:14","guid":{"rendered":"http:\/\/www.quersaberpolitica.com.br?p=17844"},"modified":"-0001-11-30T00:00:00","modified_gmt":"-0001-11-30T03:00:00","slug":"procuradorgeral-diz-que-dirceu-e-lider-mentor-e-chefe-de-quadrilha","status":"publish","type":"post","link":"https:\/\/blogdofarnesio.com.br\/?p=17844","title":{"rendered":"Procurador-geral diz que Dirceu \u00e9 &#8220;l\u00edder, mentor e chefe de quadrilha&#8221;"},"content":{"rendered":"<p><p><span style=\"font-size: small;\">Maria Carolina Lopes, R7<\/span><\/p>\n<p><img decoding=\"async\" style=\"float: left; margin: 5px 10px;\" src=\"http:\/\/www.politicalivre.com.br\/wp-content\/thumbgen_cache\/6915147689578bf0db35988df42c71e2.jpg\" alt=\"\" width=\"200\" \/><\/p>\n<p style=\"text-align: justify;\"><span style=\"font-size: medium;\"><span style=\"font-size: small;\">Nesta quarta-feira o relator do processo do mensal&atilde;o, Joaquim Barbosa, come&ccedil;a o julgamento dos acusados do crime de corrup&ccedil;&atilde;o ativa na &#8220;fatia&#8221; do processo que trata sobre compra de votos no Congresso Nacional. A expectativa &eacute; que o ex-chefe da Casa Civil Jos&eacute; Dirceu e os petistas Del&uacute;bio Soares, S&iacute;lvio Pereira e Jos&eacute; Genu&iacute;no comecem a ser julgados. Para o procurador-geral da Rep&uacute;blica, Roberto Gurgel, respons&aacute;vel pela den&uacute;ncia, h&aacute; provas suficientes no processo para condenar Dirceu por corrup&ccedil;&atilde;o ativa e forma&ccedil;&atilde;o de quadrilha. &#8211; O que tenho dito &eacute; que n&atilde;o se pode exigir em rela&ccedil;&atilde;o a ele (Dirceu) o mesmo tipo de prova que temos em rela&ccedil;&atilde;o a outras pessoas. Mas &eacute; uma prova indiciat&oacute;ria, abundante, torrencial mesmo. E que respalda integralmente a acusa&ccedil;&atilde;o feita no sentido de que ele &eacute; sim o l&iacute;der, o mentor, o chefe da quadrilha. Apesar da expectativa quanto ao julgamento dos petistas, Barbosa ainda n&atilde;o revelou se trata sobre Jos&eacute; Dirceu esta semana ou se come&ccedil;ar&aacute; o voto apenas sobre o n&uacute;cleo financeiro do esquema. Tamb&eacute;m s&atilde;o r&eacute;us para o crime de corrup&ccedil;&atilde;o ativa o publicit&aacute;rio Marcos Val&eacute;rio, seus s&oacute;cios Ramon Hollerbach e Cristiano Paz; seu advogado Rog&eacute;rio Tolentino e suas ex-funcion&aacute;rias, Simone Vasconcelos e Geiza Dias. Leia mais no&nbsp;<a href=\"http:\/\/noticias.r7.com\/brasil\/noticias\/procurador-geral-diz-que-dirceu-e-lider-mentor-e-chefe-de-quadrilha-20121002.html\" target=\"_blank\">R7<\/a>.<\/span><\/span><\/p>\n<p style=\"text-align: justify;\">&nbsp;<\/p><\/p>\n","protected":false},"excerpt":{"rendered":"<p>Maria Carolina Lopes, R7 Nesta quarta-feira o relator do processo do mensal&atilde;o, Joaquim Barbosa, come&ccedil;a o julgamento dos acusados do crime de corrup&ccedil;&atilde;o ativa na &#8220;fatia&#8221; do processo que trata sobre compra de votos no Congresso Nacional. A expectativa &eacute; que o ex-chefe da Casa Civil Jos&eacute; Dirceu e os petistas Del&uacute;bio Soares, S&iacute;lvio Pereira e Jos&eacute; Genu&iacute;no comecem a ser julgados. Para o procurador-geral da Rep&uacute;blica, Roberto Gurgel, respons&aacute;vel pela den&uacute;ncia, h&aacute; provas suficientes no processo para condenar Dirceu por corrup&ccedil;&atilde;o ativa e forma&ccedil;&atilde;o de quadrilha. &#8211; O que tenho dito &eacute; que n&atilde;o se pode exigir em rela&ccedil;&atilde;o a ele (Dirceu) o mesmo tipo de prova que temos em rela&ccedil;&atilde;o a outras pessoas. Mas &eacute; uma prova indiciat&oacute;ria,&hellip; <\/p>\n","protected":false},"author":0,"featured_media":0,"comment_status":"open","ping_status":"open","sticky":false,"template":"","format":"standard","meta":{"_acf_changed":false,"footnotes":""},"categories":[43],"tags":[],"class_list":["post-17844","post","type-post","status-publish","format-standard","hentry","category-sem-categoria"],"acf":[],"yoast_head":"<!-- This site is optimized with the Yoast SEO plugin v27.4 - https:\/\/yoast.com\/product\/yoast-seo-wordpress\/ -->\n<title>Procurador-geral diz que Dirceu \u00e9 &quot;l\u00edder, mentor e chefe de quadrilha&quot;  - Blog do Farn\u00e9sio<\/title>\n<meta name=\"robots\" content=\"index, follow, max-snippet:-1, max-image-preview:large, max-video-preview:-1\" \/>\n<link rel=\"canonical\" href=\"https:\/\/blogdofarnesio.com.br\/?p=17844\" \/>\n<meta property=\"og:locale\" content=\"pt_BR\" \/>\n<meta property=\"og:type\" content=\"article\" \/>\n<meta property=\"og:title\" content=\"Procurador-geral diz que Dirceu \u00e9 &quot;l\u00edder, mentor e chefe de quadrilha&quot;  - Blog do Farn\u00e9sio\" \/>\n<meta property=\"og:description\" content=\"Maria Carolina Lopes, R7 Nesta quarta-feira o relator do processo do mensal&atilde;o, Joaquim Barbosa, come&ccedil;a o julgamento dos acusados do crime de corrup&ccedil;&atilde;o ativa na &#8220;fatia&#8221; do processo que trata sobre compra de votos no Congresso Nacional. A expectativa &eacute; que o ex-chefe da Casa Civil Jos&eacute; Dirceu e os petistas Del&uacute;bio Soares, S&iacute;lvio Pereira e Jos&eacute; Genu&iacute;no comecem a ser julgados. Para o procurador-geral da Rep&uacute;blica, Roberto Gurgel, respons&aacute;vel pela den&uacute;ncia, h&aacute; provas suficientes no processo para condenar Dirceu por corrup&ccedil;&atilde;o ativa e forma&ccedil;&atilde;o de quadrilha. &#8211; O que tenho dito &eacute; que n&atilde;o se pode exigir em rela&ccedil;&atilde;o a ele (Dirceu) o mesmo tipo de prova que temos em rela&ccedil;&atilde;o a outras pessoas. Mas &eacute; uma prova indiciat&oacute;ria,&hellip;\" \/>\n<meta property=\"og:url\" content=\"https:\/\/blogdofarnesio.com.br\/?p=17844\" \/>\n<meta property=\"og:site_name\" content=\"Blog do Farn\u00e9sio\" \/>\n<meta property=\"article:publisher\" content=\"https:\/\/www.facebook.com\/BlogQuerSaberPolitica\/\" \/>\n<meta property=\"article:published_time\" content=\"2012-10-02T16:30:14+00:00\" \/>\n<meta property=\"og:image\" content=\"http:\/\/www.politicalivre.com.br\/wp-content\/thumbgen_cache\/6915147689578bf0db35988df42c71e2.jpg\" \/>\n<meta name=\"twitter:card\" content=\"summary_large_image\" \/>\n<meta name=\"twitter:label1\" content=\"Est. tempo de leitura\" \/>\n\t<meta name=\"twitter:data1\" content=\"1 minuto\" \/>\n<script type=\"application\/ld+json\" class=\"yoast-schema-graph\">{\"@context\":\"https:\\\/\\\/schema.org\",\"@graph\":[{\"@type\":\"Article\",\"@id\":\"https:\\\/\\\/blogdofarnesio.com.br\\\/?p=17844#article\",\"isPartOf\":{\"@id\":\"https:\\\/\\\/blogdofarnesio.com.br\\\/?p=17844\"},\"author\":{\"name\":\"\",\"@id\":\"\"},\"headline\":\"Procurador-geral diz que Dirceu \u00e9 &#8220;l\u00edder, mentor e chefe de quadrilha&#8221;\",\"datePublished\":\"2012-10-02T16:30:14+00:00\",\"mainEntityOfPage\":{\"@id\":\"https:\\\/\\\/blogdofarnesio.com.br\\\/?p=17844\"},\"wordCount\":295,\"commentCount\":0,\"publisher\":{\"@id\":\"https:\\\/\\\/blogdofarnesio.com.br\\\/#organization\"},\"image\":{\"@id\":\"https:\\\/\\\/blogdofarnesio.com.br\\\/?p=17844#primaryimage\"},\"thumbnailUrl\":\"http:\\\/\\\/www.politicalivre.com.br\\\/wp-content\\\/thumbgen_cache\\\/6915147689578bf0db35988df42c71e2.jpg\",\"inLanguage\":\"pt-BR\",\"potentialAction\":[{\"@type\":\"CommentAction\",\"name\":\"Comment\",\"target\":[\"https:\\\/\\\/blogdofarnesio.com.br\\\/?p=17844#respond\"]}]},{\"@type\":\"WebPage\",\"@id\":\"https:\\\/\\\/blogdofarnesio.com.br\\\/?p=17844\",\"url\":\"https:\\\/\\\/blogdofarnesio.com.br\\\/?p=17844\",\"name\":\"Procurador-geral diz que Dirceu \u00e9 \\\"l\u00edder, mentor e chefe de quadrilha\\\" - Blog do Farn\u00e9sio\",\"isPartOf\":{\"@id\":\"https:\\\/\\\/blogdofarnesio.com.br\\\/#website\"},\"primaryImageOfPage\":{\"@id\":\"https:\\\/\\\/blogdofarnesio.com.br\\\/?p=17844#primaryimage\"},\"image\":{\"@id\":\"https:\\\/\\\/blogdofarnesio.com.br\\\/?p=17844#primaryimage\"},\"thumbnailUrl\":\"http:\\\/\\\/www.politicalivre.com.br\\\/wp-content\\\/thumbgen_cache\\\/6915147689578bf0db35988df42c71e2.jpg\",\"datePublished\":\"2012-10-02T16:30:14+00:00\",\"breadcrumb\":{\"@id\":\"https:\\\/\\\/blogdofarnesio.com.br\\\/?p=17844#breadcrumb\"},\"inLanguage\":\"pt-BR\",\"potentialAction\":[{\"@type\":\"ReadAction\",\"target\":[\"https:\\\/\\\/blogdofarnesio.com.br\\\/?p=17844\"]}]},{\"@type\":\"ImageObject\",\"inLanguage\":\"pt-BR\",\"@id\":\"https:\\\/\\\/blogdofarnesio.com.br\\\/?p=17844#primaryimage\",\"url\":\"http:\\\/\\\/www.politicalivre.com.br\\\/wp-content\\\/thumbgen_cache\\\/6915147689578bf0db35988df42c71e2.jpg\",\"contentUrl\":\"http:\\\/\\\/www.politicalivre.com.br\\\/wp-content\\\/thumbgen_cache\\\/6915147689578bf0db35988df42c71e2.jpg\"},{\"@type\":\"BreadcrumbList\",\"@id\":\"https:\\\/\\\/blogdofarnesio.com.br\\\/?p=17844#breadcrumb\",\"itemListElement\":[{\"@type\":\"ListItem\",\"position\":1,\"name\":\"In\u00edcio\",\"item\":\"https:\\\/\\\/blogdofarnesio.com.br\\\/\"},{\"@type\":\"ListItem\",\"position\":2,\"name\":\"Procurador-geral diz que Dirceu \u00e9 &#8220;l\u00edder, mentor e chefe de quadrilha&#8221;\"}]},{\"@type\":\"WebSite\",\"@id\":\"https:\\\/\\\/blogdofarnesio.com.br\\\/#website\",\"url\":\"https:\\\/\\\/blogdofarnesio.com.br\\\/\",\"name\":\"Blog do Farn\u00e9sio\",\"description\":\"Quer Saber Pol\u00edtica?\",\"publisher\":{\"@id\":\"https:\\\/\\\/blogdofarnesio.com.br\\\/#organization\"},\"potentialAction\":[{\"@type\":\"SearchAction\",\"target\":{\"@type\":\"EntryPoint\",\"urlTemplate\":\"https:\\\/\\\/blogdofarnesio.com.br\\\/?s={search_term_string}\"},\"query-input\":{\"@type\":\"PropertyValueSpecification\",\"valueRequired\":true,\"valueName\":\"search_term_string\"}}],\"inLanguage\":\"pt-BR\"},{\"@type\":\"Organization\",\"@id\":\"https:\\\/\\\/blogdofarnesio.com.br\\\/#organization\",\"name\":\"Blog do Farn\u00e9sio\",\"url\":\"https:\\\/\\\/blogdofarnesio.com.br\\\/\",\"logo\":{\"@type\":\"ImageObject\",\"inLanguage\":\"pt-BR\",\"@id\":\"https:\\\/\\\/blogdofarnesio.com.br\\\/#\\\/schema\\\/logo\\\/image\\\/\",\"url\":\"https:\\\/\\\/blogdofarnesio.com.br\\\/wp-content\\\/uploads\\\/2026\\\/03\\\/cropped-logo_new-1.png\",\"contentUrl\":\"https:\\\/\\\/blogdofarnesio.com.br\\\/wp-content\\\/uploads\\\/2026\\\/03\\\/cropped-logo_new-1.png\",\"width\":881,\"height\":685,\"caption\":\"Blog do Farn\u00e9sio\"},\"image\":{\"@id\":\"https:\\\/\\\/blogdofarnesio.com.br\\\/#\\\/schema\\\/logo\\\/image\\\/\"},\"sameAs\":[\"https:\\\/\\\/www.facebook.com\\\/BlogQuerSaberPolitica\\\/\"]}]}<\/script>\n<!-- \/ Yoast SEO plugin. -->","yoast_head_json":{"title":"Procurador-geral diz que Dirceu \u00e9 \"l\u00edder, mentor e chefe de quadrilha\"  - Blog do Farn\u00e9sio","robots":{"index":"index","follow":"follow","max-snippet":"max-snippet:-1","max-image-preview":"max-image-preview:large","max-video-preview":"max-video-preview:-1"},"canonical":"https:\/\/blogdofarnesio.com.br\/?p=17844","og_locale":"pt_BR","og_type":"article","og_title":"Procurador-geral diz que Dirceu \u00e9 \"l\u00edder, mentor e chefe de quadrilha\"  - Blog do Farn\u00e9sio","og_description":"Maria Carolina Lopes, R7 Nesta quarta-feira o relator do processo do mensal&atilde;o, Joaquim Barbosa, come&ccedil;a o julgamento dos acusados do crime de corrup&ccedil;&atilde;o ativa na &#8220;fatia&#8221; do processo que trata sobre compra de votos no Congresso Nacional. A expectativa &eacute; que o ex-chefe da Casa Civil Jos&eacute; Dirceu e os petistas Del&uacute;bio Soares, S&iacute;lvio Pereira e Jos&eacute; Genu&iacute;no comecem a ser julgados. Para o procurador-geral da Rep&uacute;blica, Roberto Gurgel, respons&aacute;vel pela den&uacute;ncia, h&aacute; provas suficientes no processo para condenar Dirceu por corrup&ccedil;&atilde;o ativa e forma&ccedil;&atilde;o de quadrilha. &#8211; O que tenho dito &eacute; que n&atilde;o se pode exigir em rela&ccedil;&atilde;o a ele (Dirceu) o mesmo tipo de prova que temos em rela&ccedil;&atilde;o a outras pessoas. Mas &eacute; uma prova indiciat&oacute;ria,&hellip;","og_url":"https:\/\/blogdofarnesio.com.br\/?p=17844","og_site_name":"Blog do Farn\u00e9sio","article_publisher":"https:\/\/www.facebook.com\/BlogQuerSaberPolitica\/","article_published_time":"2012-10-02T16:30:14+00:00","og_image":[{"url":"http:\/\/www.politicalivre.com.br\/wp-content\/thumbgen_cache\/6915147689578bf0db35988df42c71e2.jpg","type":"","width":"","height":""}],"twitter_card":"summary_large_image","twitter_misc":{"Est. tempo de leitura":"1 minuto"},"schema":{"@context":"https:\/\/schema.org","@graph":[{"@type":"Article","@id":"https:\/\/blogdofarnesio.com.br\/?p=17844#article","isPartOf":{"@id":"https:\/\/blogdofarnesio.com.br\/?p=17844"},"author":{"name":"","@id":""},"headline":"Procurador-geral diz que Dirceu \u00e9 &#8220;l\u00edder, mentor e chefe de quadrilha&#8221;","datePublished":"2012-10-02T16:30:14+00:00","mainEntityOfPage":{"@id":"https:\/\/blogdofarnesio.com.br\/?p=17844"},"wordCount":295,"commentCount":0,"publisher":{"@id":"https:\/\/blogdofarnesio.com.br\/#organization"},"image":{"@id":"https:\/\/blogdofarnesio.com.br\/?p=17844#primaryimage"},"thumbnailUrl":"http:\/\/www.politicalivre.com.br\/wp-content\/thumbgen_cache\/6915147689578bf0db35988df42c71e2.jpg","inLanguage":"pt-BR","potentialAction":[{"@type":"CommentAction","name":"Comment","target":["https:\/\/blogdofarnesio.com.br\/?p=17844#respond"]}]},{"@type":"WebPage","@id":"https:\/\/blogdofarnesio.com.br\/?p=17844","url":"https:\/\/blogdofarnesio.com.br\/?p=17844","name":"Procurador-geral diz que Dirceu \u00e9 \"l\u00edder, mentor e chefe de quadrilha\" - Blog do Farn\u00e9sio","isPartOf":{"@id":"https:\/\/blogdofarnesio.com.br\/#website"},"primaryImageOfPage":{"@id":"https:\/\/blogdofarnesio.com.br\/?p=17844#primaryimage"},"image":{"@id":"https:\/\/blogdofarnesio.com.br\/?p=17844#primaryimage"},"thumbnailUrl":"http:\/\/www.politicalivre.com.br\/wp-content\/thumbgen_cache\/6915147689578bf0db35988df42c71e2.jpg","datePublished":"2012-10-02T16:30:14+00:00","breadcrumb":{"@id":"https:\/\/blogdofarnesio.com.br\/?p=17844#breadcrumb"},"inLanguage":"pt-BR","potentialAction":[{"@type":"ReadAction","target":["https:\/\/blogdofarnesio.com.br\/?p=17844"]}]},{"@type":"ImageObject","inLanguage":"pt-BR","@id":"https:\/\/blogdofarnesio.com.br\/?p=17844#primaryimage","url":"http:\/\/www.politicalivre.com.br\/wp-content\/thumbgen_cache\/6915147689578bf0db35988df42c71e2.jpg","contentUrl":"http:\/\/www.politicalivre.com.br\/wp-content\/thumbgen_cache\/6915147689578bf0db35988df42c71e2.jpg"},{"@type":"BreadcrumbList","@id":"https:\/\/blogdofarnesio.com.br\/?p=17844#breadcrumb","itemListElement":[{"@type":"ListItem","position":1,"name":"In\u00edcio","item":"https:\/\/blogdofarnesio.com.br\/"},{"@type":"ListItem","position":2,"name":"Procurador-geral diz que Dirceu \u00e9 &#8220;l\u00edder, mentor e chefe de quadrilha&#8221;"}]},{"@type":"WebSite","@id":"https:\/\/blogdofarnesio.com.br\/#website","url":"https:\/\/blogdofarnesio.com.br\/","name":"Blog do Farn\u00e9sio","description":"Quer Saber Pol\u00edtica?","publisher":{"@id":"https:\/\/blogdofarnesio.com.br\/#organization"},"potentialAction":[{"@type":"SearchAction","target":{"@type":"EntryPoint","urlTemplate":"https:\/\/blogdofarnesio.com.br\/?s={search_term_string}"},"query-input":{"@type":"PropertyValueSpecification","valueRequired":true,"valueName":"search_term_string"}}],"inLanguage":"pt-BR"},{"@type":"Organization","@id":"https:\/\/blogdofarnesio.com.br\/#organization","name":"Blog do Farn\u00e9sio","url":"https:\/\/blogdofarnesio.com.br\/","logo":{"@type":"ImageObject","inLanguage":"pt-BR","@id":"https:\/\/blogdofarnesio.com.br\/#\/schema\/logo\/image\/","url":"https:\/\/blogdofarnesio.com.br\/wp-content\/uploads\/2026\/03\/cropped-logo_new-1.png","contentUrl":"https:\/\/blogdofarnesio.com.br\/wp-content\/uploads\/2026\/03\/cropped-logo_new-1.png","width":881,"height":685,"caption":"Blog do Farn\u00e9sio"},"image":{"@id":"https:\/\/blogdofarnesio.com.br\/#\/schema\/logo\/image\/"},"sameAs":["https:\/\/www.facebook.com\/BlogQuerSaberPolitica\/"]}]}},"_links":{"self":[{"href":"https:\/\/blogdofarnesio.com.br\/index.php?rest_route=\/wp\/v2\/posts\/17844","targetHints":{"allow":["GET"]}}],"collection":[{"href":"https:\/\/blogdofarnesio.com.br\/index.php?rest_route=\/wp\/v2\/posts"}],"about":[{"href":"https:\/\/blogdofarnesio.com.br\/index.php?rest_route=\/wp\/v2\/types\/post"}],"replies":[{"embeddable":true,"href":"https:\/\/blogdofarnesio.com.br\/index.php?rest_route=%2Fwp%2Fv2%2Fcomments&post=17844"}],"version-history":[{"count":0,"href":"https:\/\/blogdofarnesio.com.br\/index.php?rest_route=\/wp\/v2\/posts\/17844\/revisions"}],"wp:attachment":[{"href":"https:\/\/blogdofarnesio.com.br\/index.php?rest_route=%2Fwp%2Fv2%2Fmedia&parent=17844"}],"wp:term":[{"taxonomy":"category","embeddable":true,"href":"https:\/\/blogdofarnesio.com.br\/index.php?rest_route=%2Fwp%2Fv2%2Fcategories&post=17844"},{"taxonomy":"post_tag","embeddable":true,"href":"https:\/\/blogdofarnesio.com.br\/index.php?rest_route=%2Fwp%2Fv2%2Ftags&post=17844"}],"curies":[{"name":"wp","href":"https:\/\/api.w.org\/{rel}","templated":true}]}}