{"id":178346,"date":"2017-10-06T15:00:47","date_gmt":"2017-10-06T18:00:47","guid":{"rendered":"http:\/\/quersaberpolitica.com.br\/2016\/?p=178346"},"modified":"2017-10-06T14:49:50","modified_gmt":"2017-10-06T17:49:50","slug":"numeros-que-incomodam","status":"publish","type":"post","link":"https:\/\/blogdofarnesio.com.br\/?p=178346","title":{"rendered":"N\u00daMEROS QUE INCOMODAM"},"content":{"rendered":"<div style=\"text-align: justify;\">\u00a0<em>*Fernando Bezerra Coelho<\/em><\/div>\n<div style=\"text-align: justify;\"><\/div>\n<div style=\"text-align: justify;\">Na luta pol\u00edtica quando faltam argumentos sobram agress\u00f5es. Essas s\u00e3o como palavras vazias, n\u00e3o colam, o vento se encarrega de levar. Por isso n\u00e3o perco tempo em coment\u00e1-las.<\/div>\n<div style=\"text-align: justify;\"><\/div>\n<div style=\"text-align: justify;\">Como s\u00e3o irrespond\u00edveis os dados de investimento p\u00fablico disponibilizados pela Secretaria do Tesouro Nacional, o Vice-Governador e Secret\u00e1rio de Desenvolvimento Econ\u00f4mico Raul Henry tenta, mas n\u00e3o consegue afastar a verdade que cada vez fica mais evidente para os pernambucanos. Nosso estado desacelerou e agora est\u00e1 atr\u00e1s do Cear\u00e1 e da Bahia. E os n\u00fameros indicam que a situa\u00e7\u00e3o vai piorar. Este ano Pernambuco investir\u00e1 menos que nos dois primeiros anos. E de novo, muito abaixo do Cear\u00e1 e da Bahia.<\/div>\n<div style=\"text-align: justify;\"><\/div>\n<div style=\"text-align: justify;\">O secret\u00e1rio devia ser mais cuidadoso com as informa\u00e7\u00f5es. A proje\u00e7\u00e3o de crescimento do PIB do Brasil para esse ano j\u00e1 ultrapassa 0,7%. Mas infelizmente as proje\u00e7\u00f5es para Pernambuco n\u00e3o s\u00e3o animadoras. Segundo o recente estudo \u201cMapa da Recupera\u00e7\u00e3o Econ\u00f4mica\u201d realizado pelo Banco Santander e divulgado pelo Valor Econ\u00f4mico, Pernambuco vai ter crescimento Negativo de -0,6%, a Bahia um pouco melhor com -0,3% e o Cear\u00e1 dever\u00e1 ter crescimento positivo de 0,5%.<\/div>\n<div style=\"text-align: justify;\"><\/div>\n<div style=\"text-align: justify;\">Na atra\u00e7\u00e3o de empreendimentos privados, Pernambuco precisa fazer mais. O Cear\u00e1 no per\u00edodo de 2015 a setembro de 2017 j\u00e1 efetivou investimentos de mais de 9 bilh\u00f5es de reais, gerando mais de 6.000 novos empregos. Infelizmente, Pernambuco tamb\u00e9m est\u00e1 perdendo feio pra Bahia. L\u00e1, foram viabilizados investimentos privados superiores a 20 bilh\u00f5es de reais, gerando mais de 30 mil novos empregos.<\/div>\n<div style=\"text-align: justify;\"><\/div>\n<div style=\"text-align: justify;\">Quanto ao ajuste fiscal, o secret\u00e1rio exagera. Em recente estudo feito pelo Centro de Lideran\u00e7a P\u00fablica (CLP), em parceria com a revista The Economist e a Tend\u00eancias Consultoria, no quesito solidez fiscal dos estados brasileiros, quem aparece em primeiro lugar \u00e9 o Cear\u00e1. Alagoas em segundo, a Bahia em terceiro, e o nosso Pernambuco vem apenas na nona posi\u00e7\u00e3o.<\/div>\n<div style=\"text-align: justify;\"><\/div>\n<div style=\"text-align: justify;\">Para n\u00e3o dizer que n\u00e3o falei de viol\u00eancia, fica a nossa torcida para que os n\u00fameros possam ser revertidos, mas at\u00e9 aqui, as sucessivas mudan\u00e7as na Secretaria de Defesa Social e no Comando da Pol\u00edcia Militar, apontam para uma falta de rumo na pol\u00edtica de seguran\u00e7a p\u00fablica do estado.<\/div>\n<div style=\"text-align: justify;\"><\/div>\n<div style=\"text-align: justify;\">Ao logo dos pr\u00f3ximos meses vamos aprofundar o debate. Alimento uma grande confian\u00e7a na constru\u00e7\u00e3o de um caminho novo para o Pernambuco que amamos e que queremos ver prosperar, resgatando o orgulho de todos n\u00f3s que aqui vivemos e moramos.<\/div>\n<div style=\"text-align: justify;\"><\/div>\n<div style=\"text-align: justify;\">*Fernando Bezerra Coelho \u00e9 senador de Pernambuco e ex-prefeito de Petrolina<\/div>\n","protected":false},"excerpt":{"rendered":"<p>\u00a0*Fernando Bezerra Coelho Na luta pol\u00edtica quando faltam argumentos sobram agress\u00f5es. Essas s\u00e3o como palavras vazias, n\u00e3o colam, o vento se encarrega de levar. Por isso n\u00e3o perco tempo em coment\u00e1-las. Como s\u00e3o irrespond\u00edveis os dados de investimento p\u00fablico disponibilizados pela Secretaria do Tesouro Nacional, o Vice-Governador e Secret\u00e1rio de Desenvolvimento Econ\u00f4mico Raul Henry tenta, mas n\u00e3o consegue afastar a verdade que cada vez fica mais evidente para os pernambucanos. Nosso estado desacelerou e agora est\u00e1 atr\u00e1s do Cear\u00e1 e da Bahia. E os n\u00fameros indicam que a situa\u00e7\u00e3o vai piorar. Este ano Pernambuco investir\u00e1 menos que nos dois primeiros anos. E de novo, muito abaixo do Cear\u00e1 e da Bahia. O secret\u00e1rio devia ser mais cuidadoso com as informa\u00e7\u00f5es.&hellip; <\/p>\n","protected":false},"author":1,"featured_media":152418,"comment_status":"open","ping_status":"open","sticky":false,"template":"","format":"standard","meta":{"_acf_changed":false,"footnotes":""},"categories":[30],"tags":[],"class_list":["post-178346","post","type-post","status-publish","format-standard","has-post-thumbnail","hentry","category-artigo"],"acf":[],"yoast_head":"<!-- This site is optimized with the Yoast SEO plugin v27.4 - https:\/\/yoast.com\/product\/yoast-seo-wordpress\/ -->\n<title>N\u00daMEROS QUE INCOMODAM - Blog do Farn\u00e9sio<\/title>\n<meta name=\"robots\" content=\"index, follow, max-snippet:-1, max-image-preview:large, max-video-preview:-1\" \/>\n<link rel=\"canonical\" href=\"https:\/\/blogdofarnesio.com.br\/?p=178346\" \/>\n<meta property=\"og:locale\" content=\"pt_BR\" \/>\n<meta property=\"og:type\" content=\"article\" \/>\n<meta property=\"og:title\" content=\"N\u00daMEROS QUE INCOMODAM - Blog do Farn\u00e9sio\" \/>\n<meta property=\"og:description\" content=\"\u00a0*Fernando Bezerra Coelho Na luta pol\u00edtica quando faltam argumentos sobram agress\u00f5es. Essas s\u00e3o como palavras vazias, n\u00e3o colam, o vento se encarrega de levar. Por isso n\u00e3o perco tempo em coment\u00e1-las. Como s\u00e3o irrespond\u00edveis os dados de investimento p\u00fablico disponibilizados pela Secretaria do Tesouro Nacional, o Vice-Governador e Secret\u00e1rio de Desenvolvimento Econ\u00f4mico Raul Henry tenta, mas n\u00e3o consegue afastar a verdade que cada vez fica mais evidente para os pernambucanos. Nosso estado desacelerou e agora est\u00e1 atr\u00e1s do Cear\u00e1 e da Bahia. E os n\u00fameros indicam que a situa\u00e7\u00e3o vai piorar. Este ano Pernambuco investir\u00e1 menos que nos dois primeiros anos. E de novo, muito abaixo do Cear\u00e1 e da Bahia. O secret\u00e1rio devia ser mais cuidadoso com as informa\u00e7\u00f5es.&hellip;\" \/>\n<meta property=\"og:url\" content=\"https:\/\/blogdofarnesio.com.br\/?p=178346\" \/>\n<meta property=\"og:site_name\" content=\"Blog do Farn\u00e9sio\" \/>\n<meta property=\"article:publisher\" content=\"https:\/\/www.facebook.com\/BlogQuerSaberPolitica\/\" \/>\n<meta property=\"article:published_time\" content=\"2017-10-06T18:00:47+00:00\" \/>\n<meta property=\"og:image\" content=\"https:\/\/blogdofarnesio.com.br\/wp-content\/uploads\/2017\/01\/blogqsp-fernando-bezerra-coelho-sergio-bernardo.jpg\" \/>\n\t<meta property=\"og:image:width\" content=\"640\" \/>\n\t<meta property=\"og:image:height\" content=\"428\" \/>\n\t<meta property=\"og:image:type\" content=\"image\/jpeg\" \/>\n<meta name=\"author\" content=\"Farn\u00e9sio\" \/>\n<meta name=\"twitter:card\" content=\"summary_large_image\" \/>\n<meta name=\"twitter:label1\" content=\"Escrito por\" \/>\n\t<meta name=\"twitter:data1\" content=\"Farn\u00e9sio\" \/>\n\t<meta name=\"twitter:label2\" content=\"Est. tempo de leitura\" \/>\n\t<meta name=\"twitter:data2\" content=\"2 minutos\" \/>\n<script type=\"application\/ld+json\" class=\"yoast-schema-graph\">{\"@context\":\"https:\\\/\\\/schema.org\",\"@graph\":[{\"@type\":\"Article\",\"@id\":\"https:\\\/\\\/blogdofarnesio.com.br\\\/?p=178346#article\",\"isPartOf\":{\"@id\":\"https:\\\/\\\/blogdofarnesio.com.br\\\/?p=178346\"},\"author\":{\"name\":\"Farn\u00e9sio\",\"@id\":\"https:\\\/\\\/blogdofarnesio.com.br\\\/#\\\/schema\\\/person\\\/301c4acf522bccbfdb45af95b5b906a1\"},\"headline\":\"N\u00daMEROS QUE INCOMODAM\",\"datePublished\":\"2017-10-06T18:00:47+00:00\",\"mainEntityOfPage\":{\"@id\":\"https:\\\/\\\/blogdofarnesio.com.br\\\/?p=178346\"},\"wordCount\":444,\"commentCount\":0,\"publisher\":{\"@id\":\"https:\\\/\\\/blogdofarnesio.com.br\\\/#organization\"},\"image\":{\"@id\":\"https:\\\/\\\/blogdofarnesio.com.br\\\/?p=178346#primaryimage\"},\"thumbnailUrl\":\"https:\\\/\\\/blogdofarnesio.com.br\\\/wp-content\\\/uploads\\\/2017\\\/01\\\/blogqsp-fernando-bezerra-coelho-sergio-bernardo.jpg\",\"articleSection\":[\"Artigo\"],\"inLanguage\":\"pt-BR\",\"potentialAction\":[{\"@type\":\"CommentAction\",\"name\":\"Comment\",\"target\":[\"https:\\\/\\\/blogdofarnesio.com.br\\\/?p=178346#respond\"]}]},{\"@type\":\"WebPage\",\"@id\":\"https:\\\/\\\/blogdofarnesio.com.br\\\/?p=178346\",\"url\":\"https:\\\/\\\/blogdofarnesio.com.br\\\/?p=178346\",\"name\":\"N\u00daMEROS QUE INCOMODAM - Blog do Farn\u00e9sio\",\"isPartOf\":{\"@id\":\"https:\\\/\\\/blogdofarnesio.com.br\\\/#website\"},\"primaryImageOfPage\":{\"@id\":\"https:\\\/\\\/blogdofarnesio.com.br\\\/?p=178346#primaryimage\"},\"image\":{\"@id\":\"https:\\\/\\\/blogdofarnesio.com.br\\\/?p=178346#primaryimage\"},\"thumbnailUrl\":\"https:\\\/\\\/blogdofarnesio.com.br\\\/wp-content\\\/uploads\\\/2017\\\/01\\\/blogqsp-fernando-bezerra-coelho-sergio-bernardo.jpg\",\"datePublished\":\"2017-10-06T18:00:47+00:00\",\"breadcrumb\":{\"@id\":\"https:\\\/\\\/blogdofarnesio.com.br\\\/?p=178346#breadcrumb\"},\"inLanguage\":\"pt-BR\",\"potentialAction\":[{\"@type\":\"ReadAction\",\"target\":[\"https:\\\/\\\/blogdofarnesio.com.br\\\/?p=178346\"]}]},{\"@type\":\"ImageObject\",\"inLanguage\":\"pt-BR\",\"@id\":\"https:\\\/\\\/blogdofarnesio.com.br\\\/?p=178346#primaryimage\",\"url\":\"https:\\\/\\\/blogdofarnesio.com.br\\\/wp-content\\\/uploads\\\/2017\\\/01\\\/blogqsp-fernando-bezerra-coelho-sergio-bernardo.jpg\",\"contentUrl\":\"https:\\\/\\\/blogdofarnesio.com.br\\\/wp-content\\\/uploads\\\/2017\\\/01\\\/blogqsp-fernando-bezerra-coelho-sergio-bernardo.jpg\",\"width\":640,\"height\":428},{\"@type\":\"BreadcrumbList\",\"@id\":\"https:\\\/\\\/blogdofarnesio.com.br\\\/?p=178346#breadcrumb\",\"itemListElement\":[{\"@type\":\"ListItem\",\"position\":1,\"name\":\"In\u00edcio\",\"item\":\"https:\\\/\\\/blogdofarnesio.com.br\\\/\"},{\"@type\":\"ListItem\",\"position\":2,\"name\":\"N\u00daMEROS QUE INCOMODAM\"}]},{\"@type\":\"WebSite\",\"@id\":\"https:\\\/\\\/blogdofarnesio.com.br\\\/#website\",\"url\":\"https:\\\/\\\/blogdofarnesio.com.br\\\/\",\"name\":\"Blog do Farn\u00e9sio\",\"description\":\"Quer Saber Pol\u00edtica?\",\"publisher\":{\"@id\":\"https:\\\/\\\/blogdofarnesio.com.br\\\/#organization\"},\"potentialAction\":[{\"@type\":\"SearchAction\",\"target\":{\"@type\":\"EntryPoint\",\"urlTemplate\":\"https:\\\/\\\/blogdofarnesio.com.br\\\/?s={search_term_string}\"},\"query-input\":{\"@type\":\"PropertyValueSpecification\",\"valueRequired\":true,\"valueName\":\"search_term_string\"}}],\"inLanguage\":\"pt-BR\"},{\"@type\":\"Organization\",\"@id\":\"https:\\\/\\\/blogdofarnesio.com.br\\\/#organization\",\"name\":\"Blog do Farn\u00e9sio\",\"url\":\"https:\\\/\\\/blogdofarnesio.com.br\\\/\",\"logo\":{\"@type\":\"ImageObject\",\"inLanguage\":\"pt-BR\",\"@id\":\"https:\\\/\\\/blogdofarnesio.com.br\\\/#\\\/schema\\\/logo\\\/image\\\/\",\"url\":\"https:\\\/\\\/blogdofarnesio.com.br\\\/wp-content\\\/uploads\\\/2026\\\/03\\\/cropped-logo_new-1.png\",\"contentUrl\":\"https:\\\/\\\/blogdofarnesio.com.br\\\/wp-content\\\/uploads\\\/2026\\\/03\\\/cropped-logo_new-1.png\",\"width\":881,\"height\":685,\"caption\":\"Blog do Farn\u00e9sio\"},\"image\":{\"@id\":\"https:\\\/\\\/blogdofarnesio.com.br\\\/#\\\/schema\\\/logo\\\/image\\\/\"},\"sameAs\":[\"https:\\\/\\\/www.facebook.com\\\/BlogQuerSaberPolitica\\\/\"]},{\"@type\":\"Person\",\"@id\":\"https:\\\/\\\/blogdofarnesio.com.br\\\/#\\\/schema\\\/person\\\/301c4acf522bccbfdb45af95b5b906a1\",\"name\":\"Farn\u00e9sio\",\"image\":{\"@type\":\"ImageObject\",\"inLanguage\":\"pt-BR\",\"@id\":\"https:\\\/\\\/secure.gravatar.com\\\/avatar\\\/df0c9a14567c056f8ad6876ba5bbd1e3e2c48023eb6807342fc4663adf549f38?s=96&d=mm&r=g\",\"url\":\"https:\\\/\\\/secure.gravatar.com\\\/avatar\\\/df0c9a14567c056f8ad6876ba5bbd1e3e2c48023eb6807342fc4663adf549f38?s=96&d=mm&r=g\",\"contentUrl\":\"https:\\\/\\\/secure.gravatar.com\\\/avatar\\\/df0c9a14567c056f8ad6876ba5bbd1e3e2c48023eb6807342fc4663adf549f38?s=96&d=mm&r=g\",\"caption\":\"Farn\u00e9sio\"},\"sameAs\":[\"https:\\\/\\\/quersaberpolitica.com.br\"],\"url\":\"https:\\\/\\\/blogdofarnesio.com.br\\\/?author=1\"}]}<\/script>\n<!-- \/ Yoast SEO plugin. -->","yoast_head_json":{"title":"N\u00daMEROS QUE INCOMODAM - Blog do Farn\u00e9sio","robots":{"index":"index","follow":"follow","max-snippet":"max-snippet:-1","max-image-preview":"max-image-preview:large","max-video-preview":"max-video-preview:-1"},"canonical":"https:\/\/blogdofarnesio.com.br\/?p=178346","og_locale":"pt_BR","og_type":"article","og_title":"N\u00daMEROS QUE INCOMODAM - Blog do Farn\u00e9sio","og_description":"\u00a0*Fernando Bezerra Coelho Na luta pol\u00edtica quando faltam argumentos sobram agress\u00f5es. Essas s\u00e3o como palavras vazias, n\u00e3o colam, o vento se encarrega de levar. Por isso n\u00e3o perco tempo em coment\u00e1-las. Como s\u00e3o irrespond\u00edveis os dados de investimento p\u00fablico disponibilizados pela Secretaria do Tesouro Nacional, o Vice-Governador e Secret\u00e1rio de Desenvolvimento Econ\u00f4mico Raul Henry tenta, mas n\u00e3o consegue afastar a verdade que cada vez fica mais evidente para os pernambucanos. Nosso estado desacelerou e agora est\u00e1 atr\u00e1s do Cear\u00e1 e da Bahia. E os n\u00fameros indicam que a situa\u00e7\u00e3o vai piorar. Este ano Pernambuco investir\u00e1 menos que nos dois primeiros anos. E de novo, muito abaixo do Cear\u00e1 e da Bahia. O secret\u00e1rio devia ser mais cuidadoso com as informa\u00e7\u00f5es.&hellip;","og_url":"https:\/\/blogdofarnesio.com.br\/?p=178346","og_site_name":"Blog do Farn\u00e9sio","article_publisher":"https:\/\/www.facebook.com\/BlogQuerSaberPolitica\/","article_published_time":"2017-10-06T18:00:47+00:00","og_image":[{"width":640,"height":428,"url":"https:\/\/blogdofarnesio.com.br\/wp-content\/uploads\/2017\/01\/blogqsp-fernando-bezerra-coelho-sergio-bernardo.jpg","type":"image\/jpeg"}],"author":"Farn\u00e9sio","twitter_card":"summary_large_image","twitter_misc":{"Escrito por":"Farn\u00e9sio","Est. tempo de leitura":"2 minutos"},"schema":{"@context":"https:\/\/schema.org","@graph":[{"@type":"Article","@id":"https:\/\/blogdofarnesio.com.br\/?p=178346#article","isPartOf":{"@id":"https:\/\/blogdofarnesio.com.br\/?p=178346"},"author":{"name":"Farn\u00e9sio","@id":"https:\/\/blogdofarnesio.com.br\/#\/schema\/person\/301c4acf522bccbfdb45af95b5b906a1"},"headline":"N\u00daMEROS QUE INCOMODAM","datePublished":"2017-10-06T18:00:47+00:00","mainEntityOfPage":{"@id":"https:\/\/blogdofarnesio.com.br\/?p=178346"},"wordCount":444,"commentCount":0,"publisher":{"@id":"https:\/\/blogdofarnesio.com.br\/#organization"},"image":{"@id":"https:\/\/blogdofarnesio.com.br\/?p=178346#primaryimage"},"thumbnailUrl":"https:\/\/blogdofarnesio.com.br\/wp-content\/uploads\/2017\/01\/blogqsp-fernando-bezerra-coelho-sergio-bernardo.jpg","articleSection":["Artigo"],"inLanguage":"pt-BR","potentialAction":[{"@type":"CommentAction","name":"Comment","target":["https:\/\/blogdofarnesio.com.br\/?p=178346#respond"]}]},{"@type":"WebPage","@id":"https:\/\/blogdofarnesio.com.br\/?p=178346","url":"https:\/\/blogdofarnesio.com.br\/?p=178346","name":"N\u00daMEROS QUE INCOMODAM - Blog do Farn\u00e9sio","isPartOf":{"@id":"https:\/\/blogdofarnesio.com.br\/#website"},"primaryImageOfPage":{"@id":"https:\/\/blogdofarnesio.com.br\/?p=178346#primaryimage"},"image":{"@id":"https:\/\/blogdofarnesio.com.br\/?p=178346#primaryimage"},"thumbnailUrl":"https:\/\/blogdofarnesio.com.br\/wp-content\/uploads\/2017\/01\/blogqsp-fernando-bezerra-coelho-sergio-bernardo.jpg","datePublished":"2017-10-06T18:00:47+00:00","breadcrumb":{"@id":"https:\/\/blogdofarnesio.com.br\/?p=178346#breadcrumb"},"inLanguage":"pt-BR","potentialAction":[{"@type":"ReadAction","target":["https:\/\/blogdofarnesio.com.br\/?p=178346"]}]},{"@type":"ImageObject","inLanguage":"pt-BR","@id":"https:\/\/blogdofarnesio.com.br\/?p=178346#primaryimage","url":"https:\/\/blogdofarnesio.com.br\/wp-content\/uploads\/2017\/01\/blogqsp-fernando-bezerra-coelho-sergio-bernardo.jpg","contentUrl":"https:\/\/blogdofarnesio.com.br\/wp-content\/uploads\/2017\/01\/blogqsp-fernando-bezerra-coelho-sergio-bernardo.jpg","width":640,"height":428},{"@type":"BreadcrumbList","@id":"https:\/\/blogdofarnesio.com.br\/?p=178346#breadcrumb","itemListElement":[{"@type":"ListItem","position":1,"name":"In\u00edcio","item":"https:\/\/blogdofarnesio.com.br\/"},{"@type":"ListItem","position":2,"name":"N\u00daMEROS QUE INCOMODAM"}]},{"@type":"WebSite","@id":"https:\/\/blogdofarnesio.com.br\/#website","url":"https:\/\/blogdofarnesio.com.br\/","name":"Blog do Farn\u00e9sio","description":"Quer Saber Pol\u00edtica?","publisher":{"@id":"https:\/\/blogdofarnesio.com.br\/#organization"},"potentialAction":[{"@type":"SearchAction","target":{"@type":"EntryPoint","urlTemplate":"https:\/\/blogdofarnesio.com.br\/?s={search_term_string}"},"query-input":{"@type":"PropertyValueSpecification","valueRequired":true,"valueName":"search_term_string"}}],"inLanguage":"pt-BR"},{"@type":"Organization","@id":"https:\/\/blogdofarnesio.com.br\/#organization","name":"Blog do Farn\u00e9sio","url":"https:\/\/blogdofarnesio.com.br\/","logo":{"@type":"ImageObject","inLanguage":"pt-BR","@id":"https:\/\/blogdofarnesio.com.br\/#\/schema\/logo\/image\/","url":"https:\/\/blogdofarnesio.com.br\/wp-content\/uploads\/2026\/03\/cropped-logo_new-1.png","contentUrl":"https:\/\/blogdofarnesio.com.br\/wp-content\/uploads\/2026\/03\/cropped-logo_new-1.png","width":881,"height":685,"caption":"Blog do Farn\u00e9sio"},"image":{"@id":"https:\/\/blogdofarnesio.com.br\/#\/schema\/logo\/image\/"},"sameAs":["https:\/\/www.facebook.com\/BlogQuerSaberPolitica\/"]},{"@type":"Person","@id":"https:\/\/blogdofarnesio.com.br\/#\/schema\/person\/301c4acf522bccbfdb45af95b5b906a1","name":"Farn\u00e9sio","image":{"@type":"ImageObject","inLanguage":"pt-BR","@id":"https:\/\/secure.gravatar.com\/avatar\/df0c9a14567c056f8ad6876ba5bbd1e3e2c48023eb6807342fc4663adf549f38?s=96&d=mm&r=g","url":"https:\/\/secure.gravatar.com\/avatar\/df0c9a14567c056f8ad6876ba5bbd1e3e2c48023eb6807342fc4663adf549f38?s=96&d=mm&r=g","contentUrl":"https:\/\/secure.gravatar.com\/avatar\/df0c9a14567c056f8ad6876ba5bbd1e3e2c48023eb6807342fc4663adf549f38?s=96&d=mm&r=g","caption":"Farn\u00e9sio"},"sameAs":["https:\/\/quersaberpolitica.com.br"],"url":"https:\/\/blogdofarnesio.com.br\/?author=1"}]}},"_links":{"self":[{"href":"https:\/\/blogdofarnesio.com.br\/index.php?rest_route=\/wp\/v2\/posts\/178346","targetHints":{"allow":["GET"]}}],"collection":[{"href":"https:\/\/blogdofarnesio.com.br\/index.php?rest_route=\/wp\/v2\/posts"}],"about":[{"href":"https:\/\/blogdofarnesio.com.br\/index.php?rest_route=\/wp\/v2\/types\/post"}],"author":[{"embeddable":true,"href":"https:\/\/blogdofarnesio.com.br\/index.php?rest_route=\/wp\/v2\/users\/1"}],"replies":[{"embeddable":true,"href":"https:\/\/blogdofarnesio.com.br\/index.php?rest_route=%2Fwp%2Fv2%2Fcomments&post=178346"}],"version-history":[{"count":0,"href":"https:\/\/blogdofarnesio.com.br\/index.php?rest_route=\/wp\/v2\/posts\/178346\/revisions"}],"wp:featuredmedia":[{"embeddable":true,"href":"https:\/\/blogdofarnesio.com.br\/index.php?rest_route=\/wp\/v2\/media\/152418"}],"wp:attachment":[{"href":"https:\/\/blogdofarnesio.com.br\/index.php?rest_route=%2Fwp%2Fv2%2Fmedia&parent=178346"}],"wp:term":[{"taxonomy":"category","embeddable":true,"href":"https:\/\/blogdofarnesio.com.br\/index.php?rest_route=%2Fwp%2Fv2%2Fcategories&post=178346"},{"taxonomy":"post_tag","embeddable":true,"href":"https:\/\/blogdofarnesio.com.br\/index.php?rest_route=%2Fwp%2Fv2%2Ftags&post=178346"}],"curies":[{"name":"wp","href":"https:\/\/api.w.org\/{rel}","templated":true}]}}