{"id":178286,"date":"2017-10-06T15:20:10","date_gmt":"2017-10-06T18:20:10","guid":{"rendered":"http:\/\/quersaberpolitica.com.br\/2016\/?p=178286"},"modified":"2017-10-06T10:38:25","modified_gmt":"2017-10-06T13:38:25","slug":"prefeito-paulo-bomfim-lanca-programa-prefeitura-cidada-em-juazeiro","status":"publish","type":"post","link":"https:\/\/blogdofarnesio.com.br\/?p=178286","title":{"rendered":"PREFEITO PAULO BOMFIM LAN\u00c7A PROGRAMA PREFEITURA CIDAD\u00c3 EM JUAZEIRO"},"content":{"rendered":"<p style=\"text-align: justify;\">Com um p\u00fablico de mais de mil pessoas entre lideran\u00e7as comunit\u00e1rias, agentes p\u00fablicos, empres\u00e1rios, autoridades e a comunidade em geral, o prefeito Paulo Bomfim lan\u00e7ou nesta quinta-feira (05), o Programa Prefeitura Cidad\u00e3, no Ju\u00e1 Garden Shopping, em Juazeiro.<\/p>\n<p style=\"text-align: justify;\">O programa Prefeitura Cidad\u00e3 tem como objetivo criar espa\u00e7os permanentes para o di\u00e1logo entre o Governo Municipal e a popula\u00e7\u00e3o, para obter o diagn\u00f3stico correto das demandas de cada comunidade, atrav\u00e9s dos agentes p\u00fablicos das diversas secretarias da Prefeitura<strong>.\u00a0<\/strong>\u201cEsse contato constante do Governo com a popula\u00e7\u00e3o \u00e9 de grande import\u00e2ncia. O Prefeitura Cidad\u00e3 foi idealizado para garantir a democratiza\u00e7\u00e3o da nossa gest\u00e3o, possibilitando a participa\u00e7\u00e3o das comunidades na aplica\u00e7\u00e3o e defini\u00e7\u00e3o das prioridades das obras e dos servi\u00e7os que s\u00e3o obriga\u00e7\u00e3o da prefeitura, al\u00e9m de encontrar caminhos para que a popula\u00e7\u00e3o tamb\u00e9m contribua para essa constru\u00e7\u00e3o de uma Juazeiro cada vez melhor. Estou muito feliz, vamos continuar trabalhando por nossa cidade\u201d, afirmou o prefeito Paulo Bomfim.<\/p>\n<p style=\"text-align: justify;\">O assessor de Planejamento e Parcerias Estrat\u00e9gicas e ex-prefeito, Isaac Carvalho parabenizou o prefeito e agradeceu a confian\u00e7a por participar da constru\u00e7\u00e3o do Programa. \u201cA gente fica muito feliz, Paulo est\u00e1 dando mais um passo para Juazeiro continuar avan\u00e7ando. Ser\u00e1 um trabalho que contar\u00e1 com a participa\u00e7\u00e3o de todo o Governo, juntamente com as lideran\u00e7as e a popula\u00e7\u00e3o. Tivemos v\u00e1rias experi\u00eancias no meu Governo, como o Prefeitura nas Comunidades e a Escola Cidad\u00e3, o que possibilitou ampliar e aprimorar este novo Programa, que vai atender as demandas da popula\u00e7\u00e3o de forma coletiva\u201d, evidenciou Isaac Carvalho.<\/p>\n<p style=\"text-align: justify;\">\u201cAchei muito boa essa iniciativa, o poder p\u00fablico indo at\u00e9 as comunidades para que as pessoas se sintam parte da constru\u00e7\u00e3o e tamb\u00e9m contribuam com as melhorias para a nossa cidade. Estamos juntos nessa\u201d, afirmou o presidente da Associa\u00e7\u00e3o de Moradores do bairro Piranga II, Domingos de Souza. O presidente da associa\u00e7\u00e3o do bairro Monte Castelo, Joathan Carvalho tamb\u00e9m aprovou o Programa. \u201cEstamos precisando desse espa\u00e7o, que vai aproximar as comunidades da Prefeitura, e dessa maneira identificar as necessidades de cada bairro e Distrito, e juntos definirmos o que \u00e9 prioridade. O prefeito est\u00e1 de parab\u00e9ns\u201d, disse.<\/p>\n<p style=\"text-align: justify;\">A secret\u00e1ria de Educa\u00e7\u00e3o e Juventude e coordenadora geral do Programa, Lucinete Alves apresentou como vai funcionar o Prefeitura Cidad\u00e3. \u00a0\u201cEst\u00e3o sendo formados o Comit\u00ea Gestor, o Intersetorial e o Conselho Comunit\u00e1rio. O primeiro tem a finalidade de propor, fiscalizar e deliberar sobre as demandas referentes \u00e0s obras e servi\u00e7os de responsabilidade do poder P\u00fablico Municipal. J\u00e1 o Intersetorial, composto por servidores municipais, que ir\u00e3o atuar como coordenadores de \u00e1rea, de acordo com o bairro que residem, ser\u00e3o os principais respons\u00e1veis pela articula\u00e7\u00e3o da sociedade civil, para participar de todos os atos que envolvam o Programa Prefeitura Cidad\u00e3. A popula\u00e7\u00e3o de um modo geral vai participar por meio dos Conselhos Comunit\u00e1rios, representada por institui\u00e7\u00f5es existentes e atuantes nos bairros e distritos de Juazeiro, contribuindo assim com o governo para continuarmos melhorando cada dia mais a vida das pessoas\u201d, explicou Lucinete.<\/p>\n<p style=\"text-align: justify;\">Durante o lan\u00e7amento, o prefeito assinou o Projeto de Lei do Programa Prefeitura Cidad\u00e3, que foi entregue ao representante da C\u00e2mara Municipal de Vereadores. O evento contou com apresenta\u00e7\u00e3o da Trup Novo Ato \u2013 Contadores de Hist\u00f3rias, do bairro Piranga, que apresentaram a Ciranda do Rio, sob a dire\u00e7\u00e3o do professor Willian Fernando, homenageando o anivers\u00e1rio do Rio S\u00e3o Francisco, comemorado nesta quarta-feira (04).<\/p>\n<p style=\"text-align: justify;\">Participaram do lan\u00e7amento o deputado estadual, Crisostomo Lima, o Z\u00f3, o presidente da C\u00e2mara de Vereadores, Alex Tanuri, o secret\u00e1rio de Governo, Cleriston Andrade, o presidente da Federa\u00e7\u00e3o Municipal das Associa\u00e7\u00f5es de Moradores, Francisco Od\u00e9cio, o popular Chico Bito, secret\u00e1rios de Governo, educadores, empres\u00e1rios e lideran\u00e7as comunit\u00e1rias.<\/p>\n<p>Por Emanuelle Lustosa\/SEDUC<\/p>\n","protected":false},"excerpt":{"rendered":"<p>Com um p\u00fablico de mais de mil pessoas entre lideran\u00e7as comunit\u00e1rias, agentes p\u00fablicos, empres\u00e1rios, autoridades e a comunidade em geral, o prefeito Paulo Bomfim lan\u00e7ou nesta quinta-feira (05), o Programa Prefeitura Cidad\u00e3, no Ju\u00e1 Garden Shopping, em Juazeiro. O programa Prefeitura Cidad\u00e3 tem como objetivo criar espa\u00e7os permanentes para o di\u00e1logo entre o Governo Municipal e a popula\u00e7\u00e3o, para obter o diagn\u00f3stico correto das demandas de cada comunidade, atrav\u00e9s dos agentes p\u00fablicos das diversas secretarias da Prefeitura.\u00a0\u201cEsse contato constante do Governo com a popula\u00e7\u00e3o \u00e9 de grande import\u00e2ncia. O Prefeitura Cidad\u00e3 foi idealizado para garantir a democratiza\u00e7\u00e3o da nossa gest\u00e3o, possibilitando a participa\u00e7\u00e3o das comunidades na aplica\u00e7\u00e3o e defini\u00e7\u00e3o das prioridades das obras e dos servi\u00e7os que s\u00e3o obriga\u00e7\u00e3o da&hellip; <\/p>\n","protected":false},"author":1,"featured_media":178287,"comment_status":"open","ping_status":"open","sticky":false,"template":"","format":"standard","meta":{"_acf_changed":false,"footnotes":""},"categories":[44],"tags":[],"class_list":["post-178286","post","type-post","status-publish","format-standard","has-post-thumbnail","hentry","category-administracao"],"acf":[],"yoast_head":"<!-- This site is optimized with the Yoast SEO plugin v27.4 - https:\/\/yoast.com\/product\/yoast-seo-wordpress\/ -->\n<title>PREFEITO PAULO BOMFIM LAN\u00c7A PROGRAMA PREFEITURA CIDAD\u00c3 EM JUAZEIRO - Blog do Farn\u00e9sio<\/title>\n<meta name=\"robots\" content=\"index, follow, max-snippet:-1, max-image-preview:large, max-video-preview:-1\" \/>\n<link rel=\"canonical\" href=\"https:\/\/blogdofarnesio.com.br\/?p=178286\" \/>\n<meta property=\"og:locale\" content=\"pt_BR\" \/>\n<meta property=\"og:type\" content=\"article\" \/>\n<meta property=\"og:title\" content=\"PREFEITO PAULO BOMFIM LAN\u00c7A PROGRAMA PREFEITURA CIDAD\u00c3 EM JUAZEIRO - Blog do Farn\u00e9sio\" \/>\n<meta property=\"og:description\" content=\"Com um p\u00fablico de mais de mil pessoas entre lideran\u00e7as comunit\u00e1rias, agentes p\u00fablicos, empres\u00e1rios, autoridades e a comunidade em geral, o prefeito Paulo Bomfim lan\u00e7ou nesta quinta-feira (05), o Programa Prefeitura Cidad\u00e3, no Ju\u00e1 Garden Shopping, em Juazeiro. O programa Prefeitura Cidad\u00e3 tem como objetivo criar espa\u00e7os permanentes para o di\u00e1logo entre o Governo Municipal e a popula\u00e7\u00e3o, para obter o diagn\u00f3stico correto das demandas de cada comunidade, atrav\u00e9s dos agentes p\u00fablicos das diversas secretarias da Prefeitura.\u00a0\u201cEsse contato constante do Governo com a popula\u00e7\u00e3o \u00e9 de grande import\u00e2ncia. O Prefeitura Cidad\u00e3 foi idealizado para garantir a democratiza\u00e7\u00e3o da nossa gest\u00e3o, possibilitando a participa\u00e7\u00e3o das comunidades na aplica\u00e7\u00e3o e defini\u00e7\u00e3o das prioridades das obras e dos servi\u00e7os que s\u00e3o obriga\u00e7\u00e3o da&hellip;\" \/>\n<meta property=\"og:url\" content=\"https:\/\/blogdofarnesio.com.br\/?p=178286\" \/>\n<meta property=\"og:site_name\" content=\"Blog do Farn\u00e9sio\" \/>\n<meta property=\"article:publisher\" content=\"https:\/\/www.facebook.com\/BlogQuerSaberPolitica\/\" \/>\n<meta property=\"article:published_time\" content=\"2017-10-06T18:20:10+00:00\" \/>\n<meta property=\"og:image\" content=\"https:\/\/blogdofarnesio.com.br\/wp-content\/uploads\/2017\/10\/blogqsp-paulo-Lan\u00e7a-Prefeitura-Cidad\u00e3-3.jpg\" \/>\n\t<meta property=\"og:image:width\" content=\"640\" \/>\n\t<meta property=\"og:image:height\" content=\"426\" \/>\n\t<meta property=\"og:image:type\" content=\"image\/jpeg\" \/>\n<meta name=\"author\" content=\"Farn\u00e9sio\" \/>\n<meta name=\"twitter:card\" content=\"summary_large_image\" \/>\n<meta name=\"twitter:label1\" content=\"Escrito por\" \/>\n\t<meta name=\"twitter:data1\" content=\"Farn\u00e9sio\" \/>\n\t<meta name=\"twitter:label2\" content=\"Est. tempo de leitura\" \/>\n\t<meta name=\"twitter:data2\" content=\"3 minutos\" \/>\n<script type=\"application\/ld+json\" class=\"yoast-schema-graph\">{\"@context\":\"https:\\\/\\\/schema.org\",\"@graph\":[{\"@type\":\"Article\",\"@id\":\"https:\\\/\\\/blogdofarnesio.com.br\\\/?p=178286#article\",\"isPartOf\":{\"@id\":\"https:\\\/\\\/blogdofarnesio.com.br\\\/?p=178286\"},\"author\":{\"name\":\"Farn\u00e9sio\",\"@id\":\"https:\\\/\\\/blogdofarnesio.com.br\\\/#\\\/schema\\\/person\\\/301c4acf522bccbfdb45af95b5b906a1\"},\"headline\":\"PREFEITO PAULO BOMFIM LAN\u00c7A PROGRAMA PREFEITURA CIDAD\u00c3 EM JUAZEIRO\",\"datePublished\":\"2017-10-06T18:20:10+00:00\",\"mainEntityOfPage\":{\"@id\":\"https:\\\/\\\/blogdofarnesio.com.br\\\/?p=178286\"},\"wordCount\":681,\"commentCount\":0,\"publisher\":{\"@id\":\"https:\\\/\\\/blogdofarnesio.com.br\\\/#organization\"},\"image\":{\"@id\":\"https:\\\/\\\/blogdofarnesio.com.br\\\/?p=178286#primaryimage\"},\"thumbnailUrl\":\"https:\\\/\\\/blogdofarnesio.com.br\\\/wp-content\\\/uploads\\\/2017\\\/10\\\/blogqsp-paulo-Lan\u00e7a-Prefeitura-Cidad\u00e3-3.jpg\",\"articleSection\":[\"Administra\u00e7\u00e3o\"],\"inLanguage\":\"pt-BR\",\"potentialAction\":[{\"@type\":\"CommentAction\",\"name\":\"Comment\",\"target\":[\"https:\\\/\\\/blogdofarnesio.com.br\\\/?p=178286#respond\"]}]},{\"@type\":\"WebPage\",\"@id\":\"https:\\\/\\\/blogdofarnesio.com.br\\\/?p=178286\",\"url\":\"https:\\\/\\\/blogdofarnesio.com.br\\\/?p=178286\",\"name\":\"PREFEITO PAULO BOMFIM LAN\u00c7A PROGRAMA PREFEITURA CIDAD\u00c3 EM JUAZEIRO - Blog do Farn\u00e9sio\",\"isPartOf\":{\"@id\":\"https:\\\/\\\/blogdofarnesio.com.br\\\/#website\"},\"primaryImageOfPage\":{\"@id\":\"https:\\\/\\\/blogdofarnesio.com.br\\\/?p=178286#primaryimage\"},\"image\":{\"@id\":\"https:\\\/\\\/blogdofarnesio.com.br\\\/?p=178286#primaryimage\"},\"thumbnailUrl\":\"https:\\\/\\\/blogdofarnesio.com.br\\\/wp-content\\\/uploads\\\/2017\\\/10\\\/blogqsp-paulo-Lan\u00e7a-Prefeitura-Cidad\u00e3-3.jpg\",\"datePublished\":\"2017-10-06T18:20:10+00:00\",\"breadcrumb\":{\"@id\":\"https:\\\/\\\/blogdofarnesio.com.br\\\/?p=178286#breadcrumb\"},\"inLanguage\":\"pt-BR\",\"potentialAction\":[{\"@type\":\"ReadAction\",\"target\":[\"https:\\\/\\\/blogdofarnesio.com.br\\\/?p=178286\"]}]},{\"@type\":\"ImageObject\",\"inLanguage\":\"pt-BR\",\"@id\":\"https:\\\/\\\/blogdofarnesio.com.br\\\/?p=178286#primaryimage\",\"url\":\"https:\\\/\\\/blogdofarnesio.com.br\\\/wp-content\\\/uploads\\\/2017\\\/10\\\/blogqsp-paulo-Lan\u00e7a-Prefeitura-Cidad\u00e3-3.jpg\",\"contentUrl\":\"https:\\\/\\\/blogdofarnesio.com.br\\\/wp-content\\\/uploads\\\/2017\\\/10\\\/blogqsp-paulo-Lan\u00e7a-Prefeitura-Cidad\u00e3-3.jpg\",\"width\":640,\"height\":426},{\"@type\":\"BreadcrumbList\",\"@id\":\"https:\\\/\\\/blogdofarnesio.com.br\\\/?p=178286#breadcrumb\",\"itemListElement\":[{\"@type\":\"ListItem\",\"position\":1,\"name\":\"In\u00edcio\",\"item\":\"https:\\\/\\\/blogdofarnesio.com.br\\\/\"},{\"@type\":\"ListItem\",\"position\":2,\"name\":\"PREFEITO PAULO BOMFIM LAN\u00c7A PROGRAMA PREFEITURA CIDAD\u00c3 EM JUAZEIRO\"}]},{\"@type\":\"WebSite\",\"@id\":\"https:\\\/\\\/blogdofarnesio.com.br\\\/#website\",\"url\":\"https:\\\/\\\/blogdofarnesio.com.br\\\/\",\"name\":\"Blog do Farn\u00e9sio\",\"description\":\"Quer Saber Pol\u00edtica?\",\"publisher\":{\"@id\":\"https:\\\/\\\/blogdofarnesio.com.br\\\/#organization\"},\"potentialAction\":[{\"@type\":\"SearchAction\",\"target\":{\"@type\":\"EntryPoint\",\"urlTemplate\":\"https:\\\/\\\/blogdofarnesio.com.br\\\/?s={search_term_string}\"},\"query-input\":{\"@type\":\"PropertyValueSpecification\",\"valueRequired\":true,\"valueName\":\"search_term_string\"}}],\"inLanguage\":\"pt-BR\"},{\"@type\":\"Organization\",\"@id\":\"https:\\\/\\\/blogdofarnesio.com.br\\\/#organization\",\"name\":\"Blog do Farn\u00e9sio\",\"url\":\"https:\\\/\\\/blogdofarnesio.com.br\\\/\",\"logo\":{\"@type\":\"ImageObject\",\"inLanguage\":\"pt-BR\",\"@id\":\"https:\\\/\\\/blogdofarnesio.com.br\\\/#\\\/schema\\\/logo\\\/image\\\/\",\"url\":\"https:\\\/\\\/blogdofarnesio.com.br\\\/wp-content\\\/uploads\\\/2026\\\/03\\\/cropped-logo_new-1.png\",\"contentUrl\":\"https:\\\/\\\/blogdofarnesio.com.br\\\/wp-content\\\/uploads\\\/2026\\\/03\\\/cropped-logo_new-1.png\",\"width\":881,\"height\":685,\"caption\":\"Blog do Farn\u00e9sio\"},\"image\":{\"@id\":\"https:\\\/\\\/blogdofarnesio.com.br\\\/#\\\/schema\\\/logo\\\/image\\\/\"},\"sameAs\":[\"https:\\\/\\\/www.facebook.com\\\/BlogQuerSaberPolitica\\\/\"]},{\"@type\":\"Person\",\"@id\":\"https:\\\/\\\/blogdofarnesio.com.br\\\/#\\\/schema\\\/person\\\/301c4acf522bccbfdb45af95b5b906a1\",\"name\":\"Farn\u00e9sio\",\"image\":{\"@type\":\"ImageObject\",\"inLanguage\":\"pt-BR\",\"@id\":\"https:\\\/\\\/secure.gravatar.com\\\/avatar\\\/df0c9a14567c056f8ad6876ba5bbd1e3e2c48023eb6807342fc4663adf549f38?s=96&d=mm&r=g\",\"url\":\"https:\\\/\\\/secure.gravatar.com\\\/avatar\\\/df0c9a14567c056f8ad6876ba5bbd1e3e2c48023eb6807342fc4663adf549f38?s=96&d=mm&r=g\",\"contentUrl\":\"https:\\\/\\\/secure.gravatar.com\\\/avatar\\\/df0c9a14567c056f8ad6876ba5bbd1e3e2c48023eb6807342fc4663adf549f38?s=96&d=mm&r=g\",\"caption\":\"Farn\u00e9sio\"},\"sameAs\":[\"https:\\\/\\\/quersaberpolitica.com.br\"],\"url\":\"https:\\\/\\\/blogdofarnesio.com.br\\\/?author=1\"}]}<\/script>\n<!-- \/ Yoast SEO plugin. -->","yoast_head_json":{"title":"PREFEITO PAULO BOMFIM LAN\u00c7A PROGRAMA PREFEITURA CIDAD\u00c3 EM JUAZEIRO - Blog do Farn\u00e9sio","robots":{"index":"index","follow":"follow","max-snippet":"max-snippet:-1","max-image-preview":"max-image-preview:large","max-video-preview":"max-video-preview:-1"},"canonical":"https:\/\/blogdofarnesio.com.br\/?p=178286","og_locale":"pt_BR","og_type":"article","og_title":"PREFEITO PAULO BOMFIM LAN\u00c7A PROGRAMA PREFEITURA CIDAD\u00c3 EM JUAZEIRO - Blog do Farn\u00e9sio","og_description":"Com um p\u00fablico de mais de mil pessoas entre lideran\u00e7as comunit\u00e1rias, agentes p\u00fablicos, empres\u00e1rios, autoridades e a comunidade em geral, o prefeito Paulo Bomfim lan\u00e7ou nesta quinta-feira (05), o Programa Prefeitura Cidad\u00e3, no Ju\u00e1 Garden Shopping, em Juazeiro. O programa Prefeitura Cidad\u00e3 tem como objetivo criar espa\u00e7os permanentes para o di\u00e1logo entre o Governo Municipal e a popula\u00e7\u00e3o, para obter o diagn\u00f3stico correto das demandas de cada comunidade, atrav\u00e9s dos agentes p\u00fablicos das diversas secretarias da Prefeitura.\u00a0\u201cEsse contato constante do Governo com a popula\u00e7\u00e3o \u00e9 de grande import\u00e2ncia. O Prefeitura Cidad\u00e3 foi idealizado para garantir a democratiza\u00e7\u00e3o da nossa gest\u00e3o, possibilitando a participa\u00e7\u00e3o das comunidades na aplica\u00e7\u00e3o e defini\u00e7\u00e3o das prioridades das obras e dos servi\u00e7os que s\u00e3o obriga\u00e7\u00e3o da&hellip;","og_url":"https:\/\/blogdofarnesio.com.br\/?p=178286","og_site_name":"Blog do Farn\u00e9sio","article_publisher":"https:\/\/www.facebook.com\/BlogQuerSaberPolitica\/","article_published_time":"2017-10-06T18:20:10+00:00","og_image":[{"width":640,"height":426,"url":"https:\/\/blogdofarnesio.com.br\/wp-content\/uploads\/2017\/10\/blogqsp-paulo-Lan\u00e7a-Prefeitura-Cidad\u00e3-3.jpg","type":"image\/jpeg"}],"author":"Farn\u00e9sio","twitter_card":"summary_large_image","twitter_misc":{"Escrito por":"Farn\u00e9sio","Est. tempo de leitura":"3 minutos"},"schema":{"@context":"https:\/\/schema.org","@graph":[{"@type":"Article","@id":"https:\/\/blogdofarnesio.com.br\/?p=178286#article","isPartOf":{"@id":"https:\/\/blogdofarnesio.com.br\/?p=178286"},"author":{"name":"Farn\u00e9sio","@id":"https:\/\/blogdofarnesio.com.br\/#\/schema\/person\/301c4acf522bccbfdb45af95b5b906a1"},"headline":"PREFEITO PAULO BOMFIM LAN\u00c7A PROGRAMA PREFEITURA CIDAD\u00c3 EM JUAZEIRO","datePublished":"2017-10-06T18:20:10+00:00","mainEntityOfPage":{"@id":"https:\/\/blogdofarnesio.com.br\/?p=178286"},"wordCount":681,"commentCount":0,"publisher":{"@id":"https:\/\/blogdofarnesio.com.br\/#organization"},"image":{"@id":"https:\/\/blogdofarnesio.com.br\/?p=178286#primaryimage"},"thumbnailUrl":"https:\/\/blogdofarnesio.com.br\/wp-content\/uploads\/2017\/10\/blogqsp-paulo-Lan\u00e7a-Prefeitura-Cidad\u00e3-3.jpg","articleSection":["Administra\u00e7\u00e3o"],"inLanguage":"pt-BR","potentialAction":[{"@type":"CommentAction","name":"Comment","target":["https:\/\/blogdofarnesio.com.br\/?p=178286#respond"]}]},{"@type":"WebPage","@id":"https:\/\/blogdofarnesio.com.br\/?p=178286","url":"https:\/\/blogdofarnesio.com.br\/?p=178286","name":"PREFEITO PAULO BOMFIM LAN\u00c7A PROGRAMA PREFEITURA CIDAD\u00c3 EM JUAZEIRO - Blog do Farn\u00e9sio","isPartOf":{"@id":"https:\/\/blogdofarnesio.com.br\/#website"},"primaryImageOfPage":{"@id":"https:\/\/blogdofarnesio.com.br\/?p=178286#primaryimage"},"image":{"@id":"https:\/\/blogdofarnesio.com.br\/?p=178286#primaryimage"},"thumbnailUrl":"https:\/\/blogdofarnesio.com.br\/wp-content\/uploads\/2017\/10\/blogqsp-paulo-Lan\u00e7a-Prefeitura-Cidad\u00e3-3.jpg","datePublished":"2017-10-06T18:20:10+00:00","breadcrumb":{"@id":"https:\/\/blogdofarnesio.com.br\/?p=178286#breadcrumb"},"inLanguage":"pt-BR","potentialAction":[{"@type":"ReadAction","target":["https:\/\/blogdofarnesio.com.br\/?p=178286"]}]},{"@type":"ImageObject","inLanguage":"pt-BR","@id":"https:\/\/blogdofarnesio.com.br\/?p=178286#primaryimage","url":"https:\/\/blogdofarnesio.com.br\/wp-content\/uploads\/2017\/10\/blogqsp-paulo-Lan\u00e7a-Prefeitura-Cidad\u00e3-3.jpg","contentUrl":"https:\/\/blogdofarnesio.com.br\/wp-content\/uploads\/2017\/10\/blogqsp-paulo-Lan\u00e7a-Prefeitura-Cidad\u00e3-3.jpg","width":640,"height":426},{"@type":"BreadcrumbList","@id":"https:\/\/blogdofarnesio.com.br\/?p=178286#breadcrumb","itemListElement":[{"@type":"ListItem","position":1,"name":"In\u00edcio","item":"https:\/\/blogdofarnesio.com.br\/"},{"@type":"ListItem","position":2,"name":"PREFEITO PAULO BOMFIM LAN\u00c7A PROGRAMA PREFEITURA CIDAD\u00c3 EM JUAZEIRO"}]},{"@type":"WebSite","@id":"https:\/\/blogdofarnesio.com.br\/#website","url":"https:\/\/blogdofarnesio.com.br\/","name":"Blog do Farn\u00e9sio","description":"Quer Saber Pol\u00edtica?","publisher":{"@id":"https:\/\/blogdofarnesio.com.br\/#organization"},"potentialAction":[{"@type":"SearchAction","target":{"@type":"EntryPoint","urlTemplate":"https:\/\/blogdofarnesio.com.br\/?s={search_term_string}"},"query-input":{"@type":"PropertyValueSpecification","valueRequired":true,"valueName":"search_term_string"}}],"inLanguage":"pt-BR"},{"@type":"Organization","@id":"https:\/\/blogdofarnesio.com.br\/#organization","name":"Blog do Farn\u00e9sio","url":"https:\/\/blogdofarnesio.com.br\/","logo":{"@type":"ImageObject","inLanguage":"pt-BR","@id":"https:\/\/blogdofarnesio.com.br\/#\/schema\/logo\/image\/","url":"https:\/\/blogdofarnesio.com.br\/wp-content\/uploads\/2026\/03\/cropped-logo_new-1.png","contentUrl":"https:\/\/blogdofarnesio.com.br\/wp-content\/uploads\/2026\/03\/cropped-logo_new-1.png","width":881,"height":685,"caption":"Blog do Farn\u00e9sio"},"image":{"@id":"https:\/\/blogdofarnesio.com.br\/#\/schema\/logo\/image\/"},"sameAs":["https:\/\/www.facebook.com\/BlogQuerSaberPolitica\/"]},{"@type":"Person","@id":"https:\/\/blogdofarnesio.com.br\/#\/schema\/person\/301c4acf522bccbfdb45af95b5b906a1","name":"Farn\u00e9sio","image":{"@type":"ImageObject","inLanguage":"pt-BR","@id":"https:\/\/secure.gravatar.com\/avatar\/df0c9a14567c056f8ad6876ba5bbd1e3e2c48023eb6807342fc4663adf549f38?s=96&d=mm&r=g","url":"https:\/\/secure.gravatar.com\/avatar\/df0c9a14567c056f8ad6876ba5bbd1e3e2c48023eb6807342fc4663adf549f38?s=96&d=mm&r=g","contentUrl":"https:\/\/secure.gravatar.com\/avatar\/df0c9a14567c056f8ad6876ba5bbd1e3e2c48023eb6807342fc4663adf549f38?s=96&d=mm&r=g","caption":"Farn\u00e9sio"},"sameAs":["https:\/\/quersaberpolitica.com.br"],"url":"https:\/\/blogdofarnesio.com.br\/?author=1"}]}},"_links":{"self":[{"href":"https:\/\/blogdofarnesio.com.br\/index.php?rest_route=\/wp\/v2\/posts\/178286","targetHints":{"allow":["GET"]}}],"collection":[{"href":"https:\/\/blogdofarnesio.com.br\/index.php?rest_route=\/wp\/v2\/posts"}],"about":[{"href":"https:\/\/blogdofarnesio.com.br\/index.php?rest_route=\/wp\/v2\/types\/post"}],"author":[{"embeddable":true,"href":"https:\/\/blogdofarnesio.com.br\/index.php?rest_route=\/wp\/v2\/users\/1"}],"replies":[{"embeddable":true,"href":"https:\/\/blogdofarnesio.com.br\/index.php?rest_route=%2Fwp%2Fv2%2Fcomments&post=178286"}],"version-history":[{"count":0,"href":"https:\/\/blogdofarnesio.com.br\/index.php?rest_route=\/wp\/v2\/posts\/178286\/revisions"}],"wp:featuredmedia":[{"embeddable":true,"href":"https:\/\/blogdofarnesio.com.br\/index.php?rest_route=\/wp\/v2\/media\/178287"}],"wp:attachment":[{"href":"https:\/\/blogdofarnesio.com.br\/index.php?rest_route=%2Fwp%2Fv2%2Fmedia&parent=178286"}],"wp:term":[{"taxonomy":"category","embeddable":true,"href":"https:\/\/blogdofarnesio.com.br\/index.php?rest_route=%2Fwp%2Fv2%2Fcategories&post=178286"},{"taxonomy":"post_tag","embeddable":true,"href":"https:\/\/blogdofarnesio.com.br\/index.php?rest_route=%2Fwp%2Fv2%2Ftags&post=178286"}],"curies":[{"name":"wp","href":"https:\/\/api.w.org\/{rel}","templated":true}]}}