{"id":178260,"date":"2017-10-06T14:40:34","date_gmt":"2017-10-06T17:40:34","guid":{"rendered":"http:\/\/quersaberpolitica.com.br\/2016\/?p=178260"},"modified":"2017-10-06T10:36:51","modified_gmt":"2017-10-06T13:36:51","slug":"petrolina-participa-iv-encontro-regional-nordeste-de-educacao-de-jovens-e-adultos","status":"publish","type":"post","link":"https:\/\/blogdofarnesio.com.br\/?p=178260","title":{"rendered":"PETROLINA PARTICIPA IV ENCONTRO REGIONAL NORDESTE DE EDUCA\u00c7\u00c3O DE JOVENS E ADULTOS"},"content":{"rendered":"<p style=\"text-align: justify;\">\u201c20 anos de EJA na LDB e a atual conjuntura s\u00f3cio pol\u00edtica: por nenhum direito a menos\u201d. Este \u00e9 o tema que est\u00e1 sendo debatido no IV Encontro Regional Nordeste de Educa\u00e7\u00e3o de Jovens e Adultos (EREJA) que est\u00e1 acontecendo nesta semana, em Recife.<\/p>\n<p style=\"text-align: justify;\">Representantes de diversos munic\u00edpios dos estados da regi\u00e3o est\u00e3o reunidos\u00a0 para discutir essa tem\u00e1tica. A coordenadora do programa, Rosangela Castro, est\u00e1 representando Petrolina no evento. A capital sertaneja sediar\u00e1 o encontro Nacional ainda este ano.<\/p>\n<p style=\"text-align: justify;\">Para Ros\u00e2ngela Castro, o espa\u00e7o \u00e9 muito importante para a consolida\u00e7\u00e3o das a\u00e7\u00f5es e pol\u00edticas na \u00e1rea. \u201cA alfabetiza\u00e7\u00e3o de Jovens e Adultos \u00e9 um desafio, mas, juntos, estamos debatendo novas metodologias para avan\u00e7ar e melhorar os \u00edndices\u201d, pontuou. Em 2016, de acordo com censo escolar, 2.195 alunos da rede municipal tiveram suas matriculas efetuadas nessa modalidade. J\u00e1 em 2017, 18 unidades, na sede e no interior, oferecem EJA.<\/p>\n<p style=\"text-align: justify;\">Segundo Cintia Santos, coordenadora do EREJA, os participantes est\u00e3o discutindo as politicas que ser\u00e3o apresentadas no encontro Nacional, que vai acontecer em Petrolina.<\/p>\n<p style=\"text-align: justify;\"><strong>ENEJA<\/strong><\/p>\n<p style=\"text-align: justify;\">Durante o per\u00edodo de 28 a 30 de novembro, Petrolina ir\u00e1 sediar o XV Encontro Nacional de Educa\u00e7\u00e3o de Jovens e Adultos \u2013 ENEJA. O encontro ser\u00e1 realizado no Audit\u00f3rio do Senai e ter\u00e1 como tema: \u2018EJA na atual conjuntura politica econ\u00f4mica e social: desafios e possibilidade de luta\u2019.<\/p>\n<p style=\"text-align: justify;\">A expectativa dos organizadores \u00e9 reunir 350 participantes de todo o pa\u00eds. A programa\u00e7\u00e3o ter\u00e1 mesas tem\u00e1ticas, grupos de trabalho por \u00e1rea de interesse e segmentos (gestores, educadores, educandos, movimentos sociais, ONGs e institui\u00e7\u00f5es de ensino superior), al\u00e9m de reuni\u00e3o com representantes dos F\u00f3runs de EJA estaduais e atividades culturais.<\/p>\n","protected":false},"excerpt":{"rendered":"<p>\u201c20 anos de EJA na LDB e a atual conjuntura s\u00f3cio pol\u00edtica: por nenhum direito a menos\u201d. Este \u00e9 o tema que est\u00e1 sendo debatido no IV Encontro Regional Nordeste de Educa\u00e7\u00e3o de Jovens e Adultos (EREJA) que est\u00e1 acontecendo nesta semana, em Recife. Representantes de diversos munic\u00edpios dos estados da regi\u00e3o est\u00e3o reunidos\u00a0 para discutir essa tem\u00e1tica. A coordenadora do programa, Rosangela Castro, est\u00e1 representando Petrolina no evento. A capital sertaneja sediar\u00e1 o encontro Nacional ainda este ano. Para Ros\u00e2ngela Castro, o espa\u00e7o \u00e9 muito importante para a consolida\u00e7\u00e3o das a\u00e7\u00f5es e pol\u00edticas na \u00e1rea. \u201cA alfabetiza\u00e7\u00e3o de Jovens e Adultos \u00e9 um desafio, mas, juntos, estamos debatendo novas metodologias para avan\u00e7ar e melhorar os \u00edndices\u201d, pontuou. Em 2016,&hellip; <\/p>\n","protected":false},"author":1,"featured_media":178261,"comment_status":"open","ping_status":"open","sticky":false,"template":"","format":"standard","meta":{"_acf_changed":false,"footnotes":""},"categories":[44],"tags":[],"class_list":["post-178260","post","type-post","status-publish","format-standard","has-post-thumbnail","hentry","category-administracao"],"acf":[],"yoast_head":"<!-- This site is optimized with the Yoast SEO plugin v27.4 - https:\/\/yoast.com\/product\/yoast-seo-wordpress\/ -->\n<title>PETROLINA PARTICIPA IV ENCONTRO REGIONAL NORDESTE DE EDUCA\u00c7\u00c3O DE JOVENS E ADULTOS - Blog do Farn\u00e9sio<\/title>\n<meta name=\"robots\" content=\"index, follow, max-snippet:-1, max-image-preview:large, max-video-preview:-1\" \/>\n<link rel=\"canonical\" href=\"https:\/\/blogdofarnesio.com.br\/?p=178260\" \/>\n<meta property=\"og:locale\" content=\"pt_BR\" \/>\n<meta property=\"og:type\" content=\"article\" \/>\n<meta property=\"og:title\" content=\"PETROLINA PARTICIPA IV ENCONTRO REGIONAL NORDESTE DE EDUCA\u00c7\u00c3O DE JOVENS E ADULTOS - Blog do Farn\u00e9sio\" \/>\n<meta property=\"og:description\" content=\"\u201c20 anos de EJA na LDB e a atual conjuntura s\u00f3cio pol\u00edtica: por nenhum direito a menos\u201d. Este \u00e9 o tema que est\u00e1 sendo debatido no IV Encontro Regional Nordeste de Educa\u00e7\u00e3o de Jovens e Adultos (EREJA) que est\u00e1 acontecendo nesta semana, em Recife. Representantes de diversos munic\u00edpios dos estados da regi\u00e3o est\u00e3o reunidos\u00a0 para discutir essa tem\u00e1tica. A coordenadora do programa, Rosangela Castro, est\u00e1 representando Petrolina no evento. A capital sertaneja sediar\u00e1 o encontro Nacional ainda este ano. Para Ros\u00e2ngela Castro, o espa\u00e7o \u00e9 muito importante para a consolida\u00e7\u00e3o das a\u00e7\u00f5es e pol\u00edticas na \u00e1rea. \u201cA alfabetiza\u00e7\u00e3o de Jovens e Adultos \u00e9 um desafio, mas, juntos, estamos debatendo novas metodologias para avan\u00e7ar e melhorar os \u00edndices\u201d, pontuou. Em 2016,&hellip;\" \/>\n<meta property=\"og:url\" content=\"https:\/\/blogdofarnesio.com.br\/?p=178260\" \/>\n<meta property=\"og:site_name\" content=\"Blog do Farn\u00e9sio\" \/>\n<meta property=\"article:publisher\" content=\"https:\/\/www.facebook.com\/BlogQuerSaberPolitica\/\" \/>\n<meta property=\"article:published_time\" content=\"2017-10-06T17:40:34+00:00\" \/>\n<meta property=\"og:image\" content=\"https:\/\/blogdofarnesio.com.br\/wp-content\/uploads\/2017\/10\/blogqsp-EREJA.jpeg\" \/>\n\t<meta property=\"og:image:width\" content=\"640\" \/>\n\t<meta property=\"og:image:height\" content=\"360\" \/>\n\t<meta property=\"og:image:type\" content=\"image\/jpeg\" \/>\n<meta name=\"author\" content=\"Farn\u00e9sio\" \/>\n<meta name=\"twitter:card\" content=\"summary_large_image\" \/>\n<meta name=\"twitter:label1\" content=\"Escrito por\" \/>\n\t<meta name=\"twitter:data1\" content=\"Farn\u00e9sio\" \/>\n\t<meta name=\"twitter:label2\" content=\"Est. tempo de leitura\" \/>\n\t<meta name=\"twitter:data2\" content=\"1 minuto\" \/>\n<script type=\"application\/ld+json\" class=\"yoast-schema-graph\">{\"@context\":\"https:\\\/\\\/schema.org\",\"@graph\":[{\"@type\":\"Article\",\"@id\":\"https:\\\/\\\/blogdofarnesio.com.br\\\/?p=178260#article\",\"isPartOf\":{\"@id\":\"https:\\\/\\\/blogdofarnesio.com.br\\\/?p=178260\"},\"author\":{\"name\":\"Farn\u00e9sio\",\"@id\":\"https:\\\/\\\/blogdofarnesio.com.br\\\/#\\\/schema\\\/person\\\/301c4acf522bccbfdb45af95b5b906a1\"},\"headline\":\"PETROLINA PARTICIPA IV ENCONTRO REGIONAL NORDESTE DE EDUCA\u00c7\u00c3O DE JOVENS E ADULTOS\",\"datePublished\":\"2017-10-06T17:40:34+00:00\",\"mainEntityOfPage\":{\"@id\":\"https:\\\/\\\/blogdofarnesio.com.br\\\/?p=178260\"},\"wordCount\":298,\"commentCount\":0,\"publisher\":{\"@id\":\"https:\\\/\\\/blogdofarnesio.com.br\\\/#organization\"},\"image\":{\"@id\":\"https:\\\/\\\/blogdofarnesio.com.br\\\/?p=178260#primaryimage\"},\"thumbnailUrl\":\"https:\\\/\\\/blogdofarnesio.com.br\\\/wp-content\\\/uploads\\\/2017\\\/10\\\/blogqsp-EREJA.jpeg\",\"articleSection\":[\"Administra\u00e7\u00e3o\"],\"inLanguage\":\"pt-BR\",\"potentialAction\":[{\"@type\":\"CommentAction\",\"name\":\"Comment\",\"target\":[\"https:\\\/\\\/blogdofarnesio.com.br\\\/?p=178260#respond\"]}]},{\"@type\":\"WebPage\",\"@id\":\"https:\\\/\\\/blogdofarnesio.com.br\\\/?p=178260\",\"url\":\"https:\\\/\\\/blogdofarnesio.com.br\\\/?p=178260\",\"name\":\"PETROLINA PARTICIPA IV ENCONTRO REGIONAL NORDESTE DE EDUCA\u00c7\u00c3O DE JOVENS E ADULTOS - Blog do Farn\u00e9sio\",\"isPartOf\":{\"@id\":\"https:\\\/\\\/blogdofarnesio.com.br\\\/#website\"},\"primaryImageOfPage\":{\"@id\":\"https:\\\/\\\/blogdofarnesio.com.br\\\/?p=178260#primaryimage\"},\"image\":{\"@id\":\"https:\\\/\\\/blogdofarnesio.com.br\\\/?p=178260#primaryimage\"},\"thumbnailUrl\":\"https:\\\/\\\/blogdofarnesio.com.br\\\/wp-content\\\/uploads\\\/2017\\\/10\\\/blogqsp-EREJA.jpeg\",\"datePublished\":\"2017-10-06T17:40:34+00:00\",\"breadcrumb\":{\"@id\":\"https:\\\/\\\/blogdofarnesio.com.br\\\/?p=178260#breadcrumb\"},\"inLanguage\":\"pt-BR\",\"potentialAction\":[{\"@type\":\"ReadAction\",\"target\":[\"https:\\\/\\\/blogdofarnesio.com.br\\\/?p=178260\"]}]},{\"@type\":\"ImageObject\",\"inLanguage\":\"pt-BR\",\"@id\":\"https:\\\/\\\/blogdofarnesio.com.br\\\/?p=178260#primaryimage\",\"url\":\"https:\\\/\\\/blogdofarnesio.com.br\\\/wp-content\\\/uploads\\\/2017\\\/10\\\/blogqsp-EREJA.jpeg\",\"contentUrl\":\"https:\\\/\\\/blogdofarnesio.com.br\\\/wp-content\\\/uploads\\\/2017\\\/10\\\/blogqsp-EREJA.jpeg\",\"width\":640,\"height\":360},{\"@type\":\"BreadcrumbList\",\"@id\":\"https:\\\/\\\/blogdofarnesio.com.br\\\/?p=178260#breadcrumb\",\"itemListElement\":[{\"@type\":\"ListItem\",\"position\":1,\"name\":\"In\u00edcio\",\"item\":\"https:\\\/\\\/blogdofarnesio.com.br\\\/\"},{\"@type\":\"ListItem\",\"position\":2,\"name\":\"PETROLINA PARTICIPA IV ENCONTRO REGIONAL NORDESTE DE EDUCA\u00c7\u00c3O DE JOVENS E ADULTOS\"}]},{\"@type\":\"WebSite\",\"@id\":\"https:\\\/\\\/blogdofarnesio.com.br\\\/#website\",\"url\":\"https:\\\/\\\/blogdofarnesio.com.br\\\/\",\"name\":\"Blog do Farn\u00e9sio\",\"description\":\"Quer Saber Pol\u00edtica?\",\"publisher\":{\"@id\":\"https:\\\/\\\/blogdofarnesio.com.br\\\/#organization\"},\"potentialAction\":[{\"@type\":\"SearchAction\",\"target\":{\"@type\":\"EntryPoint\",\"urlTemplate\":\"https:\\\/\\\/blogdofarnesio.com.br\\\/?s={search_term_string}\"},\"query-input\":{\"@type\":\"PropertyValueSpecification\",\"valueRequired\":true,\"valueName\":\"search_term_string\"}}],\"inLanguage\":\"pt-BR\"},{\"@type\":\"Organization\",\"@id\":\"https:\\\/\\\/blogdofarnesio.com.br\\\/#organization\",\"name\":\"Blog do Farn\u00e9sio\",\"url\":\"https:\\\/\\\/blogdofarnesio.com.br\\\/\",\"logo\":{\"@type\":\"ImageObject\",\"inLanguage\":\"pt-BR\",\"@id\":\"https:\\\/\\\/blogdofarnesio.com.br\\\/#\\\/schema\\\/logo\\\/image\\\/\",\"url\":\"https:\\\/\\\/blogdofarnesio.com.br\\\/wp-content\\\/uploads\\\/2026\\\/03\\\/cropped-logo_new-1.png\",\"contentUrl\":\"https:\\\/\\\/blogdofarnesio.com.br\\\/wp-content\\\/uploads\\\/2026\\\/03\\\/cropped-logo_new-1.png\",\"width\":881,\"height\":685,\"caption\":\"Blog do Farn\u00e9sio\"},\"image\":{\"@id\":\"https:\\\/\\\/blogdofarnesio.com.br\\\/#\\\/schema\\\/logo\\\/image\\\/\"},\"sameAs\":[\"https:\\\/\\\/www.facebook.com\\\/BlogQuerSaberPolitica\\\/\"]},{\"@type\":\"Person\",\"@id\":\"https:\\\/\\\/blogdofarnesio.com.br\\\/#\\\/schema\\\/person\\\/301c4acf522bccbfdb45af95b5b906a1\",\"name\":\"Farn\u00e9sio\",\"image\":{\"@type\":\"ImageObject\",\"inLanguage\":\"pt-BR\",\"@id\":\"https:\\\/\\\/secure.gravatar.com\\\/avatar\\\/df0c9a14567c056f8ad6876ba5bbd1e3e2c48023eb6807342fc4663adf549f38?s=96&d=mm&r=g\",\"url\":\"https:\\\/\\\/secure.gravatar.com\\\/avatar\\\/df0c9a14567c056f8ad6876ba5bbd1e3e2c48023eb6807342fc4663adf549f38?s=96&d=mm&r=g\",\"contentUrl\":\"https:\\\/\\\/secure.gravatar.com\\\/avatar\\\/df0c9a14567c056f8ad6876ba5bbd1e3e2c48023eb6807342fc4663adf549f38?s=96&d=mm&r=g\",\"caption\":\"Farn\u00e9sio\"},\"sameAs\":[\"https:\\\/\\\/quersaberpolitica.com.br\"],\"url\":\"https:\\\/\\\/blogdofarnesio.com.br\\\/?author=1\"}]}<\/script>\n<!-- \/ Yoast SEO plugin. -->","yoast_head_json":{"title":"PETROLINA PARTICIPA IV ENCONTRO REGIONAL NORDESTE DE EDUCA\u00c7\u00c3O DE JOVENS E ADULTOS - Blog do Farn\u00e9sio","robots":{"index":"index","follow":"follow","max-snippet":"max-snippet:-1","max-image-preview":"max-image-preview:large","max-video-preview":"max-video-preview:-1"},"canonical":"https:\/\/blogdofarnesio.com.br\/?p=178260","og_locale":"pt_BR","og_type":"article","og_title":"PETROLINA PARTICIPA IV ENCONTRO REGIONAL NORDESTE DE EDUCA\u00c7\u00c3O DE JOVENS E ADULTOS - Blog do Farn\u00e9sio","og_description":"\u201c20 anos de EJA na LDB e a atual conjuntura s\u00f3cio pol\u00edtica: por nenhum direito a menos\u201d. Este \u00e9 o tema que est\u00e1 sendo debatido no IV Encontro Regional Nordeste de Educa\u00e7\u00e3o de Jovens e Adultos (EREJA) que est\u00e1 acontecendo nesta semana, em Recife. Representantes de diversos munic\u00edpios dos estados da regi\u00e3o est\u00e3o reunidos\u00a0 para discutir essa tem\u00e1tica. A coordenadora do programa, Rosangela Castro, est\u00e1 representando Petrolina no evento. A capital sertaneja sediar\u00e1 o encontro Nacional ainda este ano. Para Ros\u00e2ngela Castro, o espa\u00e7o \u00e9 muito importante para a consolida\u00e7\u00e3o das a\u00e7\u00f5es e pol\u00edticas na \u00e1rea. \u201cA alfabetiza\u00e7\u00e3o de Jovens e Adultos \u00e9 um desafio, mas, juntos, estamos debatendo novas metodologias para avan\u00e7ar e melhorar os \u00edndices\u201d, pontuou. Em 2016,&hellip;","og_url":"https:\/\/blogdofarnesio.com.br\/?p=178260","og_site_name":"Blog do Farn\u00e9sio","article_publisher":"https:\/\/www.facebook.com\/BlogQuerSaberPolitica\/","article_published_time":"2017-10-06T17:40:34+00:00","og_image":[{"width":640,"height":360,"url":"https:\/\/blogdofarnesio.com.br\/wp-content\/uploads\/2017\/10\/blogqsp-EREJA.jpeg","type":"image\/jpeg"}],"author":"Farn\u00e9sio","twitter_card":"summary_large_image","twitter_misc":{"Escrito por":"Farn\u00e9sio","Est. tempo de leitura":"1 minuto"},"schema":{"@context":"https:\/\/schema.org","@graph":[{"@type":"Article","@id":"https:\/\/blogdofarnesio.com.br\/?p=178260#article","isPartOf":{"@id":"https:\/\/blogdofarnesio.com.br\/?p=178260"},"author":{"name":"Farn\u00e9sio","@id":"https:\/\/blogdofarnesio.com.br\/#\/schema\/person\/301c4acf522bccbfdb45af95b5b906a1"},"headline":"PETROLINA PARTICIPA IV ENCONTRO REGIONAL NORDESTE DE EDUCA\u00c7\u00c3O DE JOVENS E ADULTOS","datePublished":"2017-10-06T17:40:34+00:00","mainEntityOfPage":{"@id":"https:\/\/blogdofarnesio.com.br\/?p=178260"},"wordCount":298,"commentCount":0,"publisher":{"@id":"https:\/\/blogdofarnesio.com.br\/#organization"},"image":{"@id":"https:\/\/blogdofarnesio.com.br\/?p=178260#primaryimage"},"thumbnailUrl":"https:\/\/blogdofarnesio.com.br\/wp-content\/uploads\/2017\/10\/blogqsp-EREJA.jpeg","articleSection":["Administra\u00e7\u00e3o"],"inLanguage":"pt-BR","potentialAction":[{"@type":"CommentAction","name":"Comment","target":["https:\/\/blogdofarnesio.com.br\/?p=178260#respond"]}]},{"@type":"WebPage","@id":"https:\/\/blogdofarnesio.com.br\/?p=178260","url":"https:\/\/blogdofarnesio.com.br\/?p=178260","name":"PETROLINA PARTICIPA IV ENCONTRO REGIONAL NORDESTE DE EDUCA\u00c7\u00c3O DE JOVENS E ADULTOS - Blog do Farn\u00e9sio","isPartOf":{"@id":"https:\/\/blogdofarnesio.com.br\/#website"},"primaryImageOfPage":{"@id":"https:\/\/blogdofarnesio.com.br\/?p=178260#primaryimage"},"image":{"@id":"https:\/\/blogdofarnesio.com.br\/?p=178260#primaryimage"},"thumbnailUrl":"https:\/\/blogdofarnesio.com.br\/wp-content\/uploads\/2017\/10\/blogqsp-EREJA.jpeg","datePublished":"2017-10-06T17:40:34+00:00","breadcrumb":{"@id":"https:\/\/blogdofarnesio.com.br\/?p=178260#breadcrumb"},"inLanguage":"pt-BR","potentialAction":[{"@type":"ReadAction","target":["https:\/\/blogdofarnesio.com.br\/?p=178260"]}]},{"@type":"ImageObject","inLanguage":"pt-BR","@id":"https:\/\/blogdofarnesio.com.br\/?p=178260#primaryimage","url":"https:\/\/blogdofarnesio.com.br\/wp-content\/uploads\/2017\/10\/blogqsp-EREJA.jpeg","contentUrl":"https:\/\/blogdofarnesio.com.br\/wp-content\/uploads\/2017\/10\/blogqsp-EREJA.jpeg","width":640,"height":360},{"@type":"BreadcrumbList","@id":"https:\/\/blogdofarnesio.com.br\/?p=178260#breadcrumb","itemListElement":[{"@type":"ListItem","position":1,"name":"In\u00edcio","item":"https:\/\/blogdofarnesio.com.br\/"},{"@type":"ListItem","position":2,"name":"PETROLINA PARTICIPA IV ENCONTRO REGIONAL NORDESTE DE EDUCA\u00c7\u00c3O DE JOVENS E ADULTOS"}]},{"@type":"WebSite","@id":"https:\/\/blogdofarnesio.com.br\/#website","url":"https:\/\/blogdofarnesio.com.br\/","name":"Blog do Farn\u00e9sio","description":"Quer Saber Pol\u00edtica?","publisher":{"@id":"https:\/\/blogdofarnesio.com.br\/#organization"},"potentialAction":[{"@type":"SearchAction","target":{"@type":"EntryPoint","urlTemplate":"https:\/\/blogdofarnesio.com.br\/?s={search_term_string}"},"query-input":{"@type":"PropertyValueSpecification","valueRequired":true,"valueName":"search_term_string"}}],"inLanguage":"pt-BR"},{"@type":"Organization","@id":"https:\/\/blogdofarnesio.com.br\/#organization","name":"Blog do Farn\u00e9sio","url":"https:\/\/blogdofarnesio.com.br\/","logo":{"@type":"ImageObject","inLanguage":"pt-BR","@id":"https:\/\/blogdofarnesio.com.br\/#\/schema\/logo\/image\/","url":"https:\/\/blogdofarnesio.com.br\/wp-content\/uploads\/2026\/03\/cropped-logo_new-1.png","contentUrl":"https:\/\/blogdofarnesio.com.br\/wp-content\/uploads\/2026\/03\/cropped-logo_new-1.png","width":881,"height":685,"caption":"Blog do Farn\u00e9sio"},"image":{"@id":"https:\/\/blogdofarnesio.com.br\/#\/schema\/logo\/image\/"},"sameAs":["https:\/\/www.facebook.com\/BlogQuerSaberPolitica\/"]},{"@type":"Person","@id":"https:\/\/blogdofarnesio.com.br\/#\/schema\/person\/301c4acf522bccbfdb45af95b5b906a1","name":"Farn\u00e9sio","image":{"@type":"ImageObject","inLanguage":"pt-BR","@id":"https:\/\/secure.gravatar.com\/avatar\/df0c9a14567c056f8ad6876ba5bbd1e3e2c48023eb6807342fc4663adf549f38?s=96&d=mm&r=g","url":"https:\/\/secure.gravatar.com\/avatar\/df0c9a14567c056f8ad6876ba5bbd1e3e2c48023eb6807342fc4663adf549f38?s=96&d=mm&r=g","contentUrl":"https:\/\/secure.gravatar.com\/avatar\/df0c9a14567c056f8ad6876ba5bbd1e3e2c48023eb6807342fc4663adf549f38?s=96&d=mm&r=g","caption":"Farn\u00e9sio"},"sameAs":["https:\/\/quersaberpolitica.com.br"],"url":"https:\/\/blogdofarnesio.com.br\/?author=1"}]}},"_links":{"self":[{"href":"https:\/\/blogdofarnesio.com.br\/index.php?rest_route=\/wp\/v2\/posts\/178260","targetHints":{"allow":["GET"]}}],"collection":[{"href":"https:\/\/blogdofarnesio.com.br\/index.php?rest_route=\/wp\/v2\/posts"}],"about":[{"href":"https:\/\/blogdofarnesio.com.br\/index.php?rest_route=\/wp\/v2\/types\/post"}],"author":[{"embeddable":true,"href":"https:\/\/blogdofarnesio.com.br\/index.php?rest_route=\/wp\/v2\/users\/1"}],"replies":[{"embeddable":true,"href":"https:\/\/blogdofarnesio.com.br\/index.php?rest_route=%2Fwp%2Fv2%2Fcomments&post=178260"}],"version-history":[{"count":0,"href":"https:\/\/blogdofarnesio.com.br\/index.php?rest_route=\/wp\/v2\/posts\/178260\/revisions"}],"wp:featuredmedia":[{"embeddable":true,"href":"https:\/\/blogdofarnesio.com.br\/index.php?rest_route=\/wp\/v2\/media\/178261"}],"wp:attachment":[{"href":"https:\/\/blogdofarnesio.com.br\/index.php?rest_route=%2Fwp%2Fv2%2Fmedia&parent=178260"}],"wp:term":[{"taxonomy":"category","embeddable":true,"href":"https:\/\/blogdofarnesio.com.br\/index.php?rest_route=%2Fwp%2Fv2%2Fcategories&post=178260"},{"taxonomy":"post_tag","embeddable":true,"href":"https:\/\/blogdofarnesio.com.br\/index.php?rest_route=%2Fwp%2Fv2%2Ftags&post=178260"}],"curies":[{"name":"wp","href":"https:\/\/api.w.org\/{rel}","templated":true}]}}