{"id":177910,"date":"2017-10-02T15:00:41","date_gmt":"2017-10-02T18:00:41","guid":{"rendered":"http:\/\/quersaberpolitica.com.br\/2016\/?p=177910"},"modified":"2017-10-02T08:47:07","modified_gmt":"2017-10-02T11:47:07","slug":"miguel-inaugura-novo-cras-de-uruas-para-atender-23-comunidades-da-zona-rural","status":"publish","type":"post","link":"https:\/\/blogdofarnesio.com.br\/?p=177910","title":{"rendered":"MIGUEL INAUGURA NOVO CRAS DE URU\u00c1S PARA ATENDER 23 COMUNIDADES DA ZONA RURAL"},"content":{"rendered":"<p style=\"text-align: justify;\">Levar os servi\u00e7os de assist\u00eancia social com mais qualidade e conforto para os moradores do interior de Petrolina.Esta \u00e9 a principal meta do novo Centro de Refer\u00eancia de Assist\u00eancia Social entregue, neste domingo (01), pelo prefeito Miguel Coelho, n\u00e3o povoado de Uru\u00e1s, zona rural.\u00a0O equipamento atender\u00e1 23 regi\u00f5es do interior com programas de servi\u00e7o social, psicologia e t\u00e9cnicos a programas de promo\u00e7\u00e3o como Aquisi\u00e7\u00e3o de Alimentos (PAA), Crian\u00e7a Feiz, Vov\u00f4 Amigo, Leite Para Todos entre outras iniciativas de inclus\u00e3o comunit\u00e1ria.<\/p>\n<p style=\"text-align: justify;\">O Centro est\u00e1 no novo endere\u00e7o com instala\u00e7\u00f5es e equipamentos mais adequados para o p\u00fablico.\u00a0O Cras de Uru\u00e1s tem espa\u00e7os para atendimento, sala, cozinha, lazer e conviv\u00eancia.\u00a0Al\u00e9m disso, o Centro de trabalho para o trabalho dos trabalhadores que atendem aos moradores da zona rural.<\/p>\n<p style=\"text-align: justify;\">Al\u00e9m de Uru\u00e1s, are atendidas 22 comunidades da zona rural de Petrolina como Cruz de Salinas, Atalho, Aranzel, Caititu, Crist\u00e1lia, Icozeiro, Lajedo, Baixa Alegre e Bom Jardim.\u00a0&#8220;Em nove meses, estamos inaugurando equipamentos, barragens, po\u00e7os e mostrando o interior vai ser tratado do mesmo jeito que a cidade.\u00a0S\u00e3o Paulo, S\u00e3o Paulo, S\u00e3o Paulo, Brasil. S\u00e3o Paulo, S\u00e3o Paulo, S\u00e3o Paulo e S\u00e3o Paulo, S\u00e3o Paulo, Brasil.<\/p>\n<p style=\"text-align: justify;\"><strong>Fun\u00e7\u00e3o<\/strong>\u00a0&#8211; Os Cras s\u00e3o espa\u00e7os p\u00fablicos por um empreendimento e a\u00e7\u00f5es articulares de prote\u00e7\u00e3o social b\u00e1sica.Nesses centros, pessoas em condi\u00e7\u00e3o de vulnerabilidade ou risco social recebem apoio profissional, que pode ser de um atendimento de psic\u00f3logo por conta de uma agress\u00e3o sofrida at\u00e9 um suporte para acesso a programas de baixa renda e inclus\u00e3o na sociedade.\u00a0&#8220;Muita gente n\u00e3o tem ideia da import\u00e2ncia de um Cras para a popula\u00e7\u00e3o.\u00a0\u00c9 um servi\u00e7o essencial que atende principalmente como pessoas mais humildes ou em condi\u00e7\u00e3o de risco, que muitas vezes n\u00e3o tem um quem recorrer.\u00a0Por isso, tenho certeza que este Centro de Uru\u00e1s, agora \u00e9 mais adequado e, por favor, trave enormes benef\u00edcios para os moradores do interior &#8220;, explique uma secret\u00e1ria de Desenvolvimento Social e Direitos Humanos, K\u00e1tia Carvalho.<\/p>\n<p style=\"text-align: justify;\">FOTOS: Ivaldo Reges<\/p>\n","protected":false},"excerpt":{"rendered":"<p>Levar os servi\u00e7os de assist\u00eancia social com mais qualidade e conforto para os moradores do interior de Petrolina.Esta \u00e9 a principal meta do novo Centro de Refer\u00eancia de Assist\u00eancia Social entregue, neste domingo (01), pelo prefeito Miguel Coelho, n\u00e3o povoado de Uru\u00e1s, zona rural.\u00a0O equipamento atender\u00e1 23 regi\u00f5es do interior com programas de servi\u00e7o social, psicologia e t\u00e9cnicos a programas de promo\u00e7\u00e3o como Aquisi\u00e7\u00e3o de Alimentos (PAA), Crian\u00e7a Feiz, Vov\u00f4 Amigo, Leite Para Todos entre outras iniciativas de inclus\u00e3o comunit\u00e1ria. O Centro est\u00e1 no novo endere\u00e7o com instala\u00e7\u00f5es e equipamentos mais adequados para o p\u00fablico.\u00a0O Cras de Uru\u00e1s tem espa\u00e7os para atendimento, sala, cozinha, lazer e conviv\u00eancia.\u00a0Al\u00e9m disso, o Centro de trabalho para o trabalho dos trabalhadores que atendem aos&hellip; <\/p>\n","protected":false},"author":1,"featured_media":177911,"comment_status":"open","ping_status":"open","sticky":false,"template":"","format":"standard","meta":{"_acf_changed":false,"footnotes":""},"categories":[44],"tags":[],"class_list":["post-177910","post","type-post","status-publish","format-standard","has-post-thumbnail","hentry","category-administracao"],"acf":[],"yoast_head":"<!-- This site is optimized with the Yoast SEO plugin v27.4 - https:\/\/yoast.com\/product\/yoast-seo-wordpress\/ -->\n<title>MIGUEL INAUGURA NOVO CRAS DE URU\u00c1S PARA ATENDER 23 COMUNIDADES DA ZONA RURAL - Blog do Farn\u00e9sio<\/title>\n<meta name=\"robots\" content=\"index, follow, max-snippet:-1, max-image-preview:large, max-video-preview:-1\" \/>\n<link rel=\"canonical\" href=\"https:\/\/blogdofarnesio.com.br\/?p=177910\" \/>\n<meta property=\"og:locale\" content=\"pt_BR\" \/>\n<meta property=\"og:type\" content=\"article\" \/>\n<meta property=\"og:title\" content=\"MIGUEL INAUGURA NOVO CRAS DE URU\u00c1S PARA ATENDER 23 COMUNIDADES DA ZONA RURAL - Blog do Farn\u00e9sio\" \/>\n<meta property=\"og:description\" content=\"Levar os servi\u00e7os de assist\u00eancia social com mais qualidade e conforto para os moradores do interior de Petrolina.Esta \u00e9 a principal meta do novo Centro de Refer\u00eancia de Assist\u00eancia Social entregue, neste domingo (01), pelo prefeito Miguel Coelho, n\u00e3o povoado de Uru\u00e1s, zona rural.\u00a0O equipamento atender\u00e1 23 regi\u00f5es do interior com programas de servi\u00e7o social, psicologia e t\u00e9cnicos a programas de promo\u00e7\u00e3o como Aquisi\u00e7\u00e3o de Alimentos (PAA), Crian\u00e7a Feiz, Vov\u00f4 Amigo, Leite Para Todos entre outras iniciativas de inclus\u00e3o comunit\u00e1ria. O Centro est\u00e1 no novo endere\u00e7o com instala\u00e7\u00f5es e equipamentos mais adequados para o p\u00fablico.\u00a0O Cras de Uru\u00e1s tem espa\u00e7os para atendimento, sala, cozinha, lazer e conviv\u00eancia.\u00a0Al\u00e9m disso, o Centro de trabalho para o trabalho dos trabalhadores que atendem aos&hellip;\" \/>\n<meta property=\"og:url\" content=\"https:\/\/blogdofarnesio.com.br\/?p=177910\" \/>\n<meta property=\"og:site_name\" content=\"Blog do Farn\u00e9sio\" \/>\n<meta property=\"article:publisher\" content=\"https:\/\/www.facebook.com\/BlogQuerSaberPolitica\/\" \/>\n<meta property=\"article:published_time\" content=\"2017-10-02T18:00:41+00:00\" \/>\n<meta property=\"og:image\" content=\"https:\/\/blogdofarnesio.com.br\/wp-content\/uploads\/2017\/10\/blogqsp-uru\u00e1s.jpg\" \/>\n\t<meta property=\"og:image:width\" content=\"640\" \/>\n\t<meta property=\"og:image:height\" content=\"426\" \/>\n\t<meta property=\"og:image:type\" content=\"image\/jpeg\" \/>\n<meta name=\"author\" content=\"Farn\u00e9sio\" \/>\n<meta name=\"twitter:card\" content=\"summary_large_image\" \/>\n<meta name=\"twitter:label1\" content=\"Escrito por\" \/>\n\t<meta name=\"twitter:data1\" content=\"Farn\u00e9sio\" \/>\n\t<meta name=\"twitter:label2\" content=\"Est. tempo de leitura\" \/>\n\t<meta name=\"twitter:data2\" content=\"2 minutos\" \/>\n<script type=\"application\/ld+json\" class=\"yoast-schema-graph\">{\"@context\":\"https:\\\/\\\/schema.org\",\"@graph\":[{\"@type\":\"Article\",\"@id\":\"https:\\\/\\\/blogdofarnesio.com.br\\\/?p=177910#article\",\"isPartOf\":{\"@id\":\"https:\\\/\\\/blogdofarnesio.com.br\\\/?p=177910\"},\"author\":{\"name\":\"Farn\u00e9sio\",\"@id\":\"https:\\\/\\\/blogdofarnesio.com.br\\\/#\\\/schema\\\/person\\\/301c4acf522bccbfdb45af95b5b906a1\"},\"headline\":\"MIGUEL INAUGURA NOVO CRAS DE URU\u00c1S PARA ATENDER 23 COMUNIDADES DA ZONA RURAL\",\"datePublished\":\"2017-10-02T18:00:41+00:00\",\"mainEntityOfPage\":{\"@id\":\"https:\\\/\\\/blogdofarnesio.com.br\\\/?p=177910\"},\"wordCount\":389,\"commentCount\":0,\"publisher\":{\"@id\":\"https:\\\/\\\/blogdofarnesio.com.br\\\/#organization\"},\"image\":{\"@id\":\"https:\\\/\\\/blogdofarnesio.com.br\\\/?p=177910#primaryimage\"},\"thumbnailUrl\":\"https:\\\/\\\/blogdofarnesio.com.br\\\/wp-content\\\/uploads\\\/2017\\\/10\\\/blogqsp-uru\u00e1s.jpg\",\"articleSection\":[\"Administra\u00e7\u00e3o\"],\"inLanguage\":\"pt-BR\",\"potentialAction\":[{\"@type\":\"CommentAction\",\"name\":\"Comment\",\"target\":[\"https:\\\/\\\/blogdofarnesio.com.br\\\/?p=177910#respond\"]}]},{\"@type\":\"WebPage\",\"@id\":\"https:\\\/\\\/blogdofarnesio.com.br\\\/?p=177910\",\"url\":\"https:\\\/\\\/blogdofarnesio.com.br\\\/?p=177910\",\"name\":\"MIGUEL INAUGURA NOVO CRAS DE URU\u00c1S PARA ATENDER 23 COMUNIDADES DA ZONA RURAL - Blog do Farn\u00e9sio\",\"isPartOf\":{\"@id\":\"https:\\\/\\\/blogdofarnesio.com.br\\\/#website\"},\"primaryImageOfPage\":{\"@id\":\"https:\\\/\\\/blogdofarnesio.com.br\\\/?p=177910#primaryimage\"},\"image\":{\"@id\":\"https:\\\/\\\/blogdofarnesio.com.br\\\/?p=177910#primaryimage\"},\"thumbnailUrl\":\"https:\\\/\\\/blogdofarnesio.com.br\\\/wp-content\\\/uploads\\\/2017\\\/10\\\/blogqsp-uru\u00e1s.jpg\",\"datePublished\":\"2017-10-02T18:00:41+00:00\",\"breadcrumb\":{\"@id\":\"https:\\\/\\\/blogdofarnesio.com.br\\\/?p=177910#breadcrumb\"},\"inLanguage\":\"pt-BR\",\"potentialAction\":[{\"@type\":\"ReadAction\",\"target\":[\"https:\\\/\\\/blogdofarnesio.com.br\\\/?p=177910\"]}]},{\"@type\":\"ImageObject\",\"inLanguage\":\"pt-BR\",\"@id\":\"https:\\\/\\\/blogdofarnesio.com.br\\\/?p=177910#primaryimage\",\"url\":\"https:\\\/\\\/blogdofarnesio.com.br\\\/wp-content\\\/uploads\\\/2017\\\/10\\\/blogqsp-uru\u00e1s.jpg\",\"contentUrl\":\"https:\\\/\\\/blogdofarnesio.com.br\\\/wp-content\\\/uploads\\\/2017\\\/10\\\/blogqsp-uru\u00e1s.jpg\",\"width\":640,\"height\":426},{\"@type\":\"BreadcrumbList\",\"@id\":\"https:\\\/\\\/blogdofarnesio.com.br\\\/?p=177910#breadcrumb\",\"itemListElement\":[{\"@type\":\"ListItem\",\"position\":1,\"name\":\"In\u00edcio\",\"item\":\"https:\\\/\\\/blogdofarnesio.com.br\\\/\"},{\"@type\":\"ListItem\",\"position\":2,\"name\":\"MIGUEL INAUGURA NOVO CRAS DE URU\u00c1S PARA ATENDER 23 COMUNIDADES DA ZONA RURAL\"}]},{\"@type\":\"WebSite\",\"@id\":\"https:\\\/\\\/blogdofarnesio.com.br\\\/#website\",\"url\":\"https:\\\/\\\/blogdofarnesio.com.br\\\/\",\"name\":\"Blog do Farn\u00e9sio\",\"description\":\"Quer Saber Pol\u00edtica?\",\"publisher\":{\"@id\":\"https:\\\/\\\/blogdofarnesio.com.br\\\/#organization\"},\"potentialAction\":[{\"@type\":\"SearchAction\",\"target\":{\"@type\":\"EntryPoint\",\"urlTemplate\":\"https:\\\/\\\/blogdofarnesio.com.br\\\/?s={search_term_string}\"},\"query-input\":{\"@type\":\"PropertyValueSpecification\",\"valueRequired\":true,\"valueName\":\"search_term_string\"}}],\"inLanguage\":\"pt-BR\"},{\"@type\":\"Organization\",\"@id\":\"https:\\\/\\\/blogdofarnesio.com.br\\\/#organization\",\"name\":\"Blog do Farn\u00e9sio\",\"url\":\"https:\\\/\\\/blogdofarnesio.com.br\\\/\",\"logo\":{\"@type\":\"ImageObject\",\"inLanguage\":\"pt-BR\",\"@id\":\"https:\\\/\\\/blogdofarnesio.com.br\\\/#\\\/schema\\\/logo\\\/image\\\/\",\"url\":\"https:\\\/\\\/blogdofarnesio.com.br\\\/wp-content\\\/uploads\\\/2026\\\/03\\\/cropped-logo_new-1.png\",\"contentUrl\":\"https:\\\/\\\/blogdofarnesio.com.br\\\/wp-content\\\/uploads\\\/2026\\\/03\\\/cropped-logo_new-1.png\",\"width\":881,\"height\":685,\"caption\":\"Blog do Farn\u00e9sio\"},\"image\":{\"@id\":\"https:\\\/\\\/blogdofarnesio.com.br\\\/#\\\/schema\\\/logo\\\/image\\\/\"},\"sameAs\":[\"https:\\\/\\\/www.facebook.com\\\/BlogQuerSaberPolitica\\\/\"]},{\"@type\":\"Person\",\"@id\":\"https:\\\/\\\/blogdofarnesio.com.br\\\/#\\\/schema\\\/person\\\/301c4acf522bccbfdb45af95b5b906a1\",\"name\":\"Farn\u00e9sio\",\"image\":{\"@type\":\"ImageObject\",\"inLanguage\":\"pt-BR\",\"@id\":\"https:\\\/\\\/secure.gravatar.com\\\/avatar\\\/df0c9a14567c056f8ad6876ba5bbd1e3e2c48023eb6807342fc4663adf549f38?s=96&d=mm&r=g\",\"url\":\"https:\\\/\\\/secure.gravatar.com\\\/avatar\\\/df0c9a14567c056f8ad6876ba5bbd1e3e2c48023eb6807342fc4663adf549f38?s=96&d=mm&r=g\",\"contentUrl\":\"https:\\\/\\\/secure.gravatar.com\\\/avatar\\\/df0c9a14567c056f8ad6876ba5bbd1e3e2c48023eb6807342fc4663adf549f38?s=96&d=mm&r=g\",\"caption\":\"Farn\u00e9sio\"},\"sameAs\":[\"https:\\\/\\\/quersaberpolitica.com.br\"],\"url\":\"https:\\\/\\\/blogdofarnesio.com.br\\\/?author=1\"}]}<\/script>\n<!-- \/ Yoast SEO plugin. -->","yoast_head_json":{"title":"MIGUEL INAUGURA NOVO CRAS DE URU\u00c1S PARA ATENDER 23 COMUNIDADES DA ZONA RURAL - Blog do Farn\u00e9sio","robots":{"index":"index","follow":"follow","max-snippet":"max-snippet:-1","max-image-preview":"max-image-preview:large","max-video-preview":"max-video-preview:-1"},"canonical":"https:\/\/blogdofarnesio.com.br\/?p=177910","og_locale":"pt_BR","og_type":"article","og_title":"MIGUEL INAUGURA NOVO CRAS DE URU\u00c1S PARA ATENDER 23 COMUNIDADES DA ZONA RURAL - Blog do Farn\u00e9sio","og_description":"Levar os servi\u00e7os de assist\u00eancia social com mais qualidade e conforto para os moradores do interior de Petrolina.Esta \u00e9 a principal meta do novo Centro de Refer\u00eancia de Assist\u00eancia Social entregue, neste domingo (01), pelo prefeito Miguel Coelho, n\u00e3o povoado de Uru\u00e1s, zona rural.\u00a0O equipamento atender\u00e1 23 regi\u00f5es do interior com programas de servi\u00e7o social, psicologia e t\u00e9cnicos a programas de promo\u00e7\u00e3o como Aquisi\u00e7\u00e3o de Alimentos (PAA), Crian\u00e7a Feiz, Vov\u00f4 Amigo, Leite Para Todos entre outras iniciativas de inclus\u00e3o comunit\u00e1ria. O Centro est\u00e1 no novo endere\u00e7o com instala\u00e7\u00f5es e equipamentos mais adequados para o p\u00fablico.\u00a0O Cras de Uru\u00e1s tem espa\u00e7os para atendimento, sala, cozinha, lazer e conviv\u00eancia.\u00a0Al\u00e9m disso, o Centro de trabalho para o trabalho dos trabalhadores que atendem aos&hellip;","og_url":"https:\/\/blogdofarnesio.com.br\/?p=177910","og_site_name":"Blog do Farn\u00e9sio","article_publisher":"https:\/\/www.facebook.com\/BlogQuerSaberPolitica\/","article_published_time":"2017-10-02T18:00:41+00:00","og_image":[{"width":640,"height":426,"url":"https:\/\/blogdofarnesio.com.br\/wp-content\/uploads\/2017\/10\/blogqsp-uru\u00e1s.jpg","type":"image\/jpeg"}],"author":"Farn\u00e9sio","twitter_card":"summary_large_image","twitter_misc":{"Escrito por":"Farn\u00e9sio","Est. tempo de leitura":"2 minutos"},"schema":{"@context":"https:\/\/schema.org","@graph":[{"@type":"Article","@id":"https:\/\/blogdofarnesio.com.br\/?p=177910#article","isPartOf":{"@id":"https:\/\/blogdofarnesio.com.br\/?p=177910"},"author":{"name":"Farn\u00e9sio","@id":"https:\/\/blogdofarnesio.com.br\/#\/schema\/person\/301c4acf522bccbfdb45af95b5b906a1"},"headline":"MIGUEL INAUGURA NOVO CRAS DE URU\u00c1S PARA ATENDER 23 COMUNIDADES DA ZONA RURAL","datePublished":"2017-10-02T18:00:41+00:00","mainEntityOfPage":{"@id":"https:\/\/blogdofarnesio.com.br\/?p=177910"},"wordCount":389,"commentCount":0,"publisher":{"@id":"https:\/\/blogdofarnesio.com.br\/#organization"},"image":{"@id":"https:\/\/blogdofarnesio.com.br\/?p=177910#primaryimage"},"thumbnailUrl":"https:\/\/blogdofarnesio.com.br\/wp-content\/uploads\/2017\/10\/blogqsp-uru\u00e1s.jpg","articleSection":["Administra\u00e7\u00e3o"],"inLanguage":"pt-BR","potentialAction":[{"@type":"CommentAction","name":"Comment","target":["https:\/\/blogdofarnesio.com.br\/?p=177910#respond"]}]},{"@type":"WebPage","@id":"https:\/\/blogdofarnesio.com.br\/?p=177910","url":"https:\/\/blogdofarnesio.com.br\/?p=177910","name":"MIGUEL INAUGURA NOVO CRAS DE URU\u00c1S PARA ATENDER 23 COMUNIDADES DA ZONA RURAL - Blog do Farn\u00e9sio","isPartOf":{"@id":"https:\/\/blogdofarnesio.com.br\/#website"},"primaryImageOfPage":{"@id":"https:\/\/blogdofarnesio.com.br\/?p=177910#primaryimage"},"image":{"@id":"https:\/\/blogdofarnesio.com.br\/?p=177910#primaryimage"},"thumbnailUrl":"https:\/\/blogdofarnesio.com.br\/wp-content\/uploads\/2017\/10\/blogqsp-uru\u00e1s.jpg","datePublished":"2017-10-02T18:00:41+00:00","breadcrumb":{"@id":"https:\/\/blogdofarnesio.com.br\/?p=177910#breadcrumb"},"inLanguage":"pt-BR","potentialAction":[{"@type":"ReadAction","target":["https:\/\/blogdofarnesio.com.br\/?p=177910"]}]},{"@type":"ImageObject","inLanguage":"pt-BR","@id":"https:\/\/blogdofarnesio.com.br\/?p=177910#primaryimage","url":"https:\/\/blogdofarnesio.com.br\/wp-content\/uploads\/2017\/10\/blogqsp-uru\u00e1s.jpg","contentUrl":"https:\/\/blogdofarnesio.com.br\/wp-content\/uploads\/2017\/10\/blogqsp-uru\u00e1s.jpg","width":640,"height":426},{"@type":"BreadcrumbList","@id":"https:\/\/blogdofarnesio.com.br\/?p=177910#breadcrumb","itemListElement":[{"@type":"ListItem","position":1,"name":"In\u00edcio","item":"https:\/\/blogdofarnesio.com.br\/"},{"@type":"ListItem","position":2,"name":"MIGUEL INAUGURA NOVO CRAS DE URU\u00c1S PARA ATENDER 23 COMUNIDADES DA ZONA RURAL"}]},{"@type":"WebSite","@id":"https:\/\/blogdofarnesio.com.br\/#website","url":"https:\/\/blogdofarnesio.com.br\/","name":"Blog do Farn\u00e9sio","description":"Quer Saber Pol\u00edtica?","publisher":{"@id":"https:\/\/blogdofarnesio.com.br\/#organization"},"potentialAction":[{"@type":"SearchAction","target":{"@type":"EntryPoint","urlTemplate":"https:\/\/blogdofarnesio.com.br\/?s={search_term_string}"},"query-input":{"@type":"PropertyValueSpecification","valueRequired":true,"valueName":"search_term_string"}}],"inLanguage":"pt-BR"},{"@type":"Organization","@id":"https:\/\/blogdofarnesio.com.br\/#organization","name":"Blog do Farn\u00e9sio","url":"https:\/\/blogdofarnesio.com.br\/","logo":{"@type":"ImageObject","inLanguage":"pt-BR","@id":"https:\/\/blogdofarnesio.com.br\/#\/schema\/logo\/image\/","url":"https:\/\/blogdofarnesio.com.br\/wp-content\/uploads\/2026\/03\/cropped-logo_new-1.png","contentUrl":"https:\/\/blogdofarnesio.com.br\/wp-content\/uploads\/2026\/03\/cropped-logo_new-1.png","width":881,"height":685,"caption":"Blog do Farn\u00e9sio"},"image":{"@id":"https:\/\/blogdofarnesio.com.br\/#\/schema\/logo\/image\/"},"sameAs":["https:\/\/www.facebook.com\/BlogQuerSaberPolitica\/"]},{"@type":"Person","@id":"https:\/\/blogdofarnesio.com.br\/#\/schema\/person\/301c4acf522bccbfdb45af95b5b906a1","name":"Farn\u00e9sio","image":{"@type":"ImageObject","inLanguage":"pt-BR","@id":"https:\/\/secure.gravatar.com\/avatar\/df0c9a14567c056f8ad6876ba5bbd1e3e2c48023eb6807342fc4663adf549f38?s=96&d=mm&r=g","url":"https:\/\/secure.gravatar.com\/avatar\/df0c9a14567c056f8ad6876ba5bbd1e3e2c48023eb6807342fc4663adf549f38?s=96&d=mm&r=g","contentUrl":"https:\/\/secure.gravatar.com\/avatar\/df0c9a14567c056f8ad6876ba5bbd1e3e2c48023eb6807342fc4663adf549f38?s=96&d=mm&r=g","caption":"Farn\u00e9sio"},"sameAs":["https:\/\/quersaberpolitica.com.br"],"url":"https:\/\/blogdofarnesio.com.br\/?author=1"}]}},"_links":{"self":[{"href":"https:\/\/blogdofarnesio.com.br\/index.php?rest_route=\/wp\/v2\/posts\/177910","targetHints":{"allow":["GET"]}}],"collection":[{"href":"https:\/\/blogdofarnesio.com.br\/index.php?rest_route=\/wp\/v2\/posts"}],"about":[{"href":"https:\/\/blogdofarnesio.com.br\/index.php?rest_route=\/wp\/v2\/types\/post"}],"author":[{"embeddable":true,"href":"https:\/\/blogdofarnesio.com.br\/index.php?rest_route=\/wp\/v2\/users\/1"}],"replies":[{"embeddable":true,"href":"https:\/\/blogdofarnesio.com.br\/index.php?rest_route=%2Fwp%2Fv2%2Fcomments&post=177910"}],"version-history":[{"count":0,"href":"https:\/\/blogdofarnesio.com.br\/index.php?rest_route=\/wp\/v2\/posts\/177910\/revisions"}],"wp:featuredmedia":[{"embeddable":true,"href":"https:\/\/blogdofarnesio.com.br\/index.php?rest_route=\/wp\/v2\/media\/177911"}],"wp:attachment":[{"href":"https:\/\/blogdofarnesio.com.br\/index.php?rest_route=%2Fwp%2Fv2%2Fmedia&parent=177910"}],"wp:term":[{"taxonomy":"category","embeddable":true,"href":"https:\/\/blogdofarnesio.com.br\/index.php?rest_route=%2Fwp%2Fv2%2Fcategories&post=177910"},{"taxonomy":"post_tag","embeddable":true,"href":"https:\/\/blogdofarnesio.com.br\/index.php?rest_route=%2Fwp%2Fv2%2Ftags&post=177910"}],"curies":[{"name":"wp","href":"https:\/\/api.w.org\/{rel}","templated":true}]}}