{"id":177857,"date":"2017-10-02T11:00:05","date_gmt":"2017-10-02T14:00:05","guid":{"rendered":"http:\/\/quersaberpolitica.com.br\/2016\/?p=177857"},"modified":"2017-10-02T07:56:00","modified_gmt":"2017-10-02T10:56:00","slug":"direto-de-casa-nova-328","status":"publish","type":"post","link":"https:\/\/blogdofarnesio.com.br\/?p=177857","title":{"rendered":"DIRETO DE CASA NOVA"},"content":{"rendered":"<p style=\"text-align: center;\"><strong>PREFEITURA CADASTRA PARA ENTREGA DE KITS DE CONVERS\u00c3O DE SINAL DE TV<\/strong><\/p>\n<p style=\"text-align: justify;\">A prefeitura de Casa Nova come\u00e7ou no \u00faltimo s\u00e1bado (30), o cadastramento de fam\u00edlias de baixa renda e inscritas nos programa sociais do governo federal para receberem kit de convers\u00e3o do sinal digital de televis\u00e3o.<\/p>\n<p style=\"text-align: justify;\">O t\u00e9rmino da transmiss\u00e3o em sinal anal\u00f3gico est\u00e1 previsto para 2018, mas, como explica o prefeito Wilker, que acompanhou o in\u00edcio do cadastramento em Santana do Sobrado, neste s\u00e1bado:\u00a0\u00a0\u201cCasa Nova \u00e9 um munic\u00edpio com uma enorme extens\u00e3o territorial, com povoados e comunidades distantes da sede mais de 200 quil\u00f4metros, com dificuldades de comunica\u00e7\u00e3o. Vamos dar in\u00edcio a este cadastramento para que todos aqueles que tiverem direito recebam seu kit. A outra raz\u00e3o \u00e9 o reconhecimento do governo e das operadoras que a demanda pelos kis e muito maior que o esperado. Ent\u00e3o quem se cadastrar na frente ter\u00e1 o kit garantido\u201d.<\/p>\n<p style=\"text-align: justify;\">Jos\u00e9 Carlos Borges, Secret\u00e1rio de A\u00e7\u00e3o Social, completa: \u201cNosso trabalho de assist\u00eancia social em Casa Nova abrange tamb\u00e9m o conhecimento e a informa\u00e7\u00e3o. A TV ainda \u00e9 a maior fonte de informa\u00e7\u00e3o no interior, al\u00e9m de ser gratuita e universal. Com a distribui\u00e7\u00e3o dos kits vamos garantir essa informa\u00e7\u00e3o e a gratuidade\u201d.<\/p>\n<p style=\"text-align: justify;\">O cadastramento come\u00e7ou neste s\u00e1bado, 30 de setembro, na extens\u00e3o da Assist\u00eancia Social em Santana do Sobrado e prossegue no domingo, 01\/10, na Associa\u00e7\u00e3o de Moradores do Loteamento S\u00e3o Francisco; dia 02\/10 na Escola Hildete Torres no Ouricuri; dia 03\/10 na Associa\u00e7\u00e3o de Moradores do Bem Bom, dia 04\/10 na Escola Municipal de Pau a Pique e dias 05 e 06 de outubro na Pra\u00e7a da Prefeitura na sede Casa Nova.<\/p>\n<p style=\"text-align: justify;\"><strong>O que \u00e9 o kit e quem tem direito<\/strong><\/p>\n<p style=\"text-align: justify;\">Todas as pessoas inscritas nos programa sociais do governo federal, como por exemplo, Bolsa Fam\u00edlia, Minha Casa Minha Vida podem receber o kit que \u00e9 composto de uma antena UHF, um controle remoto e um conversor. Ser\u00e1 um kit para cada fam\u00edlia. Quem tem mais de um televisor em casa ter\u00e1 de providenciar um kit particular.<\/p>\n<p style=\"text-align: justify;\">Ao receber o kit a fam\u00edlia recebe todas as instru\u00e7\u00f5es de montagem e configura\u00e7\u00e3o, pois o kit gratuito n\u00e3o inclui a instala\u00e7\u00e3o e instalado, caso seja reaberto, concorre na\u00a0<strong>promo\u00e7\u00e3o Instala\u00e7\u00e3o premiada<\/strong>, a uma TV de 50 polegadas e a pr\u00eamios de R$ 500,00 todas as semanas!<\/p>\n","protected":false},"excerpt":{"rendered":"<p>PREFEITURA CADASTRA PARA ENTREGA DE KITS DE CONVERS\u00c3O DE SINAL DE TV A prefeitura de Casa Nova come\u00e7ou no \u00faltimo s\u00e1bado (30), o cadastramento de fam\u00edlias de baixa renda e inscritas nos programa sociais do governo federal para receberem kit de convers\u00e3o do sinal digital de televis\u00e3o. O t\u00e9rmino da transmiss\u00e3o em sinal anal\u00f3gico est\u00e1 previsto para 2018, mas, como explica o prefeito Wilker, que acompanhou o in\u00edcio do cadastramento em Santana do Sobrado, neste s\u00e1bado:\u00a0\u00a0\u201cCasa Nova \u00e9 um munic\u00edpio com uma enorme extens\u00e3o territorial, com povoados e comunidades distantes da sede mais de 200 quil\u00f4metros, com dificuldades de comunica\u00e7\u00e3o. Vamos dar in\u00edcio a este cadastramento para que todos aqueles que tiverem direito recebam seu kit. A outra raz\u00e3o \u00e9&hellip; <\/p>\n","protected":false},"author":1,"featured_media":170705,"comment_status":"open","ping_status":"open","sticky":false,"template":"","format":"standard","meta":{"_acf_changed":false,"footnotes":""},"categories":[22,27],"tags":[],"class_list":["post-177857","post","type-post","status-publish","format-standard","has-post-thumbnail","hentry","category-acao-social","category-cidades"],"acf":[],"yoast_head":"<!-- This site is optimized with the Yoast SEO plugin v27.4 - https:\/\/yoast.com\/product\/yoast-seo-wordpress\/ -->\n<title>DIRETO DE CASA NOVA - Blog do Farn\u00e9sio<\/title>\n<meta name=\"robots\" content=\"index, follow, max-snippet:-1, max-image-preview:large, max-video-preview:-1\" \/>\n<link rel=\"canonical\" href=\"https:\/\/blogdofarnesio.com.br\/?p=177857\" \/>\n<meta property=\"og:locale\" content=\"pt_BR\" \/>\n<meta property=\"og:type\" content=\"article\" \/>\n<meta property=\"og:title\" content=\"DIRETO DE CASA NOVA - Blog do Farn\u00e9sio\" \/>\n<meta property=\"og:description\" content=\"PREFEITURA CADASTRA PARA ENTREGA DE KITS DE CONVERS\u00c3O DE SINAL DE TV A prefeitura de Casa Nova come\u00e7ou no \u00faltimo s\u00e1bado (30), o cadastramento de fam\u00edlias de baixa renda e inscritas nos programa sociais do governo federal para receberem kit de convers\u00e3o do sinal digital de televis\u00e3o. O t\u00e9rmino da transmiss\u00e3o em sinal anal\u00f3gico est\u00e1 previsto para 2018, mas, como explica o prefeito Wilker, que acompanhou o in\u00edcio do cadastramento em Santana do Sobrado, neste s\u00e1bado:\u00a0\u00a0\u201cCasa Nova \u00e9 um munic\u00edpio com uma enorme extens\u00e3o territorial, com povoados e comunidades distantes da sede mais de 200 quil\u00f4metros, com dificuldades de comunica\u00e7\u00e3o. Vamos dar in\u00edcio a este cadastramento para que todos aqueles que tiverem direito recebam seu kit. A outra raz\u00e3o \u00e9&hellip;\" \/>\n<meta property=\"og:url\" content=\"https:\/\/blogdofarnesio.com.br\/?p=177857\" \/>\n<meta property=\"og:site_name\" content=\"Blog do Farn\u00e9sio\" \/>\n<meta property=\"article:publisher\" content=\"https:\/\/www.facebook.com\/BlogQuerSaberPolitica\/\" \/>\n<meta property=\"article:published_time\" content=\"2017-10-02T14:00:05+00:00\" \/>\n<meta property=\"og:image\" content=\"https:\/\/blogdofarnesio.com.br\/wp-content\/uploads\/2017\/07\/blogqspdecodificador-tvkit_-e1499283596950.jpg\" \/>\n\t<meta property=\"og:image:width\" content=\"584\" \/>\n\t<meta property=\"og:image:height\" content=\"370\" \/>\n\t<meta property=\"og:image:type\" content=\"image\/jpeg\" \/>\n<meta name=\"author\" content=\"Farn\u00e9sio\" \/>\n<meta name=\"twitter:card\" content=\"summary_large_image\" \/>\n<meta name=\"twitter:label1\" content=\"Escrito por\" \/>\n\t<meta name=\"twitter:data1\" content=\"Farn\u00e9sio\" \/>\n\t<meta name=\"twitter:label2\" content=\"Est. tempo de leitura\" \/>\n\t<meta name=\"twitter:data2\" content=\"2 minutos\" \/>\n<script type=\"application\/ld+json\" class=\"yoast-schema-graph\">{\"@context\":\"https:\\\/\\\/schema.org\",\"@graph\":[{\"@type\":\"Article\",\"@id\":\"https:\\\/\\\/blogdofarnesio.com.br\\\/?p=177857#article\",\"isPartOf\":{\"@id\":\"https:\\\/\\\/blogdofarnesio.com.br\\\/?p=177857\"},\"author\":{\"name\":\"Farn\u00e9sio\",\"@id\":\"https:\\\/\\\/blogdofarnesio.com.br\\\/#\\\/schema\\\/person\\\/301c4acf522bccbfdb45af95b5b906a1\"},\"headline\":\"DIRETO DE CASA NOVA\",\"datePublished\":\"2017-10-02T14:00:05+00:00\",\"mainEntityOfPage\":{\"@id\":\"https:\\\/\\\/blogdofarnesio.com.br\\\/?p=177857\"},\"wordCount\":416,\"commentCount\":0,\"publisher\":{\"@id\":\"https:\\\/\\\/blogdofarnesio.com.br\\\/#organization\"},\"image\":{\"@id\":\"https:\\\/\\\/blogdofarnesio.com.br\\\/?p=177857#primaryimage\"},\"thumbnailUrl\":\"https:\\\/\\\/blogdofarnesio.com.br\\\/wp-content\\\/uploads\\\/2017\\\/07\\\/blogqspdecodificador-tvkit_-e1499283596950.jpg\",\"articleSection\":[\"A\u00e7\u00e3o Social\",\"Cidades\"],\"inLanguage\":\"pt-BR\",\"potentialAction\":[{\"@type\":\"CommentAction\",\"name\":\"Comment\",\"target\":[\"https:\\\/\\\/blogdofarnesio.com.br\\\/?p=177857#respond\"]}]},{\"@type\":\"WebPage\",\"@id\":\"https:\\\/\\\/blogdofarnesio.com.br\\\/?p=177857\",\"url\":\"https:\\\/\\\/blogdofarnesio.com.br\\\/?p=177857\",\"name\":\"DIRETO DE CASA NOVA - Blog do Farn\u00e9sio\",\"isPartOf\":{\"@id\":\"https:\\\/\\\/blogdofarnesio.com.br\\\/#website\"},\"primaryImageOfPage\":{\"@id\":\"https:\\\/\\\/blogdofarnesio.com.br\\\/?p=177857#primaryimage\"},\"image\":{\"@id\":\"https:\\\/\\\/blogdofarnesio.com.br\\\/?p=177857#primaryimage\"},\"thumbnailUrl\":\"https:\\\/\\\/blogdofarnesio.com.br\\\/wp-content\\\/uploads\\\/2017\\\/07\\\/blogqspdecodificador-tvkit_-e1499283596950.jpg\",\"datePublished\":\"2017-10-02T14:00:05+00:00\",\"breadcrumb\":{\"@id\":\"https:\\\/\\\/blogdofarnesio.com.br\\\/?p=177857#breadcrumb\"},\"inLanguage\":\"pt-BR\",\"potentialAction\":[{\"@type\":\"ReadAction\",\"target\":[\"https:\\\/\\\/blogdofarnesio.com.br\\\/?p=177857\"]}]},{\"@type\":\"ImageObject\",\"inLanguage\":\"pt-BR\",\"@id\":\"https:\\\/\\\/blogdofarnesio.com.br\\\/?p=177857#primaryimage\",\"url\":\"https:\\\/\\\/blogdofarnesio.com.br\\\/wp-content\\\/uploads\\\/2017\\\/07\\\/blogqspdecodificador-tvkit_-e1499283596950.jpg\",\"contentUrl\":\"https:\\\/\\\/blogdofarnesio.com.br\\\/wp-content\\\/uploads\\\/2017\\\/07\\\/blogqspdecodificador-tvkit_-e1499283596950.jpg\",\"width\":584,\"height\":370,\"caption\":\"Equipamento decodificador\"},{\"@type\":\"BreadcrumbList\",\"@id\":\"https:\\\/\\\/blogdofarnesio.com.br\\\/?p=177857#breadcrumb\",\"itemListElement\":[{\"@type\":\"ListItem\",\"position\":1,\"name\":\"In\u00edcio\",\"item\":\"https:\\\/\\\/blogdofarnesio.com.br\\\/\"},{\"@type\":\"ListItem\",\"position\":2,\"name\":\"DIRETO DE CASA NOVA\"}]},{\"@type\":\"WebSite\",\"@id\":\"https:\\\/\\\/blogdofarnesio.com.br\\\/#website\",\"url\":\"https:\\\/\\\/blogdofarnesio.com.br\\\/\",\"name\":\"Blog do Farn\u00e9sio\",\"description\":\"Quer Saber Pol\u00edtica?\",\"publisher\":{\"@id\":\"https:\\\/\\\/blogdofarnesio.com.br\\\/#organization\"},\"potentialAction\":[{\"@type\":\"SearchAction\",\"target\":{\"@type\":\"EntryPoint\",\"urlTemplate\":\"https:\\\/\\\/blogdofarnesio.com.br\\\/?s={search_term_string}\"},\"query-input\":{\"@type\":\"PropertyValueSpecification\",\"valueRequired\":true,\"valueName\":\"search_term_string\"}}],\"inLanguage\":\"pt-BR\"},{\"@type\":\"Organization\",\"@id\":\"https:\\\/\\\/blogdofarnesio.com.br\\\/#organization\",\"name\":\"Blog do Farn\u00e9sio\",\"url\":\"https:\\\/\\\/blogdofarnesio.com.br\\\/\",\"logo\":{\"@type\":\"ImageObject\",\"inLanguage\":\"pt-BR\",\"@id\":\"https:\\\/\\\/blogdofarnesio.com.br\\\/#\\\/schema\\\/logo\\\/image\\\/\",\"url\":\"https:\\\/\\\/blogdofarnesio.com.br\\\/wp-content\\\/uploads\\\/2026\\\/03\\\/cropped-logo_new-1.png\",\"contentUrl\":\"https:\\\/\\\/blogdofarnesio.com.br\\\/wp-content\\\/uploads\\\/2026\\\/03\\\/cropped-logo_new-1.png\",\"width\":881,\"height\":685,\"caption\":\"Blog do Farn\u00e9sio\"},\"image\":{\"@id\":\"https:\\\/\\\/blogdofarnesio.com.br\\\/#\\\/schema\\\/logo\\\/image\\\/\"},\"sameAs\":[\"https:\\\/\\\/www.facebook.com\\\/BlogQuerSaberPolitica\\\/\"]},{\"@type\":\"Person\",\"@id\":\"https:\\\/\\\/blogdofarnesio.com.br\\\/#\\\/schema\\\/person\\\/301c4acf522bccbfdb45af95b5b906a1\",\"name\":\"Farn\u00e9sio\",\"image\":{\"@type\":\"ImageObject\",\"inLanguage\":\"pt-BR\",\"@id\":\"https:\\\/\\\/secure.gravatar.com\\\/avatar\\\/df0c9a14567c056f8ad6876ba5bbd1e3e2c48023eb6807342fc4663adf549f38?s=96&d=mm&r=g\",\"url\":\"https:\\\/\\\/secure.gravatar.com\\\/avatar\\\/df0c9a14567c056f8ad6876ba5bbd1e3e2c48023eb6807342fc4663adf549f38?s=96&d=mm&r=g\",\"contentUrl\":\"https:\\\/\\\/secure.gravatar.com\\\/avatar\\\/df0c9a14567c056f8ad6876ba5bbd1e3e2c48023eb6807342fc4663adf549f38?s=96&d=mm&r=g\",\"caption\":\"Farn\u00e9sio\"},\"sameAs\":[\"https:\\\/\\\/quersaberpolitica.com.br\"],\"url\":\"https:\\\/\\\/blogdofarnesio.com.br\\\/?author=1\"}]}<\/script>\n<!-- \/ Yoast SEO plugin. -->","yoast_head_json":{"title":"DIRETO DE CASA NOVA - Blog do Farn\u00e9sio","robots":{"index":"index","follow":"follow","max-snippet":"max-snippet:-1","max-image-preview":"max-image-preview:large","max-video-preview":"max-video-preview:-1"},"canonical":"https:\/\/blogdofarnesio.com.br\/?p=177857","og_locale":"pt_BR","og_type":"article","og_title":"DIRETO DE CASA NOVA - Blog do Farn\u00e9sio","og_description":"PREFEITURA CADASTRA PARA ENTREGA DE KITS DE CONVERS\u00c3O DE SINAL DE TV A prefeitura de Casa Nova come\u00e7ou no \u00faltimo s\u00e1bado (30), o cadastramento de fam\u00edlias de baixa renda e inscritas nos programa sociais do governo federal para receberem kit de convers\u00e3o do sinal digital de televis\u00e3o. O t\u00e9rmino da transmiss\u00e3o em sinal anal\u00f3gico est\u00e1 previsto para 2018, mas, como explica o prefeito Wilker, que acompanhou o in\u00edcio do cadastramento em Santana do Sobrado, neste s\u00e1bado:\u00a0\u00a0\u201cCasa Nova \u00e9 um munic\u00edpio com uma enorme extens\u00e3o territorial, com povoados e comunidades distantes da sede mais de 200 quil\u00f4metros, com dificuldades de comunica\u00e7\u00e3o. Vamos dar in\u00edcio a este cadastramento para que todos aqueles que tiverem direito recebam seu kit. A outra raz\u00e3o \u00e9&hellip;","og_url":"https:\/\/blogdofarnesio.com.br\/?p=177857","og_site_name":"Blog do Farn\u00e9sio","article_publisher":"https:\/\/www.facebook.com\/BlogQuerSaberPolitica\/","article_published_time":"2017-10-02T14:00:05+00:00","og_image":[{"width":584,"height":370,"url":"https:\/\/blogdofarnesio.com.br\/wp-content\/uploads\/2017\/07\/blogqspdecodificador-tvkit_-e1499283596950.jpg","type":"image\/jpeg"}],"author":"Farn\u00e9sio","twitter_card":"summary_large_image","twitter_misc":{"Escrito por":"Farn\u00e9sio","Est. tempo de leitura":"2 minutos"},"schema":{"@context":"https:\/\/schema.org","@graph":[{"@type":"Article","@id":"https:\/\/blogdofarnesio.com.br\/?p=177857#article","isPartOf":{"@id":"https:\/\/blogdofarnesio.com.br\/?p=177857"},"author":{"name":"Farn\u00e9sio","@id":"https:\/\/blogdofarnesio.com.br\/#\/schema\/person\/301c4acf522bccbfdb45af95b5b906a1"},"headline":"DIRETO DE CASA NOVA","datePublished":"2017-10-02T14:00:05+00:00","mainEntityOfPage":{"@id":"https:\/\/blogdofarnesio.com.br\/?p=177857"},"wordCount":416,"commentCount":0,"publisher":{"@id":"https:\/\/blogdofarnesio.com.br\/#organization"},"image":{"@id":"https:\/\/blogdofarnesio.com.br\/?p=177857#primaryimage"},"thumbnailUrl":"https:\/\/blogdofarnesio.com.br\/wp-content\/uploads\/2017\/07\/blogqspdecodificador-tvkit_-e1499283596950.jpg","articleSection":["A\u00e7\u00e3o Social","Cidades"],"inLanguage":"pt-BR","potentialAction":[{"@type":"CommentAction","name":"Comment","target":["https:\/\/blogdofarnesio.com.br\/?p=177857#respond"]}]},{"@type":"WebPage","@id":"https:\/\/blogdofarnesio.com.br\/?p=177857","url":"https:\/\/blogdofarnesio.com.br\/?p=177857","name":"DIRETO DE CASA NOVA - Blog do Farn\u00e9sio","isPartOf":{"@id":"https:\/\/blogdofarnesio.com.br\/#website"},"primaryImageOfPage":{"@id":"https:\/\/blogdofarnesio.com.br\/?p=177857#primaryimage"},"image":{"@id":"https:\/\/blogdofarnesio.com.br\/?p=177857#primaryimage"},"thumbnailUrl":"https:\/\/blogdofarnesio.com.br\/wp-content\/uploads\/2017\/07\/blogqspdecodificador-tvkit_-e1499283596950.jpg","datePublished":"2017-10-02T14:00:05+00:00","breadcrumb":{"@id":"https:\/\/blogdofarnesio.com.br\/?p=177857#breadcrumb"},"inLanguage":"pt-BR","potentialAction":[{"@type":"ReadAction","target":["https:\/\/blogdofarnesio.com.br\/?p=177857"]}]},{"@type":"ImageObject","inLanguage":"pt-BR","@id":"https:\/\/blogdofarnesio.com.br\/?p=177857#primaryimage","url":"https:\/\/blogdofarnesio.com.br\/wp-content\/uploads\/2017\/07\/blogqspdecodificador-tvkit_-e1499283596950.jpg","contentUrl":"https:\/\/blogdofarnesio.com.br\/wp-content\/uploads\/2017\/07\/blogqspdecodificador-tvkit_-e1499283596950.jpg","width":584,"height":370,"caption":"Equipamento decodificador"},{"@type":"BreadcrumbList","@id":"https:\/\/blogdofarnesio.com.br\/?p=177857#breadcrumb","itemListElement":[{"@type":"ListItem","position":1,"name":"In\u00edcio","item":"https:\/\/blogdofarnesio.com.br\/"},{"@type":"ListItem","position":2,"name":"DIRETO DE CASA NOVA"}]},{"@type":"WebSite","@id":"https:\/\/blogdofarnesio.com.br\/#website","url":"https:\/\/blogdofarnesio.com.br\/","name":"Blog do Farn\u00e9sio","description":"Quer Saber Pol\u00edtica?","publisher":{"@id":"https:\/\/blogdofarnesio.com.br\/#organization"},"potentialAction":[{"@type":"SearchAction","target":{"@type":"EntryPoint","urlTemplate":"https:\/\/blogdofarnesio.com.br\/?s={search_term_string}"},"query-input":{"@type":"PropertyValueSpecification","valueRequired":true,"valueName":"search_term_string"}}],"inLanguage":"pt-BR"},{"@type":"Organization","@id":"https:\/\/blogdofarnesio.com.br\/#organization","name":"Blog do Farn\u00e9sio","url":"https:\/\/blogdofarnesio.com.br\/","logo":{"@type":"ImageObject","inLanguage":"pt-BR","@id":"https:\/\/blogdofarnesio.com.br\/#\/schema\/logo\/image\/","url":"https:\/\/blogdofarnesio.com.br\/wp-content\/uploads\/2026\/03\/cropped-logo_new-1.png","contentUrl":"https:\/\/blogdofarnesio.com.br\/wp-content\/uploads\/2026\/03\/cropped-logo_new-1.png","width":881,"height":685,"caption":"Blog do Farn\u00e9sio"},"image":{"@id":"https:\/\/blogdofarnesio.com.br\/#\/schema\/logo\/image\/"},"sameAs":["https:\/\/www.facebook.com\/BlogQuerSaberPolitica\/"]},{"@type":"Person","@id":"https:\/\/blogdofarnesio.com.br\/#\/schema\/person\/301c4acf522bccbfdb45af95b5b906a1","name":"Farn\u00e9sio","image":{"@type":"ImageObject","inLanguage":"pt-BR","@id":"https:\/\/secure.gravatar.com\/avatar\/df0c9a14567c056f8ad6876ba5bbd1e3e2c48023eb6807342fc4663adf549f38?s=96&d=mm&r=g","url":"https:\/\/secure.gravatar.com\/avatar\/df0c9a14567c056f8ad6876ba5bbd1e3e2c48023eb6807342fc4663adf549f38?s=96&d=mm&r=g","contentUrl":"https:\/\/secure.gravatar.com\/avatar\/df0c9a14567c056f8ad6876ba5bbd1e3e2c48023eb6807342fc4663adf549f38?s=96&d=mm&r=g","caption":"Farn\u00e9sio"},"sameAs":["https:\/\/quersaberpolitica.com.br"],"url":"https:\/\/blogdofarnesio.com.br\/?author=1"}]}},"_links":{"self":[{"href":"https:\/\/blogdofarnesio.com.br\/index.php?rest_route=\/wp\/v2\/posts\/177857","targetHints":{"allow":["GET"]}}],"collection":[{"href":"https:\/\/blogdofarnesio.com.br\/index.php?rest_route=\/wp\/v2\/posts"}],"about":[{"href":"https:\/\/blogdofarnesio.com.br\/index.php?rest_route=\/wp\/v2\/types\/post"}],"author":[{"embeddable":true,"href":"https:\/\/blogdofarnesio.com.br\/index.php?rest_route=\/wp\/v2\/users\/1"}],"replies":[{"embeddable":true,"href":"https:\/\/blogdofarnesio.com.br\/index.php?rest_route=%2Fwp%2Fv2%2Fcomments&post=177857"}],"version-history":[{"count":0,"href":"https:\/\/blogdofarnesio.com.br\/index.php?rest_route=\/wp\/v2\/posts\/177857\/revisions"}],"wp:featuredmedia":[{"embeddable":true,"href":"https:\/\/blogdofarnesio.com.br\/index.php?rest_route=\/wp\/v2\/media\/170705"}],"wp:attachment":[{"href":"https:\/\/blogdofarnesio.com.br\/index.php?rest_route=%2Fwp%2Fv2%2Fmedia&parent=177857"}],"wp:term":[{"taxonomy":"category","embeddable":true,"href":"https:\/\/blogdofarnesio.com.br\/index.php?rest_route=%2Fwp%2Fv2%2Fcategories&post=177857"},{"taxonomy":"post_tag","embeddable":true,"href":"https:\/\/blogdofarnesio.com.br\/index.php?rest_route=%2Fwp%2Fv2%2Ftags&post=177857"}],"curies":[{"name":"wp","href":"https:\/\/api.w.org\/{rel}","templated":true}]}}