{"id":177772,"date":"2017-09-30T13:00:05","date_gmt":"2017-09-30T16:00:05","guid":{"rendered":"http:\/\/quersaberpolitica.com.br\/2016\/?p=177772"},"modified":"2017-09-29T17:39:56","modified_gmt":"2017-09-29T20:39:56","slug":"feira-de-organicos-do-vale-e-aberta-com-aprovacao-do-publico","status":"publish","type":"post","link":"https:\/\/blogdofarnesio.com.br\/?p=177772","title":{"rendered":"FEIRA DE ORG\u00c2NICOS DO VALE \u00c9 ABERTA COM APROVA\u00c7\u00c3O DO P\u00daBLICO"},"content":{"rendered":"<p style=\"text-align: justify;\">\n<p style=\"text-align: justify;\">A Feira de Org\u00e2nicos do Vale foi aberta na \u00faltima quinta-feira (28), na Pra\u00e7a Santiago Maior, centro de Juazeiro em espa\u00e7o dedicado \u00e0 comercializa\u00e7\u00e3o de frutas, verduras e hortali\u00e7as org\u00e2nicas. Com periodicidade semanal (todas as quintas-feiras) das 16h \u00e0s 20h a Feira \u00e9 uma realiza\u00e7\u00e3o da Prefeitura Municipal, atrav\u00e9s da Ag\u00eancia de Desenvolvimento Econ\u00f4mico, Agricultura e Pecu\u00e1ria, em parceria com a Associa\u00e7\u00e3o de Produtores de Org\u00e2nicos do Jo\u00e3o Paulo II e a Associa\u00e7\u00e3o de Produtores e Produtores de Org\u00e2nicos de Vale do S\u00e3o Francisco (APROVASF).<\/p>\n<p style=\"text-align: justify;\">Para o secret\u00e1rio de Desenvolvimento Econ\u00f4mico, Agricultura e Pecu\u00e1ria, Tiano Felix, essa \u00e9 oportunidade de valorizar o setor. \u201cTemos um grande n\u00famero de produtores de org\u00e2nicos na regi\u00e3o e a feira veio para fomentar e contribuir para o crescimento e potencializa\u00e7\u00e3o do setor. A prefeitura atrav\u00e9s da ADEAP tem como meta, oportunizar o desenvolvimento agr\u00edcola do munic\u00edpio, e diante disso idealizou a feira de org\u00e2nicos que al\u00e9m de contribuir para a pujan\u00e7a da atividade, oferece produtos de qualidade \u00e0 popula\u00e7\u00e3o\u201d, informou.<\/p>\n<p style=\"text-align: justify;\">A presidente da APROVASF, Alzira Santana, afirmou que a Feira est\u00e1 dando visibilidade aos produtos e a agricultura org\u00e2nica da regi\u00e3o. \u201cO grupo de produtores de org\u00e2nicos embora pequeno, est\u00e1 fazendo uma diferen\u00e7a na agricultura do Vale do S\u00e3o Francisco, com agricultura org\u00e2nica limpa e saud\u00e1vel. Hoje cada vez mais as pessoas querem cuidar da sa\u00fade, fugir do qu\u00edmico, do convencional para ter uma qualidade de vida melhor\u201d, destacou.<\/p>\n<p style=\"text-align: justify;\">Para a presidente da Associa\u00e7\u00e3o de Produtores de Org\u00e2nicos do Jo\u00e3o Paulo II, Jovita Pereira da Silva, a feira j\u00e1 \u00e9 um sucesso. \u201cO p\u00fablico est\u00e1 comprando e consumindo bem os produtos aqui apresentados. Os produtores presentes est\u00e3o felizes e satisfeitos com o n\u00famero de consumidores que visita o espa\u00e7o. Uma grande felicidade para todos n\u00f3s\u201d, disse. Vale salientar, que o espa\u00e7o conta com barracas padronizadas que ocupa um espa\u00e7o f\u00edsico de 3m\u00b2 e est\u00e1 de acordo com as normas de produ\u00e7\u00e3o e comercializa\u00e7\u00e3o de produtos org\u00e2nicos.<\/p>\n<p style=\"text-align: justify;\">O prefeito Paulo Bomfim parabenizou a equipe e falou do compromisso com o setor no munic\u00edpio. \u201cQuero parabenizar a todos que organizaram essa grande a\u00e7\u00e3o e afirmar que a feira j\u00e1 \u00e9 um sucesso. N\u00f3s sabemos que a mola mestra econ\u00f4mica da regi\u00e3o \u00e9 a agricultura irrigada e o setor de org\u00e2nicos tem crescido cada vez mais. O nosso papel \u00e9 incentivar e apoiar\u201d, afirmou.<\/p>\n<p style=\"text-align: justify;\">Segundo a consumidora, Juvenala Costa Santana, que h\u00e1 16 anos reside em Juazeiro, a feira possibilita um acesso f\u00e1cil, r\u00e1pido e seguro a todos que querem desfrutar de uma vida saud\u00e1vel. \u201cEssa foi uma excelente ideia, principalmente para a nossa sa\u00fade. Fiquei feliz com o hor\u00e1rio da feira, pois a temperatura est\u00e1 mais amena e coincide com a sa\u00edda do trabalho\u201d.\u00a0\u00a0Ros\u00e1lia Costa, falou da satisfa\u00e7\u00e3o em ter os produtos pertinho de casa. \u201cMoro no centro da cidade e fiquei muito animada com a feira, pois antes tinha que me deslocar a lugares distantes para comprar. H\u00e1 anos, eu e minha fam\u00edlia aderimos aos produtos org\u00e2nicos, e aconselho a todos a incluir esses alimentos no card\u00e1pio\u201d, disse.<\/p>\n<p style=\"text-align: justify;\">O deputado estadual Cris\u00f3stomo Lima, autor da emenda que oportunizou a doa\u00e7\u00e3o de 30 barracas pela Companhia de Desenvolvimento e A\u00e7\u00e3o Regional da Bahia (CAR) \u00e0 Feira de Org\u00e2nicos, parabenizou a organiza\u00e7\u00e3o pela a\u00e7\u00e3o. \u201cTemos grandes produtores de org\u00e2nicos na regi\u00e3o e \u00e9 uma grande alegria ter contribu\u00eddo de alguma forma para a realiza\u00e7\u00e3o dessa feira\u201d. J\u00e1 o diretor presidente da CAR, Wilson Dias falou que o munic\u00edpio de Juazeiro tem um grande potencial de produtos e a feira de org\u00e2nicos veio para concretizar essa realidade.<\/p>\n<p style=\"text-align: justify;\">De acordo com a consumidora Odete Amorim, a feira \u00e9 uma grande conquista, o munic\u00edpio adquirir um espa\u00e7o fixo para comercializa\u00e7\u00e3o de produtos org\u00e2nicos. \u201cAdorei essa iniciativa, vejo pessoas se deslocarem a lugares mais distantes e at\u00e9 ao munic\u00edpio vizinho para comprar org\u00e2nicos e hoje temos a nossa pr\u00f3pria feira. \u00c9 uma grande felicidade para os consumidores\u201d, afirmou.<\/p>\n<p>Lene Radina\/ ASCOM ADEAP<\/p>\n","protected":false},"excerpt":{"rendered":"<p>A Feira de Org\u00e2nicos do Vale foi aberta na \u00faltima quinta-feira (28), na Pra\u00e7a Santiago Maior, centro de Juazeiro em espa\u00e7o dedicado \u00e0 comercializa\u00e7\u00e3o de frutas, verduras e hortali\u00e7as org\u00e2nicas. Com periodicidade semanal (todas as quintas-feiras) das 16h \u00e0s 20h a Feira \u00e9 uma realiza\u00e7\u00e3o da Prefeitura Municipal, atrav\u00e9s da Ag\u00eancia de Desenvolvimento Econ\u00f4mico, Agricultura e Pecu\u00e1ria, em parceria com a Associa\u00e7\u00e3o de Produtores de Org\u00e2nicos do Jo\u00e3o Paulo II e a Associa\u00e7\u00e3o de Produtores e Produtores de Org\u00e2nicos de Vale do S\u00e3o Francisco (APROVASF). Para o secret\u00e1rio de Desenvolvimento Econ\u00f4mico, Agricultura e Pecu\u00e1ria, Tiano Felix, essa \u00e9 oportunidade de valorizar o setor. \u201cTemos um grande n\u00famero de produtores de org\u00e2nicos na regi\u00e3o e a feira veio para fomentar e&hellip; <\/p>\n","protected":false},"author":1,"featured_media":177773,"comment_status":"open","ping_status":"open","sticky":false,"template":"","format":"standard","meta":{"_acf_changed":false,"footnotes":""},"categories":[44],"tags":[],"class_list":["post-177772","post","type-post","status-publish","format-standard","has-post-thumbnail","hentry","category-administracao"],"acf":[],"yoast_head":"<!-- This site is optimized with the Yoast SEO plugin v27.4 - https:\/\/yoast.com\/product\/yoast-seo-wordpress\/ -->\n<title>FEIRA DE ORG\u00c2NICOS DO VALE \u00c9 ABERTA COM APROVA\u00c7\u00c3O DO P\u00daBLICO - Blog do Farn\u00e9sio<\/title>\n<meta name=\"robots\" content=\"index, follow, max-snippet:-1, max-image-preview:large, max-video-preview:-1\" \/>\n<link rel=\"canonical\" href=\"https:\/\/blogdofarnesio.com.br\/?p=177772\" \/>\n<meta property=\"og:locale\" content=\"pt_BR\" \/>\n<meta property=\"og:type\" content=\"article\" \/>\n<meta property=\"og:title\" content=\"FEIRA DE ORG\u00c2NICOS DO VALE \u00c9 ABERTA COM APROVA\u00c7\u00c3O DO P\u00daBLICO - Blog do Farn\u00e9sio\" \/>\n<meta property=\"og:description\" content=\"A Feira de Org\u00e2nicos do Vale foi aberta na \u00faltima quinta-feira (28), na Pra\u00e7a Santiago Maior, centro de Juazeiro em espa\u00e7o dedicado \u00e0 comercializa\u00e7\u00e3o de frutas, verduras e hortali\u00e7as org\u00e2nicas. Com periodicidade semanal (todas as quintas-feiras) das 16h \u00e0s 20h a Feira \u00e9 uma realiza\u00e7\u00e3o da Prefeitura Municipal, atrav\u00e9s da Ag\u00eancia de Desenvolvimento Econ\u00f4mico, Agricultura e Pecu\u00e1ria, em parceria com a Associa\u00e7\u00e3o de Produtores de Org\u00e2nicos do Jo\u00e3o Paulo II e a Associa\u00e7\u00e3o de Produtores e Produtores de Org\u00e2nicos de Vale do S\u00e3o Francisco (APROVASF). Para o secret\u00e1rio de Desenvolvimento Econ\u00f4mico, Agricultura e Pecu\u00e1ria, Tiano Felix, essa \u00e9 oportunidade de valorizar o setor. \u201cTemos um grande n\u00famero de produtores de org\u00e2nicos na regi\u00e3o e a feira veio para fomentar e&hellip;\" \/>\n<meta property=\"og:url\" content=\"https:\/\/blogdofarnesio.com.br\/?p=177772\" \/>\n<meta property=\"og:site_name\" content=\"Blog do Farn\u00e9sio\" \/>\n<meta property=\"article:publisher\" content=\"https:\/\/www.facebook.com\/BlogQuerSaberPolitica\/\" \/>\n<meta property=\"article:published_time\" content=\"2017-09-30T16:00:05+00:00\" \/>\n<meta property=\"og:image\" content=\"https:\/\/blogdofarnesio.com.br\/wp-content\/uploads\/2017\/09\/blogqsp-Feira-Org\u00e2nicos-7.jpg\" \/>\n\t<meta property=\"og:image:width\" content=\"640\" \/>\n\t<meta property=\"og:image:height\" content=\"360\" \/>\n\t<meta property=\"og:image:type\" content=\"image\/jpeg\" \/>\n<meta name=\"author\" content=\"Farn\u00e9sio\" \/>\n<meta name=\"twitter:card\" content=\"summary_large_image\" \/>\n<meta name=\"twitter:label1\" content=\"Escrito por\" \/>\n\t<meta name=\"twitter:data1\" content=\"Farn\u00e9sio\" \/>\n\t<meta name=\"twitter:label2\" content=\"Est. tempo de leitura\" \/>\n\t<meta name=\"twitter:data2\" content=\"4 minutos\" \/>\n<script type=\"application\/ld+json\" class=\"yoast-schema-graph\">{\"@context\":\"https:\\\/\\\/schema.org\",\"@graph\":[{\"@type\":\"Article\",\"@id\":\"https:\\\/\\\/blogdofarnesio.com.br\\\/?p=177772#article\",\"isPartOf\":{\"@id\":\"https:\\\/\\\/blogdofarnesio.com.br\\\/?p=177772\"},\"author\":{\"name\":\"Farn\u00e9sio\",\"@id\":\"https:\\\/\\\/blogdofarnesio.com.br\\\/#\\\/schema\\\/person\\\/301c4acf522bccbfdb45af95b5b906a1\"},\"headline\":\"FEIRA DE ORG\u00c2NICOS DO VALE \u00c9 ABERTA COM APROVA\u00c7\u00c3O DO P\u00daBLICO\",\"datePublished\":\"2017-09-30T16:00:05+00:00\",\"mainEntityOfPage\":{\"@id\":\"https:\\\/\\\/blogdofarnesio.com.br\\\/?p=177772\"},\"wordCount\":740,\"commentCount\":0,\"publisher\":{\"@id\":\"https:\\\/\\\/blogdofarnesio.com.br\\\/#organization\"},\"image\":{\"@id\":\"https:\\\/\\\/blogdofarnesio.com.br\\\/?p=177772#primaryimage\"},\"thumbnailUrl\":\"https:\\\/\\\/blogdofarnesio.com.br\\\/wp-content\\\/uploads\\\/2017\\\/09\\\/blogqsp-Feira-Org\u00e2nicos-7.jpg\",\"articleSection\":[\"Administra\u00e7\u00e3o\"],\"inLanguage\":\"pt-BR\",\"potentialAction\":[{\"@type\":\"CommentAction\",\"name\":\"Comment\",\"target\":[\"https:\\\/\\\/blogdofarnesio.com.br\\\/?p=177772#respond\"]}]},{\"@type\":\"WebPage\",\"@id\":\"https:\\\/\\\/blogdofarnesio.com.br\\\/?p=177772\",\"url\":\"https:\\\/\\\/blogdofarnesio.com.br\\\/?p=177772\",\"name\":\"FEIRA DE ORG\u00c2NICOS DO VALE \u00c9 ABERTA COM APROVA\u00c7\u00c3O DO P\u00daBLICO - Blog do Farn\u00e9sio\",\"isPartOf\":{\"@id\":\"https:\\\/\\\/blogdofarnesio.com.br\\\/#website\"},\"primaryImageOfPage\":{\"@id\":\"https:\\\/\\\/blogdofarnesio.com.br\\\/?p=177772#primaryimage\"},\"image\":{\"@id\":\"https:\\\/\\\/blogdofarnesio.com.br\\\/?p=177772#primaryimage\"},\"thumbnailUrl\":\"https:\\\/\\\/blogdofarnesio.com.br\\\/wp-content\\\/uploads\\\/2017\\\/09\\\/blogqsp-Feira-Org\u00e2nicos-7.jpg\",\"datePublished\":\"2017-09-30T16:00:05+00:00\",\"breadcrumb\":{\"@id\":\"https:\\\/\\\/blogdofarnesio.com.br\\\/?p=177772#breadcrumb\"},\"inLanguage\":\"pt-BR\",\"potentialAction\":[{\"@type\":\"ReadAction\",\"target\":[\"https:\\\/\\\/blogdofarnesio.com.br\\\/?p=177772\"]}]},{\"@type\":\"ImageObject\",\"inLanguage\":\"pt-BR\",\"@id\":\"https:\\\/\\\/blogdofarnesio.com.br\\\/?p=177772#primaryimage\",\"url\":\"https:\\\/\\\/blogdofarnesio.com.br\\\/wp-content\\\/uploads\\\/2017\\\/09\\\/blogqsp-Feira-Org\u00e2nicos-7.jpg\",\"contentUrl\":\"https:\\\/\\\/blogdofarnesio.com.br\\\/wp-content\\\/uploads\\\/2017\\\/09\\\/blogqsp-Feira-Org\u00e2nicos-7.jpg\",\"width\":640,\"height\":360},{\"@type\":\"BreadcrumbList\",\"@id\":\"https:\\\/\\\/blogdofarnesio.com.br\\\/?p=177772#breadcrumb\",\"itemListElement\":[{\"@type\":\"ListItem\",\"position\":1,\"name\":\"In\u00edcio\",\"item\":\"https:\\\/\\\/blogdofarnesio.com.br\\\/\"},{\"@type\":\"ListItem\",\"position\":2,\"name\":\"FEIRA DE ORG\u00c2NICOS DO VALE \u00c9 ABERTA COM APROVA\u00c7\u00c3O DO P\u00daBLICO\"}]},{\"@type\":\"WebSite\",\"@id\":\"https:\\\/\\\/blogdofarnesio.com.br\\\/#website\",\"url\":\"https:\\\/\\\/blogdofarnesio.com.br\\\/\",\"name\":\"Blog do Farn\u00e9sio\",\"description\":\"Quer Saber Pol\u00edtica?\",\"publisher\":{\"@id\":\"https:\\\/\\\/blogdofarnesio.com.br\\\/#organization\"},\"potentialAction\":[{\"@type\":\"SearchAction\",\"target\":{\"@type\":\"EntryPoint\",\"urlTemplate\":\"https:\\\/\\\/blogdofarnesio.com.br\\\/?s={search_term_string}\"},\"query-input\":{\"@type\":\"PropertyValueSpecification\",\"valueRequired\":true,\"valueName\":\"search_term_string\"}}],\"inLanguage\":\"pt-BR\"},{\"@type\":\"Organization\",\"@id\":\"https:\\\/\\\/blogdofarnesio.com.br\\\/#organization\",\"name\":\"Blog do Farn\u00e9sio\",\"url\":\"https:\\\/\\\/blogdofarnesio.com.br\\\/\",\"logo\":{\"@type\":\"ImageObject\",\"inLanguage\":\"pt-BR\",\"@id\":\"https:\\\/\\\/blogdofarnesio.com.br\\\/#\\\/schema\\\/logo\\\/image\\\/\",\"url\":\"https:\\\/\\\/blogdofarnesio.com.br\\\/wp-content\\\/uploads\\\/2026\\\/03\\\/cropped-logo_new-1.png\",\"contentUrl\":\"https:\\\/\\\/blogdofarnesio.com.br\\\/wp-content\\\/uploads\\\/2026\\\/03\\\/cropped-logo_new-1.png\",\"width\":881,\"height\":685,\"caption\":\"Blog do Farn\u00e9sio\"},\"image\":{\"@id\":\"https:\\\/\\\/blogdofarnesio.com.br\\\/#\\\/schema\\\/logo\\\/image\\\/\"},\"sameAs\":[\"https:\\\/\\\/www.facebook.com\\\/BlogQuerSaberPolitica\\\/\"]},{\"@type\":\"Person\",\"@id\":\"https:\\\/\\\/blogdofarnesio.com.br\\\/#\\\/schema\\\/person\\\/301c4acf522bccbfdb45af95b5b906a1\",\"name\":\"Farn\u00e9sio\",\"image\":{\"@type\":\"ImageObject\",\"inLanguage\":\"pt-BR\",\"@id\":\"https:\\\/\\\/secure.gravatar.com\\\/avatar\\\/df0c9a14567c056f8ad6876ba5bbd1e3e2c48023eb6807342fc4663adf549f38?s=96&d=mm&r=g\",\"url\":\"https:\\\/\\\/secure.gravatar.com\\\/avatar\\\/df0c9a14567c056f8ad6876ba5bbd1e3e2c48023eb6807342fc4663adf549f38?s=96&d=mm&r=g\",\"contentUrl\":\"https:\\\/\\\/secure.gravatar.com\\\/avatar\\\/df0c9a14567c056f8ad6876ba5bbd1e3e2c48023eb6807342fc4663adf549f38?s=96&d=mm&r=g\",\"caption\":\"Farn\u00e9sio\"},\"sameAs\":[\"https:\\\/\\\/quersaberpolitica.com.br\"],\"url\":\"https:\\\/\\\/blogdofarnesio.com.br\\\/?author=1\"}]}<\/script>\n<!-- \/ Yoast SEO plugin. -->","yoast_head_json":{"title":"FEIRA DE ORG\u00c2NICOS DO VALE \u00c9 ABERTA COM APROVA\u00c7\u00c3O DO P\u00daBLICO - Blog do Farn\u00e9sio","robots":{"index":"index","follow":"follow","max-snippet":"max-snippet:-1","max-image-preview":"max-image-preview:large","max-video-preview":"max-video-preview:-1"},"canonical":"https:\/\/blogdofarnesio.com.br\/?p=177772","og_locale":"pt_BR","og_type":"article","og_title":"FEIRA DE ORG\u00c2NICOS DO VALE \u00c9 ABERTA COM APROVA\u00c7\u00c3O DO P\u00daBLICO - Blog do Farn\u00e9sio","og_description":"A Feira de Org\u00e2nicos do Vale foi aberta na \u00faltima quinta-feira (28), na Pra\u00e7a Santiago Maior, centro de Juazeiro em espa\u00e7o dedicado \u00e0 comercializa\u00e7\u00e3o de frutas, verduras e hortali\u00e7as org\u00e2nicas. Com periodicidade semanal (todas as quintas-feiras) das 16h \u00e0s 20h a Feira \u00e9 uma realiza\u00e7\u00e3o da Prefeitura Municipal, atrav\u00e9s da Ag\u00eancia de Desenvolvimento Econ\u00f4mico, Agricultura e Pecu\u00e1ria, em parceria com a Associa\u00e7\u00e3o de Produtores de Org\u00e2nicos do Jo\u00e3o Paulo II e a Associa\u00e7\u00e3o de Produtores e Produtores de Org\u00e2nicos de Vale do S\u00e3o Francisco (APROVASF). Para o secret\u00e1rio de Desenvolvimento Econ\u00f4mico, Agricultura e Pecu\u00e1ria, Tiano Felix, essa \u00e9 oportunidade de valorizar o setor. \u201cTemos um grande n\u00famero de produtores de org\u00e2nicos na regi\u00e3o e a feira veio para fomentar e&hellip;","og_url":"https:\/\/blogdofarnesio.com.br\/?p=177772","og_site_name":"Blog do Farn\u00e9sio","article_publisher":"https:\/\/www.facebook.com\/BlogQuerSaberPolitica\/","article_published_time":"2017-09-30T16:00:05+00:00","og_image":[{"width":640,"height":360,"url":"https:\/\/blogdofarnesio.com.br\/wp-content\/uploads\/2017\/09\/blogqsp-Feira-Org\u00e2nicos-7.jpg","type":"image\/jpeg"}],"author":"Farn\u00e9sio","twitter_card":"summary_large_image","twitter_misc":{"Escrito por":"Farn\u00e9sio","Est. tempo de leitura":"4 minutos"},"schema":{"@context":"https:\/\/schema.org","@graph":[{"@type":"Article","@id":"https:\/\/blogdofarnesio.com.br\/?p=177772#article","isPartOf":{"@id":"https:\/\/blogdofarnesio.com.br\/?p=177772"},"author":{"name":"Farn\u00e9sio","@id":"https:\/\/blogdofarnesio.com.br\/#\/schema\/person\/301c4acf522bccbfdb45af95b5b906a1"},"headline":"FEIRA DE ORG\u00c2NICOS DO VALE \u00c9 ABERTA COM APROVA\u00c7\u00c3O DO P\u00daBLICO","datePublished":"2017-09-30T16:00:05+00:00","mainEntityOfPage":{"@id":"https:\/\/blogdofarnesio.com.br\/?p=177772"},"wordCount":740,"commentCount":0,"publisher":{"@id":"https:\/\/blogdofarnesio.com.br\/#organization"},"image":{"@id":"https:\/\/blogdofarnesio.com.br\/?p=177772#primaryimage"},"thumbnailUrl":"https:\/\/blogdofarnesio.com.br\/wp-content\/uploads\/2017\/09\/blogqsp-Feira-Org\u00e2nicos-7.jpg","articleSection":["Administra\u00e7\u00e3o"],"inLanguage":"pt-BR","potentialAction":[{"@type":"CommentAction","name":"Comment","target":["https:\/\/blogdofarnesio.com.br\/?p=177772#respond"]}]},{"@type":"WebPage","@id":"https:\/\/blogdofarnesio.com.br\/?p=177772","url":"https:\/\/blogdofarnesio.com.br\/?p=177772","name":"FEIRA DE ORG\u00c2NICOS DO VALE \u00c9 ABERTA COM APROVA\u00c7\u00c3O DO P\u00daBLICO - Blog do Farn\u00e9sio","isPartOf":{"@id":"https:\/\/blogdofarnesio.com.br\/#website"},"primaryImageOfPage":{"@id":"https:\/\/blogdofarnesio.com.br\/?p=177772#primaryimage"},"image":{"@id":"https:\/\/blogdofarnesio.com.br\/?p=177772#primaryimage"},"thumbnailUrl":"https:\/\/blogdofarnesio.com.br\/wp-content\/uploads\/2017\/09\/blogqsp-Feira-Org\u00e2nicos-7.jpg","datePublished":"2017-09-30T16:00:05+00:00","breadcrumb":{"@id":"https:\/\/blogdofarnesio.com.br\/?p=177772#breadcrumb"},"inLanguage":"pt-BR","potentialAction":[{"@type":"ReadAction","target":["https:\/\/blogdofarnesio.com.br\/?p=177772"]}]},{"@type":"ImageObject","inLanguage":"pt-BR","@id":"https:\/\/blogdofarnesio.com.br\/?p=177772#primaryimage","url":"https:\/\/blogdofarnesio.com.br\/wp-content\/uploads\/2017\/09\/blogqsp-Feira-Org\u00e2nicos-7.jpg","contentUrl":"https:\/\/blogdofarnesio.com.br\/wp-content\/uploads\/2017\/09\/blogqsp-Feira-Org\u00e2nicos-7.jpg","width":640,"height":360},{"@type":"BreadcrumbList","@id":"https:\/\/blogdofarnesio.com.br\/?p=177772#breadcrumb","itemListElement":[{"@type":"ListItem","position":1,"name":"In\u00edcio","item":"https:\/\/blogdofarnesio.com.br\/"},{"@type":"ListItem","position":2,"name":"FEIRA DE ORG\u00c2NICOS DO VALE \u00c9 ABERTA COM APROVA\u00c7\u00c3O DO P\u00daBLICO"}]},{"@type":"WebSite","@id":"https:\/\/blogdofarnesio.com.br\/#website","url":"https:\/\/blogdofarnesio.com.br\/","name":"Blog do Farn\u00e9sio","description":"Quer Saber Pol\u00edtica?","publisher":{"@id":"https:\/\/blogdofarnesio.com.br\/#organization"},"potentialAction":[{"@type":"SearchAction","target":{"@type":"EntryPoint","urlTemplate":"https:\/\/blogdofarnesio.com.br\/?s={search_term_string}"},"query-input":{"@type":"PropertyValueSpecification","valueRequired":true,"valueName":"search_term_string"}}],"inLanguage":"pt-BR"},{"@type":"Organization","@id":"https:\/\/blogdofarnesio.com.br\/#organization","name":"Blog do Farn\u00e9sio","url":"https:\/\/blogdofarnesio.com.br\/","logo":{"@type":"ImageObject","inLanguage":"pt-BR","@id":"https:\/\/blogdofarnesio.com.br\/#\/schema\/logo\/image\/","url":"https:\/\/blogdofarnesio.com.br\/wp-content\/uploads\/2026\/03\/cropped-logo_new-1.png","contentUrl":"https:\/\/blogdofarnesio.com.br\/wp-content\/uploads\/2026\/03\/cropped-logo_new-1.png","width":881,"height":685,"caption":"Blog do Farn\u00e9sio"},"image":{"@id":"https:\/\/blogdofarnesio.com.br\/#\/schema\/logo\/image\/"},"sameAs":["https:\/\/www.facebook.com\/BlogQuerSaberPolitica\/"]},{"@type":"Person","@id":"https:\/\/blogdofarnesio.com.br\/#\/schema\/person\/301c4acf522bccbfdb45af95b5b906a1","name":"Farn\u00e9sio","image":{"@type":"ImageObject","inLanguage":"pt-BR","@id":"https:\/\/secure.gravatar.com\/avatar\/df0c9a14567c056f8ad6876ba5bbd1e3e2c48023eb6807342fc4663adf549f38?s=96&d=mm&r=g","url":"https:\/\/secure.gravatar.com\/avatar\/df0c9a14567c056f8ad6876ba5bbd1e3e2c48023eb6807342fc4663adf549f38?s=96&d=mm&r=g","contentUrl":"https:\/\/secure.gravatar.com\/avatar\/df0c9a14567c056f8ad6876ba5bbd1e3e2c48023eb6807342fc4663adf549f38?s=96&d=mm&r=g","caption":"Farn\u00e9sio"},"sameAs":["https:\/\/quersaberpolitica.com.br"],"url":"https:\/\/blogdofarnesio.com.br\/?author=1"}]}},"_links":{"self":[{"href":"https:\/\/blogdofarnesio.com.br\/index.php?rest_route=\/wp\/v2\/posts\/177772","targetHints":{"allow":["GET"]}}],"collection":[{"href":"https:\/\/blogdofarnesio.com.br\/index.php?rest_route=\/wp\/v2\/posts"}],"about":[{"href":"https:\/\/blogdofarnesio.com.br\/index.php?rest_route=\/wp\/v2\/types\/post"}],"author":[{"embeddable":true,"href":"https:\/\/blogdofarnesio.com.br\/index.php?rest_route=\/wp\/v2\/users\/1"}],"replies":[{"embeddable":true,"href":"https:\/\/blogdofarnesio.com.br\/index.php?rest_route=%2Fwp%2Fv2%2Fcomments&post=177772"}],"version-history":[{"count":0,"href":"https:\/\/blogdofarnesio.com.br\/index.php?rest_route=\/wp\/v2\/posts\/177772\/revisions"}],"wp:featuredmedia":[{"embeddable":true,"href":"https:\/\/blogdofarnesio.com.br\/index.php?rest_route=\/wp\/v2\/media\/177773"}],"wp:attachment":[{"href":"https:\/\/blogdofarnesio.com.br\/index.php?rest_route=%2Fwp%2Fv2%2Fmedia&parent=177772"}],"wp:term":[{"taxonomy":"category","embeddable":true,"href":"https:\/\/blogdofarnesio.com.br\/index.php?rest_route=%2Fwp%2Fv2%2Fcategories&post=177772"},{"taxonomy":"post_tag","embeddable":true,"href":"https:\/\/blogdofarnesio.com.br\/index.php?rest_route=%2Fwp%2Fv2%2Ftags&post=177772"}],"curies":[{"name":"wp","href":"https:\/\/api.w.org\/{rel}","templated":true}]}}