{"id":177764,"date":"2017-09-30T10:00:53","date_gmt":"2017-09-30T13:00:53","guid":{"rendered":"http:\/\/quersaberpolitica.com.br\/2016\/?p=177764"},"modified":"2017-09-30T08:45:34","modified_gmt":"2017-09-30T11:45:34","slug":"prefeito-paulo-bomfim-inaugura-praca-da-monica-totalmente-reformada","status":"publish","type":"post","link":"https:\/\/blogdofarnesio.com.br\/?p=177764","title":{"rendered":"PREFEITO PAULO BOMFIM INAUGURA PRA\u00c7A DA M\u00d4NICA TOTALMENTE REFORMADA"},"content":{"rendered":"<p style=\"text-align: justify;\">Uma das pra\u00e7as hist\u00f3ricas de Juazeiro foi completamente reformada pela Prefeitura de Juazeiro, atrav\u00e9s da Secretaria de Obras e Desenvolvimento Urbano (SEDUR). A Pra\u00e7a da M\u00f4nica foi inaugurada pelo prefeito Paulo Bomfim nesta sexta-feira (29) acompanhado do titular da SEDUR, Anderson Alves, vereadores e secret\u00e1rios de governo.<\/p>\n<p style=\"text-align: justify;\">Antes sem mesas de jogos, parque infantil, paisagismo, a pra\u00e7a tinha apenas um muro alto no meio da pra\u00e7a e uma M\u00f4nica desgastada. Com a reforma, foi entregue a popula\u00e7\u00e3o com canteiros, bancos e piso recuperados, muro central rebaixado para proporcionar maior visibilidade de toda a \u00e1rea, parque infantil, mesas e bancos para jogos; revis\u00e3o da ilumina\u00e7\u00e3o, paisagismo, e restaura\u00e7\u00e3o do monumento da M\u00f4nica. A obra teve um investimento de aproximadamente R$ 84 mil, fruto de recursos pr\u00f3prios do munic\u00edpio.<\/p>\n<p style=\"text-align: justify;\">A inaugura\u00e7\u00e3o contou com diversas atividades e brincadeiras, comandadas por palha\u00e7os, pula-pula e apresenta\u00e7\u00e3o do coral de crian\u00e7as da Escola Municipal Nossa Sra. das Grotas, a\u00a0 participa\u00e7\u00e3o de v\u00e1rios moradores, principalmente crian\u00e7as, que se divertiram com a programa\u00e7\u00e3o preparada especialmente para a inaugura\u00e7\u00e3o.<\/p>\n<p style=\"text-align: justify;\">O prefeito Paulo Bomfim ressaltou que al\u00e9m da Pra\u00e7a da M\u00f4nica outras Pra\u00e7as devem ser entregues \u00e0 popula\u00e7\u00e3o muito em breve a exemplo da Pra\u00e7a principal do bairro Alto do Cruzeiro e a Pra\u00e7a S\u00e3o Jo\u00e3o, no distrito de Pinh\u00f5es.<\/p>\n<p style=\"text-align: justify;\">\u201cTrabalhar na recupera\u00e7\u00e3o de pra\u00e7as \u00e9 investir na qualidade de vida, no ser humano. Cada vez mais precisamos ter espa\u00e7os agrad\u00e1veis para que a sociedade tenha perto de sua casa bem-estar. A Pra\u00e7a da M\u00f4nica est\u00e1 plantada no cora\u00e7\u00e3o de um bairro central, e \u00e9 uma das mais antigas e hist\u00f3ricas de Juazeiro. Estou muito feliz em entregar esse espa\u00e7o a esses moradores para divers\u00e3o, conviv\u00eancia, sa\u00fade e educa\u00e7\u00e3o\u201d, evidenciou o prefeito.<\/p>\n<p style=\"text-align: justify;\">Para a moradora Ros\u00e2ngela Nascimento, o local ser\u00e1 muito bem utilizado pelos moradores. \u201cA pra\u00e7a \u00e9 o nosso maior patrim\u00f4nio, um espa\u00e7o voltado para o divertimento, o lazer de todas as idades. Estamos muito felizes, todos que moram aqui, agora precisam zelar bem\u201d, declarou a moradora.<\/p>\n<p style=\"text-align: justify;\">A estudante Maria Eduarda tem apenas 10 anos, mas para ela a nova Pra\u00e7a da M\u00f4nica vai mudar a rotina dos moradores principalmente da escola onde estuda. \u201cAgora vamos ter um lugar perto da escola para outras atividades. Agradecemos de cora\u00e7\u00e3o ao prefeito por nos dar essa pra\u00e7a de presente. Muito obrigada prefeito Paulo Bomfim\u201d, declarou emocionada a pequena Maria Eduarda.<\/p>\n<p style=\"text-align: justify;\">\u201cS\u00f3 vejo coment\u00e1rios positivos dos moradores do bairro. Todo mundo est\u00e1 adorando e voltamos a ter um ponto de encontro para conversarmos e espairecer. Acompanhei a inaugura\u00e7\u00e3o da pra\u00e7a no ano de 1979 e \u00e9 com muita alegria que hoje estou aqui acompanhando a inaugura\u00e7\u00e3o da reforma que nos entrega esse espa\u00e7o maravilhoso\u201d, disse Jos\u00e9 Mendes, funcion\u00e1rio p\u00fablico e morador h\u00e1 mais de 40 anos do bairro Alagadi\u00e7o.<\/p>\n<p style=\"text-align: justify;\">De acordo com o Secret\u00e1rio Anderson Alves, v\u00e1rios outros projetos para reforma de outras pra\u00e7as da cidade est\u00e3o em andamento. \u201c\u00c9 uma determina\u00e7\u00e3o da gest\u00e3o do nosso prefeito Paulo Bonfim, trabalhar sempre mais para a melhoria da qualidade de vida do juazeirense, e \u00e9 essa determina\u00e7\u00e3o que tem pautado nosso trabalho a frente da SEDUR\u201d, finalizou Anderson Alves.<\/p>\n<p>Por Gardennia Garibalde\/SEDUR<\/p>\n","protected":false},"excerpt":{"rendered":"<p>Uma das pra\u00e7as hist\u00f3ricas de Juazeiro foi completamente reformada pela Prefeitura de Juazeiro, atrav\u00e9s da Secretaria de Obras e Desenvolvimento Urbano (SEDUR). A Pra\u00e7a da M\u00f4nica foi inaugurada pelo prefeito Paulo Bomfim nesta sexta-feira (29) acompanhado do titular da SEDUR, Anderson Alves, vereadores e secret\u00e1rios de governo. Antes sem mesas de jogos, parque infantil, paisagismo, a pra\u00e7a tinha apenas um muro alto no meio da pra\u00e7a e uma M\u00f4nica desgastada. Com a reforma, foi entregue a popula\u00e7\u00e3o com canteiros, bancos e piso recuperados, muro central rebaixado para proporcionar maior visibilidade de toda a \u00e1rea, parque infantil, mesas e bancos para jogos; revis\u00e3o da ilumina\u00e7\u00e3o, paisagismo, e restaura\u00e7\u00e3o do monumento da M\u00f4nica. A obra teve um investimento de aproximadamente R$ 84&hellip; <\/p>\n","protected":false},"author":1,"featured_media":177765,"comment_status":"open","ping_status":"open","sticky":false,"template":"","format":"standard","meta":{"_acf_changed":false,"footnotes":""},"categories":[44],"tags":[],"class_list":["post-177764","post","type-post","status-publish","format-standard","has-post-thumbnail","hentry","category-administracao"],"acf":[],"yoast_head":"<!-- This site is optimized with the Yoast SEO plugin v27.4 - https:\/\/yoast.com\/product\/yoast-seo-wordpress\/ -->\n<title>PREFEITO PAULO BOMFIM INAUGURA PRA\u00c7A DA M\u00d4NICA TOTALMENTE REFORMADA - Blog do Farn\u00e9sio<\/title>\n<meta name=\"robots\" content=\"index, follow, max-snippet:-1, max-image-preview:large, max-video-preview:-1\" \/>\n<link rel=\"canonical\" href=\"https:\/\/blogdofarnesio.com.br\/?p=177764\" \/>\n<meta property=\"og:locale\" content=\"pt_BR\" \/>\n<meta property=\"og:type\" content=\"article\" \/>\n<meta property=\"og:title\" content=\"PREFEITO PAULO BOMFIM INAUGURA PRA\u00c7A DA M\u00d4NICA TOTALMENTE REFORMADA - Blog do Farn\u00e9sio\" \/>\n<meta property=\"og:description\" content=\"Uma das pra\u00e7as hist\u00f3ricas de Juazeiro foi completamente reformada pela Prefeitura de Juazeiro, atrav\u00e9s da Secretaria de Obras e Desenvolvimento Urbano (SEDUR). A Pra\u00e7a da M\u00f4nica foi inaugurada pelo prefeito Paulo Bomfim nesta sexta-feira (29) acompanhado do titular da SEDUR, Anderson Alves, vereadores e secret\u00e1rios de governo. Antes sem mesas de jogos, parque infantil, paisagismo, a pra\u00e7a tinha apenas um muro alto no meio da pra\u00e7a e uma M\u00f4nica desgastada. Com a reforma, foi entregue a popula\u00e7\u00e3o com canteiros, bancos e piso recuperados, muro central rebaixado para proporcionar maior visibilidade de toda a \u00e1rea, parque infantil, mesas e bancos para jogos; revis\u00e3o da ilumina\u00e7\u00e3o, paisagismo, e restaura\u00e7\u00e3o do monumento da M\u00f4nica. A obra teve um investimento de aproximadamente R$ 84&hellip;\" \/>\n<meta property=\"og:url\" content=\"https:\/\/blogdofarnesio.com.br\/?p=177764\" \/>\n<meta property=\"og:site_name\" content=\"Blog do Farn\u00e9sio\" \/>\n<meta property=\"article:publisher\" content=\"https:\/\/www.facebook.com\/BlogQuerSaberPolitica\/\" \/>\n<meta property=\"article:published_time\" content=\"2017-09-30T13:00:53+00:00\" \/>\n<meta property=\"og:image\" content=\"https:\/\/blogdofarnesio.com.br\/wp-content\/uploads\/2017\/09\/blogqsp-Inaugura\u00e7\u00e3o-P\u00e7a-da-M\u00f4nica-4.jpg\" \/>\n\t<meta property=\"og:image:width\" content=\"640\" \/>\n\t<meta property=\"og:image:height\" content=\"480\" \/>\n\t<meta property=\"og:image:type\" content=\"image\/jpeg\" \/>\n<meta name=\"author\" content=\"Farn\u00e9sio\" \/>\n<meta name=\"twitter:card\" content=\"summary_large_image\" \/>\n<meta name=\"twitter:label1\" content=\"Escrito por\" \/>\n\t<meta name=\"twitter:data1\" content=\"Farn\u00e9sio\" \/>\n\t<meta name=\"twitter:label2\" content=\"Est. tempo de leitura\" \/>\n\t<meta name=\"twitter:data2\" content=\"3 minutos\" \/>\n<script type=\"application\/ld+json\" class=\"yoast-schema-graph\">{\"@context\":\"https:\\\/\\\/schema.org\",\"@graph\":[{\"@type\":\"Article\",\"@id\":\"https:\\\/\\\/blogdofarnesio.com.br\\\/?p=177764#article\",\"isPartOf\":{\"@id\":\"https:\\\/\\\/blogdofarnesio.com.br\\\/?p=177764\"},\"author\":{\"name\":\"Farn\u00e9sio\",\"@id\":\"https:\\\/\\\/blogdofarnesio.com.br\\\/#\\\/schema\\\/person\\\/301c4acf522bccbfdb45af95b5b906a1\"},\"headline\":\"PREFEITO PAULO BOMFIM INAUGURA PRA\u00c7A DA M\u00d4NICA TOTALMENTE REFORMADA\",\"datePublished\":\"2017-09-30T13:00:53+00:00\",\"mainEntityOfPage\":{\"@id\":\"https:\\\/\\\/blogdofarnesio.com.br\\\/?p=177764\"},\"wordCount\":589,\"commentCount\":0,\"publisher\":{\"@id\":\"https:\\\/\\\/blogdofarnesio.com.br\\\/#organization\"},\"image\":{\"@id\":\"https:\\\/\\\/blogdofarnesio.com.br\\\/?p=177764#primaryimage\"},\"thumbnailUrl\":\"https:\\\/\\\/blogdofarnesio.com.br\\\/wp-content\\\/uploads\\\/2017\\\/09\\\/blogqsp-Inaugura\u00e7\u00e3o-P\u00e7a-da-M\u00f4nica-4.jpg\",\"articleSection\":[\"Administra\u00e7\u00e3o\"],\"inLanguage\":\"pt-BR\",\"potentialAction\":[{\"@type\":\"CommentAction\",\"name\":\"Comment\",\"target\":[\"https:\\\/\\\/blogdofarnesio.com.br\\\/?p=177764#respond\"]}]},{\"@type\":\"WebPage\",\"@id\":\"https:\\\/\\\/blogdofarnesio.com.br\\\/?p=177764\",\"url\":\"https:\\\/\\\/blogdofarnesio.com.br\\\/?p=177764\",\"name\":\"PREFEITO PAULO BOMFIM INAUGURA PRA\u00c7A DA M\u00d4NICA TOTALMENTE REFORMADA - Blog do Farn\u00e9sio\",\"isPartOf\":{\"@id\":\"https:\\\/\\\/blogdofarnesio.com.br\\\/#website\"},\"primaryImageOfPage\":{\"@id\":\"https:\\\/\\\/blogdofarnesio.com.br\\\/?p=177764#primaryimage\"},\"image\":{\"@id\":\"https:\\\/\\\/blogdofarnesio.com.br\\\/?p=177764#primaryimage\"},\"thumbnailUrl\":\"https:\\\/\\\/blogdofarnesio.com.br\\\/wp-content\\\/uploads\\\/2017\\\/09\\\/blogqsp-Inaugura\u00e7\u00e3o-P\u00e7a-da-M\u00f4nica-4.jpg\",\"datePublished\":\"2017-09-30T13:00:53+00:00\",\"breadcrumb\":{\"@id\":\"https:\\\/\\\/blogdofarnesio.com.br\\\/?p=177764#breadcrumb\"},\"inLanguage\":\"pt-BR\",\"potentialAction\":[{\"@type\":\"ReadAction\",\"target\":[\"https:\\\/\\\/blogdofarnesio.com.br\\\/?p=177764\"]}]},{\"@type\":\"ImageObject\",\"inLanguage\":\"pt-BR\",\"@id\":\"https:\\\/\\\/blogdofarnesio.com.br\\\/?p=177764#primaryimage\",\"url\":\"https:\\\/\\\/blogdofarnesio.com.br\\\/wp-content\\\/uploads\\\/2017\\\/09\\\/blogqsp-Inaugura\u00e7\u00e3o-P\u00e7a-da-M\u00f4nica-4.jpg\",\"contentUrl\":\"https:\\\/\\\/blogdofarnesio.com.br\\\/wp-content\\\/uploads\\\/2017\\\/09\\\/blogqsp-Inaugura\u00e7\u00e3o-P\u00e7a-da-M\u00f4nica-4.jpg\",\"width\":640,\"height\":480},{\"@type\":\"BreadcrumbList\",\"@id\":\"https:\\\/\\\/blogdofarnesio.com.br\\\/?p=177764#breadcrumb\",\"itemListElement\":[{\"@type\":\"ListItem\",\"position\":1,\"name\":\"In\u00edcio\",\"item\":\"https:\\\/\\\/blogdofarnesio.com.br\\\/\"},{\"@type\":\"ListItem\",\"position\":2,\"name\":\"PREFEITO PAULO BOMFIM INAUGURA PRA\u00c7A DA M\u00d4NICA TOTALMENTE REFORMADA\"}]},{\"@type\":\"WebSite\",\"@id\":\"https:\\\/\\\/blogdofarnesio.com.br\\\/#website\",\"url\":\"https:\\\/\\\/blogdofarnesio.com.br\\\/\",\"name\":\"Blog do Farn\u00e9sio\",\"description\":\"Quer Saber Pol\u00edtica?\",\"publisher\":{\"@id\":\"https:\\\/\\\/blogdofarnesio.com.br\\\/#organization\"},\"potentialAction\":[{\"@type\":\"SearchAction\",\"target\":{\"@type\":\"EntryPoint\",\"urlTemplate\":\"https:\\\/\\\/blogdofarnesio.com.br\\\/?s={search_term_string}\"},\"query-input\":{\"@type\":\"PropertyValueSpecification\",\"valueRequired\":true,\"valueName\":\"search_term_string\"}}],\"inLanguage\":\"pt-BR\"},{\"@type\":\"Organization\",\"@id\":\"https:\\\/\\\/blogdofarnesio.com.br\\\/#organization\",\"name\":\"Blog do Farn\u00e9sio\",\"url\":\"https:\\\/\\\/blogdofarnesio.com.br\\\/\",\"logo\":{\"@type\":\"ImageObject\",\"inLanguage\":\"pt-BR\",\"@id\":\"https:\\\/\\\/blogdofarnesio.com.br\\\/#\\\/schema\\\/logo\\\/image\\\/\",\"url\":\"https:\\\/\\\/blogdofarnesio.com.br\\\/wp-content\\\/uploads\\\/2026\\\/03\\\/cropped-logo_new-1.png\",\"contentUrl\":\"https:\\\/\\\/blogdofarnesio.com.br\\\/wp-content\\\/uploads\\\/2026\\\/03\\\/cropped-logo_new-1.png\",\"width\":881,\"height\":685,\"caption\":\"Blog do Farn\u00e9sio\"},\"image\":{\"@id\":\"https:\\\/\\\/blogdofarnesio.com.br\\\/#\\\/schema\\\/logo\\\/image\\\/\"},\"sameAs\":[\"https:\\\/\\\/www.facebook.com\\\/BlogQuerSaberPolitica\\\/\"]},{\"@type\":\"Person\",\"@id\":\"https:\\\/\\\/blogdofarnesio.com.br\\\/#\\\/schema\\\/person\\\/301c4acf522bccbfdb45af95b5b906a1\",\"name\":\"Farn\u00e9sio\",\"image\":{\"@type\":\"ImageObject\",\"inLanguage\":\"pt-BR\",\"@id\":\"https:\\\/\\\/secure.gravatar.com\\\/avatar\\\/df0c9a14567c056f8ad6876ba5bbd1e3e2c48023eb6807342fc4663adf549f38?s=96&d=mm&r=g\",\"url\":\"https:\\\/\\\/secure.gravatar.com\\\/avatar\\\/df0c9a14567c056f8ad6876ba5bbd1e3e2c48023eb6807342fc4663adf549f38?s=96&d=mm&r=g\",\"contentUrl\":\"https:\\\/\\\/secure.gravatar.com\\\/avatar\\\/df0c9a14567c056f8ad6876ba5bbd1e3e2c48023eb6807342fc4663adf549f38?s=96&d=mm&r=g\",\"caption\":\"Farn\u00e9sio\"},\"sameAs\":[\"https:\\\/\\\/quersaberpolitica.com.br\"],\"url\":\"https:\\\/\\\/blogdofarnesio.com.br\\\/?author=1\"}]}<\/script>\n<!-- \/ Yoast SEO plugin. -->","yoast_head_json":{"title":"PREFEITO PAULO BOMFIM INAUGURA PRA\u00c7A DA M\u00d4NICA TOTALMENTE REFORMADA - Blog do Farn\u00e9sio","robots":{"index":"index","follow":"follow","max-snippet":"max-snippet:-1","max-image-preview":"max-image-preview:large","max-video-preview":"max-video-preview:-1"},"canonical":"https:\/\/blogdofarnesio.com.br\/?p=177764","og_locale":"pt_BR","og_type":"article","og_title":"PREFEITO PAULO BOMFIM INAUGURA PRA\u00c7A DA M\u00d4NICA TOTALMENTE REFORMADA - Blog do Farn\u00e9sio","og_description":"Uma das pra\u00e7as hist\u00f3ricas de Juazeiro foi completamente reformada pela Prefeitura de Juazeiro, atrav\u00e9s da Secretaria de Obras e Desenvolvimento Urbano (SEDUR). A Pra\u00e7a da M\u00f4nica foi inaugurada pelo prefeito Paulo Bomfim nesta sexta-feira (29) acompanhado do titular da SEDUR, Anderson Alves, vereadores e secret\u00e1rios de governo. Antes sem mesas de jogos, parque infantil, paisagismo, a pra\u00e7a tinha apenas um muro alto no meio da pra\u00e7a e uma M\u00f4nica desgastada. Com a reforma, foi entregue a popula\u00e7\u00e3o com canteiros, bancos e piso recuperados, muro central rebaixado para proporcionar maior visibilidade de toda a \u00e1rea, parque infantil, mesas e bancos para jogos; revis\u00e3o da ilumina\u00e7\u00e3o, paisagismo, e restaura\u00e7\u00e3o do monumento da M\u00f4nica. A obra teve um investimento de aproximadamente R$ 84&hellip;","og_url":"https:\/\/blogdofarnesio.com.br\/?p=177764","og_site_name":"Blog do Farn\u00e9sio","article_publisher":"https:\/\/www.facebook.com\/BlogQuerSaberPolitica\/","article_published_time":"2017-09-30T13:00:53+00:00","og_image":[{"width":640,"height":480,"url":"https:\/\/blogdofarnesio.com.br\/wp-content\/uploads\/2017\/09\/blogqsp-Inaugura\u00e7\u00e3o-P\u00e7a-da-M\u00f4nica-4.jpg","type":"image\/jpeg"}],"author":"Farn\u00e9sio","twitter_card":"summary_large_image","twitter_misc":{"Escrito por":"Farn\u00e9sio","Est. tempo de leitura":"3 minutos"},"schema":{"@context":"https:\/\/schema.org","@graph":[{"@type":"Article","@id":"https:\/\/blogdofarnesio.com.br\/?p=177764#article","isPartOf":{"@id":"https:\/\/blogdofarnesio.com.br\/?p=177764"},"author":{"name":"Farn\u00e9sio","@id":"https:\/\/blogdofarnesio.com.br\/#\/schema\/person\/301c4acf522bccbfdb45af95b5b906a1"},"headline":"PREFEITO PAULO BOMFIM INAUGURA PRA\u00c7A DA M\u00d4NICA TOTALMENTE REFORMADA","datePublished":"2017-09-30T13:00:53+00:00","mainEntityOfPage":{"@id":"https:\/\/blogdofarnesio.com.br\/?p=177764"},"wordCount":589,"commentCount":0,"publisher":{"@id":"https:\/\/blogdofarnesio.com.br\/#organization"},"image":{"@id":"https:\/\/blogdofarnesio.com.br\/?p=177764#primaryimage"},"thumbnailUrl":"https:\/\/blogdofarnesio.com.br\/wp-content\/uploads\/2017\/09\/blogqsp-Inaugura\u00e7\u00e3o-P\u00e7a-da-M\u00f4nica-4.jpg","articleSection":["Administra\u00e7\u00e3o"],"inLanguage":"pt-BR","potentialAction":[{"@type":"CommentAction","name":"Comment","target":["https:\/\/blogdofarnesio.com.br\/?p=177764#respond"]}]},{"@type":"WebPage","@id":"https:\/\/blogdofarnesio.com.br\/?p=177764","url":"https:\/\/blogdofarnesio.com.br\/?p=177764","name":"PREFEITO PAULO BOMFIM INAUGURA PRA\u00c7A DA M\u00d4NICA TOTALMENTE REFORMADA - Blog do Farn\u00e9sio","isPartOf":{"@id":"https:\/\/blogdofarnesio.com.br\/#website"},"primaryImageOfPage":{"@id":"https:\/\/blogdofarnesio.com.br\/?p=177764#primaryimage"},"image":{"@id":"https:\/\/blogdofarnesio.com.br\/?p=177764#primaryimage"},"thumbnailUrl":"https:\/\/blogdofarnesio.com.br\/wp-content\/uploads\/2017\/09\/blogqsp-Inaugura\u00e7\u00e3o-P\u00e7a-da-M\u00f4nica-4.jpg","datePublished":"2017-09-30T13:00:53+00:00","breadcrumb":{"@id":"https:\/\/blogdofarnesio.com.br\/?p=177764#breadcrumb"},"inLanguage":"pt-BR","potentialAction":[{"@type":"ReadAction","target":["https:\/\/blogdofarnesio.com.br\/?p=177764"]}]},{"@type":"ImageObject","inLanguage":"pt-BR","@id":"https:\/\/blogdofarnesio.com.br\/?p=177764#primaryimage","url":"https:\/\/blogdofarnesio.com.br\/wp-content\/uploads\/2017\/09\/blogqsp-Inaugura\u00e7\u00e3o-P\u00e7a-da-M\u00f4nica-4.jpg","contentUrl":"https:\/\/blogdofarnesio.com.br\/wp-content\/uploads\/2017\/09\/blogqsp-Inaugura\u00e7\u00e3o-P\u00e7a-da-M\u00f4nica-4.jpg","width":640,"height":480},{"@type":"BreadcrumbList","@id":"https:\/\/blogdofarnesio.com.br\/?p=177764#breadcrumb","itemListElement":[{"@type":"ListItem","position":1,"name":"In\u00edcio","item":"https:\/\/blogdofarnesio.com.br\/"},{"@type":"ListItem","position":2,"name":"PREFEITO PAULO BOMFIM INAUGURA PRA\u00c7A DA M\u00d4NICA TOTALMENTE REFORMADA"}]},{"@type":"WebSite","@id":"https:\/\/blogdofarnesio.com.br\/#website","url":"https:\/\/blogdofarnesio.com.br\/","name":"Blog do Farn\u00e9sio","description":"Quer Saber Pol\u00edtica?","publisher":{"@id":"https:\/\/blogdofarnesio.com.br\/#organization"},"potentialAction":[{"@type":"SearchAction","target":{"@type":"EntryPoint","urlTemplate":"https:\/\/blogdofarnesio.com.br\/?s={search_term_string}"},"query-input":{"@type":"PropertyValueSpecification","valueRequired":true,"valueName":"search_term_string"}}],"inLanguage":"pt-BR"},{"@type":"Organization","@id":"https:\/\/blogdofarnesio.com.br\/#organization","name":"Blog do Farn\u00e9sio","url":"https:\/\/blogdofarnesio.com.br\/","logo":{"@type":"ImageObject","inLanguage":"pt-BR","@id":"https:\/\/blogdofarnesio.com.br\/#\/schema\/logo\/image\/","url":"https:\/\/blogdofarnesio.com.br\/wp-content\/uploads\/2026\/03\/cropped-logo_new-1.png","contentUrl":"https:\/\/blogdofarnesio.com.br\/wp-content\/uploads\/2026\/03\/cropped-logo_new-1.png","width":881,"height":685,"caption":"Blog do Farn\u00e9sio"},"image":{"@id":"https:\/\/blogdofarnesio.com.br\/#\/schema\/logo\/image\/"},"sameAs":["https:\/\/www.facebook.com\/BlogQuerSaberPolitica\/"]},{"@type":"Person","@id":"https:\/\/blogdofarnesio.com.br\/#\/schema\/person\/301c4acf522bccbfdb45af95b5b906a1","name":"Farn\u00e9sio","image":{"@type":"ImageObject","inLanguage":"pt-BR","@id":"https:\/\/secure.gravatar.com\/avatar\/df0c9a14567c056f8ad6876ba5bbd1e3e2c48023eb6807342fc4663adf549f38?s=96&d=mm&r=g","url":"https:\/\/secure.gravatar.com\/avatar\/df0c9a14567c056f8ad6876ba5bbd1e3e2c48023eb6807342fc4663adf549f38?s=96&d=mm&r=g","contentUrl":"https:\/\/secure.gravatar.com\/avatar\/df0c9a14567c056f8ad6876ba5bbd1e3e2c48023eb6807342fc4663adf549f38?s=96&d=mm&r=g","caption":"Farn\u00e9sio"},"sameAs":["https:\/\/quersaberpolitica.com.br"],"url":"https:\/\/blogdofarnesio.com.br\/?author=1"}]}},"_links":{"self":[{"href":"https:\/\/blogdofarnesio.com.br\/index.php?rest_route=\/wp\/v2\/posts\/177764","targetHints":{"allow":["GET"]}}],"collection":[{"href":"https:\/\/blogdofarnesio.com.br\/index.php?rest_route=\/wp\/v2\/posts"}],"about":[{"href":"https:\/\/blogdofarnesio.com.br\/index.php?rest_route=\/wp\/v2\/types\/post"}],"author":[{"embeddable":true,"href":"https:\/\/blogdofarnesio.com.br\/index.php?rest_route=\/wp\/v2\/users\/1"}],"replies":[{"embeddable":true,"href":"https:\/\/blogdofarnesio.com.br\/index.php?rest_route=%2Fwp%2Fv2%2Fcomments&post=177764"}],"version-history":[{"count":0,"href":"https:\/\/blogdofarnesio.com.br\/index.php?rest_route=\/wp\/v2\/posts\/177764\/revisions"}],"wp:featuredmedia":[{"embeddable":true,"href":"https:\/\/blogdofarnesio.com.br\/index.php?rest_route=\/wp\/v2\/media\/177765"}],"wp:attachment":[{"href":"https:\/\/blogdofarnesio.com.br\/index.php?rest_route=%2Fwp%2Fv2%2Fmedia&parent=177764"}],"wp:term":[{"taxonomy":"category","embeddable":true,"href":"https:\/\/blogdofarnesio.com.br\/index.php?rest_route=%2Fwp%2Fv2%2Fcategories&post=177764"},{"taxonomy":"post_tag","embeddable":true,"href":"https:\/\/blogdofarnesio.com.br\/index.php?rest_route=%2Fwp%2Fv2%2Ftags&post=177764"}],"curies":[{"name":"wp","href":"https:\/\/api.w.org\/{rel}","templated":true}]}}