{"id":177762,"date":"2017-09-30T11:00:12","date_gmt":"2017-09-30T14:00:12","guid":{"rendered":"http:\/\/quersaberpolitica.com.br\/2016\/?p=177762"},"modified":"2017-09-29T17:26:27","modified_gmt":"2017-09-29T20:26:27","slug":"professores-da-rede-municipal-de-petrolina-terao-vagas-exclusivas-em-selecao-de-mestrado-da-upe","status":"publish","type":"post","link":"https:\/\/blogdofarnesio.com.br\/?p=177762","title":{"rendered":"PROFESSORES DA REDE MUNICIPAL DE PETROLINA TER\u00c3O VAGAS EXCLUSIVAS EM SELE\u00c7\u00c3O DE MESTRADO DA UPE"},"content":{"rendered":"<p style=\"text-align: justify;\">O programa de p\u00f3s-gradua\u00e7\u00e3o na modalidade Strictu Sensu em Forma\u00e7\u00e3o de Professores e Pr\u00e1ticas Interdisciplinares da Universidade de Pernambuco (UPE), no Campus Petrolina, est\u00e1 com sele\u00e7\u00e3o aberta. Este ano, das 36 vagas dispon\u00edveis no processo, 11 s\u00e3o dedicadas aos professores efetivos da Rede municipal de Petrolina.<\/p>\n<p style=\"text-align: justify;\">Os interessados t\u00eam at\u00e9 o dia 19 de outubro para fazer a inscri\u00e7\u00e3o presencialmente na sala da Coordena\u00e7\u00e3o Setorial de P\u00f3s-Gradua\u00e7\u00e3o e Pesquisa da UPE, em Petrolina, ou pelos correios. A sala funciona de segunda a sexta-feira, das 8h \u00e0s 12h e das 14h \u00e0s 17h, no campus da Universidade. A inscri\u00e7\u00e3o custa R$ 100 e o pagamento deve ser feito atrav\u00e9s de dep\u00f3sito na conta banc\u00e1ria que est\u00e1 descrita no edital do processo seletivo.<\/p>\n<p style=\"text-align: justify;\">A documenta\u00e7\u00e3o exigida para a inscri\u00e7\u00e3o \u00e9 a ficha anexa ao edital, curr\u00edculo Lattes, c\u00f3pia autenticada do diploma, certid\u00e3o ou certificado de conclus\u00e3o do curso de gradua\u00e7\u00e3o, do hist\u00f3rico acad\u00eamico, da declara\u00e7\u00e3o atualizada que comprove o exerc\u00edcio em atividades do magist\u00e9rio, RG, CPF, T\u00edtulo de Eleitor e comprovantes das \u00faltimas vota\u00e7\u00f5es, Certid\u00e3o de Casamento ou de Separa\u00e7\u00e3o, comprovante de quita\u00e7\u00e3o militar para os candidatos do sexo masculino e passaporte no caso de ser estrangeiro. Tamb\u00e9m devem ser entregues duas c\u00f3pias do pr\u00e9-projeto e uma foto 3&#215;4 recente em envelope lacrado.<\/p>\n<p style=\"text-align: justify;\"><em>\u201cEssa parceria com a Universidade de Pernambuco \u00e9 muito importante para nossos professores. Seguindo uma determina\u00e7\u00e3o do prefeito Miguel Coelho, estamos investindo no incentivo \u00e0 forma\u00e7\u00e3o continuada e o mestrado vai auxiliar nossos professores em suas pr\u00e1ticas em sala de aula melhorando a qualidade de ensino\u201d<\/em>, pontua Ma\u00e9ve Melo, secret\u00e1ria Municipal de Educa\u00e7\u00e3o.<\/p>\n<p style=\"text-align: justify;\">A sele\u00e7\u00e3o acontecer\u00e1 em quaro etapas: an\u00e1lise do pr\u00e9-projeto, prova de conhecimento, argui\u00e7\u00e3o oral e an\u00e1lise do curr\u00edculo. O resultado dos aprovados dever\u00e1 ser divulgado no dia 22 de dezembro e a matr\u00edcula acontece entre os dias 19 e 23 de fevereiro de 2018. O edital est\u00e1 dispon\u00edvel no site da UPE e outras informa\u00e7\u00f5es podem ser adquiridas pelo telefone\u00a0<a href=\"tel:(87)%203866-6501\">(87) 3866-6501<\/a>\u00a0ou pelo e-mail:\u00a0<a href=\"mailto:petrolina.ppgfppi@upe.br\">petrolina.ppgfppi@upe.br<\/a>.<\/p>\n","protected":false},"excerpt":{"rendered":"<p>O programa de p\u00f3s-gradua\u00e7\u00e3o na modalidade Strictu Sensu em Forma\u00e7\u00e3o de Professores e Pr\u00e1ticas Interdisciplinares da Universidade de Pernambuco (UPE), no Campus Petrolina, est\u00e1 com sele\u00e7\u00e3o aberta. Este ano, das 36 vagas dispon\u00edveis no processo, 11 s\u00e3o dedicadas aos professores efetivos da Rede municipal de Petrolina. Os interessados t\u00eam at\u00e9 o dia 19 de outubro para fazer a inscri\u00e7\u00e3o presencialmente na sala da Coordena\u00e7\u00e3o Setorial de P\u00f3s-Gradua\u00e7\u00e3o e Pesquisa da UPE, em Petrolina, ou pelos correios. A sala funciona de segunda a sexta-feira, das 8h \u00e0s 12h e das 14h \u00e0s 17h, no campus da Universidade. A inscri\u00e7\u00e3o custa R$ 100 e o pagamento deve ser feito atrav\u00e9s de dep\u00f3sito na conta banc\u00e1ria que est\u00e1 descrita no edital do processo&hellip; <\/p>\n","protected":false},"author":1,"featured_media":155093,"comment_status":"open","ping_status":"open","sticky":false,"template":"","format":"standard","meta":{"_acf_changed":false,"footnotes":""},"categories":[44],"tags":[],"class_list":["post-177762","post","type-post","status-publish","format-standard","has-post-thumbnail","hentry","category-administracao"],"acf":[],"yoast_head":"<!-- This site is optimized with the Yoast SEO plugin v27.4 - https:\/\/yoast.com\/product\/yoast-seo-wordpress\/ -->\n<title>PROFESSORES DA REDE MUNICIPAL DE PETROLINA TER\u00c3O VAGAS EXCLUSIVAS EM SELE\u00c7\u00c3O DE MESTRADO DA UPE - Blog do Farn\u00e9sio<\/title>\n<meta name=\"robots\" content=\"index, follow, max-snippet:-1, max-image-preview:large, max-video-preview:-1\" \/>\n<link rel=\"canonical\" href=\"https:\/\/blogdofarnesio.com.br\/?p=177762\" \/>\n<meta property=\"og:locale\" content=\"pt_BR\" \/>\n<meta property=\"og:type\" content=\"article\" \/>\n<meta property=\"og:title\" content=\"PROFESSORES DA REDE MUNICIPAL DE PETROLINA TER\u00c3O VAGAS EXCLUSIVAS EM SELE\u00c7\u00c3O DE MESTRADO DA UPE - Blog do Farn\u00e9sio\" \/>\n<meta property=\"og:description\" content=\"O programa de p\u00f3s-gradua\u00e7\u00e3o na modalidade Strictu Sensu em Forma\u00e7\u00e3o de Professores e Pr\u00e1ticas Interdisciplinares da Universidade de Pernambuco (UPE), no Campus Petrolina, est\u00e1 com sele\u00e7\u00e3o aberta. Este ano, das 36 vagas dispon\u00edveis no processo, 11 s\u00e3o dedicadas aos professores efetivos da Rede municipal de Petrolina. Os interessados t\u00eam at\u00e9 o dia 19 de outubro para fazer a inscri\u00e7\u00e3o presencialmente na sala da Coordena\u00e7\u00e3o Setorial de P\u00f3s-Gradua\u00e7\u00e3o e Pesquisa da UPE, em Petrolina, ou pelos correios. A sala funciona de segunda a sexta-feira, das 8h \u00e0s 12h e das 14h \u00e0s 17h, no campus da Universidade. A inscri\u00e7\u00e3o custa R$ 100 e o pagamento deve ser feito atrav\u00e9s de dep\u00f3sito na conta banc\u00e1ria que est\u00e1 descrita no edital do processo&hellip;\" \/>\n<meta property=\"og:url\" content=\"https:\/\/blogdofarnesio.com.br\/?p=177762\" \/>\n<meta property=\"og:site_name\" content=\"Blog do Farn\u00e9sio\" \/>\n<meta property=\"article:publisher\" content=\"https:\/\/www.facebook.com\/BlogQuerSaberPolitica\/\" \/>\n<meta property=\"article:published_time\" content=\"2017-09-30T14:00:12+00:00\" \/>\n<meta property=\"og:image\" content=\"https:\/\/blogdofarnesio.com.br\/wp-content\/uploads\/2017\/01\/blogqspUPE_PETROLINA_PREDIONOVO_2012_4.jpg\" \/>\n\t<meta property=\"og:image:width\" content=\"400\" \/>\n\t<meta property=\"og:image:height\" content=\"300\" \/>\n\t<meta property=\"og:image:type\" content=\"image\/jpeg\" \/>\n<meta name=\"author\" content=\"Farn\u00e9sio\" \/>\n<meta name=\"twitter:card\" content=\"summary_large_image\" \/>\n<meta name=\"twitter:label1\" content=\"Escrito por\" \/>\n\t<meta name=\"twitter:data1\" content=\"Farn\u00e9sio\" \/>\n\t<meta name=\"twitter:label2\" content=\"Est. tempo de leitura\" \/>\n\t<meta name=\"twitter:data2\" content=\"2 minutos\" \/>\n<script type=\"application\/ld+json\" class=\"yoast-schema-graph\">{\"@context\":\"https:\\\/\\\/schema.org\",\"@graph\":[{\"@type\":\"Article\",\"@id\":\"https:\\\/\\\/blogdofarnesio.com.br\\\/?p=177762#article\",\"isPartOf\":{\"@id\":\"https:\\\/\\\/blogdofarnesio.com.br\\\/?p=177762\"},\"author\":{\"name\":\"Farn\u00e9sio\",\"@id\":\"https:\\\/\\\/blogdofarnesio.com.br\\\/#\\\/schema\\\/person\\\/301c4acf522bccbfdb45af95b5b906a1\"},\"headline\":\"PROFESSORES DA REDE MUNICIPAL DE PETROLINA TER\u00c3O VAGAS EXCLUSIVAS EM SELE\u00c7\u00c3O DE MESTRADO DA UPE\",\"datePublished\":\"2017-09-30T14:00:12+00:00\",\"mainEntityOfPage\":{\"@id\":\"https:\\\/\\\/blogdofarnesio.com.br\\\/?p=177762\"},\"wordCount\":389,\"commentCount\":0,\"publisher\":{\"@id\":\"https:\\\/\\\/blogdofarnesio.com.br\\\/#organization\"},\"image\":{\"@id\":\"https:\\\/\\\/blogdofarnesio.com.br\\\/?p=177762#primaryimage\"},\"thumbnailUrl\":\"https:\\\/\\\/blogdofarnesio.com.br\\\/wp-content\\\/uploads\\\/2017\\\/01\\\/blogqspUPE_PETROLINA_PREDIONOVO_2012_4.jpg\",\"articleSection\":[\"Administra\u00e7\u00e3o\"],\"inLanguage\":\"pt-BR\",\"potentialAction\":[{\"@type\":\"CommentAction\",\"name\":\"Comment\",\"target\":[\"https:\\\/\\\/blogdofarnesio.com.br\\\/?p=177762#respond\"]}]},{\"@type\":\"WebPage\",\"@id\":\"https:\\\/\\\/blogdofarnesio.com.br\\\/?p=177762\",\"url\":\"https:\\\/\\\/blogdofarnesio.com.br\\\/?p=177762\",\"name\":\"PROFESSORES DA REDE MUNICIPAL DE PETROLINA TER\u00c3O VAGAS EXCLUSIVAS EM SELE\u00c7\u00c3O DE MESTRADO DA UPE - Blog do Farn\u00e9sio\",\"isPartOf\":{\"@id\":\"https:\\\/\\\/blogdofarnesio.com.br\\\/#website\"},\"primaryImageOfPage\":{\"@id\":\"https:\\\/\\\/blogdofarnesio.com.br\\\/?p=177762#primaryimage\"},\"image\":{\"@id\":\"https:\\\/\\\/blogdofarnesio.com.br\\\/?p=177762#primaryimage\"},\"thumbnailUrl\":\"https:\\\/\\\/blogdofarnesio.com.br\\\/wp-content\\\/uploads\\\/2017\\\/01\\\/blogqspUPE_PETROLINA_PREDIONOVO_2012_4.jpg\",\"datePublished\":\"2017-09-30T14:00:12+00:00\",\"breadcrumb\":{\"@id\":\"https:\\\/\\\/blogdofarnesio.com.br\\\/?p=177762#breadcrumb\"},\"inLanguage\":\"pt-BR\",\"potentialAction\":[{\"@type\":\"ReadAction\",\"target\":[\"https:\\\/\\\/blogdofarnesio.com.br\\\/?p=177762\"]}]},{\"@type\":\"ImageObject\",\"inLanguage\":\"pt-BR\",\"@id\":\"https:\\\/\\\/blogdofarnesio.com.br\\\/?p=177762#primaryimage\",\"url\":\"https:\\\/\\\/blogdofarnesio.com.br\\\/wp-content\\\/uploads\\\/2017\\\/01\\\/blogqspUPE_PETROLINA_PREDIONOVO_2012_4.jpg\",\"contentUrl\":\"https:\\\/\\\/blogdofarnesio.com.br\\\/wp-content\\\/uploads\\\/2017\\\/01\\\/blogqspUPE_PETROLINA_PREDIONOVO_2012_4.jpg\",\"width\":400,\"height\":300,\"caption\":\"SAMSUNG DIGIMAX A503\"},{\"@type\":\"BreadcrumbList\",\"@id\":\"https:\\\/\\\/blogdofarnesio.com.br\\\/?p=177762#breadcrumb\",\"itemListElement\":[{\"@type\":\"ListItem\",\"position\":1,\"name\":\"In\u00edcio\",\"item\":\"https:\\\/\\\/blogdofarnesio.com.br\\\/\"},{\"@type\":\"ListItem\",\"position\":2,\"name\":\"PROFESSORES DA REDE MUNICIPAL DE PETROLINA TER\u00c3O VAGAS EXCLUSIVAS EM SELE\u00c7\u00c3O DE MESTRADO DA UPE\"}]},{\"@type\":\"WebSite\",\"@id\":\"https:\\\/\\\/blogdofarnesio.com.br\\\/#website\",\"url\":\"https:\\\/\\\/blogdofarnesio.com.br\\\/\",\"name\":\"Blog do Farn\u00e9sio\",\"description\":\"Quer Saber Pol\u00edtica?\",\"publisher\":{\"@id\":\"https:\\\/\\\/blogdofarnesio.com.br\\\/#organization\"},\"potentialAction\":[{\"@type\":\"SearchAction\",\"target\":{\"@type\":\"EntryPoint\",\"urlTemplate\":\"https:\\\/\\\/blogdofarnesio.com.br\\\/?s={search_term_string}\"},\"query-input\":{\"@type\":\"PropertyValueSpecification\",\"valueRequired\":true,\"valueName\":\"search_term_string\"}}],\"inLanguage\":\"pt-BR\"},{\"@type\":\"Organization\",\"@id\":\"https:\\\/\\\/blogdofarnesio.com.br\\\/#organization\",\"name\":\"Blog do Farn\u00e9sio\",\"url\":\"https:\\\/\\\/blogdofarnesio.com.br\\\/\",\"logo\":{\"@type\":\"ImageObject\",\"inLanguage\":\"pt-BR\",\"@id\":\"https:\\\/\\\/blogdofarnesio.com.br\\\/#\\\/schema\\\/logo\\\/image\\\/\",\"url\":\"https:\\\/\\\/blogdofarnesio.com.br\\\/wp-content\\\/uploads\\\/2026\\\/03\\\/cropped-logo_new-1.png\",\"contentUrl\":\"https:\\\/\\\/blogdofarnesio.com.br\\\/wp-content\\\/uploads\\\/2026\\\/03\\\/cropped-logo_new-1.png\",\"width\":881,\"height\":685,\"caption\":\"Blog do Farn\u00e9sio\"},\"image\":{\"@id\":\"https:\\\/\\\/blogdofarnesio.com.br\\\/#\\\/schema\\\/logo\\\/image\\\/\"},\"sameAs\":[\"https:\\\/\\\/www.facebook.com\\\/BlogQuerSaberPolitica\\\/\"]},{\"@type\":\"Person\",\"@id\":\"https:\\\/\\\/blogdofarnesio.com.br\\\/#\\\/schema\\\/person\\\/301c4acf522bccbfdb45af95b5b906a1\",\"name\":\"Farn\u00e9sio\",\"image\":{\"@type\":\"ImageObject\",\"inLanguage\":\"pt-BR\",\"@id\":\"https:\\\/\\\/secure.gravatar.com\\\/avatar\\\/df0c9a14567c056f8ad6876ba5bbd1e3e2c48023eb6807342fc4663adf549f38?s=96&d=mm&r=g\",\"url\":\"https:\\\/\\\/secure.gravatar.com\\\/avatar\\\/df0c9a14567c056f8ad6876ba5bbd1e3e2c48023eb6807342fc4663adf549f38?s=96&d=mm&r=g\",\"contentUrl\":\"https:\\\/\\\/secure.gravatar.com\\\/avatar\\\/df0c9a14567c056f8ad6876ba5bbd1e3e2c48023eb6807342fc4663adf549f38?s=96&d=mm&r=g\",\"caption\":\"Farn\u00e9sio\"},\"sameAs\":[\"https:\\\/\\\/quersaberpolitica.com.br\"],\"url\":\"https:\\\/\\\/blogdofarnesio.com.br\\\/?author=1\"}]}<\/script>\n<!-- \/ Yoast SEO plugin. -->","yoast_head_json":{"title":"PROFESSORES DA REDE MUNICIPAL DE PETROLINA TER\u00c3O VAGAS EXCLUSIVAS EM SELE\u00c7\u00c3O DE MESTRADO DA UPE - Blog do Farn\u00e9sio","robots":{"index":"index","follow":"follow","max-snippet":"max-snippet:-1","max-image-preview":"max-image-preview:large","max-video-preview":"max-video-preview:-1"},"canonical":"https:\/\/blogdofarnesio.com.br\/?p=177762","og_locale":"pt_BR","og_type":"article","og_title":"PROFESSORES DA REDE MUNICIPAL DE PETROLINA TER\u00c3O VAGAS EXCLUSIVAS EM SELE\u00c7\u00c3O DE MESTRADO DA UPE - Blog do Farn\u00e9sio","og_description":"O programa de p\u00f3s-gradua\u00e7\u00e3o na modalidade Strictu Sensu em Forma\u00e7\u00e3o de Professores e Pr\u00e1ticas Interdisciplinares da Universidade de Pernambuco (UPE), no Campus Petrolina, est\u00e1 com sele\u00e7\u00e3o aberta. Este ano, das 36 vagas dispon\u00edveis no processo, 11 s\u00e3o dedicadas aos professores efetivos da Rede municipal de Petrolina. Os interessados t\u00eam at\u00e9 o dia 19 de outubro para fazer a inscri\u00e7\u00e3o presencialmente na sala da Coordena\u00e7\u00e3o Setorial de P\u00f3s-Gradua\u00e7\u00e3o e Pesquisa da UPE, em Petrolina, ou pelos correios. A sala funciona de segunda a sexta-feira, das 8h \u00e0s 12h e das 14h \u00e0s 17h, no campus da Universidade. A inscri\u00e7\u00e3o custa R$ 100 e o pagamento deve ser feito atrav\u00e9s de dep\u00f3sito na conta banc\u00e1ria que est\u00e1 descrita no edital do processo&hellip;","og_url":"https:\/\/blogdofarnesio.com.br\/?p=177762","og_site_name":"Blog do Farn\u00e9sio","article_publisher":"https:\/\/www.facebook.com\/BlogQuerSaberPolitica\/","article_published_time":"2017-09-30T14:00:12+00:00","og_image":[{"width":400,"height":300,"url":"https:\/\/blogdofarnesio.com.br\/wp-content\/uploads\/2017\/01\/blogqspUPE_PETROLINA_PREDIONOVO_2012_4.jpg","type":"image\/jpeg"}],"author":"Farn\u00e9sio","twitter_card":"summary_large_image","twitter_misc":{"Escrito por":"Farn\u00e9sio","Est. tempo de leitura":"2 minutos"},"schema":{"@context":"https:\/\/schema.org","@graph":[{"@type":"Article","@id":"https:\/\/blogdofarnesio.com.br\/?p=177762#article","isPartOf":{"@id":"https:\/\/blogdofarnesio.com.br\/?p=177762"},"author":{"name":"Farn\u00e9sio","@id":"https:\/\/blogdofarnesio.com.br\/#\/schema\/person\/301c4acf522bccbfdb45af95b5b906a1"},"headline":"PROFESSORES DA REDE MUNICIPAL DE PETROLINA TER\u00c3O VAGAS EXCLUSIVAS EM SELE\u00c7\u00c3O DE MESTRADO DA UPE","datePublished":"2017-09-30T14:00:12+00:00","mainEntityOfPage":{"@id":"https:\/\/blogdofarnesio.com.br\/?p=177762"},"wordCount":389,"commentCount":0,"publisher":{"@id":"https:\/\/blogdofarnesio.com.br\/#organization"},"image":{"@id":"https:\/\/blogdofarnesio.com.br\/?p=177762#primaryimage"},"thumbnailUrl":"https:\/\/blogdofarnesio.com.br\/wp-content\/uploads\/2017\/01\/blogqspUPE_PETROLINA_PREDIONOVO_2012_4.jpg","articleSection":["Administra\u00e7\u00e3o"],"inLanguage":"pt-BR","potentialAction":[{"@type":"CommentAction","name":"Comment","target":["https:\/\/blogdofarnesio.com.br\/?p=177762#respond"]}]},{"@type":"WebPage","@id":"https:\/\/blogdofarnesio.com.br\/?p=177762","url":"https:\/\/blogdofarnesio.com.br\/?p=177762","name":"PROFESSORES DA REDE MUNICIPAL DE PETROLINA TER\u00c3O VAGAS EXCLUSIVAS EM SELE\u00c7\u00c3O DE MESTRADO DA UPE - Blog do Farn\u00e9sio","isPartOf":{"@id":"https:\/\/blogdofarnesio.com.br\/#website"},"primaryImageOfPage":{"@id":"https:\/\/blogdofarnesio.com.br\/?p=177762#primaryimage"},"image":{"@id":"https:\/\/blogdofarnesio.com.br\/?p=177762#primaryimage"},"thumbnailUrl":"https:\/\/blogdofarnesio.com.br\/wp-content\/uploads\/2017\/01\/blogqspUPE_PETROLINA_PREDIONOVO_2012_4.jpg","datePublished":"2017-09-30T14:00:12+00:00","breadcrumb":{"@id":"https:\/\/blogdofarnesio.com.br\/?p=177762#breadcrumb"},"inLanguage":"pt-BR","potentialAction":[{"@type":"ReadAction","target":["https:\/\/blogdofarnesio.com.br\/?p=177762"]}]},{"@type":"ImageObject","inLanguage":"pt-BR","@id":"https:\/\/blogdofarnesio.com.br\/?p=177762#primaryimage","url":"https:\/\/blogdofarnesio.com.br\/wp-content\/uploads\/2017\/01\/blogqspUPE_PETROLINA_PREDIONOVO_2012_4.jpg","contentUrl":"https:\/\/blogdofarnesio.com.br\/wp-content\/uploads\/2017\/01\/blogqspUPE_PETROLINA_PREDIONOVO_2012_4.jpg","width":400,"height":300,"caption":"SAMSUNG DIGIMAX A503"},{"@type":"BreadcrumbList","@id":"https:\/\/blogdofarnesio.com.br\/?p=177762#breadcrumb","itemListElement":[{"@type":"ListItem","position":1,"name":"In\u00edcio","item":"https:\/\/blogdofarnesio.com.br\/"},{"@type":"ListItem","position":2,"name":"PROFESSORES DA REDE MUNICIPAL DE PETROLINA TER\u00c3O VAGAS EXCLUSIVAS EM SELE\u00c7\u00c3O DE MESTRADO DA UPE"}]},{"@type":"WebSite","@id":"https:\/\/blogdofarnesio.com.br\/#website","url":"https:\/\/blogdofarnesio.com.br\/","name":"Blog do Farn\u00e9sio","description":"Quer Saber Pol\u00edtica?","publisher":{"@id":"https:\/\/blogdofarnesio.com.br\/#organization"},"potentialAction":[{"@type":"SearchAction","target":{"@type":"EntryPoint","urlTemplate":"https:\/\/blogdofarnesio.com.br\/?s={search_term_string}"},"query-input":{"@type":"PropertyValueSpecification","valueRequired":true,"valueName":"search_term_string"}}],"inLanguage":"pt-BR"},{"@type":"Organization","@id":"https:\/\/blogdofarnesio.com.br\/#organization","name":"Blog do Farn\u00e9sio","url":"https:\/\/blogdofarnesio.com.br\/","logo":{"@type":"ImageObject","inLanguage":"pt-BR","@id":"https:\/\/blogdofarnesio.com.br\/#\/schema\/logo\/image\/","url":"https:\/\/blogdofarnesio.com.br\/wp-content\/uploads\/2026\/03\/cropped-logo_new-1.png","contentUrl":"https:\/\/blogdofarnesio.com.br\/wp-content\/uploads\/2026\/03\/cropped-logo_new-1.png","width":881,"height":685,"caption":"Blog do Farn\u00e9sio"},"image":{"@id":"https:\/\/blogdofarnesio.com.br\/#\/schema\/logo\/image\/"},"sameAs":["https:\/\/www.facebook.com\/BlogQuerSaberPolitica\/"]},{"@type":"Person","@id":"https:\/\/blogdofarnesio.com.br\/#\/schema\/person\/301c4acf522bccbfdb45af95b5b906a1","name":"Farn\u00e9sio","image":{"@type":"ImageObject","inLanguage":"pt-BR","@id":"https:\/\/secure.gravatar.com\/avatar\/df0c9a14567c056f8ad6876ba5bbd1e3e2c48023eb6807342fc4663adf549f38?s=96&d=mm&r=g","url":"https:\/\/secure.gravatar.com\/avatar\/df0c9a14567c056f8ad6876ba5bbd1e3e2c48023eb6807342fc4663adf549f38?s=96&d=mm&r=g","contentUrl":"https:\/\/secure.gravatar.com\/avatar\/df0c9a14567c056f8ad6876ba5bbd1e3e2c48023eb6807342fc4663adf549f38?s=96&d=mm&r=g","caption":"Farn\u00e9sio"},"sameAs":["https:\/\/quersaberpolitica.com.br"],"url":"https:\/\/blogdofarnesio.com.br\/?author=1"}]}},"_links":{"self":[{"href":"https:\/\/blogdofarnesio.com.br\/index.php?rest_route=\/wp\/v2\/posts\/177762","targetHints":{"allow":["GET"]}}],"collection":[{"href":"https:\/\/blogdofarnesio.com.br\/index.php?rest_route=\/wp\/v2\/posts"}],"about":[{"href":"https:\/\/blogdofarnesio.com.br\/index.php?rest_route=\/wp\/v2\/types\/post"}],"author":[{"embeddable":true,"href":"https:\/\/blogdofarnesio.com.br\/index.php?rest_route=\/wp\/v2\/users\/1"}],"replies":[{"embeddable":true,"href":"https:\/\/blogdofarnesio.com.br\/index.php?rest_route=%2Fwp%2Fv2%2Fcomments&post=177762"}],"version-history":[{"count":0,"href":"https:\/\/blogdofarnesio.com.br\/index.php?rest_route=\/wp\/v2\/posts\/177762\/revisions"}],"wp:featuredmedia":[{"embeddable":true,"href":"https:\/\/blogdofarnesio.com.br\/index.php?rest_route=\/wp\/v2\/media\/155093"}],"wp:attachment":[{"href":"https:\/\/blogdofarnesio.com.br\/index.php?rest_route=%2Fwp%2Fv2%2Fmedia&parent=177762"}],"wp:term":[{"taxonomy":"category","embeddable":true,"href":"https:\/\/blogdofarnesio.com.br\/index.php?rest_route=%2Fwp%2Fv2%2Fcategories&post=177762"},{"taxonomy":"post_tag","embeddable":true,"href":"https:\/\/blogdofarnesio.com.br\/index.php?rest_route=%2Fwp%2Fv2%2Ftags&post=177762"}],"curies":[{"name":"wp","href":"https:\/\/api.w.org\/{rel}","templated":true}]}}