{"id":177755,"date":"2017-09-30T10:30:06","date_gmt":"2017-09-30T13:30:06","guid":{"rendered":"http:\/\/quersaberpolitica.com.br\/2016\/?p=177755"},"modified":"2017-09-30T08:44:19","modified_gmt":"2017-09-30T11:44:19","slug":"resultado-provisorio-de-prova-discursiva-da-pm-e-bombeiros-sera-publicado-no-diario-oficial-deste-sabado","status":"publish","type":"post","link":"https:\/\/blogdofarnesio.com.br\/?p=177755","title":{"rendered":"RESULTADO PROVIS\u00d3RIO DE PROVA DISCURSIVA DA PM E BOMBEIROS SER\u00c1 PUBLICADO NO DI\u00c1RIO OFICIAL DESTE S\u00c1BADO"},"content":{"rendered":"<div style=\"text-align: justify;\">\n<p>O resultado provis\u00f3rio da prova discursiva do concurso para ingresso na Pol\u00edcia Militar e no Corpo de Bombeiros Militar da Bahia vai ser publicado neste s\u00e1bado (30), no Di\u00e1rio Oficial do Estado (DOE). A partir desta data, os candidatos que participaram da 2\u00aa etapa do certame podem conferir as folhas de respostas da prova, no site da organizadora do certame, o Instituto Brasileiro de Forma\u00e7\u00e3o e Capacita\u00e7\u00e3o (<a id=\"m_-5856299777771351399m_-1301902078023461632LPlnk991827\" class=\"m_-5856299777771351399m_-1301902078023461632OWAAutoLink\" href=\"http:\/\/www.ibfc.org.br\/\" target=\"_blank\" rel=\"noopener\" data-saferedirecturl=\"https:\/\/www.google.com\/url?hl=pt-BR&amp;q=http:\/\/www.ibfc.org.br&amp;source=gmail&amp;ust=1506802351769000&amp;usg=AFQjCNGNM2WlwjXoaj3uKqSBAk4Wv_fCMw\">www.ibfc.org.br<\/a>).<\/p>\n<p>A contar da publica\u00e7\u00e3o do resultado provis\u00f3rio, os candidatos podem interpor recurso no prazo de dois dias \u00fateis (2 e 3 de outubro). Os resultados das interposi\u00e7\u00f5es da 1\u00aa Etapa (Provas Objetivas) tamb\u00e9m ser\u00e3o divulgados no site do IBFC (<a id=\"m_-5856299777771351399m_-1301902078023461632LPlnk614818\" class=\"m_-5856299777771351399m_-1301902078023461632OWAAutoLink\" href=\"http:\/\/www.ibfc.org.br\/\" target=\"_blank\" rel=\"noopener\" data-saferedirecturl=\"https:\/\/www.google.com\/url?hl=pt-BR&amp;q=http:\/\/www.ibfc.org.br&amp;source=gmail&amp;ust=1506802351769000&amp;usg=AFQjCNGNM2WlwjXoaj3uKqSBAk4Wv_fCMw\">www.ibfc.org.br<\/a>) e do Portal do Servidor (<a id=\"m_-5856299777771351399m_-1301902078023461632LPlnk323023\" class=\"m_-5856299777771351399m_-1301902078023461632OWAAutoLink\" href=\"http:\/\/www.portaldoservidor.ba.gov.br\/\" target=\"_blank\" rel=\"noopener\" data-saferedirecturl=\"https:\/\/www.google.com\/url?hl=pt-BR&amp;q=http:\/\/www.portaldoservidor.ba.gov.br&amp;source=gmail&amp;ust=1506802351769000&amp;usg=AFQjCNHFSUnVNa7qKY9U8K-6u1HK5e0ZwQ\">www.portaldoservidor.ba.gov.b<wbr \/>r<\/a>). Na sequ\u00eancia, ser\u00e1 publicado o resultado definitivo.<\/p>\n<p>As provas objetivas e discursivas do concurso foram realizadas no dia 6 de agosto, em Salvador e outros 12 munic\u00edpios do interior. Ao todo, foram realizadas 141.878 inscri\u00e7\u00f5es, sendo 18.066 para o Corpo de Bombeiros e 123.812 para a Pol\u00edcia Militar.<\/p>\n<p>Este \u00e9 o maior concurso j\u00e1 realizado pelo Estado na \u00e1rea de seguran\u00e7a, sendo o primeiro para o Corpo de Bombeiros ap\u00f3s reformula\u00e7\u00e3o no comando e dissocia\u00e7\u00e3o da Pol\u00edcia Militar. Elaborado conjuntamente pela Secretaria da Administra\u00e7\u00e3o (Saeb) e pelos Comandos Gerais das duas corpora\u00e7\u00f5es, o edital foi publicado dia 10 de maio e ter\u00e1 validade de um ano, prorrog\u00e1vel por igual per\u00edodo.<\/p>\n<p>Uma vez habilitado para o curso de forma\u00e7\u00e3o, seja da Pol\u00edcia Militar ou do Corpo de Bombeiros Militar, o candidato ir\u00e1 ingressar no quadro das corpora\u00e7\u00f5es como aluno soldado, recebendo bolsa de R$ 937 durante o curso de forma\u00e7\u00e3o.<\/p>\n<p>Quando tiver conclu\u00eddo o curso e, posteriormente, lotado na regi\u00e3o de sua escolha, o soldado da Pol\u00edcia Militar e do Corpo de Bombeiros da Pol\u00edcia Militar ter\u00e1 carga hor\u00e1ria de 40 horas semanais. A remunera\u00e7\u00e3o, composta de soldo e gratifica\u00e7\u00e3o, \u00e9 de R$ 3.019 (40h) tanto para a Pol\u00edcia Militar como para o Corpo de Bombeiros.<\/p>\n<\/div>\n<div id=\"m_-5856299777771351399m_-1301902078023461632Signature\">\n<div id=\"m_-5856299777771351399m_-1301902078023461632divtagdefaultwrapper\">\n<p style=\"text-align: justify;\"><span class=\"m_-5856299777771351399m_-1301902078023461632Apple-style-span\" style=\"font-family: Times;\"><strong>Secom\u00a0<\/strong><\/span><\/p>\n<\/div>\n<\/div>\n","protected":false},"excerpt":{"rendered":"<p>O resultado provis\u00f3rio da prova discursiva do concurso para ingresso na Pol\u00edcia Militar e no Corpo de Bombeiros Militar da Bahia vai ser publicado neste s\u00e1bado (30), no Di\u00e1rio Oficial do Estado (DOE). A partir desta data, os candidatos que participaram da 2\u00aa etapa do certame podem conferir as folhas de respostas da prova, no site da organizadora do certame, o Instituto Brasileiro de Forma\u00e7\u00e3o e Capacita\u00e7\u00e3o (www.ibfc.org.br). A contar da publica\u00e7\u00e3o do resultado provis\u00f3rio, os candidatos podem interpor recurso no prazo de dois dias \u00fateis (2 e 3 de outubro). Os resultados das interposi\u00e7\u00f5es da 1\u00aa Etapa (Provas Objetivas) tamb\u00e9m ser\u00e3o divulgados no site do IBFC (www.ibfc.org.br) e do Portal do Servidor (www.portaldoservidor.ba.gov.br). Na sequ\u00eancia, ser\u00e1 publicado o resultado&hellip; <\/p>\n","protected":false},"author":1,"featured_media":69419,"comment_status":"open","ping_status":"open","sticky":false,"template":"","format":"standard","meta":{"_acf_changed":false,"footnotes":""},"categories":[44],"tags":[],"class_list":["post-177755","post","type-post","status-publish","format-standard","has-post-thumbnail","hentry","category-administracao"],"acf":[],"yoast_head":"<!-- This site is optimized with the Yoast SEO plugin v27.4 - https:\/\/yoast.com\/product\/yoast-seo-wordpress\/ -->\n<title>RESULTADO PROVIS\u00d3RIO DE PROVA DISCURSIVA DA PM E BOMBEIROS SER\u00c1 PUBLICADO NO DI\u00c1RIO OFICIAL DESTE S\u00c1BADO - Blog do Farn\u00e9sio<\/title>\n<meta name=\"robots\" content=\"index, follow, max-snippet:-1, max-image-preview:large, max-video-preview:-1\" \/>\n<link rel=\"canonical\" href=\"https:\/\/blogdofarnesio.com.br\/?p=177755\" \/>\n<meta property=\"og:locale\" content=\"pt_BR\" \/>\n<meta property=\"og:type\" content=\"article\" \/>\n<meta property=\"og:title\" content=\"RESULTADO PROVIS\u00d3RIO DE PROVA DISCURSIVA DA PM E BOMBEIROS SER\u00c1 PUBLICADO NO DI\u00c1RIO OFICIAL DESTE S\u00c1BADO - Blog do Farn\u00e9sio\" \/>\n<meta property=\"og:description\" content=\"O resultado provis\u00f3rio da prova discursiva do concurso para ingresso na Pol\u00edcia Militar e no Corpo de Bombeiros Militar da Bahia vai ser publicado neste s\u00e1bado (30), no Di\u00e1rio Oficial do Estado (DOE). A partir desta data, os candidatos que participaram da 2\u00aa etapa do certame podem conferir as folhas de respostas da prova, no site da organizadora do certame, o Instituto Brasileiro de Forma\u00e7\u00e3o e Capacita\u00e7\u00e3o (www.ibfc.org.br). A contar da publica\u00e7\u00e3o do resultado provis\u00f3rio, os candidatos podem interpor recurso no prazo de dois dias \u00fateis (2 e 3 de outubro). Os resultados das interposi\u00e7\u00f5es da 1\u00aa Etapa (Provas Objetivas) tamb\u00e9m ser\u00e3o divulgados no site do IBFC (www.ibfc.org.br) e do Portal do Servidor (www.portaldoservidor.ba.gov.br). Na sequ\u00eancia, ser\u00e1 publicado o resultado&hellip;\" \/>\n<meta property=\"og:url\" content=\"https:\/\/blogdofarnesio.com.br\/?p=177755\" \/>\n<meta property=\"og:site_name\" content=\"Blog do Farn\u00e9sio\" \/>\n<meta property=\"article:publisher\" content=\"https:\/\/www.facebook.com\/BlogQuerSaberPolitica\/\" \/>\n<meta property=\"article:published_time\" content=\"2017-09-30T13:30:06+00:00\" \/>\n<meta property=\"og:image\" content=\"https:\/\/blogdofarnesio.com.br\/wp-content\/uploads\/2014\/01\/foto-release-CfSd-2014.jpg\" \/>\n\t<meta property=\"og:image:width\" content=\"400\" \/>\n\t<meta property=\"og:image:height\" content=\"267\" \/>\n\t<meta property=\"og:image:type\" content=\"image\/jpeg\" \/>\n<meta name=\"author\" content=\"Farn\u00e9sio\" \/>\n<meta name=\"twitter:card\" content=\"summary_large_image\" \/>\n<meta name=\"twitter:label1\" content=\"Escrito por\" \/>\n\t<meta name=\"twitter:data1\" content=\"Farn\u00e9sio\" \/>\n\t<meta name=\"twitter:label2\" content=\"Est. tempo de leitura\" \/>\n\t<meta name=\"twitter:data2\" content=\"2 minutos\" \/>\n<script type=\"application\/ld+json\" class=\"yoast-schema-graph\">{\"@context\":\"https:\\\/\\\/schema.org\",\"@graph\":[{\"@type\":\"Article\",\"@id\":\"https:\\\/\\\/blogdofarnesio.com.br\\\/?p=177755#article\",\"isPartOf\":{\"@id\":\"https:\\\/\\\/blogdofarnesio.com.br\\\/?p=177755\"},\"author\":{\"name\":\"Farn\u00e9sio\",\"@id\":\"https:\\\/\\\/blogdofarnesio.com.br\\\/#\\\/schema\\\/person\\\/301c4acf522bccbfdb45af95b5b906a1\"},\"headline\":\"RESULTADO PROVIS\u00d3RIO DE PROVA DISCURSIVA DA PM E BOMBEIROS SER\u00c1 PUBLICADO NO DI\u00c1RIO OFICIAL DESTE S\u00c1BADO\",\"datePublished\":\"2017-09-30T13:30:06+00:00\",\"mainEntityOfPage\":{\"@id\":\"https:\\\/\\\/blogdofarnesio.com.br\\\/?p=177755\"},\"wordCount\":369,\"commentCount\":0,\"publisher\":{\"@id\":\"https:\\\/\\\/blogdofarnesio.com.br\\\/#organization\"},\"image\":{\"@id\":\"https:\\\/\\\/blogdofarnesio.com.br\\\/?p=177755#primaryimage\"},\"thumbnailUrl\":\"https:\\\/\\\/blogdofarnesio.com.br\\\/wp-content\\\/uploads\\\/2014\\\/01\\\/foto-release-CfSd-2014.jpg\",\"articleSection\":[\"Administra\u00e7\u00e3o\"],\"inLanguage\":\"pt-BR\",\"potentialAction\":[{\"@type\":\"CommentAction\",\"name\":\"Comment\",\"target\":[\"https:\\\/\\\/blogdofarnesio.com.br\\\/?p=177755#respond\"]}]},{\"@type\":\"WebPage\",\"@id\":\"https:\\\/\\\/blogdofarnesio.com.br\\\/?p=177755\",\"url\":\"https:\\\/\\\/blogdofarnesio.com.br\\\/?p=177755\",\"name\":\"RESULTADO PROVIS\u00d3RIO DE PROVA DISCURSIVA DA PM E BOMBEIROS SER\u00c1 PUBLICADO NO DI\u00c1RIO OFICIAL DESTE S\u00c1BADO - Blog do Farn\u00e9sio\",\"isPartOf\":{\"@id\":\"https:\\\/\\\/blogdofarnesio.com.br\\\/#website\"},\"primaryImageOfPage\":{\"@id\":\"https:\\\/\\\/blogdofarnesio.com.br\\\/?p=177755#primaryimage\"},\"image\":{\"@id\":\"https:\\\/\\\/blogdofarnesio.com.br\\\/?p=177755#primaryimage\"},\"thumbnailUrl\":\"https:\\\/\\\/blogdofarnesio.com.br\\\/wp-content\\\/uploads\\\/2014\\\/01\\\/foto-release-CfSd-2014.jpg\",\"datePublished\":\"2017-09-30T13:30:06+00:00\",\"breadcrumb\":{\"@id\":\"https:\\\/\\\/blogdofarnesio.com.br\\\/?p=177755#breadcrumb\"},\"inLanguage\":\"pt-BR\",\"potentialAction\":[{\"@type\":\"ReadAction\",\"target\":[\"https:\\\/\\\/blogdofarnesio.com.br\\\/?p=177755\"]}]},{\"@type\":\"ImageObject\",\"inLanguage\":\"pt-BR\",\"@id\":\"https:\\\/\\\/blogdofarnesio.com.br\\\/?p=177755#primaryimage\",\"url\":\"https:\\\/\\\/blogdofarnesio.com.br\\\/wp-content\\\/uploads\\\/2014\\\/01\\\/foto-release-CfSd-2014.jpg\",\"contentUrl\":\"https:\\\/\\\/blogdofarnesio.com.br\\\/wp-content\\\/uploads\\\/2014\\\/01\\\/foto-release-CfSd-2014.jpg\",\"width\":400,\"height\":267,\"caption\":\"Ilustra\u00e7\u00e3o\"},{\"@type\":\"BreadcrumbList\",\"@id\":\"https:\\\/\\\/blogdofarnesio.com.br\\\/?p=177755#breadcrumb\",\"itemListElement\":[{\"@type\":\"ListItem\",\"position\":1,\"name\":\"In\u00edcio\",\"item\":\"https:\\\/\\\/blogdofarnesio.com.br\\\/\"},{\"@type\":\"ListItem\",\"position\":2,\"name\":\"RESULTADO PROVIS\u00d3RIO DE PROVA DISCURSIVA DA PM E BOMBEIROS SER\u00c1 PUBLICADO NO DI\u00c1RIO OFICIAL DESTE S\u00c1BADO\"}]},{\"@type\":\"WebSite\",\"@id\":\"https:\\\/\\\/blogdofarnesio.com.br\\\/#website\",\"url\":\"https:\\\/\\\/blogdofarnesio.com.br\\\/\",\"name\":\"Blog do Farn\u00e9sio\",\"description\":\"Quer Saber Pol\u00edtica?\",\"publisher\":{\"@id\":\"https:\\\/\\\/blogdofarnesio.com.br\\\/#organization\"},\"potentialAction\":[{\"@type\":\"SearchAction\",\"target\":{\"@type\":\"EntryPoint\",\"urlTemplate\":\"https:\\\/\\\/blogdofarnesio.com.br\\\/?s={search_term_string}\"},\"query-input\":{\"@type\":\"PropertyValueSpecification\",\"valueRequired\":true,\"valueName\":\"search_term_string\"}}],\"inLanguage\":\"pt-BR\"},{\"@type\":\"Organization\",\"@id\":\"https:\\\/\\\/blogdofarnesio.com.br\\\/#organization\",\"name\":\"Blog do Farn\u00e9sio\",\"url\":\"https:\\\/\\\/blogdofarnesio.com.br\\\/\",\"logo\":{\"@type\":\"ImageObject\",\"inLanguage\":\"pt-BR\",\"@id\":\"https:\\\/\\\/blogdofarnesio.com.br\\\/#\\\/schema\\\/logo\\\/image\\\/\",\"url\":\"https:\\\/\\\/blogdofarnesio.com.br\\\/wp-content\\\/uploads\\\/2026\\\/03\\\/cropped-logo_new-1.png\",\"contentUrl\":\"https:\\\/\\\/blogdofarnesio.com.br\\\/wp-content\\\/uploads\\\/2026\\\/03\\\/cropped-logo_new-1.png\",\"width\":881,\"height\":685,\"caption\":\"Blog do Farn\u00e9sio\"},\"image\":{\"@id\":\"https:\\\/\\\/blogdofarnesio.com.br\\\/#\\\/schema\\\/logo\\\/image\\\/\"},\"sameAs\":[\"https:\\\/\\\/www.facebook.com\\\/BlogQuerSaberPolitica\\\/\"]},{\"@type\":\"Person\",\"@id\":\"https:\\\/\\\/blogdofarnesio.com.br\\\/#\\\/schema\\\/person\\\/301c4acf522bccbfdb45af95b5b906a1\",\"name\":\"Farn\u00e9sio\",\"image\":{\"@type\":\"ImageObject\",\"inLanguage\":\"pt-BR\",\"@id\":\"https:\\\/\\\/secure.gravatar.com\\\/avatar\\\/df0c9a14567c056f8ad6876ba5bbd1e3e2c48023eb6807342fc4663adf549f38?s=96&d=mm&r=g\",\"url\":\"https:\\\/\\\/secure.gravatar.com\\\/avatar\\\/df0c9a14567c056f8ad6876ba5bbd1e3e2c48023eb6807342fc4663adf549f38?s=96&d=mm&r=g\",\"contentUrl\":\"https:\\\/\\\/secure.gravatar.com\\\/avatar\\\/df0c9a14567c056f8ad6876ba5bbd1e3e2c48023eb6807342fc4663adf549f38?s=96&d=mm&r=g\",\"caption\":\"Farn\u00e9sio\"},\"sameAs\":[\"https:\\\/\\\/quersaberpolitica.com.br\"],\"url\":\"https:\\\/\\\/blogdofarnesio.com.br\\\/?author=1\"}]}<\/script>\n<!-- \/ Yoast SEO plugin. -->","yoast_head_json":{"title":"RESULTADO PROVIS\u00d3RIO DE PROVA DISCURSIVA DA PM E BOMBEIROS SER\u00c1 PUBLICADO NO DI\u00c1RIO OFICIAL DESTE S\u00c1BADO - Blog do Farn\u00e9sio","robots":{"index":"index","follow":"follow","max-snippet":"max-snippet:-1","max-image-preview":"max-image-preview:large","max-video-preview":"max-video-preview:-1"},"canonical":"https:\/\/blogdofarnesio.com.br\/?p=177755","og_locale":"pt_BR","og_type":"article","og_title":"RESULTADO PROVIS\u00d3RIO DE PROVA DISCURSIVA DA PM E BOMBEIROS SER\u00c1 PUBLICADO NO DI\u00c1RIO OFICIAL DESTE S\u00c1BADO - Blog do Farn\u00e9sio","og_description":"O resultado provis\u00f3rio da prova discursiva do concurso para ingresso na Pol\u00edcia Militar e no Corpo de Bombeiros Militar da Bahia vai ser publicado neste s\u00e1bado (30), no Di\u00e1rio Oficial do Estado (DOE). A partir desta data, os candidatos que participaram da 2\u00aa etapa do certame podem conferir as folhas de respostas da prova, no site da organizadora do certame, o Instituto Brasileiro de Forma\u00e7\u00e3o e Capacita\u00e7\u00e3o (www.ibfc.org.br). A contar da publica\u00e7\u00e3o do resultado provis\u00f3rio, os candidatos podem interpor recurso no prazo de dois dias \u00fateis (2 e 3 de outubro). Os resultados das interposi\u00e7\u00f5es da 1\u00aa Etapa (Provas Objetivas) tamb\u00e9m ser\u00e3o divulgados no site do IBFC (www.ibfc.org.br) e do Portal do Servidor (www.portaldoservidor.ba.gov.br). Na sequ\u00eancia, ser\u00e1 publicado o resultado&hellip;","og_url":"https:\/\/blogdofarnesio.com.br\/?p=177755","og_site_name":"Blog do Farn\u00e9sio","article_publisher":"https:\/\/www.facebook.com\/BlogQuerSaberPolitica\/","article_published_time":"2017-09-30T13:30:06+00:00","og_image":[{"width":400,"height":267,"url":"https:\/\/blogdofarnesio.com.br\/wp-content\/uploads\/2014\/01\/foto-release-CfSd-2014.jpg","type":"image\/jpeg"}],"author":"Farn\u00e9sio","twitter_card":"summary_large_image","twitter_misc":{"Escrito por":"Farn\u00e9sio","Est. tempo de leitura":"2 minutos"},"schema":{"@context":"https:\/\/schema.org","@graph":[{"@type":"Article","@id":"https:\/\/blogdofarnesio.com.br\/?p=177755#article","isPartOf":{"@id":"https:\/\/blogdofarnesio.com.br\/?p=177755"},"author":{"name":"Farn\u00e9sio","@id":"https:\/\/blogdofarnesio.com.br\/#\/schema\/person\/301c4acf522bccbfdb45af95b5b906a1"},"headline":"RESULTADO PROVIS\u00d3RIO DE PROVA DISCURSIVA DA PM E BOMBEIROS SER\u00c1 PUBLICADO NO DI\u00c1RIO OFICIAL DESTE S\u00c1BADO","datePublished":"2017-09-30T13:30:06+00:00","mainEntityOfPage":{"@id":"https:\/\/blogdofarnesio.com.br\/?p=177755"},"wordCount":369,"commentCount":0,"publisher":{"@id":"https:\/\/blogdofarnesio.com.br\/#organization"},"image":{"@id":"https:\/\/blogdofarnesio.com.br\/?p=177755#primaryimage"},"thumbnailUrl":"https:\/\/blogdofarnesio.com.br\/wp-content\/uploads\/2014\/01\/foto-release-CfSd-2014.jpg","articleSection":["Administra\u00e7\u00e3o"],"inLanguage":"pt-BR","potentialAction":[{"@type":"CommentAction","name":"Comment","target":["https:\/\/blogdofarnesio.com.br\/?p=177755#respond"]}]},{"@type":"WebPage","@id":"https:\/\/blogdofarnesio.com.br\/?p=177755","url":"https:\/\/blogdofarnesio.com.br\/?p=177755","name":"RESULTADO PROVIS\u00d3RIO DE PROVA DISCURSIVA DA PM E BOMBEIROS SER\u00c1 PUBLICADO NO DI\u00c1RIO OFICIAL DESTE S\u00c1BADO - Blog do Farn\u00e9sio","isPartOf":{"@id":"https:\/\/blogdofarnesio.com.br\/#website"},"primaryImageOfPage":{"@id":"https:\/\/blogdofarnesio.com.br\/?p=177755#primaryimage"},"image":{"@id":"https:\/\/blogdofarnesio.com.br\/?p=177755#primaryimage"},"thumbnailUrl":"https:\/\/blogdofarnesio.com.br\/wp-content\/uploads\/2014\/01\/foto-release-CfSd-2014.jpg","datePublished":"2017-09-30T13:30:06+00:00","breadcrumb":{"@id":"https:\/\/blogdofarnesio.com.br\/?p=177755#breadcrumb"},"inLanguage":"pt-BR","potentialAction":[{"@type":"ReadAction","target":["https:\/\/blogdofarnesio.com.br\/?p=177755"]}]},{"@type":"ImageObject","inLanguage":"pt-BR","@id":"https:\/\/blogdofarnesio.com.br\/?p=177755#primaryimage","url":"https:\/\/blogdofarnesio.com.br\/wp-content\/uploads\/2014\/01\/foto-release-CfSd-2014.jpg","contentUrl":"https:\/\/blogdofarnesio.com.br\/wp-content\/uploads\/2014\/01\/foto-release-CfSd-2014.jpg","width":400,"height":267,"caption":"Ilustra\u00e7\u00e3o"},{"@type":"BreadcrumbList","@id":"https:\/\/blogdofarnesio.com.br\/?p=177755#breadcrumb","itemListElement":[{"@type":"ListItem","position":1,"name":"In\u00edcio","item":"https:\/\/blogdofarnesio.com.br\/"},{"@type":"ListItem","position":2,"name":"RESULTADO PROVIS\u00d3RIO DE PROVA DISCURSIVA DA PM E BOMBEIROS SER\u00c1 PUBLICADO NO DI\u00c1RIO OFICIAL DESTE S\u00c1BADO"}]},{"@type":"WebSite","@id":"https:\/\/blogdofarnesio.com.br\/#website","url":"https:\/\/blogdofarnesio.com.br\/","name":"Blog do Farn\u00e9sio","description":"Quer Saber Pol\u00edtica?","publisher":{"@id":"https:\/\/blogdofarnesio.com.br\/#organization"},"potentialAction":[{"@type":"SearchAction","target":{"@type":"EntryPoint","urlTemplate":"https:\/\/blogdofarnesio.com.br\/?s={search_term_string}"},"query-input":{"@type":"PropertyValueSpecification","valueRequired":true,"valueName":"search_term_string"}}],"inLanguage":"pt-BR"},{"@type":"Organization","@id":"https:\/\/blogdofarnesio.com.br\/#organization","name":"Blog do Farn\u00e9sio","url":"https:\/\/blogdofarnesio.com.br\/","logo":{"@type":"ImageObject","inLanguage":"pt-BR","@id":"https:\/\/blogdofarnesio.com.br\/#\/schema\/logo\/image\/","url":"https:\/\/blogdofarnesio.com.br\/wp-content\/uploads\/2026\/03\/cropped-logo_new-1.png","contentUrl":"https:\/\/blogdofarnesio.com.br\/wp-content\/uploads\/2026\/03\/cropped-logo_new-1.png","width":881,"height":685,"caption":"Blog do Farn\u00e9sio"},"image":{"@id":"https:\/\/blogdofarnesio.com.br\/#\/schema\/logo\/image\/"},"sameAs":["https:\/\/www.facebook.com\/BlogQuerSaberPolitica\/"]},{"@type":"Person","@id":"https:\/\/blogdofarnesio.com.br\/#\/schema\/person\/301c4acf522bccbfdb45af95b5b906a1","name":"Farn\u00e9sio","image":{"@type":"ImageObject","inLanguage":"pt-BR","@id":"https:\/\/secure.gravatar.com\/avatar\/df0c9a14567c056f8ad6876ba5bbd1e3e2c48023eb6807342fc4663adf549f38?s=96&d=mm&r=g","url":"https:\/\/secure.gravatar.com\/avatar\/df0c9a14567c056f8ad6876ba5bbd1e3e2c48023eb6807342fc4663adf549f38?s=96&d=mm&r=g","contentUrl":"https:\/\/secure.gravatar.com\/avatar\/df0c9a14567c056f8ad6876ba5bbd1e3e2c48023eb6807342fc4663adf549f38?s=96&d=mm&r=g","caption":"Farn\u00e9sio"},"sameAs":["https:\/\/quersaberpolitica.com.br"],"url":"https:\/\/blogdofarnesio.com.br\/?author=1"}]}},"_links":{"self":[{"href":"https:\/\/blogdofarnesio.com.br\/index.php?rest_route=\/wp\/v2\/posts\/177755","targetHints":{"allow":["GET"]}}],"collection":[{"href":"https:\/\/blogdofarnesio.com.br\/index.php?rest_route=\/wp\/v2\/posts"}],"about":[{"href":"https:\/\/blogdofarnesio.com.br\/index.php?rest_route=\/wp\/v2\/types\/post"}],"author":[{"embeddable":true,"href":"https:\/\/blogdofarnesio.com.br\/index.php?rest_route=\/wp\/v2\/users\/1"}],"replies":[{"embeddable":true,"href":"https:\/\/blogdofarnesio.com.br\/index.php?rest_route=%2Fwp%2Fv2%2Fcomments&post=177755"}],"version-history":[{"count":0,"href":"https:\/\/blogdofarnesio.com.br\/index.php?rest_route=\/wp\/v2\/posts\/177755\/revisions"}],"wp:featuredmedia":[{"embeddable":true,"href":"https:\/\/blogdofarnesio.com.br\/index.php?rest_route=\/wp\/v2\/media\/69419"}],"wp:attachment":[{"href":"https:\/\/blogdofarnesio.com.br\/index.php?rest_route=%2Fwp%2Fv2%2Fmedia&parent=177755"}],"wp:term":[{"taxonomy":"category","embeddable":true,"href":"https:\/\/blogdofarnesio.com.br\/index.php?rest_route=%2Fwp%2Fv2%2Fcategories&post=177755"},{"taxonomy":"post_tag","embeddable":true,"href":"https:\/\/blogdofarnesio.com.br\/index.php?rest_route=%2Fwp%2Fv2%2Ftags&post=177755"}],"curies":[{"name":"wp","href":"https:\/\/api.w.org\/{rel}","templated":true}]}}