{"id":177673,"date":"2017-09-28T17:04:53","date_gmt":"2017-09-28T20:04:53","guid":{"rendered":"http:\/\/quersaberpolitica.com.br\/2016\/?p=177673"},"modified":"2017-09-28T17:07:33","modified_gmt":"2017-09-28T20:07:33","slug":"atencao-compositores-e-interpretes-confira-a-realcao-das-24-musicas-classificadas-para-as-eliminatorias-do-festival-edesio-santos","status":"publish","type":"post","link":"https:\/\/blogdofarnesio.com.br\/?p=177673","title":{"rendered":"ATEN\u00c7\u00c3O COMPOSITORES E INTERPRETES, CONFIRAM A RELA\u00c7\u00c3O DAS 24 M\u00daSICAS CLASSIFICADAS PARA AS ELIMINAT\u00d3RIAS DO FESTIVAL ED\u00c9SIO SANTOS"},"content":{"rendered":"<p>No \u00faltimo final de semana aconteceu, em Salvador, na sala de dan\u00e7a da Funda\u00e7\u00e3o Cultural do Estado da Bahia, a curadoria do Festival Ed\u00e9sio Santos da Can\u00e7\u00e3o, que classificou as 24 m\u00fasicas concorrentes do festival que ir\u00e1 acontecer de 30 de novembro a 02 de dezembro, uma realiza\u00e7\u00e3o da Prefeitura de Juazeiro, atrav\u00e9s da Secretaria de Cultura, Turismo e Esportes.<\/p>\n<p>As 24 m\u00fasicas classificadas foram publicadas no Di\u00e1rio Oficial deste dia 27 de setembro, e estar\u00e3o dispon\u00edveis na secretaria e no site da Prefeitura. \u201cAgora vamos preparar o Festival e organizar os ensaios com a banda base. Algumas pessoas ainda questionam o porqu\u00ea da curadoria acontecer fora de Juazeiro, mas \u00e9 que j\u00e1 houve a experi\u00eancia de ser em Juazeiro e o resultado n\u00e3o foi bom, havia prefer\u00eancias nas escolhas, resultados eram vazados. Fazendo em outro local prezamos pela isonomia, de forma id\u00f4nea, inclusive com curadores que j\u00e1 fazem esse trabalho constantemente\u201d, afirma o Gerente de Cultura Ramon Raniere.<\/p>\n<p>A curadoria foi composta por Eduardo Sep\u00falveda, vocalista da banda Diamba; pelo produtor e programador musical, Nairo Elo, al\u00e9m do produtor musical Luciano Rocha. Durante um dia inteiro eles ouviram as m\u00fasicas e deram suas notas. \u201cHavia muita coisa boa, mas tamb\u00e9m senti falta de criatividade em arranjos, tudo muito formatado. Percebo que faltou inova\u00e7\u00e3o, ousadia para um Festival, arranjos muito em cima de f\u00f3rmulas j\u00e1 existentes.\u201d, atenta Nairo Elo.<\/p>\n<p>Para o produtor musical Luciano Rocha, o fato do Festival Ed\u00e9sio Santos ser realizado em uma cidade que \u00e9 considerada Capital da Bossa Nova causa muita expectativa. \u201cEm uma cidade que tem filhos ilustres como Jo\u00e3o Gilberto, Ivete Sangalo e Luis Galv\u00e3o, o festival acaba causando expectativa grande e deixa um legado para as pessoas que moram em Juazeiro e para as pessoas que participam do evento. A Prefeitura est\u00e1 de parab\u00e9ns por dar continuidade ao festival\u201d, disse.<\/p>\n<p>Confira a rela\u00e7\u00e3o:\u00a0<a href=\"http:\/\/quersaberpolitica.com.br\/2016\/wp-content\/uploads\/2017\/09\/PORTARIA-18-SECULT-RESULTADO-TRIAGEM-FESTIVAL-ED\u00c9SIO-SANTOS-1.pdf\">PORTARIA 18 &#8211; SECULT RESULTADO TRIAGEM FESTIVAL ED\u00c9SIO SANTOS (1)<\/a><\/p>\n<p>\u201cPara quem n\u00e3o foi classificado, o conselho \u00e9 tentar novamente. Acredito que \u00e0s vezes a gente participa de um festival achando que aquilo que a gente fez \u00e9 a melhor coisa do mundo, acha que a curadoria n\u00e3o valorizou direito as can\u00e7\u00f5es, mas n\u00f3s fomos bem criteriosos, a gente ouviu as can\u00e7\u00f5es uma a uma. Outra coisa, as pessoas mandam as m\u00fasicas sem se importar em fazer um arranjo, s\u00f3 com a voz e o viol\u00e3o. Tem que tentar nos trazer a m\u00fasica como se ela estivesse sendo gravada j\u00e1 para seu disco, para chegar com mais for\u00e7a\u201d, conclui o Duda da Diamba.<\/p>\n<p>Por Ram\u00e1iana Leal\/SECULTE<\/p>\n<p>&nbsp;<\/p>\n","protected":false},"excerpt":{"rendered":"<p>No \u00faltimo final de semana aconteceu, em Salvador, na sala de dan\u00e7a da Funda\u00e7\u00e3o Cultural do Estado da Bahia, a curadoria do Festival Ed\u00e9sio Santos da Can\u00e7\u00e3o, que classificou as 24 m\u00fasicas concorrentes do festival que ir\u00e1 acontecer de 30 de novembro a 02 de dezembro, uma realiza\u00e7\u00e3o da Prefeitura de Juazeiro, atrav\u00e9s da Secretaria de Cultura, Turismo e Esportes. As 24 m\u00fasicas classificadas foram publicadas no Di\u00e1rio Oficial deste dia 27 de setembro, e estar\u00e3o dispon\u00edveis na secretaria e no site da Prefeitura. \u201cAgora vamos preparar o Festival e organizar os ensaios com a banda base. Algumas pessoas ainda questionam o porqu\u00ea da curadoria acontecer fora de Juazeiro, mas \u00e9 que j\u00e1 houve a experi\u00eancia de ser em Juazeiro&hellip; <\/p>\n","protected":false},"author":1,"featured_media":177674,"comment_status":"open","ping_status":"open","sticky":false,"template":"","format":"standard","meta":{"_acf_changed":false,"footnotes":""},"categories":[10],"tags":[],"class_list":["post-177673","post","type-post","status-publish","format-standard","has-post-thumbnail","hentry","category-cultura"],"acf":[],"yoast_head":"<!-- This site is optimized with the Yoast SEO plugin v27.4 - https:\/\/yoast.com\/product\/yoast-seo-wordpress\/ -->\n<title>ATEN\u00c7\u00c3O COMPOSITORES E INTERPRETES, CONFIRAM A RELA\u00c7\u00c3O DAS 24 M\u00daSICAS CLASSIFICADAS PARA AS ELIMINAT\u00d3RIAS DO FESTIVAL ED\u00c9SIO SANTOS - Blog do Farn\u00e9sio<\/title>\n<meta name=\"robots\" content=\"index, follow, max-snippet:-1, max-image-preview:large, max-video-preview:-1\" \/>\n<link rel=\"canonical\" href=\"https:\/\/blogdofarnesio.com.br\/?p=177673\" \/>\n<meta property=\"og:locale\" content=\"pt_BR\" \/>\n<meta property=\"og:type\" content=\"article\" \/>\n<meta property=\"og:title\" content=\"ATEN\u00c7\u00c3O COMPOSITORES E INTERPRETES, CONFIRAM A RELA\u00c7\u00c3O DAS 24 M\u00daSICAS CLASSIFICADAS PARA AS ELIMINAT\u00d3RIAS DO FESTIVAL ED\u00c9SIO SANTOS - Blog do Farn\u00e9sio\" \/>\n<meta property=\"og:description\" content=\"No \u00faltimo final de semana aconteceu, em Salvador, na sala de dan\u00e7a da Funda\u00e7\u00e3o Cultural do Estado da Bahia, a curadoria do Festival Ed\u00e9sio Santos da Can\u00e7\u00e3o, que classificou as 24 m\u00fasicas concorrentes do festival que ir\u00e1 acontecer de 30 de novembro a 02 de dezembro, uma realiza\u00e7\u00e3o da Prefeitura de Juazeiro, atrav\u00e9s da Secretaria de Cultura, Turismo e Esportes. As 24 m\u00fasicas classificadas foram publicadas no Di\u00e1rio Oficial deste dia 27 de setembro, e estar\u00e3o dispon\u00edveis na secretaria e no site da Prefeitura. \u201cAgora vamos preparar o Festival e organizar os ensaios com a banda base. Algumas pessoas ainda questionam o porqu\u00ea da curadoria acontecer fora de Juazeiro, mas \u00e9 que j\u00e1 houve a experi\u00eancia de ser em Juazeiro&hellip;\" \/>\n<meta property=\"og:url\" content=\"https:\/\/blogdofarnesio.com.br\/?p=177673\" \/>\n<meta property=\"og:site_name\" content=\"Blog do Farn\u00e9sio\" \/>\n<meta property=\"article:publisher\" content=\"https:\/\/www.facebook.com\/BlogQuerSaberPolitica\/\" \/>\n<meta property=\"article:published_time\" content=\"2017-09-28T20:04:53+00:00\" \/>\n<meta property=\"article:modified_time\" content=\"2017-09-28T20:07:33+00:00\" \/>\n<meta property=\"og:image\" content=\"https:\/\/blogdofarnesio.com.br\/wp-content\/uploads\/2017\/09\/blogqspfestivalEd\u00e9sio-Santos.jpg\" \/>\n\t<meta property=\"og:image:width\" content=\"480\" \/>\n\t<meta property=\"og:image:height\" content=\"480\" \/>\n\t<meta property=\"og:image:type\" content=\"image\/jpeg\" \/>\n<meta name=\"author\" content=\"Farn\u00e9sio\" \/>\n<meta name=\"twitter:card\" content=\"summary_large_image\" \/>\n<meta name=\"twitter:label1\" content=\"Escrito por\" \/>\n\t<meta name=\"twitter:data1\" content=\"Farn\u00e9sio\" \/>\n\t<meta name=\"twitter:label2\" content=\"Est. tempo de leitura\" \/>\n\t<meta name=\"twitter:data2\" content=\"2 minutos\" \/>\n<script type=\"application\/ld+json\" class=\"yoast-schema-graph\">{\"@context\":\"https:\\\/\\\/schema.org\",\"@graph\":[{\"@type\":\"Article\",\"@id\":\"https:\\\/\\\/blogdofarnesio.com.br\\\/?p=177673#article\",\"isPartOf\":{\"@id\":\"https:\\\/\\\/blogdofarnesio.com.br\\\/?p=177673\"},\"author\":{\"name\":\"Farn\u00e9sio\",\"@id\":\"https:\\\/\\\/blogdofarnesio.com.br\\\/#\\\/schema\\\/person\\\/301c4acf522bccbfdb45af95b5b906a1\"},\"headline\":\"ATEN\u00c7\u00c3O COMPOSITORES E INTERPRETES, CONFIRAM A RELA\u00c7\u00c3O DAS 24 M\u00daSICAS CLASSIFICADAS PARA AS ELIMINAT\u00d3RIAS DO FESTIVAL ED\u00c9SIO SANTOS\",\"datePublished\":\"2017-09-28T20:04:53+00:00\",\"dateModified\":\"2017-09-28T20:07:33+00:00\",\"mainEntityOfPage\":{\"@id\":\"https:\\\/\\\/blogdofarnesio.com.br\\\/?p=177673\"},\"wordCount\":476,\"commentCount\":0,\"publisher\":{\"@id\":\"https:\\\/\\\/blogdofarnesio.com.br\\\/#organization\"},\"image\":{\"@id\":\"https:\\\/\\\/blogdofarnesio.com.br\\\/?p=177673#primaryimage\"},\"thumbnailUrl\":\"https:\\\/\\\/blogdofarnesio.com.br\\\/wp-content\\\/uploads\\\/2017\\\/09\\\/blogqspfestivalEd\u00e9sio-Santos.jpg\",\"articleSection\":[\"Cultura\"],\"inLanguage\":\"pt-BR\",\"potentialAction\":[{\"@type\":\"CommentAction\",\"name\":\"Comment\",\"target\":[\"https:\\\/\\\/blogdofarnesio.com.br\\\/?p=177673#respond\"]}]},{\"@type\":\"WebPage\",\"@id\":\"https:\\\/\\\/blogdofarnesio.com.br\\\/?p=177673\",\"url\":\"https:\\\/\\\/blogdofarnesio.com.br\\\/?p=177673\",\"name\":\"ATEN\u00c7\u00c3O COMPOSITORES E INTERPRETES, CONFIRAM A RELA\u00c7\u00c3O DAS 24 M\u00daSICAS CLASSIFICADAS PARA AS ELIMINAT\u00d3RIAS DO FESTIVAL ED\u00c9SIO SANTOS - Blog do Farn\u00e9sio\",\"isPartOf\":{\"@id\":\"https:\\\/\\\/blogdofarnesio.com.br\\\/#website\"},\"primaryImageOfPage\":{\"@id\":\"https:\\\/\\\/blogdofarnesio.com.br\\\/?p=177673#primaryimage\"},\"image\":{\"@id\":\"https:\\\/\\\/blogdofarnesio.com.br\\\/?p=177673#primaryimage\"},\"thumbnailUrl\":\"https:\\\/\\\/blogdofarnesio.com.br\\\/wp-content\\\/uploads\\\/2017\\\/09\\\/blogqspfestivalEd\u00e9sio-Santos.jpg\",\"datePublished\":\"2017-09-28T20:04:53+00:00\",\"dateModified\":\"2017-09-28T20:07:33+00:00\",\"breadcrumb\":{\"@id\":\"https:\\\/\\\/blogdofarnesio.com.br\\\/?p=177673#breadcrumb\"},\"inLanguage\":\"pt-BR\",\"potentialAction\":[{\"@type\":\"ReadAction\",\"target\":[\"https:\\\/\\\/blogdofarnesio.com.br\\\/?p=177673\"]}]},{\"@type\":\"ImageObject\",\"inLanguage\":\"pt-BR\",\"@id\":\"https:\\\/\\\/blogdofarnesio.com.br\\\/?p=177673#primaryimage\",\"url\":\"https:\\\/\\\/blogdofarnesio.com.br\\\/wp-content\\\/uploads\\\/2017\\\/09\\\/blogqspfestivalEd\u00e9sio-Santos.jpg\",\"contentUrl\":\"https:\\\/\\\/blogdofarnesio.com.br\\\/wp-content\\\/uploads\\\/2017\\\/09\\\/blogqspfestivalEd\u00e9sio-Santos.jpg\",\"width\":480,\"height\":480},{\"@type\":\"BreadcrumbList\",\"@id\":\"https:\\\/\\\/blogdofarnesio.com.br\\\/?p=177673#breadcrumb\",\"itemListElement\":[{\"@type\":\"ListItem\",\"position\":1,\"name\":\"In\u00edcio\",\"item\":\"https:\\\/\\\/blogdofarnesio.com.br\\\/\"},{\"@type\":\"ListItem\",\"position\":2,\"name\":\"ATEN\u00c7\u00c3O COMPOSITORES E INTERPRETES, CONFIRAM A RELA\u00c7\u00c3O DAS 24 M\u00daSICAS CLASSIFICADAS PARA AS ELIMINAT\u00d3RIAS DO FESTIVAL ED\u00c9SIO SANTOS\"}]},{\"@type\":\"WebSite\",\"@id\":\"https:\\\/\\\/blogdofarnesio.com.br\\\/#website\",\"url\":\"https:\\\/\\\/blogdofarnesio.com.br\\\/\",\"name\":\"Blog do Farn\u00e9sio\",\"description\":\"Quer Saber Pol\u00edtica?\",\"publisher\":{\"@id\":\"https:\\\/\\\/blogdofarnesio.com.br\\\/#organization\"},\"potentialAction\":[{\"@type\":\"SearchAction\",\"target\":{\"@type\":\"EntryPoint\",\"urlTemplate\":\"https:\\\/\\\/blogdofarnesio.com.br\\\/?s={search_term_string}\"},\"query-input\":{\"@type\":\"PropertyValueSpecification\",\"valueRequired\":true,\"valueName\":\"search_term_string\"}}],\"inLanguage\":\"pt-BR\"},{\"@type\":\"Organization\",\"@id\":\"https:\\\/\\\/blogdofarnesio.com.br\\\/#organization\",\"name\":\"Blog do Farn\u00e9sio\",\"url\":\"https:\\\/\\\/blogdofarnesio.com.br\\\/\",\"logo\":{\"@type\":\"ImageObject\",\"inLanguage\":\"pt-BR\",\"@id\":\"https:\\\/\\\/blogdofarnesio.com.br\\\/#\\\/schema\\\/logo\\\/image\\\/\",\"url\":\"https:\\\/\\\/blogdofarnesio.com.br\\\/wp-content\\\/uploads\\\/2026\\\/03\\\/cropped-logo_new-1.png\",\"contentUrl\":\"https:\\\/\\\/blogdofarnesio.com.br\\\/wp-content\\\/uploads\\\/2026\\\/03\\\/cropped-logo_new-1.png\",\"width\":881,\"height\":685,\"caption\":\"Blog do Farn\u00e9sio\"},\"image\":{\"@id\":\"https:\\\/\\\/blogdofarnesio.com.br\\\/#\\\/schema\\\/logo\\\/image\\\/\"},\"sameAs\":[\"https:\\\/\\\/www.facebook.com\\\/BlogQuerSaberPolitica\\\/\"]},{\"@type\":\"Person\",\"@id\":\"https:\\\/\\\/blogdofarnesio.com.br\\\/#\\\/schema\\\/person\\\/301c4acf522bccbfdb45af95b5b906a1\",\"name\":\"Farn\u00e9sio\",\"image\":{\"@type\":\"ImageObject\",\"inLanguage\":\"pt-BR\",\"@id\":\"https:\\\/\\\/secure.gravatar.com\\\/avatar\\\/df0c9a14567c056f8ad6876ba5bbd1e3e2c48023eb6807342fc4663adf549f38?s=96&d=mm&r=g\",\"url\":\"https:\\\/\\\/secure.gravatar.com\\\/avatar\\\/df0c9a14567c056f8ad6876ba5bbd1e3e2c48023eb6807342fc4663adf549f38?s=96&d=mm&r=g\",\"contentUrl\":\"https:\\\/\\\/secure.gravatar.com\\\/avatar\\\/df0c9a14567c056f8ad6876ba5bbd1e3e2c48023eb6807342fc4663adf549f38?s=96&d=mm&r=g\",\"caption\":\"Farn\u00e9sio\"},\"sameAs\":[\"https:\\\/\\\/quersaberpolitica.com.br\"],\"url\":\"https:\\\/\\\/blogdofarnesio.com.br\\\/?author=1\"}]}<\/script>\n<!-- \/ Yoast SEO plugin. -->","yoast_head_json":{"title":"ATEN\u00c7\u00c3O COMPOSITORES E INTERPRETES, CONFIRAM A RELA\u00c7\u00c3O DAS 24 M\u00daSICAS CLASSIFICADAS PARA AS ELIMINAT\u00d3RIAS DO FESTIVAL ED\u00c9SIO SANTOS - Blog do Farn\u00e9sio","robots":{"index":"index","follow":"follow","max-snippet":"max-snippet:-1","max-image-preview":"max-image-preview:large","max-video-preview":"max-video-preview:-1"},"canonical":"https:\/\/blogdofarnesio.com.br\/?p=177673","og_locale":"pt_BR","og_type":"article","og_title":"ATEN\u00c7\u00c3O COMPOSITORES E INTERPRETES, CONFIRAM A RELA\u00c7\u00c3O DAS 24 M\u00daSICAS CLASSIFICADAS PARA AS ELIMINAT\u00d3RIAS DO FESTIVAL ED\u00c9SIO SANTOS - Blog do Farn\u00e9sio","og_description":"No \u00faltimo final de semana aconteceu, em Salvador, na sala de dan\u00e7a da Funda\u00e7\u00e3o Cultural do Estado da Bahia, a curadoria do Festival Ed\u00e9sio Santos da Can\u00e7\u00e3o, que classificou as 24 m\u00fasicas concorrentes do festival que ir\u00e1 acontecer de 30 de novembro a 02 de dezembro, uma realiza\u00e7\u00e3o da Prefeitura de Juazeiro, atrav\u00e9s da Secretaria de Cultura, Turismo e Esportes. As 24 m\u00fasicas classificadas foram publicadas no Di\u00e1rio Oficial deste dia 27 de setembro, e estar\u00e3o dispon\u00edveis na secretaria e no site da Prefeitura. \u201cAgora vamos preparar o Festival e organizar os ensaios com a banda base. Algumas pessoas ainda questionam o porqu\u00ea da curadoria acontecer fora de Juazeiro, mas \u00e9 que j\u00e1 houve a experi\u00eancia de ser em Juazeiro&hellip;","og_url":"https:\/\/blogdofarnesio.com.br\/?p=177673","og_site_name":"Blog do Farn\u00e9sio","article_publisher":"https:\/\/www.facebook.com\/BlogQuerSaberPolitica\/","article_published_time":"2017-09-28T20:04:53+00:00","article_modified_time":"2017-09-28T20:07:33+00:00","og_image":[{"width":480,"height":480,"url":"https:\/\/blogdofarnesio.com.br\/wp-content\/uploads\/2017\/09\/blogqspfestivalEd\u00e9sio-Santos.jpg","type":"image\/jpeg"}],"author":"Farn\u00e9sio","twitter_card":"summary_large_image","twitter_misc":{"Escrito por":"Farn\u00e9sio","Est. tempo de leitura":"2 minutos"},"schema":{"@context":"https:\/\/schema.org","@graph":[{"@type":"Article","@id":"https:\/\/blogdofarnesio.com.br\/?p=177673#article","isPartOf":{"@id":"https:\/\/blogdofarnesio.com.br\/?p=177673"},"author":{"name":"Farn\u00e9sio","@id":"https:\/\/blogdofarnesio.com.br\/#\/schema\/person\/301c4acf522bccbfdb45af95b5b906a1"},"headline":"ATEN\u00c7\u00c3O COMPOSITORES E INTERPRETES, CONFIRAM A RELA\u00c7\u00c3O DAS 24 M\u00daSICAS CLASSIFICADAS PARA AS ELIMINAT\u00d3RIAS DO FESTIVAL ED\u00c9SIO SANTOS","datePublished":"2017-09-28T20:04:53+00:00","dateModified":"2017-09-28T20:07:33+00:00","mainEntityOfPage":{"@id":"https:\/\/blogdofarnesio.com.br\/?p=177673"},"wordCount":476,"commentCount":0,"publisher":{"@id":"https:\/\/blogdofarnesio.com.br\/#organization"},"image":{"@id":"https:\/\/blogdofarnesio.com.br\/?p=177673#primaryimage"},"thumbnailUrl":"https:\/\/blogdofarnesio.com.br\/wp-content\/uploads\/2017\/09\/blogqspfestivalEd\u00e9sio-Santos.jpg","articleSection":["Cultura"],"inLanguage":"pt-BR","potentialAction":[{"@type":"CommentAction","name":"Comment","target":["https:\/\/blogdofarnesio.com.br\/?p=177673#respond"]}]},{"@type":"WebPage","@id":"https:\/\/blogdofarnesio.com.br\/?p=177673","url":"https:\/\/blogdofarnesio.com.br\/?p=177673","name":"ATEN\u00c7\u00c3O COMPOSITORES E INTERPRETES, CONFIRAM A RELA\u00c7\u00c3O DAS 24 M\u00daSICAS CLASSIFICADAS PARA AS ELIMINAT\u00d3RIAS DO FESTIVAL ED\u00c9SIO SANTOS - Blog do Farn\u00e9sio","isPartOf":{"@id":"https:\/\/blogdofarnesio.com.br\/#website"},"primaryImageOfPage":{"@id":"https:\/\/blogdofarnesio.com.br\/?p=177673#primaryimage"},"image":{"@id":"https:\/\/blogdofarnesio.com.br\/?p=177673#primaryimage"},"thumbnailUrl":"https:\/\/blogdofarnesio.com.br\/wp-content\/uploads\/2017\/09\/blogqspfestivalEd\u00e9sio-Santos.jpg","datePublished":"2017-09-28T20:04:53+00:00","dateModified":"2017-09-28T20:07:33+00:00","breadcrumb":{"@id":"https:\/\/blogdofarnesio.com.br\/?p=177673#breadcrumb"},"inLanguage":"pt-BR","potentialAction":[{"@type":"ReadAction","target":["https:\/\/blogdofarnesio.com.br\/?p=177673"]}]},{"@type":"ImageObject","inLanguage":"pt-BR","@id":"https:\/\/blogdofarnesio.com.br\/?p=177673#primaryimage","url":"https:\/\/blogdofarnesio.com.br\/wp-content\/uploads\/2017\/09\/blogqspfestivalEd\u00e9sio-Santos.jpg","contentUrl":"https:\/\/blogdofarnesio.com.br\/wp-content\/uploads\/2017\/09\/blogqspfestivalEd\u00e9sio-Santos.jpg","width":480,"height":480},{"@type":"BreadcrumbList","@id":"https:\/\/blogdofarnesio.com.br\/?p=177673#breadcrumb","itemListElement":[{"@type":"ListItem","position":1,"name":"In\u00edcio","item":"https:\/\/blogdofarnesio.com.br\/"},{"@type":"ListItem","position":2,"name":"ATEN\u00c7\u00c3O COMPOSITORES E INTERPRETES, CONFIRAM A RELA\u00c7\u00c3O DAS 24 M\u00daSICAS CLASSIFICADAS PARA AS ELIMINAT\u00d3RIAS DO FESTIVAL ED\u00c9SIO SANTOS"}]},{"@type":"WebSite","@id":"https:\/\/blogdofarnesio.com.br\/#website","url":"https:\/\/blogdofarnesio.com.br\/","name":"Blog do Farn\u00e9sio","description":"Quer Saber Pol\u00edtica?","publisher":{"@id":"https:\/\/blogdofarnesio.com.br\/#organization"},"potentialAction":[{"@type":"SearchAction","target":{"@type":"EntryPoint","urlTemplate":"https:\/\/blogdofarnesio.com.br\/?s={search_term_string}"},"query-input":{"@type":"PropertyValueSpecification","valueRequired":true,"valueName":"search_term_string"}}],"inLanguage":"pt-BR"},{"@type":"Organization","@id":"https:\/\/blogdofarnesio.com.br\/#organization","name":"Blog do Farn\u00e9sio","url":"https:\/\/blogdofarnesio.com.br\/","logo":{"@type":"ImageObject","inLanguage":"pt-BR","@id":"https:\/\/blogdofarnesio.com.br\/#\/schema\/logo\/image\/","url":"https:\/\/blogdofarnesio.com.br\/wp-content\/uploads\/2026\/03\/cropped-logo_new-1.png","contentUrl":"https:\/\/blogdofarnesio.com.br\/wp-content\/uploads\/2026\/03\/cropped-logo_new-1.png","width":881,"height":685,"caption":"Blog do Farn\u00e9sio"},"image":{"@id":"https:\/\/blogdofarnesio.com.br\/#\/schema\/logo\/image\/"},"sameAs":["https:\/\/www.facebook.com\/BlogQuerSaberPolitica\/"]},{"@type":"Person","@id":"https:\/\/blogdofarnesio.com.br\/#\/schema\/person\/301c4acf522bccbfdb45af95b5b906a1","name":"Farn\u00e9sio","image":{"@type":"ImageObject","inLanguage":"pt-BR","@id":"https:\/\/secure.gravatar.com\/avatar\/df0c9a14567c056f8ad6876ba5bbd1e3e2c48023eb6807342fc4663adf549f38?s=96&d=mm&r=g","url":"https:\/\/secure.gravatar.com\/avatar\/df0c9a14567c056f8ad6876ba5bbd1e3e2c48023eb6807342fc4663adf549f38?s=96&d=mm&r=g","contentUrl":"https:\/\/secure.gravatar.com\/avatar\/df0c9a14567c056f8ad6876ba5bbd1e3e2c48023eb6807342fc4663adf549f38?s=96&d=mm&r=g","caption":"Farn\u00e9sio"},"sameAs":["https:\/\/quersaberpolitica.com.br"],"url":"https:\/\/blogdofarnesio.com.br\/?author=1"}]}},"_links":{"self":[{"href":"https:\/\/blogdofarnesio.com.br\/index.php?rest_route=\/wp\/v2\/posts\/177673","targetHints":{"allow":["GET"]}}],"collection":[{"href":"https:\/\/blogdofarnesio.com.br\/index.php?rest_route=\/wp\/v2\/posts"}],"about":[{"href":"https:\/\/blogdofarnesio.com.br\/index.php?rest_route=\/wp\/v2\/types\/post"}],"author":[{"embeddable":true,"href":"https:\/\/blogdofarnesio.com.br\/index.php?rest_route=\/wp\/v2\/users\/1"}],"replies":[{"embeddable":true,"href":"https:\/\/blogdofarnesio.com.br\/index.php?rest_route=%2Fwp%2Fv2%2Fcomments&post=177673"}],"version-history":[{"count":0,"href":"https:\/\/blogdofarnesio.com.br\/index.php?rest_route=\/wp\/v2\/posts\/177673\/revisions"}],"wp:featuredmedia":[{"embeddable":true,"href":"https:\/\/blogdofarnesio.com.br\/index.php?rest_route=\/wp\/v2\/media\/177674"}],"wp:attachment":[{"href":"https:\/\/blogdofarnesio.com.br\/index.php?rest_route=%2Fwp%2Fv2%2Fmedia&parent=177673"}],"wp:term":[{"taxonomy":"category","embeddable":true,"href":"https:\/\/blogdofarnesio.com.br\/index.php?rest_route=%2Fwp%2Fv2%2Fcategories&post=177673"},{"taxonomy":"post_tag","embeddable":true,"href":"https:\/\/blogdofarnesio.com.br\/index.php?rest_route=%2Fwp%2Fv2%2Ftags&post=177673"}],"curies":[{"name":"wp","href":"https:\/\/api.w.org\/{rel}","templated":true}]}}