{"id":177646,"date":"2017-09-28T16:40:03","date_gmt":"2017-09-28T19:40:03","guid":{"rendered":"http:\/\/quersaberpolitica.com.br\/2016\/?p=177646"},"modified":"2017-09-28T11:42:42","modified_gmt":"2017-09-28T14:42:42","slug":"indicadores-de-qualidade-da-educacao-de-petrolina-sao-apresentados-em-reuniao-com-gestores","status":"publish","type":"post","link":"https:\/\/blogdofarnesio.com.br\/?p=177646","title":{"rendered":"INDICADORES DE QUALIDADE DA EDUCA\u00c7\u00c3O DE PETROLINA S\u00c3O APRESENTADOS EM REUNI\u00c3O COM GESTORES"},"content":{"rendered":"<p style=\"text-align: justify;\">A Secretaria Municipal de Educa\u00e7\u00e3o de Petrolina (Seduc) desenvolve, atualmente, um trabalho de an\u00e1lise constante do n\u00edvel de aprendizagem dos estudantes da Rede para verificar as pr\u00e1ticas de gest\u00e3o e demais a\u00e7\u00f5es conduzidas em torno dos processos de ensino aprendizagem.\u00a0\u00a0 Os resultados deste primeiro momento foram apresentados em encontro com gestores das unidades escolares nesta quarta \u2013 feira (27), no audit\u00f3rio da Uninassau.<\/p>\n<p style=\"text-align: justify;\">De acordo com Cristiano Borges, diretor de avalia\u00e7\u00e3o de aprendizagem e dados estat\u00edsticos, o objetivo dessa an\u00e1lise \u00e9 possibilitar interven\u00e7\u00f5es que visem \u00e0 melhoria dos resultados de desempenho das escolas.\u00a0<em>\u201cDe posse dos dados podemos cumprir a miss\u00e3o da Seduc que \u00e9 a de garantir o direito \u00e0 educa\u00e7\u00e3o de qualidade, com foco na aprendizagem em rede, promovendo equidade social, com foco na sua vis\u00e3o de tornar Petrolina refer\u00eancia nacional em Educa\u00e7\u00e3o municipal p\u00fablica\u201d<\/em>, comentou.<\/p>\n<p style=\"text-align: justify;\">Para atingir os objetivos, foram determinados indicadores de qualidade, que s\u00e3o aspectos pontuais e fundamentais a serem analisados no sentido de atribuir valor estat\u00edstico \u00e0 qualidade do ensino ofertado.\u00a0<em>\u201cEles s\u00e3o \u00fateis principalmente para o monitoramento dos dados, contribuindo para a cria\u00e7\u00e3o de pol\u00edticas p\u00fablicas voltadas para a melhoria da qualidade da educa\u00e7\u00e3o e dos servi\u00e7os oferecidos \u00e0 sociedade pela escola\u201d<\/em>, explicou Cristiano.<\/p>\n<p style=\"text-align: justify;\">No encontro, foi entregue aos gestores uma planilha de acompanhamento de dados que \u00e9 um instrumento de coleta de informa\u00e7\u00f5es que serve para monitorar o alcance das metas estabelecidas.\u00a0<em>\u201cA partir desses mecanismos de monitoramento dos indicadores de qualidade, \u00e9 poss\u00edvel a Seduc e Unidades Escolares, tra\u00e7arem um diagn\u00f3stico que fornece subs\u00eddios para tomada de decis\u00f5es destinadas a melhoria de sistema de ensino de nosso munic\u00edpio e consequentemente, melhoria da aprendizagem dos alunos\u201d,<\/em>\u00a0frisa Ma\u00e9ve Melo, secret\u00e1ria de Educa\u00e7\u00e3o do Munic\u00edpio.<\/p>\n<p style=\"text-align: justify;\">Presente na reuni\u00e3o, que fez parte da agenda de comemora\u00e7\u00e3o do anivers\u00e1rio de 122 anos de Petrolina, o prefeito Miguel Coelho assegurou a continuidade dos investimentos na melhoria da educa\u00e7\u00e3o p\u00fablica.\u00a0<em>&#8220;O monitoramento das atividades \u00e9 essencial para sabermos onde precisamos melhorar e reconhecer quem j\u00e1 tem obtido resultados importantes para servirem como exemplo. Vamos aprimorar esses procedimentos e ampliar as a\u00e7\u00f5es para a melhoria da qualidade de ensino em nossa rede. \u00c9 um compromisso meu e de toda a Secretaria de Educa\u00e7\u00e3o avan\u00e7ar em todos os indicadores no ensino p\u00fablico&#8221;,\u00a0<\/em>garantiu Miguel.<\/p>\n<p style=\"text-align: justify;\">Welington J\u00fanior<\/p>\n","protected":false},"excerpt":{"rendered":"<p>A Secretaria Municipal de Educa\u00e7\u00e3o de Petrolina (Seduc) desenvolve, atualmente, um trabalho de an\u00e1lise constante do n\u00edvel de aprendizagem dos estudantes da Rede para verificar as pr\u00e1ticas de gest\u00e3o e demais a\u00e7\u00f5es conduzidas em torno dos processos de ensino aprendizagem.\u00a0\u00a0 Os resultados deste primeiro momento foram apresentados em encontro com gestores das unidades escolares nesta quarta \u2013 feira (27), no audit\u00f3rio da Uninassau. De acordo com Cristiano Borges, diretor de avalia\u00e7\u00e3o de aprendizagem e dados estat\u00edsticos, o objetivo dessa an\u00e1lise \u00e9 possibilitar interven\u00e7\u00f5es que visem \u00e0 melhoria dos resultados de desempenho das escolas.\u00a0\u201cDe posse dos dados podemos cumprir a miss\u00e3o da Seduc que \u00e9 a de garantir o direito \u00e0 educa\u00e7\u00e3o de qualidade, com foco na aprendizagem em rede, promovendo&hellip; <\/p>\n","protected":false},"author":1,"featured_media":177647,"comment_status":"open","ping_status":"open","sticky":false,"template":"","format":"standard","meta":{"_acf_changed":false,"footnotes":""},"categories":[1],"tags":[],"class_list":["post-177646","post","type-post","status-publish","format-standard","has-post-thumbnail","hentry","category-politica"],"acf":[],"yoast_head":"<!-- This site is optimized with the Yoast SEO plugin v27.4 - https:\/\/yoast.com\/product\/yoast-seo-wordpress\/ -->\n<title>INDICADORES DE QUALIDADE DA EDUCA\u00c7\u00c3O DE PETROLINA S\u00c3O APRESENTADOS EM REUNI\u00c3O COM GESTORES - Blog do Farn\u00e9sio<\/title>\n<meta name=\"robots\" content=\"index, follow, max-snippet:-1, max-image-preview:large, max-video-preview:-1\" \/>\n<link rel=\"canonical\" href=\"https:\/\/blogdofarnesio.com.br\/?p=177646\" \/>\n<meta property=\"og:locale\" content=\"pt_BR\" \/>\n<meta property=\"og:type\" content=\"article\" \/>\n<meta property=\"og:title\" content=\"INDICADORES DE QUALIDADE DA EDUCA\u00c7\u00c3O DE PETROLINA S\u00c3O APRESENTADOS EM REUNI\u00c3O COM GESTORES - Blog do Farn\u00e9sio\" \/>\n<meta property=\"og:description\" content=\"A Secretaria Municipal de Educa\u00e7\u00e3o de Petrolina (Seduc) desenvolve, atualmente, um trabalho de an\u00e1lise constante do n\u00edvel de aprendizagem dos estudantes da Rede para verificar as pr\u00e1ticas de gest\u00e3o e demais a\u00e7\u00f5es conduzidas em torno dos processos de ensino aprendizagem.\u00a0\u00a0 Os resultados deste primeiro momento foram apresentados em encontro com gestores das unidades escolares nesta quarta \u2013 feira (27), no audit\u00f3rio da Uninassau. De acordo com Cristiano Borges, diretor de avalia\u00e7\u00e3o de aprendizagem e dados estat\u00edsticos, o objetivo dessa an\u00e1lise \u00e9 possibilitar interven\u00e7\u00f5es que visem \u00e0 melhoria dos resultados de desempenho das escolas.\u00a0\u201cDe posse dos dados podemos cumprir a miss\u00e3o da Seduc que \u00e9 a de garantir o direito \u00e0 educa\u00e7\u00e3o de qualidade, com foco na aprendizagem em rede, promovendo&hellip;\" \/>\n<meta property=\"og:url\" content=\"https:\/\/blogdofarnesio.com.br\/?p=177646\" \/>\n<meta property=\"og:site_name\" content=\"Blog do Farn\u00e9sio\" \/>\n<meta property=\"article:publisher\" content=\"https:\/\/www.facebook.com\/BlogQuerSaberPolitica\/\" \/>\n<meta property=\"article:published_time\" content=\"2017-09-28T19:40:03+00:00\" \/>\n<meta property=\"og:image\" content=\"https:\/\/blogdofarnesio.com.br\/wp-content\/uploads\/2017\/09\/blogqsp-reuni\u00e3o-indices-1.jpg\" \/>\n\t<meta property=\"og:image:width\" content=\"640\" \/>\n\t<meta property=\"og:image:height\" content=\"427\" \/>\n\t<meta property=\"og:image:type\" content=\"image\/jpeg\" \/>\n<meta name=\"author\" content=\"Farn\u00e9sio\" \/>\n<meta name=\"twitter:card\" content=\"summary_large_image\" \/>\n<meta name=\"twitter:label1\" content=\"Escrito por\" \/>\n\t<meta name=\"twitter:data1\" content=\"Farn\u00e9sio\" \/>\n\t<meta name=\"twitter:label2\" content=\"Est. tempo de leitura\" \/>\n\t<meta name=\"twitter:data2\" content=\"2 minutos\" \/>\n<script type=\"application\/ld+json\" class=\"yoast-schema-graph\">{\"@context\":\"https:\\\/\\\/schema.org\",\"@graph\":[{\"@type\":\"Article\",\"@id\":\"https:\\\/\\\/blogdofarnesio.com.br\\\/?p=177646#article\",\"isPartOf\":{\"@id\":\"https:\\\/\\\/blogdofarnesio.com.br\\\/?p=177646\"},\"author\":{\"name\":\"Farn\u00e9sio\",\"@id\":\"https:\\\/\\\/blogdofarnesio.com.br\\\/#\\\/schema\\\/person\\\/301c4acf522bccbfdb45af95b5b906a1\"},\"headline\":\"INDICADORES DE QUALIDADE DA EDUCA\u00c7\u00c3O DE PETROLINA S\u00c3O APRESENTADOS EM REUNI\u00c3O COM GESTORES\",\"datePublished\":\"2017-09-28T19:40:03+00:00\",\"mainEntityOfPage\":{\"@id\":\"https:\\\/\\\/blogdofarnesio.com.br\\\/?p=177646\"},\"wordCount\":426,\"commentCount\":0,\"publisher\":{\"@id\":\"https:\\\/\\\/blogdofarnesio.com.br\\\/#organization\"},\"image\":{\"@id\":\"https:\\\/\\\/blogdofarnesio.com.br\\\/?p=177646#primaryimage\"},\"thumbnailUrl\":\"https:\\\/\\\/blogdofarnesio.com.br\\\/wp-content\\\/uploads\\\/2017\\\/09\\\/blogqsp-reuni\u00e3o-indices-1.jpg\",\"articleSection\":[\"Pol\u00edtica\"],\"inLanguage\":\"pt-BR\",\"potentialAction\":[{\"@type\":\"CommentAction\",\"name\":\"Comment\",\"target\":[\"https:\\\/\\\/blogdofarnesio.com.br\\\/?p=177646#respond\"]}]},{\"@type\":\"WebPage\",\"@id\":\"https:\\\/\\\/blogdofarnesio.com.br\\\/?p=177646\",\"url\":\"https:\\\/\\\/blogdofarnesio.com.br\\\/?p=177646\",\"name\":\"INDICADORES DE QUALIDADE DA EDUCA\u00c7\u00c3O DE PETROLINA S\u00c3O APRESENTADOS EM REUNI\u00c3O COM GESTORES - Blog do Farn\u00e9sio\",\"isPartOf\":{\"@id\":\"https:\\\/\\\/blogdofarnesio.com.br\\\/#website\"},\"primaryImageOfPage\":{\"@id\":\"https:\\\/\\\/blogdofarnesio.com.br\\\/?p=177646#primaryimage\"},\"image\":{\"@id\":\"https:\\\/\\\/blogdofarnesio.com.br\\\/?p=177646#primaryimage\"},\"thumbnailUrl\":\"https:\\\/\\\/blogdofarnesio.com.br\\\/wp-content\\\/uploads\\\/2017\\\/09\\\/blogqsp-reuni\u00e3o-indices-1.jpg\",\"datePublished\":\"2017-09-28T19:40:03+00:00\",\"breadcrumb\":{\"@id\":\"https:\\\/\\\/blogdofarnesio.com.br\\\/?p=177646#breadcrumb\"},\"inLanguage\":\"pt-BR\",\"potentialAction\":[{\"@type\":\"ReadAction\",\"target\":[\"https:\\\/\\\/blogdofarnesio.com.br\\\/?p=177646\"]}]},{\"@type\":\"ImageObject\",\"inLanguage\":\"pt-BR\",\"@id\":\"https:\\\/\\\/blogdofarnesio.com.br\\\/?p=177646#primaryimage\",\"url\":\"https:\\\/\\\/blogdofarnesio.com.br\\\/wp-content\\\/uploads\\\/2017\\\/09\\\/blogqsp-reuni\u00e3o-indices-1.jpg\",\"contentUrl\":\"https:\\\/\\\/blogdofarnesio.com.br\\\/wp-content\\\/uploads\\\/2017\\\/09\\\/blogqsp-reuni\u00e3o-indices-1.jpg\",\"width\":640,\"height\":427},{\"@type\":\"BreadcrumbList\",\"@id\":\"https:\\\/\\\/blogdofarnesio.com.br\\\/?p=177646#breadcrumb\",\"itemListElement\":[{\"@type\":\"ListItem\",\"position\":1,\"name\":\"In\u00edcio\",\"item\":\"https:\\\/\\\/blogdofarnesio.com.br\\\/\"},{\"@type\":\"ListItem\",\"position\":2,\"name\":\"INDICADORES DE QUALIDADE DA EDUCA\u00c7\u00c3O DE PETROLINA S\u00c3O APRESENTADOS EM REUNI\u00c3O COM GESTORES\"}]},{\"@type\":\"WebSite\",\"@id\":\"https:\\\/\\\/blogdofarnesio.com.br\\\/#website\",\"url\":\"https:\\\/\\\/blogdofarnesio.com.br\\\/\",\"name\":\"Blog do Farn\u00e9sio\",\"description\":\"Quer Saber Pol\u00edtica?\",\"publisher\":{\"@id\":\"https:\\\/\\\/blogdofarnesio.com.br\\\/#organization\"},\"potentialAction\":[{\"@type\":\"SearchAction\",\"target\":{\"@type\":\"EntryPoint\",\"urlTemplate\":\"https:\\\/\\\/blogdofarnesio.com.br\\\/?s={search_term_string}\"},\"query-input\":{\"@type\":\"PropertyValueSpecification\",\"valueRequired\":true,\"valueName\":\"search_term_string\"}}],\"inLanguage\":\"pt-BR\"},{\"@type\":\"Organization\",\"@id\":\"https:\\\/\\\/blogdofarnesio.com.br\\\/#organization\",\"name\":\"Blog do Farn\u00e9sio\",\"url\":\"https:\\\/\\\/blogdofarnesio.com.br\\\/\",\"logo\":{\"@type\":\"ImageObject\",\"inLanguage\":\"pt-BR\",\"@id\":\"https:\\\/\\\/blogdofarnesio.com.br\\\/#\\\/schema\\\/logo\\\/image\\\/\",\"url\":\"https:\\\/\\\/blogdofarnesio.com.br\\\/wp-content\\\/uploads\\\/2026\\\/03\\\/cropped-logo_new-1.png\",\"contentUrl\":\"https:\\\/\\\/blogdofarnesio.com.br\\\/wp-content\\\/uploads\\\/2026\\\/03\\\/cropped-logo_new-1.png\",\"width\":881,\"height\":685,\"caption\":\"Blog do Farn\u00e9sio\"},\"image\":{\"@id\":\"https:\\\/\\\/blogdofarnesio.com.br\\\/#\\\/schema\\\/logo\\\/image\\\/\"},\"sameAs\":[\"https:\\\/\\\/www.facebook.com\\\/BlogQuerSaberPolitica\\\/\"]},{\"@type\":\"Person\",\"@id\":\"https:\\\/\\\/blogdofarnesio.com.br\\\/#\\\/schema\\\/person\\\/301c4acf522bccbfdb45af95b5b906a1\",\"name\":\"Farn\u00e9sio\",\"image\":{\"@type\":\"ImageObject\",\"inLanguage\":\"pt-BR\",\"@id\":\"https:\\\/\\\/secure.gravatar.com\\\/avatar\\\/df0c9a14567c056f8ad6876ba5bbd1e3e2c48023eb6807342fc4663adf549f38?s=96&d=mm&r=g\",\"url\":\"https:\\\/\\\/secure.gravatar.com\\\/avatar\\\/df0c9a14567c056f8ad6876ba5bbd1e3e2c48023eb6807342fc4663adf549f38?s=96&d=mm&r=g\",\"contentUrl\":\"https:\\\/\\\/secure.gravatar.com\\\/avatar\\\/df0c9a14567c056f8ad6876ba5bbd1e3e2c48023eb6807342fc4663adf549f38?s=96&d=mm&r=g\",\"caption\":\"Farn\u00e9sio\"},\"sameAs\":[\"https:\\\/\\\/quersaberpolitica.com.br\"],\"url\":\"https:\\\/\\\/blogdofarnesio.com.br\\\/?author=1\"}]}<\/script>\n<!-- \/ Yoast SEO plugin. -->","yoast_head_json":{"title":"INDICADORES DE QUALIDADE DA EDUCA\u00c7\u00c3O DE PETROLINA S\u00c3O APRESENTADOS EM REUNI\u00c3O COM GESTORES - Blog do Farn\u00e9sio","robots":{"index":"index","follow":"follow","max-snippet":"max-snippet:-1","max-image-preview":"max-image-preview:large","max-video-preview":"max-video-preview:-1"},"canonical":"https:\/\/blogdofarnesio.com.br\/?p=177646","og_locale":"pt_BR","og_type":"article","og_title":"INDICADORES DE QUALIDADE DA EDUCA\u00c7\u00c3O DE PETROLINA S\u00c3O APRESENTADOS EM REUNI\u00c3O COM GESTORES - Blog do Farn\u00e9sio","og_description":"A Secretaria Municipal de Educa\u00e7\u00e3o de Petrolina (Seduc) desenvolve, atualmente, um trabalho de an\u00e1lise constante do n\u00edvel de aprendizagem dos estudantes da Rede para verificar as pr\u00e1ticas de gest\u00e3o e demais a\u00e7\u00f5es conduzidas em torno dos processos de ensino aprendizagem.\u00a0\u00a0 Os resultados deste primeiro momento foram apresentados em encontro com gestores das unidades escolares nesta quarta \u2013 feira (27), no audit\u00f3rio da Uninassau. De acordo com Cristiano Borges, diretor de avalia\u00e7\u00e3o de aprendizagem e dados estat\u00edsticos, o objetivo dessa an\u00e1lise \u00e9 possibilitar interven\u00e7\u00f5es que visem \u00e0 melhoria dos resultados de desempenho das escolas.\u00a0\u201cDe posse dos dados podemos cumprir a miss\u00e3o da Seduc que \u00e9 a de garantir o direito \u00e0 educa\u00e7\u00e3o de qualidade, com foco na aprendizagem em rede, promovendo&hellip;","og_url":"https:\/\/blogdofarnesio.com.br\/?p=177646","og_site_name":"Blog do Farn\u00e9sio","article_publisher":"https:\/\/www.facebook.com\/BlogQuerSaberPolitica\/","article_published_time":"2017-09-28T19:40:03+00:00","og_image":[{"width":640,"height":427,"url":"https:\/\/blogdofarnesio.com.br\/wp-content\/uploads\/2017\/09\/blogqsp-reuni\u00e3o-indices-1.jpg","type":"image\/jpeg"}],"author":"Farn\u00e9sio","twitter_card":"summary_large_image","twitter_misc":{"Escrito por":"Farn\u00e9sio","Est. tempo de leitura":"2 minutos"},"schema":{"@context":"https:\/\/schema.org","@graph":[{"@type":"Article","@id":"https:\/\/blogdofarnesio.com.br\/?p=177646#article","isPartOf":{"@id":"https:\/\/blogdofarnesio.com.br\/?p=177646"},"author":{"name":"Farn\u00e9sio","@id":"https:\/\/blogdofarnesio.com.br\/#\/schema\/person\/301c4acf522bccbfdb45af95b5b906a1"},"headline":"INDICADORES DE QUALIDADE DA EDUCA\u00c7\u00c3O DE PETROLINA S\u00c3O APRESENTADOS EM REUNI\u00c3O COM GESTORES","datePublished":"2017-09-28T19:40:03+00:00","mainEntityOfPage":{"@id":"https:\/\/blogdofarnesio.com.br\/?p=177646"},"wordCount":426,"commentCount":0,"publisher":{"@id":"https:\/\/blogdofarnesio.com.br\/#organization"},"image":{"@id":"https:\/\/blogdofarnesio.com.br\/?p=177646#primaryimage"},"thumbnailUrl":"https:\/\/blogdofarnesio.com.br\/wp-content\/uploads\/2017\/09\/blogqsp-reuni\u00e3o-indices-1.jpg","articleSection":["Pol\u00edtica"],"inLanguage":"pt-BR","potentialAction":[{"@type":"CommentAction","name":"Comment","target":["https:\/\/blogdofarnesio.com.br\/?p=177646#respond"]}]},{"@type":"WebPage","@id":"https:\/\/blogdofarnesio.com.br\/?p=177646","url":"https:\/\/blogdofarnesio.com.br\/?p=177646","name":"INDICADORES DE QUALIDADE DA EDUCA\u00c7\u00c3O DE PETROLINA S\u00c3O APRESENTADOS EM REUNI\u00c3O COM GESTORES - Blog do Farn\u00e9sio","isPartOf":{"@id":"https:\/\/blogdofarnesio.com.br\/#website"},"primaryImageOfPage":{"@id":"https:\/\/blogdofarnesio.com.br\/?p=177646#primaryimage"},"image":{"@id":"https:\/\/blogdofarnesio.com.br\/?p=177646#primaryimage"},"thumbnailUrl":"https:\/\/blogdofarnesio.com.br\/wp-content\/uploads\/2017\/09\/blogqsp-reuni\u00e3o-indices-1.jpg","datePublished":"2017-09-28T19:40:03+00:00","breadcrumb":{"@id":"https:\/\/blogdofarnesio.com.br\/?p=177646#breadcrumb"},"inLanguage":"pt-BR","potentialAction":[{"@type":"ReadAction","target":["https:\/\/blogdofarnesio.com.br\/?p=177646"]}]},{"@type":"ImageObject","inLanguage":"pt-BR","@id":"https:\/\/blogdofarnesio.com.br\/?p=177646#primaryimage","url":"https:\/\/blogdofarnesio.com.br\/wp-content\/uploads\/2017\/09\/blogqsp-reuni\u00e3o-indices-1.jpg","contentUrl":"https:\/\/blogdofarnesio.com.br\/wp-content\/uploads\/2017\/09\/blogqsp-reuni\u00e3o-indices-1.jpg","width":640,"height":427},{"@type":"BreadcrumbList","@id":"https:\/\/blogdofarnesio.com.br\/?p=177646#breadcrumb","itemListElement":[{"@type":"ListItem","position":1,"name":"In\u00edcio","item":"https:\/\/blogdofarnesio.com.br\/"},{"@type":"ListItem","position":2,"name":"INDICADORES DE QUALIDADE DA EDUCA\u00c7\u00c3O DE PETROLINA S\u00c3O APRESENTADOS EM REUNI\u00c3O COM GESTORES"}]},{"@type":"WebSite","@id":"https:\/\/blogdofarnesio.com.br\/#website","url":"https:\/\/blogdofarnesio.com.br\/","name":"Blog do Farn\u00e9sio","description":"Quer Saber Pol\u00edtica?","publisher":{"@id":"https:\/\/blogdofarnesio.com.br\/#organization"},"potentialAction":[{"@type":"SearchAction","target":{"@type":"EntryPoint","urlTemplate":"https:\/\/blogdofarnesio.com.br\/?s={search_term_string}"},"query-input":{"@type":"PropertyValueSpecification","valueRequired":true,"valueName":"search_term_string"}}],"inLanguage":"pt-BR"},{"@type":"Organization","@id":"https:\/\/blogdofarnesio.com.br\/#organization","name":"Blog do Farn\u00e9sio","url":"https:\/\/blogdofarnesio.com.br\/","logo":{"@type":"ImageObject","inLanguage":"pt-BR","@id":"https:\/\/blogdofarnesio.com.br\/#\/schema\/logo\/image\/","url":"https:\/\/blogdofarnesio.com.br\/wp-content\/uploads\/2026\/03\/cropped-logo_new-1.png","contentUrl":"https:\/\/blogdofarnesio.com.br\/wp-content\/uploads\/2026\/03\/cropped-logo_new-1.png","width":881,"height":685,"caption":"Blog do Farn\u00e9sio"},"image":{"@id":"https:\/\/blogdofarnesio.com.br\/#\/schema\/logo\/image\/"},"sameAs":["https:\/\/www.facebook.com\/BlogQuerSaberPolitica\/"]},{"@type":"Person","@id":"https:\/\/blogdofarnesio.com.br\/#\/schema\/person\/301c4acf522bccbfdb45af95b5b906a1","name":"Farn\u00e9sio","image":{"@type":"ImageObject","inLanguage":"pt-BR","@id":"https:\/\/secure.gravatar.com\/avatar\/df0c9a14567c056f8ad6876ba5bbd1e3e2c48023eb6807342fc4663adf549f38?s=96&d=mm&r=g","url":"https:\/\/secure.gravatar.com\/avatar\/df0c9a14567c056f8ad6876ba5bbd1e3e2c48023eb6807342fc4663adf549f38?s=96&d=mm&r=g","contentUrl":"https:\/\/secure.gravatar.com\/avatar\/df0c9a14567c056f8ad6876ba5bbd1e3e2c48023eb6807342fc4663adf549f38?s=96&d=mm&r=g","caption":"Farn\u00e9sio"},"sameAs":["https:\/\/quersaberpolitica.com.br"],"url":"https:\/\/blogdofarnesio.com.br\/?author=1"}]}},"_links":{"self":[{"href":"https:\/\/blogdofarnesio.com.br\/index.php?rest_route=\/wp\/v2\/posts\/177646","targetHints":{"allow":["GET"]}}],"collection":[{"href":"https:\/\/blogdofarnesio.com.br\/index.php?rest_route=\/wp\/v2\/posts"}],"about":[{"href":"https:\/\/blogdofarnesio.com.br\/index.php?rest_route=\/wp\/v2\/types\/post"}],"author":[{"embeddable":true,"href":"https:\/\/blogdofarnesio.com.br\/index.php?rest_route=\/wp\/v2\/users\/1"}],"replies":[{"embeddable":true,"href":"https:\/\/blogdofarnesio.com.br\/index.php?rest_route=%2Fwp%2Fv2%2Fcomments&post=177646"}],"version-history":[{"count":0,"href":"https:\/\/blogdofarnesio.com.br\/index.php?rest_route=\/wp\/v2\/posts\/177646\/revisions"}],"wp:featuredmedia":[{"embeddable":true,"href":"https:\/\/blogdofarnesio.com.br\/index.php?rest_route=\/wp\/v2\/media\/177647"}],"wp:attachment":[{"href":"https:\/\/blogdofarnesio.com.br\/index.php?rest_route=%2Fwp%2Fv2%2Fmedia&parent=177646"}],"wp:term":[{"taxonomy":"category","embeddable":true,"href":"https:\/\/blogdofarnesio.com.br\/index.php?rest_route=%2Fwp%2Fv2%2Fcategories&post=177646"},{"taxonomy":"post_tag","embeddable":true,"href":"https:\/\/blogdofarnesio.com.br\/index.php?rest_route=%2Fwp%2Fv2%2Ftags&post=177646"}],"curies":[{"name":"wp","href":"https:\/\/api.w.org\/{rel}","templated":true}]}}