{"id":177508,"date":"2017-09-27T13:00:02","date_gmt":"2017-09-27T16:00:02","guid":{"rendered":"http:\/\/quersaberpolitica.com.br\/2016\/?p=177508"},"modified":"2017-09-27T11:32:54","modified_gmt":"2017-09-27T14:32:54","slug":"fernando-filho-ignora-criticas-do-psb-e-defende-desestatizacao-da-eletrobras-em-comissao-do-senado-e-camara","status":"publish","type":"post","link":"https:\/\/blogdofarnesio.com.br\/?p=177508","title":{"rendered":"FERNANDO FILHO IGNORA CRITICAS DO PSB E DEFENDE DESESTATIZA\u00c7\u00c3O DA ELETROBRAS EM COMISS\u00c3O DO SENADO E C\u00c2MARA"},"content":{"rendered":"<h1 class=\"titulo-noticia titulo-noticia-interna\"><\/h1>\n<div id=\"texto-noticia\">\n<p style=\"text-align: justify;\">O ministro de Minas e Energia, Fernando Coelho Filho, esteve no Congresso Nacional, nesta ter\u00e7a-feira (26\/09), para debater com parlamentares a proposta de desestatiza\u00e7\u00e3o da Eletrobr\u00e1s.<\/p>\n<p style=\"text-align: justify;\">Na parte da manh\u00e3, em audi\u00eancia conjunta das comiss\u00f5es de Assuntos Econ\u00f4micos (CAE) e de Servi\u00e7os de Infraestrutura (CI) do Senado, o ministro Fernando Coelho Filho defendeu os termos da proposta em desenvolvimento no Governo que prev\u00ea a manuten\u00e7\u00e3o pela Uni\u00e3o de uma \u201cgolden share\u201d, com poder de veto em decis\u00f5es estrat\u00e9gicas da companhia.<\/p>\n<p style=\"text-align: justify;\">Fernando Coelho Filho disse que desestatiza\u00e7\u00e3o da Eletrobr\u00e1s pode ocorrer por um aumento de capital \u2013 com emiss\u00e3o de novas a\u00e7\u00f5es por parte da empresa \u2013 para dilui\u00e7\u00e3o da participa\u00e7\u00e3o da Uni\u00e3o ou pela oferta de a\u00e7\u00f5es de participa\u00e7\u00e3o do capital da Uni\u00e3o para agentes privados.<\/p>\n<p style=\"text-align: justify;\">Hoje a Uni\u00e3o tem mais de 51% das a\u00e7\u00f5es ordin\u00e1rias (com direito a voto), o que garante o controle sobre a gest\u00e3o da empresa.<\/p>\n<p style=\"text-align: justify;\">Segundo o ministro, al\u00e9m da golden share, tamb\u00e9m \u201cseria garantido aos servidores da Eletrobras o acesso preferencial a a\u00e7\u00f5es como acontece em outras companhias como a Ambev, onde os funcion\u00e1rios participam do lucro e do crescimento da empresa\u201d.<\/p>\n<p style=\"text-align: justify;\">Nos \u00faltimos seis anos, o patrim\u00f4nio l\u00edquido da Eletrobras caiu 43% \u2013 de R$ 77,2 bilh\u00f5es para R$ 44 bilh\u00f5es, segundo o ministro.<\/p>\n<p style=\"text-align: justify;\">\u201cMesmo investindo R$ 36 bilh\u00f5es entre 2011 e 2016, a empresa n\u00e3o teve esse valor reconhecido no pre\u00e7o de suas a\u00e7\u00f5es\u201d, explicou.<\/p>\n<p style=\"text-align: justify;\">Um dos argumentos usados para defender a oportunidade de tratar da privatiza\u00e7\u00e3o da Eletrobr\u00e1s \u00e9 o fato de que \u201ca Eletrobras vem perdendo relev\u00e2ncia na seguran\u00e7a energ\u00e9tica do Pa\u00eds\u201d.<\/p>\n<p style=\"text-align: justify;\">\u201cO parque gerador de outros agentes j\u00e1 vem crescendo mais do que o parque da Eletrobras, tanto que 85% da expans\u00e3o da oferta de energia nos \u00faltimos 5 anos veio do setor privado\u201d, detalhou.<\/p>\n<p style=\"text-align: justify;\">Na parte da tarde, o ministro compareceu a mais uma rodada de debates sobre a privatiza\u00e7\u00e3o da Eletrobr\u00e1s na C\u00e2mara dos Deputados.<\/p>\n<p style=\"text-align: justify;\">Atendendo a convite feito por seis comiss\u00f5es da Casa, Fernando Coelho Filho voltou a apresentar os dados levantados sobre a situa\u00e7\u00e3o da holding estatal do setor el\u00e9trico.<\/p>\n<p style=\"text-align: justify;\">O ministro disse que as usinas operadas por empresas privadas n\u00e3o representam qualquer amea\u00e7a \u00e0 soberania ou aos interesses nacionais.<\/p>\n<p style=\"text-align: justify;\">Defendeu que o processo de desestatiza\u00e7\u00e3o n\u00e3o significa a privatiza\u00e7\u00e3o do Rio e que, na realidade, o processo deve e pode gerar recursos para revitaliza\u00e7\u00e3o do S\u00e3o Francisco.<\/p>\n<p style=\"text-align: justify;\">Na \u00e1rea de minera\u00e7\u00e3o, esclareceu que extin\u00e7\u00e3o da Reserva Nacional do Cobre e Associados (Renca) foi assunto p\u00fablico em v\u00e1rios eventos, inclusive no Canad\u00e1, onde participou do Prospectors &amp; Developers Association of Canada (PDAC 2017), a maior do mundo do segmento e que conta com a presen\u00e7a de autoridades e investidores de 125 pa\u00edses.<\/p>\n<p style=\"text-align: justify;\">\u201cEm nenhum momento empresas estrangeiras foram beneficiadas com a informa\u00e7\u00e3o pr\u00e9vias\u201d, afirmou.<\/p>\n<p style=\"text-align: justify;\">No Senado e na C\u00e2mara dos Deputados, os debates duraram aproximadamente cinco horas e contaram com a presen\u00e7a do presidente da Eletrobras, Wilson Ferreira J\u00fanior; do diretor-presidente da Companhia Hidro El\u00e9trica do S\u00e3o Francisco (Chesf), Sinval Gama; e dirigentes do MME, entre eles, o secret\u00e1rio-executivo, Paulo Pedrosa; o secret\u00e1rio de Energia El\u00e9trica, F\u00e1bio Alves; e o secret\u00e1rio de Planejamento e Desenvolvimento Energ\u00e9tico, Eduardo Rodrigues.<\/p>\n<\/div>\n","protected":false},"excerpt":{"rendered":"<p>O ministro de Minas e Energia, Fernando Coelho Filho, esteve no Congresso Nacional, nesta ter\u00e7a-feira (26\/09), para debater com parlamentares a proposta de desestatiza\u00e7\u00e3o da Eletrobr\u00e1s. Na parte da manh\u00e3, em audi\u00eancia conjunta das comiss\u00f5es de Assuntos Econ\u00f4micos (CAE) e de Servi\u00e7os de Infraestrutura (CI) do Senado, o ministro Fernando Coelho Filho defendeu os termos da proposta em desenvolvimento no Governo que prev\u00ea a manuten\u00e7\u00e3o pela Uni\u00e3o de uma \u201cgolden share\u201d, com poder de veto em decis\u00f5es estrat\u00e9gicas da companhia. Fernando Coelho Filho disse que desestatiza\u00e7\u00e3o da Eletrobr\u00e1s pode ocorrer por um aumento de capital \u2013 com emiss\u00e3o de novas a\u00e7\u00f5es por parte da empresa \u2013 para dilui\u00e7\u00e3o da participa\u00e7\u00e3o da Uni\u00e3o ou pela oferta de a\u00e7\u00f5es de participa\u00e7\u00e3o do&hellip; <\/p>\n","protected":false},"author":1,"featured_media":126162,"comment_status":"open","ping_status":"open","sticky":false,"template":"","format":"standard","meta":{"_acf_changed":false,"footnotes":""},"categories":[1],"tags":[],"class_list":["post-177508","post","type-post","status-publish","format-standard","has-post-thumbnail","hentry","category-politica"],"acf":[],"yoast_head":"<!-- This site is optimized with the Yoast SEO plugin v27.4 - https:\/\/yoast.com\/product\/yoast-seo-wordpress\/ -->\n<title>FERNANDO FILHO IGNORA CRITICAS DO PSB E DEFENDE DESESTATIZA\u00c7\u00c3O DA ELETROBRAS EM COMISS\u00c3O DO SENADO E C\u00c2MARA - Blog do Farn\u00e9sio<\/title>\n<meta name=\"robots\" content=\"index, follow, max-snippet:-1, max-image-preview:large, max-video-preview:-1\" \/>\n<link rel=\"canonical\" href=\"https:\/\/blogdofarnesio.com.br\/?p=177508\" \/>\n<meta property=\"og:locale\" content=\"pt_BR\" \/>\n<meta property=\"og:type\" content=\"article\" \/>\n<meta property=\"og:title\" content=\"FERNANDO FILHO IGNORA CRITICAS DO PSB E DEFENDE DESESTATIZA\u00c7\u00c3O DA ELETROBRAS EM COMISS\u00c3O DO SENADO E C\u00c2MARA - Blog do Farn\u00e9sio\" \/>\n<meta property=\"og:description\" content=\"O ministro de Minas e Energia, Fernando Coelho Filho, esteve no Congresso Nacional, nesta ter\u00e7a-feira (26\/09), para debater com parlamentares a proposta de desestatiza\u00e7\u00e3o da Eletrobr\u00e1s. Na parte da manh\u00e3, em audi\u00eancia conjunta das comiss\u00f5es de Assuntos Econ\u00f4micos (CAE) e de Servi\u00e7os de Infraestrutura (CI) do Senado, o ministro Fernando Coelho Filho defendeu os termos da proposta em desenvolvimento no Governo que prev\u00ea a manuten\u00e7\u00e3o pela Uni\u00e3o de uma \u201cgolden share\u201d, com poder de veto em decis\u00f5es estrat\u00e9gicas da companhia. Fernando Coelho Filho disse que desestatiza\u00e7\u00e3o da Eletrobr\u00e1s pode ocorrer por um aumento de capital \u2013 com emiss\u00e3o de novas a\u00e7\u00f5es por parte da empresa \u2013 para dilui\u00e7\u00e3o da participa\u00e7\u00e3o da Uni\u00e3o ou pela oferta de a\u00e7\u00f5es de participa\u00e7\u00e3o do&hellip;\" \/>\n<meta property=\"og:url\" content=\"https:\/\/blogdofarnesio.com.br\/?p=177508\" \/>\n<meta property=\"og:site_name\" content=\"Blog do Farn\u00e9sio\" \/>\n<meta property=\"article:publisher\" content=\"https:\/\/www.facebook.com\/BlogQuerSaberPolitica\/\" \/>\n<meta property=\"article:published_time\" content=\"2017-09-27T16:00:02+00:00\" \/>\n<meta property=\"og:image\" content=\"https:\/\/blogdofarnesio.com.br\/wp-content\/uploads\/2015\/07\/blogqsp-fernandofilho.jpg\" \/>\n\t<meta property=\"og:image:width\" content=\"448\" \/>\n\t<meta property=\"og:image:height\" content=\"298\" \/>\n\t<meta property=\"og:image:type\" content=\"image\/jpeg\" \/>\n<meta name=\"author\" content=\"Farn\u00e9sio\" \/>\n<meta name=\"twitter:card\" content=\"summary_large_image\" \/>\n<meta name=\"twitter:label1\" content=\"Escrito por\" \/>\n\t<meta name=\"twitter:data1\" content=\"Farn\u00e9sio\" \/>\n\t<meta name=\"twitter:label2\" content=\"Est. tempo de leitura\" \/>\n\t<meta name=\"twitter:data2\" content=\"3 minutos\" \/>\n<script type=\"application\/ld+json\" class=\"yoast-schema-graph\">{\"@context\":\"https:\\\/\\\/schema.org\",\"@graph\":[{\"@type\":\"Article\",\"@id\":\"https:\\\/\\\/blogdofarnesio.com.br\\\/?p=177508#article\",\"isPartOf\":{\"@id\":\"https:\\\/\\\/blogdofarnesio.com.br\\\/?p=177508\"},\"author\":{\"name\":\"Farn\u00e9sio\",\"@id\":\"https:\\\/\\\/blogdofarnesio.com.br\\\/#\\\/schema\\\/person\\\/301c4acf522bccbfdb45af95b5b906a1\"},\"headline\":\"FERNANDO FILHO IGNORA CRITICAS DO PSB E DEFENDE DESESTATIZA\u00c7\u00c3O DA ELETROBRAS EM COMISS\u00c3O DO SENADO E C\u00c2MARA\",\"datePublished\":\"2017-09-27T16:00:02+00:00\",\"mainEntityOfPage\":{\"@id\":\"https:\\\/\\\/blogdofarnesio.com.br\\\/?p=177508\"},\"wordCount\":602,\"commentCount\":0,\"publisher\":{\"@id\":\"https:\\\/\\\/blogdofarnesio.com.br\\\/#organization\"},\"image\":{\"@id\":\"https:\\\/\\\/blogdofarnesio.com.br\\\/?p=177508#primaryimage\"},\"thumbnailUrl\":\"https:\\\/\\\/blogdofarnesio.com.br\\\/wp-content\\\/uploads\\\/2015\\\/07\\\/blogqsp-fernandofilho.jpg\",\"articleSection\":[\"Pol\u00edtica\"],\"inLanguage\":\"pt-BR\",\"potentialAction\":[{\"@type\":\"CommentAction\",\"name\":\"Comment\",\"target\":[\"https:\\\/\\\/blogdofarnesio.com.br\\\/?p=177508#respond\"]}]},{\"@type\":\"WebPage\",\"@id\":\"https:\\\/\\\/blogdofarnesio.com.br\\\/?p=177508\",\"url\":\"https:\\\/\\\/blogdofarnesio.com.br\\\/?p=177508\",\"name\":\"FERNANDO FILHO IGNORA CRITICAS DO PSB E DEFENDE DESESTATIZA\u00c7\u00c3O DA ELETROBRAS EM COMISS\u00c3O DO SENADO E C\u00c2MARA - Blog do Farn\u00e9sio\",\"isPartOf\":{\"@id\":\"https:\\\/\\\/blogdofarnesio.com.br\\\/#website\"},\"primaryImageOfPage\":{\"@id\":\"https:\\\/\\\/blogdofarnesio.com.br\\\/?p=177508#primaryimage\"},\"image\":{\"@id\":\"https:\\\/\\\/blogdofarnesio.com.br\\\/?p=177508#primaryimage\"},\"thumbnailUrl\":\"https:\\\/\\\/blogdofarnesio.com.br\\\/wp-content\\\/uploads\\\/2015\\\/07\\\/blogqsp-fernandofilho.jpg\",\"datePublished\":\"2017-09-27T16:00:02+00:00\",\"breadcrumb\":{\"@id\":\"https:\\\/\\\/blogdofarnesio.com.br\\\/?p=177508#breadcrumb\"},\"inLanguage\":\"pt-BR\",\"potentialAction\":[{\"@type\":\"ReadAction\",\"target\":[\"https:\\\/\\\/blogdofarnesio.com.br\\\/?p=177508\"]}]},{\"@type\":\"ImageObject\",\"inLanguage\":\"pt-BR\",\"@id\":\"https:\\\/\\\/blogdofarnesio.com.br\\\/?p=177508#primaryimage\",\"url\":\"https:\\\/\\\/blogdofarnesio.com.br\\\/wp-content\\\/uploads\\\/2015\\\/07\\\/blogqsp-fernandofilho.jpg\",\"contentUrl\":\"https:\\\/\\\/blogdofarnesio.com.br\\\/wp-content\\\/uploads\\\/2015\\\/07\\\/blogqsp-fernandofilho.jpg\",\"width\":448,\"height\":298},{\"@type\":\"BreadcrumbList\",\"@id\":\"https:\\\/\\\/blogdofarnesio.com.br\\\/?p=177508#breadcrumb\",\"itemListElement\":[{\"@type\":\"ListItem\",\"position\":1,\"name\":\"In\u00edcio\",\"item\":\"https:\\\/\\\/blogdofarnesio.com.br\\\/\"},{\"@type\":\"ListItem\",\"position\":2,\"name\":\"FERNANDO FILHO IGNORA CRITICAS DO PSB E DEFENDE DESESTATIZA\u00c7\u00c3O DA ELETROBRAS EM COMISS\u00c3O DO SENADO E C\u00c2MARA\"}]},{\"@type\":\"WebSite\",\"@id\":\"https:\\\/\\\/blogdofarnesio.com.br\\\/#website\",\"url\":\"https:\\\/\\\/blogdofarnesio.com.br\\\/\",\"name\":\"Blog do Farn\u00e9sio\",\"description\":\"Quer Saber Pol\u00edtica?\",\"publisher\":{\"@id\":\"https:\\\/\\\/blogdofarnesio.com.br\\\/#organization\"},\"potentialAction\":[{\"@type\":\"SearchAction\",\"target\":{\"@type\":\"EntryPoint\",\"urlTemplate\":\"https:\\\/\\\/blogdofarnesio.com.br\\\/?s={search_term_string}\"},\"query-input\":{\"@type\":\"PropertyValueSpecification\",\"valueRequired\":true,\"valueName\":\"search_term_string\"}}],\"inLanguage\":\"pt-BR\"},{\"@type\":\"Organization\",\"@id\":\"https:\\\/\\\/blogdofarnesio.com.br\\\/#organization\",\"name\":\"Blog do Farn\u00e9sio\",\"url\":\"https:\\\/\\\/blogdofarnesio.com.br\\\/\",\"logo\":{\"@type\":\"ImageObject\",\"inLanguage\":\"pt-BR\",\"@id\":\"https:\\\/\\\/blogdofarnesio.com.br\\\/#\\\/schema\\\/logo\\\/image\\\/\",\"url\":\"https:\\\/\\\/blogdofarnesio.com.br\\\/wp-content\\\/uploads\\\/2026\\\/03\\\/cropped-logo_new-1.png\",\"contentUrl\":\"https:\\\/\\\/blogdofarnesio.com.br\\\/wp-content\\\/uploads\\\/2026\\\/03\\\/cropped-logo_new-1.png\",\"width\":881,\"height\":685,\"caption\":\"Blog do Farn\u00e9sio\"},\"image\":{\"@id\":\"https:\\\/\\\/blogdofarnesio.com.br\\\/#\\\/schema\\\/logo\\\/image\\\/\"},\"sameAs\":[\"https:\\\/\\\/www.facebook.com\\\/BlogQuerSaberPolitica\\\/\"]},{\"@type\":\"Person\",\"@id\":\"https:\\\/\\\/blogdofarnesio.com.br\\\/#\\\/schema\\\/person\\\/301c4acf522bccbfdb45af95b5b906a1\",\"name\":\"Farn\u00e9sio\",\"image\":{\"@type\":\"ImageObject\",\"inLanguage\":\"pt-BR\",\"@id\":\"https:\\\/\\\/secure.gravatar.com\\\/avatar\\\/df0c9a14567c056f8ad6876ba5bbd1e3e2c48023eb6807342fc4663adf549f38?s=96&d=mm&r=g\",\"url\":\"https:\\\/\\\/secure.gravatar.com\\\/avatar\\\/df0c9a14567c056f8ad6876ba5bbd1e3e2c48023eb6807342fc4663adf549f38?s=96&d=mm&r=g\",\"contentUrl\":\"https:\\\/\\\/secure.gravatar.com\\\/avatar\\\/df0c9a14567c056f8ad6876ba5bbd1e3e2c48023eb6807342fc4663adf549f38?s=96&d=mm&r=g\",\"caption\":\"Farn\u00e9sio\"},\"sameAs\":[\"https:\\\/\\\/quersaberpolitica.com.br\"],\"url\":\"https:\\\/\\\/blogdofarnesio.com.br\\\/?author=1\"}]}<\/script>\n<!-- \/ Yoast SEO plugin. -->","yoast_head_json":{"title":"FERNANDO FILHO IGNORA CRITICAS DO PSB E DEFENDE DESESTATIZA\u00c7\u00c3O DA ELETROBRAS EM COMISS\u00c3O DO SENADO E C\u00c2MARA - Blog do Farn\u00e9sio","robots":{"index":"index","follow":"follow","max-snippet":"max-snippet:-1","max-image-preview":"max-image-preview:large","max-video-preview":"max-video-preview:-1"},"canonical":"https:\/\/blogdofarnesio.com.br\/?p=177508","og_locale":"pt_BR","og_type":"article","og_title":"FERNANDO FILHO IGNORA CRITICAS DO PSB E DEFENDE DESESTATIZA\u00c7\u00c3O DA ELETROBRAS EM COMISS\u00c3O DO SENADO E C\u00c2MARA - Blog do Farn\u00e9sio","og_description":"O ministro de Minas e Energia, Fernando Coelho Filho, esteve no Congresso Nacional, nesta ter\u00e7a-feira (26\/09), para debater com parlamentares a proposta de desestatiza\u00e7\u00e3o da Eletrobr\u00e1s. Na parte da manh\u00e3, em audi\u00eancia conjunta das comiss\u00f5es de Assuntos Econ\u00f4micos (CAE) e de Servi\u00e7os de Infraestrutura (CI) do Senado, o ministro Fernando Coelho Filho defendeu os termos da proposta em desenvolvimento no Governo que prev\u00ea a manuten\u00e7\u00e3o pela Uni\u00e3o de uma \u201cgolden share\u201d, com poder de veto em decis\u00f5es estrat\u00e9gicas da companhia. Fernando Coelho Filho disse que desestatiza\u00e7\u00e3o da Eletrobr\u00e1s pode ocorrer por um aumento de capital \u2013 com emiss\u00e3o de novas a\u00e7\u00f5es por parte da empresa \u2013 para dilui\u00e7\u00e3o da participa\u00e7\u00e3o da Uni\u00e3o ou pela oferta de a\u00e7\u00f5es de participa\u00e7\u00e3o do&hellip;","og_url":"https:\/\/blogdofarnesio.com.br\/?p=177508","og_site_name":"Blog do Farn\u00e9sio","article_publisher":"https:\/\/www.facebook.com\/BlogQuerSaberPolitica\/","article_published_time":"2017-09-27T16:00:02+00:00","og_image":[{"width":448,"height":298,"url":"https:\/\/blogdofarnesio.com.br\/wp-content\/uploads\/2015\/07\/blogqsp-fernandofilho.jpg","type":"image\/jpeg"}],"author":"Farn\u00e9sio","twitter_card":"summary_large_image","twitter_misc":{"Escrito por":"Farn\u00e9sio","Est. tempo de leitura":"3 minutos"},"schema":{"@context":"https:\/\/schema.org","@graph":[{"@type":"Article","@id":"https:\/\/blogdofarnesio.com.br\/?p=177508#article","isPartOf":{"@id":"https:\/\/blogdofarnesio.com.br\/?p=177508"},"author":{"name":"Farn\u00e9sio","@id":"https:\/\/blogdofarnesio.com.br\/#\/schema\/person\/301c4acf522bccbfdb45af95b5b906a1"},"headline":"FERNANDO FILHO IGNORA CRITICAS DO PSB E DEFENDE DESESTATIZA\u00c7\u00c3O DA ELETROBRAS EM COMISS\u00c3O DO SENADO E C\u00c2MARA","datePublished":"2017-09-27T16:00:02+00:00","mainEntityOfPage":{"@id":"https:\/\/blogdofarnesio.com.br\/?p=177508"},"wordCount":602,"commentCount":0,"publisher":{"@id":"https:\/\/blogdofarnesio.com.br\/#organization"},"image":{"@id":"https:\/\/blogdofarnesio.com.br\/?p=177508#primaryimage"},"thumbnailUrl":"https:\/\/blogdofarnesio.com.br\/wp-content\/uploads\/2015\/07\/blogqsp-fernandofilho.jpg","articleSection":["Pol\u00edtica"],"inLanguage":"pt-BR","potentialAction":[{"@type":"CommentAction","name":"Comment","target":["https:\/\/blogdofarnesio.com.br\/?p=177508#respond"]}]},{"@type":"WebPage","@id":"https:\/\/blogdofarnesio.com.br\/?p=177508","url":"https:\/\/blogdofarnesio.com.br\/?p=177508","name":"FERNANDO FILHO IGNORA CRITICAS DO PSB E DEFENDE DESESTATIZA\u00c7\u00c3O DA ELETROBRAS EM COMISS\u00c3O DO SENADO E C\u00c2MARA - Blog do Farn\u00e9sio","isPartOf":{"@id":"https:\/\/blogdofarnesio.com.br\/#website"},"primaryImageOfPage":{"@id":"https:\/\/blogdofarnesio.com.br\/?p=177508#primaryimage"},"image":{"@id":"https:\/\/blogdofarnesio.com.br\/?p=177508#primaryimage"},"thumbnailUrl":"https:\/\/blogdofarnesio.com.br\/wp-content\/uploads\/2015\/07\/blogqsp-fernandofilho.jpg","datePublished":"2017-09-27T16:00:02+00:00","breadcrumb":{"@id":"https:\/\/blogdofarnesio.com.br\/?p=177508#breadcrumb"},"inLanguage":"pt-BR","potentialAction":[{"@type":"ReadAction","target":["https:\/\/blogdofarnesio.com.br\/?p=177508"]}]},{"@type":"ImageObject","inLanguage":"pt-BR","@id":"https:\/\/blogdofarnesio.com.br\/?p=177508#primaryimage","url":"https:\/\/blogdofarnesio.com.br\/wp-content\/uploads\/2015\/07\/blogqsp-fernandofilho.jpg","contentUrl":"https:\/\/blogdofarnesio.com.br\/wp-content\/uploads\/2015\/07\/blogqsp-fernandofilho.jpg","width":448,"height":298},{"@type":"BreadcrumbList","@id":"https:\/\/blogdofarnesio.com.br\/?p=177508#breadcrumb","itemListElement":[{"@type":"ListItem","position":1,"name":"In\u00edcio","item":"https:\/\/blogdofarnesio.com.br\/"},{"@type":"ListItem","position":2,"name":"FERNANDO FILHO IGNORA CRITICAS DO PSB E DEFENDE DESESTATIZA\u00c7\u00c3O DA ELETROBRAS EM COMISS\u00c3O DO SENADO E C\u00c2MARA"}]},{"@type":"WebSite","@id":"https:\/\/blogdofarnesio.com.br\/#website","url":"https:\/\/blogdofarnesio.com.br\/","name":"Blog do Farn\u00e9sio","description":"Quer Saber Pol\u00edtica?","publisher":{"@id":"https:\/\/blogdofarnesio.com.br\/#organization"},"potentialAction":[{"@type":"SearchAction","target":{"@type":"EntryPoint","urlTemplate":"https:\/\/blogdofarnesio.com.br\/?s={search_term_string}"},"query-input":{"@type":"PropertyValueSpecification","valueRequired":true,"valueName":"search_term_string"}}],"inLanguage":"pt-BR"},{"@type":"Organization","@id":"https:\/\/blogdofarnesio.com.br\/#organization","name":"Blog do Farn\u00e9sio","url":"https:\/\/blogdofarnesio.com.br\/","logo":{"@type":"ImageObject","inLanguage":"pt-BR","@id":"https:\/\/blogdofarnesio.com.br\/#\/schema\/logo\/image\/","url":"https:\/\/blogdofarnesio.com.br\/wp-content\/uploads\/2026\/03\/cropped-logo_new-1.png","contentUrl":"https:\/\/blogdofarnesio.com.br\/wp-content\/uploads\/2026\/03\/cropped-logo_new-1.png","width":881,"height":685,"caption":"Blog do Farn\u00e9sio"},"image":{"@id":"https:\/\/blogdofarnesio.com.br\/#\/schema\/logo\/image\/"},"sameAs":["https:\/\/www.facebook.com\/BlogQuerSaberPolitica\/"]},{"@type":"Person","@id":"https:\/\/blogdofarnesio.com.br\/#\/schema\/person\/301c4acf522bccbfdb45af95b5b906a1","name":"Farn\u00e9sio","image":{"@type":"ImageObject","inLanguage":"pt-BR","@id":"https:\/\/secure.gravatar.com\/avatar\/df0c9a14567c056f8ad6876ba5bbd1e3e2c48023eb6807342fc4663adf549f38?s=96&d=mm&r=g","url":"https:\/\/secure.gravatar.com\/avatar\/df0c9a14567c056f8ad6876ba5bbd1e3e2c48023eb6807342fc4663adf549f38?s=96&d=mm&r=g","contentUrl":"https:\/\/secure.gravatar.com\/avatar\/df0c9a14567c056f8ad6876ba5bbd1e3e2c48023eb6807342fc4663adf549f38?s=96&d=mm&r=g","caption":"Farn\u00e9sio"},"sameAs":["https:\/\/quersaberpolitica.com.br"],"url":"https:\/\/blogdofarnesio.com.br\/?author=1"}]}},"_links":{"self":[{"href":"https:\/\/blogdofarnesio.com.br\/index.php?rest_route=\/wp\/v2\/posts\/177508","targetHints":{"allow":["GET"]}}],"collection":[{"href":"https:\/\/blogdofarnesio.com.br\/index.php?rest_route=\/wp\/v2\/posts"}],"about":[{"href":"https:\/\/blogdofarnesio.com.br\/index.php?rest_route=\/wp\/v2\/types\/post"}],"author":[{"embeddable":true,"href":"https:\/\/blogdofarnesio.com.br\/index.php?rest_route=\/wp\/v2\/users\/1"}],"replies":[{"embeddable":true,"href":"https:\/\/blogdofarnesio.com.br\/index.php?rest_route=%2Fwp%2Fv2%2Fcomments&post=177508"}],"version-history":[{"count":0,"href":"https:\/\/blogdofarnesio.com.br\/index.php?rest_route=\/wp\/v2\/posts\/177508\/revisions"}],"wp:featuredmedia":[{"embeddable":true,"href":"https:\/\/blogdofarnesio.com.br\/index.php?rest_route=\/wp\/v2\/media\/126162"}],"wp:attachment":[{"href":"https:\/\/blogdofarnesio.com.br\/index.php?rest_route=%2Fwp%2Fv2%2Fmedia&parent=177508"}],"wp:term":[{"taxonomy":"category","embeddable":true,"href":"https:\/\/blogdofarnesio.com.br\/index.php?rest_route=%2Fwp%2Fv2%2Fcategories&post=177508"},{"taxonomy":"post_tag","embeddable":true,"href":"https:\/\/blogdofarnesio.com.br\/index.php?rest_route=%2Fwp%2Fv2%2Ftags&post=177508"}],"curies":[{"name":"wp","href":"https:\/\/api.w.org\/{rel}","templated":true}]}}