{"id":177505,"date":"2017-09-27T12:30:14","date_gmt":"2017-09-27T15:30:14","guid":{"rendered":"http:\/\/quersaberpolitica.com.br\/2016\/?p=177505"},"modified":"2017-09-27T11:29:22","modified_gmt":"2017-09-27T14:29:22","slug":"veja-como-devem-votar-os-pernambucanos-na-2a-denuncia-contra-temer","status":"publish","type":"post","link":"https:\/\/blogdofarnesio.com.br\/2017\/09\/veja-como-devem-votar-os-pernambucanos-na-2a-denuncia-contra-temer\/","title":{"rendered":"VEJA COMO DEVEM VOTAR OS PERNAMBUCANOS NA 2\u00aa DEN\u00daNCIA CONTRA TEMER"},"content":{"rendered":"<h1 class=\"titulo-noticia titulo-noticia-interna\"><\/h1>\n<div id=\"texto-noticia\">\n<p>&nbsp;<\/p>\n<p style=\"text-align: justify;\">Ap\u00f3s duas tentativas para iniciar o processo da segunda den\u00fancia contra o presidente Michel Temer (PMDB), o\u00a0documento foi lido nesta segunda-feira (26), abrindo a tramita\u00e7\u00e3o. O peemedebista e outros caciques do seu partido, incluindo os ministros\u00a0Eliseu Padilha (Casa Civil) e Moreira Franco (Secretaria-Geral), foram\u00a0acusados pelo ex-procurador-geral da Rep\u00fablica Rodrigo Janot de\u00a0organiza\u00e7\u00e3o criminosa e obstru\u00e7\u00e3o de Justi\u00e7a.<\/p>\n<p style=\"text-align: justify;\">A den\u00fancia aponta que o suposto esquema gerou pelo menos R$ 587 milh\u00f5es de propina por a\u00e7\u00f5es il\u00edcitas atrav\u00e9s de \u00f3rg\u00e3os como Petrobras, Furnas, Caixa Econ\u00f4mica Federal, Minist\u00e9rio da Integra\u00e7\u00e3o Nacional e C\u00e2mara dos Deputados. Temer \u00e9 apontado como l\u00edder desde maio de 2016, quando assumiu a presid\u00eancia com a\u00a0sa\u00edda de Dilma Rousseff (PT). O\u00a0Pal\u00e1cio do Planalto recha\u00e7ou as acusa\u00e7\u00f5es.<\/p>\n<figure id=\"attachment_186721\" class=\"wp-caption alignnone\" style=\"text-align: justify;\"><img loading=\"lazy\" decoding=\"async\" class=\"size-full wp-image-186721 img-responsive \" src=\"http:\/\/imagens2.ne10.uol.com.br\/blogsne10\/jamildo\/uploads\/\/2017\/09\/leitura-denuncia-temer.jpg\" sizes=\"auto, (max-width: 750px) 100vw, 750px\" srcset=\"http:\/\/imagens1.ne10.uol.com.br\/blogsne10\/jamildo\/uploads\/2017\/09\/leitura-denuncia-temer.jpg 750w, http:\/\/imagens1.ne10.uol.com.br\/blogsne10\/jamildo\/uploads\/2017\/09\/leitura-denuncia-temer-300x164.jpg 300w, http:\/\/imagens1.ne10.uol.com.br\/blogsne10\/jamildo\/uploads\/2017\/09\/leitura-denuncia-temer-748x410.jpg 748w, http:\/\/imagens1.ne10.uol.com.br\/blogsne10\/jamildo\/uploads\/2017\/09\/leitura-denuncia-temer-219x120.jpg 219w, http:\/\/imagens1.ne10.uol.com.br\/blogsne10\/jamildo\/uploads\/2017\/09\/leitura-denuncia-temer-152x82.jpg 152w\" alt=\"\" width=\"750\" height=\"410\" \/><figcaption>Leitura foi feita pela segunda secret\u00e1ria da C\u00e2mara, M\u00f4nica Carvalho (Foto: Gilmar Felix\/C\u00e2mara dos Deputados)<\/figcaption><\/figure>\n<p style=\"text-align: justify;\">\u00c9 a C\u00e2mara que decide se o Supremo Tribunal Federal (STF) poder\u00e1 ou n\u00e3o prosseguir com as investiga\u00e7\u00f5es, com votos de dois ter\u00e7os dos deputados, o que equivale a 342. A\u00a0primeira den\u00fancia, por corrup\u00e7\u00e3o passiva ap\u00f3s a dela\u00e7\u00e3o do empres\u00e1rio Joesley Batista, da JBS, foi arquivada\u00a0at\u00e9 o t\u00e9rmino do mandato dele, em 2018, em vota\u00e7\u00e3o no dia 2 de agosto.<\/p>\n<p style=\"text-align: justify;\">As novas acusa\u00e7\u00f5es tamb\u00e9m t\u00eam como base a dela\u00e7\u00e3o da empresa, mas tem ainda como elementos\u00a0depoimentos de L\u00facio Funaro, apontado como operador do PMDB, e elementos colhidos pela Pol\u00edcia Federal em investiga\u00e7\u00e3o sobre o chamado \u201cquadrilh\u00e3o\u201d do partido.<\/p>\n<p style=\"text-align: justify;\">O caso come\u00e7a a tramitar pela\u00a0Constitui\u00e7\u00e3o e Justi\u00e7a e de Cidadania (CCJ), que dever\u00e1 escolher o relator a partir desta quarta-feira (27). Na\u00a0primeira den\u00fancia, S\u00e9rgio Zveiter (RJ), ent\u00e3o no PMDB, votou pela investiga\u00e7\u00e3o de Temer, mas foi derrotado e\u00a0Paulo Abi-Ackel (PSDB-MG), contrariando a bancada tucana, apresentou parecer contra a apura\u00e7\u00e3o do caso.<\/p>\n<p style=\"text-align: justify;\">Depois, \u00e9 concedido um prazo de\u00a0dez sess\u00f5es do plen\u00e1rio para a defesa. Uma das d\u00favidas desta vez \u00e9 como ser\u00e1 esse processo. Isso porque desta vez ser\u00e3o analisadas tamb\u00e9m as den\u00fancias contra os ministros Eliseu Padilha e Moreira Franco em conjunto com a contra Temer.<\/p>\n<p style=\"text-align: justify;\">Enquanto os detalhes sobre o rito da den\u00fancia n\u00e3o s\u00e3o definidos, veja a expectativa da bancada pernambucana no quadro. H\u00e1 dois deputados do Estado na CCJ: Tadeu Alencar (PSB) e Betinho Gomes (PSDB) e os ministros podem voltar a ser exonerados para voltar \u00e0 C\u00e2mara e votar a favor do presidente. Na\u00a0primeira den\u00fancia, foram liberados Bruno Ara\u00fajo (Cidades), Mendon\u00e7a Filho (Educa\u00e7\u00e3o) e Fernando Filho (Minas e Energia), mas Raul Jungmann (Defesa) tamb\u00e9m tem mandato.<\/p>\n<p style=\"text-align: justify;\">Adalberto Cavalcanti (PTB) e Eduardo da Fonte (PP) aguardam um posicionamento dos seus partidos para definir como ser\u00e1 o voto. Jarbas Vasconcelos, correligion\u00e1rio de Temer, afirmou que vai analisar\u00a0os argumentos da den\u00fancia e da defesa para poder decidir seu voto.\u00a0Na primeira den\u00fancia, ele votou pela investiga\u00e7\u00e3o\u00a0e foi\u00a0punido pela executiva nacional do partido. O presidente da legenda,\u00a0Romero Juc\u00e1 (RR), abriu processo para retirar o seu grupo do comando da sigla e entreg\u00e1-lo ao senador Fernando Bezerra Coelho, filiado recentemente.<\/p>\n<h2 style=\"text-align: justify;\">Saiba como os pernambucanos devem votar na den\u00fancia contra Temer<\/h2>\n<p><a href=\"http:\/\/quersaberpolitica.com.br\/2016\/wp-content\/uploads\/2017\/09\/blogqsp-2-DENUNCIA-CONTRA-TEMER.jpg\"><img loading=\"lazy\" decoding=\"async\" class=\"alignleft size-full wp-image-177506\" src=\"http:\/\/quersaberpolitica.com.br\/2016\/wp-content\/uploads\/2017\/09\/blogqsp-2-DENUNCIA-CONTRA-TEMER.jpg\" alt=\"\" width=\"750\" height=\"2240\" srcset=\"https:\/\/blogdofarnesio.com.br\/wp-content\/uploads\/2017\/09\/blogqsp-2-DENUNCIA-CONTRA-TEMER.jpg 643w, https:\/\/blogdofarnesio.com.br\/wp-content\/uploads\/2017\/09\/blogqsp-2-DENUNCIA-CONTRA-TEMER-100x300.jpg 100w, https:\/\/blogdofarnesio.com.br\/wp-content\/uploads\/2017\/09\/blogqsp-2-DENUNCIA-CONTRA-TEMER-343x1024.jpg 343w, https:\/\/blogdofarnesio.com.br\/wp-content\/uploads\/2017\/09\/blogqsp-2-DENUNCIA-CONTRA-TEMER-360x1075.jpg 360w, https:\/\/blogdofarnesio.com.br\/wp-content\/uploads\/2017\/09\/blogqsp-2-DENUNCIA-CONTRA-TEMER-750x2240.jpg 750w\" sizes=\"auto, (max-width: 750px) 100vw, 750px\" \/><\/a><\/p>\n<p>&nbsp;<\/p>\n<\/div>\n","protected":false},"excerpt":{"rendered":"<p>&nbsp; Ap\u00f3s duas tentativas para iniciar o processo da segunda den\u00fancia contra o presidente Michel Temer (PMDB), o\u00a0documento foi lido nesta segunda-feira (26), abrindo a tramita\u00e7\u00e3o. O peemedebista e outros caciques do seu partido, incluindo os ministros\u00a0Eliseu Padilha (Casa Civil) e Moreira Franco (Secretaria-Geral), foram\u00a0acusados pelo ex-procurador-geral da Rep\u00fablica Rodrigo Janot de\u00a0organiza\u00e7\u00e3o criminosa e obstru\u00e7\u00e3o de Justi\u00e7a. A den\u00fancia aponta que o suposto esquema gerou pelo menos R$ 587 milh\u00f5es de propina por a\u00e7\u00f5es il\u00edcitas atrav\u00e9s de \u00f3rg\u00e3os como Petrobras, Furnas, Caixa Econ\u00f4mica Federal, Minist\u00e9rio da Integra\u00e7\u00e3o Nacional e C\u00e2mara dos Deputados. Temer \u00e9 apontado como l\u00edder desde maio de 2016, quando assumiu a presid\u00eancia com a\u00a0sa\u00edda de Dilma Rousseff (PT). O\u00a0Pal\u00e1cio do Planalto recha\u00e7ou as acusa\u00e7\u00f5es. Leitura foi feita&hellip; <\/p>\n","protected":false},"author":1,"featured_media":166647,"comment_status":"open","ping_status":"open","sticky":false,"template":"","format":"standard","meta":{"_acf_changed":false,"footnotes":""},"categories":[1],"tags":[],"class_list":["post-177505","post","type-post","status-publish","format-standard","has-post-thumbnail","hentry","category-politica"],"acf":[],"yoast_head":"<!-- This site is optimized with the Yoast SEO plugin v27.5 - https:\/\/yoast.com\/product\/yoast-seo-wordpress\/ -->\n<title>VEJA COMO DEVEM VOTAR OS PERNAMBUCANOS NA 2\u00aa DEN\u00daNCIA CONTRA TEMER - Blog do Farn\u00e9sio<\/title>\n<meta name=\"robots\" content=\"index, follow, max-snippet:-1, max-image-preview:large, max-video-preview:-1\" \/>\n<link rel=\"canonical\" href=\"https:\/\/blogdofarnesio.com.br\/2017\/09\/veja-como-devem-votar-os-pernambucanos-na-2a-denuncia-contra-temer\/\" \/>\n<meta property=\"og:locale\" content=\"pt_BR\" \/>\n<meta property=\"og:type\" content=\"article\" \/>\n<meta property=\"og:title\" content=\"VEJA COMO DEVEM VOTAR OS PERNAMBUCANOS NA 2\u00aa DEN\u00daNCIA CONTRA TEMER - Blog do Farn\u00e9sio\" \/>\n<meta property=\"og:description\" content=\"&nbsp; Ap\u00f3s duas tentativas para iniciar o processo da segunda den\u00fancia contra o presidente Michel Temer (PMDB), o\u00a0documento foi lido nesta segunda-feira (26), abrindo a tramita\u00e7\u00e3o. O peemedebista e outros caciques do seu partido, incluindo os ministros\u00a0Eliseu Padilha (Casa Civil) e Moreira Franco (Secretaria-Geral), foram\u00a0acusados pelo ex-procurador-geral da Rep\u00fablica Rodrigo Janot de\u00a0organiza\u00e7\u00e3o criminosa e obstru\u00e7\u00e3o de Justi\u00e7a. A den\u00fancia aponta que o suposto esquema gerou pelo menos R$ 587 milh\u00f5es de propina por a\u00e7\u00f5es il\u00edcitas atrav\u00e9s de \u00f3rg\u00e3os como Petrobras, Furnas, Caixa Econ\u00f4mica Federal, Minist\u00e9rio da Integra\u00e7\u00e3o Nacional e C\u00e2mara dos Deputados. Temer \u00e9 apontado como l\u00edder desde maio de 2016, quando assumiu a presid\u00eancia com a\u00a0sa\u00edda de Dilma Rousseff (PT). O\u00a0Pal\u00e1cio do Planalto recha\u00e7ou as acusa\u00e7\u00f5es. Leitura foi feita&hellip;\" \/>\n<meta property=\"og:url\" content=\"https:\/\/blogdofarnesio.com.br\/2017\/09\/veja-como-devem-votar-os-pernambucanos-na-2a-denuncia-contra-temer\/\" \/>\n<meta property=\"og:site_name\" content=\"Blog do Farn\u00e9sio\" \/>\n<meta property=\"article:publisher\" content=\"https:\/\/www.facebook.com\/BlogQuerSaberPolitica\/\" \/>\n<meta property=\"article:published_time\" content=\"2017-09-27T15:30:14+00:00\" \/>\n<meta property=\"og:image\" content=\"https:\/\/blogdofarnesio.com.br\/wp-content\/uploads\/2017\/05\/Blogqsptemer-e1495066937657.jpg\" \/>\n\t<meta property=\"og:image:width\" content=\"668\" \/>\n\t<meta property=\"og:image:height\" content=\"496\" \/>\n\t<meta property=\"og:image:type\" content=\"image\/jpeg\" \/>\n<meta name=\"author\" content=\"Farn\u00e9sio\" \/>\n<meta name=\"twitter:card\" content=\"summary_large_image\" \/>\n<meta name=\"twitter:label1\" content=\"Escrito por\" \/>\n\t<meta name=\"twitter:data1\" content=\"Farn\u00e9sio\" \/>\n\t<meta name=\"twitter:label2\" content=\"Est. tempo de leitura\" \/>\n\t<meta name=\"twitter:data2\" content=\"3 minutos\" \/>\n<script type=\"application\/ld+json\" class=\"yoast-schema-graph\">{\"@context\":\"https:\\\/\\\/schema.org\",\"@graph\":[{\"@type\":\"Article\",\"@id\":\"https:\\\/\\\/blogdofarnesio.com.br\\\/2017\\\/09\\\/veja-como-devem-votar-os-pernambucanos-na-2a-denuncia-contra-temer\\\/#article\",\"isPartOf\":{\"@id\":\"https:\\\/\\\/blogdofarnesio.com.br\\\/2017\\\/09\\\/veja-como-devem-votar-os-pernambucanos-na-2a-denuncia-contra-temer\\\/\"},\"author\":{\"name\":\"Farn\u00e9sio\",\"@id\":\"https:\\\/\\\/blogdofarnesio.com.br\\\/#\\\/schema\\\/person\\\/301c4acf522bccbfdb45af95b5b906a1\"},\"headline\":\"VEJA COMO DEVEM VOTAR OS PERNAMBUCANOS NA 2\u00aa DEN\u00daNCIA CONTRA TEMER\",\"datePublished\":\"2017-09-27T15:30:14+00:00\",\"mainEntityOfPage\":{\"@id\":\"https:\\\/\\\/blogdofarnesio.com.br\\\/2017\\\/09\\\/veja-como-devem-votar-os-pernambucanos-na-2a-denuncia-contra-temer\\\/\"},\"wordCount\":584,\"commentCount\":0,\"publisher\":{\"@id\":\"https:\\\/\\\/blogdofarnesio.com.br\\\/#organization\"},\"image\":{\"@id\":\"https:\\\/\\\/blogdofarnesio.com.br\\\/2017\\\/09\\\/veja-como-devem-votar-os-pernambucanos-na-2a-denuncia-contra-temer\\\/#primaryimage\"},\"thumbnailUrl\":\"https:\\\/\\\/blogdofarnesio.com.br\\\/wp-content\\\/uploads\\\/2017\\\/05\\\/Blogqsptemer-e1495066937657.jpg\",\"articleSection\":[\"Pol\u00edtica\"],\"inLanguage\":\"pt-BR\",\"potentialAction\":[{\"@type\":\"CommentAction\",\"name\":\"Comment\",\"target\":[\"https:\\\/\\\/blogdofarnesio.com.br\\\/2017\\\/09\\\/veja-como-devem-votar-os-pernambucanos-na-2a-denuncia-contra-temer\\\/#respond\"]}]},{\"@type\":\"WebPage\",\"@id\":\"https:\\\/\\\/blogdofarnesio.com.br\\\/2017\\\/09\\\/veja-como-devem-votar-os-pernambucanos-na-2a-denuncia-contra-temer\\\/\",\"url\":\"https:\\\/\\\/blogdofarnesio.com.br\\\/2017\\\/09\\\/veja-como-devem-votar-os-pernambucanos-na-2a-denuncia-contra-temer\\\/\",\"name\":\"VEJA COMO DEVEM VOTAR OS PERNAMBUCANOS NA 2\u00aa DEN\u00daNCIA CONTRA TEMER - Blog do Farn\u00e9sio\",\"isPartOf\":{\"@id\":\"https:\\\/\\\/blogdofarnesio.com.br\\\/#website\"},\"primaryImageOfPage\":{\"@id\":\"https:\\\/\\\/blogdofarnesio.com.br\\\/2017\\\/09\\\/veja-como-devem-votar-os-pernambucanos-na-2a-denuncia-contra-temer\\\/#primaryimage\"},\"image\":{\"@id\":\"https:\\\/\\\/blogdofarnesio.com.br\\\/2017\\\/09\\\/veja-como-devem-votar-os-pernambucanos-na-2a-denuncia-contra-temer\\\/#primaryimage\"},\"thumbnailUrl\":\"https:\\\/\\\/blogdofarnesio.com.br\\\/wp-content\\\/uploads\\\/2017\\\/05\\\/Blogqsptemer-e1495066937657.jpg\",\"datePublished\":\"2017-09-27T15:30:14+00:00\",\"breadcrumb\":{\"@id\":\"https:\\\/\\\/blogdofarnesio.com.br\\\/2017\\\/09\\\/veja-como-devem-votar-os-pernambucanos-na-2a-denuncia-contra-temer\\\/#breadcrumb\"},\"inLanguage\":\"pt-BR\",\"potentialAction\":[{\"@type\":\"ReadAction\",\"target\":[\"https:\\\/\\\/blogdofarnesio.com.br\\\/2017\\\/09\\\/veja-como-devem-votar-os-pernambucanos-na-2a-denuncia-contra-temer\\\/\"]}]},{\"@type\":\"ImageObject\",\"inLanguage\":\"pt-BR\",\"@id\":\"https:\\\/\\\/blogdofarnesio.com.br\\\/2017\\\/09\\\/veja-como-devem-votar-os-pernambucanos-na-2a-denuncia-contra-temer\\\/#primaryimage\",\"url\":\"https:\\\/\\\/blogdofarnesio.com.br\\\/wp-content\\\/uploads\\\/2017\\\/05\\\/Blogqsptemer-e1495066937657.jpg\",\"contentUrl\":\"https:\\\/\\\/blogdofarnesio.com.br\\\/wp-content\\\/uploads\\\/2017\\\/05\\\/Blogqsptemer-e1495066937657.jpg\",\"width\":668,\"height\":496,\"caption\":\"Presidente Michel Temer (PMDB)S\u00e9rgio LimaPoder360\"},{\"@type\":\"BreadcrumbList\",\"@id\":\"https:\\\/\\\/blogdofarnesio.com.br\\\/2017\\\/09\\\/veja-como-devem-votar-os-pernambucanos-na-2a-denuncia-contra-temer\\\/#breadcrumb\",\"itemListElement\":[{\"@type\":\"ListItem\",\"position\":1,\"name\":\"In\u00edcio\",\"item\":\"https:\\\/\\\/blogdofarnesio.com.br\\\/\"},{\"@type\":\"ListItem\",\"position\":2,\"name\":\"VEJA COMO DEVEM VOTAR OS PERNAMBUCANOS NA 2\u00aa DEN\u00daNCIA CONTRA TEMER\"}]},{\"@type\":\"WebSite\",\"@id\":\"https:\\\/\\\/blogdofarnesio.com.br\\\/#website\",\"url\":\"https:\\\/\\\/blogdofarnesio.com.br\\\/\",\"name\":\"Blog do Farn\u00e9sio\",\"description\":\"Quer Saber Pol\u00edtica?\",\"publisher\":{\"@id\":\"https:\\\/\\\/blogdofarnesio.com.br\\\/#organization\"},\"potentialAction\":[{\"@type\":\"SearchAction\",\"target\":{\"@type\":\"EntryPoint\",\"urlTemplate\":\"https:\\\/\\\/blogdofarnesio.com.br\\\/?s={search_term_string}\"},\"query-input\":{\"@type\":\"PropertyValueSpecification\",\"valueRequired\":true,\"valueName\":\"search_term_string\"}}],\"inLanguage\":\"pt-BR\"},{\"@type\":\"Organization\",\"@id\":\"https:\\\/\\\/blogdofarnesio.com.br\\\/#organization\",\"name\":\"Blog do Farn\u00e9sio\",\"url\":\"https:\\\/\\\/blogdofarnesio.com.br\\\/\",\"logo\":{\"@type\":\"ImageObject\",\"inLanguage\":\"pt-BR\",\"@id\":\"https:\\\/\\\/blogdofarnesio.com.br\\\/#\\\/schema\\\/logo\\\/image\\\/\",\"url\":\"https:\\\/\\\/blogdofarnesio.com.br\\\/wp-content\\\/uploads\\\/2026\\\/03\\\/cropped-logo_new-1.png\",\"contentUrl\":\"https:\\\/\\\/blogdofarnesio.com.br\\\/wp-content\\\/uploads\\\/2026\\\/03\\\/cropped-logo_new-1.png\",\"width\":881,\"height\":685,\"caption\":\"Blog do Farn\u00e9sio\"},\"image\":{\"@id\":\"https:\\\/\\\/blogdofarnesio.com.br\\\/#\\\/schema\\\/logo\\\/image\\\/\"},\"sameAs\":[\"https:\\\/\\\/www.facebook.com\\\/BlogQuerSaberPolitica\\\/\"]},{\"@type\":\"Person\",\"@id\":\"https:\\\/\\\/blogdofarnesio.com.br\\\/#\\\/schema\\\/person\\\/301c4acf522bccbfdb45af95b5b906a1\",\"name\":\"Farn\u00e9sio\",\"image\":{\"@type\":\"ImageObject\",\"inLanguage\":\"pt-BR\",\"@id\":\"https:\\\/\\\/secure.gravatar.com\\\/avatar\\\/df0c9a14567c056f8ad6876ba5bbd1e3e2c48023eb6807342fc4663adf549f38?s=96&d=mm&r=g\",\"url\":\"https:\\\/\\\/secure.gravatar.com\\\/avatar\\\/df0c9a14567c056f8ad6876ba5bbd1e3e2c48023eb6807342fc4663adf549f38?s=96&d=mm&r=g\",\"contentUrl\":\"https:\\\/\\\/secure.gravatar.com\\\/avatar\\\/df0c9a14567c056f8ad6876ba5bbd1e3e2c48023eb6807342fc4663adf549f38?s=96&d=mm&r=g\",\"caption\":\"Farn\u00e9sio\"},\"sameAs\":[\"https:\\\/\\\/quersaberpolitica.com.br\"],\"url\":\"https:\\\/\\\/blogdofarnesio.com.br\\\/author\\\/farnesio\\\/\"}]}<\/script>\n<!-- \/ Yoast SEO plugin. -->","yoast_head_json":{"title":"VEJA COMO DEVEM VOTAR OS PERNAMBUCANOS NA 2\u00aa DEN\u00daNCIA CONTRA TEMER - Blog do Farn\u00e9sio","robots":{"index":"index","follow":"follow","max-snippet":"max-snippet:-1","max-image-preview":"max-image-preview:large","max-video-preview":"max-video-preview:-1"},"canonical":"https:\/\/blogdofarnesio.com.br\/2017\/09\/veja-como-devem-votar-os-pernambucanos-na-2a-denuncia-contra-temer\/","og_locale":"pt_BR","og_type":"article","og_title":"VEJA COMO DEVEM VOTAR OS PERNAMBUCANOS NA 2\u00aa DEN\u00daNCIA CONTRA TEMER - Blog do Farn\u00e9sio","og_description":"&nbsp; Ap\u00f3s duas tentativas para iniciar o processo da segunda den\u00fancia contra o presidente Michel Temer (PMDB), o\u00a0documento foi lido nesta segunda-feira (26), abrindo a tramita\u00e7\u00e3o. O peemedebista e outros caciques do seu partido, incluindo os ministros\u00a0Eliseu Padilha (Casa Civil) e Moreira Franco (Secretaria-Geral), foram\u00a0acusados pelo ex-procurador-geral da Rep\u00fablica Rodrigo Janot de\u00a0organiza\u00e7\u00e3o criminosa e obstru\u00e7\u00e3o de Justi\u00e7a. A den\u00fancia aponta que o suposto esquema gerou pelo menos R$ 587 milh\u00f5es de propina por a\u00e7\u00f5es il\u00edcitas atrav\u00e9s de \u00f3rg\u00e3os como Petrobras, Furnas, Caixa Econ\u00f4mica Federal, Minist\u00e9rio da Integra\u00e7\u00e3o Nacional e C\u00e2mara dos Deputados. Temer \u00e9 apontado como l\u00edder desde maio de 2016, quando assumiu a presid\u00eancia com a\u00a0sa\u00edda de Dilma Rousseff (PT). O\u00a0Pal\u00e1cio do Planalto recha\u00e7ou as acusa\u00e7\u00f5es. Leitura foi feita&hellip;","og_url":"https:\/\/blogdofarnesio.com.br\/2017\/09\/veja-como-devem-votar-os-pernambucanos-na-2a-denuncia-contra-temer\/","og_site_name":"Blog do Farn\u00e9sio","article_publisher":"https:\/\/www.facebook.com\/BlogQuerSaberPolitica\/","article_published_time":"2017-09-27T15:30:14+00:00","og_image":[{"width":668,"height":496,"url":"https:\/\/blogdofarnesio.com.br\/wp-content\/uploads\/2017\/05\/Blogqsptemer-e1495066937657.jpg","type":"image\/jpeg"}],"author":"Farn\u00e9sio","twitter_card":"summary_large_image","twitter_misc":{"Escrito por":"Farn\u00e9sio","Est. tempo de leitura":"3 minutos"},"schema":{"@context":"https:\/\/schema.org","@graph":[{"@type":"Article","@id":"https:\/\/blogdofarnesio.com.br\/2017\/09\/veja-como-devem-votar-os-pernambucanos-na-2a-denuncia-contra-temer\/#article","isPartOf":{"@id":"https:\/\/blogdofarnesio.com.br\/2017\/09\/veja-como-devem-votar-os-pernambucanos-na-2a-denuncia-contra-temer\/"},"author":{"name":"Farn\u00e9sio","@id":"https:\/\/blogdofarnesio.com.br\/#\/schema\/person\/301c4acf522bccbfdb45af95b5b906a1"},"headline":"VEJA COMO DEVEM VOTAR OS PERNAMBUCANOS NA 2\u00aa DEN\u00daNCIA CONTRA TEMER","datePublished":"2017-09-27T15:30:14+00:00","mainEntityOfPage":{"@id":"https:\/\/blogdofarnesio.com.br\/2017\/09\/veja-como-devem-votar-os-pernambucanos-na-2a-denuncia-contra-temer\/"},"wordCount":584,"commentCount":0,"publisher":{"@id":"https:\/\/blogdofarnesio.com.br\/#organization"},"image":{"@id":"https:\/\/blogdofarnesio.com.br\/2017\/09\/veja-como-devem-votar-os-pernambucanos-na-2a-denuncia-contra-temer\/#primaryimage"},"thumbnailUrl":"https:\/\/blogdofarnesio.com.br\/wp-content\/uploads\/2017\/05\/Blogqsptemer-e1495066937657.jpg","articleSection":["Pol\u00edtica"],"inLanguage":"pt-BR","potentialAction":[{"@type":"CommentAction","name":"Comment","target":["https:\/\/blogdofarnesio.com.br\/2017\/09\/veja-como-devem-votar-os-pernambucanos-na-2a-denuncia-contra-temer\/#respond"]}]},{"@type":"WebPage","@id":"https:\/\/blogdofarnesio.com.br\/2017\/09\/veja-como-devem-votar-os-pernambucanos-na-2a-denuncia-contra-temer\/","url":"https:\/\/blogdofarnesio.com.br\/2017\/09\/veja-como-devem-votar-os-pernambucanos-na-2a-denuncia-contra-temer\/","name":"VEJA COMO DEVEM VOTAR OS PERNAMBUCANOS NA 2\u00aa DEN\u00daNCIA CONTRA TEMER - Blog do Farn\u00e9sio","isPartOf":{"@id":"https:\/\/blogdofarnesio.com.br\/#website"},"primaryImageOfPage":{"@id":"https:\/\/blogdofarnesio.com.br\/2017\/09\/veja-como-devem-votar-os-pernambucanos-na-2a-denuncia-contra-temer\/#primaryimage"},"image":{"@id":"https:\/\/blogdofarnesio.com.br\/2017\/09\/veja-como-devem-votar-os-pernambucanos-na-2a-denuncia-contra-temer\/#primaryimage"},"thumbnailUrl":"https:\/\/blogdofarnesio.com.br\/wp-content\/uploads\/2017\/05\/Blogqsptemer-e1495066937657.jpg","datePublished":"2017-09-27T15:30:14+00:00","breadcrumb":{"@id":"https:\/\/blogdofarnesio.com.br\/2017\/09\/veja-como-devem-votar-os-pernambucanos-na-2a-denuncia-contra-temer\/#breadcrumb"},"inLanguage":"pt-BR","potentialAction":[{"@type":"ReadAction","target":["https:\/\/blogdofarnesio.com.br\/2017\/09\/veja-como-devem-votar-os-pernambucanos-na-2a-denuncia-contra-temer\/"]}]},{"@type":"ImageObject","inLanguage":"pt-BR","@id":"https:\/\/blogdofarnesio.com.br\/2017\/09\/veja-como-devem-votar-os-pernambucanos-na-2a-denuncia-contra-temer\/#primaryimage","url":"https:\/\/blogdofarnesio.com.br\/wp-content\/uploads\/2017\/05\/Blogqsptemer-e1495066937657.jpg","contentUrl":"https:\/\/blogdofarnesio.com.br\/wp-content\/uploads\/2017\/05\/Blogqsptemer-e1495066937657.jpg","width":668,"height":496,"caption":"Presidente Michel Temer (PMDB)S\u00e9rgio LimaPoder360"},{"@type":"BreadcrumbList","@id":"https:\/\/blogdofarnesio.com.br\/2017\/09\/veja-como-devem-votar-os-pernambucanos-na-2a-denuncia-contra-temer\/#breadcrumb","itemListElement":[{"@type":"ListItem","position":1,"name":"In\u00edcio","item":"https:\/\/blogdofarnesio.com.br\/"},{"@type":"ListItem","position":2,"name":"VEJA COMO DEVEM VOTAR OS PERNAMBUCANOS NA 2\u00aa DEN\u00daNCIA CONTRA TEMER"}]},{"@type":"WebSite","@id":"https:\/\/blogdofarnesio.com.br\/#website","url":"https:\/\/blogdofarnesio.com.br\/","name":"Blog do Farn\u00e9sio","description":"Quer Saber Pol\u00edtica?","publisher":{"@id":"https:\/\/blogdofarnesio.com.br\/#organization"},"potentialAction":[{"@type":"SearchAction","target":{"@type":"EntryPoint","urlTemplate":"https:\/\/blogdofarnesio.com.br\/?s={search_term_string}"},"query-input":{"@type":"PropertyValueSpecification","valueRequired":true,"valueName":"search_term_string"}}],"inLanguage":"pt-BR"},{"@type":"Organization","@id":"https:\/\/blogdofarnesio.com.br\/#organization","name":"Blog do Farn\u00e9sio","url":"https:\/\/blogdofarnesio.com.br\/","logo":{"@type":"ImageObject","inLanguage":"pt-BR","@id":"https:\/\/blogdofarnesio.com.br\/#\/schema\/logo\/image\/","url":"https:\/\/blogdofarnesio.com.br\/wp-content\/uploads\/2026\/03\/cropped-logo_new-1.png","contentUrl":"https:\/\/blogdofarnesio.com.br\/wp-content\/uploads\/2026\/03\/cropped-logo_new-1.png","width":881,"height":685,"caption":"Blog do Farn\u00e9sio"},"image":{"@id":"https:\/\/blogdofarnesio.com.br\/#\/schema\/logo\/image\/"},"sameAs":["https:\/\/www.facebook.com\/BlogQuerSaberPolitica\/"]},{"@type":"Person","@id":"https:\/\/blogdofarnesio.com.br\/#\/schema\/person\/301c4acf522bccbfdb45af95b5b906a1","name":"Farn\u00e9sio","image":{"@type":"ImageObject","inLanguage":"pt-BR","@id":"https:\/\/secure.gravatar.com\/avatar\/df0c9a14567c056f8ad6876ba5bbd1e3e2c48023eb6807342fc4663adf549f38?s=96&d=mm&r=g","url":"https:\/\/secure.gravatar.com\/avatar\/df0c9a14567c056f8ad6876ba5bbd1e3e2c48023eb6807342fc4663adf549f38?s=96&d=mm&r=g","contentUrl":"https:\/\/secure.gravatar.com\/avatar\/df0c9a14567c056f8ad6876ba5bbd1e3e2c48023eb6807342fc4663adf549f38?s=96&d=mm&r=g","caption":"Farn\u00e9sio"},"sameAs":["https:\/\/quersaberpolitica.com.br"],"url":"https:\/\/blogdofarnesio.com.br\/author\/farnesio\/"}]}},"_links":{"self":[{"href":"https:\/\/blogdofarnesio.com.br\/wp-json\/wp\/v2\/posts\/177505","targetHints":{"allow":["GET"]}}],"collection":[{"href":"https:\/\/blogdofarnesio.com.br\/wp-json\/wp\/v2\/posts"}],"about":[{"href":"https:\/\/blogdofarnesio.com.br\/wp-json\/wp\/v2\/types\/post"}],"author":[{"embeddable":true,"href":"https:\/\/blogdofarnesio.com.br\/wp-json\/wp\/v2\/users\/1"}],"replies":[{"embeddable":true,"href":"https:\/\/blogdofarnesio.com.br\/wp-json\/wp\/v2\/comments?post=177505"}],"version-history":[{"count":0,"href":"https:\/\/blogdofarnesio.com.br\/wp-json\/wp\/v2\/posts\/177505\/revisions"}],"wp:featuredmedia":[{"embeddable":true,"href":"https:\/\/blogdofarnesio.com.br\/wp-json\/wp\/v2\/media\/166647"}],"wp:attachment":[{"href":"https:\/\/blogdofarnesio.com.br\/wp-json\/wp\/v2\/media?parent=177505"}],"wp:term":[{"taxonomy":"category","embeddable":true,"href":"https:\/\/blogdofarnesio.com.br\/wp-json\/wp\/v2\/categories?post=177505"},{"taxonomy":"post_tag","embeddable":true,"href":"https:\/\/blogdofarnesio.com.br\/wp-json\/wp\/v2\/tags?post=177505"}],"curies":[{"name":"wp","href":"https:\/\/api.w.org\/{rel}","templated":true}]}}