{"id":177339,"date":"2017-09-25T19:00:30","date_gmt":"2017-09-25T22:00:30","guid":{"rendered":"http:\/\/quersaberpolitica.com.br\/2016\/?p=177339"},"modified":"2017-09-25T21:01:43","modified_gmt":"2017-09-26T00:01:43","slug":"pelo-2o-ano-consecutivo-a-gordinha-do-arrocha-dispensa-entrevista-com-sites-e-jornais","status":"publish","type":"post","link":"https:\/\/blogdofarnesio.com.br\/?p=177339","title":{"rendered":"PELO 2\u00ba ANO CONSECUTIVO, A &#8220;GORDINHA DO ARROCHA&#8221; DISPENSA ENTREVISTA COM SITES E JORNAIS"},"content":{"rendered":"<div class=\"box-title\">\n<h2><\/h2>\n<p>por B\u00e1rbara Gomes \/ J\u00fanior Moreira \/ Estela Marques-<strong>BN<\/strong><\/p>\n<\/div>\n<div class=\"box-body\">\n<div class=\"text-descricao\">\n<p>A cantora Mar\u00edlia Mendon\u00e7a recusou mais uma vez concender entrevistas a sites e jornais impressos, ap\u00f3s apresentar seu show ao p\u00fablico baiano. Pelo segundo ano consecutivo no Salvador Fest, que acontece neste domingo (24), no Parque de Exposi\u00e7\u00f5es, a artisa restringiu seu atendimento a representantes de emissoras de r\u00e1dio e televis\u00e3o. Segundo o produtor da cantora, a demanda \u00e9 grande: tr\u00eas ve\u00edculos de r\u00e1dio e TV e quatro de websites e impresso. Os jornalistas que esperavam por pelo menos 30 minutos para entrevista foram autorizados apenas a tirar uma foto de registro. No caminho para o camarim, a cantora ainda se recusou a tirar foto com f\u00e3s, alegando estar suada. Mar\u00edlia Mendon\u00e7a encerrou o show pouco antes das 17h, depois de subir ao palco por volta das 15h20. No camarim, ela recebeu os m\u00fasicos do grupo Sorriso Maroto e o cantor Tatau.<\/p>\n<\/div>\n<\/div>\n","protected":false},"excerpt":{"rendered":"<p>por B\u00e1rbara Gomes \/ J\u00fanior Moreira \/ Estela Marques-BN A cantora Mar\u00edlia Mendon\u00e7a recusou mais uma vez concender entrevistas a sites e jornais impressos, ap\u00f3s apresentar seu show ao p\u00fablico baiano. Pelo segundo ano consecutivo no Salvador Fest, que acontece neste domingo (24), no Parque de Exposi\u00e7\u00f5es, a artisa restringiu seu atendimento a representantes de emissoras de r\u00e1dio e televis\u00e3o. Segundo o produtor da cantora, a demanda \u00e9 grande: tr\u00eas ve\u00edculos de r\u00e1dio e TV e quatro de websites e impresso. Os jornalistas que esperavam por pelo menos 30 minutos para entrevista foram autorizados apenas a tirar uma foto de registro. No caminho para o camarim, a cantora ainda se recusou a tirar foto com f\u00e3s, alegando estar suada. Mar\u00edlia&hellip; <\/p>\n","protected":false},"author":1,"featured_media":154041,"comment_status":"open","ping_status":"open","sticky":false,"template":"","format":"standard","meta":{"_acf_changed":false,"footnotes":""},"categories":[3],"tags":[],"class_list":["post-177339","post","type-post","status-publish","format-standard","has-post-thumbnail","hentry","category-entretenimento"],"acf":[],"yoast_head":"<!-- This site is optimized with the Yoast SEO plugin v27.4 - https:\/\/yoast.com\/product\/yoast-seo-wordpress\/ -->\n<title>PELO 2\u00ba ANO CONSECUTIVO, A &quot;GORDINHA DO ARROCHA&quot; DISPENSA ENTREVISTA COM SITES E JORNAIS - Blog do Farn\u00e9sio<\/title>\n<meta name=\"robots\" content=\"index, follow, max-snippet:-1, max-image-preview:large, max-video-preview:-1\" \/>\n<link rel=\"canonical\" href=\"https:\/\/blogdofarnesio.com.br\/?p=177339\" \/>\n<meta property=\"og:locale\" content=\"pt_BR\" \/>\n<meta property=\"og:type\" content=\"article\" \/>\n<meta property=\"og:title\" content=\"PELO 2\u00ba ANO CONSECUTIVO, A &quot;GORDINHA DO ARROCHA&quot; DISPENSA ENTREVISTA COM SITES E JORNAIS - Blog do Farn\u00e9sio\" \/>\n<meta property=\"og:description\" content=\"por B\u00e1rbara Gomes \/ J\u00fanior Moreira \/ Estela Marques-BN A cantora Mar\u00edlia Mendon\u00e7a recusou mais uma vez concender entrevistas a sites e jornais impressos, ap\u00f3s apresentar seu show ao p\u00fablico baiano. Pelo segundo ano consecutivo no Salvador Fest, que acontece neste domingo (24), no Parque de Exposi\u00e7\u00f5es, a artisa restringiu seu atendimento a representantes de emissoras de r\u00e1dio e televis\u00e3o. Segundo o produtor da cantora, a demanda \u00e9 grande: tr\u00eas ve\u00edculos de r\u00e1dio e TV e quatro de websites e impresso. Os jornalistas que esperavam por pelo menos 30 minutos para entrevista foram autorizados apenas a tirar uma foto de registro. No caminho para o camarim, a cantora ainda se recusou a tirar foto com f\u00e3s, alegando estar suada. Mar\u00edlia&hellip;\" \/>\n<meta property=\"og:url\" content=\"https:\/\/blogdofarnesio.com.br\/?p=177339\" \/>\n<meta property=\"og:site_name\" content=\"Blog do Farn\u00e9sio\" \/>\n<meta property=\"article:publisher\" content=\"https:\/\/www.facebook.com\/BlogQuerSaberPolitica\/\" \/>\n<meta property=\"article:published_time\" content=\"2017-09-25T22:00:30+00:00\" \/>\n<meta property=\"article:modified_time\" content=\"2017-09-26T00:01:43+00:00\" \/>\n<meta property=\"og:image\" content=\"https:\/\/blogdofarnesio.com.br\/wp-content\/uploads\/2017\/01\/blogqspMar\u00edlia-Mendon\u00e7a-1.jpg\" \/>\n\t<meta property=\"og:image:width\" content=\"552\" \/>\n\t<meta property=\"og:image:height\" content=\"369\" \/>\n\t<meta property=\"og:image:type\" content=\"image\/jpeg\" \/>\n<meta name=\"author\" content=\"Farn\u00e9sio\" \/>\n<meta name=\"twitter:card\" content=\"summary_large_image\" \/>\n<meta name=\"twitter:label1\" content=\"Escrito por\" \/>\n\t<meta name=\"twitter:data1\" content=\"Farn\u00e9sio\" \/>\n\t<meta name=\"twitter:label2\" content=\"Est. tempo de leitura\" \/>\n\t<meta name=\"twitter:data2\" content=\"1 minuto\" \/>\n<script type=\"application\/ld+json\" class=\"yoast-schema-graph\">{\"@context\":\"https:\\\/\\\/schema.org\",\"@graph\":[{\"@type\":\"Article\",\"@id\":\"https:\\\/\\\/blogdofarnesio.com.br\\\/?p=177339#article\",\"isPartOf\":{\"@id\":\"https:\\\/\\\/blogdofarnesio.com.br\\\/?p=177339\"},\"author\":{\"name\":\"Farn\u00e9sio\",\"@id\":\"https:\\\/\\\/blogdofarnesio.com.br\\\/#\\\/schema\\\/person\\\/301c4acf522bccbfdb45af95b5b906a1\"},\"headline\":\"PELO 2\u00ba ANO CONSECUTIVO, A &#8220;GORDINHA DO ARROCHA&#8221; DISPENSA ENTREVISTA COM SITES E JORNAIS\",\"datePublished\":\"2017-09-25T22:00:30+00:00\",\"dateModified\":\"2017-09-26T00:01:43+00:00\",\"mainEntityOfPage\":{\"@id\":\"https:\\\/\\\/blogdofarnesio.com.br\\\/?p=177339\"},\"wordCount\":175,\"commentCount\":0,\"publisher\":{\"@id\":\"https:\\\/\\\/blogdofarnesio.com.br\\\/#organization\"},\"image\":{\"@id\":\"https:\\\/\\\/blogdofarnesio.com.br\\\/?p=177339#primaryimage\"},\"thumbnailUrl\":\"https:\\\/\\\/blogdofarnesio.com.br\\\/wp-content\\\/uploads\\\/2017\\\/01\\\/blogqspMar\u00edlia-Mendon\u00e7a-1.jpg\",\"articleSection\":[\"Entretenimento\"],\"inLanguage\":\"pt-BR\",\"potentialAction\":[{\"@type\":\"CommentAction\",\"name\":\"Comment\",\"target\":[\"https:\\\/\\\/blogdofarnesio.com.br\\\/?p=177339#respond\"]}]},{\"@type\":\"WebPage\",\"@id\":\"https:\\\/\\\/blogdofarnesio.com.br\\\/?p=177339\",\"url\":\"https:\\\/\\\/blogdofarnesio.com.br\\\/?p=177339\",\"name\":\"PELO 2\u00ba ANO CONSECUTIVO, A \\\"GORDINHA DO ARROCHA\\\" DISPENSA ENTREVISTA COM SITES E JORNAIS - Blog do Farn\u00e9sio\",\"isPartOf\":{\"@id\":\"https:\\\/\\\/blogdofarnesio.com.br\\\/#website\"},\"primaryImageOfPage\":{\"@id\":\"https:\\\/\\\/blogdofarnesio.com.br\\\/?p=177339#primaryimage\"},\"image\":{\"@id\":\"https:\\\/\\\/blogdofarnesio.com.br\\\/?p=177339#primaryimage\"},\"thumbnailUrl\":\"https:\\\/\\\/blogdofarnesio.com.br\\\/wp-content\\\/uploads\\\/2017\\\/01\\\/blogqspMar\u00edlia-Mendon\u00e7a-1.jpg\",\"datePublished\":\"2017-09-25T22:00:30+00:00\",\"dateModified\":\"2017-09-26T00:01:43+00:00\",\"breadcrumb\":{\"@id\":\"https:\\\/\\\/blogdofarnesio.com.br\\\/?p=177339#breadcrumb\"},\"inLanguage\":\"pt-BR\",\"potentialAction\":[{\"@type\":\"ReadAction\",\"target\":[\"https:\\\/\\\/blogdofarnesio.com.br\\\/?p=177339\"]}]},{\"@type\":\"ImageObject\",\"inLanguage\":\"pt-BR\",\"@id\":\"https:\\\/\\\/blogdofarnesio.com.br\\\/?p=177339#primaryimage\",\"url\":\"https:\\\/\\\/blogdofarnesio.com.br\\\/wp-content\\\/uploads\\\/2017\\\/01\\\/blogqspMar\u00edlia-Mendon\u00e7a-1.jpg\",\"contentUrl\":\"https:\\\/\\\/blogdofarnesio.com.br\\\/wp-content\\\/uploads\\\/2017\\\/01\\\/blogqspMar\u00edlia-Mendon\u00e7a-1.jpg\",\"width\":552,\"height\":369},{\"@type\":\"BreadcrumbList\",\"@id\":\"https:\\\/\\\/blogdofarnesio.com.br\\\/?p=177339#breadcrumb\",\"itemListElement\":[{\"@type\":\"ListItem\",\"position\":1,\"name\":\"In\u00edcio\",\"item\":\"https:\\\/\\\/blogdofarnesio.com.br\\\/\"},{\"@type\":\"ListItem\",\"position\":2,\"name\":\"PELO 2\u00ba ANO CONSECUTIVO, A &#8220;GORDINHA DO ARROCHA&#8221; DISPENSA ENTREVISTA COM SITES E JORNAIS\"}]},{\"@type\":\"WebSite\",\"@id\":\"https:\\\/\\\/blogdofarnesio.com.br\\\/#website\",\"url\":\"https:\\\/\\\/blogdofarnesio.com.br\\\/\",\"name\":\"Blog do Farn\u00e9sio\",\"description\":\"Quer Saber Pol\u00edtica?\",\"publisher\":{\"@id\":\"https:\\\/\\\/blogdofarnesio.com.br\\\/#organization\"},\"potentialAction\":[{\"@type\":\"SearchAction\",\"target\":{\"@type\":\"EntryPoint\",\"urlTemplate\":\"https:\\\/\\\/blogdofarnesio.com.br\\\/?s={search_term_string}\"},\"query-input\":{\"@type\":\"PropertyValueSpecification\",\"valueRequired\":true,\"valueName\":\"search_term_string\"}}],\"inLanguage\":\"pt-BR\"},{\"@type\":\"Organization\",\"@id\":\"https:\\\/\\\/blogdofarnesio.com.br\\\/#organization\",\"name\":\"Blog do Farn\u00e9sio\",\"url\":\"https:\\\/\\\/blogdofarnesio.com.br\\\/\",\"logo\":{\"@type\":\"ImageObject\",\"inLanguage\":\"pt-BR\",\"@id\":\"https:\\\/\\\/blogdofarnesio.com.br\\\/#\\\/schema\\\/logo\\\/image\\\/\",\"url\":\"https:\\\/\\\/blogdofarnesio.com.br\\\/wp-content\\\/uploads\\\/2026\\\/03\\\/cropped-logo_new-1.png\",\"contentUrl\":\"https:\\\/\\\/blogdofarnesio.com.br\\\/wp-content\\\/uploads\\\/2026\\\/03\\\/cropped-logo_new-1.png\",\"width\":881,\"height\":685,\"caption\":\"Blog do Farn\u00e9sio\"},\"image\":{\"@id\":\"https:\\\/\\\/blogdofarnesio.com.br\\\/#\\\/schema\\\/logo\\\/image\\\/\"},\"sameAs\":[\"https:\\\/\\\/www.facebook.com\\\/BlogQuerSaberPolitica\\\/\"]},{\"@type\":\"Person\",\"@id\":\"https:\\\/\\\/blogdofarnesio.com.br\\\/#\\\/schema\\\/person\\\/301c4acf522bccbfdb45af95b5b906a1\",\"name\":\"Farn\u00e9sio\",\"image\":{\"@type\":\"ImageObject\",\"inLanguage\":\"pt-BR\",\"@id\":\"https:\\\/\\\/secure.gravatar.com\\\/avatar\\\/df0c9a14567c056f8ad6876ba5bbd1e3e2c48023eb6807342fc4663adf549f38?s=96&d=mm&r=g\",\"url\":\"https:\\\/\\\/secure.gravatar.com\\\/avatar\\\/df0c9a14567c056f8ad6876ba5bbd1e3e2c48023eb6807342fc4663adf549f38?s=96&d=mm&r=g\",\"contentUrl\":\"https:\\\/\\\/secure.gravatar.com\\\/avatar\\\/df0c9a14567c056f8ad6876ba5bbd1e3e2c48023eb6807342fc4663adf549f38?s=96&d=mm&r=g\",\"caption\":\"Farn\u00e9sio\"},\"sameAs\":[\"https:\\\/\\\/quersaberpolitica.com.br\"],\"url\":\"https:\\\/\\\/blogdofarnesio.com.br\\\/?author=1\"}]}<\/script>\n<!-- \/ Yoast SEO plugin. -->","yoast_head_json":{"title":"PELO 2\u00ba ANO CONSECUTIVO, A \"GORDINHA DO ARROCHA\" DISPENSA ENTREVISTA COM SITES E JORNAIS - Blog do Farn\u00e9sio","robots":{"index":"index","follow":"follow","max-snippet":"max-snippet:-1","max-image-preview":"max-image-preview:large","max-video-preview":"max-video-preview:-1"},"canonical":"https:\/\/blogdofarnesio.com.br\/?p=177339","og_locale":"pt_BR","og_type":"article","og_title":"PELO 2\u00ba ANO CONSECUTIVO, A \"GORDINHA DO ARROCHA\" DISPENSA ENTREVISTA COM SITES E JORNAIS - Blog do Farn\u00e9sio","og_description":"por B\u00e1rbara Gomes \/ J\u00fanior Moreira \/ Estela Marques-BN A cantora Mar\u00edlia Mendon\u00e7a recusou mais uma vez concender entrevistas a sites e jornais impressos, ap\u00f3s apresentar seu show ao p\u00fablico baiano. Pelo segundo ano consecutivo no Salvador Fest, que acontece neste domingo (24), no Parque de Exposi\u00e7\u00f5es, a artisa restringiu seu atendimento a representantes de emissoras de r\u00e1dio e televis\u00e3o. Segundo o produtor da cantora, a demanda \u00e9 grande: tr\u00eas ve\u00edculos de r\u00e1dio e TV e quatro de websites e impresso. Os jornalistas que esperavam por pelo menos 30 minutos para entrevista foram autorizados apenas a tirar uma foto de registro. No caminho para o camarim, a cantora ainda se recusou a tirar foto com f\u00e3s, alegando estar suada. Mar\u00edlia&hellip;","og_url":"https:\/\/blogdofarnesio.com.br\/?p=177339","og_site_name":"Blog do Farn\u00e9sio","article_publisher":"https:\/\/www.facebook.com\/BlogQuerSaberPolitica\/","article_published_time":"2017-09-25T22:00:30+00:00","article_modified_time":"2017-09-26T00:01:43+00:00","og_image":[{"width":552,"height":369,"url":"https:\/\/blogdofarnesio.com.br\/wp-content\/uploads\/2017\/01\/blogqspMar\u00edlia-Mendon\u00e7a-1.jpg","type":"image\/jpeg"}],"author":"Farn\u00e9sio","twitter_card":"summary_large_image","twitter_misc":{"Escrito por":"Farn\u00e9sio","Est. tempo de leitura":"1 minuto"},"schema":{"@context":"https:\/\/schema.org","@graph":[{"@type":"Article","@id":"https:\/\/blogdofarnesio.com.br\/?p=177339#article","isPartOf":{"@id":"https:\/\/blogdofarnesio.com.br\/?p=177339"},"author":{"name":"Farn\u00e9sio","@id":"https:\/\/blogdofarnesio.com.br\/#\/schema\/person\/301c4acf522bccbfdb45af95b5b906a1"},"headline":"PELO 2\u00ba ANO CONSECUTIVO, A &#8220;GORDINHA DO ARROCHA&#8221; DISPENSA ENTREVISTA COM SITES E JORNAIS","datePublished":"2017-09-25T22:00:30+00:00","dateModified":"2017-09-26T00:01:43+00:00","mainEntityOfPage":{"@id":"https:\/\/blogdofarnesio.com.br\/?p=177339"},"wordCount":175,"commentCount":0,"publisher":{"@id":"https:\/\/blogdofarnesio.com.br\/#organization"},"image":{"@id":"https:\/\/blogdofarnesio.com.br\/?p=177339#primaryimage"},"thumbnailUrl":"https:\/\/blogdofarnesio.com.br\/wp-content\/uploads\/2017\/01\/blogqspMar\u00edlia-Mendon\u00e7a-1.jpg","articleSection":["Entretenimento"],"inLanguage":"pt-BR","potentialAction":[{"@type":"CommentAction","name":"Comment","target":["https:\/\/blogdofarnesio.com.br\/?p=177339#respond"]}]},{"@type":"WebPage","@id":"https:\/\/blogdofarnesio.com.br\/?p=177339","url":"https:\/\/blogdofarnesio.com.br\/?p=177339","name":"PELO 2\u00ba ANO CONSECUTIVO, A \"GORDINHA DO ARROCHA\" DISPENSA ENTREVISTA COM SITES E JORNAIS - Blog do Farn\u00e9sio","isPartOf":{"@id":"https:\/\/blogdofarnesio.com.br\/#website"},"primaryImageOfPage":{"@id":"https:\/\/blogdofarnesio.com.br\/?p=177339#primaryimage"},"image":{"@id":"https:\/\/blogdofarnesio.com.br\/?p=177339#primaryimage"},"thumbnailUrl":"https:\/\/blogdofarnesio.com.br\/wp-content\/uploads\/2017\/01\/blogqspMar\u00edlia-Mendon\u00e7a-1.jpg","datePublished":"2017-09-25T22:00:30+00:00","dateModified":"2017-09-26T00:01:43+00:00","breadcrumb":{"@id":"https:\/\/blogdofarnesio.com.br\/?p=177339#breadcrumb"},"inLanguage":"pt-BR","potentialAction":[{"@type":"ReadAction","target":["https:\/\/blogdofarnesio.com.br\/?p=177339"]}]},{"@type":"ImageObject","inLanguage":"pt-BR","@id":"https:\/\/blogdofarnesio.com.br\/?p=177339#primaryimage","url":"https:\/\/blogdofarnesio.com.br\/wp-content\/uploads\/2017\/01\/blogqspMar\u00edlia-Mendon\u00e7a-1.jpg","contentUrl":"https:\/\/blogdofarnesio.com.br\/wp-content\/uploads\/2017\/01\/blogqspMar\u00edlia-Mendon\u00e7a-1.jpg","width":552,"height":369},{"@type":"BreadcrumbList","@id":"https:\/\/blogdofarnesio.com.br\/?p=177339#breadcrumb","itemListElement":[{"@type":"ListItem","position":1,"name":"In\u00edcio","item":"https:\/\/blogdofarnesio.com.br\/"},{"@type":"ListItem","position":2,"name":"PELO 2\u00ba ANO CONSECUTIVO, A &#8220;GORDINHA DO ARROCHA&#8221; DISPENSA ENTREVISTA COM SITES E JORNAIS"}]},{"@type":"WebSite","@id":"https:\/\/blogdofarnesio.com.br\/#website","url":"https:\/\/blogdofarnesio.com.br\/","name":"Blog do Farn\u00e9sio","description":"Quer Saber Pol\u00edtica?","publisher":{"@id":"https:\/\/blogdofarnesio.com.br\/#organization"},"potentialAction":[{"@type":"SearchAction","target":{"@type":"EntryPoint","urlTemplate":"https:\/\/blogdofarnesio.com.br\/?s={search_term_string}"},"query-input":{"@type":"PropertyValueSpecification","valueRequired":true,"valueName":"search_term_string"}}],"inLanguage":"pt-BR"},{"@type":"Organization","@id":"https:\/\/blogdofarnesio.com.br\/#organization","name":"Blog do Farn\u00e9sio","url":"https:\/\/blogdofarnesio.com.br\/","logo":{"@type":"ImageObject","inLanguage":"pt-BR","@id":"https:\/\/blogdofarnesio.com.br\/#\/schema\/logo\/image\/","url":"https:\/\/blogdofarnesio.com.br\/wp-content\/uploads\/2026\/03\/cropped-logo_new-1.png","contentUrl":"https:\/\/blogdofarnesio.com.br\/wp-content\/uploads\/2026\/03\/cropped-logo_new-1.png","width":881,"height":685,"caption":"Blog do Farn\u00e9sio"},"image":{"@id":"https:\/\/blogdofarnesio.com.br\/#\/schema\/logo\/image\/"},"sameAs":["https:\/\/www.facebook.com\/BlogQuerSaberPolitica\/"]},{"@type":"Person","@id":"https:\/\/blogdofarnesio.com.br\/#\/schema\/person\/301c4acf522bccbfdb45af95b5b906a1","name":"Farn\u00e9sio","image":{"@type":"ImageObject","inLanguage":"pt-BR","@id":"https:\/\/secure.gravatar.com\/avatar\/df0c9a14567c056f8ad6876ba5bbd1e3e2c48023eb6807342fc4663adf549f38?s=96&d=mm&r=g","url":"https:\/\/secure.gravatar.com\/avatar\/df0c9a14567c056f8ad6876ba5bbd1e3e2c48023eb6807342fc4663adf549f38?s=96&d=mm&r=g","contentUrl":"https:\/\/secure.gravatar.com\/avatar\/df0c9a14567c056f8ad6876ba5bbd1e3e2c48023eb6807342fc4663adf549f38?s=96&d=mm&r=g","caption":"Farn\u00e9sio"},"sameAs":["https:\/\/quersaberpolitica.com.br"],"url":"https:\/\/blogdofarnesio.com.br\/?author=1"}]}},"_links":{"self":[{"href":"https:\/\/blogdofarnesio.com.br\/index.php?rest_route=\/wp\/v2\/posts\/177339","targetHints":{"allow":["GET"]}}],"collection":[{"href":"https:\/\/blogdofarnesio.com.br\/index.php?rest_route=\/wp\/v2\/posts"}],"about":[{"href":"https:\/\/blogdofarnesio.com.br\/index.php?rest_route=\/wp\/v2\/types\/post"}],"author":[{"embeddable":true,"href":"https:\/\/blogdofarnesio.com.br\/index.php?rest_route=\/wp\/v2\/users\/1"}],"replies":[{"embeddable":true,"href":"https:\/\/blogdofarnesio.com.br\/index.php?rest_route=%2Fwp%2Fv2%2Fcomments&post=177339"}],"version-history":[{"count":0,"href":"https:\/\/blogdofarnesio.com.br\/index.php?rest_route=\/wp\/v2\/posts\/177339\/revisions"}],"wp:featuredmedia":[{"embeddable":true,"href":"https:\/\/blogdofarnesio.com.br\/index.php?rest_route=\/wp\/v2\/media\/154041"}],"wp:attachment":[{"href":"https:\/\/blogdofarnesio.com.br\/index.php?rest_route=%2Fwp%2Fv2%2Fmedia&parent=177339"}],"wp:term":[{"taxonomy":"category","embeddable":true,"href":"https:\/\/blogdofarnesio.com.br\/index.php?rest_route=%2Fwp%2Fv2%2Fcategories&post=177339"},{"taxonomy":"post_tag","embeddable":true,"href":"https:\/\/blogdofarnesio.com.br\/index.php?rest_route=%2Fwp%2Fv2%2Ftags&post=177339"}],"curies":[{"name":"wp","href":"https:\/\/api.w.org\/{rel}","templated":true}]}}