{"id":177329,"date":"2017-09-25T17:30:33","date_gmt":"2017-09-25T20:30:33","guid":{"rendered":"http:\/\/quersaberpolitica.com.br\/2016\/?p=177329"},"modified":"2017-09-25T11:15:27","modified_gmt":"2017-09-25T14:15:27","slug":"paulo-souto-deve-disputar-vaga-de-deputado-federal-em-2018","status":"publish","type":"post","link":"https:\/\/blogdofarnesio.com.br\/?p=177329","title":{"rendered":"PAULO SOUTO DEVE DISPUTAR VAGA DE DEPUTADO FEDERAL EM 2018"},"content":{"rendered":"<p class=\"x_MsoNormal\" style=\"text-align: justify;\">As articula\u00e7\u00f5es para elei\u00e7\u00f5es de 2018 j\u00e1 est\u00e3o a todo vapor. As pe\u00e7as eleitorais est\u00e3o se movimentando e o ex-governador e atual secret\u00e1rio da Fazenda de Salvador, Paulo Souto, n\u00e3o est\u00e1 fora do cen\u00e1rio. Articulado e com bastante experi\u00eancia politica e administrativa, Souto \u00a0deve ser candidato em 2018.<\/p>\n<p class=\"x_MsoNormal\" style=\"text-align: justify;\">De acordo com a imprensa da capital, o ex-governador deve \u00a0tentar al\u00e7ar a C\u00e2mara Federal. Ligado nas novas tecnologias e plataformas de fazer comunica\u00e7\u00e3o\/pol\u00edtica, Souto tem retomado \u00e0s atividades, de forma intensiva, nas redes sociais. Essa a\u00e7\u00e3o est\u00e1 sendo interpretada nos meios pol\u00edticos como o in\u00edcio dessa empreitada.<\/p>\n<p class=\"x_MsoNormal\" style=\"text-align: justify;\">Souto j\u00e1 foi governador, vice-governador e senador e faz parte da tropa de choque e de confian\u00e7a do prefeito de Salvador, ACM Neto, que deve concorrer ao governo do Estado.<\/p>\n","protected":false},"excerpt":{"rendered":"<p>As articula\u00e7\u00f5es para elei\u00e7\u00f5es de 2018 j\u00e1 est\u00e3o a todo vapor. As pe\u00e7as eleitorais est\u00e3o se movimentando e o ex-governador e atual secret\u00e1rio da Fazenda de Salvador, Paulo Souto, n\u00e3o est\u00e1 fora do cen\u00e1rio. Articulado e com bastante experi\u00eancia politica e administrativa, Souto \u00a0deve ser candidato em 2018. De acordo com a imprensa da capital, o ex-governador deve \u00a0tentar al\u00e7ar a C\u00e2mara Federal. Ligado nas novas tecnologias e plataformas de fazer comunica\u00e7\u00e3o\/pol\u00edtica, Souto tem retomado \u00e0s atividades, de forma intensiva, nas redes sociais. Essa a\u00e7\u00e3o est\u00e1 sendo interpretada nos meios pol\u00edticos como o in\u00edcio dessa empreitada. Souto j\u00e1 foi governador, vice-governador e senador e faz parte da tropa de choque e de confian\u00e7a do prefeito de Salvador, ACM Neto, que&hellip; <\/p>\n","protected":false},"author":1,"featured_media":72052,"comment_status":"open","ping_status":"open","sticky":false,"template":"","format":"standard","meta":{"_acf_changed":false,"footnotes":""},"categories":[1],"tags":[],"class_list":["post-177329","post","type-post","status-publish","format-standard","has-post-thumbnail","hentry","category-politica"],"acf":[],"yoast_head":"<!-- This site is optimized with the Yoast SEO plugin v27.4 - https:\/\/yoast.com\/product\/yoast-seo-wordpress\/ -->\n<title>PAULO SOUTO DEVE DISPUTAR VAGA DE DEPUTADO FEDERAL EM 2018 - Blog do Farn\u00e9sio<\/title>\n<meta name=\"robots\" content=\"index, follow, max-snippet:-1, max-image-preview:large, max-video-preview:-1\" \/>\n<link rel=\"canonical\" href=\"https:\/\/blogdofarnesio.com.br\/?p=177329\" \/>\n<meta property=\"og:locale\" content=\"pt_BR\" \/>\n<meta property=\"og:type\" content=\"article\" \/>\n<meta property=\"og:title\" content=\"PAULO SOUTO DEVE DISPUTAR VAGA DE DEPUTADO FEDERAL EM 2018 - Blog do Farn\u00e9sio\" \/>\n<meta property=\"og:description\" content=\"As articula\u00e7\u00f5es para elei\u00e7\u00f5es de 2018 j\u00e1 est\u00e3o a todo vapor. As pe\u00e7as eleitorais est\u00e3o se movimentando e o ex-governador e atual secret\u00e1rio da Fazenda de Salvador, Paulo Souto, n\u00e3o est\u00e1 fora do cen\u00e1rio. Articulado e com bastante experi\u00eancia politica e administrativa, Souto \u00a0deve ser candidato em 2018. De acordo com a imprensa da capital, o ex-governador deve \u00a0tentar al\u00e7ar a C\u00e2mara Federal. Ligado nas novas tecnologias e plataformas de fazer comunica\u00e7\u00e3o\/pol\u00edtica, Souto tem retomado \u00e0s atividades, de forma intensiva, nas redes sociais. Essa a\u00e7\u00e3o est\u00e1 sendo interpretada nos meios pol\u00edticos como o in\u00edcio dessa empreitada. Souto j\u00e1 foi governador, vice-governador e senador e faz parte da tropa de choque e de confian\u00e7a do prefeito de Salvador, ACM Neto, que&hellip;\" \/>\n<meta property=\"og:url\" content=\"https:\/\/blogdofarnesio.com.br\/?p=177329\" \/>\n<meta property=\"og:site_name\" content=\"Blog do Farn\u00e9sio\" \/>\n<meta property=\"article:publisher\" content=\"https:\/\/www.facebook.com\/BlogQuerSaberPolitica\/\" \/>\n<meta property=\"article:published_time\" content=\"2017-09-25T20:30:33+00:00\" \/>\n<meta property=\"og:image\" content=\"https:\/\/blogdofarnesio.com.br\/wp-content\/uploads\/2014\/02\/Paulo-Souto.jpg\" \/>\n\t<meta property=\"og:image:width\" content=\"317\" \/>\n\t<meta property=\"og:image:height\" content=\"400\" \/>\n\t<meta property=\"og:image:type\" content=\"image\/jpeg\" \/>\n<meta name=\"author\" content=\"Farn\u00e9sio\" \/>\n<meta name=\"twitter:card\" content=\"summary_large_image\" \/>\n<meta name=\"twitter:label1\" content=\"Escrito por\" \/>\n\t<meta name=\"twitter:data1\" content=\"Farn\u00e9sio\" \/>\n\t<meta name=\"twitter:label2\" content=\"Est. tempo de leitura\" \/>\n\t<meta name=\"twitter:data2\" content=\"1 minuto\" \/>\n<script type=\"application\/ld+json\" class=\"yoast-schema-graph\">{\"@context\":\"https:\\\/\\\/schema.org\",\"@graph\":[{\"@type\":\"Article\",\"@id\":\"https:\\\/\\\/blogdofarnesio.com.br\\\/?p=177329#article\",\"isPartOf\":{\"@id\":\"https:\\\/\\\/blogdofarnesio.com.br\\\/?p=177329\"},\"author\":{\"name\":\"Farn\u00e9sio\",\"@id\":\"https:\\\/\\\/blogdofarnesio.com.br\\\/#\\\/schema\\\/person\\\/301c4acf522bccbfdb45af95b5b906a1\"},\"headline\":\"PAULO SOUTO DEVE DISPUTAR VAGA DE DEPUTADO FEDERAL EM 2018\",\"datePublished\":\"2017-09-25T20:30:33+00:00\",\"mainEntityOfPage\":{\"@id\":\"https:\\\/\\\/blogdofarnesio.com.br\\\/?p=177329\"},\"wordCount\":151,\"commentCount\":0,\"publisher\":{\"@id\":\"https:\\\/\\\/blogdofarnesio.com.br\\\/#organization\"},\"image\":{\"@id\":\"https:\\\/\\\/blogdofarnesio.com.br\\\/?p=177329#primaryimage\"},\"thumbnailUrl\":\"https:\\\/\\\/blogdofarnesio.com.br\\\/wp-content\\\/uploads\\\/2014\\\/02\\\/Paulo-Souto.jpg\",\"articleSection\":[\"Pol\u00edtica\"],\"inLanguage\":\"pt-BR\",\"potentialAction\":[{\"@type\":\"CommentAction\",\"name\":\"Comment\",\"target\":[\"https:\\\/\\\/blogdofarnesio.com.br\\\/?p=177329#respond\"]}]},{\"@type\":\"WebPage\",\"@id\":\"https:\\\/\\\/blogdofarnesio.com.br\\\/?p=177329\",\"url\":\"https:\\\/\\\/blogdofarnesio.com.br\\\/?p=177329\",\"name\":\"PAULO SOUTO DEVE DISPUTAR VAGA DE DEPUTADO FEDERAL EM 2018 - Blog do Farn\u00e9sio\",\"isPartOf\":{\"@id\":\"https:\\\/\\\/blogdofarnesio.com.br\\\/#website\"},\"primaryImageOfPage\":{\"@id\":\"https:\\\/\\\/blogdofarnesio.com.br\\\/?p=177329#primaryimage\"},\"image\":{\"@id\":\"https:\\\/\\\/blogdofarnesio.com.br\\\/?p=177329#primaryimage\"},\"thumbnailUrl\":\"https:\\\/\\\/blogdofarnesio.com.br\\\/wp-content\\\/uploads\\\/2014\\\/02\\\/Paulo-Souto.jpg\",\"datePublished\":\"2017-09-25T20:30:33+00:00\",\"breadcrumb\":{\"@id\":\"https:\\\/\\\/blogdofarnesio.com.br\\\/?p=177329#breadcrumb\"},\"inLanguage\":\"pt-BR\",\"potentialAction\":[{\"@type\":\"ReadAction\",\"target\":[\"https:\\\/\\\/blogdofarnesio.com.br\\\/?p=177329\"]}]},{\"@type\":\"ImageObject\",\"inLanguage\":\"pt-BR\",\"@id\":\"https:\\\/\\\/blogdofarnesio.com.br\\\/?p=177329#primaryimage\",\"url\":\"https:\\\/\\\/blogdofarnesio.com.br\\\/wp-content\\\/uploads\\\/2014\\\/02\\\/Paulo-Souto.jpg\",\"contentUrl\":\"https:\\\/\\\/blogdofarnesio.com.br\\\/wp-content\\\/uploads\\\/2014\\\/02\\\/Paulo-Souto.jpg\",\"width\":317,\"height\":400},{\"@type\":\"BreadcrumbList\",\"@id\":\"https:\\\/\\\/blogdofarnesio.com.br\\\/?p=177329#breadcrumb\",\"itemListElement\":[{\"@type\":\"ListItem\",\"position\":1,\"name\":\"In\u00edcio\",\"item\":\"https:\\\/\\\/blogdofarnesio.com.br\\\/\"},{\"@type\":\"ListItem\",\"position\":2,\"name\":\"PAULO SOUTO DEVE DISPUTAR VAGA DE DEPUTADO FEDERAL EM 2018\"}]},{\"@type\":\"WebSite\",\"@id\":\"https:\\\/\\\/blogdofarnesio.com.br\\\/#website\",\"url\":\"https:\\\/\\\/blogdofarnesio.com.br\\\/\",\"name\":\"Blog do Farn\u00e9sio\",\"description\":\"Quer Saber Pol\u00edtica?\",\"publisher\":{\"@id\":\"https:\\\/\\\/blogdofarnesio.com.br\\\/#organization\"},\"potentialAction\":[{\"@type\":\"SearchAction\",\"target\":{\"@type\":\"EntryPoint\",\"urlTemplate\":\"https:\\\/\\\/blogdofarnesio.com.br\\\/?s={search_term_string}\"},\"query-input\":{\"@type\":\"PropertyValueSpecification\",\"valueRequired\":true,\"valueName\":\"search_term_string\"}}],\"inLanguage\":\"pt-BR\"},{\"@type\":\"Organization\",\"@id\":\"https:\\\/\\\/blogdofarnesio.com.br\\\/#organization\",\"name\":\"Blog do Farn\u00e9sio\",\"url\":\"https:\\\/\\\/blogdofarnesio.com.br\\\/\",\"logo\":{\"@type\":\"ImageObject\",\"inLanguage\":\"pt-BR\",\"@id\":\"https:\\\/\\\/blogdofarnesio.com.br\\\/#\\\/schema\\\/logo\\\/image\\\/\",\"url\":\"https:\\\/\\\/blogdofarnesio.com.br\\\/wp-content\\\/uploads\\\/2026\\\/03\\\/cropped-logo_new-1.png\",\"contentUrl\":\"https:\\\/\\\/blogdofarnesio.com.br\\\/wp-content\\\/uploads\\\/2026\\\/03\\\/cropped-logo_new-1.png\",\"width\":881,\"height\":685,\"caption\":\"Blog do Farn\u00e9sio\"},\"image\":{\"@id\":\"https:\\\/\\\/blogdofarnesio.com.br\\\/#\\\/schema\\\/logo\\\/image\\\/\"},\"sameAs\":[\"https:\\\/\\\/www.facebook.com\\\/BlogQuerSaberPolitica\\\/\"]},{\"@type\":\"Person\",\"@id\":\"https:\\\/\\\/blogdofarnesio.com.br\\\/#\\\/schema\\\/person\\\/301c4acf522bccbfdb45af95b5b906a1\",\"name\":\"Farn\u00e9sio\",\"image\":{\"@type\":\"ImageObject\",\"inLanguage\":\"pt-BR\",\"@id\":\"https:\\\/\\\/secure.gravatar.com\\\/avatar\\\/df0c9a14567c056f8ad6876ba5bbd1e3e2c48023eb6807342fc4663adf549f38?s=96&d=mm&r=g\",\"url\":\"https:\\\/\\\/secure.gravatar.com\\\/avatar\\\/df0c9a14567c056f8ad6876ba5bbd1e3e2c48023eb6807342fc4663adf549f38?s=96&d=mm&r=g\",\"contentUrl\":\"https:\\\/\\\/secure.gravatar.com\\\/avatar\\\/df0c9a14567c056f8ad6876ba5bbd1e3e2c48023eb6807342fc4663adf549f38?s=96&d=mm&r=g\",\"caption\":\"Farn\u00e9sio\"},\"sameAs\":[\"https:\\\/\\\/quersaberpolitica.com.br\"],\"url\":\"https:\\\/\\\/blogdofarnesio.com.br\\\/?author=1\"}]}<\/script>\n<!-- \/ Yoast SEO plugin. -->","yoast_head_json":{"title":"PAULO SOUTO DEVE DISPUTAR VAGA DE DEPUTADO FEDERAL EM 2018 - Blog do Farn\u00e9sio","robots":{"index":"index","follow":"follow","max-snippet":"max-snippet:-1","max-image-preview":"max-image-preview:large","max-video-preview":"max-video-preview:-1"},"canonical":"https:\/\/blogdofarnesio.com.br\/?p=177329","og_locale":"pt_BR","og_type":"article","og_title":"PAULO SOUTO DEVE DISPUTAR VAGA DE DEPUTADO FEDERAL EM 2018 - Blog do Farn\u00e9sio","og_description":"As articula\u00e7\u00f5es para elei\u00e7\u00f5es de 2018 j\u00e1 est\u00e3o a todo vapor. As pe\u00e7as eleitorais est\u00e3o se movimentando e o ex-governador e atual secret\u00e1rio da Fazenda de Salvador, Paulo Souto, n\u00e3o est\u00e1 fora do cen\u00e1rio. Articulado e com bastante experi\u00eancia politica e administrativa, Souto \u00a0deve ser candidato em 2018. De acordo com a imprensa da capital, o ex-governador deve \u00a0tentar al\u00e7ar a C\u00e2mara Federal. Ligado nas novas tecnologias e plataformas de fazer comunica\u00e7\u00e3o\/pol\u00edtica, Souto tem retomado \u00e0s atividades, de forma intensiva, nas redes sociais. Essa a\u00e7\u00e3o est\u00e1 sendo interpretada nos meios pol\u00edticos como o in\u00edcio dessa empreitada. Souto j\u00e1 foi governador, vice-governador e senador e faz parte da tropa de choque e de confian\u00e7a do prefeito de Salvador, ACM Neto, que&hellip;","og_url":"https:\/\/blogdofarnesio.com.br\/?p=177329","og_site_name":"Blog do Farn\u00e9sio","article_publisher":"https:\/\/www.facebook.com\/BlogQuerSaberPolitica\/","article_published_time":"2017-09-25T20:30:33+00:00","og_image":[{"width":317,"height":400,"url":"https:\/\/blogdofarnesio.com.br\/wp-content\/uploads\/2014\/02\/Paulo-Souto.jpg","type":"image\/jpeg"}],"author":"Farn\u00e9sio","twitter_card":"summary_large_image","twitter_misc":{"Escrito por":"Farn\u00e9sio","Est. tempo de leitura":"1 minuto"},"schema":{"@context":"https:\/\/schema.org","@graph":[{"@type":"Article","@id":"https:\/\/blogdofarnesio.com.br\/?p=177329#article","isPartOf":{"@id":"https:\/\/blogdofarnesio.com.br\/?p=177329"},"author":{"name":"Farn\u00e9sio","@id":"https:\/\/blogdofarnesio.com.br\/#\/schema\/person\/301c4acf522bccbfdb45af95b5b906a1"},"headline":"PAULO SOUTO DEVE DISPUTAR VAGA DE DEPUTADO FEDERAL EM 2018","datePublished":"2017-09-25T20:30:33+00:00","mainEntityOfPage":{"@id":"https:\/\/blogdofarnesio.com.br\/?p=177329"},"wordCount":151,"commentCount":0,"publisher":{"@id":"https:\/\/blogdofarnesio.com.br\/#organization"},"image":{"@id":"https:\/\/blogdofarnesio.com.br\/?p=177329#primaryimage"},"thumbnailUrl":"https:\/\/blogdofarnesio.com.br\/wp-content\/uploads\/2014\/02\/Paulo-Souto.jpg","articleSection":["Pol\u00edtica"],"inLanguage":"pt-BR","potentialAction":[{"@type":"CommentAction","name":"Comment","target":["https:\/\/blogdofarnesio.com.br\/?p=177329#respond"]}]},{"@type":"WebPage","@id":"https:\/\/blogdofarnesio.com.br\/?p=177329","url":"https:\/\/blogdofarnesio.com.br\/?p=177329","name":"PAULO SOUTO DEVE DISPUTAR VAGA DE DEPUTADO FEDERAL EM 2018 - Blog do Farn\u00e9sio","isPartOf":{"@id":"https:\/\/blogdofarnesio.com.br\/#website"},"primaryImageOfPage":{"@id":"https:\/\/blogdofarnesio.com.br\/?p=177329#primaryimage"},"image":{"@id":"https:\/\/blogdofarnesio.com.br\/?p=177329#primaryimage"},"thumbnailUrl":"https:\/\/blogdofarnesio.com.br\/wp-content\/uploads\/2014\/02\/Paulo-Souto.jpg","datePublished":"2017-09-25T20:30:33+00:00","breadcrumb":{"@id":"https:\/\/blogdofarnesio.com.br\/?p=177329#breadcrumb"},"inLanguage":"pt-BR","potentialAction":[{"@type":"ReadAction","target":["https:\/\/blogdofarnesio.com.br\/?p=177329"]}]},{"@type":"ImageObject","inLanguage":"pt-BR","@id":"https:\/\/blogdofarnesio.com.br\/?p=177329#primaryimage","url":"https:\/\/blogdofarnesio.com.br\/wp-content\/uploads\/2014\/02\/Paulo-Souto.jpg","contentUrl":"https:\/\/blogdofarnesio.com.br\/wp-content\/uploads\/2014\/02\/Paulo-Souto.jpg","width":317,"height":400},{"@type":"BreadcrumbList","@id":"https:\/\/blogdofarnesio.com.br\/?p=177329#breadcrumb","itemListElement":[{"@type":"ListItem","position":1,"name":"In\u00edcio","item":"https:\/\/blogdofarnesio.com.br\/"},{"@type":"ListItem","position":2,"name":"PAULO SOUTO DEVE DISPUTAR VAGA DE DEPUTADO FEDERAL EM 2018"}]},{"@type":"WebSite","@id":"https:\/\/blogdofarnesio.com.br\/#website","url":"https:\/\/blogdofarnesio.com.br\/","name":"Blog do Farn\u00e9sio","description":"Quer Saber Pol\u00edtica?","publisher":{"@id":"https:\/\/blogdofarnesio.com.br\/#organization"},"potentialAction":[{"@type":"SearchAction","target":{"@type":"EntryPoint","urlTemplate":"https:\/\/blogdofarnesio.com.br\/?s={search_term_string}"},"query-input":{"@type":"PropertyValueSpecification","valueRequired":true,"valueName":"search_term_string"}}],"inLanguage":"pt-BR"},{"@type":"Organization","@id":"https:\/\/blogdofarnesio.com.br\/#organization","name":"Blog do Farn\u00e9sio","url":"https:\/\/blogdofarnesio.com.br\/","logo":{"@type":"ImageObject","inLanguage":"pt-BR","@id":"https:\/\/blogdofarnesio.com.br\/#\/schema\/logo\/image\/","url":"https:\/\/blogdofarnesio.com.br\/wp-content\/uploads\/2026\/03\/cropped-logo_new-1.png","contentUrl":"https:\/\/blogdofarnesio.com.br\/wp-content\/uploads\/2026\/03\/cropped-logo_new-1.png","width":881,"height":685,"caption":"Blog do Farn\u00e9sio"},"image":{"@id":"https:\/\/blogdofarnesio.com.br\/#\/schema\/logo\/image\/"},"sameAs":["https:\/\/www.facebook.com\/BlogQuerSaberPolitica\/"]},{"@type":"Person","@id":"https:\/\/blogdofarnesio.com.br\/#\/schema\/person\/301c4acf522bccbfdb45af95b5b906a1","name":"Farn\u00e9sio","image":{"@type":"ImageObject","inLanguage":"pt-BR","@id":"https:\/\/secure.gravatar.com\/avatar\/df0c9a14567c056f8ad6876ba5bbd1e3e2c48023eb6807342fc4663adf549f38?s=96&d=mm&r=g","url":"https:\/\/secure.gravatar.com\/avatar\/df0c9a14567c056f8ad6876ba5bbd1e3e2c48023eb6807342fc4663adf549f38?s=96&d=mm&r=g","contentUrl":"https:\/\/secure.gravatar.com\/avatar\/df0c9a14567c056f8ad6876ba5bbd1e3e2c48023eb6807342fc4663adf549f38?s=96&d=mm&r=g","caption":"Farn\u00e9sio"},"sameAs":["https:\/\/quersaberpolitica.com.br"],"url":"https:\/\/blogdofarnesio.com.br\/?author=1"}]}},"_links":{"self":[{"href":"https:\/\/blogdofarnesio.com.br\/index.php?rest_route=\/wp\/v2\/posts\/177329","targetHints":{"allow":["GET"]}}],"collection":[{"href":"https:\/\/blogdofarnesio.com.br\/index.php?rest_route=\/wp\/v2\/posts"}],"about":[{"href":"https:\/\/blogdofarnesio.com.br\/index.php?rest_route=\/wp\/v2\/types\/post"}],"author":[{"embeddable":true,"href":"https:\/\/blogdofarnesio.com.br\/index.php?rest_route=\/wp\/v2\/users\/1"}],"replies":[{"embeddable":true,"href":"https:\/\/blogdofarnesio.com.br\/index.php?rest_route=%2Fwp%2Fv2%2Fcomments&post=177329"}],"version-history":[{"count":0,"href":"https:\/\/blogdofarnesio.com.br\/index.php?rest_route=\/wp\/v2\/posts\/177329\/revisions"}],"wp:featuredmedia":[{"embeddable":true,"href":"https:\/\/blogdofarnesio.com.br\/index.php?rest_route=\/wp\/v2\/media\/72052"}],"wp:attachment":[{"href":"https:\/\/blogdofarnesio.com.br\/index.php?rest_route=%2Fwp%2Fv2%2Fmedia&parent=177329"}],"wp:term":[{"taxonomy":"category","embeddable":true,"href":"https:\/\/blogdofarnesio.com.br\/index.php?rest_route=%2Fwp%2Fv2%2Fcategories&post=177329"},{"taxonomy":"post_tag","embeddable":true,"href":"https:\/\/blogdofarnesio.com.br\/index.php?rest_route=%2Fwp%2Fv2%2Ftags&post=177329"}],"curies":[{"name":"wp","href":"https:\/\/api.w.org\/{rel}","templated":true}]}}