{"id":17709,"date":"2012-09-27T09:00:00","date_gmt":"2012-09-27T09:00:00","guid":{"rendered":"http:\/\/www.quersaberpolitica.com.br?p=17709"},"modified":"-0001-11-30T00:00:00","modified_gmt":"-0001-11-30T03:00:00","slug":"prefeitura-de-petrolina-anuncia-regularizacao-fundiaria-de-mais-de-5000-lotes-no-bairro-jose-e-maria","status":"publish","type":"post","link":"https:\/\/blogdofarnesio.com.br\/?p=17709","title":{"rendered":"Prefeitura de Petrolina anuncia regulariza\u00e7\u00e3o fundi\u00e1ria de mais de 5.000 lotes no bairro Jos\u00e9 e Maria"},"content":{"rendered":"<p><p style=\"text-align: justify;\"><a rel=\"lightbox\" href=\"http:\/\/www.quersaberpolitica.com.br\/2016\/wp-content\/uploads\/2012\/12\/blogqsp.lossioregulariza&ccedil;&otilde;a.jpg\"><img loading=\"lazy\" decoding=\"async\" style=\"float: left; margin: 5px 10px;\" src=\"http:\/\/www.quersaberpolitica.com.br\/2016\/wp-content\/uploads\/2012\/12\/blogqsp.lossioregulariza&ccedil;&otilde;a.jpg\" alt=\"\" width=\"200\" height=\"143\" \/><\/a><span style=\"font-family: arial, helvetica, sans-serif; font-size: medium;\">A ocupa&ccedil;&atilde;o e regulariza&ccedil;&atilde;o das &aacute;reas do Bairro Jos&eacute; e Maria &eacute; uma hist&oacute;ria iniciada h&aacute; mais de 40 anos e, por fim, foi resolvida nesta semana pela Prefeitura Municipal de Petrolina e anunciada pelo prefeito Julio Lossio &agrave; comunidade e m&iacute;dias locais na manh&atilde; desta quarta-feira (26). Mais de 5.000 lotes e aproximadamente 20.000 fam&iacute;lias ter&atilde;o as escrituras de suas casas regularizadas.<\/span><\/p>\n<p style=\"text-align: justify;\"><span style=\"font-size: medium;\"><span style=\"font-family: arial, helvetica, sans-serif;\">No ano de 1977, Esp&oacute;lio Emmanuel Egberto herdou do seu av&ocirc;, Jos&eacute; Rodrigues de Araujo, uma fazenda denominada Granja Primavera &#8211; Fazenda Espinho, que somava 276 hectares na cidade. A &aacute;rea foi ocupada e ele requereu na justi&ccedil;a a posse de sua &aacute;rea. Em 1984, a Justi&ccedil;a determinou ganho de causa ao herdeiro, mas este n&atilde;o conseguiu se apropriar das terras devido &agrave; ocupa&ccedil;&atilde;o por parte da popula&ccedil;&atilde;o e munic&iacute;pio.<\/span><\/span><\/p>\n<p style=\"text-align: justify;\"><span style=\"font-size: medium;\"><span style=\"font-family: arial, helvetica, sans-serif;\">Reconhecendo ser devedora &agrave; fam&iacute;lia de Esp&oacute;lio Emmanuel, j&aacute; falecido, a administra&ccedil;&atilde;o p&uacute;blica quitar&aacute; a quantia ofertada e confirmada pelo Tribunal de Justi&ccedil;a, no valor de R$ 56,821,823,31 (cinquenta e seis milh&otilde;es, oitocentos e vinte e um mil, oitocentos e vinte e tr&ecirc;s reais e trinta e um centavos) referentes &agrave;s &aacute;reas dos Loteamentos Jos&eacute; e Maria, Dom Malan e Petrolina III (Cohab\/PE) com algumas limita&ccedil;&otilde;es.<\/span><\/span><\/p>\n<p style=\"text-align: justify;\"><span style=\"font-size: medium;\"><span style=\"font-family: arial, helvetica, sans-serif;\">Buscando a regulariza&ccedil;&atilde;o dessas e outras &aacute;reas em Petrolina, a Prefeitura Municipal criou uma equipe de regulariza&ccedil;&atilde;o fundi&aacute;ria. Com o programa de regulariza&ccedil;&atilde;o fundi&aacute;ria, a Prefeitura Municipal trabalha com a orienta&ccedil;&atilde;o das fam&iacute;lias, com cadastramento e informa&ccedil;&otilde;es sobre documenta&ccedil;&atilde;o, para que todas elas possam participar da organiza&ccedil;&atilde;o fundi&aacute;ria, sem nenhuma despesa.<\/span><\/span><\/p>\n<p style=\"text-align: justify;\"><span style=\"font-size: medium;\"><span style=\"font-family: arial, helvetica, sans-serif;\">Com o trabalho, j&aacute; foi solucionado um outro problema com mais de 20 anos: em 2010, as 1.800 fam&iacute;lias que residiam nas localidades de S&atilde;o Jorge, S&atilde;o Joaquim e Lagoa Seca, que compreende 377 mil m&sup2;, receberam por meio de Decreto, a not&iacute;cia da a&ccedil;&atilde;o de desapropria&ccedil;&atilde;o de posse de todas essas &aacute;reas, que se tornaram &aacute;rea de interesse social. Conforme o Decreto, os terrenos s&atilde;o de posse do munic&iacute;pio, sendo assim, n&atilde;o existe mais a desapropria&ccedil;&atilde;o dos moradores do local por meios de antigos propriet&aacute;rios que entraram com a&ccedil;&atilde;o de despejo das fam&iacute;lias que residem nos terrenos.<\/span><\/span><\/p>\n<p style=\"text-align: justify;\"><span style=\"font-size: medium;\"><span style=\"font-family: arial, helvetica, sans-serif;\">Em outro processo, a regulariza&ccedil;&atilde;o fundi&aacute;ria no bairro Terras do Sul, a Prefeitura Municipal investiu na desapropria&ccedil;&atilde;o do terreno em torno R$ 600 mil, al&eacute;m dos investimentos feitos para viabilizar os procedimentos administrativos (fiscais, arquitetura, topografia cadastros), que ficaram por volta de R$ 500 mil. Foi empregado aproximadamente R$ 1,1 milh&atilde;o.<\/span><\/span><\/p>\n<p style=\"text-align: justify;\"><span style=\"font-size: medium;\"><span style=\"font-family: arial, helvetica, sans-serif;\">As regulariza&ccedil;&otilde;es fundi&aacute;rias acordadas pela Prefeitura de Petrolina seguem medidas jur&iacute;dicas, urban&iacute;sticas, ambientais e sociais que visam a regulariza&ccedil;&atilde;o de assentamentos irregulares na cidade e a titula&ccedil;&atilde;o de seus ocupantes, de modo a garantir o direito social &agrave; moradia.<\/span><\/span><\/p>\n<p style=\"text-align: justify;\"><span style=\"font-size: medium;\"><span style=\"font-family: arial, helvetica, sans-serif;\"><br \/><\/span><\/span><\/p>\n<p style=\"text-align: justify;\"><span style=\"font-size: medium;\"><span style=\"font-family: arial, helvetica, sans-serif;\"><br \/><\/span><\/span><\/p><\/p>\n","protected":false},"excerpt":{"rendered":"<p>A ocupa&ccedil;&atilde;o e regulariza&ccedil;&atilde;o das &aacute;reas do Bairro Jos&eacute; e Maria &eacute; uma hist&oacute;ria iniciada h&aacute; mais de 40 anos e, por fim, foi resolvida nesta semana pela Prefeitura Municipal de Petrolina e anunciada pelo prefeito Julio Lossio &agrave; comunidade e m&iacute;dias locais na manh&atilde; desta quarta-feira (26). Mais de 5.000 lotes e aproximadamente 20.000 fam&iacute;lias ter&atilde;o as escrituras de suas casas regularizadas. No ano de 1977, Esp&oacute;lio Emmanuel Egberto herdou do seu av&ocirc;, Jos&eacute; Rodrigues de Araujo, uma fazenda denominada Granja Primavera &#8211; Fazenda Espinho, que somava 276 hectares na cidade. A &aacute;rea foi ocupada e ele requereu na justi&ccedil;a a posse de sua &aacute;rea. Em 1984, a Justi&ccedil;a determinou ganho de causa ao herdeiro, mas este n&atilde;o conseguiu&hellip; <\/p>\n","protected":false},"author":0,"featured_media":0,"comment_status":"open","ping_status":"open","sticky":false,"template":"","format":"standard","meta":{"_acf_changed":false,"footnotes":""},"categories":[43],"tags":[],"class_list":["post-17709","post","type-post","status-publish","format-standard","hentry","category-sem-categoria"],"acf":[],"yoast_head":"<!-- This site is optimized with the Yoast SEO plugin v27.4 - https:\/\/yoast.com\/product\/yoast-seo-wordpress\/ -->\n<title>Prefeitura de Petrolina anuncia regulariza\u00e7\u00e3o fundi\u00e1ria de mais de 5.000 lotes no bairro Jos\u00e9 e Maria  - Blog do Farn\u00e9sio<\/title>\n<meta name=\"robots\" content=\"index, follow, max-snippet:-1, max-image-preview:large, max-video-preview:-1\" \/>\n<link rel=\"canonical\" href=\"https:\/\/blogdofarnesio.com.br\/?p=17709\" \/>\n<meta property=\"og:locale\" content=\"pt_BR\" \/>\n<meta property=\"og:type\" content=\"article\" \/>\n<meta property=\"og:title\" content=\"Prefeitura de Petrolina anuncia regulariza\u00e7\u00e3o fundi\u00e1ria de mais de 5.000 lotes no bairro Jos\u00e9 e Maria  - Blog do Farn\u00e9sio\" \/>\n<meta property=\"og:description\" content=\"A ocupa&ccedil;&atilde;o e regulariza&ccedil;&atilde;o das &aacute;reas do Bairro Jos&eacute; e Maria &eacute; uma hist&oacute;ria iniciada h&aacute; mais de 40 anos e, por fim, foi resolvida nesta semana pela Prefeitura Municipal de Petrolina e anunciada pelo prefeito Julio Lossio &agrave; comunidade e m&iacute;dias locais na manh&atilde; desta quarta-feira (26). Mais de 5.000 lotes e aproximadamente 20.000 fam&iacute;lias ter&atilde;o as escrituras de suas casas regularizadas. No ano de 1977, Esp&oacute;lio Emmanuel Egberto herdou do seu av&ocirc;, Jos&eacute; Rodrigues de Araujo, uma fazenda denominada Granja Primavera &#8211; Fazenda Espinho, que somava 276 hectares na cidade. A &aacute;rea foi ocupada e ele requereu na justi&ccedil;a a posse de sua &aacute;rea. Em 1984, a Justi&ccedil;a determinou ganho de causa ao herdeiro, mas este n&atilde;o conseguiu&hellip;\" \/>\n<meta property=\"og:url\" content=\"https:\/\/blogdofarnesio.com.br\/?p=17709\" \/>\n<meta property=\"og:site_name\" content=\"Blog do Farn\u00e9sio\" \/>\n<meta property=\"article:publisher\" content=\"https:\/\/www.facebook.com\/BlogQuerSaberPolitica\/\" \/>\n<meta property=\"article:published_time\" content=\"2012-09-27T09:00:00+00:00\" \/>\n<meta property=\"og:image\" content=\"http:\/\/www.quersaberpolitica.com.br\/2016\/wp-content\/uploads\/2012\/12\/blogqsp.lossioregulariza&ccedil;&otilde;a.jpg\" \/>\n<meta name=\"twitter:card\" content=\"summary_large_image\" \/>\n<meta name=\"twitter:label1\" content=\"Est. tempo de leitura\" \/>\n\t<meta name=\"twitter:data1\" content=\"3 minutos\" \/>\n<script type=\"application\/ld+json\" class=\"yoast-schema-graph\">{\"@context\":\"https:\\\/\\\/schema.org\",\"@graph\":[{\"@type\":\"Article\",\"@id\":\"https:\\\/\\\/blogdofarnesio.com.br\\\/?p=17709#article\",\"isPartOf\":{\"@id\":\"https:\\\/\\\/blogdofarnesio.com.br\\\/?p=17709\"},\"author\":{\"name\":\"\",\"@id\":\"\"},\"headline\":\"Prefeitura de Petrolina anuncia regulariza\u00e7\u00e3o fundi\u00e1ria de mais de 5.000 lotes no bairro Jos\u00e9 e Maria\",\"datePublished\":\"2012-09-27T09:00:00+00:00\",\"mainEntityOfPage\":{\"@id\":\"https:\\\/\\\/blogdofarnesio.com.br\\\/?p=17709\"},\"wordCount\":593,\"commentCount\":0,\"publisher\":{\"@id\":\"https:\\\/\\\/blogdofarnesio.com.br\\\/#organization\"},\"image\":{\"@id\":\"https:\\\/\\\/blogdofarnesio.com.br\\\/?p=17709#primaryimage\"},\"thumbnailUrl\":\"http:\\\/\\\/www.quersaberpolitica.com.br\\\/2016\\\/wp-content\\\/uploads\\\/2012\\\/12\\\/blogqsp.lossioregulariza&ccedil;&otilde;a.jpg\",\"inLanguage\":\"pt-BR\",\"potentialAction\":[{\"@type\":\"CommentAction\",\"name\":\"Comment\",\"target\":[\"https:\\\/\\\/blogdofarnesio.com.br\\\/?p=17709#respond\"]}]},{\"@type\":\"WebPage\",\"@id\":\"https:\\\/\\\/blogdofarnesio.com.br\\\/?p=17709\",\"url\":\"https:\\\/\\\/blogdofarnesio.com.br\\\/?p=17709\",\"name\":\"Prefeitura de Petrolina anuncia regulariza\u00e7\u00e3o fundi\u00e1ria de mais de 5.000 lotes no bairro Jos\u00e9 e Maria - Blog do Farn\u00e9sio\",\"isPartOf\":{\"@id\":\"https:\\\/\\\/blogdofarnesio.com.br\\\/#website\"},\"primaryImageOfPage\":{\"@id\":\"https:\\\/\\\/blogdofarnesio.com.br\\\/?p=17709#primaryimage\"},\"image\":{\"@id\":\"https:\\\/\\\/blogdofarnesio.com.br\\\/?p=17709#primaryimage\"},\"thumbnailUrl\":\"http:\\\/\\\/www.quersaberpolitica.com.br\\\/2016\\\/wp-content\\\/uploads\\\/2012\\\/12\\\/blogqsp.lossioregulariza&ccedil;&otilde;a.jpg\",\"datePublished\":\"2012-09-27T09:00:00+00:00\",\"breadcrumb\":{\"@id\":\"https:\\\/\\\/blogdofarnesio.com.br\\\/?p=17709#breadcrumb\"},\"inLanguage\":\"pt-BR\",\"potentialAction\":[{\"@type\":\"ReadAction\",\"target\":[\"https:\\\/\\\/blogdofarnesio.com.br\\\/?p=17709\"]}]},{\"@type\":\"ImageObject\",\"inLanguage\":\"pt-BR\",\"@id\":\"https:\\\/\\\/blogdofarnesio.com.br\\\/?p=17709#primaryimage\",\"url\":\"http:\\\/\\\/www.quersaberpolitica.com.br\\\/2016\\\/wp-content\\\/uploads\\\/2012\\\/12\\\/blogqsp.lossioregulariza&ccedil;&otilde;a.jpg\",\"contentUrl\":\"http:\\\/\\\/www.quersaberpolitica.com.br\\\/2016\\\/wp-content\\\/uploads\\\/2012\\\/12\\\/blogqsp.lossioregulariza&ccedil;&otilde;a.jpg\"},{\"@type\":\"BreadcrumbList\",\"@id\":\"https:\\\/\\\/blogdofarnesio.com.br\\\/?p=17709#breadcrumb\",\"itemListElement\":[{\"@type\":\"ListItem\",\"position\":1,\"name\":\"In\u00edcio\",\"item\":\"https:\\\/\\\/blogdofarnesio.com.br\\\/\"},{\"@type\":\"ListItem\",\"position\":2,\"name\":\"Prefeitura de Petrolina anuncia regulariza\u00e7\u00e3o fundi\u00e1ria de mais de 5.000 lotes no bairro Jos\u00e9 e Maria\"}]},{\"@type\":\"WebSite\",\"@id\":\"https:\\\/\\\/blogdofarnesio.com.br\\\/#website\",\"url\":\"https:\\\/\\\/blogdofarnesio.com.br\\\/\",\"name\":\"Blog do Farn\u00e9sio\",\"description\":\"Quer Saber Pol\u00edtica?\",\"publisher\":{\"@id\":\"https:\\\/\\\/blogdofarnesio.com.br\\\/#organization\"},\"potentialAction\":[{\"@type\":\"SearchAction\",\"target\":{\"@type\":\"EntryPoint\",\"urlTemplate\":\"https:\\\/\\\/blogdofarnesio.com.br\\\/?s={search_term_string}\"},\"query-input\":{\"@type\":\"PropertyValueSpecification\",\"valueRequired\":true,\"valueName\":\"search_term_string\"}}],\"inLanguage\":\"pt-BR\"},{\"@type\":\"Organization\",\"@id\":\"https:\\\/\\\/blogdofarnesio.com.br\\\/#organization\",\"name\":\"Blog do Farn\u00e9sio\",\"url\":\"https:\\\/\\\/blogdofarnesio.com.br\\\/\",\"logo\":{\"@type\":\"ImageObject\",\"inLanguage\":\"pt-BR\",\"@id\":\"https:\\\/\\\/blogdofarnesio.com.br\\\/#\\\/schema\\\/logo\\\/image\\\/\",\"url\":\"https:\\\/\\\/blogdofarnesio.com.br\\\/wp-content\\\/uploads\\\/2026\\\/03\\\/cropped-logo_new-1.png\",\"contentUrl\":\"https:\\\/\\\/blogdofarnesio.com.br\\\/wp-content\\\/uploads\\\/2026\\\/03\\\/cropped-logo_new-1.png\",\"width\":881,\"height\":685,\"caption\":\"Blog do Farn\u00e9sio\"},\"image\":{\"@id\":\"https:\\\/\\\/blogdofarnesio.com.br\\\/#\\\/schema\\\/logo\\\/image\\\/\"},\"sameAs\":[\"https:\\\/\\\/www.facebook.com\\\/BlogQuerSaberPolitica\\\/\"]}]}<\/script>\n<!-- \/ Yoast SEO plugin. -->","yoast_head_json":{"title":"Prefeitura de Petrolina anuncia regulariza\u00e7\u00e3o fundi\u00e1ria de mais de 5.000 lotes no bairro Jos\u00e9 e Maria  - Blog do Farn\u00e9sio","robots":{"index":"index","follow":"follow","max-snippet":"max-snippet:-1","max-image-preview":"max-image-preview:large","max-video-preview":"max-video-preview:-1"},"canonical":"https:\/\/blogdofarnesio.com.br\/?p=17709","og_locale":"pt_BR","og_type":"article","og_title":"Prefeitura de Petrolina anuncia regulariza\u00e7\u00e3o fundi\u00e1ria de mais de 5.000 lotes no bairro Jos\u00e9 e Maria  - Blog do Farn\u00e9sio","og_description":"A ocupa&ccedil;&atilde;o e regulariza&ccedil;&atilde;o das &aacute;reas do Bairro Jos&eacute; e Maria &eacute; uma hist&oacute;ria iniciada h&aacute; mais de 40 anos e, por fim, foi resolvida nesta semana pela Prefeitura Municipal de Petrolina e anunciada pelo prefeito Julio Lossio &agrave; comunidade e m&iacute;dias locais na manh&atilde; desta quarta-feira (26). Mais de 5.000 lotes e aproximadamente 20.000 fam&iacute;lias ter&atilde;o as escrituras de suas casas regularizadas. No ano de 1977, Esp&oacute;lio Emmanuel Egberto herdou do seu av&ocirc;, Jos&eacute; Rodrigues de Araujo, uma fazenda denominada Granja Primavera &#8211; Fazenda Espinho, que somava 276 hectares na cidade. A &aacute;rea foi ocupada e ele requereu na justi&ccedil;a a posse de sua &aacute;rea. Em 1984, a Justi&ccedil;a determinou ganho de causa ao herdeiro, mas este n&atilde;o conseguiu&hellip;","og_url":"https:\/\/blogdofarnesio.com.br\/?p=17709","og_site_name":"Blog do Farn\u00e9sio","article_publisher":"https:\/\/www.facebook.com\/BlogQuerSaberPolitica\/","article_published_time":"2012-09-27T09:00:00+00:00","og_image":[{"url":"http:\/\/www.quersaberpolitica.com.br\/2016\/wp-content\/uploads\/2012\/12\/blogqsp.lossioregulariza&ccedil;&otilde;a.jpg","type":"","width":"","height":""}],"twitter_card":"summary_large_image","twitter_misc":{"Est. tempo de leitura":"3 minutos"},"schema":{"@context":"https:\/\/schema.org","@graph":[{"@type":"Article","@id":"https:\/\/blogdofarnesio.com.br\/?p=17709#article","isPartOf":{"@id":"https:\/\/blogdofarnesio.com.br\/?p=17709"},"author":{"name":"","@id":""},"headline":"Prefeitura de Petrolina anuncia regulariza\u00e7\u00e3o fundi\u00e1ria de mais de 5.000 lotes no bairro Jos\u00e9 e Maria","datePublished":"2012-09-27T09:00:00+00:00","mainEntityOfPage":{"@id":"https:\/\/blogdofarnesio.com.br\/?p=17709"},"wordCount":593,"commentCount":0,"publisher":{"@id":"https:\/\/blogdofarnesio.com.br\/#organization"},"image":{"@id":"https:\/\/blogdofarnesio.com.br\/?p=17709#primaryimage"},"thumbnailUrl":"http:\/\/www.quersaberpolitica.com.br\/2016\/wp-content\/uploads\/2012\/12\/blogqsp.lossioregulariza&ccedil;&otilde;a.jpg","inLanguage":"pt-BR","potentialAction":[{"@type":"CommentAction","name":"Comment","target":["https:\/\/blogdofarnesio.com.br\/?p=17709#respond"]}]},{"@type":"WebPage","@id":"https:\/\/blogdofarnesio.com.br\/?p=17709","url":"https:\/\/blogdofarnesio.com.br\/?p=17709","name":"Prefeitura de Petrolina anuncia regulariza\u00e7\u00e3o fundi\u00e1ria de mais de 5.000 lotes no bairro Jos\u00e9 e Maria - Blog do Farn\u00e9sio","isPartOf":{"@id":"https:\/\/blogdofarnesio.com.br\/#website"},"primaryImageOfPage":{"@id":"https:\/\/blogdofarnesio.com.br\/?p=17709#primaryimage"},"image":{"@id":"https:\/\/blogdofarnesio.com.br\/?p=17709#primaryimage"},"thumbnailUrl":"http:\/\/www.quersaberpolitica.com.br\/2016\/wp-content\/uploads\/2012\/12\/blogqsp.lossioregulariza&ccedil;&otilde;a.jpg","datePublished":"2012-09-27T09:00:00+00:00","breadcrumb":{"@id":"https:\/\/blogdofarnesio.com.br\/?p=17709#breadcrumb"},"inLanguage":"pt-BR","potentialAction":[{"@type":"ReadAction","target":["https:\/\/blogdofarnesio.com.br\/?p=17709"]}]},{"@type":"ImageObject","inLanguage":"pt-BR","@id":"https:\/\/blogdofarnesio.com.br\/?p=17709#primaryimage","url":"http:\/\/www.quersaberpolitica.com.br\/2016\/wp-content\/uploads\/2012\/12\/blogqsp.lossioregulariza&ccedil;&otilde;a.jpg","contentUrl":"http:\/\/www.quersaberpolitica.com.br\/2016\/wp-content\/uploads\/2012\/12\/blogqsp.lossioregulariza&ccedil;&otilde;a.jpg"},{"@type":"BreadcrumbList","@id":"https:\/\/blogdofarnesio.com.br\/?p=17709#breadcrumb","itemListElement":[{"@type":"ListItem","position":1,"name":"In\u00edcio","item":"https:\/\/blogdofarnesio.com.br\/"},{"@type":"ListItem","position":2,"name":"Prefeitura de Petrolina anuncia regulariza\u00e7\u00e3o fundi\u00e1ria de mais de 5.000 lotes no bairro Jos\u00e9 e Maria"}]},{"@type":"WebSite","@id":"https:\/\/blogdofarnesio.com.br\/#website","url":"https:\/\/blogdofarnesio.com.br\/","name":"Blog do Farn\u00e9sio","description":"Quer Saber Pol\u00edtica?","publisher":{"@id":"https:\/\/blogdofarnesio.com.br\/#organization"},"potentialAction":[{"@type":"SearchAction","target":{"@type":"EntryPoint","urlTemplate":"https:\/\/blogdofarnesio.com.br\/?s={search_term_string}"},"query-input":{"@type":"PropertyValueSpecification","valueRequired":true,"valueName":"search_term_string"}}],"inLanguage":"pt-BR"},{"@type":"Organization","@id":"https:\/\/blogdofarnesio.com.br\/#organization","name":"Blog do Farn\u00e9sio","url":"https:\/\/blogdofarnesio.com.br\/","logo":{"@type":"ImageObject","inLanguage":"pt-BR","@id":"https:\/\/blogdofarnesio.com.br\/#\/schema\/logo\/image\/","url":"https:\/\/blogdofarnesio.com.br\/wp-content\/uploads\/2026\/03\/cropped-logo_new-1.png","contentUrl":"https:\/\/blogdofarnesio.com.br\/wp-content\/uploads\/2026\/03\/cropped-logo_new-1.png","width":881,"height":685,"caption":"Blog do Farn\u00e9sio"},"image":{"@id":"https:\/\/blogdofarnesio.com.br\/#\/schema\/logo\/image\/"},"sameAs":["https:\/\/www.facebook.com\/BlogQuerSaberPolitica\/"]}]}},"_links":{"self":[{"href":"https:\/\/blogdofarnesio.com.br\/index.php?rest_route=\/wp\/v2\/posts\/17709","targetHints":{"allow":["GET"]}}],"collection":[{"href":"https:\/\/blogdofarnesio.com.br\/index.php?rest_route=\/wp\/v2\/posts"}],"about":[{"href":"https:\/\/blogdofarnesio.com.br\/index.php?rest_route=\/wp\/v2\/types\/post"}],"replies":[{"embeddable":true,"href":"https:\/\/blogdofarnesio.com.br\/index.php?rest_route=%2Fwp%2Fv2%2Fcomments&post=17709"}],"version-history":[{"count":0,"href":"https:\/\/blogdofarnesio.com.br\/index.php?rest_route=\/wp\/v2\/posts\/17709\/revisions"}],"wp:attachment":[{"href":"https:\/\/blogdofarnesio.com.br\/index.php?rest_route=%2Fwp%2Fv2%2Fmedia&parent=17709"}],"wp:term":[{"taxonomy":"category","embeddable":true,"href":"https:\/\/blogdofarnesio.com.br\/index.php?rest_route=%2Fwp%2Fv2%2Fcategories&post=17709"},{"taxonomy":"post_tag","embeddable":true,"href":"https:\/\/blogdofarnesio.com.br\/index.php?rest_route=%2Fwp%2Fv2%2Ftags&post=17709"}],"curies":[{"name":"wp","href":"https:\/\/api.w.org\/{rel}","templated":true}]}}