{"id":176919,"date":"2017-09-21T10:23:14","date_gmt":"2017-09-21T13:23:14","guid":{"rendered":"http:\/\/quersaberpolitica.com.br\/2016\/?p=176919"},"modified":"2017-09-20T20:38:38","modified_gmt":"2017-09-20T23:38:38","slug":"audiencia-publica-conjunta-das-camaras-de-juazeiro-e-curaca-vai-debater-iluminacao-nas-bordas-do-acude-de-pinhoes","status":"publish","type":"post","link":"https:\/\/blogdofarnesio.com.br\/?p=176919","title":{"rendered":"AUDI\u00caNCIA P\u00daBLICA CONJUNTA DAS C\u00c2MARAS DE JUAZEIRO E CURA\u00c7\u00c1 VAI DEBATER ILUMINA\u00c7\u00c3O NAS BORDAS DO A\u00c7UDE DE PINH\u00d5ES"},"content":{"rendered":"<p>As c\u00e2maras municipais de vereadores de Juazeiro e Cura\u00e7\u00e1, estar\u00e3o realizando uma audi\u00eancia p\u00fablica sobre o programa luz para todos com o objetivo de viabilizar a implanta\u00e7\u00e3o da luz nas duas bordas do a\u00e7ude de Pinh\u00f5es \u00e9 demais regi\u00f5es ainda n\u00e3o contempladas com o programa.<\/p>\n<p>Segundo o l\u00edder comunit\u00e1rio e ex-vereador Adelson F\u00e9lix, a audi\u00eancia acontecer\u00e1 no pr\u00f3ximo dia 29 de setembro no espa\u00e7o Brasil, no distrito de Pinh\u00f5es, zona rural de Juazeiro, j\u00e1 havendo a confirma\u00e7\u00e3o de autoridades al\u00e9m dos \u00f3rg\u00e3os oficiais convidados: Comit\u00ea Gestor do programa luz para todos, Coelba, CHESF DNOCS, Inema, prefeituras, associa\u00e7\u00f5es dos dois munic\u00edpios e deputados da regi\u00e3o.<\/p>\n<p>Segundo Adelson F\u00e9lix, \u00e9 importante a participa\u00e7\u00e3o dos interessados com a sua solicita\u00e7\u00e3o por escrito, contendo todos os dados do seu projeto, isso facilitara o acompanhamento e an\u00e1lise para posterior informa\u00e7\u00e3o.<\/p>\n","protected":false},"excerpt":{"rendered":"<p>As c\u00e2maras municipais de vereadores de Juazeiro e Cura\u00e7\u00e1, estar\u00e3o realizando uma audi\u00eancia p\u00fablica sobre o programa luz para todos com o objetivo de viabilizar a implanta\u00e7\u00e3o da luz nas duas bordas do a\u00e7ude de Pinh\u00f5es \u00e9 demais regi\u00f5es ainda n\u00e3o contempladas com o programa. Segundo o l\u00edder comunit\u00e1rio e ex-vereador Adelson F\u00e9lix, a audi\u00eancia acontecer\u00e1 no pr\u00f3ximo dia 29 de setembro no espa\u00e7o Brasil, no distrito de Pinh\u00f5es, zona rural de Juazeiro, j\u00e1 havendo a confirma\u00e7\u00e3o de autoridades al\u00e9m dos \u00f3rg\u00e3os oficiais convidados: Comit\u00ea Gestor do programa luz para todos, Coelba, CHESF DNOCS, Inema, prefeituras, associa\u00e7\u00f5es dos dois munic\u00edpios e deputados da regi\u00e3o. Segundo Adelson F\u00e9lix, \u00e9 importante a participa\u00e7\u00e3o dos interessados com a sua solicita\u00e7\u00e3o por escrito, contendo&hellip; <\/p>\n","protected":false},"author":1,"featured_media":122665,"comment_status":"open","ping_status":"open","sticky":false,"template":"","format":"standard","meta":{"_acf_changed":false,"footnotes":""},"categories":[55,27,20],"tags":[],"class_list":["post-176919","post","type-post","status-publish","format-standard","has-post-thumbnail","hentry","category-agropecuaria","category-cidades","category-economia"],"acf":[],"yoast_head":"<!-- This site is optimized with the Yoast SEO plugin v27.4 - https:\/\/yoast.com\/product\/yoast-seo-wordpress\/ -->\n<title>AUDI\u00caNCIA P\u00daBLICA CONJUNTA DAS C\u00c2MARAS DE JUAZEIRO E CURA\u00c7\u00c1 VAI DEBATER ILUMINA\u00c7\u00c3O NAS BORDAS DO A\u00c7UDE DE PINH\u00d5ES - Blog do Farn\u00e9sio<\/title>\n<meta name=\"robots\" content=\"index, follow, max-snippet:-1, max-image-preview:large, max-video-preview:-1\" \/>\n<link rel=\"canonical\" href=\"https:\/\/blogdofarnesio.com.br\/?p=176919\" \/>\n<meta property=\"og:locale\" content=\"pt_BR\" \/>\n<meta property=\"og:type\" content=\"article\" \/>\n<meta property=\"og:title\" content=\"AUDI\u00caNCIA P\u00daBLICA CONJUNTA DAS C\u00c2MARAS DE JUAZEIRO E CURA\u00c7\u00c1 VAI DEBATER ILUMINA\u00c7\u00c3O NAS BORDAS DO A\u00c7UDE DE PINH\u00d5ES - Blog do Farn\u00e9sio\" \/>\n<meta property=\"og:description\" content=\"As c\u00e2maras municipais de vereadores de Juazeiro e Cura\u00e7\u00e1, estar\u00e3o realizando uma audi\u00eancia p\u00fablica sobre o programa luz para todos com o objetivo de viabilizar a implanta\u00e7\u00e3o da luz nas duas bordas do a\u00e7ude de Pinh\u00f5es \u00e9 demais regi\u00f5es ainda n\u00e3o contempladas com o programa. Segundo o l\u00edder comunit\u00e1rio e ex-vereador Adelson F\u00e9lix, a audi\u00eancia acontecer\u00e1 no pr\u00f3ximo dia 29 de setembro no espa\u00e7o Brasil, no distrito de Pinh\u00f5es, zona rural de Juazeiro, j\u00e1 havendo a confirma\u00e7\u00e3o de autoridades al\u00e9m dos \u00f3rg\u00e3os oficiais convidados: Comit\u00ea Gestor do programa luz para todos, Coelba, CHESF DNOCS, Inema, prefeituras, associa\u00e7\u00f5es dos dois munic\u00edpios e deputados da regi\u00e3o. Segundo Adelson F\u00e9lix, \u00e9 importante a participa\u00e7\u00e3o dos interessados com a sua solicita\u00e7\u00e3o por escrito, contendo&hellip;\" \/>\n<meta property=\"og:url\" content=\"https:\/\/blogdofarnesio.com.br\/?p=176919\" \/>\n<meta property=\"og:site_name\" content=\"Blog do Farn\u00e9sio\" \/>\n<meta property=\"article:publisher\" content=\"https:\/\/www.facebook.com\/BlogQuerSaberPolitica\/\" \/>\n<meta property=\"article:published_time\" content=\"2017-09-21T13:23:14+00:00\" \/>\n<meta property=\"og:image\" content=\"https:\/\/blogdofarnesio.com.br\/wp-content\/uploads\/2015\/04\/blogqspadelson.jpg\" \/>\n\t<meta property=\"og:image:width\" content=\"448\" \/>\n\t<meta property=\"og:image:height\" content=\"299\" \/>\n\t<meta property=\"og:image:type\" content=\"image\/jpeg\" \/>\n<meta name=\"author\" content=\"Farn\u00e9sio\" \/>\n<meta name=\"twitter:card\" content=\"summary_large_image\" \/>\n<meta name=\"twitter:label1\" content=\"Escrito por\" \/>\n\t<meta name=\"twitter:data1\" content=\"Farn\u00e9sio\" \/>\n\t<meta name=\"twitter:label2\" content=\"Est. tempo de leitura\" \/>\n\t<meta name=\"twitter:data2\" content=\"1 minuto\" \/>\n<script type=\"application\/ld+json\" class=\"yoast-schema-graph\">{\"@context\":\"https:\\\/\\\/schema.org\",\"@graph\":[{\"@type\":\"Article\",\"@id\":\"https:\\\/\\\/blogdofarnesio.com.br\\\/?p=176919#article\",\"isPartOf\":{\"@id\":\"https:\\\/\\\/blogdofarnesio.com.br\\\/?p=176919\"},\"author\":{\"name\":\"Farn\u00e9sio\",\"@id\":\"https:\\\/\\\/blogdofarnesio.com.br\\\/#\\\/schema\\\/person\\\/301c4acf522bccbfdb45af95b5b906a1\"},\"headline\":\"AUDI\u00caNCIA P\u00daBLICA CONJUNTA DAS C\u00c2MARAS DE JUAZEIRO E CURA\u00c7\u00c1 VAI DEBATER ILUMINA\u00c7\u00c3O NAS BORDAS DO A\u00c7UDE DE PINH\u00d5ES\",\"datePublished\":\"2017-09-21T13:23:14+00:00\",\"mainEntityOfPage\":{\"@id\":\"https:\\\/\\\/blogdofarnesio.com.br\\\/?p=176919\"},\"wordCount\":183,\"commentCount\":0,\"publisher\":{\"@id\":\"https:\\\/\\\/blogdofarnesio.com.br\\\/#organization\"},\"image\":{\"@id\":\"https:\\\/\\\/blogdofarnesio.com.br\\\/?p=176919#primaryimage\"},\"thumbnailUrl\":\"https:\\\/\\\/blogdofarnesio.com.br\\\/wp-content\\\/uploads\\\/2015\\\/04\\\/blogqspadelson.jpg\",\"articleSection\":[\"Agropecu\u00e1ria\",\"Cidades\",\"Economia\"],\"inLanguage\":\"pt-BR\",\"potentialAction\":[{\"@type\":\"CommentAction\",\"name\":\"Comment\",\"target\":[\"https:\\\/\\\/blogdofarnesio.com.br\\\/?p=176919#respond\"]}]},{\"@type\":\"WebPage\",\"@id\":\"https:\\\/\\\/blogdofarnesio.com.br\\\/?p=176919\",\"url\":\"https:\\\/\\\/blogdofarnesio.com.br\\\/?p=176919\",\"name\":\"AUDI\u00caNCIA P\u00daBLICA CONJUNTA DAS C\u00c2MARAS DE JUAZEIRO E CURA\u00c7\u00c1 VAI DEBATER ILUMINA\u00c7\u00c3O NAS BORDAS DO A\u00c7UDE DE PINH\u00d5ES - Blog do Farn\u00e9sio\",\"isPartOf\":{\"@id\":\"https:\\\/\\\/blogdofarnesio.com.br\\\/#website\"},\"primaryImageOfPage\":{\"@id\":\"https:\\\/\\\/blogdofarnesio.com.br\\\/?p=176919#primaryimage\"},\"image\":{\"@id\":\"https:\\\/\\\/blogdofarnesio.com.br\\\/?p=176919#primaryimage\"},\"thumbnailUrl\":\"https:\\\/\\\/blogdofarnesio.com.br\\\/wp-content\\\/uploads\\\/2015\\\/04\\\/blogqspadelson.jpg\",\"datePublished\":\"2017-09-21T13:23:14+00:00\",\"breadcrumb\":{\"@id\":\"https:\\\/\\\/blogdofarnesio.com.br\\\/?p=176919#breadcrumb\"},\"inLanguage\":\"pt-BR\",\"potentialAction\":[{\"@type\":\"ReadAction\",\"target\":[\"https:\\\/\\\/blogdofarnesio.com.br\\\/?p=176919\"]}]},{\"@type\":\"ImageObject\",\"inLanguage\":\"pt-BR\",\"@id\":\"https:\\\/\\\/blogdofarnesio.com.br\\\/?p=176919#primaryimage\",\"url\":\"https:\\\/\\\/blogdofarnesio.com.br\\\/wp-content\\\/uploads\\\/2015\\\/04\\\/blogqspadelson.jpg\",\"contentUrl\":\"https:\\\/\\\/blogdofarnesio.com.br\\\/wp-content\\\/uploads\\\/2015\\\/04\\\/blogqspadelson.jpg\",\"width\":448,\"height\":299},{\"@type\":\"BreadcrumbList\",\"@id\":\"https:\\\/\\\/blogdofarnesio.com.br\\\/?p=176919#breadcrumb\",\"itemListElement\":[{\"@type\":\"ListItem\",\"position\":1,\"name\":\"In\u00edcio\",\"item\":\"https:\\\/\\\/blogdofarnesio.com.br\\\/\"},{\"@type\":\"ListItem\",\"position\":2,\"name\":\"AUDI\u00caNCIA P\u00daBLICA CONJUNTA DAS C\u00c2MARAS DE JUAZEIRO E CURA\u00c7\u00c1 VAI DEBATER ILUMINA\u00c7\u00c3O NAS BORDAS DO A\u00c7UDE DE PINH\u00d5ES\"}]},{\"@type\":\"WebSite\",\"@id\":\"https:\\\/\\\/blogdofarnesio.com.br\\\/#website\",\"url\":\"https:\\\/\\\/blogdofarnesio.com.br\\\/\",\"name\":\"Blog do Farn\u00e9sio\",\"description\":\"Quer Saber Pol\u00edtica?\",\"publisher\":{\"@id\":\"https:\\\/\\\/blogdofarnesio.com.br\\\/#organization\"},\"potentialAction\":[{\"@type\":\"SearchAction\",\"target\":{\"@type\":\"EntryPoint\",\"urlTemplate\":\"https:\\\/\\\/blogdofarnesio.com.br\\\/?s={search_term_string}\"},\"query-input\":{\"@type\":\"PropertyValueSpecification\",\"valueRequired\":true,\"valueName\":\"search_term_string\"}}],\"inLanguage\":\"pt-BR\"},{\"@type\":\"Organization\",\"@id\":\"https:\\\/\\\/blogdofarnesio.com.br\\\/#organization\",\"name\":\"Blog do Farn\u00e9sio\",\"url\":\"https:\\\/\\\/blogdofarnesio.com.br\\\/\",\"logo\":{\"@type\":\"ImageObject\",\"inLanguage\":\"pt-BR\",\"@id\":\"https:\\\/\\\/blogdofarnesio.com.br\\\/#\\\/schema\\\/logo\\\/image\\\/\",\"url\":\"https:\\\/\\\/blogdofarnesio.com.br\\\/wp-content\\\/uploads\\\/2026\\\/03\\\/cropped-logo_new-1.png\",\"contentUrl\":\"https:\\\/\\\/blogdofarnesio.com.br\\\/wp-content\\\/uploads\\\/2026\\\/03\\\/cropped-logo_new-1.png\",\"width\":881,\"height\":685,\"caption\":\"Blog do Farn\u00e9sio\"},\"image\":{\"@id\":\"https:\\\/\\\/blogdofarnesio.com.br\\\/#\\\/schema\\\/logo\\\/image\\\/\"},\"sameAs\":[\"https:\\\/\\\/www.facebook.com\\\/BlogQuerSaberPolitica\\\/\"]},{\"@type\":\"Person\",\"@id\":\"https:\\\/\\\/blogdofarnesio.com.br\\\/#\\\/schema\\\/person\\\/301c4acf522bccbfdb45af95b5b906a1\",\"name\":\"Farn\u00e9sio\",\"image\":{\"@type\":\"ImageObject\",\"inLanguage\":\"pt-BR\",\"@id\":\"https:\\\/\\\/secure.gravatar.com\\\/avatar\\\/df0c9a14567c056f8ad6876ba5bbd1e3e2c48023eb6807342fc4663adf549f38?s=96&d=mm&r=g\",\"url\":\"https:\\\/\\\/secure.gravatar.com\\\/avatar\\\/df0c9a14567c056f8ad6876ba5bbd1e3e2c48023eb6807342fc4663adf549f38?s=96&d=mm&r=g\",\"contentUrl\":\"https:\\\/\\\/secure.gravatar.com\\\/avatar\\\/df0c9a14567c056f8ad6876ba5bbd1e3e2c48023eb6807342fc4663adf549f38?s=96&d=mm&r=g\",\"caption\":\"Farn\u00e9sio\"},\"sameAs\":[\"https:\\\/\\\/quersaberpolitica.com.br\"],\"url\":\"https:\\\/\\\/blogdofarnesio.com.br\\\/?author=1\"}]}<\/script>\n<!-- \/ Yoast SEO plugin. -->","yoast_head_json":{"title":"AUDI\u00caNCIA P\u00daBLICA CONJUNTA DAS C\u00c2MARAS DE JUAZEIRO E CURA\u00c7\u00c1 VAI DEBATER ILUMINA\u00c7\u00c3O NAS BORDAS DO A\u00c7UDE DE PINH\u00d5ES - Blog do Farn\u00e9sio","robots":{"index":"index","follow":"follow","max-snippet":"max-snippet:-1","max-image-preview":"max-image-preview:large","max-video-preview":"max-video-preview:-1"},"canonical":"https:\/\/blogdofarnesio.com.br\/?p=176919","og_locale":"pt_BR","og_type":"article","og_title":"AUDI\u00caNCIA P\u00daBLICA CONJUNTA DAS C\u00c2MARAS DE JUAZEIRO E CURA\u00c7\u00c1 VAI DEBATER ILUMINA\u00c7\u00c3O NAS BORDAS DO A\u00c7UDE DE PINH\u00d5ES - Blog do Farn\u00e9sio","og_description":"As c\u00e2maras municipais de vereadores de Juazeiro e Cura\u00e7\u00e1, estar\u00e3o realizando uma audi\u00eancia p\u00fablica sobre o programa luz para todos com o objetivo de viabilizar a implanta\u00e7\u00e3o da luz nas duas bordas do a\u00e7ude de Pinh\u00f5es \u00e9 demais regi\u00f5es ainda n\u00e3o contempladas com o programa. Segundo o l\u00edder comunit\u00e1rio e ex-vereador Adelson F\u00e9lix, a audi\u00eancia acontecer\u00e1 no pr\u00f3ximo dia 29 de setembro no espa\u00e7o Brasil, no distrito de Pinh\u00f5es, zona rural de Juazeiro, j\u00e1 havendo a confirma\u00e7\u00e3o de autoridades al\u00e9m dos \u00f3rg\u00e3os oficiais convidados: Comit\u00ea Gestor do programa luz para todos, Coelba, CHESF DNOCS, Inema, prefeituras, associa\u00e7\u00f5es dos dois munic\u00edpios e deputados da regi\u00e3o. Segundo Adelson F\u00e9lix, \u00e9 importante a participa\u00e7\u00e3o dos interessados com a sua solicita\u00e7\u00e3o por escrito, contendo&hellip;","og_url":"https:\/\/blogdofarnesio.com.br\/?p=176919","og_site_name":"Blog do Farn\u00e9sio","article_publisher":"https:\/\/www.facebook.com\/BlogQuerSaberPolitica\/","article_published_time":"2017-09-21T13:23:14+00:00","og_image":[{"width":448,"height":299,"url":"https:\/\/blogdofarnesio.com.br\/wp-content\/uploads\/2015\/04\/blogqspadelson.jpg","type":"image\/jpeg"}],"author":"Farn\u00e9sio","twitter_card":"summary_large_image","twitter_misc":{"Escrito por":"Farn\u00e9sio","Est. tempo de leitura":"1 minuto"},"schema":{"@context":"https:\/\/schema.org","@graph":[{"@type":"Article","@id":"https:\/\/blogdofarnesio.com.br\/?p=176919#article","isPartOf":{"@id":"https:\/\/blogdofarnesio.com.br\/?p=176919"},"author":{"name":"Farn\u00e9sio","@id":"https:\/\/blogdofarnesio.com.br\/#\/schema\/person\/301c4acf522bccbfdb45af95b5b906a1"},"headline":"AUDI\u00caNCIA P\u00daBLICA CONJUNTA DAS C\u00c2MARAS DE JUAZEIRO E CURA\u00c7\u00c1 VAI DEBATER ILUMINA\u00c7\u00c3O NAS BORDAS DO A\u00c7UDE DE PINH\u00d5ES","datePublished":"2017-09-21T13:23:14+00:00","mainEntityOfPage":{"@id":"https:\/\/blogdofarnesio.com.br\/?p=176919"},"wordCount":183,"commentCount":0,"publisher":{"@id":"https:\/\/blogdofarnesio.com.br\/#organization"},"image":{"@id":"https:\/\/blogdofarnesio.com.br\/?p=176919#primaryimage"},"thumbnailUrl":"https:\/\/blogdofarnesio.com.br\/wp-content\/uploads\/2015\/04\/blogqspadelson.jpg","articleSection":["Agropecu\u00e1ria","Cidades","Economia"],"inLanguage":"pt-BR","potentialAction":[{"@type":"CommentAction","name":"Comment","target":["https:\/\/blogdofarnesio.com.br\/?p=176919#respond"]}]},{"@type":"WebPage","@id":"https:\/\/blogdofarnesio.com.br\/?p=176919","url":"https:\/\/blogdofarnesio.com.br\/?p=176919","name":"AUDI\u00caNCIA P\u00daBLICA CONJUNTA DAS C\u00c2MARAS DE JUAZEIRO E CURA\u00c7\u00c1 VAI DEBATER ILUMINA\u00c7\u00c3O NAS BORDAS DO A\u00c7UDE DE PINH\u00d5ES - Blog do Farn\u00e9sio","isPartOf":{"@id":"https:\/\/blogdofarnesio.com.br\/#website"},"primaryImageOfPage":{"@id":"https:\/\/blogdofarnesio.com.br\/?p=176919#primaryimage"},"image":{"@id":"https:\/\/blogdofarnesio.com.br\/?p=176919#primaryimage"},"thumbnailUrl":"https:\/\/blogdofarnesio.com.br\/wp-content\/uploads\/2015\/04\/blogqspadelson.jpg","datePublished":"2017-09-21T13:23:14+00:00","breadcrumb":{"@id":"https:\/\/blogdofarnesio.com.br\/?p=176919#breadcrumb"},"inLanguage":"pt-BR","potentialAction":[{"@type":"ReadAction","target":["https:\/\/blogdofarnesio.com.br\/?p=176919"]}]},{"@type":"ImageObject","inLanguage":"pt-BR","@id":"https:\/\/blogdofarnesio.com.br\/?p=176919#primaryimage","url":"https:\/\/blogdofarnesio.com.br\/wp-content\/uploads\/2015\/04\/blogqspadelson.jpg","contentUrl":"https:\/\/blogdofarnesio.com.br\/wp-content\/uploads\/2015\/04\/blogqspadelson.jpg","width":448,"height":299},{"@type":"BreadcrumbList","@id":"https:\/\/blogdofarnesio.com.br\/?p=176919#breadcrumb","itemListElement":[{"@type":"ListItem","position":1,"name":"In\u00edcio","item":"https:\/\/blogdofarnesio.com.br\/"},{"@type":"ListItem","position":2,"name":"AUDI\u00caNCIA P\u00daBLICA CONJUNTA DAS C\u00c2MARAS DE JUAZEIRO E CURA\u00c7\u00c1 VAI DEBATER ILUMINA\u00c7\u00c3O NAS BORDAS DO A\u00c7UDE DE PINH\u00d5ES"}]},{"@type":"WebSite","@id":"https:\/\/blogdofarnesio.com.br\/#website","url":"https:\/\/blogdofarnesio.com.br\/","name":"Blog do Farn\u00e9sio","description":"Quer Saber Pol\u00edtica?","publisher":{"@id":"https:\/\/blogdofarnesio.com.br\/#organization"},"potentialAction":[{"@type":"SearchAction","target":{"@type":"EntryPoint","urlTemplate":"https:\/\/blogdofarnesio.com.br\/?s={search_term_string}"},"query-input":{"@type":"PropertyValueSpecification","valueRequired":true,"valueName":"search_term_string"}}],"inLanguage":"pt-BR"},{"@type":"Organization","@id":"https:\/\/blogdofarnesio.com.br\/#organization","name":"Blog do Farn\u00e9sio","url":"https:\/\/blogdofarnesio.com.br\/","logo":{"@type":"ImageObject","inLanguage":"pt-BR","@id":"https:\/\/blogdofarnesio.com.br\/#\/schema\/logo\/image\/","url":"https:\/\/blogdofarnesio.com.br\/wp-content\/uploads\/2026\/03\/cropped-logo_new-1.png","contentUrl":"https:\/\/blogdofarnesio.com.br\/wp-content\/uploads\/2026\/03\/cropped-logo_new-1.png","width":881,"height":685,"caption":"Blog do Farn\u00e9sio"},"image":{"@id":"https:\/\/blogdofarnesio.com.br\/#\/schema\/logo\/image\/"},"sameAs":["https:\/\/www.facebook.com\/BlogQuerSaberPolitica\/"]},{"@type":"Person","@id":"https:\/\/blogdofarnesio.com.br\/#\/schema\/person\/301c4acf522bccbfdb45af95b5b906a1","name":"Farn\u00e9sio","image":{"@type":"ImageObject","inLanguage":"pt-BR","@id":"https:\/\/secure.gravatar.com\/avatar\/df0c9a14567c056f8ad6876ba5bbd1e3e2c48023eb6807342fc4663adf549f38?s=96&d=mm&r=g","url":"https:\/\/secure.gravatar.com\/avatar\/df0c9a14567c056f8ad6876ba5bbd1e3e2c48023eb6807342fc4663adf549f38?s=96&d=mm&r=g","contentUrl":"https:\/\/secure.gravatar.com\/avatar\/df0c9a14567c056f8ad6876ba5bbd1e3e2c48023eb6807342fc4663adf549f38?s=96&d=mm&r=g","caption":"Farn\u00e9sio"},"sameAs":["https:\/\/quersaberpolitica.com.br"],"url":"https:\/\/blogdofarnesio.com.br\/?author=1"}]}},"_links":{"self":[{"href":"https:\/\/blogdofarnesio.com.br\/index.php?rest_route=\/wp\/v2\/posts\/176919","targetHints":{"allow":["GET"]}}],"collection":[{"href":"https:\/\/blogdofarnesio.com.br\/index.php?rest_route=\/wp\/v2\/posts"}],"about":[{"href":"https:\/\/blogdofarnesio.com.br\/index.php?rest_route=\/wp\/v2\/types\/post"}],"author":[{"embeddable":true,"href":"https:\/\/blogdofarnesio.com.br\/index.php?rest_route=\/wp\/v2\/users\/1"}],"replies":[{"embeddable":true,"href":"https:\/\/blogdofarnesio.com.br\/index.php?rest_route=%2Fwp%2Fv2%2Fcomments&post=176919"}],"version-history":[{"count":0,"href":"https:\/\/blogdofarnesio.com.br\/index.php?rest_route=\/wp\/v2\/posts\/176919\/revisions"}],"wp:featuredmedia":[{"embeddable":true,"href":"https:\/\/blogdofarnesio.com.br\/index.php?rest_route=\/wp\/v2\/media\/122665"}],"wp:attachment":[{"href":"https:\/\/blogdofarnesio.com.br\/index.php?rest_route=%2Fwp%2Fv2%2Fmedia&parent=176919"}],"wp:term":[{"taxonomy":"category","embeddable":true,"href":"https:\/\/blogdofarnesio.com.br\/index.php?rest_route=%2Fwp%2Fv2%2Fcategories&post=176919"},{"taxonomy":"post_tag","embeddable":true,"href":"https:\/\/blogdofarnesio.com.br\/index.php?rest_route=%2Fwp%2Fv2%2Ftags&post=176919"}],"curies":[{"name":"wp","href":"https:\/\/api.w.org\/{rel}","templated":true}]}}