{"id":176850,"date":"2017-09-19T13:00:32","date_gmt":"2017-09-19T16:00:32","guid":{"rendered":"http:\/\/quersaberpolitica.com.br\/2016\/?p=176850"},"modified":"2017-09-19T10:39:05","modified_gmt":"2017-09-19T13:39:05","slug":"aberto-processo-seletivo-na-univasf-para-mestrado-nacional-profissional-em-ensino-de-fisica","status":"publish","type":"post","link":"https:\/\/blogdofarnesio.com.br\/?p=176850","title":{"rendered":"ABERTO PROCESSO SELETIVO NA UNIVASF PARA MESTRADO NACIONAL PROFISSIONAL EM ENSINO DE F\u00cdSICA"},"content":{"rendered":"<div class=\"td-post-header td-pb-padding-side\">\n<header>\n<h1 class=\"entry-title\"><strong style=\"font-size: 16px;\"><em>As inscri\u00e7\u00f5es podem ser realizadas at\u00e9 o dia 1\u00ba de outubro<\/em>.<\/strong><\/h1>\n<\/header>\n<\/div>\n<div class=\"td-post-content td-pb-padding-side\">\n<div class=\"td-post-text-content\">\n<p>A Universidade Federal do Vale do S\u00e3o Francisco (Univasf) est\u00e1 com inscri\u00e7\u00f5es abertas para o processo seletivo destinado ao Mestrado Nacional Profissional em Ensino de F\u00edsica (MNPEF). O MNPEF \u00e9 um curso em rede nacional organizado pela Sociedade Brasileira de F\u00edsica (SBF) e ofertado em diferentes Institui\u00e7\u00f5es de Ensino Superior (IES) do pa\u00eds. Nesta sele\u00e7\u00e3o, h\u00e1 10 vagas para o curso na Univasf. As inscri\u00e7\u00f5es podem ser realizadas at\u00e9 o dia 1\u00ba de outubro.<\/p>\n<p>Para se inscrever, \u00e9 necess\u00e1rio preencher um formul\u00e1rio eletr\u00f4nico, dispon\u00edvel no\u00a0<a href=\"http:\/\/www.www1.fisica.org.br\/mnpef\/?q=ps\/2018\/informacoes-gerais\">site<\/a>\u00a0do Mestrado. A taxa de inscri\u00e7\u00e3o \u00e9 no valor de R$ 60,00. Podem participar do processo seletivo candidatos portadores de diplomas de gradua\u00e7\u00e3o ou estudantes do \u00faltimo semestre do curso de F\u00edsica (Licenciatura ou Bacharelado) ou de \u00e1reas afins, em cursos reconhecidos pelo Minist\u00e9rio de Educa\u00e7\u00e3o (MEC), que estejam em efetivo exerc\u00edcio de doc\u00eancia em F\u00edsica na educa\u00e7\u00e3o b\u00e1sica ou superior ou em Ci\u00eancias no n\u00edvel fundamental.<\/p>\n<p>Os documentos necess\u00e1rios para a participa\u00e7\u00e3o na segunda etapa do processo seletivo est\u00e3o especificados no\u00a0<a href=\"http:\/\/www1.fisica.org.br\/mnpef\/sites\/default\/files\/EditalNacional-MNPEF2018-rev1.pdf\">Edital N\u00ba 1\/201<\/a>7. O processo seletivo ser\u00e1 composto por duas etapas, ambas de car\u00e1ter eliminat\u00f3rio e classificat\u00f3rio: prova escrita nacional e prova de defesa de Memorial, que ser\u00e3o realizadas no polo do MNPEF na Univasf, localizado no Campus Juazeiro. O resultado final est\u00e1 previsto para ser divulgado at\u00e9 o dia 18 de dezembro. Mais informa\u00e7\u00f5es tamb\u00e9m podem ser obtidas no\u00a0<a href=\"http:\/\/portais.univasf.edu.br\/cpgef\/home\">site<\/a>\u00a0do Mestrado na Univasf.<\/p>\n<p><strong>Cronograma<\/strong><\/p>\n<p>O cronograma para o processo \u00e9 o seguinte:<\/p>\n<p>Inscri\u00e7\u00f5es \u2013 at\u00e9 1\u00ba de outubro;<\/p>\n<p>Prova Escrita Nacional \u2013 22 de outubro, \u00e0s 13h;<\/p>\n<p>Entrega dos documentos para a participa\u00e7\u00e3o da segunda etapa da sele\u00e7\u00e3o: at\u00e9 7 de novembro;<\/p>\n<p>Prova de Defesa de Memorial \u2013 per\u00edodo de 9 a 23 de novembro;<\/p>\n<p>Divulga\u00e7\u00e3o do resultado final \u2013 at\u00e9 16 de dezembro.<\/p>\n<p>ASCOM \/ Foto: reprodu\u00e7\u00e3o<\/p>\n<\/div>\n<\/div>\n","protected":false},"excerpt":{"rendered":"<p>As inscri\u00e7\u00f5es podem ser realizadas at\u00e9 o dia 1\u00ba de outubro. A Universidade Federal do Vale do S\u00e3o Francisco (Univasf) est\u00e1 com inscri\u00e7\u00f5es abertas para o processo seletivo destinado ao Mestrado Nacional Profissional em Ensino de F\u00edsica (MNPEF). O MNPEF \u00e9 um curso em rede nacional organizado pela Sociedade Brasileira de F\u00edsica (SBF) e ofertado em diferentes Institui\u00e7\u00f5es de Ensino Superior (IES) do pa\u00eds. Nesta sele\u00e7\u00e3o, h\u00e1 10 vagas para o curso na Univasf. As inscri\u00e7\u00f5es podem ser realizadas at\u00e9 o dia 1\u00ba de outubro. Para se inscrever, \u00e9 necess\u00e1rio preencher um formul\u00e1rio eletr\u00f4nico, dispon\u00edvel no\u00a0site\u00a0do Mestrado. A taxa de inscri\u00e7\u00e3o \u00e9 no valor de R$ 60,00. Podem participar do processo seletivo candidatos portadores de diplomas de gradua\u00e7\u00e3o ou estudantes&hellip; <\/p>\n","protected":false},"author":1,"featured_media":175612,"comment_status":"open","ping_status":"open","sticky":false,"template":"","format":"standard","meta":{"_acf_changed":false,"footnotes":""},"categories":[6],"tags":[],"class_list":["post-176850","post","type-post","status-publish","format-standard","has-post-thumbnail","hentry","category-educacao"],"acf":[],"yoast_head":"<!-- This site is optimized with the Yoast SEO plugin v27.4 - https:\/\/yoast.com\/product\/yoast-seo-wordpress\/ -->\n<title>ABERTO PROCESSO SELETIVO NA UNIVASF PARA MESTRADO NACIONAL PROFISSIONAL EM ENSINO DE F\u00cdSICA - Blog do Farn\u00e9sio<\/title>\n<meta name=\"robots\" content=\"index, follow, max-snippet:-1, max-image-preview:large, max-video-preview:-1\" \/>\n<link rel=\"canonical\" href=\"https:\/\/blogdofarnesio.com.br\/?p=176850\" \/>\n<meta property=\"og:locale\" content=\"pt_BR\" \/>\n<meta property=\"og:type\" content=\"article\" \/>\n<meta property=\"og:title\" content=\"ABERTO PROCESSO SELETIVO NA UNIVASF PARA MESTRADO NACIONAL PROFISSIONAL EM ENSINO DE F\u00cdSICA - Blog do Farn\u00e9sio\" \/>\n<meta property=\"og:description\" content=\"As inscri\u00e7\u00f5es podem ser realizadas at\u00e9 o dia 1\u00ba de outubro. A Universidade Federal do Vale do S\u00e3o Francisco (Univasf) est\u00e1 com inscri\u00e7\u00f5es abertas para o processo seletivo destinado ao Mestrado Nacional Profissional em Ensino de F\u00edsica (MNPEF). O MNPEF \u00e9 um curso em rede nacional organizado pela Sociedade Brasileira de F\u00edsica (SBF) e ofertado em diferentes Institui\u00e7\u00f5es de Ensino Superior (IES) do pa\u00eds. Nesta sele\u00e7\u00e3o, h\u00e1 10 vagas para o curso na Univasf. As inscri\u00e7\u00f5es podem ser realizadas at\u00e9 o dia 1\u00ba de outubro. Para se inscrever, \u00e9 necess\u00e1rio preencher um formul\u00e1rio eletr\u00f4nico, dispon\u00edvel no\u00a0site\u00a0do Mestrado. A taxa de inscri\u00e7\u00e3o \u00e9 no valor de R$ 60,00. Podem participar do processo seletivo candidatos portadores de diplomas de gradua\u00e7\u00e3o ou estudantes&hellip;\" \/>\n<meta property=\"og:url\" content=\"https:\/\/blogdofarnesio.com.br\/?p=176850\" \/>\n<meta property=\"og:site_name\" content=\"Blog do Farn\u00e9sio\" \/>\n<meta property=\"article:publisher\" content=\"https:\/\/www.facebook.com\/BlogQuerSaberPolitica\/\" \/>\n<meta property=\"article:published_time\" content=\"2017-09-19T16:00:32+00:00\" \/>\n<meta property=\"og:image\" content=\"https:\/\/blogdofarnesio.com.br\/wp-content\/uploads\/2017\/09\/blogqspunivasfportal.jpg\" \/>\n\t<meta property=\"og:image:width\" content=\"259\" \/>\n\t<meta property=\"og:image:height\" content=\"194\" \/>\n\t<meta property=\"og:image:type\" content=\"image\/jpeg\" \/>\n<meta name=\"author\" content=\"Farn\u00e9sio\" \/>\n<meta name=\"twitter:card\" content=\"summary_large_image\" \/>\n<meta name=\"twitter:label1\" content=\"Escrito por\" \/>\n\t<meta name=\"twitter:data1\" content=\"Farn\u00e9sio\" \/>\n\t<meta name=\"twitter:label2\" content=\"Est. tempo de leitura\" \/>\n\t<meta name=\"twitter:data2\" content=\"2 minutos\" \/>\n<script type=\"application\/ld+json\" class=\"yoast-schema-graph\">{\"@context\":\"https:\\\/\\\/schema.org\",\"@graph\":[{\"@type\":\"Article\",\"@id\":\"https:\\\/\\\/blogdofarnesio.com.br\\\/?p=176850#article\",\"isPartOf\":{\"@id\":\"https:\\\/\\\/blogdofarnesio.com.br\\\/?p=176850\"},\"author\":{\"name\":\"Farn\u00e9sio\",\"@id\":\"https:\\\/\\\/blogdofarnesio.com.br\\\/#\\\/schema\\\/person\\\/301c4acf522bccbfdb45af95b5b906a1\"},\"headline\":\"ABERTO PROCESSO SELETIVO NA UNIVASF PARA MESTRADO NACIONAL PROFISSIONAL EM ENSINO DE F\u00cdSICA\",\"datePublished\":\"2017-09-19T16:00:32+00:00\",\"mainEntityOfPage\":{\"@id\":\"https:\\\/\\\/blogdofarnesio.com.br\\\/?p=176850\"},\"wordCount\":342,\"commentCount\":0,\"publisher\":{\"@id\":\"https:\\\/\\\/blogdofarnesio.com.br\\\/#organization\"},\"image\":{\"@id\":\"https:\\\/\\\/blogdofarnesio.com.br\\\/?p=176850#primaryimage\"},\"thumbnailUrl\":\"https:\\\/\\\/blogdofarnesio.com.br\\\/wp-content\\\/uploads\\\/2017\\\/09\\\/blogqspunivasfportal.jpg\",\"articleSection\":[\"Educa\u00e7\u00e3o\"],\"inLanguage\":\"pt-BR\",\"potentialAction\":[{\"@type\":\"CommentAction\",\"name\":\"Comment\",\"target\":[\"https:\\\/\\\/blogdofarnesio.com.br\\\/?p=176850#respond\"]}]},{\"@type\":\"WebPage\",\"@id\":\"https:\\\/\\\/blogdofarnesio.com.br\\\/?p=176850\",\"url\":\"https:\\\/\\\/blogdofarnesio.com.br\\\/?p=176850\",\"name\":\"ABERTO PROCESSO SELETIVO NA UNIVASF PARA MESTRADO NACIONAL PROFISSIONAL EM ENSINO DE F\u00cdSICA - Blog do Farn\u00e9sio\",\"isPartOf\":{\"@id\":\"https:\\\/\\\/blogdofarnesio.com.br\\\/#website\"},\"primaryImageOfPage\":{\"@id\":\"https:\\\/\\\/blogdofarnesio.com.br\\\/?p=176850#primaryimage\"},\"image\":{\"@id\":\"https:\\\/\\\/blogdofarnesio.com.br\\\/?p=176850#primaryimage\"},\"thumbnailUrl\":\"https:\\\/\\\/blogdofarnesio.com.br\\\/wp-content\\\/uploads\\\/2017\\\/09\\\/blogqspunivasfportal.jpg\",\"datePublished\":\"2017-09-19T16:00:32+00:00\",\"breadcrumb\":{\"@id\":\"https:\\\/\\\/blogdofarnesio.com.br\\\/?p=176850#breadcrumb\"},\"inLanguage\":\"pt-BR\",\"potentialAction\":[{\"@type\":\"ReadAction\",\"target\":[\"https:\\\/\\\/blogdofarnesio.com.br\\\/?p=176850\"]}]},{\"@type\":\"ImageObject\",\"inLanguage\":\"pt-BR\",\"@id\":\"https:\\\/\\\/blogdofarnesio.com.br\\\/?p=176850#primaryimage\",\"url\":\"https:\\\/\\\/blogdofarnesio.com.br\\\/wp-content\\\/uploads\\\/2017\\\/09\\\/blogqspunivasfportal.jpg\",\"contentUrl\":\"https:\\\/\\\/blogdofarnesio.com.br\\\/wp-content\\\/uploads\\\/2017\\\/09\\\/blogqspunivasfportal.jpg\",\"width\":259,\"height\":194,\"caption\":\"Ilustra\u00e7\u00e3o\"},{\"@type\":\"BreadcrumbList\",\"@id\":\"https:\\\/\\\/blogdofarnesio.com.br\\\/?p=176850#breadcrumb\",\"itemListElement\":[{\"@type\":\"ListItem\",\"position\":1,\"name\":\"In\u00edcio\",\"item\":\"https:\\\/\\\/blogdofarnesio.com.br\\\/\"},{\"@type\":\"ListItem\",\"position\":2,\"name\":\"ABERTO PROCESSO SELETIVO NA UNIVASF PARA MESTRADO NACIONAL PROFISSIONAL EM ENSINO DE F\u00cdSICA\"}]},{\"@type\":\"WebSite\",\"@id\":\"https:\\\/\\\/blogdofarnesio.com.br\\\/#website\",\"url\":\"https:\\\/\\\/blogdofarnesio.com.br\\\/\",\"name\":\"Blog do Farn\u00e9sio\",\"description\":\"Quer Saber Pol\u00edtica?\",\"publisher\":{\"@id\":\"https:\\\/\\\/blogdofarnesio.com.br\\\/#organization\"},\"potentialAction\":[{\"@type\":\"SearchAction\",\"target\":{\"@type\":\"EntryPoint\",\"urlTemplate\":\"https:\\\/\\\/blogdofarnesio.com.br\\\/?s={search_term_string}\"},\"query-input\":{\"@type\":\"PropertyValueSpecification\",\"valueRequired\":true,\"valueName\":\"search_term_string\"}}],\"inLanguage\":\"pt-BR\"},{\"@type\":\"Organization\",\"@id\":\"https:\\\/\\\/blogdofarnesio.com.br\\\/#organization\",\"name\":\"Blog do Farn\u00e9sio\",\"url\":\"https:\\\/\\\/blogdofarnesio.com.br\\\/\",\"logo\":{\"@type\":\"ImageObject\",\"inLanguage\":\"pt-BR\",\"@id\":\"https:\\\/\\\/blogdofarnesio.com.br\\\/#\\\/schema\\\/logo\\\/image\\\/\",\"url\":\"https:\\\/\\\/blogdofarnesio.com.br\\\/wp-content\\\/uploads\\\/2026\\\/03\\\/cropped-logo_new-1.png\",\"contentUrl\":\"https:\\\/\\\/blogdofarnesio.com.br\\\/wp-content\\\/uploads\\\/2026\\\/03\\\/cropped-logo_new-1.png\",\"width\":881,\"height\":685,\"caption\":\"Blog do Farn\u00e9sio\"},\"image\":{\"@id\":\"https:\\\/\\\/blogdofarnesio.com.br\\\/#\\\/schema\\\/logo\\\/image\\\/\"},\"sameAs\":[\"https:\\\/\\\/www.facebook.com\\\/BlogQuerSaberPolitica\\\/\"]},{\"@type\":\"Person\",\"@id\":\"https:\\\/\\\/blogdofarnesio.com.br\\\/#\\\/schema\\\/person\\\/301c4acf522bccbfdb45af95b5b906a1\",\"name\":\"Farn\u00e9sio\",\"image\":{\"@type\":\"ImageObject\",\"inLanguage\":\"pt-BR\",\"@id\":\"https:\\\/\\\/secure.gravatar.com\\\/avatar\\\/df0c9a14567c056f8ad6876ba5bbd1e3e2c48023eb6807342fc4663adf549f38?s=96&d=mm&r=g\",\"url\":\"https:\\\/\\\/secure.gravatar.com\\\/avatar\\\/df0c9a14567c056f8ad6876ba5bbd1e3e2c48023eb6807342fc4663adf549f38?s=96&d=mm&r=g\",\"contentUrl\":\"https:\\\/\\\/secure.gravatar.com\\\/avatar\\\/df0c9a14567c056f8ad6876ba5bbd1e3e2c48023eb6807342fc4663adf549f38?s=96&d=mm&r=g\",\"caption\":\"Farn\u00e9sio\"},\"sameAs\":[\"https:\\\/\\\/quersaberpolitica.com.br\"],\"url\":\"https:\\\/\\\/blogdofarnesio.com.br\\\/?author=1\"}]}<\/script>\n<!-- \/ Yoast SEO plugin. -->","yoast_head_json":{"title":"ABERTO PROCESSO SELETIVO NA UNIVASF PARA MESTRADO NACIONAL PROFISSIONAL EM ENSINO DE F\u00cdSICA - Blog do Farn\u00e9sio","robots":{"index":"index","follow":"follow","max-snippet":"max-snippet:-1","max-image-preview":"max-image-preview:large","max-video-preview":"max-video-preview:-1"},"canonical":"https:\/\/blogdofarnesio.com.br\/?p=176850","og_locale":"pt_BR","og_type":"article","og_title":"ABERTO PROCESSO SELETIVO NA UNIVASF PARA MESTRADO NACIONAL PROFISSIONAL EM ENSINO DE F\u00cdSICA - Blog do Farn\u00e9sio","og_description":"As inscri\u00e7\u00f5es podem ser realizadas at\u00e9 o dia 1\u00ba de outubro. A Universidade Federal do Vale do S\u00e3o Francisco (Univasf) est\u00e1 com inscri\u00e7\u00f5es abertas para o processo seletivo destinado ao Mestrado Nacional Profissional em Ensino de F\u00edsica (MNPEF). O MNPEF \u00e9 um curso em rede nacional organizado pela Sociedade Brasileira de F\u00edsica (SBF) e ofertado em diferentes Institui\u00e7\u00f5es de Ensino Superior (IES) do pa\u00eds. Nesta sele\u00e7\u00e3o, h\u00e1 10 vagas para o curso na Univasf. As inscri\u00e7\u00f5es podem ser realizadas at\u00e9 o dia 1\u00ba de outubro. Para se inscrever, \u00e9 necess\u00e1rio preencher um formul\u00e1rio eletr\u00f4nico, dispon\u00edvel no\u00a0site\u00a0do Mestrado. A taxa de inscri\u00e7\u00e3o \u00e9 no valor de R$ 60,00. Podem participar do processo seletivo candidatos portadores de diplomas de gradua\u00e7\u00e3o ou estudantes&hellip;","og_url":"https:\/\/blogdofarnesio.com.br\/?p=176850","og_site_name":"Blog do Farn\u00e9sio","article_publisher":"https:\/\/www.facebook.com\/BlogQuerSaberPolitica\/","article_published_time":"2017-09-19T16:00:32+00:00","og_image":[{"width":259,"height":194,"url":"https:\/\/blogdofarnesio.com.br\/wp-content\/uploads\/2017\/09\/blogqspunivasfportal.jpg","type":"image\/jpeg"}],"author":"Farn\u00e9sio","twitter_card":"summary_large_image","twitter_misc":{"Escrito por":"Farn\u00e9sio","Est. tempo de leitura":"2 minutos"},"schema":{"@context":"https:\/\/schema.org","@graph":[{"@type":"Article","@id":"https:\/\/blogdofarnesio.com.br\/?p=176850#article","isPartOf":{"@id":"https:\/\/blogdofarnesio.com.br\/?p=176850"},"author":{"name":"Farn\u00e9sio","@id":"https:\/\/blogdofarnesio.com.br\/#\/schema\/person\/301c4acf522bccbfdb45af95b5b906a1"},"headline":"ABERTO PROCESSO SELETIVO NA UNIVASF PARA MESTRADO NACIONAL PROFISSIONAL EM ENSINO DE F\u00cdSICA","datePublished":"2017-09-19T16:00:32+00:00","mainEntityOfPage":{"@id":"https:\/\/blogdofarnesio.com.br\/?p=176850"},"wordCount":342,"commentCount":0,"publisher":{"@id":"https:\/\/blogdofarnesio.com.br\/#organization"},"image":{"@id":"https:\/\/blogdofarnesio.com.br\/?p=176850#primaryimage"},"thumbnailUrl":"https:\/\/blogdofarnesio.com.br\/wp-content\/uploads\/2017\/09\/blogqspunivasfportal.jpg","articleSection":["Educa\u00e7\u00e3o"],"inLanguage":"pt-BR","potentialAction":[{"@type":"CommentAction","name":"Comment","target":["https:\/\/blogdofarnesio.com.br\/?p=176850#respond"]}]},{"@type":"WebPage","@id":"https:\/\/blogdofarnesio.com.br\/?p=176850","url":"https:\/\/blogdofarnesio.com.br\/?p=176850","name":"ABERTO PROCESSO SELETIVO NA UNIVASF PARA MESTRADO NACIONAL PROFISSIONAL EM ENSINO DE F\u00cdSICA - Blog do Farn\u00e9sio","isPartOf":{"@id":"https:\/\/blogdofarnesio.com.br\/#website"},"primaryImageOfPage":{"@id":"https:\/\/blogdofarnesio.com.br\/?p=176850#primaryimage"},"image":{"@id":"https:\/\/blogdofarnesio.com.br\/?p=176850#primaryimage"},"thumbnailUrl":"https:\/\/blogdofarnesio.com.br\/wp-content\/uploads\/2017\/09\/blogqspunivasfportal.jpg","datePublished":"2017-09-19T16:00:32+00:00","breadcrumb":{"@id":"https:\/\/blogdofarnesio.com.br\/?p=176850#breadcrumb"},"inLanguage":"pt-BR","potentialAction":[{"@type":"ReadAction","target":["https:\/\/blogdofarnesio.com.br\/?p=176850"]}]},{"@type":"ImageObject","inLanguage":"pt-BR","@id":"https:\/\/blogdofarnesio.com.br\/?p=176850#primaryimage","url":"https:\/\/blogdofarnesio.com.br\/wp-content\/uploads\/2017\/09\/blogqspunivasfportal.jpg","contentUrl":"https:\/\/blogdofarnesio.com.br\/wp-content\/uploads\/2017\/09\/blogqspunivasfportal.jpg","width":259,"height":194,"caption":"Ilustra\u00e7\u00e3o"},{"@type":"BreadcrumbList","@id":"https:\/\/blogdofarnesio.com.br\/?p=176850#breadcrumb","itemListElement":[{"@type":"ListItem","position":1,"name":"In\u00edcio","item":"https:\/\/blogdofarnesio.com.br\/"},{"@type":"ListItem","position":2,"name":"ABERTO PROCESSO SELETIVO NA UNIVASF PARA MESTRADO NACIONAL PROFISSIONAL EM ENSINO DE F\u00cdSICA"}]},{"@type":"WebSite","@id":"https:\/\/blogdofarnesio.com.br\/#website","url":"https:\/\/blogdofarnesio.com.br\/","name":"Blog do Farn\u00e9sio","description":"Quer Saber Pol\u00edtica?","publisher":{"@id":"https:\/\/blogdofarnesio.com.br\/#organization"},"potentialAction":[{"@type":"SearchAction","target":{"@type":"EntryPoint","urlTemplate":"https:\/\/blogdofarnesio.com.br\/?s={search_term_string}"},"query-input":{"@type":"PropertyValueSpecification","valueRequired":true,"valueName":"search_term_string"}}],"inLanguage":"pt-BR"},{"@type":"Organization","@id":"https:\/\/blogdofarnesio.com.br\/#organization","name":"Blog do Farn\u00e9sio","url":"https:\/\/blogdofarnesio.com.br\/","logo":{"@type":"ImageObject","inLanguage":"pt-BR","@id":"https:\/\/blogdofarnesio.com.br\/#\/schema\/logo\/image\/","url":"https:\/\/blogdofarnesio.com.br\/wp-content\/uploads\/2026\/03\/cropped-logo_new-1.png","contentUrl":"https:\/\/blogdofarnesio.com.br\/wp-content\/uploads\/2026\/03\/cropped-logo_new-1.png","width":881,"height":685,"caption":"Blog do Farn\u00e9sio"},"image":{"@id":"https:\/\/blogdofarnesio.com.br\/#\/schema\/logo\/image\/"},"sameAs":["https:\/\/www.facebook.com\/BlogQuerSaberPolitica\/"]},{"@type":"Person","@id":"https:\/\/blogdofarnesio.com.br\/#\/schema\/person\/301c4acf522bccbfdb45af95b5b906a1","name":"Farn\u00e9sio","image":{"@type":"ImageObject","inLanguage":"pt-BR","@id":"https:\/\/secure.gravatar.com\/avatar\/df0c9a14567c056f8ad6876ba5bbd1e3e2c48023eb6807342fc4663adf549f38?s=96&d=mm&r=g","url":"https:\/\/secure.gravatar.com\/avatar\/df0c9a14567c056f8ad6876ba5bbd1e3e2c48023eb6807342fc4663adf549f38?s=96&d=mm&r=g","contentUrl":"https:\/\/secure.gravatar.com\/avatar\/df0c9a14567c056f8ad6876ba5bbd1e3e2c48023eb6807342fc4663adf549f38?s=96&d=mm&r=g","caption":"Farn\u00e9sio"},"sameAs":["https:\/\/quersaberpolitica.com.br"],"url":"https:\/\/blogdofarnesio.com.br\/?author=1"}]}},"_links":{"self":[{"href":"https:\/\/blogdofarnesio.com.br\/index.php?rest_route=\/wp\/v2\/posts\/176850","targetHints":{"allow":["GET"]}}],"collection":[{"href":"https:\/\/blogdofarnesio.com.br\/index.php?rest_route=\/wp\/v2\/posts"}],"about":[{"href":"https:\/\/blogdofarnesio.com.br\/index.php?rest_route=\/wp\/v2\/types\/post"}],"author":[{"embeddable":true,"href":"https:\/\/blogdofarnesio.com.br\/index.php?rest_route=\/wp\/v2\/users\/1"}],"replies":[{"embeddable":true,"href":"https:\/\/blogdofarnesio.com.br\/index.php?rest_route=%2Fwp%2Fv2%2Fcomments&post=176850"}],"version-history":[{"count":0,"href":"https:\/\/blogdofarnesio.com.br\/index.php?rest_route=\/wp\/v2\/posts\/176850\/revisions"}],"wp:featuredmedia":[{"embeddable":true,"href":"https:\/\/blogdofarnesio.com.br\/index.php?rest_route=\/wp\/v2\/media\/175612"}],"wp:attachment":[{"href":"https:\/\/blogdofarnesio.com.br\/index.php?rest_route=%2Fwp%2Fv2%2Fmedia&parent=176850"}],"wp:term":[{"taxonomy":"category","embeddable":true,"href":"https:\/\/blogdofarnesio.com.br\/index.php?rest_route=%2Fwp%2Fv2%2Fcategories&post=176850"},{"taxonomy":"post_tag","embeddable":true,"href":"https:\/\/blogdofarnesio.com.br\/index.php?rest_route=%2Fwp%2Fv2%2Ftags&post=176850"}],"curies":[{"name":"wp","href":"https:\/\/api.w.org\/{rel}","templated":true}]}}