{"id":176720,"date":"2017-09-17T19:33:56","date_gmt":"2017-09-17T22:33:56","guid":{"rendered":"http:\/\/quersaberpolitica.com.br\/2016\/?p=176720"},"modified":"2017-09-17T19:35:43","modified_gmt":"2017-09-17T22:35:43","slug":"176720","status":"publish","type":"post","link":"https:\/\/blogdofarnesio.com.br\/?p=176720","title":{"rendered":"CORPO DE MARCELO REZENDE \u00c9 ENTERRADO EM S\u00c3O PAULO"},"content":{"rendered":"<p>Jornalista perdeu a luta contra um c\u00e2ncer e morreu na tarde do \u00faltimo s\u00e1bado (16)<\/p>\n<p><strong>Marcelo Rezende<\/strong>\u00a0foi enterrado na tarde deste domingo (17) em S\u00e3o Paulo, no Cemit\u00e9rio Congonhas. O jornalista lutava contra um c\u00e2ncer no p\u00e2ncreas e teve fal\u00eancia m\u00faltipla dos \u00f3rg\u00e3os na \u00faltima sexta-feira (15). Familiares e amigos passaram pelo vel\u00f3rio, que aconteceu na Assembl\u00e9ia Legislativa da capital.<\/p>\n<p><strong><!-- x-tinymce\/html --><!-- x-tinymce\/html --><\/strong><\/p>\n<h1><a title=\"Corpo de Marcelo Rezende \u00e9 enterrado em S\u00e3o Paulo\" href=\"http:\/\/www.didigalvao.com.br\/wp-content\/uploads\/2017\/09\/marcelo-rezende1.jpg\" rel=\"attachment wp-att-120381\"><img loading=\"lazy\" decoding=\"async\" class=\"aligncenter size-full wp-image-120381\" src=\"http:\/\/www.didigalvao.com.br\/wp-content\/uploads\/2017\/09\/marcelo-rezende1.jpg\" sizes=\"auto, (max-width: 640px) 100vw, 640px\" alt=\"marcelo-rezende1\" width=\"640\" height=\"426\" \/><\/a><\/h1>\n<p><strong>Batalha contra o c\u00e2ncer<\/strong><\/p>\n<p>De acordo com a nota divulgada pelo\u00a0<strong>Hospital Moriah<\/strong>, onde ele estava internado, o jornalista morreu \u00e0s 17h45 deste s\u00e1bado.<\/p>\n<p>No dia 14 de maio de 2017, foi ao ar uma entrevista de Rezende no programa Domingo Espetacular, em que revelou que estava com c\u00e2ncer no p\u00e2ncreas, j\u00e1 com met\u00e1stase no f\u00edgado. Por conta da doen\u00e7a, o jornalista se afastou do trabalho na\u00a0<strong>Record TV<\/strong>, emissora em que comandava o\u00a0<strong>Cidade Alerta<\/strong>\u00a0desde 2012.<\/p>\n<p><strong>Marcella de Oliveira<\/strong>, filha de Marcelo, fez um post para homenage\u00e1-lo. <em>\u201cE \u00e9 assim que voc\u00ea ser\u00e1 sempre lembrado, pai. A sua alegria, suas piadas, sua for\u00e7a, seu amor. Nossos momentos e tantas celebra\u00e7\u00f5es juntos. Hoje \u00e9 s\u00f3 mais um dia de celebra\u00e7\u00e3o, um aus\u00eancia apenas f\u00edsica porque voc\u00ea sempre estar\u00e1 aqui. Te amo pra sempre.\u201d<\/em><\/p>\n<p><strong>Vel\u00f3rio reuniu familiares<\/strong><\/p>\n<p>O corpo do apresentador da Record TV, Marcelo Rezende, foi velado na Assembleia Legislativa do Estado de S\u00e3o Paulo, no bairro do Ibirapuera, na capital paulista.<\/p>\n<p>O vel\u00f3rio foi aberto ao p\u00fablico, desde as 10hs da manh\u00e3 deste domingo, dia 17\/09, seguindo tarde adentro, para que todos os f\u00e3s, amigos, familiares e admiradores do jornalista pudessem prestar suas \u00faltimas homenagens e se despedirem.<\/p>\n<p>O apresentador\u00a0<strong>Rodrigo Faro<\/strong>, acompanhado da esposa<strong>\u00a0Vera Viel<\/strong>:\u00a0 <em>\u201cTenho muitas lembran\u00e7as do Marcelo. Ele deixou um exemplo de ombridade, car\u00e1ter e profissionalismo. Ele era um paiz\u00e3o para gente!\u201d<\/em>.<\/p>\n<p><em>\u201cEle tinha muito carinho pelas meninas. Contamos para eles hoje, que ele estava doentinho e faleceu. Eu perdi meu pai dessa maneira\u2026\u00e9 muito dif\u00edcil\u201d,<\/em> complementou Vera.<\/p>\n<p>\u201cEle vai deixar um legado de carinho, amor, respeito e ajuda. Ele foi um cara que sempre ajudou profissionalmente e aos outros. Comigo sempre foi assim!\u201d, lembrou o apresentador<strong>\u00a0Ot\u00e1vio Mesquita.<\/strong><\/p>\n<p><strong>Renato Lombardi<\/strong>, comentarista do \u201cBalan\u00e7o Geral\u201d, esteve no vel\u00f3rio nesta manh\u00e3 e se emocionou ao falar de Marcelo: <em>\u201cEra uma pessoa presente, que se fazia impor. Eu n\u00e3o achei que fosse t\u00e3o r\u00e1pido. Conheci ele quando trabalhava na Globo\u2026mas olha, como ele n\u00e3o vai ter igual. Presen\u00e7a marcante, car\u00e1ter firme. Far\u00e1 muita falta no nosso jornalismo.\u201d<\/em><\/p>\n","protected":false},"excerpt":{"rendered":"<p>Jornalista perdeu a luta contra um c\u00e2ncer e morreu na tarde do \u00faltimo s\u00e1bado (16) Marcelo Rezende\u00a0foi enterrado na tarde deste domingo (17) em S\u00e3o Paulo, no Cemit\u00e9rio Congonhas. O jornalista lutava contra um c\u00e2ncer no p\u00e2ncreas e teve fal\u00eancia m\u00faltipla dos \u00f3rg\u00e3os na \u00faltima sexta-feira (15). Familiares e amigos passaram pelo vel\u00f3rio, que aconteceu na Assembl\u00e9ia Legislativa da capital. Batalha contra o c\u00e2ncer De acordo com a nota divulgada pelo\u00a0Hospital Moriah, onde ele estava internado, o jornalista morreu \u00e0s 17h45 deste s\u00e1bado. No dia 14 de maio de 2017, foi ao ar uma entrevista de Rezende no programa Domingo Espetacular, em que revelou que estava com c\u00e2ncer no p\u00e2ncreas, j\u00e1 com met\u00e1stase no f\u00edgado. Por conta da doen\u00e7a, o&hellip; <\/p>\n","protected":false},"author":1,"featured_media":176721,"comment_status":"open","ping_status":"open","sticky":false,"template":"","format":"standard","meta":{"_acf_changed":false,"footnotes":""},"categories":[1],"tags":[],"class_list":["post-176720","post","type-post","status-publish","format-standard","has-post-thumbnail","hentry","category-politica"],"acf":[],"yoast_head":"<!-- This site is optimized with the Yoast SEO plugin v27.4 - https:\/\/yoast.com\/product\/yoast-seo-wordpress\/ -->\n<title>CORPO DE MARCELO REZENDE \u00c9 ENTERRADO EM S\u00c3O PAULO - Blog do Farn\u00e9sio<\/title>\n<meta name=\"robots\" content=\"index, follow, max-snippet:-1, max-image-preview:large, max-video-preview:-1\" \/>\n<link rel=\"canonical\" href=\"https:\/\/blogdofarnesio.com.br\/?p=176720\" \/>\n<meta property=\"og:locale\" content=\"pt_BR\" \/>\n<meta property=\"og:type\" content=\"article\" \/>\n<meta property=\"og:title\" content=\"CORPO DE MARCELO REZENDE \u00c9 ENTERRADO EM S\u00c3O PAULO - Blog do Farn\u00e9sio\" \/>\n<meta property=\"og:description\" content=\"Jornalista perdeu a luta contra um c\u00e2ncer e morreu na tarde do \u00faltimo s\u00e1bado (16) Marcelo Rezende\u00a0foi enterrado na tarde deste domingo (17) em S\u00e3o Paulo, no Cemit\u00e9rio Congonhas. O jornalista lutava contra um c\u00e2ncer no p\u00e2ncreas e teve fal\u00eancia m\u00faltipla dos \u00f3rg\u00e3os na \u00faltima sexta-feira (15). Familiares e amigos passaram pelo vel\u00f3rio, que aconteceu na Assembl\u00e9ia Legislativa da capital. Batalha contra o c\u00e2ncer De acordo com a nota divulgada pelo\u00a0Hospital Moriah, onde ele estava internado, o jornalista morreu \u00e0s 17h45 deste s\u00e1bado. No dia 14 de maio de 2017, foi ao ar uma entrevista de Rezende no programa Domingo Espetacular, em que revelou que estava com c\u00e2ncer no p\u00e2ncreas, j\u00e1 com met\u00e1stase no f\u00edgado. Por conta da doen\u00e7a, o&hellip;\" \/>\n<meta property=\"og:url\" content=\"https:\/\/blogdofarnesio.com.br\/?p=176720\" \/>\n<meta property=\"og:site_name\" content=\"Blog do Farn\u00e9sio\" \/>\n<meta property=\"article:publisher\" content=\"https:\/\/www.facebook.com\/BlogQuerSaberPolitica\/\" \/>\n<meta property=\"article:published_time\" content=\"2017-09-17T22:33:56+00:00\" \/>\n<meta property=\"article:modified_time\" content=\"2017-09-17T22:35:43+00:00\" \/>\n<meta property=\"og:image\" content=\"https:\/\/blogdofarnesio.com.br\/wp-content\/uploads\/2017\/09\/blogqspvelorio-marcelo-rezende-9928.jpg\" \/>\n\t<meta property=\"og:image:width\" content=\"620\" \/>\n\t<meta property=\"og:image:height\" content=\"414\" \/>\n\t<meta property=\"og:image:type\" content=\"image\/jpeg\" \/>\n<meta name=\"author\" content=\"Farn\u00e9sio\" \/>\n<meta name=\"twitter:card\" content=\"summary_large_image\" \/>\n<meta name=\"twitter:label1\" content=\"Escrito por\" \/>\n\t<meta name=\"twitter:data1\" content=\"Farn\u00e9sio\" \/>\n\t<meta name=\"twitter:label2\" content=\"Est. tempo de leitura\" \/>\n\t<meta name=\"twitter:data2\" content=\"2 minutos\" \/>\n<script type=\"application\/ld+json\" class=\"yoast-schema-graph\">{\"@context\":\"https:\\\/\\\/schema.org\",\"@graph\":[{\"@type\":\"Article\",\"@id\":\"https:\\\/\\\/blogdofarnesio.com.br\\\/?p=176720#article\",\"isPartOf\":{\"@id\":\"https:\\\/\\\/blogdofarnesio.com.br\\\/?p=176720\"},\"author\":{\"name\":\"Farn\u00e9sio\",\"@id\":\"https:\\\/\\\/blogdofarnesio.com.br\\\/#\\\/schema\\\/person\\\/301c4acf522bccbfdb45af95b5b906a1\"},\"headline\":\"CORPO DE MARCELO REZENDE \u00c9 ENTERRADO EM S\u00c3O PAULO\",\"datePublished\":\"2017-09-17T22:33:56+00:00\",\"dateModified\":\"2017-09-17T22:35:43+00:00\",\"mainEntityOfPage\":{\"@id\":\"https:\\\/\\\/blogdofarnesio.com.br\\\/?p=176720\"},\"wordCount\":446,\"commentCount\":0,\"publisher\":{\"@id\":\"https:\\\/\\\/blogdofarnesio.com.br\\\/#organization\"},\"image\":{\"@id\":\"https:\\\/\\\/blogdofarnesio.com.br\\\/?p=176720#primaryimage\"},\"thumbnailUrl\":\"https:\\\/\\\/blogdofarnesio.com.br\\\/wp-content\\\/uploads\\\/2017\\\/09\\\/blogqspvelorio-marcelo-rezende-9928.jpg\",\"articleSection\":[\"Pol\u00edtica\"],\"inLanguage\":\"pt-BR\",\"potentialAction\":[{\"@type\":\"CommentAction\",\"name\":\"Comment\",\"target\":[\"https:\\\/\\\/blogdofarnesio.com.br\\\/?p=176720#respond\"]}]},{\"@type\":\"WebPage\",\"@id\":\"https:\\\/\\\/blogdofarnesio.com.br\\\/?p=176720\",\"url\":\"https:\\\/\\\/blogdofarnesio.com.br\\\/?p=176720\",\"name\":\"CORPO DE MARCELO REZENDE \u00c9 ENTERRADO EM S\u00c3O PAULO - Blog do Farn\u00e9sio\",\"isPartOf\":{\"@id\":\"https:\\\/\\\/blogdofarnesio.com.br\\\/#website\"},\"primaryImageOfPage\":{\"@id\":\"https:\\\/\\\/blogdofarnesio.com.br\\\/?p=176720#primaryimage\"},\"image\":{\"@id\":\"https:\\\/\\\/blogdofarnesio.com.br\\\/?p=176720#primaryimage\"},\"thumbnailUrl\":\"https:\\\/\\\/blogdofarnesio.com.br\\\/wp-content\\\/uploads\\\/2017\\\/09\\\/blogqspvelorio-marcelo-rezende-9928.jpg\",\"datePublished\":\"2017-09-17T22:33:56+00:00\",\"dateModified\":\"2017-09-17T22:35:43+00:00\",\"breadcrumb\":{\"@id\":\"https:\\\/\\\/blogdofarnesio.com.br\\\/?p=176720#breadcrumb\"},\"inLanguage\":\"pt-BR\",\"potentialAction\":[{\"@type\":\"ReadAction\",\"target\":[\"https:\\\/\\\/blogdofarnesio.com.br\\\/?p=176720\"]}]},{\"@type\":\"ImageObject\",\"inLanguage\":\"pt-BR\",\"@id\":\"https:\\\/\\\/blogdofarnesio.com.br\\\/?p=176720#primaryimage\",\"url\":\"https:\\\/\\\/blogdofarnesio.com.br\\\/wp-content\\\/uploads\\\/2017\\\/09\\\/blogqspvelorio-marcelo-rezende-9928.jpg\",\"contentUrl\":\"https:\\\/\\\/blogdofarnesio.com.br\\\/wp-content\\\/uploads\\\/2017\\\/09\\\/blogqspvelorio-marcelo-rezende-9928.jpg\",\"width\":620,\"height\":414},{\"@type\":\"BreadcrumbList\",\"@id\":\"https:\\\/\\\/blogdofarnesio.com.br\\\/?p=176720#breadcrumb\",\"itemListElement\":[{\"@type\":\"ListItem\",\"position\":1,\"name\":\"In\u00edcio\",\"item\":\"https:\\\/\\\/blogdofarnesio.com.br\\\/\"},{\"@type\":\"ListItem\",\"position\":2,\"name\":\"CORPO DE MARCELO REZENDE \u00c9 ENTERRADO EM S\u00c3O PAULO\"}]},{\"@type\":\"WebSite\",\"@id\":\"https:\\\/\\\/blogdofarnesio.com.br\\\/#website\",\"url\":\"https:\\\/\\\/blogdofarnesio.com.br\\\/\",\"name\":\"Blog do Farn\u00e9sio\",\"description\":\"Quer Saber Pol\u00edtica?\",\"publisher\":{\"@id\":\"https:\\\/\\\/blogdofarnesio.com.br\\\/#organization\"},\"potentialAction\":[{\"@type\":\"SearchAction\",\"target\":{\"@type\":\"EntryPoint\",\"urlTemplate\":\"https:\\\/\\\/blogdofarnesio.com.br\\\/?s={search_term_string}\"},\"query-input\":{\"@type\":\"PropertyValueSpecification\",\"valueRequired\":true,\"valueName\":\"search_term_string\"}}],\"inLanguage\":\"pt-BR\"},{\"@type\":\"Organization\",\"@id\":\"https:\\\/\\\/blogdofarnesio.com.br\\\/#organization\",\"name\":\"Blog do Farn\u00e9sio\",\"url\":\"https:\\\/\\\/blogdofarnesio.com.br\\\/\",\"logo\":{\"@type\":\"ImageObject\",\"inLanguage\":\"pt-BR\",\"@id\":\"https:\\\/\\\/blogdofarnesio.com.br\\\/#\\\/schema\\\/logo\\\/image\\\/\",\"url\":\"https:\\\/\\\/blogdofarnesio.com.br\\\/wp-content\\\/uploads\\\/2026\\\/03\\\/cropped-logo_new-1.png\",\"contentUrl\":\"https:\\\/\\\/blogdofarnesio.com.br\\\/wp-content\\\/uploads\\\/2026\\\/03\\\/cropped-logo_new-1.png\",\"width\":881,\"height\":685,\"caption\":\"Blog do Farn\u00e9sio\"},\"image\":{\"@id\":\"https:\\\/\\\/blogdofarnesio.com.br\\\/#\\\/schema\\\/logo\\\/image\\\/\"},\"sameAs\":[\"https:\\\/\\\/www.facebook.com\\\/BlogQuerSaberPolitica\\\/\"]},{\"@type\":\"Person\",\"@id\":\"https:\\\/\\\/blogdofarnesio.com.br\\\/#\\\/schema\\\/person\\\/301c4acf522bccbfdb45af95b5b906a1\",\"name\":\"Farn\u00e9sio\",\"image\":{\"@type\":\"ImageObject\",\"inLanguage\":\"pt-BR\",\"@id\":\"https:\\\/\\\/secure.gravatar.com\\\/avatar\\\/df0c9a14567c056f8ad6876ba5bbd1e3e2c48023eb6807342fc4663adf549f38?s=96&d=mm&r=g\",\"url\":\"https:\\\/\\\/secure.gravatar.com\\\/avatar\\\/df0c9a14567c056f8ad6876ba5bbd1e3e2c48023eb6807342fc4663adf549f38?s=96&d=mm&r=g\",\"contentUrl\":\"https:\\\/\\\/secure.gravatar.com\\\/avatar\\\/df0c9a14567c056f8ad6876ba5bbd1e3e2c48023eb6807342fc4663adf549f38?s=96&d=mm&r=g\",\"caption\":\"Farn\u00e9sio\"},\"sameAs\":[\"https:\\\/\\\/quersaberpolitica.com.br\"],\"url\":\"https:\\\/\\\/blogdofarnesio.com.br\\\/?author=1\"}]}<\/script>\n<!-- \/ Yoast SEO plugin. -->","yoast_head_json":{"title":"CORPO DE MARCELO REZENDE \u00c9 ENTERRADO EM S\u00c3O PAULO - Blog do Farn\u00e9sio","robots":{"index":"index","follow":"follow","max-snippet":"max-snippet:-1","max-image-preview":"max-image-preview:large","max-video-preview":"max-video-preview:-1"},"canonical":"https:\/\/blogdofarnesio.com.br\/?p=176720","og_locale":"pt_BR","og_type":"article","og_title":"CORPO DE MARCELO REZENDE \u00c9 ENTERRADO EM S\u00c3O PAULO - Blog do Farn\u00e9sio","og_description":"Jornalista perdeu a luta contra um c\u00e2ncer e morreu na tarde do \u00faltimo s\u00e1bado (16) Marcelo Rezende\u00a0foi enterrado na tarde deste domingo (17) em S\u00e3o Paulo, no Cemit\u00e9rio Congonhas. O jornalista lutava contra um c\u00e2ncer no p\u00e2ncreas e teve fal\u00eancia m\u00faltipla dos \u00f3rg\u00e3os na \u00faltima sexta-feira (15). Familiares e amigos passaram pelo vel\u00f3rio, que aconteceu na Assembl\u00e9ia Legislativa da capital. Batalha contra o c\u00e2ncer De acordo com a nota divulgada pelo\u00a0Hospital Moriah, onde ele estava internado, o jornalista morreu \u00e0s 17h45 deste s\u00e1bado. No dia 14 de maio de 2017, foi ao ar uma entrevista de Rezende no programa Domingo Espetacular, em que revelou que estava com c\u00e2ncer no p\u00e2ncreas, j\u00e1 com met\u00e1stase no f\u00edgado. Por conta da doen\u00e7a, o&hellip;","og_url":"https:\/\/blogdofarnesio.com.br\/?p=176720","og_site_name":"Blog do Farn\u00e9sio","article_publisher":"https:\/\/www.facebook.com\/BlogQuerSaberPolitica\/","article_published_time":"2017-09-17T22:33:56+00:00","article_modified_time":"2017-09-17T22:35:43+00:00","og_image":[{"width":620,"height":414,"url":"https:\/\/blogdofarnesio.com.br\/wp-content\/uploads\/2017\/09\/blogqspvelorio-marcelo-rezende-9928.jpg","type":"image\/jpeg"}],"author":"Farn\u00e9sio","twitter_card":"summary_large_image","twitter_misc":{"Escrito por":"Farn\u00e9sio","Est. tempo de leitura":"2 minutos"},"schema":{"@context":"https:\/\/schema.org","@graph":[{"@type":"Article","@id":"https:\/\/blogdofarnesio.com.br\/?p=176720#article","isPartOf":{"@id":"https:\/\/blogdofarnesio.com.br\/?p=176720"},"author":{"name":"Farn\u00e9sio","@id":"https:\/\/blogdofarnesio.com.br\/#\/schema\/person\/301c4acf522bccbfdb45af95b5b906a1"},"headline":"CORPO DE MARCELO REZENDE \u00c9 ENTERRADO EM S\u00c3O PAULO","datePublished":"2017-09-17T22:33:56+00:00","dateModified":"2017-09-17T22:35:43+00:00","mainEntityOfPage":{"@id":"https:\/\/blogdofarnesio.com.br\/?p=176720"},"wordCount":446,"commentCount":0,"publisher":{"@id":"https:\/\/blogdofarnesio.com.br\/#organization"},"image":{"@id":"https:\/\/blogdofarnesio.com.br\/?p=176720#primaryimage"},"thumbnailUrl":"https:\/\/blogdofarnesio.com.br\/wp-content\/uploads\/2017\/09\/blogqspvelorio-marcelo-rezende-9928.jpg","articleSection":["Pol\u00edtica"],"inLanguage":"pt-BR","potentialAction":[{"@type":"CommentAction","name":"Comment","target":["https:\/\/blogdofarnesio.com.br\/?p=176720#respond"]}]},{"@type":"WebPage","@id":"https:\/\/blogdofarnesio.com.br\/?p=176720","url":"https:\/\/blogdofarnesio.com.br\/?p=176720","name":"CORPO DE MARCELO REZENDE \u00c9 ENTERRADO EM S\u00c3O PAULO - Blog do Farn\u00e9sio","isPartOf":{"@id":"https:\/\/blogdofarnesio.com.br\/#website"},"primaryImageOfPage":{"@id":"https:\/\/blogdofarnesio.com.br\/?p=176720#primaryimage"},"image":{"@id":"https:\/\/blogdofarnesio.com.br\/?p=176720#primaryimage"},"thumbnailUrl":"https:\/\/blogdofarnesio.com.br\/wp-content\/uploads\/2017\/09\/blogqspvelorio-marcelo-rezende-9928.jpg","datePublished":"2017-09-17T22:33:56+00:00","dateModified":"2017-09-17T22:35:43+00:00","breadcrumb":{"@id":"https:\/\/blogdofarnesio.com.br\/?p=176720#breadcrumb"},"inLanguage":"pt-BR","potentialAction":[{"@type":"ReadAction","target":["https:\/\/blogdofarnesio.com.br\/?p=176720"]}]},{"@type":"ImageObject","inLanguage":"pt-BR","@id":"https:\/\/blogdofarnesio.com.br\/?p=176720#primaryimage","url":"https:\/\/blogdofarnesio.com.br\/wp-content\/uploads\/2017\/09\/blogqspvelorio-marcelo-rezende-9928.jpg","contentUrl":"https:\/\/blogdofarnesio.com.br\/wp-content\/uploads\/2017\/09\/blogqspvelorio-marcelo-rezende-9928.jpg","width":620,"height":414},{"@type":"BreadcrumbList","@id":"https:\/\/blogdofarnesio.com.br\/?p=176720#breadcrumb","itemListElement":[{"@type":"ListItem","position":1,"name":"In\u00edcio","item":"https:\/\/blogdofarnesio.com.br\/"},{"@type":"ListItem","position":2,"name":"CORPO DE MARCELO REZENDE \u00c9 ENTERRADO EM S\u00c3O PAULO"}]},{"@type":"WebSite","@id":"https:\/\/blogdofarnesio.com.br\/#website","url":"https:\/\/blogdofarnesio.com.br\/","name":"Blog do Farn\u00e9sio","description":"Quer Saber Pol\u00edtica?","publisher":{"@id":"https:\/\/blogdofarnesio.com.br\/#organization"},"potentialAction":[{"@type":"SearchAction","target":{"@type":"EntryPoint","urlTemplate":"https:\/\/blogdofarnesio.com.br\/?s={search_term_string}"},"query-input":{"@type":"PropertyValueSpecification","valueRequired":true,"valueName":"search_term_string"}}],"inLanguage":"pt-BR"},{"@type":"Organization","@id":"https:\/\/blogdofarnesio.com.br\/#organization","name":"Blog do Farn\u00e9sio","url":"https:\/\/blogdofarnesio.com.br\/","logo":{"@type":"ImageObject","inLanguage":"pt-BR","@id":"https:\/\/blogdofarnesio.com.br\/#\/schema\/logo\/image\/","url":"https:\/\/blogdofarnesio.com.br\/wp-content\/uploads\/2026\/03\/cropped-logo_new-1.png","contentUrl":"https:\/\/blogdofarnesio.com.br\/wp-content\/uploads\/2026\/03\/cropped-logo_new-1.png","width":881,"height":685,"caption":"Blog do Farn\u00e9sio"},"image":{"@id":"https:\/\/blogdofarnesio.com.br\/#\/schema\/logo\/image\/"},"sameAs":["https:\/\/www.facebook.com\/BlogQuerSaberPolitica\/"]},{"@type":"Person","@id":"https:\/\/blogdofarnesio.com.br\/#\/schema\/person\/301c4acf522bccbfdb45af95b5b906a1","name":"Farn\u00e9sio","image":{"@type":"ImageObject","inLanguage":"pt-BR","@id":"https:\/\/secure.gravatar.com\/avatar\/df0c9a14567c056f8ad6876ba5bbd1e3e2c48023eb6807342fc4663adf549f38?s=96&d=mm&r=g","url":"https:\/\/secure.gravatar.com\/avatar\/df0c9a14567c056f8ad6876ba5bbd1e3e2c48023eb6807342fc4663adf549f38?s=96&d=mm&r=g","contentUrl":"https:\/\/secure.gravatar.com\/avatar\/df0c9a14567c056f8ad6876ba5bbd1e3e2c48023eb6807342fc4663adf549f38?s=96&d=mm&r=g","caption":"Farn\u00e9sio"},"sameAs":["https:\/\/quersaberpolitica.com.br"],"url":"https:\/\/blogdofarnesio.com.br\/?author=1"}]}},"_links":{"self":[{"href":"https:\/\/blogdofarnesio.com.br\/index.php?rest_route=\/wp\/v2\/posts\/176720","targetHints":{"allow":["GET"]}}],"collection":[{"href":"https:\/\/blogdofarnesio.com.br\/index.php?rest_route=\/wp\/v2\/posts"}],"about":[{"href":"https:\/\/blogdofarnesio.com.br\/index.php?rest_route=\/wp\/v2\/types\/post"}],"author":[{"embeddable":true,"href":"https:\/\/blogdofarnesio.com.br\/index.php?rest_route=\/wp\/v2\/users\/1"}],"replies":[{"embeddable":true,"href":"https:\/\/blogdofarnesio.com.br\/index.php?rest_route=%2Fwp%2Fv2%2Fcomments&post=176720"}],"version-history":[{"count":0,"href":"https:\/\/blogdofarnesio.com.br\/index.php?rest_route=\/wp\/v2\/posts\/176720\/revisions"}],"wp:featuredmedia":[{"embeddable":true,"href":"https:\/\/blogdofarnesio.com.br\/index.php?rest_route=\/wp\/v2\/media\/176721"}],"wp:attachment":[{"href":"https:\/\/blogdofarnesio.com.br\/index.php?rest_route=%2Fwp%2Fv2%2Fmedia&parent=176720"}],"wp:term":[{"taxonomy":"category","embeddable":true,"href":"https:\/\/blogdofarnesio.com.br\/index.php?rest_route=%2Fwp%2Fv2%2Fcategories&post=176720"},{"taxonomy":"post_tag","embeddable":true,"href":"https:\/\/blogdofarnesio.com.br\/index.php?rest_route=%2Fwp%2Fv2%2Ftags&post=176720"}],"curies":[{"name":"wp","href":"https:\/\/api.w.org\/{rel}","templated":true}]}}