{"id":176706,"date":"2017-09-17T17:00:41","date_gmt":"2017-09-17T20:00:41","guid":{"rendered":"http:\/\/quersaberpolitica.com.br\/2016\/?p=176706"},"modified":"2017-09-17T15:17:44","modified_gmt":"2017-09-17T18:17:44","slug":"ministro-fernando-filho-critica-ineficiencia-das-estatais","status":"publish","type":"post","link":"https:\/\/blogdofarnesio.com.br\/?p=176706","title":{"rendered":"MINISTRO FERNANDO FILHO CRITICA INEFICI\u00caNCIA DAS ESTATAIS"},"content":{"rendered":"<p class=\"sutia\"><em><strong>Na estreia do programa 20 minutos, na TV Jornal, ministro falou sobre assuntos espinhosos<\/strong><\/em><\/p>\n<div class=\"assinatura\">JC Online<\/div>\n<p>&nbsp;<\/p>\n<p>O que o Nordeste ganha com a privatiza\u00e7\u00e3o da Chesf? E o que o governador Paulo C\u00e2mara fez, ou deixou de fazer, que os levou ao rompimento? O Ministro de Minas e Energia, Fernando Bezerra Filho, respondeu a estas e outras perguntas feitas pelo cientista pol\u00edtico Ant\u00f4nio Lavareda, na estreia do programa 20 minutos, na noite deste s\u00e1bado, pela TV Jornal. Produzido pelo\u00a0<strong>Sistema Jornal do Commercio de Comunica\u00e7\u00e3o<\/strong>, o programa ir\u00e1 ao ar aos s\u00e1bados, \u00e0s 19h20, pela TV Jornal, e ser\u00e1 retransmitido aos domingos pela R\u00e1dio Jornal,\u00a0 \u00e0s 11h40. Al\u00e9m de ficar dispon\u00edvel no Facebook da TV Jornal e passar na TV JC \u00e0s segundas-feiras, \u00e0s 8h30.<\/p>\n<p>Na primeira parte do programa Fernando Filho explicou o processo de privatiza\u00e7\u00e3o da Eletrobr\u00e1s e de suas empresas, e Fernando Filho falou o que o Nordeste, onde v\u00e1rios governadores j\u00e1 resistem \u00e0 privatiza\u00e7\u00e3o da Chesf, ganharia com o ato. \u201cV\u00e3o ganhar uma empresa mais eficiente, que vai entregar suas obras no prazo e um plano de revitaliza\u00e7\u00e3o para o Rio S\u00e3o Francisco nunca antes visto no Pa\u00eds\u201d, argumentou, complementando que tudo est\u00e1 sendo desenvolvido e ser\u00e1 garantido atrav\u00e9s da lei de privatiza\u00e7\u00e3o. O ministro revelou ainda que, a m\u00e9dio prazo, a energia el\u00e9trica ficar\u00e1 mais barata para os consumidores.<\/p>\n<p style=\"padding-left: 30px;\">SEGUNDO BLOCO<\/p>\n<p>No segundo bloco do programa Lavareda abordou temas pol\u00edticos. E perguntou o que aconteceu para que ele o pai, o senador Fernando Bezerra Coelho, rompessem com o governador Paulo C\u00e2mara, mesmo ambos tendo sido eleitos em 2014 pelo palanque do governador. Fernando Filho respondeu citando uma frase do governador Eduardo Campos. \u201cEle falou que s\u00f3 porque voc\u00ea apoiou uma vez, voc\u00ea n\u00e3o \u00e9 obrigado a continuar apoiando a partir do momento que voc\u00ea n\u00e3o se v\u00ea mais representado naquele governo\u201d. O ministro complementou a resposta afirmando que ficou claro que Paulo C\u00e2mara excluiu do governo o grupo liderado pelo senador Fernando Bezerra, pai dele.<\/p>\n<p>Tocando num assunto ainda mais espinhoso, professor Lavareda pergunta se ele e o pai n\u00e3o est\u00e3o trocando um problema pelo outro, referindo-se \u00e0 sa\u00edda do senador Fernando Bezerra Coelho do PSB para a oposi\u00e7\u00e3o ao governo estadual atrav\u00e9s da filia\u00e7\u00e3o ao PMDB que, ao mesmo tempo, n\u00e3o aceita essa filia\u00e7\u00e3o imposta pelo PMDB nacional. O ministro foi taxativo. Disse que ele acredita em um di\u00e1logo com o PMDB estadual mas, se isso n\u00e3o for poss\u00edvel, que Jarbas Vasconcelos, que at\u00e9 ent\u00e3o det\u00e9m a lideran\u00e7a do partido, junto com o vice-governador Raul Henry resolvam a quest\u00e3o junto ao PMDB nacional.<\/p>\n<p>Por fim, Antonio Lavareda quis saber o que o ministro acha de ter o nome cogitado para disputar o governo do Estado no pr\u00f3ximo ano. Pela primeira vez durante a entrevista o Fernando Filho sai pela tangente e afirma que n\u00e3o \u00e9 o momento, est\u00e1 mais preocupado em construir um projeto alternativo Para Pernambuco.<\/p>\n","protected":false},"excerpt":{"rendered":"<p>Na estreia do programa 20 minutos, na TV Jornal, ministro falou sobre assuntos espinhosos JC Online &nbsp; O que o Nordeste ganha com a privatiza\u00e7\u00e3o da Chesf? E o que o governador Paulo C\u00e2mara fez, ou deixou de fazer, que os levou ao rompimento? O Ministro de Minas e Energia, Fernando Bezerra Filho, respondeu a estas e outras perguntas feitas pelo cientista pol\u00edtico Ant\u00f4nio Lavareda, na estreia do programa 20 minutos, na noite deste s\u00e1bado, pela TV Jornal. Produzido pelo\u00a0Sistema Jornal do Commercio de Comunica\u00e7\u00e3o, o programa ir\u00e1 ao ar aos s\u00e1bados, \u00e0s 19h20, pela TV Jornal, e ser\u00e1 retransmitido aos domingos pela R\u00e1dio Jornal,\u00a0 \u00e0s 11h40. Al\u00e9m de ficar dispon\u00edvel no Facebook da TV Jornal e passar na TV&hellip; <\/p>\n","protected":false},"author":1,"featured_media":176708,"comment_status":"open","ping_status":"open","sticky":false,"template":"","format":"standard","meta":{"_acf_changed":false,"footnotes":""},"categories":[1],"tags":[],"class_list":["post-176706","post","type-post","status-publish","format-standard","has-post-thumbnail","hentry","category-politica"],"acf":[],"yoast_head":"<!-- This site is optimized with the Yoast SEO plugin v27.4 - https:\/\/yoast.com\/product\/yoast-seo-wordpress\/ -->\n<title>MINISTRO FERNANDO FILHO CRITICA INEFICI\u00caNCIA DAS ESTATAIS - Blog do Farn\u00e9sio<\/title>\n<meta name=\"robots\" content=\"index, follow, max-snippet:-1, max-image-preview:large, max-video-preview:-1\" \/>\n<link rel=\"canonical\" href=\"https:\/\/blogdofarnesio.com.br\/?p=176706\" \/>\n<meta property=\"og:locale\" content=\"pt_BR\" \/>\n<meta property=\"og:type\" content=\"article\" \/>\n<meta property=\"og:title\" content=\"MINISTRO FERNANDO FILHO CRITICA INEFICI\u00caNCIA DAS ESTATAIS - Blog do Farn\u00e9sio\" \/>\n<meta property=\"og:description\" content=\"Na estreia do programa 20 minutos, na TV Jornal, ministro falou sobre assuntos espinhosos JC Online &nbsp; O que o Nordeste ganha com a privatiza\u00e7\u00e3o da Chesf? E o que o governador Paulo C\u00e2mara fez, ou deixou de fazer, que os levou ao rompimento? O Ministro de Minas e Energia, Fernando Bezerra Filho, respondeu a estas e outras perguntas feitas pelo cientista pol\u00edtico Ant\u00f4nio Lavareda, na estreia do programa 20 minutos, na noite deste s\u00e1bado, pela TV Jornal. Produzido pelo\u00a0Sistema Jornal do Commercio de Comunica\u00e7\u00e3o, o programa ir\u00e1 ao ar aos s\u00e1bados, \u00e0s 19h20, pela TV Jornal, e ser\u00e1 retransmitido aos domingos pela R\u00e1dio Jornal,\u00a0 \u00e0s 11h40. Al\u00e9m de ficar dispon\u00edvel no Facebook da TV Jornal e passar na TV&hellip;\" \/>\n<meta property=\"og:url\" content=\"https:\/\/blogdofarnesio.com.br\/?p=176706\" \/>\n<meta property=\"og:site_name\" content=\"Blog do Farn\u00e9sio\" \/>\n<meta property=\"article:publisher\" content=\"https:\/\/www.facebook.com\/BlogQuerSaberPolitica\/\" \/>\n<meta property=\"article:published_time\" content=\"2017-09-17T20:00:41+00:00\" \/>\n<meta property=\"og:image\" content=\"https:\/\/blogdofarnesio.com.br\/wp-content\/uploads\/2017\/09\/Blogqspffantoniolavareda-jc.jpg\" \/>\n\t<meta property=\"og:image:width\" content=\"748\" \/>\n\t<meta property=\"og:image:height\" content=\"410\" \/>\n\t<meta property=\"og:image:type\" content=\"image\/jpeg\" \/>\n<meta name=\"author\" content=\"Farn\u00e9sio\" \/>\n<meta name=\"twitter:card\" content=\"summary_large_image\" \/>\n<meta name=\"twitter:label1\" content=\"Escrito por\" \/>\n\t<meta name=\"twitter:data1\" content=\"Farn\u00e9sio\" \/>\n\t<meta name=\"twitter:label2\" content=\"Est. tempo de leitura\" \/>\n\t<meta name=\"twitter:data2\" content=\"3 minutos\" \/>\n<script type=\"application\/ld+json\" class=\"yoast-schema-graph\">{\"@context\":\"https:\\\/\\\/schema.org\",\"@graph\":[{\"@type\":\"Article\",\"@id\":\"https:\\\/\\\/blogdofarnesio.com.br\\\/?p=176706#article\",\"isPartOf\":{\"@id\":\"https:\\\/\\\/blogdofarnesio.com.br\\\/?p=176706\"},\"author\":{\"name\":\"Farn\u00e9sio\",\"@id\":\"https:\\\/\\\/blogdofarnesio.com.br\\\/#\\\/schema\\\/person\\\/301c4acf522bccbfdb45af95b5b906a1\"},\"headline\":\"MINISTRO FERNANDO FILHO CRITICA INEFICI\u00caNCIA DAS ESTATAIS\",\"datePublished\":\"2017-09-17T20:00:41+00:00\",\"mainEntityOfPage\":{\"@id\":\"https:\\\/\\\/blogdofarnesio.com.br\\\/?p=176706\"},\"wordCount\":529,\"commentCount\":0,\"publisher\":{\"@id\":\"https:\\\/\\\/blogdofarnesio.com.br\\\/#organization\"},\"image\":{\"@id\":\"https:\\\/\\\/blogdofarnesio.com.br\\\/?p=176706#primaryimage\"},\"thumbnailUrl\":\"https:\\\/\\\/blogdofarnesio.com.br\\\/wp-content\\\/uploads\\\/2017\\\/09\\\/Blogqspffantoniolavareda-jc.jpg\",\"articleSection\":[\"Pol\u00edtica\"],\"inLanguage\":\"pt-BR\",\"potentialAction\":[{\"@type\":\"CommentAction\",\"name\":\"Comment\",\"target\":[\"https:\\\/\\\/blogdofarnesio.com.br\\\/?p=176706#respond\"]}]},{\"@type\":\"WebPage\",\"@id\":\"https:\\\/\\\/blogdofarnesio.com.br\\\/?p=176706\",\"url\":\"https:\\\/\\\/blogdofarnesio.com.br\\\/?p=176706\",\"name\":\"MINISTRO FERNANDO FILHO CRITICA INEFICI\u00caNCIA DAS ESTATAIS - Blog do Farn\u00e9sio\",\"isPartOf\":{\"@id\":\"https:\\\/\\\/blogdofarnesio.com.br\\\/#website\"},\"primaryImageOfPage\":{\"@id\":\"https:\\\/\\\/blogdofarnesio.com.br\\\/?p=176706#primaryimage\"},\"image\":{\"@id\":\"https:\\\/\\\/blogdofarnesio.com.br\\\/?p=176706#primaryimage\"},\"thumbnailUrl\":\"https:\\\/\\\/blogdofarnesio.com.br\\\/wp-content\\\/uploads\\\/2017\\\/09\\\/Blogqspffantoniolavareda-jc.jpg\",\"datePublished\":\"2017-09-17T20:00:41+00:00\",\"breadcrumb\":{\"@id\":\"https:\\\/\\\/blogdofarnesio.com.br\\\/?p=176706#breadcrumb\"},\"inLanguage\":\"pt-BR\",\"potentialAction\":[{\"@type\":\"ReadAction\",\"target\":[\"https:\\\/\\\/blogdofarnesio.com.br\\\/?p=176706\"]}]},{\"@type\":\"ImageObject\",\"inLanguage\":\"pt-BR\",\"@id\":\"https:\\\/\\\/blogdofarnesio.com.br\\\/?p=176706#primaryimage\",\"url\":\"https:\\\/\\\/blogdofarnesio.com.br\\\/wp-content\\\/uploads\\\/2017\\\/09\\\/Blogqspffantoniolavareda-jc.jpg\",\"contentUrl\":\"https:\\\/\\\/blogdofarnesio.com.br\\\/wp-content\\\/uploads\\\/2017\\\/09\\\/Blogqspffantoniolavareda-jc.jpg\",\"width\":748,\"height\":410},{\"@type\":\"BreadcrumbList\",\"@id\":\"https:\\\/\\\/blogdofarnesio.com.br\\\/?p=176706#breadcrumb\",\"itemListElement\":[{\"@type\":\"ListItem\",\"position\":1,\"name\":\"In\u00edcio\",\"item\":\"https:\\\/\\\/blogdofarnesio.com.br\\\/\"},{\"@type\":\"ListItem\",\"position\":2,\"name\":\"MINISTRO FERNANDO FILHO CRITICA INEFICI\u00caNCIA DAS ESTATAIS\"}]},{\"@type\":\"WebSite\",\"@id\":\"https:\\\/\\\/blogdofarnesio.com.br\\\/#website\",\"url\":\"https:\\\/\\\/blogdofarnesio.com.br\\\/\",\"name\":\"Blog do Farn\u00e9sio\",\"description\":\"Quer Saber Pol\u00edtica?\",\"publisher\":{\"@id\":\"https:\\\/\\\/blogdofarnesio.com.br\\\/#organization\"},\"potentialAction\":[{\"@type\":\"SearchAction\",\"target\":{\"@type\":\"EntryPoint\",\"urlTemplate\":\"https:\\\/\\\/blogdofarnesio.com.br\\\/?s={search_term_string}\"},\"query-input\":{\"@type\":\"PropertyValueSpecification\",\"valueRequired\":true,\"valueName\":\"search_term_string\"}}],\"inLanguage\":\"pt-BR\"},{\"@type\":\"Organization\",\"@id\":\"https:\\\/\\\/blogdofarnesio.com.br\\\/#organization\",\"name\":\"Blog do Farn\u00e9sio\",\"url\":\"https:\\\/\\\/blogdofarnesio.com.br\\\/\",\"logo\":{\"@type\":\"ImageObject\",\"inLanguage\":\"pt-BR\",\"@id\":\"https:\\\/\\\/blogdofarnesio.com.br\\\/#\\\/schema\\\/logo\\\/image\\\/\",\"url\":\"https:\\\/\\\/blogdofarnesio.com.br\\\/wp-content\\\/uploads\\\/2026\\\/03\\\/cropped-logo_new-1.png\",\"contentUrl\":\"https:\\\/\\\/blogdofarnesio.com.br\\\/wp-content\\\/uploads\\\/2026\\\/03\\\/cropped-logo_new-1.png\",\"width\":881,\"height\":685,\"caption\":\"Blog do Farn\u00e9sio\"},\"image\":{\"@id\":\"https:\\\/\\\/blogdofarnesio.com.br\\\/#\\\/schema\\\/logo\\\/image\\\/\"},\"sameAs\":[\"https:\\\/\\\/www.facebook.com\\\/BlogQuerSaberPolitica\\\/\"]},{\"@type\":\"Person\",\"@id\":\"https:\\\/\\\/blogdofarnesio.com.br\\\/#\\\/schema\\\/person\\\/301c4acf522bccbfdb45af95b5b906a1\",\"name\":\"Farn\u00e9sio\",\"image\":{\"@type\":\"ImageObject\",\"inLanguage\":\"pt-BR\",\"@id\":\"https:\\\/\\\/secure.gravatar.com\\\/avatar\\\/df0c9a14567c056f8ad6876ba5bbd1e3e2c48023eb6807342fc4663adf549f38?s=96&d=mm&r=g\",\"url\":\"https:\\\/\\\/secure.gravatar.com\\\/avatar\\\/df0c9a14567c056f8ad6876ba5bbd1e3e2c48023eb6807342fc4663adf549f38?s=96&d=mm&r=g\",\"contentUrl\":\"https:\\\/\\\/secure.gravatar.com\\\/avatar\\\/df0c9a14567c056f8ad6876ba5bbd1e3e2c48023eb6807342fc4663adf549f38?s=96&d=mm&r=g\",\"caption\":\"Farn\u00e9sio\"},\"sameAs\":[\"https:\\\/\\\/quersaberpolitica.com.br\"],\"url\":\"https:\\\/\\\/blogdofarnesio.com.br\\\/?author=1\"}]}<\/script>\n<!-- \/ Yoast SEO plugin. -->","yoast_head_json":{"title":"MINISTRO FERNANDO FILHO CRITICA INEFICI\u00caNCIA DAS ESTATAIS - Blog do Farn\u00e9sio","robots":{"index":"index","follow":"follow","max-snippet":"max-snippet:-1","max-image-preview":"max-image-preview:large","max-video-preview":"max-video-preview:-1"},"canonical":"https:\/\/blogdofarnesio.com.br\/?p=176706","og_locale":"pt_BR","og_type":"article","og_title":"MINISTRO FERNANDO FILHO CRITICA INEFICI\u00caNCIA DAS ESTATAIS - Blog do Farn\u00e9sio","og_description":"Na estreia do programa 20 minutos, na TV Jornal, ministro falou sobre assuntos espinhosos JC Online &nbsp; O que o Nordeste ganha com a privatiza\u00e7\u00e3o da Chesf? E o que o governador Paulo C\u00e2mara fez, ou deixou de fazer, que os levou ao rompimento? O Ministro de Minas e Energia, Fernando Bezerra Filho, respondeu a estas e outras perguntas feitas pelo cientista pol\u00edtico Ant\u00f4nio Lavareda, na estreia do programa 20 minutos, na noite deste s\u00e1bado, pela TV Jornal. Produzido pelo\u00a0Sistema Jornal do Commercio de Comunica\u00e7\u00e3o, o programa ir\u00e1 ao ar aos s\u00e1bados, \u00e0s 19h20, pela TV Jornal, e ser\u00e1 retransmitido aos domingos pela R\u00e1dio Jornal,\u00a0 \u00e0s 11h40. Al\u00e9m de ficar dispon\u00edvel no Facebook da TV Jornal e passar na TV&hellip;","og_url":"https:\/\/blogdofarnesio.com.br\/?p=176706","og_site_name":"Blog do Farn\u00e9sio","article_publisher":"https:\/\/www.facebook.com\/BlogQuerSaberPolitica\/","article_published_time":"2017-09-17T20:00:41+00:00","og_image":[{"width":748,"height":410,"url":"https:\/\/blogdofarnesio.com.br\/wp-content\/uploads\/2017\/09\/Blogqspffantoniolavareda-jc.jpg","type":"image\/jpeg"}],"author":"Farn\u00e9sio","twitter_card":"summary_large_image","twitter_misc":{"Escrito por":"Farn\u00e9sio","Est. tempo de leitura":"3 minutos"},"schema":{"@context":"https:\/\/schema.org","@graph":[{"@type":"Article","@id":"https:\/\/blogdofarnesio.com.br\/?p=176706#article","isPartOf":{"@id":"https:\/\/blogdofarnesio.com.br\/?p=176706"},"author":{"name":"Farn\u00e9sio","@id":"https:\/\/blogdofarnesio.com.br\/#\/schema\/person\/301c4acf522bccbfdb45af95b5b906a1"},"headline":"MINISTRO FERNANDO FILHO CRITICA INEFICI\u00caNCIA DAS ESTATAIS","datePublished":"2017-09-17T20:00:41+00:00","mainEntityOfPage":{"@id":"https:\/\/blogdofarnesio.com.br\/?p=176706"},"wordCount":529,"commentCount":0,"publisher":{"@id":"https:\/\/blogdofarnesio.com.br\/#organization"},"image":{"@id":"https:\/\/blogdofarnesio.com.br\/?p=176706#primaryimage"},"thumbnailUrl":"https:\/\/blogdofarnesio.com.br\/wp-content\/uploads\/2017\/09\/Blogqspffantoniolavareda-jc.jpg","articleSection":["Pol\u00edtica"],"inLanguage":"pt-BR","potentialAction":[{"@type":"CommentAction","name":"Comment","target":["https:\/\/blogdofarnesio.com.br\/?p=176706#respond"]}]},{"@type":"WebPage","@id":"https:\/\/blogdofarnesio.com.br\/?p=176706","url":"https:\/\/blogdofarnesio.com.br\/?p=176706","name":"MINISTRO FERNANDO FILHO CRITICA INEFICI\u00caNCIA DAS ESTATAIS - Blog do Farn\u00e9sio","isPartOf":{"@id":"https:\/\/blogdofarnesio.com.br\/#website"},"primaryImageOfPage":{"@id":"https:\/\/blogdofarnesio.com.br\/?p=176706#primaryimage"},"image":{"@id":"https:\/\/blogdofarnesio.com.br\/?p=176706#primaryimage"},"thumbnailUrl":"https:\/\/blogdofarnesio.com.br\/wp-content\/uploads\/2017\/09\/Blogqspffantoniolavareda-jc.jpg","datePublished":"2017-09-17T20:00:41+00:00","breadcrumb":{"@id":"https:\/\/blogdofarnesio.com.br\/?p=176706#breadcrumb"},"inLanguage":"pt-BR","potentialAction":[{"@type":"ReadAction","target":["https:\/\/blogdofarnesio.com.br\/?p=176706"]}]},{"@type":"ImageObject","inLanguage":"pt-BR","@id":"https:\/\/blogdofarnesio.com.br\/?p=176706#primaryimage","url":"https:\/\/blogdofarnesio.com.br\/wp-content\/uploads\/2017\/09\/Blogqspffantoniolavareda-jc.jpg","contentUrl":"https:\/\/blogdofarnesio.com.br\/wp-content\/uploads\/2017\/09\/Blogqspffantoniolavareda-jc.jpg","width":748,"height":410},{"@type":"BreadcrumbList","@id":"https:\/\/blogdofarnesio.com.br\/?p=176706#breadcrumb","itemListElement":[{"@type":"ListItem","position":1,"name":"In\u00edcio","item":"https:\/\/blogdofarnesio.com.br\/"},{"@type":"ListItem","position":2,"name":"MINISTRO FERNANDO FILHO CRITICA INEFICI\u00caNCIA DAS ESTATAIS"}]},{"@type":"WebSite","@id":"https:\/\/blogdofarnesio.com.br\/#website","url":"https:\/\/blogdofarnesio.com.br\/","name":"Blog do Farn\u00e9sio","description":"Quer Saber Pol\u00edtica?","publisher":{"@id":"https:\/\/blogdofarnesio.com.br\/#organization"},"potentialAction":[{"@type":"SearchAction","target":{"@type":"EntryPoint","urlTemplate":"https:\/\/blogdofarnesio.com.br\/?s={search_term_string}"},"query-input":{"@type":"PropertyValueSpecification","valueRequired":true,"valueName":"search_term_string"}}],"inLanguage":"pt-BR"},{"@type":"Organization","@id":"https:\/\/blogdofarnesio.com.br\/#organization","name":"Blog do Farn\u00e9sio","url":"https:\/\/blogdofarnesio.com.br\/","logo":{"@type":"ImageObject","inLanguage":"pt-BR","@id":"https:\/\/blogdofarnesio.com.br\/#\/schema\/logo\/image\/","url":"https:\/\/blogdofarnesio.com.br\/wp-content\/uploads\/2026\/03\/cropped-logo_new-1.png","contentUrl":"https:\/\/blogdofarnesio.com.br\/wp-content\/uploads\/2026\/03\/cropped-logo_new-1.png","width":881,"height":685,"caption":"Blog do Farn\u00e9sio"},"image":{"@id":"https:\/\/blogdofarnesio.com.br\/#\/schema\/logo\/image\/"},"sameAs":["https:\/\/www.facebook.com\/BlogQuerSaberPolitica\/"]},{"@type":"Person","@id":"https:\/\/blogdofarnesio.com.br\/#\/schema\/person\/301c4acf522bccbfdb45af95b5b906a1","name":"Farn\u00e9sio","image":{"@type":"ImageObject","inLanguage":"pt-BR","@id":"https:\/\/secure.gravatar.com\/avatar\/df0c9a14567c056f8ad6876ba5bbd1e3e2c48023eb6807342fc4663adf549f38?s=96&d=mm&r=g","url":"https:\/\/secure.gravatar.com\/avatar\/df0c9a14567c056f8ad6876ba5bbd1e3e2c48023eb6807342fc4663adf549f38?s=96&d=mm&r=g","contentUrl":"https:\/\/secure.gravatar.com\/avatar\/df0c9a14567c056f8ad6876ba5bbd1e3e2c48023eb6807342fc4663adf549f38?s=96&d=mm&r=g","caption":"Farn\u00e9sio"},"sameAs":["https:\/\/quersaberpolitica.com.br"],"url":"https:\/\/blogdofarnesio.com.br\/?author=1"}]}},"_links":{"self":[{"href":"https:\/\/blogdofarnesio.com.br\/index.php?rest_route=\/wp\/v2\/posts\/176706","targetHints":{"allow":["GET"]}}],"collection":[{"href":"https:\/\/blogdofarnesio.com.br\/index.php?rest_route=\/wp\/v2\/posts"}],"about":[{"href":"https:\/\/blogdofarnesio.com.br\/index.php?rest_route=\/wp\/v2\/types\/post"}],"author":[{"embeddable":true,"href":"https:\/\/blogdofarnesio.com.br\/index.php?rest_route=\/wp\/v2\/users\/1"}],"replies":[{"embeddable":true,"href":"https:\/\/blogdofarnesio.com.br\/index.php?rest_route=%2Fwp%2Fv2%2Fcomments&post=176706"}],"version-history":[{"count":0,"href":"https:\/\/blogdofarnesio.com.br\/index.php?rest_route=\/wp\/v2\/posts\/176706\/revisions"}],"wp:featuredmedia":[{"embeddable":true,"href":"https:\/\/blogdofarnesio.com.br\/index.php?rest_route=\/wp\/v2\/media\/176708"}],"wp:attachment":[{"href":"https:\/\/blogdofarnesio.com.br\/index.php?rest_route=%2Fwp%2Fv2%2Fmedia&parent=176706"}],"wp:term":[{"taxonomy":"category","embeddable":true,"href":"https:\/\/blogdofarnesio.com.br\/index.php?rest_route=%2Fwp%2Fv2%2Fcategories&post=176706"},{"taxonomy":"post_tag","embeddable":true,"href":"https:\/\/blogdofarnesio.com.br\/index.php?rest_route=%2Fwp%2Fv2%2Ftags&post=176706"}],"curies":[{"name":"wp","href":"https:\/\/api.w.org\/{rel}","templated":true}]}}