{"id":176696,"date":"2017-09-17T14:00:04","date_gmt":"2017-09-17T17:00:04","guid":{"rendered":"http:\/\/quersaberpolitica.com.br\/2016\/?p=176696"},"modified":"2017-09-16T22:14:05","modified_gmt":"2017-09-17T01:14:05","slug":"upaeimip-de-petrolina-promove-atividades-com-especialista-em-suicidologia","status":"publish","type":"post","link":"https:\/\/blogdofarnesio.com.br\/?p=176696","title":{"rendered":"UPAE\/IMIP DE PETROLINA PROMOVE ATIVIDADES COM ESPECIALISTA EM SUICIDOLOGIA"},"content":{"rendered":"<p style=\"text-align: justify;\">Est\u00e1 previsto para o dia 26, um encontro das equipes de servi\u00e7o social e\u00a0psicologia da Unidade de Pronto Atendimento e Aten\u00e7\u00e3o Especializada de Petrolina (UPAE\/IMIP) com um especialista em suicidologia.\u00a0 J\u00e1 foram realizadas uma s\u00e9rie de palestras para o p\u00fablico interno da urg\u00eancia\/emerg\u00eancia e centro de especialidades, pelas equipes que est\u00e3o trabalhando este m\u00eas a campanha Setembro Amarelo \u2013 Preven\u00e7\u00e3o do Suic\u00eddio.<\/p>\n<p style=\"text-align: justify;\">\u201cS\u00e3o duas linhas de trabalho. A voltada para os usu\u00e1rios, que tem como foco informar, falar sobre o assunto e apresentar a rede de assist\u00eancia \u00e0 sa\u00fade, e a que abrange os nossos funcion\u00e1rios e colaboradores, que al\u00e9m de trabalhar a preven\u00e7\u00e3o promove uma sensibiliza\u00e7\u00e3o sobre o tema\u201d, esclarece a supervisora do Servi\u00e7o Social, Nazar\u00e9 Cunha.<\/p>\n<p style=\"text-align: justify;\">Come\u00e7ando pelos usu\u00e1rios, a campanha tem sido trabalhada na UPAE quase que diariamente. \u201cO servi\u00e7o social tem procurado apresentar a campanha e explicar o porqu\u00ea que ela surgiu. Segundo estimativa da Organiza\u00e7\u00e3o Mundial de Sa\u00fade, a cada 40 segundos uma pessoa se suicida no mundo, e isso \u00e9 muito s\u00e9rio. O suic\u00eddio \u00e9 uma quest\u00e3o de sa\u00fade p\u00fablica e precisa ser tratado como tal\u201d, afirma a assistente social Fernanda S\u00e1.<\/p>\n<p style=\"text-align: justify;\">\u201cNas nossas conversas com os pacientes e acompanhantes n\u00f3s damos dicas de como identificar e ajudar uma pessoa suicida, mostramos quais servi\u00e7os de sa\u00fade podem ser acionados, falamos sobre o Centro de Valoriza\u00e7\u00e3o da Vida [CVV], esclarecemos sobre alguns mitos e verdades, e acima de tudo deixamos claro que o suic\u00eddio \u00e9 o desfecho de uma doen\u00e7a f\u00edsica ou mental, que pode ser prevenido quando damos a real import\u00e2ncia ao assunto\u201d, acrescenta a profissional.<\/p>\n<p style=\"text-align: justify;\">De acordo com a coordenadora de enfermagem, Grazziela Franklin, a UPAE est\u00e1 engajada na campanha por ser uma unidade de sa\u00fade que busca trabalhar tamb\u00e9m com a preven\u00e7\u00e3o e que se preocupa com os seus pacientes. \u201cA gente n\u00e3o pode fechar os olhos para um problema social e de sa\u00fade como este. Al\u00e9m disso, dessa forma, estamos colaborando para desmistificar o suic\u00eddio e quebrar alguns tabus, fazendo com que as pessoas entendam que falar ainda \u00e9 a melhor solu\u00e7\u00e3o\u201d, explica.<\/p>\n<p style=\"text-align: justify;\">A expectativa \u00e9 de que o Setembro Amarelo seja fechado com chave de ouro na Unidade. \u201cConseguimos uma data com o psicanalista e suicid\u00f3logo do Grupo de Suicidologia do Vale, Silvio Guimar\u00e3es, e acreditamos que ser\u00e1 um momento muito especial para todos n\u00f3s\u201d, considera a coordenadora. A palestra ser\u00e1 realizada na UPAE, no dia 26, \u00e0s 14h.<\/p>\n<p>Ascom<\/p>\n","protected":false},"excerpt":{"rendered":"<p>Est\u00e1 previsto para o dia 26, um encontro das equipes de servi\u00e7o social e\u00a0psicologia da Unidade de Pronto Atendimento e Aten\u00e7\u00e3o Especializada de Petrolina (UPAE\/IMIP) com um especialista em suicidologia.\u00a0 J\u00e1 foram realizadas uma s\u00e9rie de palestras para o p\u00fablico interno da urg\u00eancia\/emerg\u00eancia e centro de especialidades, pelas equipes que est\u00e3o trabalhando este m\u00eas a campanha Setembro Amarelo \u2013 Preven\u00e7\u00e3o do Suic\u00eddio. \u201cS\u00e3o duas linhas de trabalho. A voltada para os usu\u00e1rios, que tem como foco informar, falar sobre o assunto e apresentar a rede de assist\u00eancia \u00e0 sa\u00fade, e a que abrange os nossos funcion\u00e1rios e colaboradores, que al\u00e9m de trabalhar a preven\u00e7\u00e3o promove uma sensibiliza\u00e7\u00e3o sobre o tema\u201d, esclarece a supervisora do Servi\u00e7o Social, Nazar\u00e9 Cunha. Come\u00e7ando pelos&hellip; <\/p>\n","protected":false},"author":1,"featured_media":176697,"comment_status":"open","ping_status":"open","sticky":false,"template":"","format":"standard","meta":{"_acf_changed":false,"footnotes":""},"categories":[44],"tags":[],"class_list":["post-176696","post","type-post","status-publish","format-standard","has-post-thumbnail","hentry","category-administracao"],"acf":[],"yoast_head":"<!-- This site is optimized with the Yoast SEO plugin v27.4 - https:\/\/yoast.com\/product\/yoast-seo-wordpress\/ -->\n<title>UPAE\/IMIP DE PETROLINA PROMOVE ATIVIDADES COM ESPECIALISTA EM SUICIDOLOGIA - Blog do Farn\u00e9sio<\/title>\n<meta name=\"robots\" content=\"index, follow, max-snippet:-1, max-image-preview:large, max-video-preview:-1\" \/>\n<link rel=\"canonical\" href=\"https:\/\/blogdofarnesio.com.br\/?p=176696\" \/>\n<meta property=\"og:locale\" content=\"pt_BR\" \/>\n<meta property=\"og:type\" content=\"article\" \/>\n<meta property=\"og:title\" content=\"UPAE\/IMIP DE PETROLINA PROMOVE ATIVIDADES COM ESPECIALISTA EM SUICIDOLOGIA - Blog do Farn\u00e9sio\" \/>\n<meta property=\"og:description\" content=\"Est\u00e1 previsto para o dia 26, um encontro das equipes de servi\u00e7o social e\u00a0psicologia da Unidade de Pronto Atendimento e Aten\u00e7\u00e3o Especializada de Petrolina (UPAE\/IMIP) com um especialista em suicidologia.\u00a0 J\u00e1 foram realizadas uma s\u00e9rie de palestras para o p\u00fablico interno da urg\u00eancia\/emerg\u00eancia e centro de especialidades, pelas equipes que est\u00e3o trabalhando este m\u00eas a campanha Setembro Amarelo \u2013 Preven\u00e7\u00e3o do Suic\u00eddio. \u201cS\u00e3o duas linhas de trabalho. A voltada para os usu\u00e1rios, que tem como foco informar, falar sobre o assunto e apresentar a rede de assist\u00eancia \u00e0 sa\u00fade, e a que abrange os nossos funcion\u00e1rios e colaboradores, que al\u00e9m de trabalhar a preven\u00e7\u00e3o promove uma sensibiliza\u00e7\u00e3o sobre o tema\u201d, esclarece a supervisora do Servi\u00e7o Social, Nazar\u00e9 Cunha. Come\u00e7ando pelos&hellip;\" \/>\n<meta property=\"og:url\" content=\"https:\/\/blogdofarnesio.com.br\/?p=176696\" \/>\n<meta property=\"og:site_name\" content=\"Blog do Farn\u00e9sio\" \/>\n<meta property=\"article:publisher\" content=\"https:\/\/www.facebook.com\/BlogQuerSaberPolitica\/\" \/>\n<meta property=\"article:published_time\" content=\"2017-09-17T17:00:04+00:00\" \/>\n<meta property=\"og:image\" content=\"https:\/\/blogdofarnesio.com.br\/wp-content\/uploads\/2017\/09\/blogqsp-Setembro-Amarelo.jpg\" \/>\n\t<meta property=\"og:image:width\" content=\"514\" \/>\n\t<meta property=\"og:image:height\" content=\"453\" \/>\n\t<meta property=\"og:image:type\" content=\"image\/jpeg\" \/>\n<meta name=\"author\" content=\"Farn\u00e9sio\" \/>\n<meta name=\"twitter:card\" content=\"summary_large_image\" \/>\n<meta name=\"twitter:label1\" content=\"Escrito por\" \/>\n\t<meta name=\"twitter:data1\" content=\"Farn\u00e9sio\" \/>\n\t<meta name=\"twitter:label2\" content=\"Est. tempo de leitura\" \/>\n\t<meta name=\"twitter:data2\" content=\"2 minutos\" \/>\n<script type=\"application\/ld+json\" class=\"yoast-schema-graph\">{\"@context\":\"https:\\\/\\\/schema.org\",\"@graph\":[{\"@type\":\"Article\",\"@id\":\"https:\\\/\\\/blogdofarnesio.com.br\\\/?p=176696#article\",\"isPartOf\":{\"@id\":\"https:\\\/\\\/blogdofarnesio.com.br\\\/?p=176696\"},\"author\":{\"name\":\"Farn\u00e9sio\",\"@id\":\"https:\\\/\\\/blogdofarnesio.com.br\\\/#\\\/schema\\\/person\\\/301c4acf522bccbfdb45af95b5b906a1\"},\"headline\":\"UPAE\\\/IMIP DE PETROLINA PROMOVE ATIVIDADES COM ESPECIALISTA EM SUICIDOLOGIA\",\"datePublished\":\"2017-09-17T17:00:04+00:00\",\"mainEntityOfPage\":{\"@id\":\"https:\\\/\\\/blogdofarnesio.com.br\\\/?p=176696\"},\"wordCount\":451,\"commentCount\":0,\"publisher\":{\"@id\":\"https:\\\/\\\/blogdofarnesio.com.br\\\/#organization\"},\"image\":{\"@id\":\"https:\\\/\\\/blogdofarnesio.com.br\\\/?p=176696#primaryimage\"},\"thumbnailUrl\":\"https:\\\/\\\/blogdofarnesio.com.br\\\/wp-content\\\/uploads\\\/2017\\\/09\\\/blogqsp-Setembro-Amarelo.jpg\",\"articleSection\":[\"Administra\u00e7\u00e3o\"],\"inLanguage\":\"pt-BR\",\"potentialAction\":[{\"@type\":\"CommentAction\",\"name\":\"Comment\",\"target\":[\"https:\\\/\\\/blogdofarnesio.com.br\\\/?p=176696#respond\"]}]},{\"@type\":\"WebPage\",\"@id\":\"https:\\\/\\\/blogdofarnesio.com.br\\\/?p=176696\",\"url\":\"https:\\\/\\\/blogdofarnesio.com.br\\\/?p=176696\",\"name\":\"UPAE\\\/IMIP DE PETROLINA PROMOVE ATIVIDADES COM ESPECIALISTA EM SUICIDOLOGIA - Blog do Farn\u00e9sio\",\"isPartOf\":{\"@id\":\"https:\\\/\\\/blogdofarnesio.com.br\\\/#website\"},\"primaryImageOfPage\":{\"@id\":\"https:\\\/\\\/blogdofarnesio.com.br\\\/?p=176696#primaryimage\"},\"image\":{\"@id\":\"https:\\\/\\\/blogdofarnesio.com.br\\\/?p=176696#primaryimage\"},\"thumbnailUrl\":\"https:\\\/\\\/blogdofarnesio.com.br\\\/wp-content\\\/uploads\\\/2017\\\/09\\\/blogqsp-Setembro-Amarelo.jpg\",\"datePublished\":\"2017-09-17T17:00:04+00:00\",\"breadcrumb\":{\"@id\":\"https:\\\/\\\/blogdofarnesio.com.br\\\/?p=176696#breadcrumb\"},\"inLanguage\":\"pt-BR\",\"potentialAction\":[{\"@type\":\"ReadAction\",\"target\":[\"https:\\\/\\\/blogdofarnesio.com.br\\\/?p=176696\"]}]},{\"@type\":\"ImageObject\",\"inLanguage\":\"pt-BR\",\"@id\":\"https:\\\/\\\/blogdofarnesio.com.br\\\/?p=176696#primaryimage\",\"url\":\"https:\\\/\\\/blogdofarnesio.com.br\\\/wp-content\\\/uploads\\\/2017\\\/09\\\/blogqsp-Setembro-Amarelo.jpg\",\"contentUrl\":\"https:\\\/\\\/blogdofarnesio.com.br\\\/wp-content\\\/uploads\\\/2017\\\/09\\\/blogqsp-Setembro-Amarelo.jpg\",\"width\":514,\"height\":453,\"caption\":\"cvv_setembro-amarelo\"},{\"@type\":\"BreadcrumbList\",\"@id\":\"https:\\\/\\\/blogdofarnesio.com.br\\\/?p=176696#breadcrumb\",\"itemListElement\":[{\"@type\":\"ListItem\",\"position\":1,\"name\":\"In\u00edcio\",\"item\":\"https:\\\/\\\/blogdofarnesio.com.br\\\/\"},{\"@type\":\"ListItem\",\"position\":2,\"name\":\"UPAE\\\/IMIP DE PETROLINA PROMOVE ATIVIDADES COM ESPECIALISTA EM SUICIDOLOGIA\"}]},{\"@type\":\"WebSite\",\"@id\":\"https:\\\/\\\/blogdofarnesio.com.br\\\/#website\",\"url\":\"https:\\\/\\\/blogdofarnesio.com.br\\\/\",\"name\":\"Blog do Farn\u00e9sio\",\"description\":\"Quer Saber Pol\u00edtica?\",\"publisher\":{\"@id\":\"https:\\\/\\\/blogdofarnesio.com.br\\\/#organization\"},\"potentialAction\":[{\"@type\":\"SearchAction\",\"target\":{\"@type\":\"EntryPoint\",\"urlTemplate\":\"https:\\\/\\\/blogdofarnesio.com.br\\\/?s={search_term_string}\"},\"query-input\":{\"@type\":\"PropertyValueSpecification\",\"valueRequired\":true,\"valueName\":\"search_term_string\"}}],\"inLanguage\":\"pt-BR\"},{\"@type\":\"Organization\",\"@id\":\"https:\\\/\\\/blogdofarnesio.com.br\\\/#organization\",\"name\":\"Blog do Farn\u00e9sio\",\"url\":\"https:\\\/\\\/blogdofarnesio.com.br\\\/\",\"logo\":{\"@type\":\"ImageObject\",\"inLanguage\":\"pt-BR\",\"@id\":\"https:\\\/\\\/blogdofarnesio.com.br\\\/#\\\/schema\\\/logo\\\/image\\\/\",\"url\":\"https:\\\/\\\/blogdofarnesio.com.br\\\/wp-content\\\/uploads\\\/2026\\\/03\\\/cropped-logo_new-1.png\",\"contentUrl\":\"https:\\\/\\\/blogdofarnesio.com.br\\\/wp-content\\\/uploads\\\/2026\\\/03\\\/cropped-logo_new-1.png\",\"width\":881,\"height\":685,\"caption\":\"Blog do Farn\u00e9sio\"},\"image\":{\"@id\":\"https:\\\/\\\/blogdofarnesio.com.br\\\/#\\\/schema\\\/logo\\\/image\\\/\"},\"sameAs\":[\"https:\\\/\\\/www.facebook.com\\\/BlogQuerSaberPolitica\\\/\"]},{\"@type\":\"Person\",\"@id\":\"https:\\\/\\\/blogdofarnesio.com.br\\\/#\\\/schema\\\/person\\\/301c4acf522bccbfdb45af95b5b906a1\",\"name\":\"Farn\u00e9sio\",\"image\":{\"@type\":\"ImageObject\",\"inLanguage\":\"pt-BR\",\"@id\":\"https:\\\/\\\/secure.gravatar.com\\\/avatar\\\/df0c9a14567c056f8ad6876ba5bbd1e3e2c48023eb6807342fc4663adf549f38?s=96&d=mm&r=g\",\"url\":\"https:\\\/\\\/secure.gravatar.com\\\/avatar\\\/df0c9a14567c056f8ad6876ba5bbd1e3e2c48023eb6807342fc4663adf549f38?s=96&d=mm&r=g\",\"contentUrl\":\"https:\\\/\\\/secure.gravatar.com\\\/avatar\\\/df0c9a14567c056f8ad6876ba5bbd1e3e2c48023eb6807342fc4663adf549f38?s=96&d=mm&r=g\",\"caption\":\"Farn\u00e9sio\"},\"sameAs\":[\"https:\\\/\\\/quersaberpolitica.com.br\"],\"url\":\"https:\\\/\\\/blogdofarnesio.com.br\\\/?author=1\"}]}<\/script>\n<!-- \/ Yoast SEO plugin. -->","yoast_head_json":{"title":"UPAE\/IMIP DE PETROLINA PROMOVE ATIVIDADES COM ESPECIALISTA EM SUICIDOLOGIA - Blog do Farn\u00e9sio","robots":{"index":"index","follow":"follow","max-snippet":"max-snippet:-1","max-image-preview":"max-image-preview:large","max-video-preview":"max-video-preview:-1"},"canonical":"https:\/\/blogdofarnesio.com.br\/?p=176696","og_locale":"pt_BR","og_type":"article","og_title":"UPAE\/IMIP DE PETROLINA PROMOVE ATIVIDADES COM ESPECIALISTA EM SUICIDOLOGIA - Blog do Farn\u00e9sio","og_description":"Est\u00e1 previsto para o dia 26, um encontro das equipes de servi\u00e7o social e\u00a0psicologia da Unidade de Pronto Atendimento e Aten\u00e7\u00e3o Especializada de Petrolina (UPAE\/IMIP) com um especialista em suicidologia.\u00a0 J\u00e1 foram realizadas uma s\u00e9rie de palestras para o p\u00fablico interno da urg\u00eancia\/emerg\u00eancia e centro de especialidades, pelas equipes que est\u00e3o trabalhando este m\u00eas a campanha Setembro Amarelo \u2013 Preven\u00e7\u00e3o do Suic\u00eddio. \u201cS\u00e3o duas linhas de trabalho. A voltada para os usu\u00e1rios, que tem como foco informar, falar sobre o assunto e apresentar a rede de assist\u00eancia \u00e0 sa\u00fade, e a que abrange os nossos funcion\u00e1rios e colaboradores, que al\u00e9m de trabalhar a preven\u00e7\u00e3o promove uma sensibiliza\u00e7\u00e3o sobre o tema\u201d, esclarece a supervisora do Servi\u00e7o Social, Nazar\u00e9 Cunha. Come\u00e7ando pelos&hellip;","og_url":"https:\/\/blogdofarnesio.com.br\/?p=176696","og_site_name":"Blog do Farn\u00e9sio","article_publisher":"https:\/\/www.facebook.com\/BlogQuerSaberPolitica\/","article_published_time":"2017-09-17T17:00:04+00:00","og_image":[{"width":514,"height":453,"url":"https:\/\/blogdofarnesio.com.br\/wp-content\/uploads\/2017\/09\/blogqsp-Setembro-Amarelo.jpg","type":"image\/jpeg"}],"author":"Farn\u00e9sio","twitter_card":"summary_large_image","twitter_misc":{"Escrito por":"Farn\u00e9sio","Est. tempo de leitura":"2 minutos"},"schema":{"@context":"https:\/\/schema.org","@graph":[{"@type":"Article","@id":"https:\/\/blogdofarnesio.com.br\/?p=176696#article","isPartOf":{"@id":"https:\/\/blogdofarnesio.com.br\/?p=176696"},"author":{"name":"Farn\u00e9sio","@id":"https:\/\/blogdofarnesio.com.br\/#\/schema\/person\/301c4acf522bccbfdb45af95b5b906a1"},"headline":"UPAE\/IMIP DE PETROLINA PROMOVE ATIVIDADES COM ESPECIALISTA EM SUICIDOLOGIA","datePublished":"2017-09-17T17:00:04+00:00","mainEntityOfPage":{"@id":"https:\/\/blogdofarnesio.com.br\/?p=176696"},"wordCount":451,"commentCount":0,"publisher":{"@id":"https:\/\/blogdofarnesio.com.br\/#organization"},"image":{"@id":"https:\/\/blogdofarnesio.com.br\/?p=176696#primaryimage"},"thumbnailUrl":"https:\/\/blogdofarnesio.com.br\/wp-content\/uploads\/2017\/09\/blogqsp-Setembro-Amarelo.jpg","articleSection":["Administra\u00e7\u00e3o"],"inLanguage":"pt-BR","potentialAction":[{"@type":"CommentAction","name":"Comment","target":["https:\/\/blogdofarnesio.com.br\/?p=176696#respond"]}]},{"@type":"WebPage","@id":"https:\/\/blogdofarnesio.com.br\/?p=176696","url":"https:\/\/blogdofarnesio.com.br\/?p=176696","name":"UPAE\/IMIP DE PETROLINA PROMOVE ATIVIDADES COM ESPECIALISTA EM SUICIDOLOGIA - Blog do Farn\u00e9sio","isPartOf":{"@id":"https:\/\/blogdofarnesio.com.br\/#website"},"primaryImageOfPage":{"@id":"https:\/\/blogdofarnesio.com.br\/?p=176696#primaryimage"},"image":{"@id":"https:\/\/blogdofarnesio.com.br\/?p=176696#primaryimage"},"thumbnailUrl":"https:\/\/blogdofarnesio.com.br\/wp-content\/uploads\/2017\/09\/blogqsp-Setembro-Amarelo.jpg","datePublished":"2017-09-17T17:00:04+00:00","breadcrumb":{"@id":"https:\/\/blogdofarnesio.com.br\/?p=176696#breadcrumb"},"inLanguage":"pt-BR","potentialAction":[{"@type":"ReadAction","target":["https:\/\/blogdofarnesio.com.br\/?p=176696"]}]},{"@type":"ImageObject","inLanguage":"pt-BR","@id":"https:\/\/blogdofarnesio.com.br\/?p=176696#primaryimage","url":"https:\/\/blogdofarnesio.com.br\/wp-content\/uploads\/2017\/09\/blogqsp-Setembro-Amarelo.jpg","contentUrl":"https:\/\/blogdofarnesio.com.br\/wp-content\/uploads\/2017\/09\/blogqsp-Setembro-Amarelo.jpg","width":514,"height":453,"caption":"cvv_setembro-amarelo"},{"@type":"BreadcrumbList","@id":"https:\/\/blogdofarnesio.com.br\/?p=176696#breadcrumb","itemListElement":[{"@type":"ListItem","position":1,"name":"In\u00edcio","item":"https:\/\/blogdofarnesio.com.br\/"},{"@type":"ListItem","position":2,"name":"UPAE\/IMIP DE PETROLINA PROMOVE ATIVIDADES COM ESPECIALISTA EM SUICIDOLOGIA"}]},{"@type":"WebSite","@id":"https:\/\/blogdofarnesio.com.br\/#website","url":"https:\/\/blogdofarnesio.com.br\/","name":"Blog do Farn\u00e9sio","description":"Quer Saber Pol\u00edtica?","publisher":{"@id":"https:\/\/blogdofarnesio.com.br\/#organization"},"potentialAction":[{"@type":"SearchAction","target":{"@type":"EntryPoint","urlTemplate":"https:\/\/blogdofarnesio.com.br\/?s={search_term_string}"},"query-input":{"@type":"PropertyValueSpecification","valueRequired":true,"valueName":"search_term_string"}}],"inLanguage":"pt-BR"},{"@type":"Organization","@id":"https:\/\/blogdofarnesio.com.br\/#organization","name":"Blog do Farn\u00e9sio","url":"https:\/\/blogdofarnesio.com.br\/","logo":{"@type":"ImageObject","inLanguage":"pt-BR","@id":"https:\/\/blogdofarnesio.com.br\/#\/schema\/logo\/image\/","url":"https:\/\/blogdofarnesio.com.br\/wp-content\/uploads\/2026\/03\/cropped-logo_new-1.png","contentUrl":"https:\/\/blogdofarnesio.com.br\/wp-content\/uploads\/2026\/03\/cropped-logo_new-1.png","width":881,"height":685,"caption":"Blog do Farn\u00e9sio"},"image":{"@id":"https:\/\/blogdofarnesio.com.br\/#\/schema\/logo\/image\/"},"sameAs":["https:\/\/www.facebook.com\/BlogQuerSaberPolitica\/"]},{"@type":"Person","@id":"https:\/\/blogdofarnesio.com.br\/#\/schema\/person\/301c4acf522bccbfdb45af95b5b906a1","name":"Farn\u00e9sio","image":{"@type":"ImageObject","inLanguage":"pt-BR","@id":"https:\/\/secure.gravatar.com\/avatar\/df0c9a14567c056f8ad6876ba5bbd1e3e2c48023eb6807342fc4663adf549f38?s=96&d=mm&r=g","url":"https:\/\/secure.gravatar.com\/avatar\/df0c9a14567c056f8ad6876ba5bbd1e3e2c48023eb6807342fc4663adf549f38?s=96&d=mm&r=g","contentUrl":"https:\/\/secure.gravatar.com\/avatar\/df0c9a14567c056f8ad6876ba5bbd1e3e2c48023eb6807342fc4663adf549f38?s=96&d=mm&r=g","caption":"Farn\u00e9sio"},"sameAs":["https:\/\/quersaberpolitica.com.br"],"url":"https:\/\/blogdofarnesio.com.br\/?author=1"}]}},"_links":{"self":[{"href":"https:\/\/blogdofarnesio.com.br\/index.php?rest_route=\/wp\/v2\/posts\/176696","targetHints":{"allow":["GET"]}}],"collection":[{"href":"https:\/\/blogdofarnesio.com.br\/index.php?rest_route=\/wp\/v2\/posts"}],"about":[{"href":"https:\/\/blogdofarnesio.com.br\/index.php?rest_route=\/wp\/v2\/types\/post"}],"author":[{"embeddable":true,"href":"https:\/\/blogdofarnesio.com.br\/index.php?rest_route=\/wp\/v2\/users\/1"}],"replies":[{"embeddable":true,"href":"https:\/\/blogdofarnesio.com.br\/index.php?rest_route=%2Fwp%2Fv2%2Fcomments&post=176696"}],"version-history":[{"count":0,"href":"https:\/\/blogdofarnesio.com.br\/index.php?rest_route=\/wp\/v2\/posts\/176696\/revisions"}],"wp:featuredmedia":[{"embeddable":true,"href":"https:\/\/blogdofarnesio.com.br\/index.php?rest_route=\/wp\/v2\/media\/176697"}],"wp:attachment":[{"href":"https:\/\/blogdofarnesio.com.br\/index.php?rest_route=%2Fwp%2Fv2%2Fmedia&parent=176696"}],"wp:term":[{"taxonomy":"category","embeddable":true,"href":"https:\/\/blogdofarnesio.com.br\/index.php?rest_route=%2Fwp%2Fv2%2Fcategories&post=176696"},{"taxonomy":"post_tag","embeddable":true,"href":"https:\/\/blogdofarnesio.com.br\/index.php?rest_route=%2Fwp%2Fv2%2Ftags&post=176696"}],"curies":[{"name":"wp","href":"https:\/\/api.w.org\/{rel}","templated":true}]}}