{"id":176682,"date":"2017-09-17T15:00:42","date_gmt":"2017-09-17T18:00:42","guid":{"rendered":"http:\/\/quersaberpolitica.com.br\/2016\/?p=176682"},"modified":"2017-09-16T22:19:40","modified_gmt":"2017-09-17T01:19:40","slug":"governo-publica-edital-para-selecao-de-74-tecnicos-da-adagro","status":"publish","type":"post","link":"https:\/\/blogdofarnesio.com.br\/?p=176682","title":{"rendered":"GOVERNO PUBLICA EDITAL PARA SELE\u00c7\u00c3O DE 74 T\u00c9CNICOS DA ADAGRO"},"content":{"rendered":"<p>&nbsp;<\/p>\n<p style=\"text-align: justify;\">Governo de PE publica edital para sele\u00e7\u00e3o de 74 t\u00e9cnicos agr\u00edcolas para a Adagro.\u00a0Inscri\u00e7\u00f5es, que s\u00e3o gratuitas, come\u00e7am na segunda-feira (18) e seguem at\u00e9 5 de outubro. Remunera\u00e7\u00e3o \u00e9 de R$ 1.635, com carga hor\u00e1ria de 40 horas semanais.<\/p>\n<p style=\"text-align: justify;\">Governo de Pernambuco publicou no Di\u00e1rio Oficial deste s\u00e1bado (16) o edital da sele\u00e7\u00e3o p\u00fablica simplificada para contrata\u00e7\u00e3o tempor\u00e1ria de 74 t\u00e9cnicos agr\u00edcolas para a Ag\u00eancia de Defesa e Fiscaliza\u00e7\u00e3o Agropecu\u00e1ria (Adagro) do estado. Os contratos t\u00eam vig\u00eancia de at\u00e9 24 meses, podendo ser prorrogados por igual per\u00edodo, com sal\u00e1rios de R$ 1.635.<\/p>\n<p style=\"text-align: justify;\">A carga hor\u00e1ria semanal \u00e9 de 40 horas. Das vagas dispon\u00edveis, 5% s\u00e3o reservadas a pessoas com defici\u00eancia. H\u00e1 oportunidades dispon\u00edveis nas regionais do Recife, Caruaru, Garanhuns, Ouricuri, Palmares, Petrolina, Salgueiro, Sanhar\u00f3, Serra Talhada, Sert\u00e2nia e Surubim.<\/p>\n<p style=\"text-align: justify;\">Para exercer a fun\u00e7\u00e3o, \u00e9 preciso certificado de conclus\u00e3o do ensino m\u00e9dio em T\u00e9cnico Agr\u00edcola, ser inscrito no conselho da categoria e ter experi\u00eancia de, no m\u00ednimo, seis meses. Os candidatos tamb\u00e9m precisam ter carteira de habilita\u00e7\u00e3o na categoria B. O resultado final ser\u00e1 divulgado no dia 20 de novembro pelo\u00a0<a href=\"http:\/\/www.adagro.pe.gov.br\/\" target=\"_blank\" rel=\"noopener\"><strong>site da Adagro<\/strong><\/a>.<\/p>\n<p style=\"text-align: justify;\">As inscri\u00e7\u00f5es, que s\u00e3o gratuitas, come\u00e7am na segunda-feira (18) e seguem at\u00e9 5 de outubro. Para se candidatar \u00e0 vaga, os interessados devem levar o formul\u00e1rio de inscri\u00e7\u00e3o, dispon\u00edvel no\u00a0<a href=\"http:\/\/www.adagro.pe.gov.br\/\" target=\"_blank\" rel=\"noopener\"><strong>site da Adagro<\/strong><\/a>, e encaminh\u00e1-lo \u00e0 Comiss\u00e3o Executora do Processo Seletivo, por meio de Sedex ou de forma presencial, das 9h \u00e0s 12h e das 14h \u00e0s 16h.<\/p>\n<p style=\"text-align: justify;\">A sede da Adagro fica na Avenida Caxang\u00e1, no bairro do Cordeiro, Zona Oeste do Recife, no Parque de Exposi\u00e7\u00f5es. Outras informa\u00e7\u00f5es podem ser obtidas no edital do processo seletivo.<\/p>\n<p><strong>Do G1 &#8211; PE<\/strong><\/p>\n","protected":false},"excerpt":{"rendered":"<p>&nbsp; Governo de PE publica edital para sele\u00e7\u00e3o de 74 t\u00e9cnicos agr\u00edcolas para a Adagro.\u00a0Inscri\u00e7\u00f5es, que s\u00e3o gratuitas, come\u00e7am na segunda-feira (18) e seguem at\u00e9 5 de outubro. Remunera\u00e7\u00e3o \u00e9 de R$ 1.635, com carga hor\u00e1ria de 40 horas semanais. Governo de Pernambuco publicou no Di\u00e1rio Oficial deste s\u00e1bado (16) o edital da sele\u00e7\u00e3o p\u00fablica simplificada para contrata\u00e7\u00e3o tempor\u00e1ria de 74 t\u00e9cnicos agr\u00edcolas para a Ag\u00eancia de Defesa e Fiscaliza\u00e7\u00e3o Agropecu\u00e1ria (Adagro) do estado. Os contratos t\u00eam vig\u00eancia de at\u00e9 24 meses, podendo ser prorrogados por igual per\u00edodo, com sal\u00e1rios de R$ 1.635. A carga hor\u00e1ria semanal \u00e9 de 40 horas. Das vagas dispon\u00edveis, 5% s\u00e3o reservadas a pessoas com defici\u00eancia. H\u00e1 oportunidades dispon\u00edveis nas regionais do Recife, Caruaru, Garanhuns,&hellip; <\/p>\n","protected":false},"author":1,"featured_media":176700,"comment_status":"open","ping_status":"open","sticky":false,"template":"","format":"standard","meta":{"_acf_changed":false,"footnotes":""},"categories":[6],"tags":[],"class_list":["post-176682","post","type-post","status-publish","format-standard","has-post-thumbnail","hentry","category-educacao"],"acf":[],"yoast_head":"<!-- This site is optimized with the Yoast SEO plugin v27.4 - https:\/\/yoast.com\/product\/yoast-seo-wordpress\/ -->\n<title>GOVERNO PUBLICA EDITAL PARA SELE\u00c7\u00c3O DE 74 T\u00c9CNICOS DA ADAGRO - Blog do Farn\u00e9sio<\/title>\n<meta name=\"robots\" content=\"index, follow, max-snippet:-1, max-image-preview:large, max-video-preview:-1\" \/>\n<link rel=\"canonical\" href=\"https:\/\/blogdofarnesio.com.br\/?p=176682\" \/>\n<meta property=\"og:locale\" content=\"pt_BR\" \/>\n<meta property=\"og:type\" content=\"article\" \/>\n<meta property=\"og:title\" content=\"GOVERNO PUBLICA EDITAL PARA SELE\u00c7\u00c3O DE 74 T\u00c9CNICOS DA ADAGRO - Blog do Farn\u00e9sio\" \/>\n<meta property=\"og:description\" content=\"&nbsp; Governo de PE publica edital para sele\u00e7\u00e3o de 74 t\u00e9cnicos agr\u00edcolas para a Adagro.\u00a0Inscri\u00e7\u00f5es, que s\u00e3o gratuitas, come\u00e7am na segunda-feira (18) e seguem at\u00e9 5 de outubro. Remunera\u00e7\u00e3o \u00e9 de R$ 1.635, com carga hor\u00e1ria de 40 horas semanais. Governo de Pernambuco publicou no Di\u00e1rio Oficial deste s\u00e1bado (16) o edital da sele\u00e7\u00e3o p\u00fablica simplificada para contrata\u00e7\u00e3o tempor\u00e1ria de 74 t\u00e9cnicos agr\u00edcolas para a Ag\u00eancia de Defesa e Fiscaliza\u00e7\u00e3o Agropecu\u00e1ria (Adagro) do estado. Os contratos t\u00eam vig\u00eancia de at\u00e9 24 meses, podendo ser prorrogados por igual per\u00edodo, com sal\u00e1rios de R$ 1.635. A carga hor\u00e1ria semanal \u00e9 de 40 horas. Das vagas dispon\u00edveis, 5% s\u00e3o reservadas a pessoas com defici\u00eancia. H\u00e1 oportunidades dispon\u00edveis nas regionais do Recife, Caruaru, Garanhuns,&hellip;\" \/>\n<meta property=\"og:url\" content=\"https:\/\/blogdofarnesio.com.br\/?p=176682\" \/>\n<meta property=\"og:site_name\" content=\"Blog do Farn\u00e9sio\" \/>\n<meta property=\"article:publisher\" content=\"https:\/\/www.facebook.com\/BlogQuerSaberPolitica\/\" \/>\n<meta property=\"article:published_time\" content=\"2017-09-17T18:00:42+00:00\" \/>\n<meta property=\"og:image\" content=\"https:\/\/blogdofarnesio.com.br\/wp-content\/uploads\/2017\/09\/blogqsp-exposicao-cordeiro.jpg\" \/>\n\t<meta property=\"og:image:width\" content=\"1000\" \/>\n\t<meta property=\"og:image:height\" content=\"722\" \/>\n\t<meta property=\"og:image:type\" content=\"image\/jpeg\" \/>\n<meta name=\"author\" content=\"Farn\u00e9sio\" \/>\n<meta name=\"twitter:card\" content=\"summary_large_image\" \/>\n<meta name=\"twitter:label1\" content=\"Escrito por\" \/>\n\t<meta name=\"twitter:data1\" content=\"Farn\u00e9sio\" \/>\n\t<meta name=\"twitter:label2\" content=\"Est. tempo de leitura\" \/>\n\t<meta name=\"twitter:data2\" content=\"2 minutos\" \/>\n<script type=\"application\/ld+json\" class=\"yoast-schema-graph\">{\"@context\":\"https:\\\/\\\/schema.org\",\"@graph\":[{\"@type\":\"Article\",\"@id\":\"https:\\\/\\\/blogdofarnesio.com.br\\\/?p=176682#article\",\"isPartOf\":{\"@id\":\"https:\\\/\\\/blogdofarnesio.com.br\\\/?p=176682\"},\"author\":{\"name\":\"Farn\u00e9sio\",\"@id\":\"https:\\\/\\\/blogdofarnesio.com.br\\\/#\\\/schema\\\/person\\\/301c4acf522bccbfdb45af95b5b906a1\"},\"headline\":\"GOVERNO PUBLICA EDITAL PARA SELE\u00c7\u00c3O DE 74 T\u00c9CNICOS DA ADAGRO\",\"datePublished\":\"2017-09-17T18:00:42+00:00\",\"mainEntityOfPage\":{\"@id\":\"https:\\\/\\\/blogdofarnesio.com.br\\\/?p=176682\"},\"wordCount\":317,\"commentCount\":0,\"publisher\":{\"@id\":\"https:\\\/\\\/blogdofarnesio.com.br\\\/#organization\"},\"image\":{\"@id\":\"https:\\\/\\\/blogdofarnesio.com.br\\\/?p=176682#primaryimage\"},\"thumbnailUrl\":\"https:\\\/\\\/blogdofarnesio.com.br\\\/wp-content\\\/uploads\\\/2017\\\/09\\\/blogqsp-exposicao-cordeiro.jpg\",\"articleSection\":[\"Educa\u00e7\u00e3o\"],\"inLanguage\":\"pt-BR\",\"potentialAction\":[{\"@type\":\"CommentAction\",\"name\":\"Comment\",\"target\":[\"https:\\\/\\\/blogdofarnesio.com.br\\\/?p=176682#respond\"]}]},{\"@type\":\"WebPage\",\"@id\":\"https:\\\/\\\/blogdofarnesio.com.br\\\/?p=176682\",\"url\":\"https:\\\/\\\/blogdofarnesio.com.br\\\/?p=176682\",\"name\":\"GOVERNO PUBLICA EDITAL PARA SELE\u00c7\u00c3O DE 74 T\u00c9CNICOS DA ADAGRO - Blog do Farn\u00e9sio\",\"isPartOf\":{\"@id\":\"https:\\\/\\\/blogdofarnesio.com.br\\\/#website\"},\"primaryImageOfPage\":{\"@id\":\"https:\\\/\\\/blogdofarnesio.com.br\\\/?p=176682#primaryimage\"},\"image\":{\"@id\":\"https:\\\/\\\/blogdofarnesio.com.br\\\/?p=176682#primaryimage\"},\"thumbnailUrl\":\"https:\\\/\\\/blogdofarnesio.com.br\\\/wp-content\\\/uploads\\\/2017\\\/09\\\/blogqsp-exposicao-cordeiro.jpg\",\"datePublished\":\"2017-09-17T18:00:42+00:00\",\"breadcrumb\":{\"@id\":\"https:\\\/\\\/blogdofarnesio.com.br\\\/?p=176682#breadcrumb\"},\"inLanguage\":\"pt-BR\",\"potentialAction\":[{\"@type\":\"ReadAction\",\"target\":[\"https:\\\/\\\/blogdofarnesio.com.br\\\/?p=176682\"]}]},{\"@type\":\"ImageObject\",\"inLanguage\":\"pt-BR\",\"@id\":\"https:\\\/\\\/blogdofarnesio.com.br\\\/?p=176682#primaryimage\",\"url\":\"https:\\\/\\\/blogdofarnesio.com.br\\\/wp-content\\\/uploads\\\/2017\\\/09\\\/blogqsp-exposicao-cordeiro.jpg\",\"contentUrl\":\"https:\\\/\\\/blogdofarnesio.com.br\\\/wp-content\\\/uploads\\\/2017\\\/09\\\/blogqsp-exposicao-cordeiro.jpg\",\"width\":1000,\"height\":722},{\"@type\":\"BreadcrumbList\",\"@id\":\"https:\\\/\\\/blogdofarnesio.com.br\\\/?p=176682#breadcrumb\",\"itemListElement\":[{\"@type\":\"ListItem\",\"position\":1,\"name\":\"In\u00edcio\",\"item\":\"https:\\\/\\\/blogdofarnesio.com.br\\\/\"},{\"@type\":\"ListItem\",\"position\":2,\"name\":\"GOVERNO PUBLICA EDITAL PARA SELE\u00c7\u00c3O DE 74 T\u00c9CNICOS DA ADAGRO\"}]},{\"@type\":\"WebSite\",\"@id\":\"https:\\\/\\\/blogdofarnesio.com.br\\\/#website\",\"url\":\"https:\\\/\\\/blogdofarnesio.com.br\\\/\",\"name\":\"Blog do Farn\u00e9sio\",\"description\":\"Quer Saber Pol\u00edtica?\",\"publisher\":{\"@id\":\"https:\\\/\\\/blogdofarnesio.com.br\\\/#organization\"},\"potentialAction\":[{\"@type\":\"SearchAction\",\"target\":{\"@type\":\"EntryPoint\",\"urlTemplate\":\"https:\\\/\\\/blogdofarnesio.com.br\\\/?s={search_term_string}\"},\"query-input\":{\"@type\":\"PropertyValueSpecification\",\"valueRequired\":true,\"valueName\":\"search_term_string\"}}],\"inLanguage\":\"pt-BR\"},{\"@type\":\"Organization\",\"@id\":\"https:\\\/\\\/blogdofarnesio.com.br\\\/#organization\",\"name\":\"Blog do Farn\u00e9sio\",\"url\":\"https:\\\/\\\/blogdofarnesio.com.br\\\/\",\"logo\":{\"@type\":\"ImageObject\",\"inLanguage\":\"pt-BR\",\"@id\":\"https:\\\/\\\/blogdofarnesio.com.br\\\/#\\\/schema\\\/logo\\\/image\\\/\",\"url\":\"https:\\\/\\\/blogdofarnesio.com.br\\\/wp-content\\\/uploads\\\/2026\\\/03\\\/cropped-logo_new-1.png\",\"contentUrl\":\"https:\\\/\\\/blogdofarnesio.com.br\\\/wp-content\\\/uploads\\\/2026\\\/03\\\/cropped-logo_new-1.png\",\"width\":881,\"height\":685,\"caption\":\"Blog do Farn\u00e9sio\"},\"image\":{\"@id\":\"https:\\\/\\\/blogdofarnesio.com.br\\\/#\\\/schema\\\/logo\\\/image\\\/\"},\"sameAs\":[\"https:\\\/\\\/www.facebook.com\\\/BlogQuerSaberPolitica\\\/\"]},{\"@type\":\"Person\",\"@id\":\"https:\\\/\\\/blogdofarnesio.com.br\\\/#\\\/schema\\\/person\\\/301c4acf522bccbfdb45af95b5b906a1\",\"name\":\"Farn\u00e9sio\",\"image\":{\"@type\":\"ImageObject\",\"inLanguage\":\"pt-BR\",\"@id\":\"https:\\\/\\\/secure.gravatar.com\\\/avatar\\\/df0c9a14567c056f8ad6876ba5bbd1e3e2c48023eb6807342fc4663adf549f38?s=96&d=mm&r=g\",\"url\":\"https:\\\/\\\/secure.gravatar.com\\\/avatar\\\/df0c9a14567c056f8ad6876ba5bbd1e3e2c48023eb6807342fc4663adf549f38?s=96&d=mm&r=g\",\"contentUrl\":\"https:\\\/\\\/secure.gravatar.com\\\/avatar\\\/df0c9a14567c056f8ad6876ba5bbd1e3e2c48023eb6807342fc4663adf549f38?s=96&d=mm&r=g\",\"caption\":\"Farn\u00e9sio\"},\"sameAs\":[\"https:\\\/\\\/quersaberpolitica.com.br\"],\"url\":\"https:\\\/\\\/blogdofarnesio.com.br\\\/?author=1\"}]}<\/script>\n<!-- \/ Yoast SEO plugin. -->","yoast_head_json":{"title":"GOVERNO PUBLICA EDITAL PARA SELE\u00c7\u00c3O DE 74 T\u00c9CNICOS DA ADAGRO - Blog do Farn\u00e9sio","robots":{"index":"index","follow":"follow","max-snippet":"max-snippet:-1","max-image-preview":"max-image-preview:large","max-video-preview":"max-video-preview:-1"},"canonical":"https:\/\/blogdofarnesio.com.br\/?p=176682","og_locale":"pt_BR","og_type":"article","og_title":"GOVERNO PUBLICA EDITAL PARA SELE\u00c7\u00c3O DE 74 T\u00c9CNICOS DA ADAGRO - Blog do Farn\u00e9sio","og_description":"&nbsp; Governo de PE publica edital para sele\u00e7\u00e3o de 74 t\u00e9cnicos agr\u00edcolas para a Adagro.\u00a0Inscri\u00e7\u00f5es, que s\u00e3o gratuitas, come\u00e7am na segunda-feira (18) e seguem at\u00e9 5 de outubro. Remunera\u00e7\u00e3o \u00e9 de R$ 1.635, com carga hor\u00e1ria de 40 horas semanais. Governo de Pernambuco publicou no Di\u00e1rio Oficial deste s\u00e1bado (16) o edital da sele\u00e7\u00e3o p\u00fablica simplificada para contrata\u00e7\u00e3o tempor\u00e1ria de 74 t\u00e9cnicos agr\u00edcolas para a Ag\u00eancia de Defesa e Fiscaliza\u00e7\u00e3o Agropecu\u00e1ria (Adagro) do estado. Os contratos t\u00eam vig\u00eancia de at\u00e9 24 meses, podendo ser prorrogados por igual per\u00edodo, com sal\u00e1rios de R$ 1.635. A carga hor\u00e1ria semanal \u00e9 de 40 horas. Das vagas dispon\u00edveis, 5% s\u00e3o reservadas a pessoas com defici\u00eancia. H\u00e1 oportunidades dispon\u00edveis nas regionais do Recife, Caruaru, Garanhuns,&hellip;","og_url":"https:\/\/blogdofarnesio.com.br\/?p=176682","og_site_name":"Blog do Farn\u00e9sio","article_publisher":"https:\/\/www.facebook.com\/BlogQuerSaberPolitica\/","article_published_time":"2017-09-17T18:00:42+00:00","og_image":[{"width":1000,"height":722,"url":"https:\/\/blogdofarnesio.com.br\/wp-content\/uploads\/2017\/09\/blogqsp-exposicao-cordeiro.jpg","type":"image\/jpeg"}],"author":"Farn\u00e9sio","twitter_card":"summary_large_image","twitter_misc":{"Escrito por":"Farn\u00e9sio","Est. tempo de leitura":"2 minutos"},"schema":{"@context":"https:\/\/schema.org","@graph":[{"@type":"Article","@id":"https:\/\/blogdofarnesio.com.br\/?p=176682#article","isPartOf":{"@id":"https:\/\/blogdofarnesio.com.br\/?p=176682"},"author":{"name":"Farn\u00e9sio","@id":"https:\/\/blogdofarnesio.com.br\/#\/schema\/person\/301c4acf522bccbfdb45af95b5b906a1"},"headline":"GOVERNO PUBLICA EDITAL PARA SELE\u00c7\u00c3O DE 74 T\u00c9CNICOS DA ADAGRO","datePublished":"2017-09-17T18:00:42+00:00","mainEntityOfPage":{"@id":"https:\/\/blogdofarnesio.com.br\/?p=176682"},"wordCount":317,"commentCount":0,"publisher":{"@id":"https:\/\/blogdofarnesio.com.br\/#organization"},"image":{"@id":"https:\/\/blogdofarnesio.com.br\/?p=176682#primaryimage"},"thumbnailUrl":"https:\/\/blogdofarnesio.com.br\/wp-content\/uploads\/2017\/09\/blogqsp-exposicao-cordeiro.jpg","articleSection":["Educa\u00e7\u00e3o"],"inLanguage":"pt-BR","potentialAction":[{"@type":"CommentAction","name":"Comment","target":["https:\/\/blogdofarnesio.com.br\/?p=176682#respond"]}]},{"@type":"WebPage","@id":"https:\/\/blogdofarnesio.com.br\/?p=176682","url":"https:\/\/blogdofarnesio.com.br\/?p=176682","name":"GOVERNO PUBLICA EDITAL PARA SELE\u00c7\u00c3O DE 74 T\u00c9CNICOS DA ADAGRO - Blog do Farn\u00e9sio","isPartOf":{"@id":"https:\/\/blogdofarnesio.com.br\/#website"},"primaryImageOfPage":{"@id":"https:\/\/blogdofarnesio.com.br\/?p=176682#primaryimage"},"image":{"@id":"https:\/\/blogdofarnesio.com.br\/?p=176682#primaryimage"},"thumbnailUrl":"https:\/\/blogdofarnesio.com.br\/wp-content\/uploads\/2017\/09\/blogqsp-exposicao-cordeiro.jpg","datePublished":"2017-09-17T18:00:42+00:00","breadcrumb":{"@id":"https:\/\/blogdofarnesio.com.br\/?p=176682#breadcrumb"},"inLanguage":"pt-BR","potentialAction":[{"@type":"ReadAction","target":["https:\/\/blogdofarnesio.com.br\/?p=176682"]}]},{"@type":"ImageObject","inLanguage":"pt-BR","@id":"https:\/\/blogdofarnesio.com.br\/?p=176682#primaryimage","url":"https:\/\/blogdofarnesio.com.br\/wp-content\/uploads\/2017\/09\/blogqsp-exposicao-cordeiro.jpg","contentUrl":"https:\/\/blogdofarnesio.com.br\/wp-content\/uploads\/2017\/09\/blogqsp-exposicao-cordeiro.jpg","width":1000,"height":722},{"@type":"BreadcrumbList","@id":"https:\/\/blogdofarnesio.com.br\/?p=176682#breadcrumb","itemListElement":[{"@type":"ListItem","position":1,"name":"In\u00edcio","item":"https:\/\/blogdofarnesio.com.br\/"},{"@type":"ListItem","position":2,"name":"GOVERNO PUBLICA EDITAL PARA SELE\u00c7\u00c3O DE 74 T\u00c9CNICOS DA ADAGRO"}]},{"@type":"WebSite","@id":"https:\/\/blogdofarnesio.com.br\/#website","url":"https:\/\/blogdofarnesio.com.br\/","name":"Blog do Farn\u00e9sio","description":"Quer Saber Pol\u00edtica?","publisher":{"@id":"https:\/\/blogdofarnesio.com.br\/#organization"},"potentialAction":[{"@type":"SearchAction","target":{"@type":"EntryPoint","urlTemplate":"https:\/\/blogdofarnesio.com.br\/?s={search_term_string}"},"query-input":{"@type":"PropertyValueSpecification","valueRequired":true,"valueName":"search_term_string"}}],"inLanguage":"pt-BR"},{"@type":"Organization","@id":"https:\/\/blogdofarnesio.com.br\/#organization","name":"Blog do Farn\u00e9sio","url":"https:\/\/blogdofarnesio.com.br\/","logo":{"@type":"ImageObject","inLanguage":"pt-BR","@id":"https:\/\/blogdofarnesio.com.br\/#\/schema\/logo\/image\/","url":"https:\/\/blogdofarnesio.com.br\/wp-content\/uploads\/2026\/03\/cropped-logo_new-1.png","contentUrl":"https:\/\/blogdofarnesio.com.br\/wp-content\/uploads\/2026\/03\/cropped-logo_new-1.png","width":881,"height":685,"caption":"Blog do Farn\u00e9sio"},"image":{"@id":"https:\/\/blogdofarnesio.com.br\/#\/schema\/logo\/image\/"},"sameAs":["https:\/\/www.facebook.com\/BlogQuerSaberPolitica\/"]},{"@type":"Person","@id":"https:\/\/blogdofarnesio.com.br\/#\/schema\/person\/301c4acf522bccbfdb45af95b5b906a1","name":"Farn\u00e9sio","image":{"@type":"ImageObject","inLanguage":"pt-BR","@id":"https:\/\/secure.gravatar.com\/avatar\/df0c9a14567c056f8ad6876ba5bbd1e3e2c48023eb6807342fc4663adf549f38?s=96&d=mm&r=g","url":"https:\/\/secure.gravatar.com\/avatar\/df0c9a14567c056f8ad6876ba5bbd1e3e2c48023eb6807342fc4663adf549f38?s=96&d=mm&r=g","contentUrl":"https:\/\/secure.gravatar.com\/avatar\/df0c9a14567c056f8ad6876ba5bbd1e3e2c48023eb6807342fc4663adf549f38?s=96&d=mm&r=g","caption":"Farn\u00e9sio"},"sameAs":["https:\/\/quersaberpolitica.com.br"],"url":"https:\/\/blogdofarnesio.com.br\/?author=1"}]}},"_links":{"self":[{"href":"https:\/\/blogdofarnesio.com.br\/index.php?rest_route=\/wp\/v2\/posts\/176682","targetHints":{"allow":["GET"]}}],"collection":[{"href":"https:\/\/blogdofarnesio.com.br\/index.php?rest_route=\/wp\/v2\/posts"}],"about":[{"href":"https:\/\/blogdofarnesio.com.br\/index.php?rest_route=\/wp\/v2\/types\/post"}],"author":[{"embeddable":true,"href":"https:\/\/blogdofarnesio.com.br\/index.php?rest_route=\/wp\/v2\/users\/1"}],"replies":[{"embeddable":true,"href":"https:\/\/blogdofarnesio.com.br\/index.php?rest_route=%2Fwp%2Fv2%2Fcomments&post=176682"}],"version-history":[{"count":0,"href":"https:\/\/blogdofarnesio.com.br\/index.php?rest_route=\/wp\/v2\/posts\/176682\/revisions"}],"wp:featuredmedia":[{"embeddable":true,"href":"https:\/\/blogdofarnesio.com.br\/index.php?rest_route=\/wp\/v2\/media\/176700"}],"wp:attachment":[{"href":"https:\/\/blogdofarnesio.com.br\/index.php?rest_route=%2Fwp%2Fv2%2Fmedia&parent=176682"}],"wp:term":[{"taxonomy":"category","embeddable":true,"href":"https:\/\/blogdofarnesio.com.br\/index.php?rest_route=%2Fwp%2Fv2%2Fcategories&post=176682"},{"taxonomy":"post_tag","embeddable":true,"href":"https:\/\/blogdofarnesio.com.br\/index.php?rest_route=%2Fwp%2Fv2%2Ftags&post=176682"}],"curies":[{"name":"wp","href":"https:\/\/api.w.org\/{rel}","templated":true}]}}