{"id":176663,"date":"2017-09-16T19:29:55","date_gmt":"2017-09-16T22:29:55","guid":{"rendered":"http:\/\/quersaberpolitica.com.br\/2016\/?p=176663"},"modified":"2017-09-16T19:29:55","modified_gmt":"2017-09-16T22:29:55","slug":"morre-aos-65-anos-apresentador-marcelo-rezende","status":"publish","type":"post","link":"https:\/\/blogdofarnesio.com.br\/?p=176663","title":{"rendered":"MORRE AOS 65 ANOS, APRESENTADOR MARCELO REZENDE"},"content":{"rendered":"<header class=\"heading heading-article\">\n<div class=\"heading-title\"><\/div>\n<\/header>\n<div class=\"sharebar-content\">\n<div class=\"sharebar top\">\n<div class=\"shared-count\"><\/div>\n<\/div>\n<\/div>\n<article class=\"content\">\n<div class=\"media_box full-dimensions460x305\">\n<div class=\"edges\"><\/div>\n<div class=\"content_image\"><em><span class=\"legend_box  \">Marcelo Rezende apresentava o Cidade Alerta desde 2012<\/span><span class=\"credit_box \">Reprodu\u00e7\u00e3o\/Instagram<\/span><\/em><\/div>\n<\/div>\n<p>O jornalista Marcelo Rezende morreu neste s\u00e1bado (16), aos 65 anos, na zona sul de S\u00e3o Paulo. Um dos maiores nomes do jornalismo brasileiro, o apresentador da Record TV lutava contra um c\u00e2ncer no p\u00e2ncreas e no f\u00edgado desde o final de abril. A informa\u00e7\u00e3o foi confirmada pelo Hospital Moriah, onde estava internado desde ter\u00e7a-feira (12).<\/p>\n<p>Ainda n\u00e3o foram divulgadas informa\u00e7\u00f5es sobre vel\u00f3rio e enterro.<\/p>\n<p>Com a coragem que o acompanhou ao longo da vida, o jornalista anunciou em rede nacional que estava com a doen\u00e7a. Durante uma entrevista ao Domingo Espetacular no in\u00edcio de maio, horas antes de ser internado pela primeira vez, Rezende disse que encararia a doen\u00e7a de frente. O c\u00e2ncer agressivo o obrigou a deixar repentinamente o comando do Cidade Alerta, jornal\u00edstico que apresentava desde 2012. Foi nessa \u00faltima etapa da carreira que Marcelo Rezende se reinventou como apresentador.<\/p>\n<p>Entre den\u00fancias e not\u00edcias sobre viol\u00eancia urbana, Marcelo Rezende encontrou espa\u00e7o para o bom humor. Transformou os rep\u00f3rteres em personagens, deu apelidos \u00e0 equipe t\u00e9cnica, colocou o comentarista Percival de Souza sentado num trono. Criou bord\u00f5es que ganharam as ruas e j\u00e1 entraram para a hist\u00f3ria da TV brasileira. Um deles, o \u201ccorta pra mim\u201d, virou t\u00edtulo de sua autobiografia (Editora Planeta, 2013). Um breve resumo de uma vida rica de hist\u00f3rias.<\/p>\n<p>Marcelo Rezende nasceu no Rio de Janeiro, em 12 de novembro de 1951, fruto de um casal de baixa renda. Filho de um banc\u00e1rio e uma funcion\u00e1ria da aeron\u00e1utica, decidiu, aos 16 anos, se mudar para a Bahia e viver em uma comunidade hippie.<\/p>\n<p>Um ano mais tarde, ingressou no jornalismo por acaso, durante uma visita \u00e0 reda\u00e7\u00e3o do Jornal dos Sports, no Rio de Janeiro. Rezende tinha apenas 17 anos e foi convidado para trabalhar como rep\u00f3rter na cobertura de futebol. Foram o talento e as amizades que conquistou l\u00e1 que o levaram para a R\u00e1dio Globo e, na sequ\u00eancia, O Globo. No jornal carioca, onde trabalhou por sete anos, teve a chance de ficar pr\u00f3ximo do \u00eddolo, Nelson Rodrigues.<\/p>\n<p>Antes de chegar \u00e0 televis\u00e3o, o jornalista ainda passou pela revista Placar. S\u00f3 ent\u00e3o, em 1987, foi contratado como rep\u00f3rter esportivo pela TV Globo. Com pouco tempo na emissora carioca, migrou para o jornalismo investigativo \u2013 \u00e1rea que marcou a sua carreira profissional. Participou de coberturas importantes e saiu na frente em v\u00e1rias delas. Um exemplo \u00e9 a investiga\u00e7\u00e3o sobre a fuga de PC Farias, tesoureiro da campanha de Fernando Collor, em 1993. Mas a mat\u00e9ria de maior repercuss\u00e3o na carreira do apresentador foi um caso de viol\u00eancia policial na Favela Naval, em Diadema, na grande S\u00e3o Paulo. A den\u00fancia feita por Rezende em 31 de mar\u00e7o de 1997 no Jornal Nacionalcausou indigna\u00e7\u00e3o no Pa\u00eds, rodou o mundo e colocou os direitos humanos na pauta da sociedade. Pelo trabalho, Rezende recebeu os pr\u00eamios APCA (Associa\u00e7\u00e3o Paulista de Cr\u00edticos de Arte) e o L\u00edbero Badar\u00f3.<\/p>\n<p>No ano seguinte, o jornalista voltou a ser premiado no L\u00edbero Badar\u00f3 por uma den\u00fancia de vendas de armas, tamb\u00e9m exibida no Jornal Nacional. Ele j\u00e1 havia conquistado, em 1994, o diploma de honra ao m\u00e9rito do Festival de Filme e Televis\u00e3o de Nova York pela reportagem Trabalho do Menor, exibida no Globo Rep\u00f3rter.<\/p>\n<p>A estreia como apresentador foi no Linha Direta, em 27 de mar\u00e7o de 1999. O jornalista participou ativamente do projeto que colocou o programa policial que reconstitu\u00eda crimes praticados por foragidos da justi\u00e7a de volta \u00e0 grade da Globo \u2013 a primeira vers\u00e3o, feita em 1990, durou s\u00f3 quatro meses no ar. De acordo com a emissora carioca, Rezende dizia que \u201ca proposta do Linha Direta era, desde o princ\u00edpio, condenar a impunidade e retratar os casos policiais com o m\u00e1ximo de verossimilhan\u00e7a\u201d. Isso era poss\u00edvel pois, al\u00e9m de contar hist\u00f3rias, a atra\u00e7\u00e3o incentivava os telespectadores a denunciar o paradeiro dos criminosos ou fornecer pistas que ajudassem na solu\u00e7\u00e3o dos casos. O jornalista trabalhou sete meses montando uma equipe de 50 profissionais para colocar o programa no ar.<\/p>\n<p>Rezende deixou a Globo e, em 2002, foi para a Rede TV!, onde assumiu a apresenta\u00e7\u00e3o do telejornal policial Rep\u00f3rter Cidad\u00e3o.<\/p>\n<p>Em 2004, foi contratado pela Record TV, como apresentador da primeira vers\u00e3o do Cidade Alerta. Ficou at\u00e9 2006, quando foi contratado novamente pela Rede TV! para ancorar o RedeTV!News, principal jornal\u00edstico da casa. Deixou a emissora em 2008. Dois anos depois, estreava na Band no comando do Tribunal na TV \u2013 atra\u00e7\u00e3o nos mesmos moldes do Linha Direta.<\/p>\n<p>Ainda em 2010, Rezende voltou para a Record TV, como rep\u00f3rter especial do Domingo Espetacular. No ano seguinte, virou apresentador do Rep\u00f3rter Record. Mas, em 2012, Marcelo Rezende reassumiu o comando do Cidade Alerta e, com uma dose de irrever\u00eancia, mudou o jeito de fazer programa policial na televis\u00e3o brasileira. A inova\u00e7\u00e3o deu certo e fez hist\u00f3ria. Em setembro de 2015, o vespertino venceu por pelo menos tr\u00eas vezes o Jornal Nacional, fato at\u00e9 ent\u00e3o in\u00e9dito na televis\u00e3o. Quando n\u00e3o ficava na frente, por v\u00e1rias vezes o Cidade Alerta empatava no per\u00edodo de confronto direto entre os dois notici\u00e1rios. Um marco hist\u00f3rico, j\u00e1 que, desde a estreia, em 1969, o Jornal Nacional sempre teve a lideran\u00e7a isolada de audi\u00eancia.<\/p>\n<p>O sucesso foi interrompido pela descoberta do c\u00e2ncer agressivo, em exame realizado em 28 de abril. Mesmo ap\u00f3s o diagn\u00f3stico, Marcelo Rezende apresentou tr\u00eas edi\u00e7\u00f5es do programa e fez quest\u00e3o de n\u00e3o abandonar a legi\u00e3o de f\u00e3s. Durante o per\u00edodo em que esteve fora do ar, usou as redes sociais para se manter em contato com o p\u00fablico. Em todas as mensagens, passou demonstra\u00e7\u00f5es de confian\u00e7a e f\u00e9.<\/p>\n<p>Marcelo Rezende deixa cinco filhos e uma neta.<\/p>\n<\/article>\n","protected":false},"excerpt":{"rendered":"<p>Marcelo Rezende apresentava o Cidade Alerta desde 2012Reprodu\u00e7\u00e3o\/Instagram O jornalista Marcelo Rezende morreu neste s\u00e1bado (16), aos 65 anos, na zona sul de S\u00e3o Paulo. Um dos maiores nomes do jornalismo brasileiro, o apresentador da Record TV lutava contra um c\u00e2ncer no p\u00e2ncreas e no f\u00edgado desde o final de abril. A informa\u00e7\u00e3o foi confirmada pelo Hospital Moriah, onde estava internado desde ter\u00e7a-feira (12). Ainda n\u00e3o foram divulgadas informa\u00e7\u00f5es sobre vel\u00f3rio e enterro. Com a coragem que o acompanhou ao longo da vida, o jornalista anunciou em rede nacional que estava com a doen\u00e7a. Durante uma entrevista ao Domingo Espetacular no in\u00edcio de maio, horas antes de ser internado pela primeira vez, Rezende disse que encararia a doen\u00e7a de frente.&hellip; <\/p>\n","protected":false},"author":1,"featured_media":176664,"comment_status":"open","ping_status":"open","sticky":false,"template":"","format":"standard","meta":{"_acf_changed":false,"footnotes":""},"categories":[1],"tags":[],"class_list":["post-176663","post","type-post","status-publish","format-standard","has-post-thumbnail","hentry","category-politica"],"acf":[],"yoast_head":"<!-- This site is optimized with the Yoast SEO plugin v27.4 - https:\/\/yoast.com\/product\/yoast-seo-wordpress\/ -->\n<title>MORRE AOS 65 ANOS, APRESENTADOR MARCELO REZENDE - Blog do Farn\u00e9sio<\/title>\n<meta name=\"robots\" content=\"index, follow, max-snippet:-1, max-image-preview:large, max-video-preview:-1\" \/>\n<link rel=\"canonical\" href=\"https:\/\/blogdofarnesio.com.br\/?p=176663\" \/>\n<meta property=\"og:locale\" content=\"pt_BR\" \/>\n<meta property=\"og:type\" content=\"article\" \/>\n<meta property=\"og:title\" content=\"MORRE AOS 65 ANOS, APRESENTADOR MARCELO REZENDE - Blog do Farn\u00e9sio\" \/>\n<meta property=\"og:description\" content=\"Marcelo Rezende apresentava o Cidade Alerta desde 2012Reprodu\u00e7\u00e3o\/Instagram O jornalista Marcelo Rezende morreu neste s\u00e1bado (16), aos 65 anos, na zona sul de S\u00e3o Paulo. Um dos maiores nomes do jornalismo brasileiro, o apresentador da Record TV lutava contra um c\u00e2ncer no p\u00e2ncreas e no f\u00edgado desde o final de abril. A informa\u00e7\u00e3o foi confirmada pelo Hospital Moriah, onde estava internado desde ter\u00e7a-feira (12). Ainda n\u00e3o foram divulgadas informa\u00e7\u00f5es sobre vel\u00f3rio e enterro. Com a coragem que o acompanhou ao longo da vida, o jornalista anunciou em rede nacional que estava com a doen\u00e7a. Durante uma entrevista ao Domingo Espetacular no in\u00edcio de maio, horas antes de ser internado pela primeira vez, Rezende disse que encararia a doen\u00e7a de frente.&hellip;\" \/>\n<meta property=\"og:url\" content=\"https:\/\/blogdofarnesio.com.br\/?p=176663\" \/>\n<meta property=\"og:site_name\" content=\"Blog do Farn\u00e9sio\" \/>\n<meta property=\"article:publisher\" content=\"https:\/\/www.facebook.com\/BlogQuerSaberPolitica\/\" \/>\n<meta property=\"article:published_time\" content=\"2017-09-16T22:29:55+00:00\" \/>\n<meta property=\"og:image\" content=\"https:\/\/blogdofarnesio.com.br\/wp-content\/uploads\/2017\/09\/blogqspmrcelorezende-r7.jpeg\" \/>\n\t<meta property=\"og:image:width\" content=\"460\" \/>\n\t<meta property=\"og:image:height\" content=\"305\" \/>\n\t<meta property=\"og:image:type\" content=\"image\/jpeg\" \/>\n<meta name=\"author\" content=\"Farn\u00e9sio\" \/>\n<meta name=\"twitter:card\" content=\"summary_large_image\" \/>\n<meta name=\"twitter:label1\" content=\"Escrito por\" \/>\n\t<meta name=\"twitter:data1\" content=\"Farn\u00e9sio\" \/>\n\t<meta name=\"twitter:label2\" content=\"Est. tempo de leitura\" \/>\n\t<meta name=\"twitter:data2\" content=\"5 minutos\" \/>\n<script type=\"application\/ld+json\" class=\"yoast-schema-graph\">{\"@context\":\"https:\\\/\\\/schema.org\",\"@graph\":[{\"@type\":\"Article\",\"@id\":\"https:\\\/\\\/blogdofarnesio.com.br\\\/?p=176663#article\",\"isPartOf\":{\"@id\":\"https:\\\/\\\/blogdofarnesio.com.br\\\/?p=176663\"},\"author\":{\"name\":\"Farn\u00e9sio\",\"@id\":\"https:\\\/\\\/blogdofarnesio.com.br\\\/#\\\/schema\\\/person\\\/301c4acf522bccbfdb45af95b5b906a1\"},\"headline\":\"MORRE AOS 65 ANOS, APRESENTADOR MARCELO REZENDE\",\"datePublished\":\"2017-09-16T22:29:55+00:00\",\"mainEntityOfPage\":{\"@id\":\"https:\\\/\\\/blogdofarnesio.com.br\\\/?p=176663\"},\"wordCount\":1022,\"commentCount\":0,\"publisher\":{\"@id\":\"https:\\\/\\\/blogdofarnesio.com.br\\\/#organization\"},\"image\":{\"@id\":\"https:\\\/\\\/blogdofarnesio.com.br\\\/?p=176663#primaryimage\"},\"thumbnailUrl\":\"https:\\\/\\\/blogdofarnesio.com.br\\\/wp-content\\\/uploads\\\/2017\\\/09\\\/blogqspmrcelorezende-r7.jpeg\",\"articleSection\":[\"Pol\u00edtica\"],\"inLanguage\":\"pt-BR\",\"potentialAction\":[{\"@type\":\"CommentAction\",\"name\":\"Comment\",\"target\":[\"https:\\\/\\\/blogdofarnesio.com.br\\\/?p=176663#respond\"]}]},{\"@type\":\"WebPage\",\"@id\":\"https:\\\/\\\/blogdofarnesio.com.br\\\/?p=176663\",\"url\":\"https:\\\/\\\/blogdofarnesio.com.br\\\/?p=176663\",\"name\":\"MORRE AOS 65 ANOS, APRESENTADOR MARCELO REZENDE - Blog do Farn\u00e9sio\",\"isPartOf\":{\"@id\":\"https:\\\/\\\/blogdofarnesio.com.br\\\/#website\"},\"primaryImageOfPage\":{\"@id\":\"https:\\\/\\\/blogdofarnesio.com.br\\\/?p=176663#primaryimage\"},\"image\":{\"@id\":\"https:\\\/\\\/blogdofarnesio.com.br\\\/?p=176663#primaryimage\"},\"thumbnailUrl\":\"https:\\\/\\\/blogdofarnesio.com.br\\\/wp-content\\\/uploads\\\/2017\\\/09\\\/blogqspmrcelorezende-r7.jpeg\",\"datePublished\":\"2017-09-16T22:29:55+00:00\",\"breadcrumb\":{\"@id\":\"https:\\\/\\\/blogdofarnesio.com.br\\\/?p=176663#breadcrumb\"},\"inLanguage\":\"pt-BR\",\"potentialAction\":[{\"@type\":\"ReadAction\",\"target\":[\"https:\\\/\\\/blogdofarnesio.com.br\\\/?p=176663\"]}]},{\"@type\":\"ImageObject\",\"inLanguage\":\"pt-BR\",\"@id\":\"https:\\\/\\\/blogdofarnesio.com.br\\\/?p=176663#primaryimage\",\"url\":\"https:\\\/\\\/blogdofarnesio.com.br\\\/wp-content\\\/uploads\\\/2017\\\/09\\\/blogqspmrcelorezende-r7.jpeg\",\"contentUrl\":\"https:\\\/\\\/blogdofarnesio.com.br\\\/wp-content\\\/uploads\\\/2017\\\/09\\\/blogqspmrcelorezende-r7.jpeg\",\"width\":460,\"height\":305},{\"@type\":\"BreadcrumbList\",\"@id\":\"https:\\\/\\\/blogdofarnesio.com.br\\\/?p=176663#breadcrumb\",\"itemListElement\":[{\"@type\":\"ListItem\",\"position\":1,\"name\":\"In\u00edcio\",\"item\":\"https:\\\/\\\/blogdofarnesio.com.br\\\/\"},{\"@type\":\"ListItem\",\"position\":2,\"name\":\"MORRE AOS 65 ANOS, APRESENTADOR MARCELO REZENDE\"}]},{\"@type\":\"WebSite\",\"@id\":\"https:\\\/\\\/blogdofarnesio.com.br\\\/#website\",\"url\":\"https:\\\/\\\/blogdofarnesio.com.br\\\/\",\"name\":\"Blog do Farn\u00e9sio\",\"description\":\"Quer Saber Pol\u00edtica?\",\"publisher\":{\"@id\":\"https:\\\/\\\/blogdofarnesio.com.br\\\/#organization\"},\"potentialAction\":[{\"@type\":\"SearchAction\",\"target\":{\"@type\":\"EntryPoint\",\"urlTemplate\":\"https:\\\/\\\/blogdofarnesio.com.br\\\/?s={search_term_string}\"},\"query-input\":{\"@type\":\"PropertyValueSpecification\",\"valueRequired\":true,\"valueName\":\"search_term_string\"}}],\"inLanguage\":\"pt-BR\"},{\"@type\":\"Organization\",\"@id\":\"https:\\\/\\\/blogdofarnesio.com.br\\\/#organization\",\"name\":\"Blog do Farn\u00e9sio\",\"url\":\"https:\\\/\\\/blogdofarnesio.com.br\\\/\",\"logo\":{\"@type\":\"ImageObject\",\"inLanguage\":\"pt-BR\",\"@id\":\"https:\\\/\\\/blogdofarnesio.com.br\\\/#\\\/schema\\\/logo\\\/image\\\/\",\"url\":\"https:\\\/\\\/blogdofarnesio.com.br\\\/wp-content\\\/uploads\\\/2026\\\/03\\\/cropped-logo_new-1.png\",\"contentUrl\":\"https:\\\/\\\/blogdofarnesio.com.br\\\/wp-content\\\/uploads\\\/2026\\\/03\\\/cropped-logo_new-1.png\",\"width\":881,\"height\":685,\"caption\":\"Blog do Farn\u00e9sio\"},\"image\":{\"@id\":\"https:\\\/\\\/blogdofarnesio.com.br\\\/#\\\/schema\\\/logo\\\/image\\\/\"},\"sameAs\":[\"https:\\\/\\\/www.facebook.com\\\/BlogQuerSaberPolitica\\\/\"]},{\"@type\":\"Person\",\"@id\":\"https:\\\/\\\/blogdofarnesio.com.br\\\/#\\\/schema\\\/person\\\/301c4acf522bccbfdb45af95b5b906a1\",\"name\":\"Farn\u00e9sio\",\"image\":{\"@type\":\"ImageObject\",\"inLanguage\":\"pt-BR\",\"@id\":\"https:\\\/\\\/secure.gravatar.com\\\/avatar\\\/df0c9a14567c056f8ad6876ba5bbd1e3e2c48023eb6807342fc4663adf549f38?s=96&d=mm&r=g\",\"url\":\"https:\\\/\\\/secure.gravatar.com\\\/avatar\\\/df0c9a14567c056f8ad6876ba5bbd1e3e2c48023eb6807342fc4663adf549f38?s=96&d=mm&r=g\",\"contentUrl\":\"https:\\\/\\\/secure.gravatar.com\\\/avatar\\\/df0c9a14567c056f8ad6876ba5bbd1e3e2c48023eb6807342fc4663adf549f38?s=96&d=mm&r=g\",\"caption\":\"Farn\u00e9sio\"},\"sameAs\":[\"https:\\\/\\\/quersaberpolitica.com.br\"],\"url\":\"https:\\\/\\\/blogdofarnesio.com.br\\\/?author=1\"}]}<\/script>\n<!-- \/ Yoast SEO plugin. -->","yoast_head_json":{"title":"MORRE AOS 65 ANOS, APRESENTADOR MARCELO REZENDE - Blog do Farn\u00e9sio","robots":{"index":"index","follow":"follow","max-snippet":"max-snippet:-1","max-image-preview":"max-image-preview:large","max-video-preview":"max-video-preview:-1"},"canonical":"https:\/\/blogdofarnesio.com.br\/?p=176663","og_locale":"pt_BR","og_type":"article","og_title":"MORRE AOS 65 ANOS, APRESENTADOR MARCELO REZENDE - Blog do Farn\u00e9sio","og_description":"Marcelo Rezende apresentava o Cidade Alerta desde 2012Reprodu\u00e7\u00e3o\/Instagram O jornalista Marcelo Rezende morreu neste s\u00e1bado (16), aos 65 anos, na zona sul de S\u00e3o Paulo. Um dos maiores nomes do jornalismo brasileiro, o apresentador da Record TV lutava contra um c\u00e2ncer no p\u00e2ncreas e no f\u00edgado desde o final de abril. A informa\u00e7\u00e3o foi confirmada pelo Hospital Moriah, onde estava internado desde ter\u00e7a-feira (12). Ainda n\u00e3o foram divulgadas informa\u00e7\u00f5es sobre vel\u00f3rio e enterro. Com a coragem que o acompanhou ao longo da vida, o jornalista anunciou em rede nacional que estava com a doen\u00e7a. Durante uma entrevista ao Domingo Espetacular no in\u00edcio de maio, horas antes de ser internado pela primeira vez, Rezende disse que encararia a doen\u00e7a de frente.&hellip;","og_url":"https:\/\/blogdofarnesio.com.br\/?p=176663","og_site_name":"Blog do Farn\u00e9sio","article_publisher":"https:\/\/www.facebook.com\/BlogQuerSaberPolitica\/","article_published_time":"2017-09-16T22:29:55+00:00","og_image":[{"width":460,"height":305,"url":"https:\/\/blogdofarnesio.com.br\/wp-content\/uploads\/2017\/09\/blogqspmrcelorezende-r7.jpeg","type":"image\/jpeg"}],"author":"Farn\u00e9sio","twitter_card":"summary_large_image","twitter_misc":{"Escrito por":"Farn\u00e9sio","Est. tempo de leitura":"5 minutos"},"schema":{"@context":"https:\/\/schema.org","@graph":[{"@type":"Article","@id":"https:\/\/blogdofarnesio.com.br\/?p=176663#article","isPartOf":{"@id":"https:\/\/blogdofarnesio.com.br\/?p=176663"},"author":{"name":"Farn\u00e9sio","@id":"https:\/\/blogdofarnesio.com.br\/#\/schema\/person\/301c4acf522bccbfdb45af95b5b906a1"},"headline":"MORRE AOS 65 ANOS, APRESENTADOR MARCELO REZENDE","datePublished":"2017-09-16T22:29:55+00:00","mainEntityOfPage":{"@id":"https:\/\/blogdofarnesio.com.br\/?p=176663"},"wordCount":1022,"commentCount":0,"publisher":{"@id":"https:\/\/blogdofarnesio.com.br\/#organization"},"image":{"@id":"https:\/\/blogdofarnesio.com.br\/?p=176663#primaryimage"},"thumbnailUrl":"https:\/\/blogdofarnesio.com.br\/wp-content\/uploads\/2017\/09\/blogqspmrcelorezende-r7.jpeg","articleSection":["Pol\u00edtica"],"inLanguage":"pt-BR","potentialAction":[{"@type":"CommentAction","name":"Comment","target":["https:\/\/blogdofarnesio.com.br\/?p=176663#respond"]}]},{"@type":"WebPage","@id":"https:\/\/blogdofarnesio.com.br\/?p=176663","url":"https:\/\/blogdofarnesio.com.br\/?p=176663","name":"MORRE AOS 65 ANOS, APRESENTADOR MARCELO REZENDE - Blog do Farn\u00e9sio","isPartOf":{"@id":"https:\/\/blogdofarnesio.com.br\/#website"},"primaryImageOfPage":{"@id":"https:\/\/blogdofarnesio.com.br\/?p=176663#primaryimage"},"image":{"@id":"https:\/\/blogdofarnesio.com.br\/?p=176663#primaryimage"},"thumbnailUrl":"https:\/\/blogdofarnesio.com.br\/wp-content\/uploads\/2017\/09\/blogqspmrcelorezende-r7.jpeg","datePublished":"2017-09-16T22:29:55+00:00","breadcrumb":{"@id":"https:\/\/blogdofarnesio.com.br\/?p=176663#breadcrumb"},"inLanguage":"pt-BR","potentialAction":[{"@type":"ReadAction","target":["https:\/\/blogdofarnesio.com.br\/?p=176663"]}]},{"@type":"ImageObject","inLanguage":"pt-BR","@id":"https:\/\/blogdofarnesio.com.br\/?p=176663#primaryimage","url":"https:\/\/blogdofarnesio.com.br\/wp-content\/uploads\/2017\/09\/blogqspmrcelorezende-r7.jpeg","contentUrl":"https:\/\/blogdofarnesio.com.br\/wp-content\/uploads\/2017\/09\/blogqspmrcelorezende-r7.jpeg","width":460,"height":305},{"@type":"BreadcrumbList","@id":"https:\/\/blogdofarnesio.com.br\/?p=176663#breadcrumb","itemListElement":[{"@type":"ListItem","position":1,"name":"In\u00edcio","item":"https:\/\/blogdofarnesio.com.br\/"},{"@type":"ListItem","position":2,"name":"MORRE AOS 65 ANOS, APRESENTADOR MARCELO REZENDE"}]},{"@type":"WebSite","@id":"https:\/\/blogdofarnesio.com.br\/#website","url":"https:\/\/blogdofarnesio.com.br\/","name":"Blog do Farn\u00e9sio","description":"Quer Saber Pol\u00edtica?","publisher":{"@id":"https:\/\/blogdofarnesio.com.br\/#organization"},"potentialAction":[{"@type":"SearchAction","target":{"@type":"EntryPoint","urlTemplate":"https:\/\/blogdofarnesio.com.br\/?s={search_term_string}"},"query-input":{"@type":"PropertyValueSpecification","valueRequired":true,"valueName":"search_term_string"}}],"inLanguage":"pt-BR"},{"@type":"Organization","@id":"https:\/\/blogdofarnesio.com.br\/#organization","name":"Blog do Farn\u00e9sio","url":"https:\/\/blogdofarnesio.com.br\/","logo":{"@type":"ImageObject","inLanguage":"pt-BR","@id":"https:\/\/blogdofarnesio.com.br\/#\/schema\/logo\/image\/","url":"https:\/\/blogdofarnesio.com.br\/wp-content\/uploads\/2026\/03\/cropped-logo_new-1.png","contentUrl":"https:\/\/blogdofarnesio.com.br\/wp-content\/uploads\/2026\/03\/cropped-logo_new-1.png","width":881,"height":685,"caption":"Blog do Farn\u00e9sio"},"image":{"@id":"https:\/\/blogdofarnesio.com.br\/#\/schema\/logo\/image\/"},"sameAs":["https:\/\/www.facebook.com\/BlogQuerSaberPolitica\/"]},{"@type":"Person","@id":"https:\/\/blogdofarnesio.com.br\/#\/schema\/person\/301c4acf522bccbfdb45af95b5b906a1","name":"Farn\u00e9sio","image":{"@type":"ImageObject","inLanguage":"pt-BR","@id":"https:\/\/secure.gravatar.com\/avatar\/df0c9a14567c056f8ad6876ba5bbd1e3e2c48023eb6807342fc4663adf549f38?s=96&d=mm&r=g","url":"https:\/\/secure.gravatar.com\/avatar\/df0c9a14567c056f8ad6876ba5bbd1e3e2c48023eb6807342fc4663adf549f38?s=96&d=mm&r=g","contentUrl":"https:\/\/secure.gravatar.com\/avatar\/df0c9a14567c056f8ad6876ba5bbd1e3e2c48023eb6807342fc4663adf549f38?s=96&d=mm&r=g","caption":"Farn\u00e9sio"},"sameAs":["https:\/\/quersaberpolitica.com.br"],"url":"https:\/\/blogdofarnesio.com.br\/?author=1"}]}},"_links":{"self":[{"href":"https:\/\/blogdofarnesio.com.br\/index.php?rest_route=\/wp\/v2\/posts\/176663","targetHints":{"allow":["GET"]}}],"collection":[{"href":"https:\/\/blogdofarnesio.com.br\/index.php?rest_route=\/wp\/v2\/posts"}],"about":[{"href":"https:\/\/blogdofarnesio.com.br\/index.php?rest_route=\/wp\/v2\/types\/post"}],"author":[{"embeddable":true,"href":"https:\/\/blogdofarnesio.com.br\/index.php?rest_route=\/wp\/v2\/users\/1"}],"replies":[{"embeddable":true,"href":"https:\/\/blogdofarnesio.com.br\/index.php?rest_route=%2Fwp%2Fv2%2Fcomments&post=176663"}],"version-history":[{"count":0,"href":"https:\/\/blogdofarnesio.com.br\/index.php?rest_route=\/wp\/v2\/posts\/176663\/revisions"}],"wp:featuredmedia":[{"embeddable":true,"href":"https:\/\/blogdofarnesio.com.br\/index.php?rest_route=\/wp\/v2\/media\/176664"}],"wp:attachment":[{"href":"https:\/\/blogdofarnesio.com.br\/index.php?rest_route=%2Fwp%2Fv2%2Fmedia&parent=176663"}],"wp:term":[{"taxonomy":"category","embeddable":true,"href":"https:\/\/blogdofarnesio.com.br\/index.php?rest_route=%2Fwp%2Fv2%2Fcategories&post=176663"},{"taxonomy":"post_tag","embeddable":true,"href":"https:\/\/blogdofarnesio.com.br\/index.php?rest_route=%2Fwp%2Fv2%2Ftags&post=176663"}],"curies":[{"name":"wp","href":"https:\/\/api.w.org\/{rel}","templated":true}]}}