{"id":176526,"date":"2017-09-15T08:34:01","date_gmt":"2017-09-15T11:34:01","guid":{"rendered":"http:\/\/quersaberpolitica.com.br\/2016\/?p=176526"},"modified":"2017-09-15T10:22:00","modified_gmt":"2017-09-15T13:22:00","slug":"lady-gaga-cancela-show-de-hoje-na-abertura-do-rock-in-rio-estou-devastada","status":"publish","type":"post","link":"https:\/\/blogdofarnesio.com.br\/?p=176526","title":{"rendered":"LADY GAGA CANCELA SHOW  DE HOJE, NA ABERTURA DO ROCK IN RIO: &#8216;ESTOU DEVASTADA&#8217;"},"content":{"rendered":"<div class=\"featured-box featured-box-cultura\"><\/div>\n<div class=\"sidebar-columns single-page clearfix style-cultura\">\n<section>\n<div class=\"entry\">\n<div><\/div>\n<p><strong>247 &#8211;\u00a0<\/strong>A cantora norte-americana Lady Gaga cancelou sua participa\u00e7\u00e3o no Rock in Rio. A informa\u00e7\u00e3o foi confirmada nesta quinta-feira (14). A banda Maroon 5 foi anunciada para substituir Gaga. Com isso, o grupo far\u00e1 dois shows seguidos, na sexta e no s\u00e1bado (16). O cancelamento aconteceu por conta de uma doen\u00e7a chamada fibromialgia, uma s\u00edndrome cl\u00ednica que se manifesta com dor no corpo todo, principalmente na musculatura.\u00a0Ao saberem da not\u00edcia, f\u00e3s da cantora ficaram desesperados.<\/p>\n<p>&#8220;Brasil, estou devastada porque n\u00e3o estou bem o suficiente para ir ao Rock in Rio. Eu faria qualquer coisa por voc\u00eas, mas eu tenho que cuidar do meu corpo agora. Pe\u00e7o pela bondade e compreens\u00e3o de voc\u00eas, e prometo que vou voltar e cantar para voc\u00eas em breve. Me desculpem e eu amo muito voc\u00eas&#8221;, escreveu Gaga.<\/p>\n<p>Boatos sobre o cancelamento do show de Gaga no Rock in Rio surgiram nas \u00faltimas semanas. A cantora vinha se queixando muito das dores e tinha declarado que pretendia tirar f\u00e9rias ap\u00f3s encerrar a turn\u00ea do seu \u00faltimo \u00e1lbum, &#8220;Joanne&#8221;, que terminar\u00e1 em meados de dezembro. Gaga completou 30 anos recentemente e a rotina de turn\u00eas \u00e9 uma das causas das dores, segundo a cantora.<\/p>\n<p><strong>Veja a \u00edntegra da nota do Rock in Rio:<\/strong><br \/>\n&#8220;Devido a fortes dores, Lady Gaga est\u00e1 impossibilitada de fazer apresenta\u00e7\u00f5es. Por isso, o Rock in Rio lamenta informar o cancelamento de seu show nesta sexta-feira, dia 15. A cantora, que est\u00e1 sendo submetida a um tratamento por profissionais m\u00e9dicos especializados, enviou atrav\u00e9s do festival seu carinho para todos os f\u00e3s e agradecimento pelo apoio e compreens\u00e3o.<\/p>\n<p>Para garantir a festa na Cidade do Rock, a organiza\u00e7\u00e3o do evento comunica que a banda Maroon 5 substituir\u00e1 a apresenta\u00e7\u00e3o da Lady Gaga e se apresentar\u00e1 nesta sexta-feira, realizando assim dois shows, o primeiro no dia 15 e o segundo no dia 16. Dessa forma, o line-up do Palco Mundo neste dia 15 ser\u00e1 composto por Ivete Sangalo, Pet Shop Boys, 5 Seconds of Summer e Maroon 5.<\/p>\n<p>Apesar de n\u00e3o ser obrigat\u00f3rio, por respeito aos f\u00e3s da Lady Gaga, o Rock in Rio ir\u00e1 reembolsar quem desistir de vir ao evento neste dia. Para aqueles que compraram ingresso para dia 15 de Setembro e optarem pelo reembolso do valor, o Rock in Rio ir\u00e1 disponibilizar, na sua p\u00e1gina oficial, na pr\u00f3xima segunda-feira dia 18, toda a informa\u00e7\u00e3o com o procedimento a ser adotado. S\u00f3 ser\u00e3o reembolsados os ingressos que n\u00e3o forem usados, os f\u00e3s que entrarem na Cidade do Rock no dia 15 n\u00e3o ter\u00e3o direito ao reembolso. \u00c9 imprescind\u00edvel, para reaver o valor do ingresso, manter a pulseira em seu poder e que ela n\u00e3o tenha sido utilizada para entrar no festival. N\u00e3o haver\u00e1 devolu\u00e7\u00e3o em dinheiro na bilheteria do evento em nenhum momento.&#8221;<\/p>\n<\/div>\n<\/section>\n<\/div>\n","protected":false},"excerpt":{"rendered":"<p>247 &#8211;\u00a0A cantora norte-americana Lady Gaga cancelou sua participa\u00e7\u00e3o no Rock in Rio. A informa\u00e7\u00e3o foi confirmada nesta quinta-feira (14). A banda Maroon 5 foi anunciada para substituir Gaga. Com isso, o grupo far\u00e1 dois shows seguidos, na sexta e no s\u00e1bado (16). O cancelamento aconteceu por conta de uma doen\u00e7a chamada fibromialgia, uma s\u00edndrome cl\u00ednica que se manifesta com dor no corpo todo, principalmente na musculatura.\u00a0Ao saberem da not\u00edcia, f\u00e3s da cantora ficaram desesperados. &#8220;Brasil, estou devastada porque n\u00e3o estou bem o suficiente para ir ao Rock in Rio. Eu faria qualquer coisa por voc\u00eas, mas eu tenho que cuidar do meu corpo agora. Pe\u00e7o pela bondade e compreens\u00e3o de voc\u00eas, e prometo que vou voltar e cantar para&hellip; <\/p>\n","protected":false},"author":1,"featured_media":0,"comment_status":"open","ping_status":"open","sticky":false,"template":"","format":"standard","meta":{"_acf_changed":false,"footnotes":""},"categories":[3],"tags":[],"class_list":["post-176526","post","type-post","status-publish","format-standard","hentry","category-entretenimento"],"acf":[],"yoast_head":"<!-- This site is optimized with the Yoast SEO plugin v27.4 - https:\/\/yoast.com\/product\/yoast-seo-wordpress\/ -->\n<title>LADY GAGA CANCELA SHOW DE HOJE, NA ABERTURA DO ROCK IN RIO: &#039;ESTOU DEVASTADA&#039; - Blog do Farn\u00e9sio<\/title>\n<meta name=\"robots\" content=\"index, follow, max-snippet:-1, max-image-preview:large, max-video-preview:-1\" \/>\n<link rel=\"canonical\" href=\"https:\/\/blogdofarnesio.com.br\/?p=176526\" \/>\n<meta property=\"og:locale\" content=\"pt_BR\" \/>\n<meta property=\"og:type\" content=\"article\" \/>\n<meta property=\"og:title\" content=\"LADY GAGA CANCELA SHOW DE HOJE, NA ABERTURA DO ROCK IN RIO: &#039;ESTOU DEVASTADA&#039; - Blog do Farn\u00e9sio\" \/>\n<meta property=\"og:description\" content=\"247 &#8211;\u00a0A cantora norte-americana Lady Gaga cancelou sua participa\u00e7\u00e3o no Rock in Rio. A informa\u00e7\u00e3o foi confirmada nesta quinta-feira (14). A banda Maroon 5 foi anunciada para substituir Gaga. Com isso, o grupo far\u00e1 dois shows seguidos, na sexta e no s\u00e1bado (16). O cancelamento aconteceu por conta de uma doen\u00e7a chamada fibromialgia, uma s\u00edndrome cl\u00ednica que se manifesta com dor no corpo todo, principalmente na musculatura.\u00a0Ao saberem da not\u00edcia, f\u00e3s da cantora ficaram desesperados. &#8220;Brasil, estou devastada porque n\u00e3o estou bem o suficiente para ir ao Rock in Rio. Eu faria qualquer coisa por voc\u00eas, mas eu tenho que cuidar do meu corpo agora. Pe\u00e7o pela bondade e compreens\u00e3o de voc\u00eas, e prometo que vou voltar e cantar para&hellip;\" \/>\n<meta property=\"og:url\" content=\"https:\/\/blogdofarnesio.com.br\/?p=176526\" \/>\n<meta property=\"og:site_name\" content=\"Blog do Farn\u00e9sio\" \/>\n<meta property=\"article:publisher\" content=\"https:\/\/www.facebook.com\/BlogQuerSaberPolitica\/\" \/>\n<meta property=\"article:published_time\" content=\"2017-09-15T11:34:01+00:00\" \/>\n<meta property=\"article:modified_time\" content=\"2017-09-15T13:22:00+00:00\" \/>\n<meta name=\"author\" content=\"Farn\u00e9sio\" \/>\n<meta name=\"twitter:card\" content=\"summary_large_image\" \/>\n<meta name=\"twitter:label1\" content=\"Escrito por\" \/>\n\t<meta name=\"twitter:data1\" content=\"Farn\u00e9sio\" \/>\n\t<meta name=\"twitter:label2\" content=\"Est. tempo de leitura\" \/>\n\t<meta name=\"twitter:data2\" content=\"2 minutos\" \/>\n<script type=\"application\/ld+json\" class=\"yoast-schema-graph\">{\"@context\":\"https:\\\/\\\/schema.org\",\"@graph\":[{\"@type\":\"Article\",\"@id\":\"https:\\\/\\\/blogdofarnesio.com.br\\\/?p=176526#article\",\"isPartOf\":{\"@id\":\"https:\\\/\\\/blogdofarnesio.com.br\\\/?p=176526\"},\"author\":{\"name\":\"Farn\u00e9sio\",\"@id\":\"https:\\\/\\\/blogdofarnesio.com.br\\\/#\\\/schema\\\/person\\\/301c4acf522bccbfdb45af95b5b906a1\"},\"headline\":\"LADY GAGA CANCELA SHOW DE HOJE, NA ABERTURA DO ROCK IN RIO: &#8216;ESTOU DEVASTADA&#8217;\",\"datePublished\":\"2017-09-15T11:34:01+00:00\",\"dateModified\":\"2017-09-15T13:22:00+00:00\",\"mainEntityOfPage\":{\"@id\":\"https:\\\/\\\/blogdofarnesio.com.br\\\/?p=176526\"},\"wordCount\":499,\"commentCount\":0,\"publisher\":{\"@id\":\"https:\\\/\\\/blogdofarnesio.com.br\\\/#organization\"},\"articleSection\":[\"Entretenimento\"],\"inLanguage\":\"pt-BR\",\"potentialAction\":[{\"@type\":\"CommentAction\",\"name\":\"Comment\",\"target\":[\"https:\\\/\\\/blogdofarnesio.com.br\\\/?p=176526#respond\"]}]},{\"@type\":\"WebPage\",\"@id\":\"https:\\\/\\\/blogdofarnesio.com.br\\\/?p=176526\",\"url\":\"https:\\\/\\\/blogdofarnesio.com.br\\\/?p=176526\",\"name\":\"LADY GAGA CANCELA SHOW DE HOJE, NA ABERTURA DO ROCK IN RIO: 'ESTOU DEVASTADA' - Blog do Farn\u00e9sio\",\"isPartOf\":{\"@id\":\"https:\\\/\\\/blogdofarnesio.com.br\\\/#website\"},\"datePublished\":\"2017-09-15T11:34:01+00:00\",\"dateModified\":\"2017-09-15T13:22:00+00:00\",\"breadcrumb\":{\"@id\":\"https:\\\/\\\/blogdofarnesio.com.br\\\/?p=176526#breadcrumb\"},\"inLanguage\":\"pt-BR\",\"potentialAction\":[{\"@type\":\"ReadAction\",\"target\":[\"https:\\\/\\\/blogdofarnesio.com.br\\\/?p=176526\"]}]},{\"@type\":\"BreadcrumbList\",\"@id\":\"https:\\\/\\\/blogdofarnesio.com.br\\\/?p=176526#breadcrumb\",\"itemListElement\":[{\"@type\":\"ListItem\",\"position\":1,\"name\":\"In\u00edcio\",\"item\":\"https:\\\/\\\/blogdofarnesio.com.br\\\/\"},{\"@type\":\"ListItem\",\"position\":2,\"name\":\"LADY GAGA CANCELA SHOW DE HOJE, NA ABERTURA DO ROCK IN RIO: &#8216;ESTOU DEVASTADA&#8217;\"}]},{\"@type\":\"WebSite\",\"@id\":\"https:\\\/\\\/blogdofarnesio.com.br\\\/#website\",\"url\":\"https:\\\/\\\/blogdofarnesio.com.br\\\/\",\"name\":\"Blog do Farn\u00e9sio\",\"description\":\"Quer Saber Pol\u00edtica?\",\"publisher\":{\"@id\":\"https:\\\/\\\/blogdofarnesio.com.br\\\/#organization\"},\"potentialAction\":[{\"@type\":\"SearchAction\",\"target\":{\"@type\":\"EntryPoint\",\"urlTemplate\":\"https:\\\/\\\/blogdofarnesio.com.br\\\/?s={search_term_string}\"},\"query-input\":{\"@type\":\"PropertyValueSpecification\",\"valueRequired\":true,\"valueName\":\"search_term_string\"}}],\"inLanguage\":\"pt-BR\"},{\"@type\":\"Organization\",\"@id\":\"https:\\\/\\\/blogdofarnesio.com.br\\\/#organization\",\"name\":\"Blog do Farn\u00e9sio\",\"url\":\"https:\\\/\\\/blogdofarnesio.com.br\\\/\",\"logo\":{\"@type\":\"ImageObject\",\"inLanguage\":\"pt-BR\",\"@id\":\"https:\\\/\\\/blogdofarnesio.com.br\\\/#\\\/schema\\\/logo\\\/image\\\/\",\"url\":\"https:\\\/\\\/blogdofarnesio.com.br\\\/wp-content\\\/uploads\\\/2026\\\/03\\\/cropped-logo_new-1.png\",\"contentUrl\":\"https:\\\/\\\/blogdofarnesio.com.br\\\/wp-content\\\/uploads\\\/2026\\\/03\\\/cropped-logo_new-1.png\",\"width\":881,\"height\":685,\"caption\":\"Blog do Farn\u00e9sio\"},\"image\":{\"@id\":\"https:\\\/\\\/blogdofarnesio.com.br\\\/#\\\/schema\\\/logo\\\/image\\\/\"},\"sameAs\":[\"https:\\\/\\\/www.facebook.com\\\/BlogQuerSaberPolitica\\\/\"]},{\"@type\":\"Person\",\"@id\":\"https:\\\/\\\/blogdofarnesio.com.br\\\/#\\\/schema\\\/person\\\/301c4acf522bccbfdb45af95b5b906a1\",\"name\":\"Farn\u00e9sio\",\"image\":{\"@type\":\"ImageObject\",\"inLanguage\":\"pt-BR\",\"@id\":\"https:\\\/\\\/secure.gravatar.com\\\/avatar\\\/df0c9a14567c056f8ad6876ba5bbd1e3e2c48023eb6807342fc4663adf549f38?s=96&d=mm&r=g\",\"url\":\"https:\\\/\\\/secure.gravatar.com\\\/avatar\\\/df0c9a14567c056f8ad6876ba5bbd1e3e2c48023eb6807342fc4663adf549f38?s=96&d=mm&r=g\",\"contentUrl\":\"https:\\\/\\\/secure.gravatar.com\\\/avatar\\\/df0c9a14567c056f8ad6876ba5bbd1e3e2c48023eb6807342fc4663adf549f38?s=96&d=mm&r=g\",\"caption\":\"Farn\u00e9sio\"},\"sameAs\":[\"https:\\\/\\\/quersaberpolitica.com.br\"],\"url\":\"https:\\\/\\\/blogdofarnesio.com.br\\\/?author=1\"}]}<\/script>\n<!-- \/ Yoast SEO plugin. -->","yoast_head_json":{"title":"LADY GAGA CANCELA SHOW DE HOJE, NA ABERTURA DO ROCK IN RIO: 'ESTOU DEVASTADA' - Blog do Farn\u00e9sio","robots":{"index":"index","follow":"follow","max-snippet":"max-snippet:-1","max-image-preview":"max-image-preview:large","max-video-preview":"max-video-preview:-1"},"canonical":"https:\/\/blogdofarnesio.com.br\/?p=176526","og_locale":"pt_BR","og_type":"article","og_title":"LADY GAGA CANCELA SHOW DE HOJE, NA ABERTURA DO ROCK IN RIO: 'ESTOU DEVASTADA' - Blog do Farn\u00e9sio","og_description":"247 &#8211;\u00a0A cantora norte-americana Lady Gaga cancelou sua participa\u00e7\u00e3o no Rock in Rio. A informa\u00e7\u00e3o foi confirmada nesta quinta-feira (14). A banda Maroon 5 foi anunciada para substituir Gaga. Com isso, o grupo far\u00e1 dois shows seguidos, na sexta e no s\u00e1bado (16). O cancelamento aconteceu por conta de uma doen\u00e7a chamada fibromialgia, uma s\u00edndrome cl\u00ednica que se manifesta com dor no corpo todo, principalmente na musculatura.\u00a0Ao saberem da not\u00edcia, f\u00e3s da cantora ficaram desesperados. &#8220;Brasil, estou devastada porque n\u00e3o estou bem o suficiente para ir ao Rock in Rio. Eu faria qualquer coisa por voc\u00eas, mas eu tenho que cuidar do meu corpo agora. Pe\u00e7o pela bondade e compreens\u00e3o de voc\u00eas, e prometo que vou voltar e cantar para&hellip;","og_url":"https:\/\/blogdofarnesio.com.br\/?p=176526","og_site_name":"Blog do Farn\u00e9sio","article_publisher":"https:\/\/www.facebook.com\/BlogQuerSaberPolitica\/","article_published_time":"2017-09-15T11:34:01+00:00","article_modified_time":"2017-09-15T13:22:00+00:00","author":"Farn\u00e9sio","twitter_card":"summary_large_image","twitter_misc":{"Escrito por":"Farn\u00e9sio","Est. tempo de leitura":"2 minutos"},"schema":{"@context":"https:\/\/schema.org","@graph":[{"@type":"Article","@id":"https:\/\/blogdofarnesio.com.br\/?p=176526#article","isPartOf":{"@id":"https:\/\/blogdofarnesio.com.br\/?p=176526"},"author":{"name":"Farn\u00e9sio","@id":"https:\/\/blogdofarnesio.com.br\/#\/schema\/person\/301c4acf522bccbfdb45af95b5b906a1"},"headline":"LADY GAGA CANCELA SHOW DE HOJE, NA ABERTURA DO ROCK IN RIO: &#8216;ESTOU DEVASTADA&#8217;","datePublished":"2017-09-15T11:34:01+00:00","dateModified":"2017-09-15T13:22:00+00:00","mainEntityOfPage":{"@id":"https:\/\/blogdofarnesio.com.br\/?p=176526"},"wordCount":499,"commentCount":0,"publisher":{"@id":"https:\/\/blogdofarnesio.com.br\/#organization"},"articleSection":["Entretenimento"],"inLanguage":"pt-BR","potentialAction":[{"@type":"CommentAction","name":"Comment","target":["https:\/\/blogdofarnesio.com.br\/?p=176526#respond"]}]},{"@type":"WebPage","@id":"https:\/\/blogdofarnesio.com.br\/?p=176526","url":"https:\/\/blogdofarnesio.com.br\/?p=176526","name":"LADY GAGA CANCELA SHOW DE HOJE, NA ABERTURA DO ROCK IN RIO: 'ESTOU DEVASTADA' - Blog do Farn\u00e9sio","isPartOf":{"@id":"https:\/\/blogdofarnesio.com.br\/#website"},"datePublished":"2017-09-15T11:34:01+00:00","dateModified":"2017-09-15T13:22:00+00:00","breadcrumb":{"@id":"https:\/\/blogdofarnesio.com.br\/?p=176526#breadcrumb"},"inLanguage":"pt-BR","potentialAction":[{"@type":"ReadAction","target":["https:\/\/blogdofarnesio.com.br\/?p=176526"]}]},{"@type":"BreadcrumbList","@id":"https:\/\/blogdofarnesio.com.br\/?p=176526#breadcrumb","itemListElement":[{"@type":"ListItem","position":1,"name":"In\u00edcio","item":"https:\/\/blogdofarnesio.com.br\/"},{"@type":"ListItem","position":2,"name":"LADY GAGA CANCELA SHOW DE HOJE, NA ABERTURA DO ROCK IN RIO: &#8216;ESTOU DEVASTADA&#8217;"}]},{"@type":"WebSite","@id":"https:\/\/blogdofarnesio.com.br\/#website","url":"https:\/\/blogdofarnesio.com.br\/","name":"Blog do Farn\u00e9sio","description":"Quer Saber Pol\u00edtica?","publisher":{"@id":"https:\/\/blogdofarnesio.com.br\/#organization"},"potentialAction":[{"@type":"SearchAction","target":{"@type":"EntryPoint","urlTemplate":"https:\/\/blogdofarnesio.com.br\/?s={search_term_string}"},"query-input":{"@type":"PropertyValueSpecification","valueRequired":true,"valueName":"search_term_string"}}],"inLanguage":"pt-BR"},{"@type":"Organization","@id":"https:\/\/blogdofarnesio.com.br\/#organization","name":"Blog do Farn\u00e9sio","url":"https:\/\/blogdofarnesio.com.br\/","logo":{"@type":"ImageObject","inLanguage":"pt-BR","@id":"https:\/\/blogdofarnesio.com.br\/#\/schema\/logo\/image\/","url":"https:\/\/blogdofarnesio.com.br\/wp-content\/uploads\/2026\/03\/cropped-logo_new-1.png","contentUrl":"https:\/\/blogdofarnesio.com.br\/wp-content\/uploads\/2026\/03\/cropped-logo_new-1.png","width":881,"height":685,"caption":"Blog do Farn\u00e9sio"},"image":{"@id":"https:\/\/blogdofarnesio.com.br\/#\/schema\/logo\/image\/"},"sameAs":["https:\/\/www.facebook.com\/BlogQuerSaberPolitica\/"]},{"@type":"Person","@id":"https:\/\/blogdofarnesio.com.br\/#\/schema\/person\/301c4acf522bccbfdb45af95b5b906a1","name":"Farn\u00e9sio","image":{"@type":"ImageObject","inLanguage":"pt-BR","@id":"https:\/\/secure.gravatar.com\/avatar\/df0c9a14567c056f8ad6876ba5bbd1e3e2c48023eb6807342fc4663adf549f38?s=96&d=mm&r=g","url":"https:\/\/secure.gravatar.com\/avatar\/df0c9a14567c056f8ad6876ba5bbd1e3e2c48023eb6807342fc4663adf549f38?s=96&d=mm&r=g","contentUrl":"https:\/\/secure.gravatar.com\/avatar\/df0c9a14567c056f8ad6876ba5bbd1e3e2c48023eb6807342fc4663adf549f38?s=96&d=mm&r=g","caption":"Farn\u00e9sio"},"sameAs":["https:\/\/quersaberpolitica.com.br"],"url":"https:\/\/blogdofarnesio.com.br\/?author=1"}]}},"_links":{"self":[{"href":"https:\/\/blogdofarnesio.com.br\/index.php?rest_route=\/wp\/v2\/posts\/176526","targetHints":{"allow":["GET"]}}],"collection":[{"href":"https:\/\/blogdofarnesio.com.br\/index.php?rest_route=\/wp\/v2\/posts"}],"about":[{"href":"https:\/\/blogdofarnesio.com.br\/index.php?rest_route=\/wp\/v2\/types\/post"}],"author":[{"embeddable":true,"href":"https:\/\/blogdofarnesio.com.br\/index.php?rest_route=\/wp\/v2\/users\/1"}],"replies":[{"embeddable":true,"href":"https:\/\/blogdofarnesio.com.br\/index.php?rest_route=%2Fwp%2Fv2%2Fcomments&post=176526"}],"version-history":[{"count":0,"href":"https:\/\/blogdofarnesio.com.br\/index.php?rest_route=\/wp\/v2\/posts\/176526\/revisions"}],"wp:attachment":[{"href":"https:\/\/blogdofarnesio.com.br\/index.php?rest_route=%2Fwp%2Fv2%2Fmedia&parent=176526"}],"wp:term":[{"taxonomy":"category","embeddable":true,"href":"https:\/\/blogdofarnesio.com.br\/index.php?rest_route=%2Fwp%2Fv2%2Fcategories&post=176526"},{"taxonomy":"post_tag","embeddable":true,"href":"https:\/\/blogdofarnesio.com.br\/index.php?rest_route=%2Fwp%2Fv2%2Ftags&post=176526"}],"curies":[{"name":"wp","href":"https:\/\/api.w.org\/{rel}","templated":true}]}}