{"id":176417,"date":"2017-09-14T07:43:19","date_gmt":"2017-09-14T10:43:19","guid":{"rendered":"http:\/\/quersaberpolitica.com.br\/2016\/?p=176417"},"modified":"2017-09-13T18:36:27","modified_gmt":"2017-09-13T21:36:27","slug":"idosos-de-petrolina-devem-atualizar-amanha-cadastro-para-assegurar-beneficio-de-prestacao-continuada","status":"publish","type":"post","link":"https:\/\/blogdofarnesio.com.br\/?p=176417","title":{"rendered":"IDOSOS DE  PETROLINA DEVEM ATUALIZAR AMANH\u00c3, CADASTRO PARA ASSEGURAR BENEF\u00cdCIO DE PRESTA\u00c7\u00c3O CONTINUADA"},"content":{"rendered":"<p style=\"text-align: justify;\"><span style=\"color: #000000;\">Os idosos de Petrolina que j\u00e1 recebem ou pretendem solicitar o Benef\u00edcio de Presta\u00e7\u00e3o Continuada (BPC) ter\u00e3o uma boa oportunidade para se inscrever ou atualizar seus dados junto ao Cadastro \u00danico (Cad\u00fanico). \u00c9 que para ter acesso ao BPC as pessoas com idade a partir de 65 anos precisam atualizar os dados no Cad\u00fanico e com este objetivo uma a\u00e7\u00e3o ser\u00e1 realizada nesta sexta-feira (15) no Centro de Aten\u00e7\u00e3o \u00e0 Pessoa Idosa.<\/span><\/p>\n<p style=\"text-align: justify;\"><span style=\"color: #000000;\">A a\u00e7\u00e3o realizada pela Secretaria de Desenvolvimento Social e Direitos Humanos e acontecer\u00e1 das 8h \u00e0s 17h quando ser\u00e3o feitos novos cadastros, atualiza\u00e7\u00e3o, al\u00e9m de agendamento para visita domiciliar e orienta\u00e7\u00f5es sobre o benef\u00edcio que \u00e9 a garantia de um sal\u00e1rio m\u00ednimo ao idoso de baixa renda.<\/span><\/p>\n<p style=\"text-align: justify;\"><span style=\"color: #000000;\">A diretora da Casa Bolsa, Gl\u00e1ucia Andrade, lembra a import\u00e2ncia de fazer o cadastro ou atualiza\u00e7\u00e3o com anteced\u00eancia. \u201c<i>\u00c9 recomend\u00e1vel que as fam\u00edlias com esse perfil, procurem a Casa Bolsa e fiquem atentos \u00e0s a\u00e7\u00f5es como esta que acontecer\u00e3o tamb\u00e9m nos bairros, pois a antecipa\u00e7\u00e3o evita filas<\/i>\u201d, disse.<\/span><\/p>\n<p style=\"text-align: justify;\"><span style=\"color: #000000;\">Em Petrolina, mais de 1800 idosos tem at\u00e9 o dia 31 de Dezembro para cadastrar ou atualizar o cadastro \u00fanico. Ap\u00f3s a data, fam\u00edlias que n\u00e3o estiverem cadastradas perder\u00e3o o direito de receber o benef\u00edcio. O Centro de Aten\u00e7\u00e3o a Pessoa Idosa fica localizado na<a href=\"https:\/\/maps.google.com\/?q=Rua+Sizenando+Amorim,+n%C2%BA+30&amp;entry=gmail&amp;source=g\">Rua Sizenando Amorim, n\u00ba 30<\/a>, na Vila Eduardo.\u00a0\u00a0\u00a0Informa\u00e7\u00f5es podem ser obtidas atrav\u00e9s do telefone da Casa Bolsa:\u00a0<a href=\"tel:(87)%203863-6871\" target=\"_blank\" rel=\"noopener\">(87) \u00a03863-6871<\/a>.<\/span><\/p>\n<p style=\"text-align: justify;\"><span style=\"color: #000000;\">Magn\u00f3lia\u00a0Costa<\/span><\/p>\n","protected":false},"excerpt":{"rendered":"<p>Os idosos de Petrolina que j\u00e1 recebem ou pretendem solicitar o Benef\u00edcio de Presta\u00e7\u00e3o Continuada (BPC) ter\u00e3o uma boa oportunidade para se inscrever ou atualizar seus dados junto ao Cadastro \u00danico (Cad\u00fanico). \u00c9 que para ter acesso ao BPC as pessoas com idade a partir de 65 anos precisam atualizar os dados no Cad\u00fanico e com este objetivo uma a\u00e7\u00e3o ser\u00e1 realizada nesta sexta-feira (15) no Centro de Aten\u00e7\u00e3o \u00e0 Pessoa Idosa. A a\u00e7\u00e3o realizada pela Secretaria de Desenvolvimento Social e Direitos Humanos e acontecer\u00e1 das 8h \u00e0s 17h quando ser\u00e3o feitos novos cadastros, atualiza\u00e7\u00e3o, al\u00e9m de agendamento para visita domiciliar e orienta\u00e7\u00f5es sobre o benef\u00edcio que \u00e9 a garantia de um sal\u00e1rio m\u00ednimo ao idoso de baixa renda. A&hellip; <\/p>\n","protected":false},"author":1,"featured_media":0,"comment_status":"open","ping_status":"open","sticky":false,"template":"","format":"standard","meta":{"_acf_changed":false,"footnotes":""},"categories":[22],"tags":[],"class_list":["post-176417","post","type-post","status-publish","format-standard","hentry","category-acao-social"],"acf":[],"yoast_head":"<!-- This site is optimized with the Yoast SEO plugin v27.4 - https:\/\/yoast.com\/product\/yoast-seo-wordpress\/ -->\n<title>IDOSOS DE PETROLINA DEVEM ATUALIZAR AMANH\u00c3, CADASTRO PARA ASSEGURAR BENEF\u00cdCIO DE PRESTA\u00c7\u00c3O CONTINUADA - Blog do Farn\u00e9sio<\/title>\n<meta name=\"robots\" content=\"index, follow, max-snippet:-1, max-image-preview:large, max-video-preview:-1\" \/>\n<link rel=\"canonical\" href=\"https:\/\/blogdofarnesio.com.br\/?p=176417\" \/>\n<meta property=\"og:locale\" content=\"pt_BR\" \/>\n<meta property=\"og:type\" content=\"article\" \/>\n<meta property=\"og:title\" content=\"IDOSOS DE PETROLINA DEVEM ATUALIZAR AMANH\u00c3, CADASTRO PARA ASSEGURAR BENEF\u00cdCIO DE PRESTA\u00c7\u00c3O CONTINUADA - Blog do Farn\u00e9sio\" \/>\n<meta property=\"og:description\" content=\"Os idosos de Petrolina que j\u00e1 recebem ou pretendem solicitar o Benef\u00edcio de Presta\u00e7\u00e3o Continuada (BPC) ter\u00e3o uma boa oportunidade para se inscrever ou atualizar seus dados junto ao Cadastro \u00danico (Cad\u00fanico). \u00c9 que para ter acesso ao BPC as pessoas com idade a partir de 65 anos precisam atualizar os dados no Cad\u00fanico e com este objetivo uma a\u00e7\u00e3o ser\u00e1 realizada nesta sexta-feira (15) no Centro de Aten\u00e7\u00e3o \u00e0 Pessoa Idosa. A a\u00e7\u00e3o realizada pela Secretaria de Desenvolvimento Social e Direitos Humanos e acontecer\u00e1 das 8h \u00e0s 17h quando ser\u00e3o feitos novos cadastros, atualiza\u00e7\u00e3o, al\u00e9m de agendamento para visita domiciliar e orienta\u00e7\u00f5es sobre o benef\u00edcio que \u00e9 a garantia de um sal\u00e1rio m\u00ednimo ao idoso de baixa renda. A&hellip;\" \/>\n<meta property=\"og:url\" content=\"https:\/\/blogdofarnesio.com.br\/?p=176417\" \/>\n<meta property=\"og:site_name\" content=\"Blog do Farn\u00e9sio\" \/>\n<meta property=\"article:publisher\" content=\"https:\/\/www.facebook.com\/BlogQuerSaberPolitica\/\" \/>\n<meta property=\"article:published_time\" content=\"2017-09-14T10:43:19+00:00\" \/>\n<meta name=\"author\" content=\"Farn\u00e9sio\" \/>\n<meta name=\"twitter:card\" content=\"summary_large_image\" \/>\n<meta name=\"twitter:label1\" content=\"Escrito por\" \/>\n\t<meta name=\"twitter:data1\" content=\"Farn\u00e9sio\" \/>\n\t<meta name=\"twitter:label2\" content=\"Est. tempo de leitura\" \/>\n\t<meta name=\"twitter:data2\" content=\"1 minuto\" \/>\n<script type=\"application\/ld+json\" class=\"yoast-schema-graph\">{\"@context\":\"https:\\\/\\\/schema.org\",\"@graph\":[{\"@type\":\"Article\",\"@id\":\"https:\\\/\\\/blogdofarnesio.com.br\\\/?p=176417#article\",\"isPartOf\":{\"@id\":\"https:\\\/\\\/blogdofarnesio.com.br\\\/?p=176417\"},\"author\":{\"name\":\"Farn\u00e9sio\",\"@id\":\"https:\\\/\\\/blogdofarnesio.com.br\\\/#\\\/schema\\\/person\\\/301c4acf522bccbfdb45af95b5b906a1\"},\"headline\":\"IDOSOS DE PETROLINA DEVEM ATUALIZAR AMANH\u00c3, CADASTRO PARA ASSEGURAR BENEF\u00cdCIO DE PRESTA\u00c7\u00c3O CONTINUADA\",\"datePublished\":\"2017-09-14T10:43:19+00:00\",\"mainEntityOfPage\":{\"@id\":\"https:\\\/\\\/blogdofarnesio.com.br\\\/?p=176417\"},\"wordCount\":272,\"commentCount\":0,\"publisher\":{\"@id\":\"https:\\\/\\\/blogdofarnesio.com.br\\\/#organization\"},\"articleSection\":[\"A\u00e7\u00e3o Social\"],\"inLanguage\":\"pt-BR\",\"potentialAction\":[{\"@type\":\"CommentAction\",\"name\":\"Comment\",\"target\":[\"https:\\\/\\\/blogdofarnesio.com.br\\\/?p=176417#respond\"]}]},{\"@type\":\"WebPage\",\"@id\":\"https:\\\/\\\/blogdofarnesio.com.br\\\/?p=176417\",\"url\":\"https:\\\/\\\/blogdofarnesio.com.br\\\/?p=176417\",\"name\":\"IDOSOS DE PETROLINA DEVEM ATUALIZAR AMANH\u00c3, CADASTRO PARA ASSEGURAR BENEF\u00cdCIO DE PRESTA\u00c7\u00c3O CONTINUADA - Blog do Farn\u00e9sio\",\"isPartOf\":{\"@id\":\"https:\\\/\\\/blogdofarnesio.com.br\\\/#website\"},\"datePublished\":\"2017-09-14T10:43:19+00:00\",\"breadcrumb\":{\"@id\":\"https:\\\/\\\/blogdofarnesio.com.br\\\/?p=176417#breadcrumb\"},\"inLanguage\":\"pt-BR\",\"potentialAction\":[{\"@type\":\"ReadAction\",\"target\":[\"https:\\\/\\\/blogdofarnesio.com.br\\\/?p=176417\"]}]},{\"@type\":\"BreadcrumbList\",\"@id\":\"https:\\\/\\\/blogdofarnesio.com.br\\\/?p=176417#breadcrumb\",\"itemListElement\":[{\"@type\":\"ListItem\",\"position\":1,\"name\":\"In\u00edcio\",\"item\":\"https:\\\/\\\/blogdofarnesio.com.br\\\/\"},{\"@type\":\"ListItem\",\"position\":2,\"name\":\"IDOSOS DE PETROLINA DEVEM ATUALIZAR AMANH\u00c3, CADASTRO PARA ASSEGURAR BENEF\u00cdCIO DE PRESTA\u00c7\u00c3O CONTINUADA\"}]},{\"@type\":\"WebSite\",\"@id\":\"https:\\\/\\\/blogdofarnesio.com.br\\\/#website\",\"url\":\"https:\\\/\\\/blogdofarnesio.com.br\\\/\",\"name\":\"Blog do Farn\u00e9sio\",\"description\":\"Quer Saber Pol\u00edtica?\",\"publisher\":{\"@id\":\"https:\\\/\\\/blogdofarnesio.com.br\\\/#organization\"},\"potentialAction\":[{\"@type\":\"SearchAction\",\"target\":{\"@type\":\"EntryPoint\",\"urlTemplate\":\"https:\\\/\\\/blogdofarnesio.com.br\\\/?s={search_term_string}\"},\"query-input\":{\"@type\":\"PropertyValueSpecification\",\"valueRequired\":true,\"valueName\":\"search_term_string\"}}],\"inLanguage\":\"pt-BR\"},{\"@type\":\"Organization\",\"@id\":\"https:\\\/\\\/blogdofarnesio.com.br\\\/#organization\",\"name\":\"Blog do Farn\u00e9sio\",\"url\":\"https:\\\/\\\/blogdofarnesio.com.br\\\/\",\"logo\":{\"@type\":\"ImageObject\",\"inLanguage\":\"pt-BR\",\"@id\":\"https:\\\/\\\/blogdofarnesio.com.br\\\/#\\\/schema\\\/logo\\\/image\\\/\",\"url\":\"https:\\\/\\\/blogdofarnesio.com.br\\\/wp-content\\\/uploads\\\/2026\\\/03\\\/cropped-logo_new-1.png\",\"contentUrl\":\"https:\\\/\\\/blogdofarnesio.com.br\\\/wp-content\\\/uploads\\\/2026\\\/03\\\/cropped-logo_new-1.png\",\"width\":881,\"height\":685,\"caption\":\"Blog do Farn\u00e9sio\"},\"image\":{\"@id\":\"https:\\\/\\\/blogdofarnesio.com.br\\\/#\\\/schema\\\/logo\\\/image\\\/\"},\"sameAs\":[\"https:\\\/\\\/www.facebook.com\\\/BlogQuerSaberPolitica\\\/\"]},{\"@type\":\"Person\",\"@id\":\"https:\\\/\\\/blogdofarnesio.com.br\\\/#\\\/schema\\\/person\\\/301c4acf522bccbfdb45af95b5b906a1\",\"name\":\"Farn\u00e9sio\",\"image\":{\"@type\":\"ImageObject\",\"inLanguage\":\"pt-BR\",\"@id\":\"https:\\\/\\\/secure.gravatar.com\\\/avatar\\\/df0c9a14567c056f8ad6876ba5bbd1e3e2c48023eb6807342fc4663adf549f38?s=96&d=mm&r=g\",\"url\":\"https:\\\/\\\/secure.gravatar.com\\\/avatar\\\/df0c9a14567c056f8ad6876ba5bbd1e3e2c48023eb6807342fc4663adf549f38?s=96&d=mm&r=g\",\"contentUrl\":\"https:\\\/\\\/secure.gravatar.com\\\/avatar\\\/df0c9a14567c056f8ad6876ba5bbd1e3e2c48023eb6807342fc4663adf549f38?s=96&d=mm&r=g\",\"caption\":\"Farn\u00e9sio\"},\"sameAs\":[\"https:\\\/\\\/quersaberpolitica.com.br\"],\"url\":\"https:\\\/\\\/blogdofarnesio.com.br\\\/?author=1\"}]}<\/script>\n<!-- \/ Yoast SEO plugin. -->","yoast_head_json":{"title":"IDOSOS DE PETROLINA DEVEM ATUALIZAR AMANH\u00c3, CADASTRO PARA ASSEGURAR BENEF\u00cdCIO DE PRESTA\u00c7\u00c3O CONTINUADA - Blog do Farn\u00e9sio","robots":{"index":"index","follow":"follow","max-snippet":"max-snippet:-1","max-image-preview":"max-image-preview:large","max-video-preview":"max-video-preview:-1"},"canonical":"https:\/\/blogdofarnesio.com.br\/?p=176417","og_locale":"pt_BR","og_type":"article","og_title":"IDOSOS DE PETROLINA DEVEM ATUALIZAR AMANH\u00c3, CADASTRO PARA ASSEGURAR BENEF\u00cdCIO DE PRESTA\u00c7\u00c3O CONTINUADA - Blog do Farn\u00e9sio","og_description":"Os idosos de Petrolina que j\u00e1 recebem ou pretendem solicitar o Benef\u00edcio de Presta\u00e7\u00e3o Continuada (BPC) ter\u00e3o uma boa oportunidade para se inscrever ou atualizar seus dados junto ao Cadastro \u00danico (Cad\u00fanico). \u00c9 que para ter acesso ao BPC as pessoas com idade a partir de 65 anos precisam atualizar os dados no Cad\u00fanico e com este objetivo uma a\u00e7\u00e3o ser\u00e1 realizada nesta sexta-feira (15) no Centro de Aten\u00e7\u00e3o \u00e0 Pessoa Idosa. A a\u00e7\u00e3o realizada pela Secretaria de Desenvolvimento Social e Direitos Humanos e acontecer\u00e1 das 8h \u00e0s 17h quando ser\u00e3o feitos novos cadastros, atualiza\u00e7\u00e3o, al\u00e9m de agendamento para visita domiciliar e orienta\u00e7\u00f5es sobre o benef\u00edcio que \u00e9 a garantia de um sal\u00e1rio m\u00ednimo ao idoso de baixa renda. A&hellip;","og_url":"https:\/\/blogdofarnesio.com.br\/?p=176417","og_site_name":"Blog do Farn\u00e9sio","article_publisher":"https:\/\/www.facebook.com\/BlogQuerSaberPolitica\/","article_published_time":"2017-09-14T10:43:19+00:00","author":"Farn\u00e9sio","twitter_card":"summary_large_image","twitter_misc":{"Escrito por":"Farn\u00e9sio","Est. tempo de leitura":"1 minuto"},"schema":{"@context":"https:\/\/schema.org","@graph":[{"@type":"Article","@id":"https:\/\/blogdofarnesio.com.br\/?p=176417#article","isPartOf":{"@id":"https:\/\/blogdofarnesio.com.br\/?p=176417"},"author":{"name":"Farn\u00e9sio","@id":"https:\/\/blogdofarnesio.com.br\/#\/schema\/person\/301c4acf522bccbfdb45af95b5b906a1"},"headline":"IDOSOS DE PETROLINA DEVEM ATUALIZAR AMANH\u00c3, CADASTRO PARA ASSEGURAR BENEF\u00cdCIO DE PRESTA\u00c7\u00c3O CONTINUADA","datePublished":"2017-09-14T10:43:19+00:00","mainEntityOfPage":{"@id":"https:\/\/blogdofarnesio.com.br\/?p=176417"},"wordCount":272,"commentCount":0,"publisher":{"@id":"https:\/\/blogdofarnesio.com.br\/#organization"},"articleSection":["A\u00e7\u00e3o Social"],"inLanguage":"pt-BR","potentialAction":[{"@type":"CommentAction","name":"Comment","target":["https:\/\/blogdofarnesio.com.br\/?p=176417#respond"]}]},{"@type":"WebPage","@id":"https:\/\/blogdofarnesio.com.br\/?p=176417","url":"https:\/\/blogdofarnesio.com.br\/?p=176417","name":"IDOSOS DE PETROLINA DEVEM ATUALIZAR AMANH\u00c3, CADASTRO PARA ASSEGURAR BENEF\u00cdCIO DE PRESTA\u00c7\u00c3O CONTINUADA - Blog do Farn\u00e9sio","isPartOf":{"@id":"https:\/\/blogdofarnesio.com.br\/#website"},"datePublished":"2017-09-14T10:43:19+00:00","breadcrumb":{"@id":"https:\/\/blogdofarnesio.com.br\/?p=176417#breadcrumb"},"inLanguage":"pt-BR","potentialAction":[{"@type":"ReadAction","target":["https:\/\/blogdofarnesio.com.br\/?p=176417"]}]},{"@type":"BreadcrumbList","@id":"https:\/\/blogdofarnesio.com.br\/?p=176417#breadcrumb","itemListElement":[{"@type":"ListItem","position":1,"name":"In\u00edcio","item":"https:\/\/blogdofarnesio.com.br\/"},{"@type":"ListItem","position":2,"name":"IDOSOS DE PETROLINA DEVEM ATUALIZAR AMANH\u00c3, CADASTRO PARA ASSEGURAR BENEF\u00cdCIO DE PRESTA\u00c7\u00c3O CONTINUADA"}]},{"@type":"WebSite","@id":"https:\/\/blogdofarnesio.com.br\/#website","url":"https:\/\/blogdofarnesio.com.br\/","name":"Blog do Farn\u00e9sio","description":"Quer Saber Pol\u00edtica?","publisher":{"@id":"https:\/\/blogdofarnesio.com.br\/#organization"},"potentialAction":[{"@type":"SearchAction","target":{"@type":"EntryPoint","urlTemplate":"https:\/\/blogdofarnesio.com.br\/?s={search_term_string}"},"query-input":{"@type":"PropertyValueSpecification","valueRequired":true,"valueName":"search_term_string"}}],"inLanguage":"pt-BR"},{"@type":"Organization","@id":"https:\/\/blogdofarnesio.com.br\/#organization","name":"Blog do Farn\u00e9sio","url":"https:\/\/blogdofarnesio.com.br\/","logo":{"@type":"ImageObject","inLanguage":"pt-BR","@id":"https:\/\/blogdofarnesio.com.br\/#\/schema\/logo\/image\/","url":"https:\/\/blogdofarnesio.com.br\/wp-content\/uploads\/2026\/03\/cropped-logo_new-1.png","contentUrl":"https:\/\/blogdofarnesio.com.br\/wp-content\/uploads\/2026\/03\/cropped-logo_new-1.png","width":881,"height":685,"caption":"Blog do Farn\u00e9sio"},"image":{"@id":"https:\/\/blogdofarnesio.com.br\/#\/schema\/logo\/image\/"},"sameAs":["https:\/\/www.facebook.com\/BlogQuerSaberPolitica\/"]},{"@type":"Person","@id":"https:\/\/blogdofarnesio.com.br\/#\/schema\/person\/301c4acf522bccbfdb45af95b5b906a1","name":"Farn\u00e9sio","image":{"@type":"ImageObject","inLanguage":"pt-BR","@id":"https:\/\/secure.gravatar.com\/avatar\/df0c9a14567c056f8ad6876ba5bbd1e3e2c48023eb6807342fc4663adf549f38?s=96&d=mm&r=g","url":"https:\/\/secure.gravatar.com\/avatar\/df0c9a14567c056f8ad6876ba5bbd1e3e2c48023eb6807342fc4663adf549f38?s=96&d=mm&r=g","contentUrl":"https:\/\/secure.gravatar.com\/avatar\/df0c9a14567c056f8ad6876ba5bbd1e3e2c48023eb6807342fc4663adf549f38?s=96&d=mm&r=g","caption":"Farn\u00e9sio"},"sameAs":["https:\/\/quersaberpolitica.com.br"],"url":"https:\/\/blogdofarnesio.com.br\/?author=1"}]}},"_links":{"self":[{"href":"https:\/\/blogdofarnesio.com.br\/index.php?rest_route=\/wp\/v2\/posts\/176417","targetHints":{"allow":["GET"]}}],"collection":[{"href":"https:\/\/blogdofarnesio.com.br\/index.php?rest_route=\/wp\/v2\/posts"}],"about":[{"href":"https:\/\/blogdofarnesio.com.br\/index.php?rest_route=\/wp\/v2\/types\/post"}],"author":[{"embeddable":true,"href":"https:\/\/blogdofarnesio.com.br\/index.php?rest_route=\/wp\/v2\/users\/1"}],"replies":[{"embeddable":true,"href":"https:\/\/blogdofarnesio.com.br\/index.php?rest_route=%2Fwp%2Fv2%2Fcomments&post=176417"}],"version-history":[{"count":0,"href":"https:\/\/blogdofarnesio.com.br\/index.php?rest_route=\/wp\/v2\/posts\/176417\/revisions"}],"wp:attachment":[{"href":"https:\/\/blogdofarnesio.com.br\/index.php?rest_route=%2Fwp%2Fv2%2Fmedia&parent=176417"}],"wp:term":[{"taxonomy":"category","embeddable":true,"href":"https:\/\/blogdofarnesio.com.br\/index.php?rest_route=%2Fwp%2Fv2%2Fcategories&post=176417"},{"taxonomy":"post_tag","embeddable":true,"href":"https:\/\/blogdofarnesio.com.br\/index.php?rest_route=%2Fwp%2Fv2%2Ftags&post=176417"}],"curies":[{"name":"wp","href":"https:\/\/api.w.org\/{rel}","templated":true}]}}