{"id":17640,"date":"2012-09-25T09:24:19","date_gmt":"2012-09-25T09:24:19","guid":{"rendered":"http:\/\/www.quersaberpolitica.com.br?p=17640"},"modified":"-0001-11-30T00:00:00","modified_gmt":"-0001-11-30T03:00:00","slug":"projeto-de-professor-da-univasf-esta-entre-os-semifinalistas-do-premio-ana-2012","status":"publish","type":"post","link":"https:\/\/blogdofarnesio.com.br\/?p=17640","title":{"rendered":"Projeto de professor da Univasf est\u00e1 entre os semifinalistas do Pr\u00eamio ANA 2012"},"content":{"rendered":"<p><p style=\"text-align: justify;\"><span style=\"font-family: arial, helvetica, sans-serif; font-size: medium;\"><a rel=\"lightbox\" href=\"http:\/\/www.quersaberpolitica.com.br\/2016\/wp-content\/uploads\/2012\/12\/blogqsp.univasfana.jpg\"><img loading=\"lazy\" decoding=\"async\" style=\"float: right; margin: 5px 10px;\" src=\"http:\/\/www.quersaberpolitica.com.br\/2016\/wp-content\/uploads\/2012\/12\/blogqsp.univasfana.jpg\" alt=\"\" width=\"200\" height=\"119\" \/><\/a>O Projeto &#8220;Os lugares como digno de prote&ccedil;&atilde;o: a quest&atilde;o da preserva&ccedil;&atilde;o do patrim&ocirc;nio cultural de Juazeiro da Bahia&#8221; visa &agrave; preserva&ccedil;&atilde;o do patrim&ocirc;nio cultural da cidade.<\/span><\/p>\n<p style=\"text-align: justify;\"><span style=\"font-family: arial, helvetica, sans-serif; font-size: medium;\">A Universidade Federal do Vale do S&atilde;o Francisco (Univasf) recebeu no dia 14 de setembro, a visita do assessor e membro da comiss&atilde;o organizadora da Ag&ecirc;ncia Nacional das &Aacute;guas (ANA), Jorge Thierry Calasans que veio &agrave; regi&atilde;o para conhecer o projeto &#8220;Os lugares como digno de prote&ccedil;&atilde;o: a quest&atilde;o da preserva&ccedil;&atilde;o do patrim&ocirc;nio cultural de Juazeiro da Bahia&#8221; do professor do Colegiado de Engenharia Civil, S&eacute;rgio Marcelino da Motta classificado como semifinalista do pr&ecirc;mio ANA 2012. O estudo visa a preserva&ccedil;&atilde;o do patrim&ocirc;nio cultural da cidade. A pesquisa &eacute; fruto da disserta&ccedil;&atilde;o de mestrado defendida pelo professor, no ano passado, pelo programa de P&oacute;s-Gradua&ccedil;&atilde;o de Arquitetura e Urbanismo da Universidade Federal da Bahia (UFBA).<\/span><\/p>\n<p style=\"text-align: justify;\"><span style=\"font-size: medium;\"><span style=\"font-family: arial, helvetica, sans-serif;\">O projeto est&aacute; concorrendo ao pr&ecirc;mio institu&iacute;do pela ANA, na categoria &Aacute;gua e Patrim&ocirc;nio Cultural que visa incentivar os proponentes a se credenciarem para demandar a&ccedil;&otilde;es de preserva&ccedil;&atilde;o junto aos &oacute;rg&atilde;os oficiais de prote&ccedil;&atilde;o e preserva&ccedil;&atilde;o do patrim&ocirc;nio cultural. &#8220;Nesse ano a gente decidiu criar um pr&ecirc;mio especial para a quest&atilde;o da &aacute;gua e patrim&ocirc;nio cultural, a proposta &eacute; que al&eacute;m do trof&eacute;u, a ANA e o Instituto do Patrim&ocirc;nio Hist&oacute;rico e Art&iacute;stico Nacional (Iphan) amparem o projeto vencedor para que ele possa ser analisado e desenvolvido estudos com mais profundidade&#8221;, declarou o assessor.<\/span><\/span><\/p>\n<p style=\"text-align: justify;\"><span style=\"font-size: medium;\"><span style=\"font-family: arial, helvetica, sans-serif;\">A visita faz parte de uma programa&ccedil;&atilde;o da segunda etapa de sele&ccedil;&atilde;o, durante todo o m&ecirc;s de setembro os demais semifinalistas ser&atilde;o vistoriados. Com o resultado desta fase, ser&atilde;o premiados os tr&ecirc;s melhores projetos em uma solenidade que ocorrer&aacute; no dia 5 de dezembro, no teatro da caixa Cultural em Bras&iacute;lia. Antes da visita o representante da ANA participou de reuni&atilde;o no Gabinete da Reitoria. Na ocasi&atilde;o, o reitor debateu sobre possibilidades de futuras parcerias entre a Univasf e a ANA.<\/span><\/span><\/p>\n<p style=\"text-align: justify;\"><span style=\"font-size: medium;\"><span style=\"font-family: arial, helvetica, sans-serif;\">O professor S&eacute;rgio Motta destacou a aten&ccedil;&atilde;o da ANA, ao estabelecer esta liga&ccedil;&atilde;o entre os recursos h&iacute;dricos com o patrim&ocirc;nio cultural. &#8220;Todo esse patrim&ocirc;nio seja ele material ou imaterial de Juazeiro &eacute; fundamentalmente ligado ao rio S&atilde;o Francisco, ali&aacute;s, Juazeiro e toda essa regi&atilde;o s&oacute; existem por causa do rio&#8221;.<\/span><\/span><\/p>\n<div><span style=\"font-size: medium;\"><span style=\"font-family: arial, helvetica, sans-serif;\"><br \/><\/span><\/span><\/div><\/p>\n","protected":false},"excerpt":{"rendered":"<p>O Projeto &#8220;Os lugares como digno de prote&ccedil;&atilde;o: a quest&atilde;o da preserva&ccedil;&atilde;o do patrim&ocirc;nio cultural de Juazeiro da Bahia&#8221; visa &agrave; preserva&ccedil;&atilde;o do patrim&ocirc;nio cultural da cidade. A Universidade Federal do Vale do S&atilde;o Francisco (Univasf) recebeu no dia 14 de setembro, a visita do assessor e membro da comiss&atilde;o organizadora da Ag&ecirc;ncia Nacional das &Aacute;guas (ANA), Jorge Thierry Calasans que veio &agrave; regi&atilde;o para conhecer o projeto &#8220;Os lugares como digno de prote&ccedil;&atilde;o: a quest&atilde;o da preserva&ccedil;&atilde;o do patrim&ocirc;nio cultural de Juazeiro da Bahia&#8221; do professor do Colegiado de Engenharia Civil, S&eacute;rgio Marcelino da Motta classificado como semifinalista do pr&ecirc;mio ANA 2012. O estudo visa a preserva&ccedil;&atilde;o do patrim&ocirc;nio cultural da cidade. A pesquisa &eacute; fruto da disserta&ccedil;&atilde;o de&hellip; <\/p>\n","protected":false},"author":0,"featured_media":0,"comment_status":"open","ping_status":"open","sticky":false,"template":"","format":"standard","meta":{"_acf_changed":false,"footnotes":""},"categories":[43],"tags":[],"class_list":["post-17640","post","type-post","status-publish","format-standard","hentry","category-sem-categoria"],"acf":[],"yoast_head":"<!-- This site is optimized with the Yoast SEO plugin v27.4 - https:\/\/yoast.com\/product\/yoast-seo-wordpress\/ -->\n<title>Projeto de professor da Univasf est\u00e1 entre os semifinalistas do Pr\u00eamio ANA 2012  - Blog do Farn\u00e9sio<\/title>\n<meta name=\"robots\" content=\"index, follow, max-snippet:-1, max-image-preview:large, max-video-preview:-1\" \/>\n<link rel=\"canonical\" href=\"https:\/\/blogdofarnesio.com.br\/?p=17640\" \/>\n<meta property=\"og:locale\" content=\"pt_BR\" \/>\n<meta property=\"og:type\" content=\"article\" \/>\n<meta property=\"og:title\" content=\"Projeto de professor da Univasf est\u00e1 entre os semifinalistas do Pr\u00eamio ANA 2012  - Blog do Farn\u00e9sio\" \/>\n<meta property=\"og:description\" content=\"O Projeto &#8220;Os lugares como digno de prote&ccedil;&atilde;o: a quest&atilde;o da preserva&ccedil;&atilde;o do patrim&ocirc;nio cultural de Juazeiro da Bahia&#8221; visa &agrave; preserva&ccedil;&atilde;o do patrim&ocirc;nio cultural da cidade. A Universidade Federal do Vale do S&atilde;o Francisco (Univasf) recebeu no dia 14 de setembro, a visita do assessor e membro da comiss&atilde;o organizadora da Ag&ecirc;ncia Nacional das &Aacute;guas (ANA), Jorge Thierry Calasans que veio &agrave; regi&atilde;o para conhecer o projeto &#8220;Os lugares como digno de prote&ccedil;&atilde;o: a quest&atilde;o da preserva&ccedil;&atilde;o do patrim&ocirc;nio cultural de Juazeiro da Bahia&#8221; do professor do Colegiado de Engenharia Civil, S&eacute;rgio Marcelino da Motta classificado como semifinalista do pr&ecirc;mio ANA 2012. O estudo visa a preserva&ccedil;&atilde;o do patrim&ocirc;nio cultural da cidade. A pesquisa &eacute; fruto da disserta&ccedil;&atilde;o de&hellip;\" \/>\n<meta property=\"og:url\" content=\"https:\/\/blogdofarnesio.com.br\/?p=17640\" \/>\n<meta property=\"og:site_name\" content=\"Blog do Farn\u00e9sio\" \/>\n<meta property=\"article:publisher\" content=\"https:\/\/www.facebook.com\/BlogQuerSaberPolitica\/\" \/>\n<meta property=\"article:published_time\" content=\"2012-09-25T09:24:19+00:00\" \/>\n<meta property=\"og:image\" content=\"http:\/\/www.quersaberpolitica.com.br\/2016\/wp-content\/uploads\/2012\/12\/blogqsp.univasfana.jpg\" \/>\n<meta name=\"twitter:card\" content=\"summary_large_image\" \/>\n<meta name=\"twitter:label1\" content=\"Est. tempo de leitura\" \/>\n\t<meta name=\"twitter:data1\" content=\"2 minutos\" \/>\n<script type=\"application\/ld+json\" class=\"yoast-schema-graph\">{\"@context\":\"https:\\\/\\\/schema.org\",\"@graph\":[{\"@type\":\"Article\",\"@id\":\"https:\\\/\\\/blogdofarnesio.com.br\\\/?p=17640#article\",\"isPartOf\":{\"@id\":\"https:\\\/\\\/blogdofarnesio.com.br\\\/?p=17640\"},\"author\":{\"name\":\"\",\"@id\":\"\"},\"headline\":\"Projeto de professor da Univasf est\u00e1 entre os semifinalistas do Pr\u00eamio ANA 2012\",\"datePublished\":\"2012-09-25T09:24:19+00:00\",\"mainEntityOfPage\":{\"@id\":\"https:\\\/\\\/blogdofarnesio.com.br\\\/?p=17640\"},\"wordCount\":511,\"commentCount\":0,\"publisher\":{\"@id\":\"https:\\\/\\\/blogdofarnesio.com.br\\\/#organization\"},\"image\":{\"@id\":\"https:\\\/\\\/blogdofarnesio.com.br\\\/?p=17640#primaryimage\"},\"thumbnailUrl\":\"http:\\\/\\\/www.quersaberpolitica.com.br\\\/2016\\\/wp-content\\\/uploads\\\/2012\\\/12\\\/blogqsp.univasfana.jpg\",\"inLanguage\":\"pt-BR\",\"potentialAction\":[{\"@type\":\"CommentAction\",\"name\":\"Comment\",\"target\":[\"https:\\\/\\\/blogdofarnesio.com.br\\\/?p=17640#respond\"]}]},{\"@type\":\"WebPage\",\"@id\":\"https:\\\/\\\/blogdofarnesio.com.br\\\/?p=17640\",\"url\":\"https:\\\/\\\/blogdofarnesio.com.br\\\/?p=17640\",\"name\":\"Projeto de professor da Univasf est\u00e1 entre os semifinalistas do Pr\u00eamio ANA 2012 - Blog do Farn\u00e9sio\",\"isPartOf\":{\"@id\":\"https:\\\/\\\/blogdofarnesio.com.br\\\/#website\"},\"primaryImageOfPage\":{\"@id\":\"https:\\\/\\\/blogdofarnesio.com.br\\\/?p=17640#primaryimage\"},\"image\":{\"@id\":\"https:\\\/\\\/blogdofarnesio.com.br\\\/?p=17640#primaryimage\"},\"thumbnailUrl\":\"http:\\\/\\\/www.quersaberpolitica.com.br\\\/2016\\\/wp-content\\\/uploads\\\/2012\\\/12\\\/blogqsp.univasfana.jpg\",\"datePublished\":\"2012-09-25T09:24:19+00:00\",\"breadcrumb\":{\"@id\":\"https:\\\/\\\/blogdofarnesio.com.br\\\/?p=17640#breadcrumb\"},\"inLanguage\":\"pt-BR\",\"potentialAction\":[{\"@type\":\"ReadAction\",\"target\":[\"https:\\\/\\\/blogdofarnesio.com.br\\\/?p=17640\"]}]},{\"@type\":\"ImageObject\",\"inLanguage\":\"pt-BR\",\"@id\":\"https:\\\/\\\/blogdofarnesio.com.br\\\/?p=17640#primaryimage\",\"url\":\"http:\\\/\\\/www.quersaberpolitica.com.br\\\/2016\\\/wp-content\\\/uploads\\\/2012\\\/12\\\/blogqsp.univasfana.jpg\",\"contentUrl\":\"http:\\\/\\\/www.quersaberpolitica.com.br\\\/2016\\\/wp-content\\\/uploads\\\/2012\\\/12\\\/blogqsp.univasfana.jpg\"},{\"@type\":\"BreadcrumbList\",\"@id\":\"https:\\\/\\\/blogdofarnesio.com.br\\\/?p=17640#breadcrumb\",\"itemListElement\":[{\"@type\":\"ListItem\",\"position\":1,\"name\":\"In\u00edcio\",\"item\":\"https:\\\/\\\/blogdofarnesio.com.br\\\/\"},{\"@type\":\"ListItem\",\"position\":2,\"name\":\"Projeto de professor da Univasf est\u00e1 entre os semifinalistas do Pr\u00eamio ANA 2012\"}]},{\"@type\":\"WebSite\",\"@id\":\"https:\\\/\\\/blogdofarnesio.com.br\\\/#website\",\"url\":\"https:\\\/\\\/blogdofarnesio.com.br\\\/\",\"name\":\"Blog do Farn\u00e9sio\",\"description\":\"Quer Saber Pol\u00edtica?\",\"publisher\":{\"@id\":\"https:\\\/\\\/blogdofarnesio.com.br\\\/#organization\"},\"potentialAction\":[{\"@type\":\"SearchAction\",\"target\":{\"@type\":\"EntryPoint\",\"urlTemplate\":\"https:\\\/\\\/blogdofarnesio.com.br\\\/?s={search_term_string}\"},\"query-input\":{\"@type\":\"PropertyValueSpecification\",\"valueRequired\":true,\"valueName\":\"search_term_string\"}}],\"inLanguage\":\"pt-BR\"},{\"@type\":\"Organization\",\"@id\":\"https:\\\/\\\/blogdofarnesio.com.br\\\/#organization\",\"name\":\"Blog do Farn\u00e9sio\",\"url\":\"https:\\\/\\\/blogdofarnesio.com.br\\\/\",\"logo\":{\"@type\":\"ImageObject\",\"inLanguage\":\"pt-BR\",\"@id\":\"https:\\\/\\\/blogdofarnesio.com.br\\\/#\\\/schema\\\/logo\\\/image\\\/\",\"url\":\"https:\\\/\\\/blogdofarnesio.com.br\\\/wp-content\\\/uploads\\\/2026\\\/03\\\/cropped-logo_new-1.png\",\"contentUrl\":\"https:\\\/\\\/blogdofarnesio.com.br\\\/wp-content\\\/uploads\\\/2026\\\/03\\\/cropped-logo_new-1.png\",\"width\":881,\"height\":685,\"caption\":\"Blog do Farn\u00e9sio\"},\"image\":{\"@id\":\"https:\\\/\\\/blogdofarnesio.com.br\\\/#\\\/schema\\\/logo\\\/image\\\/\"},\"sameAs\":[\"https:\\\/\\\/www.facebook.com\\\/BlogQuerSaberPolitica\\\/\"]}]}<\/script>\n<!-- \/ Yoast SEO plugin. -->","yoast_head_json":{"title":"Projeto de professor da Univasf est\u00e1 entre os semifinalistas do Pr\u00eamio ANA 2012  - Blog do Farn\u00e9sio","robots":{"index":"index","follow":"follow","max-snippet":"max-snippet:-1","max-image-preview":"max-image-preview:large","max-video-preview":"max-video-preview:-1"},"canonical":"https:\/\/blogdofarnesio.com.br\/?p=17640","og_locale":"pt_BR","og_type":"article","og_title":"Projeto de professor da Univasf est\u00e1 entre os semifinalistas do Pr\u00eamio ANA 2012  - Blog do Farn\u00e9sio","og_description":"O Projeto &#8220;Os lugares como digno de prote&ccedil;&atilde;o: a quest&atilde;o da preserva&ccedil;&atilde;o do patrim&ocirc;nio cultural de Juazeiro da Bahia&#8221; visa &agrave; preserva&ccedil;&atilde;o do patrim&ocirc;nio cultural da cidade. A Universidade Federal do Vale do S&atilde;o Francisco (Univasf) recebeu no dia 14 de setembro, a visita do assessor e membro da comiss&atilde;o organizadora da Ag&ecirc;ncia Nacional das &Aacute;guas (ANA), Jorge Thierry Calasans que veio &agrave; regi&atilde;o para conhecer o projeto &#8220;Os lugares como digno de prote&ccedil;&atilde;o: a quest&atilde;o da preserva&ccedil;&atilde;o do patrim&ocirc;nio cultural de Juazeiro da Bahia&#8221; do professor do Colegiado de Engenharia Civil, S&eacute;rgio Marcelino da Motta classificado como semifinalista do pr&ecirc;mio ANA 2012. O estudo visa a preserva&ccedil;&atilde;o do patrim&ocirc;nio cultural da cidade. A pesquisa &eacute; fruto da disserta&ccedil;&atilde;o de&hellip;","og_url":"https:\/\/blogdofarnesio.com.br\/?p=17640","og_site_name":"Blog do Farn\u00e9sio","article_publisher":"https:\/\/www.facebook.com\/BlogQuerSaberPolitica\/","article_published_time":"2012-09-25T09:24:19+00:00","og_image":[{"url":"http:\/\/www.quersaberpolitica.com.br\/2016\/wp-content\/uploads\/2012\/12\/blogqsp.univasfana.jpg","type":"","width":"","height":""}],"twitter_card":"summary_large_image","twitter_misc":{"Est. tempo de leitura":"2 minutos"},"schema":{"@context":"https:\/\/schema.org","@graph":[{"@type":"Article","@id":"https:\/\/blogdofarnesio.com.br\/?p=17640#article","isPartOf":{"@id":"https:\/\/blogdofarnesio.com.br\/?p=17640"},"author":{"name":"","@id":""},"headline":"Projeto de professor da Univasf est\u00e1 entre os semifinalistas do Pr\u00eamio ANA 2012","datePublished":"2012-09-25T09:24:19+00:00","mainEntityOfPage":{"@id":"https:\/\/blogdofarnesio.com.br\/?p=17640"},"wordCount":511,"commentCount":0,"publisher":{"@id":"https:\/\/blogdofarnesio.com.br\/#organization"},"image":{"@id":"https:\/\/blogdofarnesio.com.br\/?p=17640#primaryimage"},"thumbnailUrl":"http:\/\/www.quersaberpolitica.com.br\/2016\/wp-content\/uploads\/2012\/12\/blogqsp.univasfana.jpg","inLanguage":"pt-BR","potentialAction":[{"@type":"CommentAction","name":"Comment","target":["https:\/\/blogdofarnesio.com.br\/?p=17640#respond"]}]},{"@type":"WebPage","@id":"https:\/\/blogdofarnesio.com.br\/?p=17640","url":"https:\/\/blogdofarnesio.com.br\/?p=17640","name":"Projeto de professor da Univasf est\u00e1 entre os semifinalistas do Pr\u00eamio ANA 2012 - Blog do Farn\u00e9sio","isPartOf":{"@id":"https:\/\/blogdofarnesio.com.br\/#website"},"primaryImageOfPage":{"@id":"https:\/\/blogdofarnesio.com.br\/?p=17640#primaryimage"},"image":{"@id":"https:\/\/blogdofarnesio.com.br\/?p=17640#primaryimage"},"thumbnailUrl":"http:\/\/www.quersaberpolitica.com.br\/2016\/wp-content\/uploads\/2012\/12\/blogqsp.univasfana.jpg","datePublished":"2012-09-25T09:24:19+00:00","breadcrumb":{"@id":"https:\/\/blogdofarnesio.com.br\/?p=17640#breadcrumb"},"inLanguage":"pt-BR","potentialAction":[{"@type":"ReadAction","target":["https:\/\/blogdofarnesio.com.br\/?p=17640"]}]},{"@type":"ImageObject","inLanguage":"pt-BR","@id":"https:\/\/blogdofarnesio.com.br\/?p=17640#primaryimage","url":"http:\/\/www.quersaberpolitica.com.br\/2016\/wp-content\/uploads\/2012\/12\/blogqsp.univasfana.jpg","contentUrl":"http:\/\/www.quersaberpolitica.com.br\/2016\/wp-content\/uploads\/2012\/12\/blogqsp.univasfana.jpg"},{"@type":"BreadcrumbList","@id":"https:\/\/blogdofarnesio.com.br\/?p=17640#breadcrumb","itemListElement":[{"@type":"ListItem","position":1,"name":"In\u00edcio","item":"https:\/\/blogdofarnesio.com.br\/"},{"@type":"ListItem","position":2,"name":"Projeto de professor da Univasf est\u00e1 entre os semifinalistas do Pr\u00eamio ANA 2012"}]},{"@type":"WebSite","@id":"https:\/\/blogdofarnesio.com.br\/#website","url":"https:\/\/blogdofarnesio.com.br\/","name":"Blog do Farn\u00e9sio","description":"Quer Saber Pol\u00edtica?","publisher":{"@id":"https:\/\/blogdofarnesio.com.br\/#organization"},"potentialAction":[{"@type":"SearchAction","target":{"@type":"EntryPoint","urlTemplate":"https:\/\/blogdofarnesio.com.br\/?s={search_term_string}"},"query-input":{"@type":"PropertyValueSpecification","valueRequired":true,"valueName":"search_term_string"}}],"inLanguage":"pt-BR"},{"@type":"Organization","@id":"https:\/\/blogdofarnesio.com.br\/#organization","name":"Blog do Farn\u00e9sio","url":"https:\/\/blogdofarnesio.com.br\/","logo":{"@type":"ImageObject","inLanguage":"pt-BR","@id":"https:\/\/blogdofarnesio.com.br\/#\/schema\/logo\/image\/","url":"https:\/\/blogdofarnesio.com.br\/wp-content\/uploads\/2026\/03\/cropped-logo_new-1.png","contentUrl":"https:\/\/blogdofarnesio.com.br\/wp-content\/uploads\/2026\/03\/cropped-logo_new-1.png","width":881,"height":685,"caption":"Blog do Farn\u00e9sio"},"image":{"@id":"https:\/\/blogdofarnesio.com.br\/#\/schema\/logo\/image\/"},"sameAs":["https:\/\/www.facebook.com\/BlogQuerSaberPolitica\/"]}]}},"_links":{"self":[{"href":"https:\/\/blogdofarnesio.com.br\/index.php?rest_route=\/wp\/v2\/posts\/17640","targetHints":{"allow":["GET"]}}],"collection":[{"href":"https:\/\/blogdofarnesio.com.br\/index.php?rest_route=\/wp\/v2\/posts"}],"about":[{"href":"https:\/\/blogdofarnesio.com.br\/index.php?rest_route=\/wp\/v2\/types\/post"}],"replies":[{"embeddable":true,"href":"https:\/\/blogdofarnesio.com.br\/index.php?rest_route=%2Fwp%2Fv2%2Fcomments&post=17640"}],"version-history":[{"count":0,"href":"https:\/\/blogdofarnesio.com.br\/index.php?rest_route=\/wp\/v2\/posts\/17640\/revisions"}],"wp:attachment":[{"href":"https:\/\/blogdofarnesio.com.br\/index.php?rest_route=%2Fwp%2Fv2%2Fmedia&parent=17640"}],"wp:term":[{"taxonomy":"category","embeddable":true,"href":"https:\/\/blogdofarnesio.com.br\/index.php?rest_route=%2Fwp%2Fv2%2Fcategories&post=17640"},{"taxonomy":"post_tag","embeddable":true,"href":"https:\/\/blogdofarnesio.com.br\/index.php?rest_route=%2Fwp%2Fv2%2Ftags&post=17640"}],"curies":[{"name":"wp","href":"https:\/\/api.w.org\/{rel}","templated":true}]}}