{"id":176351,"date":"2017-09-13T19:00:56","date_gmt":"2017-09-13T22:00:56","guid":{"rendered":"http:\/\/quersaberpolitica.com.br\/2016\/?p=176351"},"modified":"2017-09-13T15:02:59","modified_gmt":"2017-09-13T18:02:59","slug":"camara-de-juazeiro-mantem-ritmo-de-analise-e-votacao-de-novos-projetos","status":"publish","type":"post","link":"https:\/\/blogdofarnesio.com.br\/?p=176351","title":{"rendered":"C\u00c2MARA DE JUAZEIRO MANT\u00c9M RITMO DE AN\u00c1LISE E VOTA\u00c7\u00c3O DE NOVOS PROJETOS"},"content":{"rendered":"<p class=\"m_-5446864769737773691ydp629fd4c1yiv7906017913ydpe9450a68yiv9244908218ydp9c69eb55MsoNormal\" style=\"text-align: justify;\">Mantendo o ritmo determinado pelo Presidente Alex Tanuri, a C\u00e2mara de Vereadores de Juazeiro, discutiu e aprovou cinco Projetos de Lei e um Projeto de Resolu\u00e7\u00e3o durante a Sess\u00e3o Ordin\u00e1ria de ontem (12.09). Presidida pelo vereador Alex Tanuri (PSL), as proposi\u00e7\u00f5es, da 48\u00aa sess\u00e3o do ano, foram aprovadas por unanimidade entres os parlamentares presentes.<\/p>\n<p class=\"m_-5446864769737773691ydp629fd4c1yiv7906017913ydpe9450a68yiv9244908218ydp9c69eb55MsoNormal\" style=\"text-align: justify;\">Em defesa dos trabalhadores da agricultura familiar e visando a valoriza\u00e7\u00e3o das feiras no interior do munic\u00edpio, foi aprovado, de autoria de Agnaldo Meira (PCdoB), o Projeto de Lei N\u00ba 3.342\/2017, que institui, no calend\u00e1rio oficial de eventos de Juazeiro, a Feira de Agricultura Familiar e de Caprinos e Ovinos do Vale do Vale do Salitre, que ser\u00e1 realizada anualmente, no m\u00eas de setembro.<\/p>\n<p class=\"m_-5446864769737773691ydp629fd4c1yiv7906017913ydpe9450a68yiv9244908218ydp9c69eb55MsoNormal\" style=\"text-align: justify;\">Tamb\u00e9m de autoria de Agnaldo Meira, foi aprovado o Projeto de Lei n\u00ba 3340\/2017, que denomina logradouros p\u00fablicos situados no loteamento Dona Jaci, no bairro Piranga, atendendo a uma solicita\u00e7\u00e3o da popula\u00e7\u00e3o da localidade.<\/p>\n<p class=\"m_-5446864769737773691ydp629fd4c1yiv7906017913ydpe9450a68yiv9244908218ydp9c69eb55MsoNormal\" style=\"text-align: justify;\">Atendendo solicita\u00e7\u00e3o do vereador, Allan Jones (PTC), o presidente, Alex Tanuri, colocou em vota\u00e7\u00e3o o Projeto de Lei N\u00ba 3.341\/2017, que institui em Juazeiro a Semana Municipal das Pessoas Portadoras dos Transtornos de Espectro Autista. E o Projeto de Lei N\u00ba 3.343\/2017, que institui a Semana Municipal de Valoriza\u00e7\u00e3o \u00e0 Vida e Conscientiza\u00e7\u00e3o e Autodestrui\u00e7\u00e3o, conhecida como Setembro Amarelo, a ser comemorada na segunda semana de setembro de cada ano corrente.<\/p>\n<p class=\"m_-5446864769737773691ydp629fd4c1yiv7906017913ydpe9450a68yiv9244908218ydp9c69eb55MsoNormal\" style=\"text-align: justify;\">De autoria do vereador, Charles Leal, foram aprovados: o Projeto de Lei N\u00ba 3.336\/2017, que declara de Utilidade P\u00fablica Municipal a Associa\u00e7\u00e3o de Moradores do Povoado de Campos e o Projeto de Resolu\u00e7\u00e3o N\u00ba 021\/2017, que concede o T\u00edtulo de Cidad\u00e3o Juazeirense ao Governador da Bahia, Rui Costa, pelos relevantes servi\u00e7os prestados ao munic\u00edpio de Juazeiro.<\/p>\n<div class=\"yj6qo ajU\">\n<div id=\":zx\" class=\"ajR\" style=\"text-align: justify;\" tabindex=\"0\" role=\"button\" data-tooltip=\"Mostrar conte\u00fado cortado\" aria-label=\"Mostrar conte\u00fado cortado\"><img decoding=\"async\" class=\"ajT\" src=\"https:\/\/ssl.gstatic.com\/ui\/v1\/icons\/mail\/images\/cleardot.gif\" \/><\/div>\n<\/div>\n","protected":false},"excerpt":{"rendered":"<p>Mantendo o ritmo determinado pelo Presidente Alex Tanuri, a C\u00e2mara de Vereadores de Juazeiro, discutiu e aprovou cinco Projetos de Lei e um Projeto de Resolu\u00e7\u00e3o durante a Sess\u00e3o Ordin\u00e1ria de ontem (12.09). Presidida pelo vereador Alex Tanuri (PSL), as proposi\u00e7\u00f5es, da 48\u00aa sess\u00e3o do ano, foram aprovadas por unanimidade entres os parlamentares presentes. Em defesa dos trabalhadores da agricultura familiar e visando a valoriza\u00e7\u00e3o das feiras no interior do munic\u00edpio, foi aprovado, de autoria de Agnaldo Meira (PCdoB), o Projeto de Lei N\u00ba 3.342\/2017, que institui, no calend\u00e1rio oficial de eventos de Juazeiro, a Feira de Agricultura Familiar e de Caprinos e Ovinos do Vale do Vale do Salitre, que ser\u00e1 realizada anualmente, no m\u00eas de setembro. Tamb\u00e9m de&hellip; <\/p>\n","protected":false},"author":1,"featured_media":176353,"comment_status":"open","ping_status":"open","sticky":false,"template":"","format":"standard","meta":{"_acf_changed":false,"footnotes":""},"categories":[44],"tags":[],"class_list":["post-176351","post","type-post","status-publish","format-standard","has-post-thumbnail","hentry","category-administracao"],"acf":[],"yoast_head":"<!-- This site is optimized with the Yoast SEO plugin v27.4 - https:\/\/yoast.com\/product\/yoast-seo-wordpress\/ -->\n<title>C\u00c2MARA DE JUAZEIRO MANT\u00c9M RITMO DE AN\u00c1LISE E VOTA\u00c7\u00c3O DE NOVOS PROJETOS - Blog do Farn\u00e9sio<\/title>\n<meta name=\"robots\" content=\"index, follow, max-snippet:-1, max-image-preview:large, max-video-preview:-1\" \/>\n<link rel=\"canonical\" href=\"https:\/\/blogdofarnesio.com.br\/?p=176351\" \/>\n<meta property=\"og:locale\" content=\"pt_BR\" \/>\n<meta property=\"og:type\" content=\"article\" \/>\n<meta property=\"og:title\" content=\"C\u00c2MARA DE JUAZEIRO MANT\u00c9M RITMO DE AN\u00c1LISE E VOTA\u00c7\u00c3O DE NOVOS PROJETOS - Blog do Farn\u00e9sio\" \/>\n<meta property=\"og:description\" content=\"Mantendo o ritmo determinado pelo Presidente Alex Tanuri, a C\u00e2mara de Vereadores de Juazeiro, discutiu e aprovou cinco Projetos de Lei e um Projeto de Resolu\u00e7\u00e3o durante a Sess\u00e3o Ordin\u00e1ria de ontem (12.09). Presidida pelo vereador Alex Tanuri (PSL), as proposi\u00e7\u00f5es, da 48\u00aa sess\u00e3o do ano, foram aprovadas por unanimidade entres os parlamentares presentes. Em defesa dos trabalhadores da agricultura familiar e visando a valoriza\u00e7\u00e3o das feiras no interior do munic\u00edpio, foi aprovado, de autoria de Agnaldo Meira (PCdoB), o Projeto de Lei N\u00ba 3.342\/2017, que institui, no calend\u00e1rio oficial de eventos de Juazeiro, a Feira de Agricultura Familiar e de Caprinos e Ovinos do Vale do Vale do Salitre, que ser\u00e1 realizada anualmente, no m\u00eas de setembro. Tamb\u00e9m de&hellip;\" \/>\n<meta property=\"og:url\" content=\"https:\/\/blogdofarnesio.com.br\/?p=176351\" \/>\n<meta property=\"og:site_name\" content=\"Blog do Farn\u00e9sio\" \/>\n<meta property=\"article:publisher\" content=\"https:\/\/www.facebook.com\/BlogQuerSaberPolitica\/\" \/>\n<meta property=\"article:published_time\" content=\"2017-09-13T22:00:56+00:00\" \/>\n<meta property=\"og:image\" content=\"https:\/\/blogdofarnesio.com.br\/wp-content\/uploads\/2017\/09\/blogqsp-vereadores-juazeiro.jpg\" \/>\n\t<meta property=\"og:image:width\" content=\"640\" \/>\n\t<meta property=\"og:image:height\" content=\"427\" \/>\n\t<meta property=\"og:image:type\" content=\"image\/jpeg\" \/>\n<meta name=\"author\" content=\"Farn\u00e9sio\" \/>\n<meta name=\"twitter:card\" content=\"summary_large_image\" \/>\n<meta name=\"twitter:label1\" content=\"Escrito por\" \/>\n\t<meta name=\"twitter:data1\" content=\"Farn\u00e9sio\" \/>\n\t<meta name=\"twitter:label2\" content=\"Est. tempo de leitura\" \/>\n\t<meta name=\"twitter:data2\" content=\"1 minuto\" \/>\n<script type=\"application\/ld+json\" class=\"yoast-schema-graph\">{\"@context\":\"https:\\\/\\\/schema.org\",\"@graph\":[{\"@type\":\"Article\",\"@id\":\"https:\\\/\\\/blogdofarnesio.com.br\\\/?p=176351#article\",\"isPartOf\":{\"@id\":\"https:\\\/\\\/blogdofarnesio.com.br\\\/?p=176351\"},\"author\":{\"name\":\"Farn\u00e9sio\",\"@id\":\"https:\\\/\\\/blogdofarnesio.com.br\\\/#\\\/schema\\\/person\\\/301c4acf522bccbfdb45af95b5b906a1\"},\"headline\":\"C\u00c2MARA DE JUAZEIRO MANT\u00c9M RITMO DE AN\u00c1LISE E VOTA\u00c7\u00c3O DE NOVOS PROJETOS\",\"datePublished\":\"2017-09-13T22:00:56+00:00\",\"mainEntityOfPage\":{\"@id\":\"https:\\\/\\\/blogdofarnesio.com.br\\\/?p=176351\"},\"wordCount\":312,\"commentCount\":0,\"publisher\":{\"@id\":\"https:\\\/\\\/blogdofarnesio.com.br\\\/#organization\"},\"image\":{\"@id\":\"https:\\\/\\\/blogdofarnesio.com.br\\\/?p=176351#primaryimage\"},\"thumbnailUrl\":\"https:\\\/\\\/blogdofarnesio.com.br\\\/wp-content\\\/uploads\\\/2017\\\/09\\\/blogqsp-vereadores-juazeiro.jpg\",\"articleSection\":[\"Administra\u00e7\u00e3o\"],\"inLanguage\":\"pt-BR\",\"potentialAction\":[{\"@type\":\"CommentAction\",\"name\":\"Comment\",\"target\":[\"https:\\\/\\\/blogdofarnesio.com.br\\\/?p=176351#respond\"]}]},{\"@type\":\"WebPage\",\"@id\":\"https:\\\/\\\/blogdofarnesio.com.br\\\/?p=176351\",\"url\":\"https:\\\/\\\/blogdofarnesio.com.br\\\/?p=176351\",\"name\":\"C\u00c2MARA DE JUAZEIRO MANT\u00c9M RITMO DE AN\u00c1LISE E VOTA\u00c7\u00c3O DE NOVOS PROJETOS - Blog do Farn\u00e9sio\",\"isPartOf\":{\"@id\":\"https:\\\/\\\/blogdofarnesio.com.br\\\/#website\"},\"primaryImageOfPage\":{\"@id\":\"https:\\\/\\\/blogdofarnesio.com.br\\\/?p=176351#primaryimage\"},\"image\":{\"@id\":\"https:\\\/\\\/blogdofarnesio.com.br\\\/?p=176351#primaryimage\"},\"thumbnailUrl\":\"https:\\\/\\\/blogdofarnesio.com.br\\\/wp-content\\\/uploads\\\/2017\\\/09\\\/blogqsp-vereadores-juazeiro.jpg\",\"datePublished\":\"2017-09-13T22:00:56+00:00\",\"breadcrumb\":{\"@id\":\"https:\\\/\\\/blogdofarnesio.com.br\\\/?p=176351#breadcrumb\"},\"inLanguage\":\"pt-BR\",\"potentialAction\":[{\"@type\":\"ReadAction\",\"target\":[\"https:\\\/\\\/blogdofarnesio.com.br\\\/?p=176351\"]}]},{\"@type\":\"ImageObject\",\"inLanguage\":\"pt-BR\",\"@id\":\"https:\\\/\\\/blogdofarnesio.com.br\\\/?p=176351#primaryimage\",\"url\":\"https:\\\/\\\/blogdofarnesio.com.br\\\/wp-content\\\/uploads\\\/2017\\\/09\\\/blogqsp-vereadores-juazeiro.jpg\",\"contentUrl\":\"https:\\\/\\\/blogdofarnesio.com.br\\\/wp-content\\\/uploads\\\/2017\\\/09\\\/blogqsp-vereadores-juazeiro.jpg\",\"width\":640,\"height\":427},{\"@type\":\"BreadcrumbList\",\"@id\":\"https:\\\/\\\/blogdofarnesio.com.br\\\/?p=176351#breadcrumb\",\"itemListElement\":[{\"@type\":\"ListItem\",\"position\":1,\"name\":\"In\u00edcio\",\"item\":\"https:\\\/\\\/blogdofarnesio.com.br\\\/\"},{\"@type\":\"ListItem\",\"position\":2,\"name\":\"C\u00c2MARA DE JUAZEIRO MANT\u00c9M RITMO DE AN\u00c1LISE E VOTA\u00c7\u00c3O DE NOVOS PROJETOS\"}]},{\"@type\":\"WebSite\",\"@id\":\"https:\\\/\\\/blogdofarnesio.com.br\\\/#website\",\"url\":\"https:\\\/\\\/blogdofarnesio.com.br\\\/\",\"name\":\"Blog do Farn\u00e9sio\",\"description\":\"Quer Saber Pol\u00edtica?\",\"publisher\":{\"@id\":\"https:\\\/\\\/blogdofarnesio.com.br\\\/#organization\"},\"potentialAction\":[{\"@type\":\"SearchAction\",\"target\":{\"@type\":\"EntryPoint\",\"urlTemplate\":\"https:\\\/\\\/blogdofarnesio.com.br\\\/?s={search_term_string}\"},\"query-input\":{\"@type\":\"PropertyValueSpecification\",\"valueRequired\":true,\"valueName\":\"search_term_string\"}}],\"inLanguage\":\"pt-BR\"},{\"@type\":\"Organization\",\"@id\":\"https:\\\/\\\/blogdofarnesio.com.br\\\/#organization\",\"name\":\"Blog do Farn\u00e9sio\",\"url\":\"https:\\\/\\\/blogdofarnesio.com.br\\\/\",\"logo\":{\"@type\":\"ImageObject\",\"inLanguage\":\"pt-BR\",\"@id\":\"https:\\\/\\\/blogdofarnesio.com.br\\\/#\\\/schema\\\/logo\\\/image\\\/\",\"url\":\"https:\\\/\\\/blogdofarnesio.com.br\\\/wp-content\\\/uploads\\\/2026\\\/03\\\/cropped-logo_new-1.png\",\"contentUrl\":\"https:\\\/\\\/blogdofarnesio.com.br\\\/wp-content\\\/uploads\\\/2026\\\/03\\\/cropped-logo_new-1.png\",\"width\":881,\"height\":685,\"caption\":\"Blog do Farn\u00e9sio\"},\"image\":{\"@id\":\"https:\\\/\\\/blogdofarnesio.com.br\\\/#\\\/schema\\\/logo\\\/image\\\/\"},\"sameAs\":[\"https:\\\/\\\/www.facebook.com\\\/BlogQuerSaberPolitica\\\/\"]},{\"@type\":\"Person\",\"@id\":\"https:\\\/\\\/blogdofarnesio.com.br\\\/#\\\/schema\\\/person\\\/301c4acf522bccbfdb45af95b5b906a1\",\"name\":\"Farn\u00e9sio\",\"image\":{\"@type\":\"ImageObject\",\"inLanguage\":\"pt-BR\",\"@id\":\"https:\\\/\\\/secure.gravatar.com\\\/avatar\\\/df0c9a14567c056f8ad6876ba5bbd1e3e2c48023eb6807342fc4663adf549f38?s=96&d=mm&r=g\",\"url\":\"https:\\\/\\\/secure.gravatar.com\\\/avatar\\\/df0c9a14567c056f8ad6876ba5bbd1e3e2c48023eb6807342fc4663adf549f38?s=96&d=mm&r=g\",\"contentUrl\":\"https:\\\/\\\/secure.gravatar.com\\\/avatar\\\/df0c9a14567c056f8ad6876ba5bbd1e3e2c48023eb6807342fc4663adf549f38?s=96&d=mm&r=g\",\"caption\":\"Farn\u00e9sio\"},\"sameAs\":[\"https:\\\/\\\/quersaberpolitica.com.br\"],\"url\":\"https:\\\/\\\/blogdofarnesio.com.br\\\/?author=1\"}]}<\/script>\n<!-- \/ Yoast SEO plugin. -->","yoast_head_json":{"title":"C\u00c2MARA DE JUAZEIRO MANT\u00c9M RITMO DE AN\u00c1LISE E VOTA\u00c7\u00c3O DE NOVOS PROJETOS - Blog do Farn\u00e9sio","robots":{"index":"index","follow":"follow","max-snippet":"max-snippet:-1","max-image-preview":"max-image-preview:large","max-video-preview":"max-video-preview:-1"},"canonical":"https:\/\/blogdofarnesio.com.br\/?p=176351","og_locale":"pt_BR","og_type":"article","og_title":"C\u00c2MARA DE JUAZEIRO MANT\u00c9M RITMO DE AN\u00c1LISE E VOTA\u00c7\u00c3O DE NOVOS PROJETOS - Blog do Farn\u00e9sio","og_description":"Mantendo o ritmo determinado pelo Presidente Alex Tanuri, a C\u00e2mara de Vereadores de Juazeiro, discutiu e aprovou cinco Projetos de Lei e um Projeto de Resolu\u00e7\u00e3o durante a Sess\u00e3o Ordin\u00e1ria de ontem (12.09). Presidida pelo vereador Alex Tanuri (PSL), as proposi\u00e7\u00f5es, da 48\u00aa sess\u00e3o do ano, foram aprovadas por unanimidade entres os parlamentares presentes. Em defesa dos trabalhadores da agricultura familiar e visando a valoriza\u00e7\u00e3o das feiras no interior do munic\u00edpio, foi aprovado, de autoria de Agnaldo Meira (PCdoB), o Projeto de Lei N\u00ba 3.342\/2017, que institui, no calend\u00e1rio oficial de eventos de Juazeiro, a Feira de Agricultura Familiar e de Caprinos e Ovinos do Vale do Vale do Salitre, que ser\u00e1 realizada anualmente, no m\u00eas de setembro. Tamb\u00e9m de&hellip;","og_url":"https:\/\/blogdofarnesio.com.br\/?p=176351","og_site_name":"Blog do Farn\u00e9sio","article_publisher":"https:\/\/www.facebook.com\/BlogQuerSaberPolitica\/","article_published_time":"2017-09-13T22:00:56+00:00","og_image":[{"width":640,"height":427,"url":"https:\/\/blogdofarnesio.com.br\/wp-content\/uploads\/2017\/09\/blogqsp-vereadores-juazeiro.jpg","type":"image\/jpeg"}],"author":"Farn\u00e9sio","twitter_card":"summary_large_image","twitter_misc":{"Escrito por":"Farn\u00e9sio","Est. tempo de leitura":"1 minuto"},"schema":{"@context":"https:\/\/schema.org","@graph":[{"@type":"Article","@id":"https:\/\/blogdofarnesio.com.br\/?p=176351#article","isPartOf":{"@id":"https:\/\/blogdofarnesio.com.br\/?p=176351"},"author":{"name":"Farn\u00e9sio","@id":"https:\/\/blogdofarnesio.com.br\/#\/schema\/person\/301c4acf522bccbfdb45af95b5b906a1"},"headline":"C\u00c2MARA DE JUAZEIRO MANT\u00c9M RITMO DE AN\u00c1LISE E VOTA\u00c7\u00c3O DE NOVOS PROJETOS","datePublished":"2017-09-13T22:00:56+00:00","mainEntityOfPage":{"@id":"https:\/\/blogdofarnesio.com.br\/?p=176351"},"wordCount":312,"commentCount":0,"publisher":{"@id":"https:\/\/blogdofarnesio.com.br\/#organization"},"image":{"@id":"https:\/\/blogdofarnesio.com.br\/?p=176351#primaryimage"},"thumbnailUrl":"https:\/\/blogdofarnesio.com.br\/wp-content\/uploads\/2017\/09\/blogqsp-vereadores-juazeiro.jpg","articleSection":["Administra\u00e7\u00e3o"],"inLanguage":"pt-BR","potentialAction":[{"@type":"CommentAction","name":"Comment","target":["https:\/\/blogdofarnesio.com.br\/?p=176351#respond"]}]},{"@type":"WebPage","@id":"https:\/\/blogdofarnesio.com.br\/?p=176351","url":"https:\/\/blogdofarnesio.com.br\/?p=176351","name":"C\u00c2MARA DE JUAZEIRO MANT\u00c9M RITMO DE AN\u00c1LISE E VOTA\u00c7\u00c3O DE NOVOS PROJETOS - Blog do Farn\u00e9sio","isPartOf":{"@id":"https:\/\/blogdofarnesio.com.br\/#website"},"primaryImageOfPage":{"@id":"https:\/\/blogdofarnesio.com.br\/?p=176351#primaryimage"},"image":{"@id":"https:\/\/blogdofarnesio.com.br\/?p=176351#primaryimage"},"thumbnailUrl":"https:\/\/blogdofarnesio.com.br\/wp-content\/uploads\/2017\/09\/blogqsp-vereadores-juazeiro.jpg","datePublished":"2017-09-13T22:00:56+00:00","breadcrumb":{"@id":"https:\/\/blogdofarnesio.com.br\/?p=176351#breadcrumb"},"inLanguage":"pt-BR","potentialAction":[{"@type":"ReadAction","target":["https:\/\/blogdofarnesio.com.br\/?p=176351"]}]},{"@type":"ImageObject","inLanguage":"pt-BR","@id":"https:\/\/blogdofarnesio.com.br\/?p=176351#primaryimage","url":"https:\/\/blogdofarnesio.com.br\/wp-content\/uploads\/2017\/09\/blogqsp-vereadores-juazeiro.jpg","contentUrl":"https:\/\/blogdofarnesio.com.br\/wp-content\/uploads\/2017\/09\/blogqsp-vereadores-juazeiro.jpg","width":640,"height":427},{"@type":"BreadcrumbList","@id":"https:\/\/blogdofarnesio.com.br\/?p=176351#breadcrumb","itemListElement":[{"@type":"ListItem","position":1,"name":"In\u00edcio","item":"https:\/\/blogdofarnesio.com.br\/"},{"@type":"ListItem","position":2,"name":"C\u00c2MARA DE JUAZEIRO MANT\u00c9M RITMO DE AN\u00c1LISE E VOTA\u00c7\u00c3O DE NOVOS PROJETOS"}]},{"@type":"WebSite","@id":"https:\/\/blogdofarnesio.com.br\/#website","url":"https:\/\/blogdofarnesio.com.br\/","name":"Blog do Farn\u00e9sio","description":"Quer Saber Pol\u00edtica?","publisher":{"@id":"https:\/\/blogdofarnesio.com.br\/#organization"},"potentialAction":[{"@type":"SearchAction","target":{"@type":"EntryPoint","urlTemplate":"https:\/\/blogdofarnesio.com.br\/?s={search_term_string}"},"query-input":{"@type":"PropertyValueSpecification","valueRequired":true,"valueName":"search_term_string"}}],"inLanguage":"pt-BR"},{"@type":"Organization","@id":"https:\/\/blogdofarnesio.com.br\/#organization","name":"Blog do Farn\u00e9sio","url":"https:\/\/blogdofarnesio.com.br\/","logo":{"@type":"ImageObject","inLanguage":"pt-BR","@id":"https:\/\/blogdofarnesio.com.br\/#\/schema\/logo\/image\/","url":"https:\/\/blogdofarnesio.com.br\/wp-content\/uploads\/2026\/03\/cropped-logo_new-1.png","contentUrl":"https:\/\/blogdofarnesio.com.br\/wp-content\/uploads\/2026\/03\/cropped-logo_new-1.png","width":881,"height":685,"caption":"Blog do Farn\u00e9sio"},"image":{"@id":"https:\/\/blogdofarnesio.com.br\/#\/schema\/logo\/image\/"},"sameAs":["https:\/\/www.facebook.com\/BlogQuerSaberPolitica\/"]},{"@type":"Person","@id":"https:\/\/blogdofarnesio.com.br\/#\/schema\/person\/301c4acf522bccbfdb45af95b5b906a1","name":"Farn\u00e9sio","image":{"@type":"ImageObject","inLanguage":"pt-BR","@id":"https:\/\/secure.gravatar.com\/avatar\/df0c9a14567c056f8ad6876ba5bbd1e3e2c48023eb6807342fc4663adf549f38?s=96&d=mm&r=g","url":"https:\/\/secure.gravatar.com\/avatar\/df0c9a14567c056f8ad6876ba5bbd1e3e2c48023eb6807342fc4663adf549f38?s=96&d=mm&r=g","contentUrl":"https:\/\/secure.gravatar.com\/avatar\/df0c9a14567c056f8ad6876ba5bbd1e3e2c48023eb6807342fc4663adf549f38?s=96&d=mm&r=g","caption":"Farn\u00e9sio"},"sameAs":["https:\/\/quersaberpolitica.com.br"],"url":"https:\/\/blogdofarnesio.com.br\/?author=1"}]}},"_links":{"self":[{"href":"https:\/\/blogdofarnesio.com.br\/index.php?rest_route=\/wp\/v2\/posts\/176351","targetHints":{"allow":["GET"]}}],"collection":[{"href":"https:\/\/blogdofarnesio.com.br\/index.php?rest_route=\/wp\/v2\/posts"}],"about":[{"href":"https:\/\/blogdofarnesio.com.br\/index.php?rest_route=\/wp\/v2\/types\/post"}],"author":[{"embeddable":true,"href":"https:\/\/blogdofarnesio.com.br\/index.php?rest_route=\/wp\/v2\/users\/1"}],"replies":[{"embeddable":true,"href":"https:\/\/blogdofarnesio.com.br\/index.php?rest_route=%2Fwp%2Fv2%2Fcomments&post=176351"}],"version-history":[{"count":0,"href":"https:\/\/blogdofarnesio.com.br\/index.php?rest_route=\/wp\/v2\/posts\/176351\/revisions"}],"wp:featuredmedia":[{"embeddable":true,"href":"https:\/\/blogdofarnesio.com.br\/index.php?rest_route=\/wp\/v2\/media\/176353"}],"wp:attachment":[{"href":"https:\/\/blogdofarnesio.com.br\/index.php?rest_route=%2Fwp%2Fv2%2Fmedia&parent=176351"}],"wp:term":[{"taxonomy":"category","embeddable":true,"href":"https:\/\/blogdofarnesio.com.br\/index.php?rest_route=%2Fwp%2Fv2%2Fcategories&post=176351"},{"taxonomy":"post_tag","embeddable":true,"href":"https:\/\/blogdofarnesio.com.br\/index.php?rest_route=%2Fwp%2Fv2%2Ftags&post=176351"}],"curies":[{"name":"wp","href":"https:\/\/api.w.org\/{rel}","templated":true}]}}