{"id":176301,"date":"2017-09-14T09:42:41","date_gmt":"2017-09-14T12:42:41","guid":{"rendered":"http:\/\/quersaberpolitica.com.br\/2016\/?p=176301"},"modified":"2017-09-13T21:16:19","modified_gmt":"2017-09-14T00:16:19","slug":"equipamentos-da-sedes-passam-por-dedetizacao-e-funcionarao-em-horario-especial","status":"publish","type":"post","link":"https:\/\/blogdofarnesio.com.br\/?p=176301","title":{"rendered":"EQUIPAMENTOS DA SEDES PASSAM POR DEDETIZA\u00c7\u00c3O E FUNCIONAR\u00c3O EM HOR\u00c1RIO ESPECIAL"},"content":{"rendered":"<p style=\"text-align: justify;\">A Secretaria de Desenvolvimento Social, Mulher e Diversidade (SEDES) informa que os equipamentos p\u00fablicos da pasta ficar\u00e3o fechados ou funcionando em hor\u00e1rio reduzido nos dias 13, 14, 15 e 22 de setembro em virtude do servi\u00e7o de dedetiza\u00e7\u00e3o pelo qual os mesmos passar\u00e3o. Todos os equipamentos voltam a funcionar normalmente no dia posterior ao do servi\u00e7o realizado. Abaixo segue tabela dos dias e hor\u00e1rios nos quais os equipamentos fechar\u00e3o.<\/p>\n<table>\n<tbody>\n<tr>\n<td width=\"192\"><strong>LOCAL<\/strong><\/td>\n<td width=\"192\"><strong>DATA<\/strong><\/td>\n<td width=\"192\"><strong>HOR\u00c1RIO<\/strong><\/td>\n<\/tr>\n<tr>\n<td width=\"192\">CRAS QUID\u00c9<\/td>\n<td width=\"192\">13\/09\/2017<\/td>\n<td width=\"192\">A partir das 8h<\/td>\n<\/tr>\n<tr>\n<td width=\"192\">Servi\u00e7os de Conviv\u00eancia e Fortalecimento de V\u00ednculos (SCFV) QUID\u00c9<\/td>\n<td width=\"192\">13\/09\/2017<\/td>\n<td width=\"192\">A partir das 8h<\/td>\n<\/tr>\n<tr>\n<td width=\"192\">CRAS TABULEIRO<\/td>\n<td width=\"192\">13\/09\/2017<\/td>\n<td width=\"192\">A partir das 8h<\/td>\n<\/tr>\n<tr>\n<td width=\"192\">CENTRO POP<\/td>\n<td width=\"192\">13\/09\/2017<\/td>\n<td width=\"192\">A partir das 14h<\/td>\n<\/tr>\n<tr>\n<td width=\"192\">CRAS ITABERABA<\/td>\n<td width=\"192\">14\/09\/2017<\/td>\n<td width=\"192\">A partir das 8h<\/td>\n<\/tr>\n<tr>\n<td width=\"192\">CIAM<\/td>\n<td width=\"192\">14\/09\/2017<\/td>\n<td width=\"192\">A partir das 14h<\/td>\n<\/tr>\n<tr>\n<td width=\"192\">CREAS<\/td>\n<td width=\"192\">14\/09\/2017<\/td>\n<td width=\"192\">A partir das 14h<\/td>\n<\/tr>\n<tr>\n<td width=\"192\">CRAS JO\u00c3O PAULO II<\/td>\n<td width=\"192\">15\/09\/2017<\/td>\n<td width=\"192\">A partir das 8h<\/td>\n<\/tr>\n<tr>\n<td width=\"192\">SCFV JO\u00c3O PAULO II<\/td>\n<td width=\"192\">15\/09\/2017<\/td>\n<td width=\"192\">A partir das 8h<\/td>\n<\/tr>\n<tr>\n<td width=\"192\">CRAS MALHADA DA AREIA<\/td>\n<td width=\"192\">15\/09\/2017<\/td>\n<td width=\"192\">A partir das 8h<\/td>\n<\/tr>\n<tr>\n<td width=\"192\">SEDES<\/td>\n<td width=\"192\">15\/09\/2017<\/td>\n<td width=\"192\">A partir das 14h<\/td>\n<\/tr>\n<tr>\n<td width=\"192\">SETOR DE HABITA\u00c7\u00c3O<\/td>\n<td width=\"192\">22\/09\/2017<\/td>\n<td width=\"192\">A partir das 14h<\/td>\n<\/tr>\n<tr>\n<td width=\"192\">RESTAURANTE POPULAR CENTRO<\/td>\n<td width=\"192\">22\/09\/2017<\/td>\n<td width=\"192\">A partir das 14h<\/td>\n<\/tr>\n<tr>\n<td width=\"192\">RESTAURANTE POPULAR JO\u00c3O PAULO II<\/td>\n<td width=\"192\">22\/09\/2017<\/td>\n<td width=\"192\">A partir das 14h<\/td>\n<\/tr>\n<tr>\n<td width=\"192\">CONSELHO TUTELAR<\/td>\n<td width=\"192\">22\/09\/2017<\/td>\n<td width=\"192\">A partir das 14h<\/td>\n<\/tr>\n<tr>\n<td width=\"192\">CASA DO BOLSA FAM\u00cdLIA<\/td>\n<td width=\"192\">22\/09\/2017<\/td>\n<td width=\"192\">A partir das 14h<\/td>\n<\/tr>\n<\/tbody>\n<\/table>\n<div class=\"yj6qo ajU\">\n<div id=\":201\" class=\"ajR\" style=\"text-align: justify;\" tabindex=\"0\" role=\"button\" data-tooltip=\"Mostrar conte\u00fado cortado\" aria-label=\"Mostrar conte\u00fado cortado\"><img decoding=\"async\" class=\"ajT\" src=\"https:\/\/ssl.gstatic.com\/ui\/v1\/icons\/mail\/images\/cleardot.gif\" \/><\/div>\n<\/div>\n","protected":false},"excerpt":{"rendered":"<p>A Secretaria de Desenvolvimento Social, Mulher e Diversidade (SEDES) informa que os equipamentos p\u00fablicos da pasta ficar\u00e3o fechados ou funcionando em hor\u00e1rio reduzido nos dias 13, 14, 15 e 22 de setembro em virtude do servi\u00e7o de dedetiza\u00e7\u00e3o pelo qual os mesmos passar\u00e3o. Todos os equipamentos voltam a funcionar normalmente no dia posterior ao do servi\u00e7o realizado. Abaixo segue tabela dos dias e hor\u00e1rios nos quais os equipamentos fechar\u00e3o. LOCAL DATA HOR\u00c1RIO CRAS QUID\u00c9 13\/09\/2017 A partir das 8h Servi\u00e7os de Conviv\u00eancia e Fortalecimento de V\u00ednculos (SCFV) QUID\u00c9 13\/09\/2017 A partir das 8h CRAS TABULEIRO 13\/09\/2017 A partir das 8h CENTRO POP 13\/09\/2017 A partir das 14h CRAS ITABERABA 14\/09\/2017 A partir das 8h CIAM 14\/09\/2017 A partir das 14h&hellip; <\/p>\n","protected":false},"author":1,"featured_media":114359,"comment_status":"open","ping_status":"open","sticky":false,"template":"","format":"standard","meta":{"_acf_changed":false,"footnotes":""},"categories":[44],"tags":[],"class_list":["post-176301","post","type-post","status-publish","format-standard","has-post-thumbnail","hentry","category-administracao"],"acf":[],"yoast_head":"<!-- This site is optimized with the Yoast SEO plugin v27.4 - https:\/\/yoast.com\/product\/yoast-seo-wordpress\/ -->\n<title>EQUIPAMENTOS DA SEDES PASSAM POR DEDETIZA\u00c7\u00c3O E FUNCIONAR\u00c3O EM HOR\u00c1RIO ESPECIAL - Blog do Farn\u00e9sio<\/title>\n<meta name=\"robots\" content=\"index, follow, max-snippet:-1, max-image-preview:large, max-video-preview:-1\" \/>\n<link rel=\"canonical\" href=\"https:\/\/blogdofarnesio.com.br\/?p=176301\" \/>\n<meta property=\"og:locale\" content=\"pt_BR\" \/>\n<meta property=\"og:type\" content=\"article\" \/>\n<meta property=\"og:title\" content=\"EQUIPAMENTOS DA SEDES PASSAM POR DEDETIZA\u00c7\u00c3O E FUNCIONAR\u00c3O EM HOR\u00c1RIO ESPECIAL - Blog do Farn\u00e9sio\" \/>\n<meta property=\"og:description\" content=\"A Secretaria de Desenvolvimento Social, Mulher e Diversidade (SEDES) informa que os equipamentos p\u00fablicos da pasta ficar\u00e3o fechados ou funcionando em hor\u00e1rio reduzido nos dias 13, 14, 15 e 22 de setembro em virtude do servi\u00e7o de dedetiza\u00e7\u00e3o pelo qual os mesmos passar\u00e3o. Todos os equipamentos voltam a funcionar normalmente no dia posterior ao do servi\u00e7o realizado. Abaixo segue tabela dos dias e hor\u00e1rios nos quais os equipamentos fechar\u00e3o. LOCAL DATA HOR\u00c1RIO CRAS QUID\u00c9 13\/09\/2017 A partir das 8h Servi\u00e7os de Conviv\u00eancia e Fortalecimento de V\u00ednculos (SCFV) QUID\u00c9 13\/09\/2017 A partir das 8h CRAS TABULEIRO 13\/09\/2017 A partir das 8h CENTRO POP 13\/09\/2017 A partir das 14h CRAS ITABERABA 14\/09\/2017 A partir das 8h CIAM 14\/09\/2017 A partir das 14h&hellip;\" \/>\n<meta property=\"og:url\" content=\"https:\/\/blogdofarnesio.com.br\/?p=176301\" \/>\n<meta property=\"og:site_name\" content=\"Blog do Farn\u00e9sio\" \/>\n<meta property=\"article:publisher\" content=\"https:\/\/www.facebook.com\/BlogQuerSaberPolitica\/\" \/>\n<meta property=\"article:published_time\" content=\"2017-09-14T12:42:41+00:00\" \/>\n<meta property=\"og:image\" content=\"https:\/\/blogdofarnesio.com.br\/wp-content\/uploads\/2015\/01\/blogqsp.SEDIS_.jpg\" \/>\n\t<meta property=\"og:image:width\" content=\"448\" \/>\n\t<meta property=\"og:image:height\" content=\"336\" \/>\n\t<meta property=\"og:image:type\" content=\"image\/jpeg\" \/>\n<meta name=\"author\" content=\"Farn\u00e9sio\" \/>\n<meta name=\"twitter:card\" content=\"summary_large_image\" \/>\n<meta name=\"twitter:label1\" content=\"Escrito por\" \/>\n\t<meta name=\"twitter:data1\" content=\"Farn\u00e9sio\" \/>\n\t<meta name=\"twitter:label2\" content=\"Est. tempo de leitura\" \/>\n\t<meta name=\"twitter:data2\" content=\"1 minuto\" \/>\n<script type=\"application\/ld+json\" class=\"yoast-schema-graph\">{\"@context\":\"https:\\\/\\\/schema.org\",\"@graph\":[{\"@type\":\"Article\",\"@id\":\"https:\\\/\\\/blogdofarnesio.com.br\\\/?p=176301#article\",\"isPartOf\":{\"@id\":\"https:\\\/\\\/blogdofarnesio.com.br\\\/?p=176301\"},\"author\":{\"name\":\"Farn\u00e9sio\",\"@id\":\"https:\\\/\\\/blogdofarnesio.com.br\\\/#\\\/schema\\\/person\\\/301c4acf522bccbfdb45af95b5b906a1\"},\"headline\":\"EQUIPAMENTOS DA SEDES PASSAM POR DEDETIZA\u00c7\u00c3O E FUNCIONAR\u00c3O EM HOR\u00c1RIO ESPECIAL\",\"datePublished\":\"2017-09-14T12:42:41+00:00\",\"mainEntityOfPage\":{\"@id\":\"https:\\\/\\\/blogdofarnesio.com.br\\\/?p=176301\"},\"wordCount\":213,\"commentCount\":0,\"publisher\":{\"@id\":\"https:\\\/\\\/blogdofarnesio.com.br\\\/#organization\"},\"image\":{\"@id\":\"https:\\\/\\\/blogdofarnesio.com.br\\\/?p=176301#primaryimage\"},\"thumbnailUrl\":\"https:\\\/\\\/blogdofarnesio.com.br\\\/wp-content\\\/uploads\\\/2015\\\/01\\\/blogqsp.SEDIS_.jpg\",\"articleSection\":[\"Administra\u00e7\u00e3o\"],\"inLanguage\":\"pt-BR\",\"potentialAction\":[{\"@type\":\"CommentAction\",\"name\":\"Comment\",\"target\":[\"https:\\\/\\\/blogdofarnesio.com.br\\\/?p=176301#respond\"]}]},{\"@type\":\"WebPage\",\"@id\":\"https:\\\/\\\/blogdofarnesio.com.br\\\/?p=176301\",\"url\":\"https:\\\/\\\/blogdofarnesio.com.br\\\/?p=176301\",\"name\":\"EQUIPAMENTOS DA SEDES PASSAM POR DEDETIZA\u00c7\u00c3O E FUNCIONAR\u00c3O EM HOR\u00c1RIO ESPECIAL - Blog do Farn\u00e9sio\",\"isPartOf\":{\"@id\":\"https:\\\/\\\/blogdofarnesio.com.br\\\/#website\"},\"primaryImageOfPage\":{\"@id\":\"https:\\\/\\\/blogdofarnesio.com.br\\\/?p=176301#primaryimage\"},\"image\":{\"@id\":\"https:\\\/\\\/blogdofarnesio.com.br\\\/?p=176301#primaryimage\"},\"thumbnailUrl\":\"https:\\\/\\\/blogdofarnesio.com.br\\\/wp-content\\\/uploads\\\/2015\\\/01\\\/blogqsp.SEDIS_.jpg\",\"datePublished\":\"2017-09-14T12:42:41+00:00\",\"breadcrumb\":{\"@id\":\"https:\\\/\\\/blogdofarnesio.com.br\\\/?p=176301#breadcrumb\"},\"inLanguage\":\"pt-BR\",\"potentialAction\":[{\"@type\":\"ReadAction\",\"target\":[\"https:\\\/\\\/blogdofarnesio.com.br\\\/?p=176301\"]}]},{\"@type\":\"ImageObject\",\"inLanguage\":\"pt-BR\",\"@id\":\"https:\\\/\\\/blogdofarnesio.com.br\\\/?p=176301#primaryimage\",\"url\":\"https:\\\/\\\/blogdofarnesio.com.br\\\/wp-content\\\/uploads\\\/2015\\\/01\\\/blogqsp.SEDIS_.jpg\",\"contentUrl\":\"https:\\\/\\\/blogdofarnesio.com.br\\\/wp-content\\\/uploads\\\/2015\\\/01\\\/blogqsp.SEDIS_.jpg\",\"width\":448,\"height\":336},{\"@type\":\"BreadcrumbList\",\"@id\":\"https:\\\/\\\/blogdofarnesio.com.br\\\/?p=176301#breadcrumb\",\"itemListElement\":[{\"@type\":\"ListItem\",\"position\":1,\"name\":\"In\u00edcio\",\"item\":\"https:\\\/\\\/blogdofarnesio.com.br\\\/\"},{\"@type\":\"ListItem\",\"position\":2,\"name\":\"EQUIPAMENTOS DA SEDES PASSAM POR DEDETIZA\u00c7\u00c3O E FUNCIONAR\u00c3O EM HOR\u00c1RIO ESPECIAL\"}]},{\"@type\":\"WebSite\",\"@id\":\"https:\\\/\\\/blogdofarnesio.com.br\\\/#website\",\"url\":\"https:\\\/\\\/blogdofarnesio.com.br\\\/\",\"name\":\"Blog do Farn\u00e9sio\",\"description\":\"Quer Saber Pol\u00edtica?\",\"publisher\":{\"@id\":\"https:\\\/\\\/blogdofarnesio.com.br\\\/#organization\"},\"potentialAction\":[{\"@type\":\"SearchAction\",\"target\":{\"@type\":\"EntryPoint\",\"urlTemplate\":\"https:\\\/\\\/blogdofarnesio.com.br\\\/?s={search_term_string}\"},\"query-input\":{\"@type\":\"PropertyValueSpecification\",\"valueRequired\":true,\"valueName\":\"search_term_string\"}}],\"inLanguage\":\"pt-BR\"},{\"@type\":\"Organization\",\"@id\":\"https:\\\/\\\/blogdofarnesio.com.br\\\/#organization\",\"name\":\"Blog do Farn\u00e9sio\",\"url\":\"https:\\\/\\\/blogdofarnesio.com.br\\\/\",\"logo\":{\"@type\":\"ImageObject\",\"inLanguage\":\"pt-BR\",\"@id\":\"https:\\\/\\\/blogdofarnesio.com.br\\\/#\\\/schema\\\/logo\\\/image\\\/\",\"url\":\"https:\\\/\\\/blogdofarnesio.com.br\\\/wp-content\\\/uploads\\\/2026\\\/03\\\/cropped-logo_new-1.png\",\"contentUrl\":\"https:\\\/\\\/blogdofarnesio.com.br\\\/wp-content\\\/uploads\\\/2026\\\/03\\\/cropped-logo_new-1.png\",\"width\":881,\"height\":685,\"caption\":\"Blog do Farn\u00e9sio\"},\"image\":{\"@id\":\"https:\\\/\\\/blogdofarnesio.com.br\\\/#\\\/schema\\\/logo\\\/image\\\/\"},\"sameAs\":[\"https:\\\/\\\/www.facebook.com\\\/BlogQuerSaberPolitica\\\/\"]},{\"@type\":\"Person\",\"@id\":\"https:\\\/\\\/blogdofarnesio.com.br\\\/#\\\/schema\\\/person\\\/301c4acf522bccbfdb45af95b5b906a1\",\"name\":\"Farn\u00e9sio\",\"image\":{\"@type\":\"ImageObject\",\"inLanguage\":\"pt-BR\",\"@id\":\"https:\\\/\\\/secure.gravatar.com\\\/avatar\\\/df0c9a14567c056f8ad6876ba5bbd1e3e2c48023eb6807342fc4663adf549f38?s=96&d=mm&r=g\",\"url\":\"https:\\\/\\\/secure.gravatar.com\\\/avatar\\\/df0c9a14567c056f8ad6876ba5bbd1e3e2c48023eb6807342fc4663adf549f38?s=96&d=mm&r=g\",\"contentUrl\":\"https:\\\/\\\/secure.gravatar.com\\\/avatar\\\/df0c9a14567c056f8ad6876ba5bbd1e3e2c48023eb6807342fc4663adf549f38?s=96&d=mm&r=g\",\"caption\":\"Farn\u00e9sio\"},\"sameAs\":[\"https:\\\/\\\/quersaberpolitica.com.br\"],\"url\":\"https:\\\/\\\/blogdofarnesio.com.br\\\/?author=1\"}]}<\/script>\n<!-- \/ Yoast SEO plugin. -->","yoast_head_json":{"title":"EQUIPAMENTOS DA SEDES PASSAM POR DEDETIZA\u00c7\u00c3O E FUNCIONAR\u00c3O EM HOR\u00c1RIO ESPECIAL - Blog do Farn\u00e9sio","robots":{"index":"index","follow":"follow","max-snippet":"max-snippet:-1","max-image-preview":"max-image-preview:large","max-video-preview":"max-video-preview:-1"},"canonical":"https:\/\/blogdofarnesio.com.br\/?p=176301","og_locale":"pt_BR","og_type":"article","og_title":"EQUIPAMENTOS DA SEDES PASSAM POR DEDETIZA\u00c7\u00c3O E FUNCIONAR\u00c3O EM HOR\u00c1RIO ESPECIAL - Blog do Farn\u00e9sio","og_description":"A Secretaria de Desenvolvimento Social, Mulher e Diversidade (SEDES) informa que os equipamentos p\u00fablicos da pasta ficar\u00e3o fechados ou funcionando em hor\u00e1rio reduzido nos dias 13, 14, 15 e 22 de setembro em virtude do servi\u00e7o de dedetiza\u00e7\u00e3o pelo qual os mesmos passar\u00e3o. Todos os equipamentos voltam a funcionar normalmente no dia posterior ao do servi\u00e7o realizado. Abaixo segue tabela dos dias e hor\u00e1rios nos quais os equipamentos fechar\u00e3o. LOCAL DATA HOR\u00c1RIO CRAS QUID\u00c9 13\/09\/2017 A partir das 8h Servi\u00e7os de Conviv\u00eancia e Fortalecimento de V\u00ednculos (SCFV) QUID\u00c9 13\/09\/2017 A partir das 8h CRAS TABULEIRO 13\/09\/2017 A partir das 8h CENTRO POP 13\/09\/2017 A partir das 14h CRAS ITABERABA 14\/09\/2017 A partir das 8h CIAM 14\/09\/2017 A partir das 14h&hellip;","og_url":"https:\/\/blogdofarnesio.com.br\/?p=176301","og_site_name":"Blog do Farn\u00e9sio","article_publisher":"https:\/\/www.facebook.com\/BlogQuerSaberPolitica\/","article_published_time":"2017-09-14T12:42:41+00:00","og_image":[{"width":448,"height":336,"url":"https:\/\/blogdofarnesio.com.br\/wp-content\/uploads\/2015\/01\/blogqsp.SEDIS_.jpg","type":"image\/jpeg"}],"author":"Farn\u00e9sio","twitter_card":"summary_large_image","twitter_misc":{"Escrito por":"Farn\u00e9sio","Est. tempo de leitura":"1 minuto"},"schema":{"@context":"https:\/\/schema.org","@graph":[{"@type":"Article","@id":"https:\/\/blogdofarnesio.com.br\/?p=176301#article","isPartOf":{"@id":"https:\/\/blogdofarnesio.com.br\/?p=176301"},"author":{"name":"Farn\u00e9sio","@id":"https:\/\/blogdofarnesio.com.br\/#\/schema\/person\/301c4acf522bccbfdb45af95b5b906a1"},"headline":"EQUIPAMENTOS DA SEDES PASSAM POR DEDETIZA\u00c7\u00c3O E FUNCIONAR\u00c3O EM HOR\u00c1RIO ESPECIAL","datePublished":"2017-09-14T12:42:41+00:00","mainEntityOfPage":{"@id":"https:\/\/blogdofarnesio.com.br\/?p=176301"},"wordCount":213,"commentCount":0,"publisher":{"@id":"https:\/\/blogdofarnesio.com.br\/#organization"},"image":{"@id":"https:\/\/blogdofarnesio.com.br\/?p=176301#primaryimage"},"thumbnailUrl":"https:\/\/blogdofarnesio.com.br\/wp-content\/uploads\/2015\/01\/blogqsp.SEDIS_.jpg","articleSection":["Administra\u00e7\u00e3o"],"inLanguage":"pt-BR","potentialAction":[{"@type":"CommentAction","name":"Comment","target":["https:\/\/blogdofarnesio.com.br\/?p=176301#respond"]}]},{"@type":"WebPage","@id":"https:\/\/blogdofarnesio.com.br\/?p=176301","url":"https:\/\/blogdofarnesio.com.br\/?p=176301","name":"EQUIPAMENTOS DA SEDES PASSAM POR DEDETIZA\u00c7\u00c3O E FUNCIONAR\u00c3O EM HOR\u00c1RIO ESPECIAL - Blog do Farn\u00e9sio","isPartOf":{"@id":"https:\/\/blogdofarnesio.com.br\/#website"},"primaryImageOfPage":{"@id":"https:\/\/blogdofarnesio.com.br\/?p=176301#primaryimage"},"image":{"@id":"https:\/\/blogdofarnesio.com.br\/?p=176301#primaryimage"},"thumbnailUrl":"https:\/\/blogdofarnesio.com.br\/wp-content\/uploads\/2015\/01\/blogqsp.SEDIS_.jpg","datePublished":"2017-09-14T12:42:41+00:00","breadcrumb":{"@id":"https:\/\/blogdofarnesio.com.br\/?p=176301#breadcrumb"},"inLanguage":"pt-BR","potentialAction":[{"@type":"ReadAction","target":["https:\/\/blogdofarnesio.com.br\/?p=176301"]}]},{"@type":"ImageObject","inLanguage":"pt-BR","@id":"https:\/\/blogdofarnesio.com.br\/?p=176301#primaryimage","url":"https:\/\/blogdofarnesio.com.br\/wp-content\/uploads\/2015\/01\/blogqsp.SEDIS_.jpg","contentUrl":"https:\/\/blogdofarnesio.com.br\/wp-content\/uploads\/2015\/01\/blogqsp.SEDIS_.jpg","width":448,"height":336},{"@type":"BreadcrumbList","@id":"https:\/\/blogdofarnesio.com.br\/?p=176301#breadcrumb","itemListElement":[{"@type":"ListItem","position":1,"name":"In\u00edcio","item":"https:\/\/blogdofarnesio.com.br\/"},{"@type":"ListItem","position":2,"name":"EQUIPAMENTOS DA SEDES PASSAM POR DEDETIZA\u00c7\u00c3O E FUNCIONAR\u00c3O EM HOR\u00c1RIO ESPECIAL"}]},{"@type":"WebSite","@id":"https:\/\/blogdofarnesio.com.br\/#website","url":"https:\/\/blogdofarnesio.com.br\/","name":"Blog do Farn\u00e9sio","description":"Quer Saber Pol\u00edtica?","publisher":{"@id":"https:\/\/blogdofarnesio.com.br\/#organization"},"potentialAction":[{"@type":"SearchAction","target":{"@type":"EntryPoint","urlTemplate":"https:\/\/blogdofarnesio.com.br\/?s={search_term_string}"},"query-input":{"@type":"PropertyValueSpecification","valueRequired":true,"valueName":"search_term_string"}}],"inLanguage":"pt-BR"},{"@type":"Organization","@id":"https:\/\/blogdofarnesio.com.br\/#organization","name":"Blog do Farn\u00e9sio","url":"https:\/\/blogdofarnesio.com.br\/","logo":{"@type":"ImageObject","inLanguage":"pt-BR","@id":"https:\/\/blogdofarnesio.com.br\/#\/schema\/logo\/image\/","url":"https:\/\/blogdofarnesio.com.br\/wp-content\/uploads\/2026\/03\/cropped-logo_new-1.png","contentUrl":"https:\/\/blogdofarnesio.com.br\/wp-content\/uploads\/2026\/03\/cropped-logo_new-1.png","width":881,"height":685,"caption":"Blog do Farn\u00e9sio"},"image":{"@id":"https:\/\/blogdofarnesio.com.br\/#\/schema\/logo\/image\/"},"sameAs":["https:\/\/www.facebook.com\/BlogQuerSaberPolitica\/"]},{"@type":"Person","@id":"https:\/\/blogdofarnesio.com.br\/#\/schema\/person\/301c4acf522bccbfdb45af95b5b906a1","name":"Farn\u00e9sio","image":{"@type":"ImageObject","inLanguage":"pt-BR","@id":"https:\/\/secure.gravatar.com\/avatar\/df0c9a14567c056f8ad6876ba5bbd1e3e2c48023eb6807342fc4663adf549f38?s=96&d=mm&r=g","url":"https:\/\/secure.gravatar.com\/avatar\/df0c9a14567c056f8ad6876ba5bbd1e3e2c48023eb6807342fc4663adf549f38?s=96&d=mm&r=g","contentUrl":"https:\/\/secure.gravatar.com\/avatar\/df0c9a14567c056f8ad6876ba5bbd1e3e2c48023eb6807342fc4663adf549f38?s=96&d=mm&r=g","caption":"Farn\u00e9sio"},"sameAs":["https:\/\/quersaberpolitica.com.br"],"url":"https:\/\/blogdofarnesio.com.br\/?author=1"}]}},"_links":{"self":[{"href":"https:\/\/blogdofarnesio.com.br\/index.php?rest_route=\/wp\/v2\/posts\/176301","targetHints":{"allow":["GET"]}}],"collection":[{"href":"https:\/\/blogdofarnesio.com.br\/index.php?rest_route=\/wp\/v2\/posts"}],"about":[{"href":"https:\/\/blogdofarnesio.com.br\/index.php?rest_route=\/wp\/v2\/types\/post"}],"author":[{"embeddable":true,"href":"https:\/\/blogdofarnesio.com.br\/index.php?rest_route=\/wp\/v2\/users\/1"}],"replies":[{"embeddable":true,"href":"https:\/\/blogdofarnesio.com.br\/index.php?rest_route=%2Fwp%2Fv2%2Fcomments&post=176301"}],"version-history":[{"count":0,"href":"https:\/\/blogdofarnesio.com.br\/index.php?rest_route=\/wp\/v2\/posts\/176301\/revisions"}],"wp:featuredmedia":[{"embeddable":true,"href":"https:\/\/blogdofarnesio.com.br\/index.php?rest_route=\/wp\/v2\/media\/114359"}],"wp:attachment":[{"href":"https:\/\/blogdofarnesio.com.br\/index.php?rest_route=%2Fwp%2Fv2%2Fmedia&parent=176301"}],"wp:term":[{"taxonomy":"category","embeddable":true,"href":"https:\/\/blogdofarnesio.com.br\/index.php?rest_route=%2Fwp%2Fv2%2Fcategories&post=176301"},{"taxonomy":"post_tag","embeddable":true,"href":"https:\/\/blogdofarnesio.com.br\/index.php?rest_route=%2Fwp%2Fv2%2Ftags&post=176301"}],"curies":[{"name":"wp","href":"https:\/\/api.w.org\/{rel}","templated":true}]}}