{"id":176275,"date":"2017-09-12T12:30:16","date_gmt":"2017-09-12T15:30:16","guid":{"rendered":"http:\/\/quersaberpolitica.com.br\/2016\/?p=176275"},"modified":"2017-09-12T11:02:21","modified_gmt":"2017-09-12T14:02:21","slug":"supremo-devera-manter-janot-a-frente-do-caso-jbs","status":"publish","type":"post","link":"https:\/\/blogdofarnesio.com.br\/?p=176275","title":{"rendered":"SUPREMO DEVER\u00c1 MANTER JANOT \u00c0 FRENTE DO CASO JBS"},"content":{"rendered":"<p style=\"text-align: justify;\">O Supremo Tribunal Federal n\u00e3o levar\u00e1 em considera\u00e7\u00e3o, o desgaste do procurador-geral da Rep\u00fablica, Rodrigo Janot, e dever\u00e1 mant\u00ea-lo a frente das\u00a0investiga\u00e7\u00f5es contra o presidente Michel Temer no caso JBS. A tend\u00eancia da Corte \u00e9 manter Janot \u2013 que est\u00e1 na sua \u00faltima semana na chefia do Minist\u00e9rio P\u00fablico Federal \u2013 na apura\u00e7\u00e3o, apesar da surpresa causada no STF com os acontecimentos envolvendo \u00e1udios de delatores e o encontro do procurador-geral com um advogado do empres\u00e1rio Joesley Batista.<\/p>\n<p style=\"text-align: justify;\">De acordo com o jornal &#8220;Estad\u00e3o&#8221;, a maioria dos integrantes do Supremo indica que deve acompanhar a posi\u00e7\u00e3o do ministro Edson Fachin, relator da Lava Jato na Corte, de n\u00e3o declarar Janot suspeito no caso \u2013 no entanto, tr\u00eas dos 11 membros do tribunal entenderiam que o procurador-geral deve ser afastado nesse processo. Tamb\u00e9m existe a tend\u00eancia de o Supremo n\u00e3o anular as provas obtidas no acordo de colabora\u00e7\u00e3o do Grupo J&amp;F, que controla a JBS, ao menos neste primeiro momento.<\/p>\n<p style=\"text-align: justify;\">Ainda segundo a publica\u00e7\u00e3o, uma eventual suspens\u00e3o da nova den\u00fancia contra Temer \u00e9 considerada um tema mais delicado e complexo, visto por integrantes do tribunal como uma potencial interven\u00e7\u00e3o do STF na prerrogativa de a Procuradoria-Geral da Rep\u00fablica apresentar uma acusa\u00e7\u00e3o formal contra o presidente.<\/p>\n","protected":false},"excerpt":{"rendered":"<p>O Supremo Tribunal Federal n\u00e3o levar\u00e1 em considera\u00e7\u00e3o, o desgaste do procurador-geral da Rep\u00fablica, Rodrigo Janot, e dever\u00e1 mant\u00ea-lo a frente das\u00a0investiga\u00e7\u00f5es contra o presidente Michel Temer no caso JBS. A tend\u00eancia da Corte \u00e9 manter Janot \u2013 que est\u00e1 na sua \u00faltima semana na chefia do Minist\u00e9rio P\u00fablico Federal \u2013 na apura\u00e7\u00e3o, apesar da surpresa causada no STF com os acontecimentos envolvendo \u00e1udios de delatores e o encontro do procurador-geral com um advogado do empres\u00e1rio Joesley Batista. De acordo com o jornal &#8220;Estad\u00e3o&#8221;, a maioria dos integrantes do Supremo indica que deve acompanhar a posi\u00e7\u00e3o do ministro Edson Fachin, relator da Lava Jato na Corte, de n\u00e3o declarar Janot suspeito no caso \u2013 no entanto, tr\u00eas dos 11 membros&hellip; <\/p>\n","protected":false},"author":1,"featured_media":129062,"comment_status":"open","ping_status":"open","sticky":false,"template":"","format":"standard","meta":{"_acf_changed":false,"footnotes":""},"categories":[1],"tags":[],"class_list":["post-176275","post","type-post","status-publish","format-standard","has-post-thumbnail","hentry","category-politica"],"acf":[],"yoast_head":"<!-- This site is optimized with the Yoast SEO plugin v27.4 - https:\/\/yoast.com\/product\/yoast-seo-wordpress\/ -->\n<title>SUPREMO DEVER\u00c1 MANTER JANOT \u00c0 FRENTE DO CASO JBS - Blog do Farn\u00e9sio<\/title>\n<meta name=\"robots\" content=\"index, follow, max-snippet:-1, max-image-preview:large, max-video-preview:-1\" \/>\n<link rel=\"canonical\" href=\"https:\/\/blogdofarnesio.com.br\/?p=176275\" \/>\n<meta property=\"og:locale\" content=\"pt_BR\" \/>\n<meta property=\"og:type\" content=\"article\" \/>\n<meta property=\"og:title\" content=\"SUPREMO DEVER\u00c1 MANTER JANOT \u00c0 FRENTE DO CASO JBS - Blog do Farn\u00e9sio\" \/>\n<meta property=\"og:description\" content=\"O Supremo Tribunal Federal n\u00e3o levar\u00e1 em considera\u00e7\u00e3o, o desgaste do procurador-geral da Rep\u00fablica, Rodrigo Janot, e dever\u00e1 mant\u00ea-lo a frente das\u00a0investiga\u00e7\u00f5es contra o presidente Michel Temer no caso JBS. A tend\u00eancia da Corte \u00e9 manter Janot \u2013 que est\u00e1 na sua \u00faltima semana na chefia do Minist\u00e9rio P\u00fablico Federal \u2013 na apura\u00e7\u00e3o, apesar da surpresa causada no STF com os acontecimentos envolvendo \u00e1udios de delatores e o encontro do procurador-geral com um advogado do empres\u00e1rio Joesley Batista. De acordo com o jornal &#8220;Estad\u00e3o&#8221;, a maioria dos integrantes do Supremo indica que deve acompanhar a posi\u00e7\u00e3o do ministro Edson Fachin, relator da Lava Jato na Corte, de n\u00e3o declarar Janot suspeito no caso \u2013 no entanto, tr\u00eas dos 11 membros&hellip;\" \/>\n<meta property=\"og:url\" content=\"https:\/\/blogdofarnesio.com.br\/?p=176275\" \/>\n<meta property=\"og:site_name\" content=\"Blog do Farn\u00e9sio\" \/>\n<meta property=\"article:publisher\" content=\"https:\/\/www.facebook.com\/BlogQuerSaberPolitica\/\" \/>\n<meta property=\"article:published_time\" content=\"2017-09-12T15:30:16+00:00\" \/>\n<meta property=\"og:image\" content=\"https:\/\/blogdofarnesio.com.br\/wp-content\/uploads\/2015\/08\/blogqsp-rodrigojanot.jpeg\" \/>\n\t<meta property=\"og:image:width\" content=\"690\" \/>\n\t<meta property=\"og:image:height\" content=\"388\" \/>\n\t<meta property=\"og:image:type\" content=\"image\/jpeg\" \/>\n<meta name=\"author\" content=\"Farn\u00e9sio\" \/>\n<meta name=\"twitter:card\" content=\"summary_large_image\" \/>\n<meta name=\"twitter:label1\" content=\"Escrito por\" \/>\n\t<meta name=\"twitter:data1\" content=\"Farn\u00e9sio\" \/>\n\t<meta name=\"twitter:label2\" content=\"Est. tempo de leitura\" \/>\n\t<meta name=\"twitter:data2\" content=\"1 minuto\" \/>\n<script type=\"application\/ld+json\" class=\"yoast-schema-graph\">{\"@context\":\"https:\\\/\\\/schema.org\",\"@graph\":[{\"@type\":\"Article\",\"@id\":\"https:\\\/\\\/blogdofarnesio.com.br\\\/?p=176275#article\",\"isPartOf\":{\"@id\":\"https:\\\/\\\/blogdofarnesio.com.br\\\/?p=176275\"},\"author\":{\"name\":\"Farn\u00e9sio\",\"@id\":\"https:\\\/\\\/blogdofarnesio.com.br\\\/#\\\/schema\\\/person\\\/301c4acf522bccbfdb45af95b5b906a1\"},\"headline\":\"SUPREMO DEVER\u00c1 MANTER JANOT \u00c0 FRENTE DO CASO JBS\",\"datePublished\":\"2017-09-12T15:30:16+00:00\",\"mainEntityOfPage\":{\"@id\":\"https:\\\/\\\/blogdofarnesio.com.br\\\/?p=176275\"},\"wordCount\":233,\"commentCount\":0,\"publisher\":{\"@id\":\"https:\\\/\\\/blogdofarnesio.com.br\\\/#organization\"},\"image\":{\"@id\":\"https:\\\/\\\/blogdofarnesio.com.br\\\/?p=176275#primaryimage\"},\"thumbnailUrl\":\"https:\\\/\\\/blogdofarnesio.com.br\\\/wp-content\\\/uploads\\\/2015\\\/08\\\/blogqsp-rodrigojanot.jpeg\",\"articleSection\":[\"Pol\u00edtica\"],\"inLanguage\":\"pt-BR\",\"potentialAction\":[{\"@type\":\"CommentAction\",\"name\":\"Comment\",\"target\":[\"https:\\\/\\\/blogdofarnesio.com.br\\\/?p=176275#respond\"]}]},{\"@type\":\"WebPage\",\"@id\":\"https:\\\/\\\/blogdofarnesio.com.br\\\/?p=176275\",\"url\":\"https:\\\/\\\/blogdofarnesio.com.br\\\/?p=176275\",\"name\":\"SUPREMO DEVER\u00c1 MANTER JANOT \u00c0 FRENTE DO CASO JBS - Blog do Farn\u00e9sio\",\"isPartOf\":{\"@id\":\"https:\\\/\\\/blogdofarnesio.com.br\\\/#website\"},\"primaryImageOfPage\":{\"@id\":\"https:\\\/\\\/blogdofarnesio.com.br\\\/?p=176275#primaryimage\"},\"image\":{\"@id\":\"https:\\\/\\\/blogdofarnesio.com.br\\\/?p=176275#primaryimage\"},\"thumbnailUrl\":\"https:\\\/\\\/blogdofarnesio.com.br\\\/wp-content\\\/uploads\\\/2015\\\/08\\\/blogqsp-rodrigojanot.jpeg\",\"datePublished\":\"2017-09-12T15:30:16+00:00\",\"breadcrumb\":{\"@id\":\"https:\\\/\\\/blogdofarnesio.com.br\\\/?p=176275#breadcrumb\"},\"inLanguage\":\"pt-BR\",\"potentialAction\":[{\"@type\":\"ReadAction\",\"target\":[\"https:\\\/\\\/blogdofarnesio.com.br\\\/?p=176275\"]}]},{\"@type\":\"ImageObject\",\"inLanguage\":\"pt-BR\",\"@id\":\"https:\\\/\\\/blogdofarnesio.com.br\\\/?p=176275#primaryimage\",\"url\":\"https:\\\/\\\/blogdofarnesio.com.br\\\/wp-content\\\/uploads\\\/2015\\\/08\\\/blogqsp-rodrigojanot.jpeg\",\"contentUrl\":\"https:\\\/\\\/blogdofarnesio.com.br\\\/wp-content\\\/uploads\\\/2015\\\/08\\\/blogqsp-rodrigojanot.jpeg\",\"width\":690,\"height\":388},{\"@type\":\"BreadcrumbList\",\"@id\":\"https:\\\/\\\/blogdofarnesio.com.br\\\/?p=176275#breadcrumb\",\"itemListElement\":[{\"@type\":\"ListItem\",\"position\":1,\"name\":\"In\u00edcio\",\"item\":\"https:\\\/\\\/blogdofarnesio.com.br\\\/\"},{\"@type\":\"ListItem\",\"position\":2,\"name\":\"SUPREMO DEVER\u00c1 MANTER JANOT \u00c0 FRENTE DO CASO JBS\"}]},{\"@type\":\"WebSite\",\"@id\":\"https:\\\/\\\/blogdofarnesio.com.br\\\/#website\",\"url\":\"https:\\\/\\\/blogdofarnesio.com.br\\\/\",\"name\":\"Blog do Farn\u00e9sio\",\"description\":\"Quer Saber Pol\u00edtica?\",\"publisher\":{\"@id\":\"https:\\\/\\\/blogdofarnesio.com.br\\\/#organization\"},\"potentialAction\":[{\"@type\":\"SearchAction\",\"target\":{\"@type\":\"EntryPoint\",\"urlTemplate\":\"https:\\\/\\\/blogdofarnesio.com.br\\\/?s={search_term_string}\"},\"query-input\":{\"@type\":\"PropertyValueSpecification\",\"valueRequired\":true,\"valueName\":\"search_term_string\"}}],\"inLanguage\":\"pt-BR\"},{\"@type\":\"Organization\",\"@id\":\"https:\\\/\\\/blogdofarnesio.com.br\\\/#organization\",\"name\":\"Blog do Farn\u00e9sio\",\"url\":\"https:\\\/\\\/blogdofarnesio.com.br\\\/\",\"logo\":{\"@type\":\"ImageObject\",\"inLanguage\":\"pt-BR\",\"@id\":\"https:\\\/\\\/blogdofarnesio.com.br\\\/#\\\/schema\\\/logo\\\/image\\\/\",\"url\":\"https:\\\/\\\/blogdofarnesio.com.br\\\/wp-content\\\/uploads\\\/2026\\\/03\\\/cropped-logo_new-1.png\",\"contentUrl\":\"https:\\\/\\\/blogdofarnesio.com.br\\\/wp-content\\\/uploads\\\/2026\\\/03\\\/cropped-logo_new-1.png\",\"width\":881,\"height\":685,\"caption\":\"Blog do Farn\u00e9sio\"},\"image\":{\"@id\":\"https:\\\/\\\/blogdofarnesio.com.br\\\/#\\\/schema\\\/logo\\\/image\\\/\"},\"sameAs\":[\"https:\\\/\\\/www.facebook.com\\\/BlogQuerSaberPolitica\\\/\"]},{\"@type\":\"Person\",\"@id\":\"https:\\\/\\\/blogdofarnesio.com.br\\\/#\\\/schema\\\/person\\\/301c4acf522bccbfdb45af95b5b906a1\",\"name\":\"Farn\u00e9sio\",\"image\":{\"@type\":\"ImageObject\",\"inLanguage\":\"pt-BR\",\"@id\":\"https:\\\/\\\/secure.gravatar.com\\\/avatar\\\/df0c9a14567c056f8ad6876ba5bbd1e3e2c48023eb6807342fc4663adf549f38?s=96&d=mm&r=g\",\"url\":\"https:\\\/\\\/secure.gravatar.com\\\/avatar\\\/df0c9a14567c056f8ad6876ba5bbd1e3e2c48023eb6807342fc4663adf549f38?s=96&d=mm&r=g\",\"contentUrl\":\"https:\\\/\\\/secure.gravatar.com\\\/avatar\\\/df0c9a14567c056f8ad6876ba5bbd1e3e2c48023eb6807342fc4663adf549f38?s=96&d=mm&r=g\",\"caption\":\"Farn\u00e9sio\"},\"sameAs\":[\"https:\\\/\\\/quersaberpolitica.com.br\"],\"url\":\"https:\\\/\\\/blogdofarnesio.com.br\\\/?author=1\"}]}<\/script>\n<!-- \/ Yoast SEO plugin. -->","yoast_head_json":{"title":"SUPREMO DEVER\u00c1 MANTER JANOT \u00c0 FRENTE DO CASO JBS - Blog do Farn\u00e9sio","robots":{"index":"index","follow":"follow","max-snippet":"max-snippet:-1","max-image-preview":"max-image-preview:large","max-video-preview":"max-video-preview:-1"},"canonical":"https:\/\/blogdofarnesio.com.br\/?p=176275","og_locale":"pt_BR","og_type":"article","og_title":"SUPREMO DEVER\u00c1 MANTER JANOT \u00c0 FRENTE DO CASO JBS - Blog do Farn\u00e9sio","og_description":"O Supremo Tribunal Federal n\u00e3o levar\u00e1 em considera\u00e7\u00e3o, o desgaste do procurador-geral da Rep\u00fablica, Rodrigo Janot, e dever\u00e1 mant\u00ea-lo a frente das\u00a0investiga\u00e7\u00f5es contra o presidente Michel Temer no caso JBS. A tend\u00eancia da Corte \u00e9 manter Janot \u2013 que est\u00e1 na sua \u00faltima semana na chefia do Minist\u00e9rio P\u00fablico Federal \u2013 na apura\u00e7\u00e3o, apesar da surpresa causada no STF com os acontecimentos envolvendo \u00e1udios de delatores e o encontro do procurador-geral com um advogado do empres\u00e1rio Joesley Batista. De acordo com o jornal &#8220;Estad\u00e3o&#8221;, a maioria dos integrantes do Supremo indica que deve acompanhar a posi\u00e7\u00e3o do ministro Edson Fachin, relator da Lava Jato na Corte, de n\u00e3o declarar Janot suspeito no caso \u2013 no entanto, tr\u00eas dos 11 membros&hellip;","og_url":"https:\/\/blogdofarnesio.com.br\/?p=176275","og_site_name":"Blog do Farn\u00e9sio","article_publisher":"https:\/\/www.facebook.com\/BlogQuerSaberPolitica\/","article_published_time":"2017-09-12T15:30:16+00:00","og_image":[{"width":690,"height":388,"url":"https:\/\/blogdofarnesio.com.br\/wp-content\/uploads\/2015\/08\/blogqsp-rodrigojanot.jpeg","type":"image\/jpeg"}],"author":"Farn\u00e9sio","twitter_card":"summary_large_image","twitter_misc":{"Escrito por":"Farn\u00e9sio","Est. tempo de leitura":"1 minuto"},"schema":{"@context":"https:\/\/schema.org","@graph":[{"@type":"Article","@id":"https:\/\/blogdofarnesio.com.br\/?p=176275#article","isPartOf":{"@id":"https:\/\/blogdofarnesio.com.br\/?p=176275"},"author":{"name":"Farn\u00e9sio","@id":"https:\/\/blogdofarnesio.com.br\/#\/schema\/person\/301c4acf522bccbfdb45af95b5b906a1"},"headline":"SUPREMO DEVER\u00c1 MANTER JANOT \u00c0 FRENTE DO CASO JBS","datePublished":"2017-09-12T15:30:16+00:00","mainEntityOfPage":{"@id":"https:\/\/blogdofarnesio.com.br\/?p=176275"},"wordCount":233,"commentCount":0,"publisher":{"@id":"https:\/\/blogdofarnesio.com.br\/#organization"},"image":{"@id":"https:\/\/blogdofarnesio.com.br\/?p=176275#primaryimage"},"thumbnailUrl":"https:\/\/blogdofarnesio.com.br\/wp-content\/uploads\/2015\/08\/blogqsp-rodrigojanot.jpeg","articleSection":["Pol\u00edtica"],"inLanguage":"pt-BR","potentialAction":[{"@type":"CommentAction","name":"Comment","target":["https:\/\/blogdofarnesio.com.br\/?p=176275#respond"]}]},{"@type":"WebPage","@id":"https:\/\/blogdofarnesio.com.br\/?p=176275","url":"https:\/\/blogdofarnesio.com.br\/?p=176275","name":"SUPREMO DEVER\u00c1 MANTER JANOT \u00c0 FRENTE DO CASO JBS - Blog do Farn\u00e9sio","isPartOf":{"@id":"https:\/\/blogdofarnesio.com.br\/#website"},"primaryImageOfPage":{"@id":"https:\/\/blogdofarnesio.com.br\/?p=176275#primaryimage"},"image":{"@id":"https:\/\/blogdofarnesio.com.br\/?p=176275#primaryimage"},"thumbnailUrl":"https:\/\/blogdofarnesio.com.br\/wp-content\/uploads\/2015\/08\/blogqsp-rodrigojanot.jpeg","datePublished":"2017-09-12T15:30:16+00:00","breadcrumb":{"@id":"https:\/\/blogdofarnesio.com.br\/?p=176275#breadcrumb"},"inLanguage":"pt-BR","potentialAction":[{"@type":"ReadAction","target":["https:\/\/blogdofarnesio.com.br\/?p=176275"]}]},{"@type":"ImageObject","inLanguage":"pt-BR","@id":"https:\/\/blogdofarnesio.com.br\/?p=176275#primaryimage","url":"https:\/\/blogdofarnesio.com.br\/wp-content\/uploads\/2015\/08\/blogqsp-rodrigojanot.jpeg","contentUrl":"https:\/\/blogdofarnesio.com.br\/wp-content\/uploads\/2015\/08\/blogqsp-rodrigojanot.jpeg","width":690,"height":388},{"@type":"BreadcrumbList","@id":"https:\/\/blogdofarnesio.com.br\/?p=176275#breadcrumb","itemListElement":[{"@type":"ListItem","position":1,"name":"In\u00edcio","item":"https:\/\/blogdofarnesio.com.br\/"},{"@type":"ListItem","position":2,"name":"SUPREMO DEVER\u00c1 MANTER JANOT \u00c0 FRENTE DO CASO JBS"}]},{"@type":"WebSite","@id":"https:\/\/blogdofarnesio.com.br\/#website","url":"https:\/\/blogdofarnesio.com.br\/","name":"Blog do Farn\u00e9sio","description":"Quer Saber Pol\u00edtica?","publisher":{"@id":"https:\/\/blogdofarnesio.com.br\/#organization"},"potentialAction":[{"@type":"SearchAction","target":{"@type":"EntryPoint","urlTemplate":"https:\/\/blogdofarnesio.com.br\/?s={search_term_string}"},"query-input":{"@type":"PropertyValueSpecification","valueRequired":true,"valueName":"search_term_string"}}],"inLanguage":"pt-BR"},{"@type":"Organization","@id":"https:\/\/blogdofarnesio.com.br\/#organization","name":"Blog do Farn\u00e9sio","url":"https:\/\/blogdofarnesio.com.br\/","logo":{"@type":"ImageObject","inLanguage":"pt-BR","@id":"https:\/\/blogdofarnesio.com.br\/#\/schema\/logo\/image\/","url":"https:\/\/blogdofarnesio.com.br\/wp-content\/uploads\/2026\/03\/cropped-logo_new-1.png","contentUrl":"https:\/\/blogdofarnesio.com.br\/wp-content\/uploads\/2026\/03\/cropped-logo_new-1.png","width":881,"height":685,"caption":"Blog do Farn\u00e9sio"},"image":{"@id":"https:\/\/blogdofarnesio.com.br\/#\/schema\/logo\/image\/"},"sameAs":["https:\/\/www.facebook.com\/BlogQuerSaberPolitica\/"]},{"@type":"Person","@id":"https:\/\/blogdofarnesio.com.br\/#\/schema\/person\/301c4acf522bccbfdb45af95b5b906a1","name":"Farn\u00e9sio","image":{"@type":"ImageObject","inLanguage":"pt-BR","@id":"https:\/\/secure.gravatar.com\/avatar\/df0c9a14567c056f8ad6876ba5bbd1e3e2c48023eb6807342fc4663adf549f38?s=96&d=mm&r=g","url":"https:\/\/secure.gravatar.com\/avatar\/df0c9a14567c056f8ad6876ba5bbd1e3e2c48023eb6807342fc4663adf549f38?s=96&d=mm&r=g","contentUrl":"https:\/\/secure.gravatar.com\/avatar\/df0c9a14567c056f8ad6876ba5bbd1e3e2c48023eb6807342fc4663adf549f38?s=96&d=mm&r=g","caption":"Farn\u00e9sio"},"sameAs":["https:\/\/quersaberpolitica.com.br"],"url":"https:\/\/blogdofarnesio.com.br\/?author=1"}]}},"_links":{"self":[{"href":"https:\/\/blogdofarnesio.com.br\/index.php?rest_route=\/wp\/v2\/posts\/176275","targetHints":{"allow":["GET"]}}],"collection":[{"href":"https:\/\/blogdofarnesio.com.br\/index.php?rest_route=\/wp\/v2\/posts"}],"about":[{"href":"https:\/\/blogdofarnesio.com.br\/index.php?rest_route=\/wp\/v2\/types\/post"}],"author":[{"embeddable":true,"href":"https:\/\/blogdofarnesio.com.br\/index.php?rest_route=\/wp\/v2\/users\/1"}],"replies":[{"embeddable":true,"href":"https:\/\/blogdofarnesio.com.br\/index.php?rest_route=%2Fwp%2Fv2%2Fcomments&post=176275"}],"version-history":[{"count":0,"href":"https:\/\/blogdofarnesio.com.br\/index.php?rest_route=\/wp\/v2\/posts\/176275\/revisions"}],"wp:featuredmedia":[{"embeddable":true,"href":"https:\/\/blogdofarnesio.com.br\/index.php?rest_route=\/wp\/v2\/media\/129062"}],"wp:attachment":[{"href":"https:\/\/blogdofarnesio.com.br\/index.php?rest_route=%2Fwp%2Fv2%2Fmedia&parent=176275"}],"wp:term":[{"taxonomy":"category","embeddable":true,"href":"https:\/\/blogdofarnesio.com.br\/index.php?rest_route=%2Fwp%2Fv2%2Fcategories&post=176275"},{"taxonomy":"post_tag","embeddable":true,"href":"https:\/\/blogdofarnesio.com.br\/index.php?rest_route=%2Fwp%2Fv2%2Ftags&post=176275"}],"curies":[{"name":"wp","href":"https:\/\/api.w.org\/{rel}","templated":true}]}}