{"id":17627,"date":"2012-09-25T10:21:31","date_gmt":"2012-09-25T10:21:31","guid":{"rendered":"http:\/\/www.quersaberpolitica.com.br?p=17627"},"modified":"2012-09-25T07:09:35","modified_gmt":"2012-09-25T07:09:35","slug":"aprovados-da-saude-sao-convocados-para-posse-pela-prefeitura-de-juazeiro","status":"publish","type":"post","link":"https:\/\/blogdofarnesio.com.br\/?p=17627","title":{"rendered":"Aprovados da Sa\u00fade s\u00e3o convocados para posse pela Prefeitura de Juazeiro"},"content":{"rendered":"<p><a style=\"font-family: arial, helvetica, sans-serif; font-size: medium; text-align: justify;\" rel=\"lightbox\" href=\"http:\/\/www.quersaberpolitica.com.br\/2016\/wp-content\/uploads\/2012\/12\/blogqspaprovadosconcursovest2.jpg\"><img loading=\"lazy\" decoding=\"async\" style=\"float: left; margin: 5px 10px;\" src=\"http:\/\/www.quersaberpolitica.com.br\/2016\/wp-content\/uploads\/2012\/12\/blogqspaprovadosconcursovest2.jpg\" alt=\"\" width=\"200\" height=\"116\" \/><\/a><\/p>\n<p style=\"text-align: justify;\"><span style=\"font-family: arial, helvetica, sans-serif; font-size: medium;\">A Secretaria da Sa&uacute;de de Juazeiro (Sesau) publica, nesta segunda-feira (24), novos Editais de convoca&ccedil;&atilde;o para posse dos profissionais aprovados no Concurso P&uacute;blico, realizado em 18 de mar&ccedil;o deste ano.<\/span><\/p>\n<p style=\"text-align: justify;\"><span style=\"font-size: medium;\"><span style=\"font-family: arial, helvetica, sans-serif;\">O Edital de Convoca&ccedil;&atilde;o n&ordm;. 07\/2012 divulga a rela&ccedil;&atilde;o dos profissionais para tomada de posse em seus respectivos cargos. J&aacute; o Edital n&ordm;. 08\/2012 est&aacute; chamando novamente os aprovados que solicitaram prorroga&ccedil;&atilde;o de posse da 1&ordm; convoca&ccedil;&atilde;o. O ato de posse &#8211; para ambos &#8211; ser&aacute; realizado nesta quarta-feira, dia 26 de setembro, no N&uacute;cleo de Recursos Humanos da Sesau, das 9h &agrave;s 15h.<\/span><\/span><\/p>\n<p style=\"text-align: justify;\"><span style=\"font-size: medium;\"><span style=\"font-family: arial, helvetica, sans-serif;\">O pr&eacute;dio da Secretaria fica situado na Pra&ccedil;a 15 de julho, n&ordm;. 32, Centro e o N&uacute;cleo de RH, no 1&ordm; andar. A rela&ccedil;&atilde;o dos nomes dos profissionais convocados &#8211; nestes novos Editais &#8211; pode ser encontrada no site www.juazeiro.ba.gov.br.<\/span><\/span><\/p>\n<div><span style=\"font-size: medium;\"><span style=\"font-family: arial, helvetica, sans-serif;\"><br \/><\/span><\/span><\/div>\n<p>&nbsp;<\/p>\n","protected":false},"excerpt":{"rendered":"<p>A Secretaria da Sa&uacute;de de Juazeiro (Sesau) publica, nesta segunda-feira (24), novos Editais de convoca&ccedil;&atilde;o para posse dos profissionais aprovados no Concurso P&uacute;blico, realizado em 18 de mar&ccedil;o deste ano. O Edital de Convoca&ccedil;&atilde;o n&ordm;. 07\/2012 divulga a rela&ccedil;&atilde;o dos profissionais para tomada de posse em seus respectivos cargos. J&aacute; o Edital n&ordm;. 08\/2012 est&aacute; chamando novamente os aprovados que solicitaram prorroga&ccedil;&atilde;o de posse da 1&ordm; convoca&ccedil;&atilde;o. O ato de posse &#8211; para ambos &#8211; ser&aacute; realizado nesta quarta-feira, dia 26 de setembro, no N&uacute;cleo de Recursos Humanos da Sesau, das 9h &agrave;s 15h. O pr&eacute;dio da Secretaria fica situado na Pra&ccedil;a 15 de julho, n&ordm;. 32, Centro e o N&uacute;cleo de RH, no 1&ordm; andar. A rela&ccedil;&atilde;o dos nomes&hellip; <\/p>\n","protected":false},"author":0,"featured_media":0,"comment_status":"open","ping_status":"open","sticky":false,"template":"","format":"standard","meta":{"_acf_changed":false,"footnotes":""},"categories":[31],"tags":[],"class_list":["post-17627","post","type-post","status-publish","format-standard","hentry","category-concursos"],"acf":[],"yoast_head":"<!-- This site is optimized with the Yoast SEO plugin v27.4 - https:\/\/yoast.com\/product\/yoast-seo-wordpress\/ -->\n<title>Aprovados da Sa\u00fade s\u00e3o convocados para posse pela Prefeitura de Juazeiro  - Blog do Farn\u00e9sio<\/title>\n<meta name=\"robots\" content=\"index, follow, max-snippet:-1, max-image-preview:large, max-video-preview:-1\" \/>\n<link rel=\"canonical\" href=\"https:\/\/blogdofarnesio.com.br\/?p=17627\" \/>\n<meta property=\"og:locale\" content=\"pt_BR\" \/>\n<meta property=\"og:type\" content=\"article\" \/>\n<meta property=\"og:title\" content=\"Aprovados da Sa\u00fade s\u00e3o convocados para posse pela Prefeitura de Juazeiro  - Blog do Farn\u00e9sio\" \/>\n<meta property=\"og:description\" content=\"A Secretaria da Sa&uacute;de de Juazeiro (Sesau) publica, nesta segunda-feira (24), novos Editais de convoca&ccedil;&atilde;o para posse dos profissionais aprovados no Concurso P&uacute;blico, realizado em 18 de mar&ccedil;o deste ano. O Edital de Convoca&ccedil;&atilde;o n&ordm;. 07\/2012 divulga a rela&ccedil;&atilde;o dos profissionais para tomada de posse em seus respectivos cargos. J&aacute; o Edital n&ordm;. 08\/2012 est&aacute; chamando novamente os aprovados que solicitaram prorroga&ccedil;&atilde;o de posse da 1&ordm; convoca&ccedil;&atilde;o. O ato de posse &#8211; para ambos &#8211; ser&aacute; realizado nesta quarta-feira, dia 26 de setembro, no N&uacute;cleo de Recursos Humanos da Sesau, das 9h &agrave;s 15h. O pr&eacute;dio da Secretaria fica situado na Pra&ccedil;a 15 de julho, n&ordm;. 32, Centro e o N&uacute;cleo de RH, no 1&ordm; andar. A rela&ccedil;&atilde;o dos nomes&hellip;\" \/>\n<meta property=\"og:url\" content=\"https:\/\/blogdofarnesio.com.br\/?p=17627\" \/>\n<meta property=\"og:site_name\" content=\"Blog do Farn\u00e9sio\" \/>\n<meta property=\"article:publisher\" content=\"https:\/\/www.facebook.com\/BlogQuerSaberPolitica\/\" \/>\n<meta property=\"article:published_time\" content=\"2012-09-25T10:21:31+00:00\" \/>\n<meta property=\"og:image\" content=\"http:\/\/www.quersaberpolitica.com.br\/2016\/wp-content\/uploads\/2012\/12\/blogqspaprovadosconcursovest2.jpg\" \/>\n<meta name=\"twitter:card\" content=\"summary_large_image\" \/>\n<meta name=\"twitter:label1\" content=\"Est. tempo de leitura\" \/>\n\t<meta name=\"twitter:data1\" content=\"1 minuto\" \/>\n<script type=\"application\/ld+json\" class=\"yoast-schema-graph\">{\"@context\":\"https:\\\/\\\/schema.org\",\"@graph\":[{\"@type\":\"Article\",\"@id\":\"https:\\\/\\\/blogdofarnesio.com.br\\\/?p=17627#article\",\"isPartOf\":{\"@id\":\"https:\\\/\\\/blogdofarnesio.com.br\\\/?p=17627\"},\"author\":{\"name\":\"\",\"@id\":\"\"},\"headline\":\"Aprovados da Sa\u00fade s\u00e3o convocados para posse pela Prefeitura de Juazeiro\",\"datePublished\":\"2012-09-25T10:21:31+00:00\",\"mainEntityOfPage\":{\"@id\":\"https:\\\/\\\/blogdofarnesio.com.br\\\/?p=17627\"},\"wordCount\":184,\"commentCount\":0,\"publisher\":{\"@id\":\"https:\\\/\\\/blogdofarnesio.com.br\\\/#organization\"},\"image\":{\"@id\":\"https:\\\/\\\/blogdofarnesio.com.br\\\/?p=17627#primaryimage\"},\"thumbnailUrl\":\"http:\\\/\\\/www.quersaberpolitica.com.br\\\/2016\\\/wp-content\\\/uploads\\\/2012\\\/12\\\/blogqspaprovadosconcursovest2.jpg\",\"articleSection\":[\"Concursos\"],\"inLanguage\":\"pt-BR\",\"potentialAction\":[{\"@type\":\"CommentAction\",\"name\":\"Comment\",\"target\":[\"https:\\\/\\\/blogdofarnesio.com.br\\\/?p=17627#respond\"]}]},{\"@type\":\"WebPage\",\"@id\":\"https:\\\/\\\/blogdofarnesio.com.br\\\/?p=17627\",\"url\":\"https:\\\/\\\/blogdofarnesio.com.br\\\/?p=17627\",\"name\":\"Aprovados da Sa\u00fade s\u00e3o convocados para posse pela Prefeitura de Juazeiro - Blog do Farn\u00e9sio\",\"isPartOf\":{\"@id\":\"https:\\\/\\\/blogdofarnesio.com.br\\\/#website\"},\"primaryImageOfPage\":{\"@id\":\"https:\\\/\\\/blogdofarnesio.com.br\\\/?p=17627#primaryimage\"},\"image\":{\"@id\":\"https:\\\/\\\/blogdofarnesio.com.br\\\/?p=17627#primaryimage\"},\"thumbnailUrl\":\"http:\\\/\\\/www.quersaberpolitica.com.br\\\/2016\\\/wp-content\\\/uploads\\\/2012\\\/12\\\/blogqspaprovadosconcursovest2.jpg\",\"datePublished\":\"2012-09-25T10:21:31+00:00\",\"breadcrumb\":{\"@id\":\"https:\\\/\\\/blogdofarnesio.com.br\\\/?p=17627#breadcrumb\"},\"inLanguage\":\"pt-BR\",\"potentialAction\":[{\"@type\":\"ReadAction\",\"target\":[\"https:\\\/\\\/blogdofarnesio.com.br\\\/?p=17627\"]}]},{\"@type\":\"ImageObject\",\"inLanguage\":\"pt-BR\",\"@id\":\"https:\\\/\\\/blogdofarnesio.com.br\\\/?p=17627#primaryimage\",\"url\":\"http:\\\/\\\/www.quersaberpolitica.com.br\\\/2016\\\/wp-content\\\/uploads\\\/2012\\\/12\\\/blogqspaprovadosconcursovest2.jpg\",\"contentUrl\":\"http:\\\/\\\/www.quersaberpolitica.com.br\\\/2016\\\/wp-content\\\/uploads\\\/2012\\\/12\\\/blogqspaprovadosconcursovest2.jpg\"},{\"@type\":\"BreadcrumbList\",\"@id\":\"https:\\\/\\\/blogdofarnesio.com.br\\\/?p=17627#breadcrumb\",\"itemListElement\":[{\"@type\":\"ListItem\",\"position\":1,\"name\":\"In\u00edcio\",\"item\":\"https:\\\/\\\/blogdofarnesio.com.br\\\/\"},{\"@type\":\"ListItem\",\"position\":2,\"name\":\"Aprovados da Sa\u00fade s\u00e3o convocados para posse pela Prefeitura de Juazeiro\"}]},{\"@type\":\"WebSite\",\"@id\":\"https:\\\/\\\/blogdofarnesio.com.br\\\/#website\",\"url\":\"https:\\\/\\\/blogdofarnesio.com.br\\\/\",\"name\":\"Blog do Farn\u00e9sio\",\"description\":\"Quer Saber Pol\u00edtica?\",\"publisher\":{\"@id\":\"https:\\\/\\\/blogdofarnesio.com.br\\\/#organization\"},\"potentialAction\":[{\"@type\":\"SearchAction\",\"target\":{\"@type\":\"EntryPoint\",\"urlTemplate\":\"https:\\\/\\\/blogdofarnesio.com.br\\\/?s={search_term_string}\"},\"query-input\":{\"@type\":\"PropertyValueSpecification\",\"valueRequired\":true,\"valueName\":\"search_term_string\"}}],\"inLanguage\":\"pt-BR\"},{\"@type\":\"Organization\",\"@id\":\"https:\\\/\\\/blogdofarnesio.com.br\\\/#organization\",\"name\":\"Blog do Farn\u00e9sio\",\"url\":\"https:\\\/\\\/blogdofarnesio.com.br\\\/\",\"logo\":{\"@type\":\"ImageObject\",\"inLanguage\":\"pt-BR\",\"@id\":\"https:\\\/\\\/blogdofarnesio.com.br\\\/#\\\/schema\\\/logo\\\/image\\\/\",\"url\":\"https:\\\/\\\/blogdofarnesio.com.br\\\/wp-content\\\/uploads\\\/2026\\\/03\\\/cropped-logo_new-1.png\",\"contentUrl\":\"https:\\\/\\\/blogdofarnesio.com.br\\\/wp-content\\\/uploads\\\/2026\\\/03\\\/cropped-logo_new-1.png\",\"width\":881,\"height\":685,\"caption\":\"Blog do Farn\u00e9sio\"},\"image\":{\"@id\":\"https:\\\/\\\/blogdofarnesio.com.br\\\/#\\\/schema\\\/logo\\\/image\\\/\"},\"sameAs\":[\"https:\\\/\\\/www.facebook.com\\\/BlogQuerSaberPolitica\\\/\"]}]}<\/script>\n<!-- \/ Yoast SEO plugin. -->","yoast_head_json":{"title":"Aprovados da Sa\u00fade s\u00e3o convocados para posse pela Prefeitura de Juazeiro  - Blog do Farn\u00e9sio","robots":{"index":"index","follow":"follow","max-snippet":"max-snippet:-1","max-image-preview":"max-image-preview:large","max-video-preview":"max-video-preview:-1"},"canonical":"https:\/\/blogdofarnesio.com.br\/?p=17627","og_locale":"pt_BR","og_type":"article","og_title":"Aprovados da Sa\u00fade s\u00e3o convocados para posse pela Prefeitura de Juazeiro  - Blog do Farn\u00e9sio","og_description":"A Secretaria da Sa&uacute;de de Juazeiro (Sesau) publica, nesta segunda-feira (24), novos Editais de convoca&ccedil;&atilde;o para posse dos profissionais aprovados no Concurso P&uacute;blico, realizado em 18 de mar&ccedil;o deste ano. O Edital de Convoca&ccedil;&atilde;o n&ordm;. 07\/2012 divulga a rela&ccedil;&atilde;o dos profissionais para tomada de posse em seus respectivos cargos. J&aacute; o Edital n&ordm;. 08\/2012 est&aacute; chamando novamente os aprovados que solicitaram prorroga&ccedil;&atilde;o de posse da 1&ordm; convoca&ccedil;&atilde;o. O ato de posse &#8211; para ambos &#8211; ser&aacute; realizado nesta quarta-feira, dia 26 de setembro, no N&uacute;cleo de Recursos Humanos da Sesau, das 9h &agrave;s 15h. O pr&eacute;dio da Secretaria fica situado na Pra&ccedil;a 15 de julho, n&ordm;. 32, Centro e o N&uacute;cleo de RH, no 1&ordm; andar. A rela&ccedil;&atilde;o dos nomes&hellip;","og_url":"https:\/\/blogdofarnesio.com.br\/?p=17627","og_site_name":"Blog do Farn\u00e9sio","article_publisher":"https:\/\/www.facebook.com\/BlogQuerSaberPolitica\/","article_published_time":"2012-09-25T10:21:31+00:00","og_image":[{"url":"http:\/\/www.quersaberpolitica.com.br\/2016\/wp-content\/uploads\/2012\/12\/blogqspaprovadosconcursovest2.jpg","type":"","width":"","height":""}],"twitter_card":"summary_large_image","twitter_misc":{"Est. tempo de leitura":"1 minuto"},"schema":{"@context":"https:\/\/schema.org","@graph":[{"@type":"Article","@id":"https:\/\/blogdofarnesio.com.br\/?p=17627#article","isPartOf":{"@id":"https:\/\/blogdofarnesio.com.br\/?p=17627"},"author":{"name":"","@id":""},"headline":"Aprovados da Sa\u00fade s\u00e3o convocados para posse pela Prefeitura de Juazeiro","datePublished":"2012-09-25T10:21:31+00:00","mainEntityOfPage":{"@id":"https:\/\/blogdofarnesio.com.br\/?p=17627"},"wordCount":184,"commentCount":0,"publisher":{"@id":"https:\/\/blogdofarnesio.com.br\/#organization"},"image":{"@id":"https:\/\/blogdofarnesio.com.br\/?p=17627#primaryimage"},"thumbnailUrl":"http:\/\/www.quersaberpolitica.com.br\/2016\/wp-content\/uploads\/2012\/12\/blogqspaprovadosconcursovest2.jpg","articleSection":["Concursos"],"inLanguage":"pt-BR","potentialAction":[{"@type":"CommentAction","name":"Comment","target":["https:\/\/blogdofarnesio.com.br\/?p=17627#respond"]}]},{"@type":"WebPage","@id":"https:\/\/blogdofarnesio.com.br\/?p=17627","url":"https:\/\/blogdofarnesio.com.br\/?p=17627","name":"Aprovados da Sa\u00fade s\u00e3o convocados para posse pela Prefeitura de Juazeiro - Blog do Farn\u00e9sio","isPartOf":{"@id":"https:\/\/blogdofarnesio.com.br\/#website"},"primaryImageOfPage":{"@id":"https:\/\/blogdofarnesio.com.br\/?p=17627#primaryimage"},"image":{"@id":"https:\/\/blogdofarnesio.com.br\/?p=17627#primaryimage"},"thumbnailUrl":"http:\/\/www.quersaberpolitica.com.br\/2016\/wp-content\/uploads\/2012\/12\/blogqspaprovadosconcursovest2.jpg","datePublished":"2012-09-25T10:21:31+00:00","breadcrumb":{"@id":"https:\/\/blogdofarnesio.com.br\/?p=17627#breadcrumb"},"inLanguage":"pt-BR","potentialAction":[{"@type":"ReadAction","target":["https:\/\/blogdofarnesio.com.br\/?p=17627"]}]},{"@type":"ImageObject","inLanguage":"pt-BR","@id":"https:\/\/blogdofarnesio.com.br\/?p=17627#primaryimage","url":"http:\/\/www.quersaberpolitica.com.br\/2016\/wp-content\/uploads\/2012\/12\/blogqspaprovadosconcursovest2.jpg","contentUrl":"http:\/\/www.quersaberpolitica.com.br\/2016\/wp-content\/uploads\/2012\/12\/blogqspaprovadosconcursovest2.jpg"},{"@type":"BreadcrumbList","@id":"https:\/\/blogdofarnesio.com.br\/?p=17627#breadcrumb","itemListElement":[{"@type":"ListItem","position":1,"name":"In\u00edcio","item":"https:\/\/blogdofarnesio.com.br\/"},{"@type":"ListItem","position":2,"name":"Aprovados da Sa\u00fade s\u00e3o convocados para posse pela Prefeitura de Juazeiro"}]},{"@type":"WebSite","@id":"https:\/\/blogdofarnesio.com.br\/#website","url":"https:\/\/blogdofarnesio.com.br\/","name":"Blog do Farn\u00e9sio","description":"Quer Saber Pol\u00edtica?","publisher":{"@id":"https:\/\/blogdofarnesio.com.br\/#organization"},"potentialAction":[{"@type":"SearchAction","target":{"@type":"EntryPoint","urlTemplate":"https:\/\/blogdofarnesio.com.br\/?s={search_term_string}"},"query-input":{"@type":"PropertyValueSpecification","valueRequired":true,"valueName":"search_term_string"}}],"inLanguage":"pt-BR"},{"@type":"Organization","@id":"https:\/\/blogdofarnesio.com.br\/#organization","name":"Blog do Farn\u00e9sio","url":"https:\/\/blogdofarnesio.com.br\/","logo":{"@type":"ImageObject","inLanguage":"pt-BR","@id":"https:\/\/blogdofarnesio.com.br\/#\/schema\/logo\/image\/","url":"https:\/\/blogdofarnesio.com.br\/wp-content\/uploads\/2026\/03\/cropped-logo_new-1.png","contentUrl":"https:\/\/blogdofarnesio.com.br\/wp-content\/uploads\/2026\/03\/cropped-logo_new-1.png","width":881,"height":685,"caption":"Blog do Farn\u00e9sio"},"image":{"@id":"https:\/\/blogdofarnesio.com.br\/#\/schema\/logo\/image\/"},"sameAs":["https:\/\/www.facebook.com\/BlogQuerSaberPolitica\/"]}]}},"_links":{"self":[{"href":"https:\/\/blogdofarnesio.com.br\/index.php?rest_route=\/wp\/v2\/posts\/17627","targetHints":{"allow":["GET"]}}],"collection":[{"href":"https:\/\/blogdofarnesio.com.br\/index.php?rest_route=\/wp\/v2\/posts"}],"about":[{"href":"https:\/\/blogdofarnesio.com.br\/index.php?rest_route=\/wp\/v2\/types\/post"}],"replies":[{"embeddable":true,"href":"https:\/\/blogdofarnesio.com.br\/index.php?rest_route=%2Fwp%2Fv2%2Fcomments&post=17627"}],"version-history":[{"count":0,"href":"https:\/\/blogdofarnesio.com.br\/index.php?rest_route=\/wp\/v2\/posts\/17627\/revisions"}],"wp:attachment":[{"href":"https:\/\/blogdofarnesio.com.br\/index.php?rest_route=%2Fwp%2Fv2%2Fmedia&parent=17627"}],"wp:term":[{"taxonomy":"category","embeddable":true,"href":"https:\/\/blogdofarnesio.com.br\/index.php?rest_route=%2Fwp%2Fv2%2Fcategories&post=17627"},{"taxonomy":"post_tag","embeddable":true,"href":"https:\/\/blogdofarnesio.com.br\/index.php?rest_route=%2Fwp%2Fv2%2Ftags&post=17627"}],"curies":[{"name":"wp","href":"https:\/\/api.w.org\/{rel}","templated":true}]}}