{"id":176244,"date":"2017-09-12T11:30:08","date_gmt":"2017-09-12T14:30:08","guid":{"rendered":"http:\/\/quersaberpolitica.com.br\/2016\/?p=176244"},"modified":"2017-09-12T09:38:19","modified_gmt":"2017-09-12T12:38:19","slug":"direto-de-sobradinho-405","status":"publish","type":"post","link":"https:\/\/blogdofarnesio.com.br\/?p=176244","title":{"rendered":"DIRETO DE SOBRADINHO"},"content":{"rendered":"<p style=\"text-align: center;\">COM APOIO DA PREFEITURA ACONTECEU EM SOBRADINHO A I COPA CORINTHIANS DE FUTEBOL DE BASE DA TERRA DA BARRAGEM<\/p>\n<p style=\"text-align: justify;\">A\u00a0Prefeitura de Sobradinho, atrav\u00e9s da Secretaria de Turismo, Esporte e Cultura garantiu apoio log\u00edstico a I Copa\u00a0Corinthians de Futebol de Base da Terra da Barragem\u00a0que aconteceu no per\u00edodo de\u00a07 a 10 de setembro, promovido pelo desportista Jo\u00e3o da Cruz, conhecido como&#8221;Jo\u00e3o Bala&#8221;, um grande incentivador do futebol regional.<\/p>\n<p style=\"text-align: justify;\">O evento contou com a presen\u00e7a de representantes do \u00a0Corinthians\u00a0que selecionaram tr\u00eas atletas para fazer testes no clube,\u00a0em S\u00e3o Paulo. Um dos atletas \u00e9 natural de Sobradinho.<\/p>\n<p style=\"text-align: justify;\">Participaram do evento esportivo, 640 jovens\u00a0atletas de toda regi\u00e3o. Eles movimentaram a terra da barragem\u00a0por\u00a0quatro dias e foram bem recebidos pela popula\u00e7\u00e3o que prestigiou as competi\u00e7\u00f5es indo ao Est\u00e1dio Apol\u00f4nio Sales.<\/p>\n<p style=\"text-align: justify;\">&#8221; Atrav\u00e9s deste\u00a0evento\u00a0n\u00f3s j\u00e1 conseguimos formar muitos atletas e encaminh\u00e1-los para clubes profissionais, onde muitos j\u00e1 atuam e foram valorizados. \u00c9 um trabalho social de grande import\u00e2ncia para a juventude, onde descobrimos novos talentos e possibilitamos, atrav\u00e9s de parcerias que temos com grandes clubes, a realiza\u00e7\u00e3o do sonho destes jovens de despontarem no futebol nacional. Agrade\u00e7o o apoio log\u00edstico da prefeitura, que nos entregou o campo em boas condi\u00e7\u00f5es, iluminado, com estrutura de barracas. Precisamos manter este evento em Sobradinho, pois ele traz renda para o munic\u00edpio e d\u00e1 visibilidade a cidade &#8220;, declarou Jo\u00e3o Bala.<\/p>\n<p style=\"text-align: justify;\"><b>Ascom PMS<\/b><\/p>\n","protected":false},"excerpt":{"rendered":"<p>COM APOIO DA PREFEITURA ACONTECEU EM SOBRADINHO A I COPA CORINTHIANS DE FUTEBOL DE BASE DA TERRA DA BARRAGEM A\u00a0Prefeitura de Sobradinho, atrav\u00e9s da Secretaria de Turismo, Esporte e Cultura garantiu apoio log\u00edstico a I Copa\u00a0Corinthians de Futebol de Base da Terra da Barragem\u00a0que aconteceu no per\u00edodo de\u00a07 a 10 de setembro, promovido pelo desportista Jo\u00e3o da Cruz, conhecido como&#8221;Jo\u00e3o Bala&#8221;, um grande incentivador do futebol regional. O evento contou com a presen\u00e7a de representantes do \u00a0Corinthians\u00a0que selecionaram tr\u00eas atletas para fazer testes no clube,\u00a0em S\u00e3o Paulo. Um dos atletas \u00e9 natural de Sobradinho. Participaram do evento esportivo, 640 jovens\u00a0atletas de toda regi\u00e3o. Eles movimentaram a terra da barragem\u00a0por\u00a0quatro dias e foram bem recebidos pela popula\u00e7\u00e3o que prestigiou as competi\u00e7\u00f5es&hellip; <\/p>\n","protected":false},"author":1,"featured_media":176245,"comment_status":"open","ping_status":"open","sticky":false,"template":"","format":"standard","meta":{"_acf_changed":false,"footnotes":""},"categories":[44],"tags":[],"class_list":["post-176244","post","type-post","status-publish","format-standard","has-post-thumbnail","hentry","category-administracao"],"acf":[],"yoast_head":"<!-- This site is optimized with the Yoast SEO plugin v27.4 - https:\/\/yoast.com\/product\/yoast-seo-wordpress\/ -->\n<title>DIRETO DE SOBRADINHO - Blog do Farn\u00e9sio<\/title>\n<meta name=\"robots\" content=\"index, follow, max-snippet:-1, max-image-preview:large, max-video-preview:-1\" \/>\n<link rel=\"canonical\" href=\"https:\/\/blogdofarnesio.com.br\/?p=176244\" \/>\n<meta property=\"og:locale\" content=\"pt_BR\" \/>\n<meta property=\"og:type\" content=\"article\" \/>\n<meta property=\"og:title\" content=\"DIRETO DE SOBRADINHO - Blog do Farn\u00e9sio\" \/>\n<meta property=\"og:description\" content=\"COM APOIO DA PREFEITURA ACONTECEU EM SOBRADINHO A I COPA CORINTHIANS DE FUTEBOL DE BASE DA TERRA DA BARRAGEM A\u00a0Prefeitura de Sobradinho, atrav\u00e9s da Secretaria de Turismo, Esporte e Cultura garantiu apoio log\u00edstico a I Copa\u00a0Corinthians de Futebol de Base da Terra da Barragem\u00a0que aconteceu no per\u00edodo de\u00a07 a 10 de setembro, promovido pelo desportista Jo\u00e3o da Cruz, conhecido como&#8221;Jo\u00e3o Bala&#8221;, um grande incentivador do futebol regional. O evento contou com a presen\u00e7a de representantes do \u00a0Corinthians\u00a0que selecionaram tr\u00eas atletas para fazer testes no clube,\u00a0em S\u00e3o Paulo. Um dos atletas \u00e9 natural de Sobradinho. Participaram do evento esportivo, 640 jovens\u00a0atletas de toda regi\u00e3o. Eles movimentaram a terra da barragem\u00a0por\u00a0quatro dias e foram bem recebidos pela popula\u00e7\u00e3o que prestigiou as competi\u00e7\u00f5es&hellip;\" \/>\n<meta property=\"og:url\" content=\"https:\/\/blogdofarnesio.com.br\/?p=176244\" \/>\n<meta property=\"og:site_name\" content=\"Blog do Farn\u00e9sio\" \/>\n<meta property=\"article:publisher\" content=\"https:\/\/www.facebook.com\/BlogQuerSaberPolitica\/\" \/>\n<meta property=\"article:published_time\" content=\"2017-09-12T14:30:08+00:00\" \/>\n<meta property=\"og:image\" content=\"https:\/\/blogdofarnesio.com.br\/wp-content\/uploads\/2017\/09\/BLOGQSP-COPA.jpg\" \/>\n\t<meta property=\"og:image:width\" content=\"640\" \/>\n\t<meta property=\"og:image:height\" content=\"425\" \/>\n\t<meta property=\"og:image:type\" content=\"image\/jpeg\" \/>\n<meta name=\"author\" content=\"Farn\u00e9sio\" \/>\n<meta name=\"twitter:card\" content=\"summary_large_image\" \/>\n<meta name=\"twitter:label1\" content=\"Escrito por\" \/>\n\t<meta name=\"twitter:data1\" content=\"Farn\u00e9sio\" \/>\n\t<meta name=\"twitter:label2\" content=\"Est. tempo de leitura\" \/>\n\t<meta name=\"twitter:data2\" content=\"1 minuto\" \/>\n<script type=\"application\/ld+json\" class=\"yoast-schema-graph\">{\"@context\":\"https:\\\/\\\/schema.org\",\"@graph\":[{\"@type\":\"Article\",\"@id\":\"https:\\\/\\\/blogdofarnesio.com.br\\\/?p=176244#article\",\"isPartOf\":{\"@id\":\"https:\\\/\\\/blogdofarnesio.com.br\\\/?p=176244\"},\"author\":{\"name\":\"Farn\u00e9sio\",\"@id\":\"https:\\\/\\\/blogdofarnesio.com.br\\\/#\\\/schema\\\/person\\\/301c4acf522bccbfdb45af95b5b906a1\"},\"headline\":\"DIRETO DE SOBRADINHO\",\"datePublished\":\"2017-09-12T14:30:08+00:00\",\"mainEntityOfPage\":{\"@id\":\"https:\\\/\\\/blogdofarnesio.com.br\\\/?p=176244\"},\"wordCount\":255,\"commentCount\":0,\"publisher\":{\"@id\":\"https:\\\/\\\/blogdofarnesio.com.br\\\/#organization\"},\"image\":{\"@id\":\"https:\\\/\\\/blogdofarnesio.com.br\\\/?p=176244#primaryimage\"},\"thumbnailUrl\":\"https:\\\/\\\/blogdofarnesio.com.br\\\/wp-content\\\/uploads\\\/2017\\\/09\\\/BLOGQSP-COPA.jpg\",\"articleSection\":[\"Administra\u00e7\u00e3o\"],\"inLanguage\":\"pt-BR\",\"potentialAction\":[{\"@type\":\"CommentAction\",\"name\":\"Comment\",\"target\":[\"https:\\\/\\\/blogdofarnesio.com.br\\\/?p=176244#respond\"]}]},{\"@type\":\"WebPage\",\"@id\":\"https:\\\/\\\/blogdofarnesio.com.br\\\/?p=176244\",\"url\":\"https:\\\/\\\/blogdofarnesio.com.br\\\/?p=176244\",\"name\":\"DIRETO DE SOBRADINHO - Blog do Farn\u00e9sio\",\"isPartOf\":{\"@id\":\"https:\\\/\\\/blogdofarnesio.com.br\\\/#website\"},\"primaryImageOfPage\":{\"@id\":\"https:\\\/\\\/blogdofarnesio.com.br\\\/?p=176244#primaryimage\"},\"image\":{\"@id\":\"https:\\\/\\\/blogdofarnesio.com.br\\\/?p=176244#primaryimage\"},\"thumbnailUrl\":\"https:\\\/\\\/blogdofarnesio.com.br\\\/wp-content\\\/uploads\\\/2017\\\/09\\\/BLOGQSP-COPA.jpg\",\"datePublished\":\"2017-09-12T14:30:08+00:00\",\"breadcrumb\":{\"@id\":\"https:\\\/\\\/blogdofarnesio.com.br\\\/?p=176244#breadcrumb\"},\"inLanguage\":\"pt-BR\",\"potentialAction\":[{\"@type\":\"ReadAction\",\"target\":[\"https:\\\/\\\/blogdofarnesio.com.br\\\/?p=176244\"]}]},{\"@type\":\"ImageObject\",\"inLanguage\":\"pt-BR\",\"@id\":\"https:\\\/\\\/blogdofarnesio.com.br\\\/?p=176244#primaryimage\",\"url\":\"https:\\\/\\\/blogdofarnesio.com.br\\\/wp-content\\\/uploads\\\/2017\\\/09\\\/BLOGQSP-COPA.jpg\",\"contentUrl\":\"https:\\\/\\\/blogdofarnesio.com.br\\\/wp-content\\\/uploads\\\/2017\\\/09\\\/BLOGQSP-COPA.jpg\",\"width\":640,\"height\":425},{\"@type\":\"BreadcrumbList\",\"@id\":\"https:\\\/\\\/blogdofarnesio.com.br\\\/?p=176244#breadcrumb\",\"itemListElement\":[{\"@type\":\"ListItem\",\"position\":1,\"name\":\"In\u00edcio\",\"item\":\"https:\\\/\\\/blogdofarnesio.com.br\\\/\"},{\"@type\":\"ListItem\",\"position\":2,\"name\":\"DIRETO DE SOBRADINHO\"}]},{\"@type\":\"WebSite\",\"@id\":\"https:\\\/\\\/blogdofarnesio.com.br\\\/#website\",\"url\":\"https:\\\/\\\/blogdofarnesio.com.br\\\/\",\"name\":\"Blog do Farn\u00e9sio\",\"description\":\"Quer Saber Pol\u00edtica?\",\"publisher\":{\"@id\":\"https:\\\/\\\/blogdofarnesio.com.br\\\/#organization\"},\"potentialAction\":[{\"@type\":\"SearchAction\",\"target\":{\"@type\":\"EntryPoint\",\"urlTemplate\":\"https:\\\/\\\/blogdofarnesio.com.br\\\/?s={search_term_string}\"},\"query-input\":{\"@type\":\"PropertyValueSpecification\",\"valueRequired\":true,\"valueName\":\"search_term_string\"}}],\"inLanguage\":\"pt-BR\"},{\"@type\":\"Organization\",\"@id\":\"https:\\\/\\\/blogdofarnesio.com.br\\\/#organization\",\"name\":\"Blog do Farn\u00e9sio\",\"url\":\"https:\\\/\\\/blogdofarnesio.com.br\\\/\",\"logo\":{\"@type\":\"ImageObject\",\"inLanguage\":\"pt-BR\",\"@id\":\"https:\\\/\\\/blogdofarnesio.com.br\\\/#\\\/schema\\\/logo\\\/image\\\/\",\"url\":\"https:\\\/\\\/blogdofarnesio.com.br\\\/wp-content\\\/uploads\\\/2026\\\/03\\\/cropped-logo_new-1.png\",\"contentUrl\":\"https:\\\/\\\/blogdofarnesio.com.br\\\/wp-content\\\/uploads\\\/2026\\\/03\\\/cropped-logo_new-1.png\",\"width\":881,\"height\":685,\"caption\":\"Blog do Farn\u00e9sio\"},\"image\":{\"@id\":\"https:\\\/\\\/blogdofarnesio.com.br\\\/#\\\/schema\\\/logo\\\/image\\\/\"},\"sameAs\":[\"https:\\\/\\\/www.facebook.com\\\/BlogQuerSaberPolitica\\\/\"]},{\"@type\":\"Person\",\"@id\":\"https:\\\/\\\/blogdofarnesio.com.br\\\/#\\\/schema\\\/person\\\/301c4acf522bccbfdb45af95b5b906a1\",\"name\":\"Farn\u00e9sio\",\"image\":{\"@type\":\"ImageObject\",\"inLanguage\":\"pt-BR\",\"@id\":\"https:\\\/\\\/secure.gravatar.com\\\/avatar\\\/df0c9a14567c056f8ad6876ba5bbd1e3e2c48023eb6807342fc4663adf549f38?s=96&d=mm&r=g\",\"url\":\"https:\\\/\\\/secure.gravatar.com\\\/avatar\\\/df0c9a14567c056f8ad6876ba5bbd1e3e2c48023eb6807342fc4663adf549f38?s=96&d=mm&r=g\",\"contentUrl\":\"https:\\\/\\\/secure.gravatar.com\\\/avatar\\\/df0c9a14567c056f8ad6876ba5bbd1e3e2c48023eb6807342fc4663adf549f38?s=96&d=mm&r=g\",\"caption\":\"Farn\u00e9sio\"},\"sameAs\":[\"https:\\\/\\\/quersaberpolitica.com.br\"],\"url\":\"https:\\\/\\\/blogdofarnesio.com.br\\\/?author=1\"}]}<\/script>\n<!-- \/ Yoast SEO plugin. -->","yoast_head_json":{"title":"DIRETO DE SOBRADINHO - Blog do Farn\u00e9sio","robots":{"index":"index","follow":"follow","max-snippet":"max-snippet:-1","max-image-preview":"max-image-preview:large","max-video-preview":"max-video-preview:-1"},"canonical":"https:\/\/blogdofarnesio.com.br\/?p=176244","og_locale":"pt_BR","og_type":"article","og_title":"DIRETO DE SOBRADINHO - Blog do Farn\u00e9sio","og_description":"COM APOIO DA PREFEITURA ACONTECEU EM SOBRADINHO A I COPA CORINTHIANS DE FUTEBOL DE BASE DA TERRA DA BARRAGEM A\u00a0Prefeitura de Sobradinho, atrav\u00e9s da Secretaria de Turismo, Esporte e Cultura garantiu apoio log\u00edstico a I Copa\u00a0Corinthians de Futebol de Base da Terra da Barragem\u00a0que aconteceu no per\u00edodo de\u00a07 a 10 de setembro, promovido pelo desportista Jo\u00e3o da Cruz, conhecido como&#8221;Jo\u00e3o Bala&#8221;, um grande incentivador do futebol regional. O evento contou com a presen\u00e7a de representantes do \u00a0Corinthians\u00a0que selecionaram tr\u00eas atletas para fazer testes no clube,\u00a0em S\u00e3o Paulo. Um dos atletas \u00e9 natural de Sobradinho. Participaram do evento esportivo, 640 jovens\u00a0atletas de toda regi\u00e3o. Eles movimentaram a terra da barragem\u00a0por\u00a0quatro dias e foram bem recebidos pela popula\u00e7\u00e3o que prestigiou as competi\u00e7\u00f5es&hellip;","og_url":"https:\/\/blogdofarnesio.com.br\/?p=176244","og_site_name":"Blog do Farn\u00e9sio","article_publisher":"https:\/\/www.facebook.com\/BlogQuerSaberPolitica\/","article_published_time":"2017-09-12T14:30:08+00:00","og_image":[{"width":640,"height":425,"url":"https:\/\/blogdofarnesio.com.br\/wp-content\/uploads\/2017\/09\/BLOGQSP-COPA.jpg","type":"image\/jpeg"}],"author":"Farn\u00e9sio","twitter_card":"summary_large_image","twitter_misc":{"Escrito por":"Farn\u00e9sio","Est. tempo de leitura":"1 minuto"},"schema":{"@context":"https:\/\/schema.org","@graph":[{"@type":"Article","@id":"https:\/\/blogdofarnesio.com.br\/?p=176244#article","isPartOf":{"@id":"https:\/\/blogdofarnesio.com.br\/?p=176244"},"author":{"name":"Farn\u00e9sio","@id":"https:\/\/blogdofarnesio.com.br\/#\/schema\/person\/301c4acf522bccbfdb45af95b5b906a1"},"headline":"DIRETO DE SOBRADINHO","datePublished":"2017-09-12T14:30:08+00:00","mainEntityOfPage":{"@id":"https:\/\/blogdofarnesio.com.br\/?p=176244"},"wordCount":255,"commentCount":0,"publisher":{"@id":"https:\/\/blogdofarnesio.com.br\/#organization"},"image":{"@id":"https:\/\/blogdofarnesio.com.br\/?p=176244#primaryimage"},"thumbnailUrl":"https:\/\/blogdofarnesio.com.br\/wp-content\/uploads\/2017\/09\/BLOGQSP-COPA.jpg","articleSection":["Administra\u00e7\u00e3o"],"inLanguage":"pt-BR","potentialAction":[{"@type":"CommentAction","name":"Comment","target":["https:\/\/blogdofarnesio.com.br\/?p=176244#respond"]}]},{"@type":"WebPage","@id":"https:\/\/blogdofarnesio.com.br\/?p=176244","url":"https:\/\/blogdofarnesio.com.br\/?p=176244","name":"DIRETO DE SOBRADINHO - Blog do Farn\u00e9sio","isPartOf":{"@id":"https:\/\/blogdofarnesio.com.br\/#website"},"primaryImageOfPage":{"@id":"https:\/\/blogdofarnesio.com.br\/?p=176244#primaryimage"},"image":{"@id":"https:\/\/blogdofarnesio.com.br\/?p=176244#primaryimage"},"thumbnailUrl":"https:\/\/blogdofarnesio.com.br\/wp-content\/uploads\/2017\/09\/BLOGQSP-COPA.jpg","datePublished":"2017-09-12T14:30:08+00:00","breadcrumb":{"@id":"https:\/\/blogdofarnesio.com.br\/?p=176244#breadcrumb"},"inLanguage":"pt-BR","potentialAction":[{"@type":"ReadAction","target":["https:\/\/blogdofarnesio.com.br\/?p=176244"]}]},{"@type":"ImageObject","inLanguage":"pt-BR","@id":"https:\/\/blogdofarnesio.com.br\/?p=176244#primaryimage","url":"https:\/\/blogdofarnesio.com.br\/wp-content\/uploads\/2017\/09\/BLOGQSP-COPA.jpg","contentUrl":"https:\/\/blogdofarnesio.com.br\/wp-content\/uploads\/2017\/09\/BLOGQSP-COPA.jpg","width":640,"height":425},{"@type":"BreadcrumbList","@id":"https:\/\/blogdofarnesio.com.br\/?p=176244#breadcrumb","itemListElement":[{"@type":"ListItem","position":1,"name":"In\u00edcio","item":"https:\/\/blogdofarnesio.com.br\/"},{"@type":"ListItem","position":2,"name":"DIRETO DE SOBRADINHO"}]},{"@type":"WebSite","@id":"https:\/\/blogdofarnesio.com.br\/#website","url":"https:\/\/blogdofarnesio.com.br\/","name":"Blog do Farn\u00e9sio","description":"Quer Saber Pol\u00edtica?","publisher":{"@id":"https:\/\/blogdofarnesio.com.br\/#organization"},"potentialAction":[{"@type":"SearchAction","target":{"@type":"EntryPoint","urlTemplate":"https:\/\/blogdofarnesio.com.br\/?s={search_term_string}"},"query-input":{"@type":"PropertyValueSpecification","valueRequired":true,"valueName":"search_term_string"}}],"inLanguage":"pt-BR"},{"@type":"Organization","@id":"https:\/\/blogdofarnesio.com.br\/#organization","name":"Blog do Farn\u00e9sio","url":"https:\/\/blogdofarnesio.com.br\/","logo":{"@type":"ImageObject","inLanguage":"pt-BR","@id":"https:\/\/blogdofarnesio.com.br\/#\/schema\/logo\/image\/","url":"https:\/\/blogdofarnesio.com.br\/wp-content\/uploads\/2026\/03\/cropped-logo_new-1.png","contentUrl":"https:\/\/blogdofarnesio.com.br\/wp-content\/uploads\/2026\/03\/cropped-logo_new-1.png","width":881,"height":685,"caption":"Blog do Farn\u00e9sio"},"image":{"@id":"https:\/\/blogdofarnesio.com.br\/#\/schema\/logo\/image\/"},"sameAs":["https:\/\/www.facebook.com\/BlogQuerSaberPolitica\/"]},{"@type":"Person","@id":"https:\/\/blogdofarnesio.com.br\/#\/schema\/person\/301c4acf522bccbfdb45af95b5b906a1","name":"Farn\u00e9sio","image":{"@type":"ImageObject","inLanguage":"pt-BR","@id":"https:\/\/secure.gravatar.com\/avatar\/df0c9a14567c056f8ad6876ba5bbd1e3e2c48023eb6807342fc4663adf549f38?s=96&d=mm&r=g","url":"https:\/\/secure.gravatar.com\/avatar\/df0c9a14567c056f8ad6876ba5bbd1e3e2c48023eb6807342fc4663adf549f38?s=96&d=mm&r=g","contentUrl":"https:\/\/secure.gravatar.com\/avatar\/df0c9a14567c056f8ad6876ba5bbd1e3e2c48023eb6807342fc4663adf549f38?s=96&d=mm&r=g","caption":"Farn\u00e9sio"},"sameAs":["https:\/\/quersaberpolitica.com.br"],"url":"https:\/\/blogdofarnesio.com.br\/?author=1"}]}},"_links":{"self":[{"href":"https:\/\/blogdofarnesio.com.br\/index.php?rest_route=\/wp\/v2\/posts\/176244","targetHints":{"allow":["GET"]}}],"collection":[{"href":"https:\/\/blogdofarnesio.com.br\/index.php?rest_route=\/wp\/v2\/posts"}],"about":[{"href":"https:\/\/blogdofarnesio.com.br\/index.php?rest_route=\/wp\/v2\/types\/post"}],"author":[{"embeddable":true,"href":"https:\/\/blogdofarnesio.com.br\/index.php?rest_route=\/wp\/v2\/users\/1"}],"replies":[{"embeddable":true,"href":"https:\/\/blogdofarnesio.com.br\/index.php?rest_route=%2Fwp%2Fv2%2Fcomments&post=176244"}],"version-history":[{"count":0,"href":"https:\/\/blogdofarnesio.com.br\/index.php?rest_route=\/wp\/v2\/posts\/176244\/revisions"}],"wp:featuredmedia":[{"embeddable":true,"href":"https:\/\/blogdofarnesio.com.br\/index.php?rest_route=\/wp\/v2\/media\/176245"}],"wp:attachment":[{"href":"https:\/\/blogdofarnesio.com.br\/index.php?rest_route=%2Fwp%2Fv2%2Fmedia&parent=176244"}],"wp:term":[{"taxonomy":"category","embeddable":true,"href":"https:\/\/blogdofarnesio.com.br\/index.php?rest_route=%2Fwp%2Fv2%2Fcategories&post=176244"},{"taxonomy":"post_tag","embeddable":true,"href":"https:\/\/blogdofarnesio.com.br\/index.php?rest_route=%2Fwp%2Fv2%2Ftags&post=176244"}],"curies":[{"name":"wp","href":"https:\/\/api.w.org\/{rel}","templated":true}]}}