{"id":176230,"date":"2017-09-12T10:20:04","date_gmt":"2017-09-12T13:20:04","guid":{"rendered":"http:\/\/quersaberpolitica.com.br\/2016\/?p=176230"},"modified":"2017-09-12T09:34:16","modified_gmt":"2017-09-12T12:34:16","slug":"84a-edicao-da-caravana-da-saude-sera-realizada-no-bairro-joao-xxiii","status":"publish","type":"post","link":"https:\/\/blogdofarnesio.com.br\/?p=176230","title":{"rendered":"84\u00aa EDI\u00c7\u00c3O DA CARAVANA DA SA\u00daDE SER\u00c1 REALIZADA NO BAIRRO JO\u00c3O XXIII"},"content":{"rendered":"<p>&nbsp;<\/p>\n<p style=\"text-align: justify;\">Nesta quarta-feira (13), a 84\u00aa edi\u00e7\u00e3o da Caravana da Sa\u00fade \u2013 programa da Prefeitura Municipal de Juazeiro, realizado por meio da Secretaria de Sa\u00fade \u2013 ser\u00e1 na Unidade B\u00e1sica de Sa\u00fade do bairro Jo\u00e3o XXIII. Na ocasi\u00e3o, al\u00e9m de ofertar consultas com especialistas, tamb\u00e9m ser\u00e1 realizado o recadastramento no programa Bolsa Fam\u00edlia na unidade m\u00f3vel da Secretaria de Desenvolvimento Social, Mulher e Diversidade (Sedes).<\/p>\n<p style=\"text-align: justify;\">A Caravana da Sa\u00fade, que j\u00e1 realizou mais de 23 mil atendimentos, \u00a0tem o objetivo de sanar as demandas reprimidas nos Postos de Sa\u00fade do munic\u00edpio. Nesta semana, a popula\u00e7\u00e3o ter\u00e1 acesso a consultas pr\u00e9-agendadas com oftalmologista, cl\u00ednico geral, dentista, cardiologista, ortopedista e endocrinologista. Tamb\u00e9m ser\u00e3o realizados exames laboratoriais e eletrocardiogramas.<\/p>\n<p style=\"text-align: justify;\">Ascom\/PMJ<\/p>\n","protected":false},"excerpt":{"rendered":"<p>&nbsp; Nesta quarta-feira (13), a 84\u00aa edi\u00e7\u00e3o da Caravana da Sa\u00fade \u2013 programa da Prefeitura Municipal de Juazeiro, realizado por meio da Secretaria de Sa\u00fade \u2013 ser\u00e1 na Unidade B\u00e1sica de Sa\u00fade do bairro Jo\u00e3o XXIII. Na ocasi\u00e3o, al\u00e9m de ofertar consultas com especialistas, tamb\u00e9m ser\u00e1 realizado o recadastramento no programa Bolsa Fam\u00edlia na unidade m\u00f3vel da Secretaria de Desenvolvimento Social, Mulher e Diversidade (Sedes). A Caravana da Sa\u00fade, que j\u00e1 realizou mais de 23 mil atendimentos, \u00a0tem o objetivo de sanar as demandas reprimidas nos Postos de Sa\u00fade do munic\u00edpio. Nesta semana, a popula\u00e7\u00e3o ter\u00e1 acesso a consultas pr\u00e9-agendadas com oftalmologista, cl\u00ednico geral, dentista, cardiologista, ortopedista e endocrinologista. Tamb\u00e9m ser\u00e3o realizados exames laboratoriais e eletrocardiogramas. Ascom\/PMJ<\/p>\n","protected":false},"author":1,"featured_media":149838,"comment_status":"open","ping_status":"open","sticky":false,"template":"","format":"standard","meta":{"_acf_changed":false,"footnotes":""},"categories":[44],"tags":[],"class_list":["post-176230","post","type-post","status-publish","format-standard","has-post-thumbnail","hentry","category-administracao"],"acf":[],"yoast_head":"<!-- This site is optimized with the Yoast SEO plugin v27.4 - https:\/\/yoast.com\/product\/yoast-seo-wordpress\/ -->\n<title>84\u00aa EDI\u00c7\u00c3O DA CARAVANA DA SA\u00daDE SER\u00c1 REALIZADA NO BAIRRO JO\u00c3O XXIII - Blog do Farn\u00e9sio<\/title>\n<meta name=\"robots\" content=\"index, follow, max-snippet:-1, max-image-preview:large, max-video-preview:-1\" \/>\n<link rel=\"canonical\" href=\"https:\/\/blogdofarnesio.com.br\/?p=176230\" \/>\n<meta property=\"og:locale\" content=\"pt_BR\" \/>\n<meta property=\"og:type\" content=\"article\" \/>\n<meta property=\"og:title\" content=\"84\u00aa EDI\u00c7\u00c3O DA CARAVANA DA SA\u00daDE SER\u00c1 REALIZADA NO BAIRRO JO\u00c3O XXIII - Blog do Farn\u00e9sio\" \/>\n<meta property=\"og:description\" content=\"&nbsp; Nesta quarta-feira (13), a 84\u00aa edi\u00e7\u00e3o da Caravana da Sa\u00fade \u2013 programa da Prefeitura Municipal de Juazeiro, realizado por meio da Secretaria de Sa\u00fade \u2013 ser\u00e1 na Unidade B\u00e1sica de Sa\u00fade do bairro Jo\u00e3o XXIII. Na ocasi\u00e3o, al\u00e9m de ofertar consultas com especialistas, tamb\u00e9m ser\u00e1 realizado o recadastramento no programa Bolsa Fam\u00edlia na unidade m\u00f3vel da Secretaria de Desenvolvimento Social, Mulher e Diversidade (Sedes). A Caravana da Sa\u00fade, que j\u00e1 realizou mais de 23 mil atendimentos, \u00a0tem o objetivo de sanar as demandas reprimidas nos Postos de Sa\u00fade do munic\u00edpio. Nesta semana, a popula\u00e7\u00e3o ter\u00e1 acesso a consultas pr\u00e9-agendadas com oftalmologista, cl\u00ednico geral, dentista, cardiologista, ortopedista e endocrinologista. Tamb\u00e9m ser\u00e3o realizados exames laboratoriais e eletrocardiogramas. Ascom\/PMJ\" \/>\n<meta property=\"og:url\" content=\"https:\/\/blogdofarnesio.com.br\/?p=176230\" \/>\n<meta property=\"og:site_name\" content=\"Blog do Farn\u00e9sio\" \/>\n<meta property=\"article:publisher\" content=\"https:\/\/www.facebook.com\/BlogQuerSaberPolitica\/\" \/>\n<meta property=\"article:published_time\" content=\"2017-09-12T13:20:04+00:00\" \/>\n<meta property=\"og:image\" content=\"https:\/\/blogdofarnesio.com.br\/wp-content\/uploads\/2016\/10\/blog-qsp-caravana-saude-dom-thomaz.jpg\" \/>\n\t<meta property=\"og:image:width\" content=\"448\" \/>\n\t<meta property=\"og:image:height\" content=\"252\" \/>\n\t<meta property=\"og:image:type\" content=\"image\/jpeg\" \/>\n<meta name=\"author\" content=\"Farn\u00e9sio\" \/>\n<meta name=\"twitter:card\" content=\"summary_large_image\" \/>\n<meta name=\"twitter:label1\" content=\"Escrito por\" \/>\n\t<meta name=\"twitter:data1\" content=\"Farn\u00e9sio\" \/>\n\t<meta name=\"twitter:label2\" content=\"Est. tempo de leitura\" \/>\n\t<meta name=\"twitter:data2\" content=\"1 minuto\" \/>\n<script type=\"application\/ld+json\" class=\"yoast-schema-graph\">{\"@context\":\"https:\\\/\\\/schema.org\",\"@graph\":[{\"@type\":\"Article\",\"@id\":\"https:\\\/\\\/blogdofarnesio.com.br\\\/?p=176230#article\",\"isPartOf\":{\"@id\":\"https:\\\/\\\/blogdofarnesio.com.br\\\/?p=176230\"},\"author\":{\"name\":\"Farn\u00e9sio\",\"@id\":\"https:\\\/\\\/blogdofarnesio.com.br\\\/#\\\/schema\\\/person\\\/301c4acf522bccbfdb45af95b5b906a1\"},\"headline\":\"84\u00aa EDI\u00c7\u00c3O DA CARAVANA DA SA\u00daDE SER\u00c1 REALIZADA NO BAIRRO JO\u00c3O XXIII\",\"datePublished\":\"2017-09-12T13:20:04+00:00\",\"mainEntityOfPage\":{\"@id\":\"https:\\\/\\\/blogdofarnesio.com.br\\\/?p=176230\"},\"wordCount\":146,\"commentCount\":0,\"publisher\":{\"@id\":\"https:\\\/\\\/blogdofarnesio.com.br\\\/#organization\"},\"image\":{\"@id\":\"https:\\\/\\\/blogdofarnesio.com.br\\\/?p=176230#primaryimage\"},\"thumbnailUrl\":\"https:\\\/\\\/blogdofarnesio.com.br\\\/wp-content\\\/uploads\\\/2016\\\/10\\\/blog-qsp-caravana-saude-dom-thomaz.jpg\",\"articleSection\":[\"Administra\u00e7\u00e3o\"],\"inLanguage\":\"pt-BR\",\"potentialAction\":[{\"@type\":\"CommentAction\",\"name\":\"Comment\",\"target\":[\"https:\\\/\\\/blogdofarnesio.com.br\\\/?p=176230#respond\"]}]},{\"@type\":\"WebPage\",\"@id\":\"https:\\\/\\\/blogdofarnesio.com.br\\\/?p=176230\",\"url\":\"https:\\\/\\\/blogdofarnesio.com.br\\\/?p=176230\",\"name\":\"84\u00aa EDI\u00c7\u00c3O DA CARAVANA DA SA\u00daDE SER\u00c1 REALIZADA NO BAIRRO JO\u00c3O XXIII - Blog do Farn\u00e9sio\",\"isPartOf\":{\"@id\":\"https:\\\/\\\/blogdofarnesio.com.br\\\/#website\"},\"primaryImageOfPage\":{\"@id\":\"https:\\\/\\\/blogdofarnesio.com.br\\\/?p=176230#primaryimage\"},\"image\":{\"@id\":\"https:\\\/\\\/blogdofarnesio.com.br\\\/?p=176230#primaryimage\"},\"thumbnailUrl\":\"https:\\\/\\\/blogdofarnesio.com.br\\\/wp-content\\\/uploads\\\/2016\\\/10\\\/blog-qsp-caravana-saude-dom-thomaz.jpg\",\"datePublished\":\"2017-09-12T13:20:04+00:00\",\"breadcrumb\":{\"@id\":\"https:\\\/\\\/blogdofarnesio.com.br\\\/?p=176230#breadcrumb\"},\"inLanguage\":\"pt-BR\",\"potentialAction\":[{\"@type\":\"ReadAction\",\"target\":[\"https:\\\/\\\/blogdofarnesio.com.br\\\/?p=176230\"]}]},{\"@type\":\"ImageObject\",\"inLanguage\":\"pt-BR\",\"@id\":\"https:\\\/\\\/blogdofarnesio.com.br\\\/?p=176230#primaryimage\",\"url\":\"https:\\\/\\\/blogdofarnesio.com.br\\\/wp-content\\\/uploads\\\/2016\\\/10\\\/blog-qsp-caravana-saude-dom-thomaz.jpg\",\"contentUrl\":\"https:\\\/\\\/blogdofarnesio.com.br\\\/wp-content\\\/uploads\\\/2016\\\/10\\\/blog-qsp-caravana-saude-dom-thomaz.jpg\",\"width\":448,\"height\":252},{\"@type\":\"BreadcrumbList\",\"@id\":\"https:\\\/\\\/blogdofarnesio.com.br\\\/?p=176230#breadcrumb\",\"itemListElement\":[{\"@type\":\"ListItem\",\"position\":1,\"name\":\"In\u00edcio\",\"item\":\"https:\\\/\\\/blogdofarnesio.com.br\\\/\"},{\"@type\":\"ListItem\",\"position\":2,\"name\":\"84\u00aa EDI\u00c7\u00c3O DA CARAVANA DA SA\u00daDE SER\u00c1 REALIZADA NO BAIRRO JO\u00c3O XXIII\"}]},{\"@type\":\"WebSite\",\"@id\":\"https:\\\/\\\/blogdofarnesio.com.br\\\/#website\",\"url\":\"https:\\\/\\\/blogdofarnesio.com.br\\\/\",\"name\":\"Blog do Farn\u00e9sio\",\"description\":\"Quer Saber Pol\u00edtica?\",\"publisher\":{\"@id\":\"https:\\\/\\\/blogdofarnesio.com.br\\\/#organization\"},\"potentialAction\":[{\"@type\":\"SearchAction\",\"target\":{\"@type\":\"EntryPoint\",\"urlTemplate\":\"https:\\\/\\\/blogdofarnesio.com.br\\\/?s={search_term_string}\"},\"query-input\":{\"@type\":\"PropertyValueSpecification\",\"valueRequired\":true,\"valueName\":\"search_term_string\"}}],\"inLanguage\":\"pt-BR\"},{\"@type\":\"Organization\",\"@id\":\"https:\\\/\\\/blogdofarnesio.com.br\\\/#organization\",\"name\":\"Blog do Farn\u00e9sio\",\"url\":\"https:\\\/\\\/blogdofarnesio.com.br\\\/\",\"logo\":{\"@type\":\"ImageObject\",\"inLanguage\":\"pt-BR\",\"@id\":\"https:\\\/\\\/blogdofarnesio.com.br\\\/#\\\/schema\\\/logo\\\/image\\\/\",\"url\":\"https:\\\/\\\/blogdofarnesio.com.br\\\/wp-content\\\/uploads\\\/2026\\\/03\\\/cropped-logo_new-1.png\",\"contentUrl\":\"https:\\\/\\\/blogdofarnesio.com.br\\\/wp-content\\\/uploads\\\/2026\\\/03\\\/cropped-logo_new-1.png\",\"width\":881,\"height\":685,\"caption\":\"Blog do Farn\u00e9sio\"},\"image\":{\"@id\":\"https:\\\/\\\/blogdofarnesio.com.br\\\/#\\\/schema\\\/logo\\\/image\\\/\"},\"sameAs\":[\"https:\\\/\\\/www.facebook.com\\\/BlogQuerSaberPolitica\\\/\"]},{\"@type\":\"Person\",\"@id\":\"https:\\\/\\\/blogdofarnesio.com.br\\\/#\\\/schema\\\/person\\\/301c4acf522bccbfdb45af95b5b906a1\",\"name\":\"Farn\u00e9sio\",\"image\":{\"@type\":\"ImageObject\",\"inLanguage\":\"pt-BR\",\"@id\":\"https:\\\/\\\/secure.gravatar.com\\\/avatar\\\/df0c9a14567c056f8ad6876ba5bbd1e3e2c48023eb6807342fc4663adf549f38?s=96&d=mm&r=g\",\"url\":\"https:\\\/\\\/secure.gravatar.com\\\/avatar\\\/df0c9a14567c056f8ad6876ba5bbd1e3e2c48023eb6807342fc4663adf549f38?s=96&d=mm&r=g\",\"contentUrl\":\"https:\\\/\\\/secure.gravatar.com\\\/avatar\\\/df0c9a14567c056f8ad6876ba5bbd1e3e2c48023eb6807342fc4663adf549f38?s=96&d=mm&r=g\",\"caption\":\"Farn\u00e9sio\"},\"sameAs\":[\"https:\\\/\\\/quersaberpolitica.com.br\"],\"url\":\"https:\\\/\\\/blogdofarnesio.com.br\\\/?author=1\"}]}<\/script>\n<!-- \/ Yoast SEO plugin. -->","yoast_head_json":{"title":"84\u00aa EDI\u00c7\u00c3O DA CARAVANA DA SA\u00daDE SER\u00c1 REALIZADA NO BAIRRO JO\u00c3O XXIII - Blog do Farn\u00e9sio","robots":{"index":"index","follow":"follow","max-snippet":"max-snippet:-1","max-image-preview":"max-image-preview:large","max-video-preview":"max-video-preview:-1"},"canonical":"https:\/\/blogdofarnesio.com.br\/?p=176230","og_locale":"pt_BR","og_type":"article","og_title":"84\u00aa EDI\u00c7\u00c3O DA CARAVANA DA SA\u00daDE SER\u00c1 REALIZADA NO BAIRRO JO\u00c3O XXIII - Blog do Farn\u00e9sio","og_description":"&nbsp; Nesta quarta-feira (13), a 84\u00aa edi\u00e7\u00e3o da Caravana da Sa\u00fade \u2013 programa da Prefeitura Municipal de Juazeiro, realizado por meio da Secretaria de Sa\u00fade \u2013 ser\u00e1 na Unidade B\u00e1sica de Sa\u00fade do bairro Jo\u00e3o XXIII. Na ocasi\u00e3o, al\u00e9m de ofertar consultas com especialistas, tamb\u00e9m ser\u00e1 realizado o recadastramento no programa Bolsa Fam\u00edlia na unidade m\u00f3vel da Secretaria de Desenvolvimento Social, Mulher e Diversidade (Sedes). A Caravana da Sa\u00fade, que j\u00e1 realizou mais de 23 mil atendimentos, \u00a0tem o objetivo de sanar as demandas reprimidas nos Postos de Sa\u00fade do munic\u00edpio. Nesta semana, a popula\u00e7\u00e3o ter\u00e1 acesso a consultas pr\u00e9-agendadas com oftalmologista, cl\u00ednico geral, dentista, cardiologista, ortopedista e endocrinologista. Tamb\u00e9m ser\u00e3o realizados exames laboratoriais e eletrocardiogramas. Ascom\/PMJ","og_url":"https:\/\/blogdofarnesio.com.br\/?p=176230","og_site_name":"Blog do Farn\u00e9sio","article_publisher":"https:\/\/www.facebook.com\/BlogQuerSaberPolitica\/","article_published_time":"2017-09-12T13:20:04+00:00","og_image":[{"width":448,"height":252,"url":"https:\/\/blogdofarnesio.com.br\/wp-content\/uploads\/2016\/10\/blog-qsp-caravana-saude-dom-thomaz.jpg","type":"image\/jpeg"}],"author":"Farn\u00e9sio","twitter_card":"summary_large_image","twitter_misc":{"Escrito por":"Farn\u00e9sio","Est. tempo de leitura":"1 minuto"},"schema":{"@context":"https:\/\/schema.org","@graph":[{"@type":"Article","@id":"https:\/\/blogdofarnesio.com.br\/?p=176230#article","isPartOf":{"@id":"https:\/\/blogdofarnesio.com.br\/?p=176230"},"author":{"name":"Farn\u00e9sio","@id":"https:\/\/blogdofarnesio.com.br\/#\/schema\/person\/301c4acf522bccbfdb45af95b5b906a1"},"headline":"84\u00aa EDI\u00c7\u00c3O DA CARAVANA DA SA\u00daDE SER\u00c1 REALIZADA NO BAIRRO JO\u00c3O XXIII","datePublished":"2017-09-12T13:20:04+00:00","mainEntityOfPage":{"@id":"https:\/\/blogdofarnesio.com.br\/?p=176230"},"wordCount":146,"commentCount":0,"publisher":{"@id":"https:\/\/blogdofarnesio.com.br\/#organization"},"image":{"@id":"https:\/\/blogdofarnesio.com.br\/?p=176230#primaryimage"},"thumbnailUrl":"https:\/\/blogdofarnesio.com.br\/wp-content\/uploads\/2016\/10\/blog-qsp-caravana-saude-dom-thomaz.jpg","articleSection":["Administra\u00e7\u00e3o"],"inLanguage":"pt-BR","potentialAction":[{"@type":"CommentAction","name":"Comment","target":["https:\/\/blogdofarnesio.com.br\/?p=176230#respond"]}]},{"@type":"WebPage","@id":"https:\/\/blogdofarnesio.com.br\/?p=176230","url":"https:\/\/blogdofarnesio.com.br\/?p=176230","name":"84\u00aa EDI\u00c7\u00c3O DA CARAVANA DA SA\u00daDE SER\u00c1 REALIZADA NO BAIRRO JO\u00c3O XXIII - Blog do Farn\u00e9sio","isPartOf":{"@id":"https:\/\/blogdofarnesio.com.br\/#website"},"primaryImageOfPage":{"@id":"https:\/\/blogdofarnesio.com.br\/?p=176230#primaryimage"},"image":{"@id":"https:\/\/blogdofarnesio.com.br\/?p=176230#primaryimage"},"thumbnailUrl":"https:\/\/blogdofarnesio.com.br\/wp-content\/uploads\/2016\/10\/blog-qsp-caravana-saude-dom-thomaz.jpg","datePublished":"2017-09-12T13:20:04+00:00","breadcrumb":{"@id":"https:\/\/blogdofarnesio.com.br\/?p=176230#breadcrumb"},"inLanguage":"pt-BR","potentialAction":[{"@type":"ReadAction","target":["https:\/\/blogdofarnesio.com.br\/?p=176230"]}]},{"@type":"ImageObject","inLanguage":"pt-BR","@id":"https:\/\/blogdofarnesio.com.br\/?p=176230#primaryimage","url":"https:\/\/blogdofarnesio.com.br\/wp-content\/uploads\/2016\/10\/blog-qsp-caravana-saude-dom-thomaz.jpg","contentUrl":"https:\/\/blogdofarnesio.com.br\/wp-content\/uploads\/2016\/10\/blog-qsp-caravana-saude-dom-thomaz.jpg","width":448,"height":252},{"@type":"BreadcrumbList","@id":"https:\/\/blogdofarnesio.com.br\/?p=176230#breadcrumb","itemListElement":[{"@type":"ListItem","position":1,"name":"In\u00edcio","item":"https:\/\/blogdofarnesio.com.br\/"},{"@type":"ListItem","position":2,"name":"84\u00aa EDI\u00c7\u00c3O DA CARAVANA DA SA\u00daDE SER\u00c1 REALIZADA NO BAIRRO JO\u00c3O XXIII"}]},{"@type":"WebSite","@id":"https:\/\/blogdofarnesio.com.br\/#website","url":"https:\/\/blogdofarnesio.com.br\/","name":"Blog do Farn\u00e9sio","description":"Quer Saber Pol\u00edtica?","publisher":{"@id":"https:\/\/blogdofarnesio.com.br\/#organization"},"potentialAction":[{"@type":"SearchAction","target":{"@type":"EntryPoint","urlTemplate":"https:\/\/blogdofarnesio.com.br\/?s={search_term_string}"},"query-input":{"@type":"PropertyValueSpecification","valueRequired":true,"valueName":"search_term_string"}}],"inLanguage":"pt-BR"},{"@type":"Organization","@id":"https:\/\/blogdofarnesio.com.br\/#organization","name":"Blog do Farn\u00e9sio","url":"https:\/\/blogdofarnesio.com.br\/","logo":{"@type":"ImageObject","inLanguage":"pt-BR","@id":"https:\/\/blogdofarnesio.com.br\/#\/schema\/logo\/image\/","url":"https:\/\/blogdofarnesio.com.br\/wp-content\/uploads\/2026\/03\/cropped-logo_new-1.png","contentUrl":"https:\/\/blogdofarnesio.com.br\/wp-content\/uploads\/2026\/03\/cropped-logo_new-1.png","width":881,"height":685,"caption":"Blog do Farn\u00e9sio"},"image":{"@id":"https:\/\/blogdofarnesio.com.br\/#\/schema\/logo\/image\/"},"sameAs":["https:\/\/www.facebook.com\/BlogQuerSaberPolitica\/"]},{"@type":"Person","@id":"https:\/\/blogdofarnesio.com.br\/#\/schema\/person\/301c4acf522bccbfdb45af95b5b906a1","name":"Farn\u00e9sio","image":{"@type":"ImageObject","inLanguage":"pt-BR","@id":"https:\/\/secure.gravatar.com\/avatar\/df0c9a14567c056f8ad6876ba5bbd1e3e2c48023eb6807342fc4663adf549f38?s=96&d=mm&r=g","url":"https:\/\/secure.gravatar.com\/avatar\/df0c9a14567c056f8ad6876ba5bbd1e3e2c48023eb6807342fc4663adf549f38?s=96&d=mm&r=g","contentUrl":"https:\/\/secure.gravatar.com\/avatar\/df0c9a14567c056f8ad6876ba5bbd1e3e2c48023eb6807342fc4663adf549f38?s=96&d=mm&r=g","caption":"Farn\u00e9sio"},"sameAs":["https:\/\/quersaberpolitica.com.br"],"url":"https:\/\/blogdofarnesio.com.br\/?author=1"}]}},"_links":{"self":[{"href":"https:\/\/blogdofarnesio.com.br\/index.php?rest_route=\/wp\/v2\/posts\/176230","targetHints":{"allow":["GET"]}}],"collection":[{"href":"https:\/\/blogdofarnesio.com.br\/index.php?rest_route=\/wp\/v2\/posts"}],"about":[{"href":"https:\/\/blogdofarnesio.com.br\/index.php?rest_route=\/wp\/v2\/types\/post"}],"author":[{"embeddable":true,"href":"https:\/\/blogdofarnesio.com.br\/index.php?rest_route=\/wp\/v2\/users\/1"}],"replies":[{"embeddable":true,"href":"https:\/\/blogdofarnesio.com.br\/index.php?rest_route=%2Fwp%2Fv2%2Fcomments&post=176230"}],"version-history":[{"count":0,"href":"https:\/\/blogdofarnesio.com.br\/index.php?rest_route=\/wp\/v2\/posts\/176230\/revisions"}],"wp:featuredmedia":[{"embeddable":true,"href":"https:\/\/blogdofarnesio.com.br\/index.php?rest_route=\/wp\/v2\/media\/149838"}],"wp:attachment":[{"href":"https:\/\/blogdofarnesio.com.br\/index.php?rest_route=%2Fwp%2Fv2%2Fmedia&parent=176230"}],"wp:term":[{"taxonomy":"category","embeddable":true,"href":"https:\/\/blogdofarnesio.com.br\/index.php?rest_route=%2Fwp%2Fv2%2Fcategories&post=176230"},{"taxonomy":"post_tag","embeddable":true,"href":"https:\/\/blogdofarnesio.com.br\/index.php?rest_route=%2Fwp%2Fv2%2Ftags&post=176230"}],"curies":[{"name":"wp","href":"https:\/\/api.w.org\/{rel}","templated":true}]}}