{"id":176215,"date":"2017-09-12T09:00:00","date_gmt":"2017-09-12T12:00:00","guid":{"rendered":"http:\/\/quersaberpolitica.com.br\/2016\/?p=176215"},"modified":"2017-09-12T09:23:45","modified_gmt":"2017-09-12T12:23:45","slug":"vereador-do-pmdb-de-petrolina-chama-raul-henry-presidente-de-seu-partido-de-ventriloco","status":"publish","type":"post","link":"https:\/\/blogdofarnesio.com.br\/?p=176215","title":{"rendered":"VEREADOR DO PMDB DE PETROLINA, CHAMA RAUL HENRY, PRESIDENTE DE SEU PARTIDO DE &#8220;VENTRILOCO&#8221;"},"content":{"rendered":"<p><em>Nos \u00faltimos dias, de forma absolutamente c\u00ednica, o vice-governador do Estado, Raul Henry (PMDB), vem classificando como &#8220;violenta&#8221; a entrada do senador Fernando Bezerra Coelho no PMDB e criticando uma poss\u00edvel dissolu\u00e7\u00e3o do diret\u00f3rio estadual. Estranho, porque esta tem sido a pr\u00e1tica do pr\u00f3prio Raul, desde que assumiu a presid\u00eancia do PMDB. No ano passado, ele transformou o diret\u00f3rio municipal do PMDB de Olinda \u2013 que funcionava desde 1988 \u2013 numa comiss\u00e3o provis\u00f3ria, para impedir a candidatura de Isabel Urquiza \u00e0 Prefeitura.\u00a0<\/em><\/p>\n<p><em>E o que dizer da postura pol\u00edtica de Raul? Ele consegue estar num governo que n\u00e3o para de fazer cr\u00edticas \u00e0 gest\u00e3o do presidente Michel Temer. Ainda pior, ele est\u00e1 num n\u00facleo pol\u00edtico que visivelmente se aproxima do PT. Como isso \u00e9 poss\u00edvel, sendo Raul integrante do PMDB? Onde est\u00e1 a coer\u00eancia pol\u00edtica do vice-governador? Logo ele, que foi um dos mais duros cr\u00edticos do governo Eduardo Campos, agora faz o papel de boneco de ventr\u00edloquo do PSB, um partido cada vez mais perdido.<\/em><\/p>\n<p><em>Antes de criticar quem quer que seja, Raul precisa olhar para o pr\u00f3prio passado. A pol\u00edtica deve ser feita com transpar\u00eancia e coragem, e n\u00e3o escondendo fatos e querendo enganar as pessoas.<\/em><\/p>\n<p><em><strong>Raimundo Nonato \u2013 vereador de Petrolina pelo PMDB<\/strong><\/em><\/p>\n","protected":false},"excerpt":{"rendered":"<p>Nos \u00faltimos dias, de forma absolutamente c\u00ednica, o vice-governador do Estado, Raul Henry (PMDB), vem classificando como &#8220;violenta&#8221; a entrada do senador Fernando Bezerra Coelho no PMDB e criticando uma poss\u00edvel dissolu\u00e7\u00e3o do diret\u00f3rio estadual. Estranho, porque esta tem sido a pr\u00e1tica do pr\u00f3prio Raul, desde que assumiu a presid\u00eancia do PMDB. No ano passado, ele transformou o diret\u00f3rio municipal do PMDB de Olinda \u2013 que funcionava desde 1988 \u2013 numa comiss\u00e3o provis\u00f3ria, para impedir a candidatura de Isabel Urquiza \u00e0 Prefeitura.\u00a0 E o que dizer da postura pol\u00edtica de Raul? Ele consegue estar num governo que n\u00e3o para de fazer cr\u00edticas \u00e0 gest\u00e3o do presidente Michel Temer. Ainda pior, ele est\u00e1 num n\u00facleo pol\u00edtico que visivelmente se aproxima do&hellip; <\/p>\n","protected":false},"author":1,"featured_media":176239,"comment_status":"open","ping_status":"open","sticky":false,"template":"","format":"standard","meta":{"_acf_changed":false,"footnotes":""},"categories":[1],"tags":[],"class_list":["post-176215","post","type-post","status-publish","format-standard","has-post-thumbnail","hentry","category-politica"],"acf":[],"yoast_head":"<!-- This site is optimized with the Yoast SEO plugin v27.4 - https:\/\/yoast.com\/product\/yoast-seo-wordpress\/ -->\n<title>VEREADOR DO PMDB DE PETROLINA, CHAMA RAUL HENRY, PRESIDENTE DE SEU PARTIDO DE &quot;VENTRILOCO&quot; - Blog do Farn\u00e9sio<\/title>\n<meta name=\"robots\" content=\"index, follow, max-snippet:-1, max-image-preview:large, max-video-preview:-1\" \/>\n<link rel=\"canonical\" href=\"https:\/\/blogdofarnesio.com.br\/?p=176215\" \/>\n<meta property=\"og:locale\" content=\"pt_BR\" \/>\n<meta property=\"og:type\" content=\"article\" \/>\n<meta property=\"og:title\" content=\"VEREADOR DO PMDB DE PETROLINA, CHAMA RAUL HENRY, PRESIDENTE DE SEU PARTIDO DE &quot;VENTRILOCO&quot; - Blog do Farn\u00e9sio\" \/>\n<meta property=\"og:description\" content=\"Nos \u00faltimos dias, de forma absolutamente c\u00ednica, o vice-governador do Estado, Raul Henry (PMDB), vem classificando como &#8220;violenta&#8221; a entrada do senador Fernando Bezerra Coelho no PMDB e criticando uma poss\u00edvel dissolu\u00e7\u00e3o do diret\u00f3rio estadual. Estranho, porque esta tem sido a pr\u00e1tica do pr\u00f3prio Raul, desde que assumiu a presid\u00eancia do PMDB. No ano passado, ele transformou o diret\u00f3rio municipal do PMDB de Olinda \u2013 que funcionava desde 1988 \u2013 numa comiss\u00e3o provis\u00f3ria, para impedir a candidatura de Isabel Urquiza \u00e0 Prefeitura.\u00a0 E o que dizer da postura pol\u00edtica de Raul? Ele consegue estar num governo que n\u00e3o para de fazer cr\u00edticas \u00e0 gest\u00e3o do presidente Michel Temer. Ainda pior, ele est\u00e1 num n\u00facleo pol\u00edtico que visivelmente se aproxima do&hellip;\" \/>\n<meta property=\"og:url\" content=\"https:\/\/blogdofarnesio.com.br\/?p=176215\" \/>\n<meta property=\"og:site_name\" content=\"Blog do Farn\u00e9sio\" \/>\n<meta property=\"article:publisher\" content=\"https:\/\/www.facebook.com\/BlogQuerSaberPolitica\/\" \/>\n<meta property=\"article:published_time\" content=\"2017-09-12T12:00:00+00:00\" \/>\n<meta property=\"article:modified_time\" content=\"2017-09-12T12:23:45+00:00\" \/>\n<meta property=\"og:image\" content=\"https:\/\/blogdofarnesio.com.br\/wp-content\/uploads\/2017\/09\/ventriloco-2.jpg\" \/>\n\t<meta property=\"og:image:width\" content=\"400\" \/>\n\t<meta property=\"og:image:height\" content=\"300\" \/>\n\t<meta property=\"og:image:type\" content=\"image\/jpeg\" \/>\n<meta name=\"author\" content=\"Farn\u00e9sio\" \/>\n<meta name=\"twitter:card\" content=\"summary_large_image\" \/>\n<meta name=\"twitter:label1\" content=\"Escrito por\" \/>\n\t<meta name=\"twitter:data1\" content=\"Farn\u00e9sio\" \/>\n\t<meta name=\"twitter:label2\" content=\"Est. tempo de leitura\" \/>\n\t<meta name=\"twitter:data2\" content=\"1 minuto\" \/>\n<script type=\"application\/ld+json\" class=\"yoast-schema-graph\">{\"@context\":\"https:\\\/\\\/schema.org\",\"@graph\":[{\"@type\":\"Article\",\"@id\":\"https:\\\/\\\/blogdofarnesio.com.br\\\/?p=176215#article\",\"isPartOf\":{\"@id\":\"https:\\\/\\\/blogdofarnesio.com.br\\\/?p=176215\"},\"author\":{\"name\":\"Farn\u00e9sio\",\"@id\":\"https:\\\/\\\/blogdofarnesio.com.br\\\/#\\\/schema\\\/person\\\/301c4acf522bccbfdb45af95b5b906a1\"},\"headline\":\"VEREADOR DO PMDB DE PETROLINA, CHAMA RAUL HENRY, PRESIDENTE DE SEU PARTIDO DE &#8220;VENTRILOCO&#8221;\",\"datePublished\":\"2017-09-12T12:00:00+00:00\",\"dateModified\":\"2017-09-12T12:23:45+00:00\",\"mainEntityOfPage\":{\"@id\":\"https:\\\/\\\/blogdofarnesio.com.br\\\/?p=176215\"},\"wordCount\":238,\"commentCount\":0,\"publisher\":{\"@id\":\"https:\\\/\\\/blogdofarnesio.com.br\\\/#organization\"},\"image\":{\"@id\":\"https:\\\/\\\/blogdofarnesio.com.br\\\/?p=176215#primaryimage\"},\"thumbnailUrl\":\"https:\\\/\\\/blogdofarnesio.com.br\\\/wp-content\\\/uploads\\\/2017\\\/09\\\/ventriloco-2.jpg\",\"articleSection\":[\"Pol\u00edtica\"],\"inLanguage\":\"pt-BR\",\"potentialAction\":[{\"@type\":\"CommentAction\",\"name\":\"Comment\",\"target\":[\"https:\\\/\\\/blogdofarnesio.com.br\\\/?p=176215#respond\"]}]},{\"@type\":\"WebPage\",\"@id\":\"https:\\\/\\\/blogdofarnesio.com.br\\\/?p=176215\",\"url\":\"https:\\\/\\\/blogdofarnesio.com.br\\\/?p=176215\",\"name\":\"VEREADOR DO PMDB DE PETROLINA, CHAMA RAUL HENRY, PRESIDENTE DE SEU PARTIDO DE \\\"VENTRILOCO\\\" - Blog do Farn\u00e9sio\",\"isPartOf\":{\"@id\":\"https:\\\/\\\/blogdofarnesio.com.br\\\/#website\"},\"primaryImageOfPage\":{\"@id\":\"https:\\\/\\\/blogdofarnesio.com.br\\\/?p=176215#primaryimage\"},\"image\":{\"@id\":\"https:\\\/\\\/blogdofarnesio.com.br\\\/?p=176215#primaryimage\"},\"thumbnailUrl\":\"https:\\\/\\\/blogdofarnesio.com.br\\\/wp-content\\\/uploads\\\/2017\\\/09\\\/ventriloco-2.jpg\",\"datePublished\":\"2017-09-12T12:00:00+00:00\",\"dateModified\":\"2017-09-12T12:23:45+00:00\",\"breadcrumb\":{\"@id\":\"https:\\\/\\\/blogdofarnesio.com.br\\\/?p=176215#breadcrumb\"},\"inLanguage\":\"pt-BR\",\"potentialAction\":[{\"@type\":\"ReadAction\",\"target\":[\"https:\\\/\\\/blogdofarnesio.com.br\\\/?p=176215\"]}]},{\"@type\":\"ImageObject\",\"inLanguage\":\"pt-BR\",\"@id\":\"https:\\\/\\\/blogdofarnesio.com.br\\\/?p=176215#primaryimage\",\"url\":\"https:\\\/\\\/blogdofarnesio.com.br\\\/wp-content\\\/uploads\\\/2017\\\/09\\\/ventriloco-2.jpg\",\"contentUrl\":\"https:\\\/\\\/blogdofarnesio.com.br\\\/wp-content\\\/uploads\\\/2017\\\/09\\\/ventriloco-2.jpg\",\"width\":400,\"height\":300,\"caption\":\"Ventriloco\"},{\"@type\":\"BreadcrumbList\",\"@id\":\"https:\\\/\\\/blogdofarnesio.com.br\\\/?p=176215#breadcrumb\",\"itemListElement\":[{\"@type\":\"ListItem\",\"position\":1,\"name\":\"In\u00edcio\",\"item\":\"https:\\\/\\\/blogdofarnesio.com.br\\\/\"},{\"@type\":\"ListItem\",\"position\":2,\"name\":\"VEREADOR DO PMDB DE PETROLINA, CHAMA RAUL HENRY, PRESIDENTE DE SEU PARTIDO DE &#8220;VENTRILOCO&#8221;\"}]},{\"@type\":\"WebSite\",\"@id\":\"https:\\\/\\\/blogdofarnesio.com.br\\\/#website\",\"url\":\"https:\\\/\\\/blogdofarnesio.com.br\\\/\",\"name\":\"Blog do Farn\u00e9sio\",\"description\":\"Quer Saber Pol\u00edtica?\",\"publisher\":{\"@id\":\"https:\\\/\\\/blogdofarnesio.com.br\\\/#organization\"},\"potentialAction\":[{\"@type\":\"SearchAction\",\"target\":{\"@type\":\"EntryPoint\",\"urlTemplate\":\"https:\\\/\\\/blogdofarnesio.com.br\\\/?s={search_term_string}\"},\"query-input\":{\"@type\":\"PropertyValueSpecification\",\"valueRequired\":true,\"valueName\":\"search_term_string\"}}],\"inLanguage\":\"pt-BR\"},{\"@type\":\"Organization\",\"@id\":\"https:\\\/\\\/blogdofarnesio.com.br\\\/#organization\",\"name\":\"Blog do Farn\u00e9sio\",\"url\":\"https:\\\/\\\/blogdofarnesio.com.br\\\/\",\"logo\":{\"@type\":\"ImageObject\",\"inLanguage\":\"pt-BR\",\"@id\":\"https:\\\/\\\/blogdofarnesio.com.br\\\/#\\\/schema\\\/logo\\\/image\\\/\",\"url\":\"https:\\\/\\\/blogdofarnesio.com.br\\\/wp-content\\\/uploads\\\/2026\\\/03\\\/cropped-logo_new-1.png\",\"contentUrl\":\"https:\\\/\\\/blogdofarnesio.com.br\\\/wp-content\\\/uploads\\\/2026\\\/03\\\/cropped-logo_new-1.png\",\"width\":881,\"height\":685,\"caption\":\"Blog do Farn\u00e9sio\"},\"image\":{\"@id\":\"https:\\\/\\\/blogdofarnesio.com.br\\\/#\\\/schema\\\/logo\\\/image\\\/\"},\"sameAs\":[\"https:\\\/\\\/www.facebook.com\\\/BlogQuerSaberPolitica\\\/\"]},{\"@type\":\"Person\",\"@id\":\"https:\\\/\\\/blogdofarnesio.com.br\\\/#\\\/schema\\\/person\\\/301c4acf522bccbfdb45af95b5b906a1\",\"name\":\"Farn\u00e9sio\",\"image\":{\"@type\":\"ImageObject\",\"inLanguage\":\"pt-BR\",\"@id\":\"https:\\\/\\\/secure.gravatar.com\\\/avatar\\\/df0c9a14567c056f8ad6876ba5bbd1e3e2c48023eb6807342fc4663adf549f38?s=96&d=mm&r=g\",\"url\":\"https:\\\/\\\/secure.gravatar.com\\\/avatar\\\/df0c9a14567c056f8ad6876ba5bbd1e3e2c48023eb6807342fc4663adf549f38?s=96&d=mm&r=g\",\"contentUrl\":\"https:\\\/\\\/secure.gravatar.com\\\/avatar\\\/df0c9a14567c056f8ad6876ba5bbd1e3e2c48023eb6807342fc4663adf549f38?s=96&d=mm&r=g\",\"caption\":\"Farn\u00e9sio\"},\"sameAs\":[\"https:\\\/\\\/quersaberpolitica.com.br\"],\"url\":\"https:\\\/\\\/blogdofarnesio.com.br\\\/?author=1\"}]}<\/script>\n<!-- \/ Yoast SEO plugin. -->","yoast_head_json":{"title":"VEREADOR DO PMDB DE PETROLINA, CHAMA RAUL HENRY, PRESIDENTE DE SEU PARTIDO DE \"VENTRILOCO\" - Blog do Farn\u00e9sio","robots":{"index":"index","follow":"follow","max-snippet":"max-snippet:-1","max-image-preview":"max-image-preview:large","max-video-preview":"max-video-preview:-1"},"canonical":"https:\/\/blogdofarnesio.com.br\/?p=176215","og_locale":"pt_BR","og_type":"article","og_title":"VEREADOR DO PMDB DE PETROLINA, CHAMA RAUL HENRY, PRESIDENTE DE SEU PARTIDO DE \"VENTRILOCO\" - Blog do Farn\u00e9sio","og_description":"Nos \u00faltimos dias, de forma absolutamente c\u00ednica, o vice-governador do Estado, Raul Henry (PMDB), vem classificando como &#8220;violenta&#8221; a entrada do senador Fernando Bezerra Coelho no PMDB e criticando uma poss\u00edvel dissolu\u00e7\u00e3o do diret\u00f3rio estadual. Estranho, porque esta tem sido a pr\u00e1tica do pr\u00f3prio Raul, desde que assumiu a presid\u00eancia do PMDB. No ano passado, ele transformou o diret\u00f3rio municipal do PMDB de Olinda \u2013 que funcionava desde 1988 \u2013 numa comiss\u00e3o provis\u00f3ria, para impedir a candidatura de Isabel Urquiza \u00e0 Prefeitura.\u00a0 E o que dizer da postura pol\u00edtica de Raul? Ele consegue estar num governo que n\u00e3o para de fazer cr\u00edticas \u00e0 gest\u00e3o do presidente Michel Temer. Ainda pior, ele est\u00e1 num n\u00facleo pol\u00edtico que visivelmente se aproxima do&hellip;","og_url":"https:\/\/blogdofarnesio.com.br\/?p=176215","og_site_name":"Blog do Farn\u00e9sio","article_publisher":"https:\/\/www.facebook.com\/BlogQuerSaberPolitica\/","article_published_time":"2017-09-12T12:00:00+00:00","article_modified_time":"2017-09-12T12:23:45+00:00","og_image":[{"width":400,"height":300,"url":"https:\/\/blogdofarnesio.com.br\/wp-content\/uploads\/2017\/09\/ventriloco-2.jpg","type":"image\/jpeg"}],"author":"Farn\u00e9sio","twitter_card":"summary_large_image","twitter_misc":{"Escrito por":"Farn\u00e9sio","Est. tempo de leitura":"1 minuto"},"schema":{"@context":"https:\/\/schema.org","@graph":[{"@type":"Article","@id":"https:\/\/blogdofarnesio.com.br\/?p=176215#article","isPartOf":{"@id":"https:\/\/blogdofarnesio.com.br\/?p=176215"},"author":{"name":"Farn\u00e9sio","@id":"https:\/\/blogdofarnesio.com.br\/#\/schema\/person\/301c4acf522bccbfdb45af95b5b906a1"},"headline":"VEREADOR DO PMDB DE PETROLINA, CHAMA RAUL HENRY, PRESIDENTE DE SEU PARTIDO DE &#8220;VENTRILOCO&#8221;","datePublished":"2017-09-12T12:00:00+00:00","dateModified":"2017-09-12T12:23:45+00:00","mainEntityOfPage":{"@id":"https:\/\/blogdofarnesio.com.br\/?p=176215"},"wordCount":238,"commentCount":0,"publisher":{"@id":"https:\/\/blogdofarnesio.com.br\/#organization"},"image":{"@id":"https:\/\/blogdofarnesio.com.br\/?p=176215#primaryimage"},"thumbnailUrl":"https:\/\/blogdofarnesio.com.br\/wp-content\/uploads\/2017\/09\/ventriloco-2.jpg","articleSection":["Pol\u00edtica"],"inLanguage":"pt-BR","potentialAction":[{"@type":"CommentAction","name":"Comment","target":["https:\/\/blogdofarnesio.com.br\/?p=176215#respond"]}]},{"@type":"WebPage","@id":"https:\/\/blogdofarnesio.com.br\/?p=176215","url":"https:\/\/blogdofarnesio.com.br\/?p=176215","name":"VEREADOR DO PMDB DE PETROLINA, CHAMA RAUL HENRY, PRESIDENTE DE SEU PARTIDO DE \"VENTRILOCO\" - Blog do Farn\u00e9sio","isPartOf":{"@id":"https:\/\/blogdofarnesio.com.br\/#website"},"primaryImageOfPage":{"@id":"https:\/\/blogdofarnesio.com.br\/?p=176215#primaryimage"},"image":{"@id":"https:\/\/blogdofarnesio.com.br\/?p=176215#primaryimage"},"thumbnailUrl":"https:\/\/blogdofarnesio.com.br\/wp-content\/uploads\/2017\/09\/ventriloco-2.jpg","datePublished":"2017-09-12T12:00:00+00:00","dateModified":"2017-09-12T12:23:45+00:00","breadcrumb":{"@id":"https:\/\/blogdofarnesio.com.br\/?p=176215#breadcrumb"},"inLanguage":"pt-BR","potentialAction":[{"@type":"ReadAction","target":["https:\/\/blogdofarnesio.com.br\/?p=176215"]}]},{"@type":"ImageObject","inLanguage":"pt-BR","@id":"https:\/\/blogdofarnesio.com.br\/?p=176215#primaryimage","url":"https:\/\/blogdofarnesio.com.br\/wp-content\/uploads\/2017\/09\/ventriloco-2.jpg","contentUrl":"https:\/\/blogdofarnesio.com.br\/wp-content\/uploads\/2017\/09\/ventriloco-2.jpg","width":400,"height":300,"caption":"Ventriloco"},{"@type":"BreadcrumbList","@id":"https:\/\/blogdofarnesio.com.br\/?p=176215#breadcrumb","itemListElement":[{"@type":"ListItem","position":1,"name":"In\u00edcio","item":"https:\/\/blogdofarnesio.com.br\/"},{"@type":"ListItem","position":2,"name":"VEREADOR DO PMDB DE PETROLINA, CHAMA RAUL HENRY, PRESIDENTE DE SEU PARTIDO DE &#8220;VENTRILOCO&#8221;"}]},{"@type":"WebSite","@id":"https:\/\/blogdofarnesio.com.br\/#website","url":"https:\/\/blogdofarnesio.com.br\/","name":"Blog do Farn\u00e9sio","description":"Quer Saber Pol\u00edtica?","publisher":{"@id":"https:\/\/blogdofarnesio.com.br\/#organization"},"potentialAction":[{"@type":"SearchAction","target":{"@type":"EntryPoint","urlTemplate":"https:\/\/blogdofarnesio.com.br\/?s={search_term_string}"},"query-input":{"@type":"PropertyValueSpecification","valueRequired":true,"valueName":"search_term_string"}}],"inLanguage":"pt-BR"},{"@type":"Organization","@id":"https:\/\/blogdofarnesio.com.br\/#organization","name":"Blog do Farn\u00e9sio","url":"https:\/\/blogdofarnesio.com.br\/","logo":{"@type":"ImageObject","inLanguage":"pt-BR","@id":"https:\/\/blogdofarnesio.com.br\/#\/schema\/logo\/image\/","url":"https:\/\/blogdofarnesio.com.br\/wp-content\/uploads\/2026\/03\/cropped-logo_new-1.png","contentUrl":"https:\/\/blogdofarnesio.com.br\/wp-content\/uploads\/2026\/03\/cropped-logo_new-1.png","width":881,"height":685,"caption":"Blog do Farn\u00e9sio"},"image":{"@id":"https:\/\/blogdofarnesio.com.br\/#\/schema\/logo\/image\/"},"sameAs":["https:\/\/www.facebook.com\/BlogQuerSaberPolitica\/"]},{"@type":"Person","@id":"https:\/\/blogdofarnesio.com.br\/#\/schema\/person\/301c4acf522bccbfdb45af95b5b906a1","name":"Farn\u00e9sio","image":{"@type":"ImageObject","inLanguage":"pt-BR","@id":"https:\/\/secure.gravatar.com\/avatar\/df0c9a14567c056f8ad6876ba5bbd1e3e2c48023eb6807342fc4663adf549f38?s=96&d=mm&r=g","url":"https:\/\/secure.gravatar.com\/avatar\/df0c9a14567c056f8ad6876ba5bbd1e3e2c48023eb6807342fc4663adf549f38?s=96&d=mm&r=g","contentUrl":"https:\/\/secure.gravatar.com\/avatar\/df0c9a14567c056f8ad6876ba5bbd1e3e2c48023eb6807342fc4663adf549f38?s=96&d=mm&r=g","caption":"Farn\u00e9sio"},"sameAs":["https:\/\/quersaberpolitica.com.br"],"url":"https:\/\/blogdofarnesio.com.br\/?author=1"}]}},"_links":{"self":[{"href":"https:\/\/blogdofarnesio.com.br\/index.php?rest_route=\/wp\/v2\/posts\/176215","targetHints":{"allow":["GET"]}}],"collection":[{"href":"https:\/\/blogdofarnesio.com.br\/index.php?rest_route=\/wp\/v2\/posts"}],"about":[{"href":"https:\/\/blogdofarnesio.com.br\/index.php?rest_route=\/wp\/v2\/types\/post"}],"author":[{"embeddable":true,"href":"https:\/\/blogdofarnesio.com.br\/index.php?rest_route=\/wp\/v2\/users\/1"}],"replies":[{"embeddable":true,"href":"https:\/\/blogdofarnesio.com.br\/index.php?rest_route=%2Fwp%2Fv2%2Fcomments&post=176215"}],"version-history":[{"count":0,"href":"https:\/\/blogdofarnesio.com.br\/index.php?rest_route=\/wp\/v2\/posts\/176215\/revisions"}],"wp:featuredmedia":[{"embeddable":true,"href":"https:\/\/blogdofarnesio.com.br\/index.php?rest_route=\/wp\/v2\/media\/176239"}],"wp:attachment":[{"href":"https:\/\/blogdofarnesio.com.br\/index.php?rest_route=%2Fwp%2Fv2%2Fmedia&parent=176215"}],"wp:term":[{"taxonomy":"category","embeddable":true,"href":"https:\/\/blogdofarnesio.com.br\/index.php?rest_route=%2Fwp%2Fv2%2Fcategories&post=176215"},{"taxonomy":"post_tag","embeddable":true,"href":"https:\/\/blogdofarnesio.com.br\/index.php?rest_route=%2Fwp%2Fv2%2Ftags&post=176215"}],"curies":[{"name":"wp","href":"https:\/\/api.w.org\/{rel}","templated":true}]}}