{"id":17620,"date":"2012-09-25T10:00:49","date_gmt":"2012-09-25T10:00:49","guid":{"rendered":"http:\/\/www.quersaberpolitica.com.br?p=17620"},"modified":"2012-09-25T07:07:54","modified_gmt":"2012-09-25T07:07:54","slug":"inscricoes-abertas--petrolina-recebe-projeto-cores-do-vale-do-sao-francisco","status":"publish","type":"post","link":"https:\/\/blogdofarnesio.com.br\/?p=17620","title":{"rendered":"Inscri\u00e7\u00f5es abertas &#8211; Petrolina recebe projeto Cores do Vale do S\u00e3o Francisco"},"content":{"rendered":"<p><img loading=\"lazy\" decoding=\"async\" style=\"float: left; margin: 5px 10px;\" src=\"http:\/\/www.quersaberpolitica.com.br\/2016\/wp-content\/uploads\/2012\/12\/blogqspsarah1.jpg\" alt=\"\" width=\"200\" height=\"150\" \/><\/p>\n<p><span style=\"font-family: arial, helvetica, sans-serif; font-size: medium; text-align: justify;\">Projeto in&eacute;dito pretende oferecer gratuitamente para popula&ccedil;&atilde;o da cidade, oficina e exposi&ccedil;&otilde;es de fotografia. Inscri&ccedil;&otilde;es est&atilde;o abertas e v&atilde;o at&eacute; o dia 08\/10.<\/span><\/p>\n<p><span style=\"font-family: arial, helvetica, sans-serif; font-size: medium; text-align: justify;\">A cidade de Petrolina, no Sert&atilde;o do Estado, recebe de 16 de outubro a 30 de novembro, a primeira edi&ccedil;&atilde;o do &#8220;Varal &#8211; Cores do Vale do S&atilde;o Francisco&#8221;. Trata-se de um projeto que pretende oferecer gratuitamente para popula&ccedil;&atilde;o, oficina e exposi&ccedil;&otilde;es de fotografia.<\/span><\/p>\n<p><span style=\"font-family: arial, helvetica, sans-serif; font-size: medium; text-align: justify;\">A oficina de fotogr&aacute;fica b&aacute;sica ter&aacute; como tema: Vale do S&atilde;o Francisco como Patrim&ocirc;nio Ambiental. A proposta &eacute; interagir e estimular o olhar fotogr&aacute;fico do p&uacute;blico em geral. Todo o registro fotogr&aacute;fico ser&aacute; feito em torno do Vale do S&atilde;o Francisco.<\/span><\/p>\n<p><span style=\"font-family: arial, helvetica, sans-serif; font-size: medium; text-align: justify;\">As aulas v&atilde;o ser realizadas de 16 a 25 de outubro nas instala&ccedil;&otilde;es do SESI Petrolina, localizado no Parque Municipal, 01 &#8211; Centro e ser&atilde;o ministradas pela fot&oacute;grafa recifense Ma&iacute;ra Gamarra. A oficina ser&aacute; ofertada nos turnos da manh&atilde; e da tarde e ter&aacute; uma carga hor&aacute;ria de 40 horas, distribu&iacute;das em aulas te&oacute;ricas e pr&aacute;ticas.<\/span><\/p>\n<p><span style=\"font-family: arial, helvetica, sans-serif; font-size: medium; text-align: justify;\">J&aacute; a exposi&ccedil;&atilde;o dos trabalhos fotogr&aacute;ficos dos alunos acontecer&aacute; entre os dias 01 e 30 de novembro, nas Ilhas do Rodeadouro e Massangano. Ao todo ser&atilde;o ofertadas 20 vagas, sendo metade delas destinadas a alunos de escolas p&uacute;blicas e atendendo a faixa et&aacute;ria m&iacute;nima de 16 anos.<\/span><\/p>\n<p><span style=\"font-family: arial, helvetica, sans-serif; font-size: medium; text-align: justify;\">As inscri&ccedil;&otilde;es podem ser realizadas de 18 de setembro a 08 de outubro. Os interessados devem preencher a ficha de inscri&ccedil;&atilde;o dispon&iacute;vel no site oficial do projeto http:\/\/www.coresdovaledosaofrancisco.blogspot.com.br\/.<\/span><\/p>\n<p><span style=\"font-family: arial, helvetica, sans-serif; font-size: medium; text-align: justify;\">O Projeto Cores do Vale &eacute; uma realiza&ccedil;&atilde;o do Governo Federal, Minist&eacute;rio da Cultura, Fundo Nacional de Artes &#8211; Funarte e Programa Mais Cultura. A iniciativa pretende abrir novas janelas a todos os interessados em apreciar ou desenvolver trabalhos (art&iacute;sticos ou n&atilde;o) e em descobrir e explorar novos caminhos proporcionados atrav&eacute;s das lentes fotogr&aacute;ficas.<\/span><\/p>\n","protected":false},"excerpt":{"rendered":"<p>Projeto in&eacute;dito pretende oferecer gratuitamente para popula&ccedil;&atilde;o da cidade, oficina e exposi&ccedil;&otilde;es de fotografia. Inscri&ccedil;&otilde;es est&atilde;o abertas e v&atilde;o at&eacute; o dia 08\/10. A cidade de Petrolina, no Sert&atilde;o do Estado, recebe de 16 de outubro a 30 de novembro, a primeira edi&ccedil;&atilde;o do &#8220;Varal &#8211; Cores do Vale do S&atilde;o Francisco&#8221;. Trata-se de um projeto que pretende oferecer gratuitamente para popula&ccedil;&atilde;o, oficina e exposi&ccedil;&otilde;es de fotografia. A oficina de fotogr&aacute;fica b&aacute;sica ter&aacute; como tema: Vale do S&atilde;o Francisco como Patrim&ocirc;nio Ambiental. A proposta &eacute; interagir e estimular o olhar fotogr&aacute;fico do p&uacute;blico em geral. Todo o registro fotogr&aacute;fico ser&aacute; feito em torno do Vale do S&atilde;o Francisco. As aulas v&atilde;o ser realizadas de 16 a 25 de outubro nas&hellip; <\/p>\n","protected":false},"author":0,"featured_media":0,"comment_status":"open","ping_status":"open","sticky":false,"template":"","format":"standard","meta":{"_acf_changed":false,"footnotes":""},"categories":[43],"tags":[],"class_list":["post-17620","post","type-post","status-publish","format-standard","hentry","category-sem-categoria"],"acf":[],"yoast_head":"<!-- This site is optimized with the Yoast SEO plugin v27.4 - https:\/\/yoast.com\/product\/yoast-seo-wordpress\/ -->\n<title>Inscri\u00e7\u00f5es abertas - Petrolina recebe projeto Cores do Vale do S\u00e3o Francisco  - Blog do Farn\u00e9sio<\/title>\n<meta name=\"robots\" content=\"index, follow, max-snippet:-1, max-image-preview:large, max-video-preview:-1\" \/>\n<link rel=\"canonical\" href=\"https:\/\/blogdofarnesio.com.br\/?p=17620\" \/>\n<meta property=\"og:locale\" content=\"pt_BR\" \/>\n<meta property=\"og:type\" content=\"article\" \/>\n<meta property=\"og:title\" content=\"Inscri\u00e7\u00f5es abertas - Petrolina recebe projeto Cores do Vale do S\u00e3o Francisco  - Blog do Farn\u00e9sio\" \/>\n<meta property=\"og:description\" content=\"Projeto in&eacute;dito pretende oferecer gratuitamente para popula&ccedil;&atilde;o da cidade, oficina e exposi&ccedil;&otilde;es de fotografia. Inscri&ccedil;&otilde;es est&atilde;o abertas e v&atilde;o at&eacute; o dia 08\/10. A cidade de Petrolina, no Sert&atilde;o do Estado, recebe de 16 de outubro a 30 de novembro, a primeira edi&ccedil;&atilde;o do &#8220;Varal &#8211; Cores do Vale do S&atilde;o Francisco&#8221;. Trata-se de um projeto que pretende oferecer gratuitamente para popula&ccedil;&atilde;o, oficina e exposi&ccedil;&otilde;es de fotografia. A oficina de fotogr&aacute;fica b&aacute;sica ter&aacute; como tema: Vale do S&atilde;o Francisco como Patrim&ocirc;nio Ambiental. A proposta &eacute; interagir e estimular o olhar fotogr&aacute;fico do p&uacute;blico em geral. Todo o registro fotogr&aacute;fico ser&aacute; feito em torno do Vale do S&atilde;o Francisco. As aulas v&atilde;o ser realizadas de 16 a 25 de outubro nas&hellip;\" \/>\n<meta property=\"og:url\" content=\"https:\/\/blogdofarnesio.com.br\/?p=17620\" \/>\n<meta property=\"og:site_name\" content=\"Blog do Farn\u00e9sio\" \/>\n<meta property=\"article:publisher\" content=\"https:\/\/www.facebook.com\/BlogQuerSaberPolitica\/\" \/>\n<meta property=\"article:published_time\" content=\"2012-09-25T10:00:49+00:00\" \/>\n<meta property=\"og:image\" content=\"http:\/\/www.quersaberpolitica.com.br\/2016\/wp-content\/uploads\/2012\/12\/blogqspsarah1.jpg\" \/>\n<meta name=\"twitter:card\" content=\"summary_large_image\" \/>\n<meta name=\"twitter:label1\" content=\"Est. tempo de leitura\" \/>\n\t<meta name=\"twitter:data1\" content=\"2 minutos\" \/>\n<script type=\"application\/ld+json\" class=\"yoast-schema-graph\">{\"@context\":\"https:\\\/\\\/schema.org\",\"@graph\":[{\"@type\":\"Article\",\"@id\":\"https:\\\/\\\/blogdofarnesio.com.br\\\/?p=17620#article\",\"isPartOf\":{\"@id\":\"https:\\\/\\\/blogdofarnesio.com.br\\\/?p=17620\"},\"author\":{\"name\":\"\",\"@id\":\"\"},\"headline\":\"Inscri\u00e7\u00f5es abertas &#8211; Petrolina recebe projeto Cores do Vale do S\u00e3o Francisco\",\"datePublished\":\"2012-09-25T10:00:49+00:00\",\"mainEntityOfPage\":{\"@id\":\"https:\\\/\\\/blogdofarnesio.com.br\\\/?p=17620\"},\"wordCount\":404,\"commentCount\":0,\"publisher\":{\"@id\":\"https:\\\/\\\/blogdofarnesio.com.br\\\/#organization\"},\"image\":{\"@id\":\"https:\\\/\\\/blogdofarnesio.com.br\\\/?p=17620#primaryimage\"},\"thumbnailUrl\":\"http:\\\/\\\/www.quersaberpolitica.com.br\\\/2016\\\/wp-content\\\/uploads\\\/2012\\\/12\\\/blogqspsarah1.jpg\",\"inLanguage\":\"pt-BR\",\"potentialAction\":[{\"@type\":\"CommentAction\",\"name\":\"Comment\",\"target\":[\"https:\\\/\\\/blogdofarnesio.com.br\\\/?p=17620#respond\"]}]},{\"@type\":\"WebPage\",\"@id\":\"https:\\\/\\\/blogdofarnesio.com.br\\\/?p=17620\",\"url\":\"https:\\\/\\\/blogdofarnesio.com.br\\\/?p=17620\",\"name\":\"Inscri\u00e7\u00f5es abertas - Petrolina recebe projeto Cores do Vale do S\u00e3o Francisco - Blog do Farn\u00e9sio\",\"isPartOf\":{\"@id\":\"https:\\\/\\\/blogdofarnesio.com.br\\\/#website\"},\"primaryImageOfPage\":{\"@id\":\"https:\\\/\\\/blogdofarnesio.com.br\\\/?p=17620#primaryimage\"},\"image\":{\"@id\":\"https:\\\/\\\/blogdofarnesio.com.br\\\/?p=17620#primaryimage\"},\"thumbnailUrl\":\"http:\\\/\\\/www.quersaberpolitica.com.br\\\/2016\\\/wp-content\\\/uploads\\\/2012\\\/12\\\/blogqspsarah1.jpg\",\"datePublished\":\"2012-09-25T10:00:49+00:00\",\"breadcrumb\":{\"@id\":\"https:\\\/\\\/blogdofarnesio.com.br\\\/?p=17620#breadcrumb\"},\"inLanguage\":\"pt-BR\",\"potentialAction\":[{\"@type\":\"ReadAction\",\"target\":[\"https:\\\/\\\/blogdofarnesio.com.br\\\/?p=17620\"]}]},{\"@type\":\"ImageObject\",\"inLanguage\":\"pt-BR\",\"@id\":\"https:\\\/\\\/blogdofarnesio.com.br\\\/?p=17620#primaryimage\",\"url\":\"http:\\\/\\\/www.quersaberpolitica.com.br\\\/2016\\\/wp-content\\\/uploads\\\/2012\\\/12\\\/blogqspsarah1.jpg\",\"contentUrl\":\"http:\\\/\\\/www.quersaberpolitica.com.br\\\/2016\\\/wp-content\\\/uploads\\\/2012\\\/12\\\/blogqspsarah1.jpg\"},{\"@type\":\"BreadcrumbList\",\"@id\":\"https:\\\/\\\/blogdofarnesio.com.br\\\/?p=17620#breadcrumb\",\"itemListElement\":[{\"@type\":\"ListItem\",\"position\":1,\"name\":\"In\u00edcio\",\"item\":\"https:\\\/\\\/blogdofarnesio.com.br\\\/\"},{\"@type\":\"ListItem\",\"position\":2,\"name\":\"Inscri\u00e7\u00f5es abertas &#8211; Petrolina recebe projeto Cores do Vale do S\u00e3o Francisco\"}]},{\"@type\":\"WebSite\",\"@id\":\"https:\\\/\\\/blogdofarnesio.com.br\\\/#website\",\"url\":\"https:\\\/\\\/blogdofarnesio.com.br\\\/\",\"name\":\"Blog do Farn\u00e9sio\",\"description\":\"Quer Saber Pol\u00edtica?\",\"publisher\":{\"@id\":\"https:\\\/\\\/blogdofarnesio.com.br\\\/#organization\"},\"potentialAction\":[{\"@type\":\"SearchAction\",\"target\":{\"@type\":\"EntryPoint\",\"urlTemplate\":\"https:\\\/\\\/blogdofarnesio.com.br\\\/?s={search_term_string}\"},\"query-input\":{\"@type\":\"PropertyValueSpecification\",\"valueRequired\":true,\"valueName\":\"search_term_string\"}}],\"inLanguage\":\"pt-BR\"},{\"@type\":\"Organization\",\"@id\":\"https:\\\/\\\/blogdofarnesio.com.br\\\/#organization\",\"name\":\"Blog do Farn\u00e9sio\",\"url\":\"https:\\\/\\\/blogdofarnesio.com.br\\\/\",\"logo\":{\"@type\":\"ImageObject\",\"inLanguage\":\"pt-BR\",\"@id\":\"https:\\\/\\\/blogdofarnesio.com.br\\\/#\\\/schema\\\/logo\\\/image\\\/\",\"url\":\"https:\\\/\\\/blogdofarnesio.com.br\\\/wp-content\\\/uploads\\\/2026\\\/03\\\/cropped-logo_new-1.png\",\"contentUrl\":\"https:\\\/\\\/blogdofarnesio.com.br\\\/wp-content\\\/uploads\\\/2026\\\/03\\\/cropped-logo_new-1.png\",\"width\":881,\"height\":685,\"caption\":\"Blog do Farn\u00e9sio\"},\"image\":{\"@id\":\"https:\\\/\\\/blogdofarnesio.com.br\\\/#\\\/schema\\\/logo\\\/image\\\/\"},\"sameAs\":[\"https:\\\/\\\/www.facebook.com\\\/BlogQuerSaberPolitica\\\/\"]}]}<\/script>\n<!-- \/ Yoast SEO plugin. -->","yoast_head_json":{"title":"Inscri\u00e7\u00f5es abertas - Petrolina recebe projeto Cores do Vale do S\u00e3o Francisco  - Blog do Farn\u00e9sio","robots":{"index":"index","follow":"follow","max-snippet":"max-snippet:-1","max-image-preview":"max-image-preview:large","max-video-preview":"max-video-preview:-1"},"canonical":"https:\/\/blogdofarnesio.com.br\/?p=17620","og_locale":"pt_BR","og_type":"article","og_title":"Inscri\u00e7\u00f5es abertas - Petrolina recebe projeto Cores do Vale do S\u00e3o Francisco  - Blog do Farn\u00e9sio","og_description":"Projeto in&eacute;dito pretende oferecer gratuitamente para popula&ccedil;&atilde;o da cidade, oficina e exposi&ccedil;&otilde;es de fotografia. Inscri&ccedil;&otilde;es est&atilde;o abertas e v&atilde;o at&eacute; o dia 08\/10. A cidade de Petrolina, no Sert&atilde;o do Estado, recebe de 16 de outubro a 30 de novembro, a primeira edi&ccedil;&atilde;o do &#8220;Varal &#8211; Cores do Vale do S&atilde;o Francisco&#8221;. Trata-se de um projeto que pretende oferecer gratuitamente para popula&ccedil;&atilde;o, oficina e exposi&ccedil;&otilde;es de fotografia. A oficina de fotogr&aacute;fica b&aacute;sica ter&aacute; como tema: Vale do S&atilde;o Francisco como Patrim&ocirc;nio Ambiental. A proposta &eacute; interagir e estimular o olhar fotogr&aacute;fico do p&uacute;blico em geral. Todo o registro fotogr&aacute;fico ser&aacute; feito em torno do Vale do S&atilde;o Francisco. As aulas v&atilde;o ser realizadas de 16 a 25 de outubro nas&hellip;","og_url":"https:\/\/blogdofarnesio.com.br\/?p=17620","og_site_name":"Blog do Farn\u00e9sio","article_publisher":"https:\/\/www.facebook.com\/BlogQuerSaberPolitica\/","article_published_time":"2012-09-25T10:00:49+00:00","og_image":[{"url":"http:\/\/www.quersaberpolitica.com.br\/2016\/wp-content\/uploads\/2012\/12\/blogqspsarah1.jpg","type":"","width":"","height":""}],"twitter_card":"summary_large_image","twitter_misc":{"Est. tempo de leitura":"2 minutos"},"schema":{"@context":"https:\/\/schema.org","@graph":[{"@type":"Article","@id":"https:\/\/blogdofarnesio.com.br\/?p=17620#article","isPartOf":{"@id":"https:\/\/blogdofarnesio.com.br\/?p=17620"},"author":{"name":"","@id":""},"headline":"Inscri\u00e7\u00f5es abertas &#8211; Petrolina recebe projeto Cores do Vale do S\u00e3o Francisco","datePublished":"2012-09-25T10:00:49+00:00","mainEntityOfPage":{"@id":"https:\/\/blogdofarnesio.com.br\/?p=17620"},"wordCount":404,"commentCount":0,"publisher":{"@id":"https:\/\/blogdofarnesio.com.br\/#organization"},"image":{"@id":"https:\/\/blogdofarnesio.com.br\/?p=17620#primaryimage"},"thumbnailUrl":"http:\/\/www.quersaberpolitica.com.br\/2016\/wp-content\/uploads\/2012\/12\/blogqspsarah1.jpg","inLanguage":"pt-BR","potentialAction":[{"@type":"CommentAction","name":"Comment","target":["https:\/\/blogdofarnesio.com.br\/?p=17620#respond"]}]},{"@type":"WebPage","@id":"https:\/\/blogdofarnesio.com.br\/?p=17620","url":"https:\/\/blogdofarnesio.com.br\/?p=17620","name":"Inscri\u00e7\u00f5es abertas - Petrolina recebe projeto Cores do Vale do S\u00e3o Francisco - Blog do Farn\u00e9sio","isPartOf":{"@id":"https:\/\/blogdofarnesio.com.br\/#website"},"primaryImageOfPage":{"@id":"https:\/\/blogdofarnesio.com.br\/?p=17620#primaryimage"},"image":{"@id":"https:\/\/blogdofarnesio.com.br\/?p=17620#primaryimage"},"thumbnailUrl":"http:\/\/www.quersaberpolitica.com.br\/2016\/wp-content\/uploads\/2012\/12\/blogqspsarah1.jpg","datePublished":"2012-09-25T10:00:49+00:00","breadcrumb":{"@id":"https:\/\/blogdofarnesio.com.br\/?p=17620#breadcrumb"},"inLanguage":"pt-BR","potentialAction":[{"@type":"ReadAction","target":["https:\/\/blogdofarnesio.com.br\/?p=17620"]}]},{"@type":"ImageObject","inLanguage":"pt-BR","@id":"https:\/\/blogdofarnesio.com.br\/?p=17620#primaryimage","url":"http:\/\/www.quersaberpolitica.com.br\/2016\/wp-content\/uploads\/2012\/12\/blogqspsarah1.jpg","contentUrl":"http:\/\/www.quersaberpolitica.com.br\/2016\/wp-content\/uploads\/2012\/12\/blogqspsarah1.jpg"},{"@type":"BreadcrumbList","@id":"https:\/\/blogdofarnesio.com.br\/?p=17620#breadcrumb","itemListElement":[{"@type":"ListItem","position":1,"name":"In\u00edcio","item":"https:\/\/blogdofarnesio.com.br\/"},{"@type":"ListItem","position":2,"name":"Inscri\u00e7\u00f5es abertas &#8211; Petrolina recebe projeto Cores do Vale do S\u00e3o Francisco"}]},{"@type":"WebSite","@id":"https:\/\/blogdofarnesio.com.br\/#website","url":"https:\/\/blogdofarnesio.com.br\/","name":"Blog do Farn\u00e9sio","description":"Quer Saber Pol\u00edtica?","publisher":{"@id":"https:\/\/blogdofarnesio.com.br\/#organization"},"potentialAction":[{"@type":"SearchAction","target":{"@type":"EntryPoint","urlTemplate":"https:\/\/blogdofarnesio.com.br\/?s={search_term_string}"},"query-input":{"@type":"PropertyValueSpecification","valueRequired":true,"valueName":"search_term_string"}}],"inLanguage":"pt-BR"},{"@type":"Organization","@id":"https:\/\/blogdofarnesio.com.br\/#organization","name":"Blog do Farn\u00e9sio","url":"https:\/\/blogdofarnesio.com.br\/","logo":{"@type":"ImageObject","inLanguage":"pt-BR","@id":"https:\/\/blogdofarnesio.com.br\/#\/schema\/logo\/image\/","url":"https:\/\/blogdofarnesio.com.br\/wp-content\/uploads\/2026\/03\/cropped-logo_new-1.png","contentUrl":"https:\/\/blogdofarnesio.com.br\/wp-content\/uploads\/2026\/03\/cropped-logo_new-1.png","width":881,"height":685,"caption":"Blog do Farn\u00e9sio"},"image":{"@id":"https:\/\/blogdofarnesio.com.br\/#\/schema\/logo\/image\/"},"sameAs":["https:\/\/www.facebook.com\/BlogQuerSaberPolitica\/"]}]}},"_links":{"self":[{"href":"https:\/\/blogdofarnesio.com.br\/index.php?rest_route=\/wp\/v2\/posts\/17620","targetHints":{"allow":["GET"]}}],"collection":[{"href":"https:\/\/blogdofarnesio.com.br\/index.php?rest_route=\/wp\/v2\/posts"}],"about":[{"href":"https:\/\/blogdofarnesio.com.br\/index.php?rest_route=\/wp\/v2\/types\/post"}],"replies":[{"embeddable":true,"href":"https:\/\/blogdofarnesio.com.br\/index.php?rest_route=%2Fwp%2Fv2%2Fcomments&post=17620"}],"version-history":[{"count":0,"href":"https:\/\/blogdofarnesio.com.br\/index.php?rest_route=\/wp\/v2\/posts\/17620\/revisions"}],"wp:attachment":[{"href":"https:\/\/blogdofarnesio.com.br\/index.php?rest_route=%2Fwp%2Fv2%2Fmedia&parent=17620"}],"wp:term":[{"taxonomy":"category","embeddable":true,"href":"https:\/\/blogdofarnesio.com.br\/index.php?rest_route=%2Fwp%2Fv2%2Fcategories&post=17620"},{"taxonomy":"post_tag","embeddable":true,"href":"https:\/\/blogdofarnesio.com.br\/index.php?rest_route=%2Fwp%2Fv2%2Ftags&post=17620"}],"curies":[{"name":"wp","href":"https:\/\/api.w.org\/{rel}","templated":true}]}}